{"id":117955,"date":"2020-02-17T11:46:36","date_gmt":"2020-02-17T10:46:36","guid":{"rendered":"https:\/\/www.radiopiu.net\/wordpress\/?p=117955"},"modified":"2020-02-17T11:47:36","modified_gmt":"2020-02-17T10:47:36","slug":"elezioni-provinciali-de-carlo-ottimo-risultato-per-bogana-e-fdi-subito-vertice-di-centrodestra-e-poi-incontro-con-il-presidente-padrin","status":"publish","type":"post","link":"https:\/\/www.radiopiu.net\/wordpress\/elezioni-provinciali-de-carlo-ottimo-risultato-per-bogana-e-fdi-subito-vertice-di-centrodestra-e-poi-incontro-con-il-presidente-padrin\/","title":{"rendered":"Elezioni provinciali. De Carlo: \u201cOttimo risultato per Bogana e FdI. Subito vertice di centrodestra e poi incontro con il presidente Padrin\u201d"},"content":{"rendered":"<p>&nbsp;<\/p>\n<p><a class=\"dt-pswp-item\" href=\"https:\/\/www.radiopiu.net\/wordpress\/wp-content\/uploads\/2020\/02\/Serenella_Bogana.jpg\" data-dt-img-description=\"\" data-large_image_width=\"445\" data-large_image_height=\"664\"><img loading=\"lazy\" decoding=\"async\" class=\"size-medium wp-image-117956 alignleft\" src=\"https:\/\/www.radiopiu.net\/wordpress\/wp-content\/uploads\/2020\/02\/Serenella_Bogana-201x300.jpg\" alt=\"\" width=\"201\" height=\"300\" srcset=\"https:\/\/www.radiopiu.net\/wordpress\/wp-content\/uploads\/2020\/02\/Serenella_Bogana-201x300.jpg 201w, https:\/\/www.radiopiu.net\/wordpress\/wp-content\/uploads\/2020\/02\/Serenella_Bogana.jpg 445w\" sizes=\"auto, (max-width: 201px) 100vw, 201px\" \/><\/a>Grande risultato per Fratelli d&#8217;Italia e Serenella Bogana; una dura critica al sistema elettorale di secondo grado per le province; la convocazione di un vertice del centrodestra con un colloquio col presidente Padrin: questi i punti dell&#8217;analisi del deputato FdI e sindaco di Calalzo di Cadore, Luca De Carlo, all&#8217;indomani delle elezioni per il rinnovo del consiglio provinciale di Belluno.<\/p>\n<p><em>\u201cVoglio sottolineare l&#8217;ottimo risultato di Serenella Bogana, che \u00e8 risultata il secondo consigliere pi\u00f9 votato in assoluto, con voti ben distribuiti tra i comuni pi\u00f9 grossi, quelli di medie dimensioni e le piccole realt\u00e0\u201d, commenta De Carlo. \u201cSerenella si conferma un&#8217;amministratrice stimata e apprezzata, un personaggio di alto livello per Fratelli d&#8217;Italia che si dimostra partito in crescita e radicato sul territorio\u201d.<\/em><\/p>\n<blockquote><p>De Carlo critica il sistema elettorale dell&#8217;ente: \u201cQuesto sistema non consente ai candidati e ai partiti di poter prendere i voti direttamente dai cittadini. Oggi il destino politico della Provincia \u00e8 nelle mani dei soli sindaci e consiglieri comunali: spero che questa sia stata l&#8217;ultima volta\u201d.<br \/>\nInfine, l&#8217;analisi sul risultato: \u201cLa vittoria del centrosinistra era scontata, visto che il sistema premia con voti pi\u00f9 pesanti i comuni pi\u00f9 grossi, nel Bellunese amministrati dal centrosinistra\u201d, spiega De Carlo. \u201cMeno scontata era l&#8217;aggiudicazione di quattro seggi ai consiglieri del centrodestra: per questo, \u00e8 necessario convocare subito un vertice per definire posizioni univoche sulle questioni chiave e poi andare a colloquio col presidente Padrin. Dovr\u00e0 prendere atto che, se la parola venisse data agli elettori, il centrodestra in provincia avrebbe ampia maggioranza e quindi dovr\u00e0 agire di conseguenza\u201d.<\/p><\/blockquote>\n","protected":false},"excerpt":{"rendered":"<p>&nbsp; Grande risultato per Fratelli d&#8217;Italia e Serenella Bogana; una dura critica al sistema elettorale di secondo grado per le province; la convocazione di un vertice del centrodestra con un colloquio col presidente Padrin: questi i punti dell&#8217;analisi del deputato FdI e sindaco di Calalzo di Cadore, Luca De Carlo, all&#8217;indomani delle elezioni per il&hellip;<\/p>\n","protected":false},"author":1,"featured_media":117956,"comment_status":"closed","ping_status":"closed","sticky":false,"template":"","format":"standard","meta":{"_monsterinsights_skip_tracking":false,"_monsterinsights_sitenote_active":false,"_monsterinsights_sitenote_note":"","_monsterinsights_sitenote_category":0,"footnotes":""},"categories":[1,49],"tags":[],"class_list":["post-117955","post","type-post","status-publish","format-standard","has-post-thumbnail","hentry","category-senza-categoria","category-news-18","category-1","category-49","description-off"],"img_url":"https:\/\/www.radiopiu.net\/wordpress\/wp-content\/uploads\/2020\/02\/Serenella_Bogana.jpg","_links":{"self":[{"href":"https:\/\/www.radiopiu.net\/wordpress\/wp-json\/wp\/v2\/posts\/117955","targetHints":{"allow":["GET"]}}],"collection":[{"href":"https:\/\/www.radiopiu.net\/wordpress\/wp-json\/wp\/v2\/posts"}],"about":[{"href":"https:\/\/www.radiopiu.net\/wordpress\/wp-json\/wp\/v2\/types\/post"}],"author":[{"embeddable":true,"href":"https:\/\/www.radiopiu.net\/wordpress\/wp-json\/wp\/v2\/users\/1"}],"replies":[{"embeddable":true,"href":"https:\/\/www.radiopiu.net\/wordpress\/wp-json\/wp\/v2\/comments?post=117955"}],"version-history":[{"count":0,"href":"https:\/\/www.radiopiu.net\/wordpress\/wp-json\/wp\/v2\/posts\/117955\/revisions"}],"wp:featuredmedia":[{"embeddable":true,"href":"https:\/\/www.radiopiu.net\/wordpress\/wp-json\/wp\/v2\/media\/117956"}],"wp:attachment":[{"href":"https:\/\/www.radiopiu.net\/wordpress\/wp-json\/wp\/v2\/media?parent=117955"}],"wp:term":[{"taxonomy":"category","embeddable":true,"href":"https:\/\/www.radiopiu.net\/wordpress\/wp-json\/wp\/v2\/categories?post=117955"},{"taxonomy":"post_tag","embeddable":true,"href":"https:\/\/www.radiopiu.net\/wordpress\/wp-json\/wp\/v2\/tags?post=117955"}],"curies":[{"name":"wp","href":"https:\/\/api.w.org\/{rel}","templated":true}]}}