{"id":118030,"date":"2020-02-17T16:58:38","date_gmt":"2020-02-17T15:58:38","guid":{"rendered":"https:\/\/www.radiopiu.net\/wordpress\/?p=118030"},"modified":"2020-02-17T19:32:01","modified_gmt":"2020-02-17T18:32:01","slug":"marrone","status":"publish","type":"post","link":"https:\/\/www.radiopiu.net\/wordpress\/marrone\/","title":{"rendered":"E&#8217; MANCATO ANTONIO MARRONE, CONSIGLIERE COMUNALE E VOLONTARIO"},"content":{"rendered":"<p>&nbsp;<\/p>\n<p><strong><a class=\"dt-pswp-item\" href=\"https:\/\/www.radiopiu.net\/wordpress\/wp-content\/uploads\/2020\/02\/81490528_2521517681509080_1275870608516710400_n.jpg\" data-dt-img-description=\"\" data-large_image_width=\"160\" data-large_image_height=\"160\"><img loading=\"lazy\" decoding=\"async\" class=\" wp-image-118052 alignleft\" src=\"https:\/\/www.radiopiu.net\/wordpress\/wp-content\/uploads\/2020\/02\/81490528_2521517681509080_1275870608516710400_n.jpg\" alt=\"\" width=\"118\" height=\"118\" srcset=\"https:\/\/www.radiopiu.net\/wordpress\/wp-content\/uploads\/2020\/02\/81490528_2521517681509080_1275870608516710400_n.jpg 160w, https:\/\/www.radiopiu.net\/wordpress\/wp-content\/uploads\/2020\/02\/81490528_2521517681509080_1275870608516710400_n-150x150.jpg 150w\" sizes=\"auto, (max-width: 118px) 100vw, 118px\" \/><\/a><\/strong><\/p>\n<p>&nbsp;<\/p>\n<p><strong>BELLUNO<\/strong> Alle 16,20 di oggi Antonio Marrone \u00e8 &#8220;andato avanti&#8221;.\u00a0 La famiglia ringrazia per la vicinanza.<\/p>\n<p>&nbsp;<\/p>\n<p><strong>IL RICORDO DI DARIO BOND <\/strong><\/p>\n<audio class=\"wp-audio-shortcode\" id=\"audio-118030-1\" preload=\"none\" style=\"width: 100%;\" controls=\"controls\"><source type=\"audio\/mpeg\" src=\"https:\/\/www.radiopiu.net\/wordpress\/wp-content\/uploads\/2020\/02\/BOND-5.mp3?_=1\" \/><a href=\"https:\/\/www.radiopiu.net\/wordpress\/wp-content\/uploads\/2020\/02\/BOND-5.mp3\">https:\/\/www.radiopiu.net\/wordpress\/wp-content\/uploads\/2020\/02\/BOND-5.mp3<\/a><\/audio>\n<p>&nbsp;<\/p>\n<p><strong>Il Sindaco di Belluno si unisce al cordoglio della famiglia per la scomparsa di Antonio Marrone, professionista e amministratore molto attivo e noto in citt\u00e0, gi\u00e0 assessore e consigliere comunale nel capoluogo e consigliere provinciale. <\/strong><strong>\u00abHo avuto modo di confrontarmi con Marrone in consiglio comunale, quando tra il 2007 e il 2012 sedevamo sui due fronti opposti;\u00a0 nonostante le differenti visioni politiche, ci siamo sempre confrontati con rispetto e lealt\u00e0: il mio ricordo \u00e8 quello di una persona sempre corretta e costruttiva. Mi dispiace quindi per la Citt\u00e0 di Belluno e mi unisco alla famiglia in questo momento di grande dolore<\/strong><\/p>\n","protected":false},"excerpt":{"rendered":"<p>&nbsp; &nbsp; BELLUNO Alle 16,20 di oggi Antonio Marrone \u00e8 &#8220;andato avanti&#8221;.\u00a0 La famiglia ringrazia per la vicinanza. &nbsp; IL RICORDO DI DARIO BOND &nbsp; Il Sindaco di Belluno si unisce al cordoglio della famiglia per la scomparsa di Antonio Marrone, professionista e amministratore molto attivo e noto in citt\u00e0, gi\u00e0 assessore e consigliere comunale&hellip;<\/p>\n","protected":false},"author":1,"featured_media":118053,"comment_status":"closed","ping_status":"closed","sticky":false,"template":"","format":"standard","meta":{"_monsterinsights_skip_tracking":false,"_monsterinsights_sitenote_active":false,"_monsterinsights_sitenote_note":"","_monsterinsights_sitenote_category":0,"footnotes":""},"categories":[49],"tags":[],"class_list":["post-118030","post","type-post","status-publish","format-standard","has-post-thumbnail","hentry","category-news-18","category-49","description-off"],"img_url":"https:\/\/www.radiopiu.net\/wordpress\/wp-content\/uploads\/2020\/02\/81490528_2521517681509080_1275870608516710400_n-1.jpg","_links":{"self":[{"href":"https:\/\/www.radiopiu.net\/wordpress\/wp-json\/wp\/v2\/posts\/118030","targetHints":{"allow":["GET"]}}],"collection":[{"href":"https:\/\/www.radiopiu.net\/wordpress\/wp-json\/wp\/v2\/posts"}],"about":[{"href":"https:\/\/www.radiopiu.net\/wordpress\/wp-json\/wp\/v2\/types\/post"}],"author":[{"embeddable":true,"href":"https:\/\/www.radiopiu.net\/wordpress\/wp-json\/wp\/v2\/users\/1"}],"replies":[{"embeddable":true,"href":"https:\/\/www.radiopiu.net\/wordpress\/wp-json\/wp\/v2\/comments?post=118030"}],"version-history":[{"count":0,"href":"https:\/\/www.radiopiu.net\/wordpress\/wp-json\/wp\/v2\/posts\/118030\/revisions"}],"wp:featuredmedia":[{"embeddable":true,"href":"https:\/\/www.radiopiu.net\/wordpress\/wp-json\/wp\/v2\/media\/118053"}],"wp:attachment":[{"href":"https:\/\/www.radiopiu.net\/wordpress\/wp-json\/wp\/v2\/media?parent=118030"}],"wp:term":[{"taxonomy":"category","embeddable":true,"href":"https:\/\/www.radiopiu.net\/wordpress\/wp-json\/wp\/v2\/categories?post=118030"},{"taxonomy":"post_tag","embeddable":true,"href":"https:\/\/www.radiopiu.net\/wordpress\/wp-json\/wp\/v2\/tags?post=118030"}],"curies":[{"name":"wp","href":"https:\/\/api.w.org\/{rel}","templated":true}]}}