{"id":118076,"date":"2020-02-17T20:07:02","date_gmt":"2020-02-17T19:07:02","guid":{"rendered":"https:\/\/www.radiopiu.net\/wordpress\/?p=118076"},"modified":"2020-02-17T20:07:02","modified_gmt":"2020-02-17T19:07:02","slug":"la-professione-del-preparatore-atletico-dalla-programmazione-al-campo-passando-dallinterazione-con-atleti-e-staff","status":"publish","type":"post","link":"https:\/\/www.radiopiu.net\/wordpress\/la-professione-del-preparatore-atletico-dalla-programmazione-al-campo-passando-dallinterazione-con-atleti-e-staff\/","title":{"rendered":"\u201cLa professione del Preparatore Atletico: dalla programmazione al campo passando dall\u2019interazione con atleti e staff\u201d"},"content":{"rendered":"<p>&nbsp;<\/p>\n<p>&nbsp;<\/p>\n<p><strong><a class=\"dt-pswp-item\" href=\"https:\/\/www.radiopiu.net\/wordpress\/wp-content\/uploads\/2020\/02\/15936885_748434531985956_6251999130008167725_o.jpg\" data-dt-img-description=\"\" data-large_image_width=\"2048\" data-large_image_height=\"1808\"><img loading=\"lazy\" decoding=\"async\" class=\"size-medium wp-image-118077 alignleft\" src=\"https:\/\/www.radiopiu.net\/wordpress\/wp-content\/uploads\/2020\/02\/15936885_748434531985956_6251999130008167725_o-300x265.jpg\" alt=\"\" width=\"300\" height=\"265\" srcset=\"https:\/\/www.radiopiu.net\/wordpress\/wp-content\/uploads\/2020\/02\/15936885_748434531985956_6251999130008167725_o-300x265.jpg 300w, https:\/\/www.radiopiu.net\/wordpress\/wp-content\/uploads\/2020\/02\/15936885_748434531985956_6251999130008167725_o-1024x904.jpg 1024w, https:\/\/www.radiopiu.net\/wordpress\/wp-content\/uploads\/2020\/02\/15936885_748434531985956_6251999130008167725_o-768x678.jpg 768w, https:\/\/www.radiopiu.net\/wordpress\/wp-content\/uploads\/2020\/02\/15936885_748434531985956_6251999130008167725_o-1536x1356.jpg 1536w, https:\/\/www.radiopiu.net\/wordpress\/wp-content\/uploads\/2020\/02\/15936885_748434531985956_6251999130008167725_o.jpg 2048w\" sizes=\"auto, (max-width: 300px) 100vw, 300px\" \/><\/a>AGORDO<\/strong> L\u2019Istituto d\u2019Istruzione Superiore \u201cFollador \u2013 De Rossi\u201d presenta la conferenza \u201cLa professione del Preparatore Atletico: dalla programmazione al campo passando dall\u2019interazione con atleti e staff\u201d che si terr\u00e0 presso il nostro Istituto gioved\u00ec 20 febbraio 2020 dalle ore 10:00 alle ore 13:00. La conferenza \u00e8 indirizzata agli studenti degli ultimi tre anni del Liceo Scientifico ad Indirizzo Sportivo dell\u2019IIS Follador de Rossi di Agordo\/Falcade e si inserisce, oltre che negli argomenti curricolari, come ad esempio la <strong><a class=\"dt-pswp-item\" href=\"https:\/\/www.radiopiu.net\/wordpress\/wp-content\/uploads\/2019\/08\/follador2.jpg\" data-dt-img-description=\"\" data-large_image_width=\"1599\" data-large_image_height=\"799\"><img loading=\"lazy\" decoding=\"async\" class=\"size-medium wp-image-95030 alignright\" src=\"https:\/\/www.radiopiu.net\/wordpress\/wp-content\/uploads\/2019\/08\/follador2-300x150.jpg\" alt=\"\" width=\"300\" height=\"150\" srcset=\"https:\/\/www.radiopiu.net\/wordpress\/wp-content\/uploads\/2019\/08\/follador2-300x150.jpg 300w, https:\/\/www.radiopiu.net\/wordpress\/wp-content\/uploads\/2019\/08\/follador2-768x384.jpg 768w, https:\/\/www.radiopiu.net\/wordpress\/wp-content\/uploads\/2019\/08\/follador2-1024x512.jpg 1024w, https:\/\/www.radiopiu.net\/wordpress\/wp-content\/uploads\/2019\/08\/follador2.jpg 1599w\" sizes=\"auto, (max-width: 300px) 100vw, 300px\" \/><\/a><\/strong>programmazione dell\u2019allenamento, la metodologia dell\u2019allenamento sportivo, la modulazione del carico di allenamento ecc&#8230; anche nel progetto di Precorsi per le Competenze Trasversali e l\u2019Orientamento (PCTO) che ha come obiettivo il far conoscere i diversi percorsi lavorativi che i diplomati potrebbero intraprendere attraverso la conoscenza, ma anche la sperimentazione diretta, di professioni e mansioni particolari, ma sempre nell\u2019ambito sportivo. Per far questo l\u2019Istituto si \u00e8 dotato, da due anni a questa parte, di due laboratori che permettono agli studenti del secondo biennio e del quinto anno di conoscere il mondo del lavoro che gira attorno alle palestre e ad alcune professioni dello sport e del fitness. Si tratta, in buona sostanza, di una sala pesi completa, anche se non molto ampia, e di un laboratorio\/palestra dove svolgere alcuni test posturali, alcune misurazioni antropometriche ed \u201cLa professione del Preparatore Atletico: dalla programmazione al campo passando dall\u2019interazione con atleti e staff\u201d<\/p>\n<p>&nbsp;<\/p>\n","protected":false},"excerpt":{"rendered":"<p>&nbsp; &nbsp; AGORDO L\u2019Istituto d\u2019Istruzione Superiore \u201cFollador \u2013 De Rossi\u201d presenta la conferenza \u201cLa professione del Preparatore Atletico: dalla programmazione al campo passando dall\u2019interazione con atleti e staff\u201d che si terr\u00e0 presso il nostro Istituto gioved\u00ec 20 febbraio 2020 dalle ore 10:00 alle ore 13:00. La conferenza \u00e8 indirizzata agli studenti degli ultimi tre anni&hellip;<\/p>\n","protected":false},"author":1,"featured_media":118077,"comment_status":"closed","ping_status":"closed","sticky":false,"template":"","format":"standard","meta":{"_monsterinsights_skip_tracking":false,"_monsterinsights_sitenote_active":false,"_monsterinsights_sitenote_note":"","_monsterinsights_sitenote_category":0,"footnotes":""},"categories":[49],"tags":[],"class_list":["post-118076","post","type-post","status-publish","format-standard","has-post-thumbnail","hentry","category-news-18","category-49","description-off"],"img_url":"https:\/\/www.radiopiu.net\/wordpress\/wp-content\/uploads\/2020\/02\/15936885_748434531985956_6251999130008167725_o.jpg","_links":{"self":[{"href":"https:\/\/www.radiopiu.net\/wordpress\/wp-json\/wp\/v2\/posts\/118076","targetHints":{"allow":["GET"]}}],"collection":[{"href":"https:\/\/www.radiopiu.net\/wordpress\/wp-json\/wp\/v2\/posts"}],"about":[{"href":"https:\/\/www.radiopiu.net\/wordpress\/wp-json\/wp\/v2\/types\/post"}],"author":[{"embeddable":true,"href":"https:\/\/www.radiopiu.net\/wordpress\/wp-json\/wp\/v2\/users\/1"}],"replies":[{"embeddable":true,"href":"https:\/\/www.radiopiu.net\/wordpress\/wp-json\/wp\/v2\/comments?post=118076"}],"version-history":[{"count":0,"href":"https:\/\/www.radiopiu.net\/wordpress\/wp-json\/wp\/v2\/posts\/118076\/revisions"}],"wp:featuredmedia":[{"embeddable":true,"href":"https:\/\/www.radiopiu.net\/wordpress\/wp-json\/wp\/v2\/media\/118077"}],"wp:attachment":[{"href":"https:\/\/www.radiopiu.net\/wordpress\/wp-json\/wp\/v2\/media?parent=118076"}],"wp:term":[{"taxonomy":"category","embeddable":true,"href":"https:\/\/www.radiopiu.net\/wordpress\/wp-json\/wp\/v2\/categories?post=118076"},{"taxonomy":"post_tag","embeddable":true,"href":"https:\/\/www.radiopiu.net\/wordpress\/wp-json\/wp\/v2\/tags?post=118076"}],"curies":[{"name":"wp","href":"https:\/\/api.w.org\/{rel}","templated":true}]}}