{"id":118080,"date":"2020-02-17T23:59:32","date_gmt":"2020-02-17T22:59:32","guid":{"rendered":"https:\/\/www.radiopiu.net\/wordpress\/?p=118080"},"modified":"2020-02-18T06:17:12","modified_gmt":"2020-02-18T05:17:12","slug":"tho","status":"publish","type":"post","link":"https:\/\/www.radiopiu.net\/wordpress\/tho\/","title":{"rendered":"THOMAS SERAFINI CAMPIONE ITALIANO NEI 1500 METRI INDOOR AD ANCONA"},"content":{"rendered":"<p class=\"p1\"><span class=\"s1\">Thomas Serafini, bellunese ma con mamma e pap\u00e0 di origini agordine, ha vinto il Campionato Italiano Indor ad Ancona nei 1500 metri. L\u2019atleta dell\u2019Athletic Club Firex Belluno si \u00e8 imposto nella gara nelle Marche concludendo la prova con il tempo di 4\u201904\u201d33 staccando di 12 centesimi il secondo arrivato. Classe 2003, il pap\u00e0 \u00e8 originario di Falcade mentre la mamma \u00e8 di Arabba. Thomas si \u00e8 specializzato nei 1500 metri ed ha avuto anche dei buoni risulti, specialmente nell\u2019ultimo periodo. La passione per l\u2019atletica \u00e8 iniziata con le prime gare di corsa campestre, poi il salto di qualit\u00e0 specializzandosi nelle discipline su pista. E\u2019 tesserato FIDAL dal 2011 ed \u00e8 allenato da Roberto Celato. Domenica \u00e8 arrivato il titolo italiano al Palaindor di Ancona che lo ha visto nelle prime posizioni per gran parte della gara. Nel finale uno sprint a tre, con Serafini che sul rettilineo finale ingrana la marcia giusta beffando per pochi centimetri il diretto avversario. Non solo la vittoria ma con il tempo di 4\u201904\u201d33 fa il primato stagionale di categoria. Thomas studia al Liceo Scentifico Galilei di Belluno e tra i risultati ottenuti spicca la vittoria del Campionato Italiano di corsa campestre CSI nel 2018. Sempre nello stesso anno un quarto posto nei 2000 metri FIDAL nazionali a Rieti e lo scorso anno ha partecipato sempre agli italiani ad Agropoli nei 1500<span class=\"Apple-converted-space\">\u00a0 <\/span>e 3000 metri.<\/span><\/p>\n<p><strong>LA FOTOGALLERY DI DOMENICA AD ANCONA<\/strong><\/p>\n\n\t\t\t<style type='text\/css'>\n\t\t\t\t#gallery-1 {\n\t\t\t\t\tmargin: auto;\n\t\t\t\t}\n\t\t\t\t#gallery-1 .gallery-item {\n\t\t\t\t\tfloat: left;\n\t\t\t\t\tmargin-top: 10px;\n\t\t\t\t\ttext-align: center;\n\t\t\t\t\twidth: 33%;\n\t\t\t\t}\n\t\t\t\t#gallery-1 img {\n\t\t\t\t\tborder: 2px solid #cfcfcf;\n\t\t\t\t}\n\t\t\t\t#gallery-1 .gallery-caption {\n\t\t\t\t\tmargin-left: 0;\n\t\t\t\t}\n\t\t\t\t\/* see gallery_shortcode() in wp-includes\/media.php *\/\n\t\t\t<\/style>\n\t\t<div id='gallery-1' class='dt-gallery-container gallery galleryid-118080 gallery-columns-3 gallery-size-medium'><dl class='gallery-item'>\n\t\t\t\t<dt class='gallery-icon portrait'>\n\t\t\t\t\t<a class=\"rollover\" href='https:\/\/www.radiopiu.net\/wordpress\/tho\/whatsapp-image-2020-02-17-at-20-31-00-1\/'><img loading=\"lazy\" decoding=\"async\" width=\"225\" height=\"300\" src=\"https:\/\/www.radiopiu.net\/wordpress\/wp-content\/uploads\/2020\/02\/WhatsApp-Image-2020-02-17-at-20.31.00-1-225x300.jpeg\" class=\"attachment-medium size-medium\" alt=\"\" srcset=\"https:\/\/www.radiopiu.net\/wordpress\/wp-content\/uploads\/2020\/02\/WhatsApp-Image-2020-02-17-at-20.31.00-1-225x300.jpeg 225w, https:\/\/www.radiopiu.net\/wordpress\/wp-content\/uploads\/2020\/02\/WhatsApp-Image-2020-02-17-at-20.31.00-1-768x1024.jpeg 768w, https:\/\/www.radiopiu.net\/wordpress\/wp-content\/uploads\/2020\/02\/WhatsApp-Image-2020-02-17-at-20.31.00-1-1152x1536.jpeg 1152w, https:\/\/www.radiopiu.net\/wordpress\/wp-content\/uploads\/2020\/02\/WhatsApp-Image-2020-02-17-at-20.31.00-1.jpeg 1200w\" sizes=\"auto, (max-width: 225px) 100vw, 225px\" \/><\/a>\n\t\t\t\t<\/dt><\/dl><dl class='gallery-item'>\n\t\t\t\t<dt class='gallery-icon portrait'>\n\t\t\t\t\t<a class=\"rollover\" href='https:\/\/www.radiopiu.net\/wordpress\/tho\/whatsapp-image-2020-02-17-at-20-31-00\/'><img loading=\"lazy\" decoding=\"async\" width=\"225\" height=\"300\" src=\"https:\/\/www.radiopiu.net\/wordpress\/wp-content\/uploads\/2020\/02\/WhatsApp-Image-2020-02-17-at-20.31.00-225x300.jpeg\" class=\"attachment-medium size-medium\" alt=\"\" srcset=\"https:\/\/www.radiopiu.net\/wordpress\/wp-content\/uploads\/2020\/02\/WhatsApp-Image-2020-02-17-at-20.31.00-225x300.jpeg 225w, https:\/\/www.radiopiu.net\/wordpress\/wp-content\/uploads\/2020\/02\/WhatsApp-Image-2020-02-17-at-20.31.00-768x1024.jpeg 768w, https:\/\/www.radiopiu.net\/wordpress\/wp-content\/uploads\/2020\/02\/WhatsApp-Image-2020-02-17-at-20.31.00-1152x1536.jpeg 1152w, https:\/\/www.radiopiu.net\/wordpress\/wp-content\/uploads\/2020\/02\/WhatsApp-Image-2020-02-17-at-20.31.00.jpeg 1200w\" sizes=\"auto, (max-width: 225px) 100vw, 225px\" \/><\/a>\n\t\t\t\t<\/dt><\/dl><dl class='gallery-item'>\n\t\t\t\t<dt class='gallery-icon portrait'>\n\t\t\t\t\t<a class=\"rollover\" href='https:\/\/www.radiopiu.net\/wordpress\/tho\/whatsapp-image-2020-02-17-at-20-30-59\/'><img loading=\"lazy\" decoding=\"async\" width=\"225\" height=\"300\" src=\"https:\/\/www.radiopiu.net\/wordpress\/wp-content\/uploads\/2020\/02\/WhatsApp-Image-2020-02-17-at-20.30.59-225x300.jpeg\" class=\"attachment-medium size-medium\" alt=\"\" srcset=\"https:\/\/www.radiopiu.net\/wordpress\/wp-content\/uploads\/2020\/02\/WhatsApp-Image-2020-02-17-at-20.30.59-225x300.jpeg 225w, https:\/\/www.radiopiu.net\/wordpress\/wp-content\/uploads\/2020\/02\/WhatsApp-Image-2020-02-17-at-20.30.59-768x1024.jpeg 768w, https:\/\/www.radiopiu.net\/wordpress\/wp-content\/uploads\/2020\/02\/WhatsApp-Image-2020-02-17-at-20.30.59-1152x1536.jpeg 1152w, https:\/\/www.radiopiu.net\/wordpress\/wp-content\/uploads\/2020\/02\/WhatsApp-Image-2020-02-17-at-20.30.59.jpeg 1200w\" sizes=\"auto, (max-width: 225px) 100vw, 225px\" \/><\/a>\n\t\t\t\t<\/dt><\/dl><br style=\"clear: both\" \/>\n\t\t\t<\/div>\n\n","protected":false},"excerpt":{"rendered":"<p>Thomas Serafini, bellunese ma con mamma e pap\u00e0 di origini agordine, ha vinto il Campionato Italiano Indor ad Ancona nei 1500 metri. L\u2019atleta dell\u2019Athletic Club Firex Belluno si \u00e8 imposto nella gara nelle Marche concludendo la prova con il tempo di 4\u201904\u201d33 staccando di 12 centesimi il secondo arrivato. Classe 2003, il pap\u00e0 \u00e8 originario&hellip;<\/p>\n","protected":false},"author":4,"featured_media":118084,"comment_status":"closed","ping_status":"closed","sticky":false,"template":"","format":"standard","meta":{"_monsterinsights_skip_tracking":false,"_monsterinsights_sitenote_active":false,"_monsterinsights_sitenote_note":"","_monsterinsights_sitenote_category":0,"footnotes":""},"categories":[104,49,72],"tags":[],"class_list":["post-118080","post","type-post","status-publish","format-standard","has-post-thumbnail","hentry","category-evidenza_3","category-news-18","category-sport","category-104","category-49","category-72","description-off"],"img_url":"https:\/\/www.radiopiu.net\/wordpress\/wp-content\/uploads\/2020\/02\/THOMAS-SERAFINI-ANCONA.jpg","_links":{"self":[{"href":"https:\/\/www.radiopiu.net\/wordpress\/wp-json\/wp\/v2\/posts\/118080","targetHints":{"allow":["GET"]}}],"collection":[{"href":"https:\/\/www.radiopiu.net\/wordpress\/wp-json\/wp\/v2\/posts"}],"about":[{"href":"https:\/\/www.radiopiu.net\/wordpress\/wp-json\/wp\/v2\/types\/post"}],"author":[{"embeddable":true,"href":"https:\/\/www.radiopiu.net\/wordpress\/wp-json\/wp\/v2\/users\/4"}],"replies":[{"embeddable":true,"href":"https:\/\/www.radiopiu.net\/wordpress\/wp-json\/wp\/v2\/comments?post=118080"}],"version-history":[{"count":0,"href":"https:\/\/www.radiopiu.net\/wordpress\/wp-json\/wp\/v2\/posts\/118080\/revisions"}],"wp:featuredmedia":[{"embeddable":true,"href":"https:\/\/www.radiopiu.net\/wordpress\/wp-json\/wp\/v2\/media\/118084"}],"wp:attachment":[{"href":"https:\/\/www.radiopiu.net\/wordpress\/wp-json\/wp\/v2\/media?parent=118080"}],"wp:term":[{"taxonomy":"category","embeddable":true,"href":"https:\/\/www.radiopiu.net\/wordpress\/wp-json\/wp\/v2\/categories?post=118080"},{"taxonomy":"post_tag","embeddable":true,"href":"https:\/\/www.radiopiu.net\/wordpress\/wp-json\/wp\/v2\/tags?post=118080"}],"curies":[{"name":"wp","href":"https:\/\/api.w.org\/{rel}","templated":true}]}}