{"id":118133,"date":"2020-02-18T14:41:35","date_gmt":"2020-02-18T13:41:35","guid":{"rendered":"https:\/\/www.radiopiu.net\/wordpress\/?p=118133"},"modified":"2020-02-18T14:41:35","modified_gmt":"2020-02-18T13:41:35","slug":"al-nuovo-consiglio-provinciale-buon-lavoro","status":"publish","type":"post","link":"https:\/\/www.radiopiu.net\/wordpress\/al-nuovo-consiglio-provinciale-buon-lavoro\/","title":{"rendered":"AL NUOVO CONSIGLIO PROVINCIALE: BUON LAVORO"},"content":{"rendered":"<p><a class=\"dt-pswp-item\" href=\"https:\/\/www.radiopiu.net\/wordpress\/wp-content\/uploads\/2020\/02\/IMG_0804-scaled.jpg\" data-dt-img-description=\"\" data-large_image_width=\"2560\" data-large_image_height=\"1920\"><img loading=\"lazy\" decoding=\"async\" class=\"alignnone wp-image-118135 size-large\" src=\"https:\/\/www.radiopiu.net\/wordpress\/wp-content\/uploads\/2020\/02\/IMG_0804-1024x768.jpg\" alt=\"\" width=\"1024\" height=\"768\" srcset=\"https:\/\/www.radiopiu.net\/wordpress\/wp-content\/uploads\/2020\/02\/IMG_0804-1024x768.jpg 1024w, https:\/\/www.radiopiu.net\/wordpress\/wp-content\/uploads\/2020\/02\/IMG_0804-300x225.jpg 300w, https:\/\/www.radiopiu.net\/wordpress\/wp-content\/uploads\/2020\/02\/IMG_0804-768x576.jpg 768w, https:\/\/www.radiopiu.net\/wordpress\/wp-content\/uploads\/2020\/02\/IMG_0804-1536x1152.jpg 1536w, https:\/\/www.radiopiu.net\/wordpress\/wp-content\/uploads\/2020\/02\/IMG_0804-2048x1536.jpg 2048w\" sizes=\"auto, (max-width: 1024px) 100vw, 1024px\" \/><\/a><br \/>\nSi \u00e8 tenuto questa mattina, a Palazzo Piloni, il primo incontro tra il presidente della Provincia e gli eletti al consiglio provinciale che resteranno in carica per i prossimi due anni. \u00abUn incontro conoscitivo in cui abbiamo condiviso l\u2019impegno da parte di tutti e la volont\u00e0 di collaborazione per il nostro territorio\u00bb sottolinea il presidente. \u00abNon abbiamo ancora parlato di deleghe; abbiamo invece analizzato il report consegnato al ministro Boccia nello scorso mese di dicembre. Sar\u00e0 uno dei punti da cui partire per l\u2019azione amministrativa. Proprio per questo, abbiamo inviato il documento anche alle categorie economiche, ai sindacati e ad altri portatori di interesse perch\u00e9 lo analizzino e ci presentino eventuali osservazioni. Dopodich\u00e9 porteremo quel report all\u2019approvazione degli stati generali, nel mese di aprile\u00bb.<br \/>\nIl neo nato consiglio provinciale ha anche gi\u00e0 calendarizzato i prossimi impegni. Marted\u00ec prossimo (25 febbraio) ci sar\u00e0 una nuova riunione dei consiglieri con il presidente, per definire le priorit\u00e0 programmatiche. Poi gioved\u00ec 27 (alle 15.30) il primo consiglio provinciale, con la convalida degli eletti, la nomina dei componenti dell\u2019assemblea Upi regionale, e l\u2019illustrazione del programma di governo del presidente, con l\u2019assegnazione ufficiale delle deleghe.<br \/>\n\u00abAbbiamo condiviso la necessit\u00e0 di creare alcune nuove deleghe &#8211; spiega il presidente -. In particolare per quanto riguarda le societ\u00e0 partecipate, le relazione con i Comuni, i progetti strategici e i rapporti con la Regione Veneto.\u00a0Per quanto riguarda i temi fondamentali, dovremo ragionare in maniera dettagliata sulla programmazione del Fondo Comuni di confine, sulla gara tpl che ormai arriva alla fase conclusiva, sull\u2019edilizia scolastica e sulla viabilit\u00e0, oltre ovviamente ai grandi temi dei Mondiali di Cortina e delle Olimpiadi 2026, per i quali \u00e8 necessaria una strategia territoriale. Un ragionamento a parte andr\u00e0 fatto sulla Difesa del Suolo, dove oggi abbiamo difficolt\u00e0 di personale; potremmo discutere un gioco di squadra con la Regione per la programmazione degli interventi e i finanziamenti\u00bb.<\/p>\n","protected":false},"excerpt":{"rendered":"<p>Si \u00e8 tenuto questa mattina, a Palazzo Piloni, il primo incontro tra il presidente della Provincia e gli eletti al consiglio provinciale che resteranno in carica per i prossimi due anni. \u00abUn incontro conoscitivo in cui abbiamo condiviso l\u2019impegno da parte di tutti e la volont\u00e0 di collaborazione per il nostro territorio\u00bb sottolinea il presidente.&hellip;<\/p>\n","protected":false},"author":1,"featured_media":118135,"comment_status":"closed","ping_status":"closed","sticky":false,"template":"","format":"standard","meta":{"_monsterinsights_skip_tracking":false,"_monsterinsights_sitenote_active":false,"_monsterinsights_sitenote_note":"","_monsterinsights_sitenote_category":0,"footnotes":""},"categories":[1,51,49],"tags":[],"class_list":["post-118133","post","type-post","status-publish","format-standard","has-post-thumbnail","hentry","category-senza-categoria","category-evidenza-top","category-news-18","category-1","category-51","category-49","description-off"],"img_url":"https:\/\/www.radiopiu.net\/wordpress\/wp-content\/uploads\/2020\/02\/IMG_0804-scaled.jpg","_links":{"self":[{"href":"https:\/\/www.radiopiu.net\/wordpress\/wp-json\/wp\/v2\/posts\/118133","targetHints":{"allow":["GET"]}}],"collection":[{"href":"https:\/\/www.radiopiu.net\/wordpress\/wp-json\/wp\/v2\/posts"}],"about":[{"href":"https:\/\/www.radiopiu.net\/wordpress\/wp-json\/wp\/v2\/types\/post"}],"author":[{"embeddable":true,"href":"https:\/\/www.radiopiu.net\/wordpress\/wp-json\/wp\/v2\/users\/1"}],"replies":[{"embeddable":true,"href":"https:\/\/www.radiopiu.net\/wordpress\/wp-json\/wp\/v2\/comments?post=118133"}],"version-history":[{"count":0,"href":"https:\/\/www.radiopiu.net\/wordpress\/wp-json\/wp\/v2\/posts\/118133\/revisions"}],"wp:featuredmedia":[{"embeddable":true,"href":"https:\/\/www.radiopiu.net\/wordpress\/wp-json\/wp\/v2\/media\/118135"}],"wp:attachment":[{"href":"https:\/\/www.radiopiu.net\/wordpress\/wp-json\/wp\/v2\/media?parent=118133"}],"wp:term":[{"taxonomy":"category","embeddable":true,"href":"https:\/\/www.radiopiu.net\/wordpress\/wp-json\/wp\/v2\/categories?post=118133"},{"taxonomy":"post_tag","embeddable":true,"href":"https:\/\/www.radiopiu.net\/wordpress\/wp-json\/wp\/v2\/tags?post=118133"}],"curies":[{"name":"wp","href":"https:\/\/api.w.org\/{rel}","templated":true}]}}