{"id":118138,"date":"2020-02-18T17:24:45","date_gmt":"2020-02-18T16:24:45","guid":{"rendered":"https:\/\/www.radiopiu.net\/wordpress\/?p=118138"},"modified":"2020-02-19T05:52:22","modified_gmt":"2020-02-19T04:52:22","slug":"giornale-radiopiu-19-febbraio-2020-direttore-mirko-mezzacasa","status":"publish","type":"post","link":"https:\/\/www.radiopiu.net\/wordpress\/giornale-radiopiu-19-febbraio-2020-direttore-mirko-mezzacasa\/","title":{"rendered":"GIORNALE RADIOPIU 19 FEBBRAIO 2020 DIRETTORE MIRKO MEZZACASA"},"content":{"rendered":"<h3><strong><a class=\"dt-pswp-item\" href=\"https:\/\/www.radiopiu.net\/wordpress\/wp-content\/uploads\/2020\/02\/telegram-q-ok.jpg\" data-dt-img-description=\"\" data-large_image_width=\"800\" data-large_image_height=\"800\"><img loading=\"lazy\" decoding=\"async\" class=\"wp-image-117176 alignleft\" src=\"https:\/\/www.radiopiu.net\/wordpress\/wp-content\/uploads\/2020\/02\/telegram-q-ok-300x300.jpg\" alt=\"\" width=\"103\" height=\"103\" srcset=\"https:\/\/www.radiopiu.net\/wordpress\/wp-content\/uploads\/2020\/02\/telegram-q-ok-300x300.jpg 300w, https:\/\/www.radiopiu.net\/wordpress\/wp-content\/uploads\/2020\/02\/telegram-q-ok-150x150.jpg 150w, https:\/\/www.radiopiu.net\/wordpress\/wp-content\/uploads\/2020\/02\/telegram-q-ok-768x768.jpg 768w, https:\/\/www.radiopiu.net\/wordpress\/wp-content\/uploads\/2020\/02\/telegram-q-ok.jpg 800w\" sizes=\"auto, (max-width: 103px) 100vw, 103px\" \/><\/a><\/strong><strong>PER RICEVERE QUESTO NOTIZIARIO DIRETTAMENTE SUL TUO CELLULARE ISCRIVITI AL CANALE <span style=\"color: #0000ff;\">TELEGRAM<\/span><\/strong><\/h3>\n<p><strong>&#8220;<span style=\"color: #ff0000;\">RADIO PIU\u00a0 INFORMAZIONE<span style=\"color: #000000;\">&#8221;\u00a0<\/span><\/span><\/strong><\/p>\n<p>&nbsp;<\/p>\n<p>&nbsp;<\/p>\n<hr \/>\n<h3><\/h3>\n<h2><span style=\"color: #ff0000;\">DIRETTA FACEBOOK RADIO PIU, DAL TAULAC DI PIEVE DI LIVINALLONGO<\/span><\/h2>\n<blockquote>\n<h1 style=\"text-align: left;\">&#8221; INGORDI &#8220;<\/h1>\n<\/blockquote>\n<blockquote class=\"wp-embedded-content\" data-secret=\"kQws0VoFqb\"><p><a href=\"https:\/\/www.radiopiu.net\/wordpress\/da-fodom-no-secco-al-collegamento-con-cortina-oltre-200-persone-per-la-nascita-del-comitato\/\">DA FODOM:  NO SECCO AL COLLEGAMENTO CON CORTINA, OLTRE 200 PERSONE PER LA NASCITA DEL COMITATO<\/a><\/p><\/blockquote>\n<p><iframe loading=\"lazy\" title=\"&#8220;DA FODOM:  NO SECCO AL COLLEGAMENTO CON CORTINA, OLTRE 200 PERSONE PER LA NASCITA DEL COMITATO&#8221; &#8212; Radio Pi\u00f9\" class=\"wp-embedded-content\" sandbox=\"allow-scripts\" security=\"restricted\" style=\"position: absolute; clip: rect(1px, 1px, 1px, 1px);\" src=\"https:\/\/www.radiopiu.net\/wordpress\/da-fodom-no-secco-al-collegamento-con-cortina-oltre-200-persone-per-la-nascita-del-comitato\/embed\/#?secret=kQws0VoFqb\" data-secret=\"kQws0VoFqb\" width=\"600\" height=\"338\" frameborder=\"0\" marginwidth=\"0\" marginheight=\"0\" scrolling=\"no\"><\/iframe><\/p>\n<p>&nbsp;<\/p>\n<p>&nbsp;<\/p>\n<hr \/>\n<p>&nbsp;<\/p>\n<h3><strong>563 di SALESEI tra PIAN DI SALESEI E SALESEI\u00a0<\/strong> FINO AL 21 febbraio esclusi festivi e prefestivi INTERDIZIONE TOTALE AL TRAFFICO dalle 9 alle 17 per rimozione schianti. negli altri orari senso unico con semaforo<\/h3>\n<hr \/>\n<p><strong>Autostrade per l\u2019Italia ha comunicato che per consentire l\u2019esecuzione dei lavori di ispezioni galleria, si rende necessario chiudere al traffico le seguenti rampe di svincolo<\/strong>: Chiusura A, RAMPA DI SVINCOLO IN USCITA DA PONTE NELLE ALPI PER CADOLA; Chiusura B,\u00a0 RAMPA DI SVINCOLO IN ENTRATA DA CADOLA PER VENEZIA dalle\u00a0 21 del 19 febbraio alle\u00a0 6 del 20 febbraio. I Percorsi Alternativi sono: CHIUSURA A Il traffico proveniente da SS51 (Ponte nelle Alpi) e diretto a Cadola, dovr\u00e0 proseguire sulla stessa SS 51 di Alemagna, in direzione Sud fino alla predetta localit\u00e0 CHIUSURA B Il traffico in entrata allo svincolo di Cadola e diretto a Venezia dovr\u00e0 proseguire sulla SS51 Alemagna in direzione Sud, per poi entrare in autostrada presso la Stazione A27 Fadalto-Lago Santa Croce.<\/p>\n<hr \/>\n<p>&nbsp;<\/p>\n<blockquote>\n<h3><\/h3>\n<\/blockquote>\n<blockquote>\n<h3>FUOCO A VESES, LE FOTO DEI VIGILI DEL FUOCO<\/h3>\n<\/blockquote>\n<p><strong>SAN GREGORIO <\/strong>Lunedi\u00a0nel tardo pomeriggio personale della sede di Belluno e Feltre dei vigli del fuoco\u00a0 \u00e8 intervenuto in localit\u00e0 Veses nel comune di San Gregorio nelle Alpi per l&#8217;incendio che ha interessato un vecchio edificio di 3 piani abbandonato. Le operazioni di spegnimento e successivo smassamento sono terminate circa a mezzanotte. nessuna persona coinvolta. i danni riguardano i piani superiori ed il tetto.<\/p>\n<p><a class=\"dt-pswp-item\" href=\"https:\/\/www.radiopiu.net\/wordpress\/wp-content\/uploads\/2020\/02\/incendio-velos3-scaled.jpg\" data-dt-img-description=\"\" data-large_image_width=\"2560\" data-large_image_height=\"1920\"><img loading=\"lazy\" decoding=\"async\" class=\"alignnone wp-image-118130\" src=\"https:\/\/www.radiopiu.net\/wordpress\/wp-content\/uploads\/2020\/02\/incendio-velos3-300x225.jpg\" alt=\"\" width=\"190\" height=\"142\" srcset=\"https:\/\/www.radiopiu.net\/wordpress\/wp-content\/uploads\/2020\/02\/incendio-velos3-300x225.jpg 300w, https:\/\/www.radiopiu.net\/wordpress\/wp-content\/uploads\/2020\/02\/incendio-velos3-1024x768.jpg 1024w, https:\/\/www.radiopiu.net\/wordpress\/wp-content\/uploads\/2020\/02\/incendio-velos3-768x576.jpg 768w, https:\/\/www.radiopiu.net\/wordpress\/wp-content\/uploads\/2020\/02\/incendio-velos3-1536x1152.jpg 1536w, https:\/\/www.radiopiu.net\/wordpress\/wp-content\/uploads\/2020\/02\/incendio-velos3-2048x1536.jpg 2048w\" sizes=\"auto, (max-width: 190px) 100vw, 190px\" \/><\/a><a class=\"dt-pswp-item\" href=\"https:\/\/www.radiopiu.net\/wordpress\/wp-content\/uploads\/2020\/02\/incendio-velos2-scaled.jpg\" data-dt-img-description=\"\" data-large_image_width=\"1920\" data-large_image_height=\"2560\"><img loading=\"lazy\" decoding=\"async\" class=\"alignnone wp-image-118129\" src=\"https:\/\/www.radiopiu.net\/wordpress\/wp-content\/uploads\/2020\/02\/incendio-velos2-225x300.jpg\" alt=\"\" width=\"108\" height=\"144\" srcset=\"https:\/\/www.radiopiu.net\/wordpress\/wp-content\/uploads\/2020\/02\/incendio-velos2-225x300.jpg 225w, https:\/\/www.radiopiu.net\/wordpress\/wp-content\/uploads\/2020\/02\/incendio-velos2-768x1024.jpg 768w, https:\/\/www.radiopiu.net\/wordpress\/wp-content\/uploads\/2020\/02\/incendio-velos2-1152x1536.jpg 1152w, https:\/\/www.radiopiu.net\/wordpress\/wp-content\/uploads\/2020\/02\/incendio-velos2-1536x2048.jpg 1536w, https:\/\/www.radiopiu.net\/wordpress\/wp-content\/uploads\/2020\/02\/incendio-velos2-scaled.jpg 1920w\" sizes=\"auto, (max-width: 108px) 100vw, 108px\" \/><\/a><a class=\"dt-pswp-item\" href=\"https:\/\/www.radiopiu.net\/wordpress\/wp-content\/uploads\/2020\/02\/incendio-Velos1.jpg\" data-dt-img-description=\"\" data-large_image_width=\"1280\" data-large_image_height=\"720\"><img loading=\"lazy\" decoding=\"async\" class=\"alignnone wp-image-118128\" src=\"https:\/\/www.radiopiu.net\/wordpress\/wp-content\/uploads\/2020\/02\/incendio-Velos1-300x169.jpg\" alt=\"\" width=\"251\" height=\"141\" srcset=\"https:\/\/www.radiopiu.net\/wordpress\/wp-content\/uploads\/2020\/02\/incendio-Velos1-300x169.jpg 300w, https:\/\/www.radiopiu.net\/wordpress\/wp-content\/uploads\/2020\/02\/incendio-Velos1-1024x576.jpg 1024w, https:\/\/www.radiopiu.net\/wordpress\/wp-content\/uploads\/2020\/02\/incendio-Velos1-768x432.jpg 768w, https:\/\/www.radiopiu.net\/wordpress\/wp-content\/uploads\/2020\/02\/incendio-Velos1.jpg 1280w\" sizes=\"auto, (max-width: 251px) 100vw, 251px\" \/><\/a><\/p>\n<p>&nbsp;<\/p>\n<p>&nbsp;<\/p>\n<p>&nbsp;<\/p>\n<hr \/>\n<h3><\/h3>\n<blockquote>\n<h3>OGGI IL SALUTO AL PAPA&#8217; DI GIANNI E FABIO<\/h3>\n<\/blockquote>\n<p><strong><a class=\"dt-pswp-item\" href=\"https:\/\/www.radiopiu.net\/wordpress\/wp-content\/uploads\/2020\/02\/a2768c0f-3ec2-4a32-a58e-8d6f10c7f146.jpg\" data-dt-img-description=\"\" data-large_image_width=\"720\" data-large_image_height=\"1440\"><img loading=\"lazy\" decoding=\"async\" class=\" wp-image-118035 alignleft\" src=\"https:\/\/www.radiopiu.net\/wordpress\/wp-content\/uploads\/2020\/02\/a2768c0f-3ec2-4a32-a58e-8d6f10c7f146-150x300.jpg\" alt=\"\" width=\"66\" height=\"132\" srcset=\"https:\/\/www.radiopiu.net\/wordpress\/wp-content\/uploads\/2020\/02\/a2768c0f-3ec2-4a32-a58e-8d6f10c7f146-150x300.jpg 150w, https:\/\/www.radiopiu.net\/wordpress\/wp-content\/uploads\/2020\/02\/a2768c0f-3ec2-4a32-a58e-8d6f10c7f146-512x1024.jpg 512w, https:\/\/www.radiopiu.net\/wordpress\/wp-content\/uploads\/2020\/02\/a2768c0f-3ec2-4a32-a58e-8d6f10c7f146.jpg 720w\" sizes=\"auto, (max-width: 66px) 100vw, 66px\" \/><\/a>ALLEGHE<\/strong> Un malore e la morte improvvisa. Cos\u00ec Carlo Pini\u00e8 ha lasciato nel dolore i figli Fabio e Gianni, la nuora, gli amati nipoti parenti ed amici.\u00a0 Oggi alle 14.30 i funerali nella parrocchiale di San Biagio, seguir\u00e0 la cremazione.<\/p>\n<p>&nbsp;<\/p>\n<p>&nbsp;<\/p>\n<p><strong><a class=\"dt-pswp-item\" href=\"https:\/\/www.radiopiu.net\/wordpress\/wp-content\/uploads\/2020\/02\/81490528_2521517681509080_1275870608516710400_n-1.jpg\" data-dt-img-description=\"\" data-large_image_width=\"160\" data-large_image_height=\"160\"><img loading=\"lazy\" decoding=\"async\" class=\"size-full wp-image-118053 alignright\" src=\"https:\/\/www.radiopiu.net\/wordpress\/wp-content\/uploads\/2020\/02\/81490528_2521517681509080_1275870608516710400_n-1.jpg\" alt=\"\" width=\"160\" height=\"160\" srcset=\"https:\/\/www.radiopiu.net\/wordpress\/wp-content\/uploads\/2020\/02\/81490528_2521517681509080_1275870608516710400_n-1.jpg 160w, https:\/\/www.radiopiu.net\/wordpress\/wp-content\/uploads\/2020\/02\/81490528_2521517681509080_1275870608516710400_n-1-150x150.jpg 150w\" sizes=\"auto, (max-width: 160px) 100vw, 160px\" \/><\/a>BELLUNO<\/strong> Domani alle 15.15 in Duomo in funerali di Antonio Marrone, 78 anni, scomparso lunedi all&#8217;ospedale San Martino, ex ufficiale degli Alpini, commercialista ed ex amministratore comunale nella Giunta del sindaco Bortoluzzi. Lascia le figlie Annalisa e Michela che hanno dato seguito all&#8217;impegno professionale del padre portando avanti lo studio commercialistico.<\/p>\n<p>&nbsp;<\/p>\n<p>&nbsp;<\/p>\n<hr \/>\n<p>&nbsp;<\/p>\n<p>&nbsp;<\/p>\n<blockquote>\n<h3>AL NUOVO CONSIGLIO PROVINCIALE: BUON LAVORO<\/h3>\n<p style=\"text-align: left;\"><strong>BELLUNO<\/strong> Si \u00e8 tenuto ieri mattina, a Palazzo Piloni, il primo incontro tra il presidente della Provincia e gli eletti al consiglio provinciale<\/p>\n<p><strong>di Moreno Gioli<\/strong><\/p><\/blockquote>\n<audio class=\"wp-audio-shortcode\" id=\"audio-118138-1\" preload=\"none\" style=\"width: 100%;\" controls=\"controls\"><source type=\"audio\/mpeg\" src=\"https:\/\/www.radiopiu.net\/wordpress\/wp-content\/uploads\/2020\/02\/GIOLI.mp3?_=1\" \/><a href=\"https:\/\/www.radiopiu.net\/wordpress\/wp-content\/uploads\/2020\/02\/GIOLI.mp3\">https:\/\/www.radiopiu.net\/wordpress\/wp-content\/uploads\/2020\/02\/GIOLI.mp3<\/a><\/audio>\n<p>&nbsp;<\/p>\n<blockquote><p><strong><a class=\"dt-pswp-item\" href=\"https:\/\/www.radiopiu.net\/wordpress\/wp-content\/uploads\/2020\/02\/IMG_0804-scaled.jpg\" data-dt-img-description=\"\" data-large_image_width=\"2560\" data-large_image_height=\"1920\"><img loading=\"lazy\" decoding=\"async\" class=\"wp-image-118135 alignleft\" src=\"https:\/\/www.radiopiu.net\/wordpress\/wp-content\/uploads\/2020\/02\/IMG_0804-300x225.jpg\" alt=\"\" width=\"239\" height=\"179\" srcset=\"https:\/\/www.radiopiu.net\/wordpress\/wp-content\/uploads\/2020\/02\/IMG_0804-300x225.jpg 300w, https:\/\/www.radiopiu.net\/wordpress\/wp-content\/uploads\/2020\/02\/IMG_0804-1024x768.jpg 1024w, https:\/\/www.radiopiu.net\/wordpress\/wp-content\/uploads\/2020\/02\/IMG_0804-768x576.jpg 768w, https:\/\/www.radiopiu.net\/wordpress\/wp-content\/uploads\/2020\/02\/IMG_0804-1536x1152.jpg 1536w, https:\/\/www.radiopiu.net\/wordpress\/wp-content\/uploads\/2020\/02\/IMG_0804-2048x1536.jpg 2048w\" sizes=\"auto, (max-width: 239px) 100vw, 239px\" \/><\/a><\/strong>Il neo nato consiglio provinciale ha\u00a0 calendarizzato i prossimi impegni. Marted\u00ec\u00a0 riunione dei consiglieri con il presidente e giovedi il primo consiglio.<\/p><\/blockquote>\n<p>&nbsp;<\/p>\n<p>&nbsp;<\/p>\n<p>&nbsp;<\/p>\n<p>&nbsp;<\/p>\n<p><strong>IL PRESIDENTE ROBERTO PADRIN<\/strong><\/p>\n<audio class=\"wp-audio-shortcode\" id=\"audio-118138-2\" preload=\"none\" style=\"width: 100%;\" controls=\"controls\"><source type=\"audio\/mpeg\" src=\"https:\/\/www.radiopiu.net\/wordpress\/wp-content\/uploads\/2020\/02\/PADRIN-2.mp3?_=2\" \/><a href=\"https:\/\/www.radiopiu.net\/wordpress\/wp-content\/uploads\/2020\/02\/PADRIN-2.mp3\">https:\/\/www.radiopiu.net\/wordpress\/wp-content\/uploads\/2020\/02\/PADRIN-2.mp3<\/a><\/audio>\n<p>&nbsp;<\/p>\n<p>&nbsp;<\/p>\n<hr \/>\n<p>&nbsp;<\/p>\n<p>&nbsp;<\/p>\n<h3>LA REGIONE FINANZIA PIANO DI MARKETING E PROMOZIONALE DEL NEVEGAL<\/h3>\n<p><strong>di DAMIANO TORMEN<\/strong><\/p>\n<audio class=\"wp-audio-shortcode\" id=\"audio-118138-3\" preload=\"none\" style=\"width: 100%;\" controls=\"controls\"><source type=\"audio\/mpeg\" src=\"https:\/\/www.radiopiu.net\/wordpress\/wp-content\/uploads\/2020\/02\/damiano-nevegal.mp3?_=3\" \/><a href=\"https:\/\/www.radiopiu.net\/wordpress\/wp-content\/uploads\/2020\/02\/damiano-nevegal.mp3\">https:\/\/www.radiopiu.net\/wordpress\/wp-content\/uploads\/2020\/02\/damiano-nevegal.mp3<\/a><\/audio>\n<p>&nbsp;<\/p>\n<p><strong><a class=\"dt-pswp-item\" href=\"https:\/\/www.radiopiu.net\/wordpress\/wp-content\/uploads\/2019\/08\/alpe-del-nevegal-seggiovia-1600x625.jpg\" data-dt-img-description=\"\" data-large_image_width=\"1600\" data-large_image_height=\"625\"><img loading=\"lazy\" decoding=\"async\" class=\" wp-image-94965 alignleft\" src=\"https:\/\/www.radiopiu.net\/wordpress\/wp-content\/uploads\/2019\/08\/alpe-del-nevegal-seggiovia-1600x625-300x117.jpg\" alt=\"\" width=\"254\" height=\"99\" srcset=\"https:\/\/www.radiopiu.net\/wordpress\/wp-content\/uploads\/2019\/08\/alpe-del-nevegal-seggiovia-1600x625-300x117.jpg 300w, https:\/\/www.radiopiu.net\/wordpress\/wp-content\/uploads\/2019\/08\/alpe-del-nevegal-seggiovia-1600x625-768x300.jpg 768w, https:\/\/www.radiopiu.net\/wordpress\/wp-content\/uploads\/2019\/08\/alpe-del-nevegal-seggiovia-1600x625-1024x400.jpg 1024w, https:\/\/www.radiopiu.net\/wordpress\/wp-content\/uploads\/2019\/08\/alpe-del-nevegal-seggiovia-1600x625.jpg 1600w\" sizes=\"auto, (max-width: 254px) 100vw, 254px\" \/><\/a>VENEZIA<\/strong>\u00a0 La Giunta veneta, su proposta dell\u2019assessore al turismo, ha assegnato al Comune di Belluno un contributo di 30 mila euro finalizzato all\u2019attuazione di un piano promozionale per il sostegno della stagione turistica invernale nel comprensorio sciistico del Nevegal. \u201cQuest\u2019area \u2013 spiega l\u2019assessore regionale \u2013 ha patito pi\u00f9 di altre una situazione di crisi causata dal calo di presenze e pertanto, nel proprio collegato alla legge di stabilit\u00e0, la Regione ha previsto un sostegno per rilanciare l\u2019offerta dell\u2019altopiano\u201d. \u201cIl Nevegal ha bisogno di essere rivitalizzato \u2013 conclude l\u2019assessore regionale \u2013 e attraverso il progetto marketing che ci \u00e8 stato presentato si punta in particolare a promuoverne la caratteristica di comprensorio montano vicino alla pianura, facile da raggiungere, con prezzi competitivi e adatti a una clientela che vuole avvicinarsi allo sci: una meta per le famiglie, per sciatori non esperti e in generale per chi proviene dalla nostra regione e da quelle limitrofi\u201d.<\/p>\n<p>&nbsp;<\/p>\n<p>&nbsp;<\/p>\n<hr \/>\n<h3><\/h3>\n<h3>PROSEGUONO GLI INCONTRI DEL PREFETTO IN PROVINCIA<\/h3>\n<p style=\"font-weight: 400;\"><strong>BELLUNO<\/strong> Ieri il Prefetto, Adriana Cogode, ha fatto visita al Comune di Lorenzago, dove \u00e8 stata accolta dal sindaco, Marco D\u2019Ambros, e dai membri di Giunta. Successivamente il Prefetto si \u00e8 recato ad Auronzo dove ha incontrato il sindaco, Tatiana Pais Becher ed alcuni membri della Giunta. Nel corso degli incontri il Prefetto ed i Sindaci hanno avuto modo di confrontarsi sui principali temi d\u2019interesse del territorio, con particolare riferimento a quelli legati al vivere in montagna ed alle iniziative per contrastare lo spopolamento, anche in vista dei prossimi appuntamenti internazionali che vedranno come protagonista la montagna bellunese. Il Prefetto ha confermato ai due Sindaci la piena disponibilit\u00e0 ad un confronto, aperto e costruttivo, su tutte le suddette tematiche essenziali, che riguardano \u2013 direttamente o indirettamente \u2013 la sicurezza e la coesione sociale, beni fondamentali per la comunit\u00e0.<\/p>\n\n\t\t\t<style type='text\/css'>\n\t\t\t\t#gallery-1 {\n\t\t\t\t\tmargin: auto;\n\t\t\t\t}\n\t\t\t\t#gallery-1 .gallery-item {\n\t\t\t\t\tfloat: left;\n\t\t\t\t\tmargin-top: 10px;\n\t\t\t\t\ttext-align: center;\n\t\t\t\t\twidth: 50%;\n\t\t\t\t}\n\t\t\t\t#gallery-1 img {\n\t\t\t\t\tborder: 2px solid #cfcfcf;\n\t\t\t\t}\n\t\t\t\t#gallery-1 .gallery-caption {\n\t\t\t\t\tmargin-left: 0;\n\t\t\t\t}\n\t\t\t\t\/* see gallery_shortcode() in wp-includes\/media.php *\/\n\t\t\t<\/style>\n\t\t<div id='gallery-1' class='dt-gallery-container gallery galleryid-118138 gallery-columns-2 gallery-size-medium'><dl class='gallery-item'>\n\t\t\t\t<dt class='gallery-icon portrait'>\n\t\t\t\t\t<a class=\"rollover\" href='https:\/\/www.radiopiu.net\/wordpress\/giornale-radiopiu-19-febbraio-2020-direttore-mirko-mezzacasa\/img-20200218-wa0001\/'><img loading=\"lazy\" decoding=\"async\" width=\"169\" height=\"300\" src=\"https:\/\/www.radiopiu.net\/wordpress\/wp-content\/uploads\/2020\/02\/IMG-20200218-WA0001-169x300.jpg\" class=\"attachment-medium size-medium\" alt=\"\" srcset=\"https:\/\/www.radiopiu.net\/wordpress\/wp-content\/uploads\/2020\/02\/IMG-20200218-WA0001-169x300.jpg 169w, https:\/\/www.radiopiu.net\/wordpress\/wp-content\/uploads\/2020\/02\/IMG-20200218-WA0001.jpg 270w\" sizes=\"auto, (max-width: 169px) 100vw, 169px\" \/><\/a>\n\t\t\t\t<\/dt><\/dl><dl class='gallery-item'>\n\t\t\t\t<dt class='gallery-icon landscape'>\n\t\t\t\t\t<a class=\"rollover\" href='https:\/\/www.radiopiu.net\/wordpress\/giornale-radiopiu-19-febbraio-2020-direttore-mirko-mezzacasa\/img-20200218-wa0004\/'><img loading=\"lazy\" decoding=\"async\" width=\"300\" height=\"169\" src=\"https:\/\/www.radiopiu.net\/wordpress\/wp-content\/uploads\/2020\/02\/IMG-20200218-WA0004-300x169.jpg\" class=\"attachment-medium size-medium\" alt=\"\" srcset=\"https:\/\/www.radiopiu.net\/wordpress\/wp-content\/uploads\/2020\/02\/IMG-20200218-WA0004-300x169.jpg 300w, https:\/\/www.radiopiu.net\/wordpress\/wp-content\/uploads\/2020\/02\/IMG-20200218-WA0004.jpg 640w\" sizes=\"auto, (max-width: 300px) 100vw, 300px\" \/><\/a>\n\t\t\t\t<\/dt><\/dl><br style=\"clear: both\" \/>\n\t\t\t<\/div>\n\n<p>&nbsp;<\/p>\n<hr \/>\n<p>&nbsp;<\/p>\n<p>&nbsp;<\/p>\n<blockquote>\n<h3>APERTO IL CANTIERE DI VIA PANORAMICA<\/h3>\n<\/blockquote>\n<p><strong><a class=\"dt-pswp-item\" href=\"https:\/\/www.radiopiu.net\/wordpress\/wp-content\/uploads\/2020\/02\/292faba2-1806-4aa2-b5ab-d0e8d8ac819f-1.jpg\" data-dt-img-description=\"\" data-large_image_width=\"1600\" data-large_image_height=\"1200\"><img loading=\"lazy\" decoding=\"async\" class=\" wp-image-118150 alignleft\" src=\"https:\/\/www.radiopiu.net\/wordpress\/wp-content\/uploads\/2020\/02\/292faba2-1806-4aa2-b5ab-d0e8d8ac819f-1-300x225.jpg\" alt=\"\" width=\"187\" height=\"140\" srcset=\"https:\/\/www.radiopiu.net\/wordpress\/wp-content\/uploads\/2020\/02\/292faba2-1806-4aa2-b5ab-d0e8d8ac819f-1-300x225.jpg 300w, https:\/\/www.radiopiu.net\/wordpress\/wp-content\/uploads\/2020\/02\/292faba2-1806-4aa2-b5ab-d0e8d8ac819f-1-1024x768.jpg 1024w, https:\/\/www.radiopiu.net\/wordpress\/wp-content\/uploads\/2020\/02\/292faba2-1806-4aa2-b5ab-d0e8d8ac819f-1-768x576.jpg 768w, https:\/\/www.radiopiu.net\/wordpress\/wp-content\/uploads\/2020\/02\/292faba2-1806-4aa2-b5ab-d0e8d8ac819f-1-1536x1152.jpg 1536w, https:\/\/www.radiopiu.net\/wordpress\/wp-content\/uploads\/2020\/02\/292faba2-1806-4aa2-b5ab-d0e8d8ac819f-1.jpg 1600w\" sizes=\"auto, (max-width: 187px) 100vw, 187px\" \/><\/a>FELTRE<\/strong>\u00a0 A poco pi\u00f9 di una settimana dall\u2019avvio dei lavori in via Cassie, ha aperto oggi i battenti un altro cantiere molto atteso per la viabilit\u00e0 feltrina, ovvero quello per il consolidamento e la messa in sicurezza di via Panoramica, \u00a0lavori, finanziati dal Comune di Feltre per 280 mila euro.<\/p>\n<p><strong>L&#8217;ASSESSORE AI LAVORI PUBBLICI ADIS ZATTA<\/strong><\/p>\n<p>&nbsp;<\/p>\n<audio class=\"wp-audio-shortcode\" id=\"audio-118138-4\" preload=\"none\" style=\"width: 100%;\" controls=\"controls\"><source type=\"audio\/mpeg\" src=\"https:\/\/www.radiopiu.net\/wordpress\/wp-content\/uploads\/2020\/02\/ZATTA.mp3?_=4\" \/><a href=\"https:\/\/www.radiopiu.net\/wordpress\/wp-content\/uploads\/2020\/02\/ZATTA.mp3\">https:\/\/www.radiopiu.net\/wordpress\/wp-content\/uploads\/2020\/02\/ZATTA.mp3<\/a><\/audio>\n<p>&nbsp;<\/p>\n<p><strong>VIABILITA&#8217;<\/strong><\/p>\n<p><a class=\"dt-pswp-item\" href=\"https:\/\/www.radiopiu.net\/wordpress\/wp-content\/uploads\/2020\/02\/0a0b3dab-5a91-44bc-b879-75339cdec4d6-1.jpg\" data-dt-img-description=\"\" data-large_image_width=\"1600\" data-large_image_height=\"1200\"><img loading=\"lazy\" decoding=\"async\" class=\"wp-image-118149 alignleft\" src=\"https:\/\/www.radiopiu.net\/wordpress\/wp-content\/uploads\/2020\/02\/0a0b3dab-5a91-44bc-b879-75339cdec4d6-1-300x225.jpg\" alt=\"\" width=\"185\" height=\"139\" srcset=\"https:\/\/www.radiopiu.net\/wordpress\/wp-content\/uploads\/2020\/02\/0a0b3dab-5a91-44bc-b879-75339cdec4d6-1-300x225.jpg 300w, https:\/\/www.radiopiu.net\/wordpress\/wp-content\/uploads\/2020\/02\/0a0b3dab-5a91-44bc-b879-75339cdec4d6-1-1024x768.jpg 1024w, https:\/\/www.radiopiu.net\/wordpress\/wp-content\/uploads\/2020\/02\/0a0b3dab-5a91-44bc-b879-75339cdec4d6-1-768x576.jpg 768w, https:\/\/www.radiopiu.net\/wordpress\/wp-content\/uploads\/2020\/02\/0a0b3dab-5a91-44bc-b879-75339cdec4d6-1-1536x1152.jpg 1536w, https:\/\/www.radiopiu.net\/wordpress\/wp-content\/uploads\/2020\/02\/0a0b3dab-5a91-44bc-b879-75339cdec4d6-1.jpg 1600w\" sizes=\"auto, (max-width: 185px) 100vw, 185px\" \/><\/a>Sono operative le prescrizioni alla viabilit\u00e0 che riguardano, in questa fase, soprattutto i pedoni: che riguardano, in questa fase, soprattutto i pedoni: -Nel tratto di via Saguena compreso fra l&#8217;incrocio con via Panoramica e il civico n\u00b0 1 (ingresso garage escluso): -Divieto di transito per tutti i veicoli per tutti i veicoli, cicli, motocicli e pedoni. -Nel tratto di marciapiede di via Panoramica compreso fra via Tortesen e via Saguena: \u2022 Divieto di transito per tutti i pedoni; \u2022 Deviazione del traffico pedonale diretto dalla stazione FS verso il quartiere Pasquer (lungo il marciapiede di via Panoramica), presso l&#8217;incrocio con via Cavour a seguire percorso alternativo lungo: via Cavour, via Scita via Nassa, via Borgo Ruga ecc.; \u2022 Deviazione del traffico pedonale diretto dal quartiere Pasquer verso la Stazione FS (lungo il marciapiede di via Panoramica), presso l&#8217;incrocio con via Tortesen a seguire percorso alternativo lungo: via Tortesen, via Nassa, via C. Castaldi, via Piave, ecc.;\u2022 Deviazione del traffico pedonale diretto dall&#8217;accesso sud del Campus verso via Panoramica lungo percorso alternativo: via Tortesen, via Nassa, via C. Castaldi, via Piave, ecc.<\/p>\n<p>&nbsp;<\/p>\n<p>&nbsp;<\/p>\n<hr \/>\n<h3><\/h3>\n<p>&nbsp;<\/p>\n<blockquote>\n<h3>STEFANO BERTOLDI PER L\u2019ASSOCIAZIONE CUCCHINI<\/h3>\n<p><em> Appuntamento aperto a tutti, gioved\u00ec 20 febbraio alle 20, nella sede della Cucchini (a Belluno, presso l\u2019Hospice Casa Tua Due).<\/em><\/p><\/blockquote>\n<p><strong><a class=\"dt-pswp-item\" href=\"https:\/\/www.radiopiu.net\/wordpress\/wp-content\/uploads\/2020\/02\/download-1.png\" data-dt-img-description=\"\" data-large_image_width=\"362\" data-large_image_height=\"139\"><img loading=\"lazy\" decoding=\"async\" class=\" wp-image-118152 alignleft\" src=\"https:\/\/www.radiopiu.net\/wordpress\/wp-content\/uploads\/2020\/02\/download-1-300x115.png\" alt=\"\" width=\"245\" height=\"94\" srcset=\"https:\/\/www.radiopiu.net\/wordpress\/wp-content\/uploads\/2020\/02\/download-1-300x115.png 300w, https:\/\/www.radiopiu.net\/wordpress\/wp-content\/uploads\/2020\/02\/download-1.png 362w\" sizes=\"auto, (max-width: 245px) 100vw, 245px\" \/><\/a>BELLUNO<\/strong> Assistenza ai malati in hospice, elaborazione del lutto e condivisione dei percorsi di volontariato. Sono questi i temi che l\u2019associazione Cucchini affronter\u00e0 gioved\u00ec sera, nel terzo appuntamento di formazione, dedicato appositamente ai gruppi di auto mutuo aiuto. Lo far\u00e0 con l\u2019educatore professionale Stefano Bertoldi, tra i principali esperti del tema a livello nazionale. Bertoldi, infatti, \u00e8 attivissimo da decenni su tutto quello che riguarda il concetto di auto mutuo aiuto. Tanto da aver fondato l\u2019associazione A.M.A. di Trento (con una cinquantina di gruppi attivi in tutto il Trentino) e aver collaborato alla nascita di altre undici associazioni in altrettante regioni italiane. L\u2019idea dei gruppi A.M.A., compreso quello attivato da tempo dall\u2019associazione Cucchini, \u00e8 quella di avvicinare persone unite da un\u2019esperienza comune, per condividere il proprio vissuto e confrontarsi in uno spazio di scambio e reciproco sostegno, soprattutto su ambiti che riguardano le attivit\u00e0 di assistenza in hospice. Bertoldi, autore del libro \u201cI gruppi di auto mutuo aiuto e la prevenzione del suicidio\u201d, porter\u00e0 la propria esperienza e condivider\u00e0 con i bellunesi il percorso portato avanti dall\u2019A.M.A. trentino.<\/p>\n<p>&nbsp;<\/p>\n<p>&nbsp;<\/p>\n<hr \/>\n<h3><\/h3>\n<p>&nbsp;<\/p>\n<blockquote>\n<h3>\u201cLa professione del Preparatore Atletico: dalla programmazione al campo passando dall\u2019interazione con atleti e staff\u201d<\/h3>\n<\/blockquote>\n<p><strong><a class=\"dt-pswp-item\" href=\"https:\/\/www.radiopiu.net\/wordpress\/wp-content\/uploads\/2020\/02\/15936885_748434531985956_6251999130008167725_o.jpg\" data-dt-img-description=\"\" data-large_image_width=\"2048\" data-large_image_height=\"1808\"><img loading=\"lazy\" decoding=\"async\" class=\" wp-image-118077 alignleft\" src=\"https:\/\/www.radiopiu.net\/wordpress\/wp-content\/uploads\/2020\/02\/15936885_748434531985956_6251999130008167725_o-300x265.jpg\" alt=\"\" width=\"156\" height=\"138\" srcset=\"https:\/\/www.radiopiu.net\/wordpress\/wp-content\/uploads\/2020\/02\/15936885_748434531985956_6251999130008167725_o-300x265.jpg 300w, https:\/\/www.radiopiu.net\/wordpress\/wp-content\/uploads\/2020\/02\/15936885_748434531985956_6251999130008167725_o-1024x904.jpg 1024w, https:\/\/www.radiopiu.net\/wordpress\/wp-content\/uploads\/2020\/02\/15936885_748434531985956_6251999130008167725_o-768x678.jpg 768w, https:\/\/www.radiopiu.net\/wordpress\/wp-content\/uploads\/2020\/02\/15936885_748434531985956_6251999130008167725_o-1536x1356.jpg 1536w, https:\/\/www.radiopiu.net\/wordpress\/wp-content\/uploads\/2020\/02\/15936885_748434531985956_6251999130008167725_o.jpg 2048w\" sizes=\"auto, (max-width: 156px) 100vw, 156px\" \/><\/a>AGORDO<\/strong> L\u2019Istituto d\u2019Istruzione Superiore \u201cFollador \u2013 De Rossi\u201d presenta la conferenza \u201cLa professione del Preparatore Atletico: dalla programmazione al campo passando dall\u2019interazione con atleti e staff\u201d che si terr\u00e0 presso il nostro Istituto domani\u00a0 dalle ore 10 alle 13. La conferenza \u00e8 indirizzata agli studenti degli ultimi tre anni del Liceo Scientifico ad Indirizzo Sportivo dell\u2019IIS Follador de Rossi di Agordo\/Falcade<\/p>\n<p>&nbsp;<\/p>\n<p>&nbsp;<\/p>\n<p>&nbsp;<\/p>\n<p>&nbsp;<\/p>\n<p>&nbsp;<\/p>\n<hr \/>\n<p>&nbsp;<\/p>\n<p>&nbsp;<\/p>\n<blockquote><p><strong>BELLUNO <\/strong>Cosa vuol dire vivere a Gaza? \u00a0Lo spiegher\u00e0\u00a0 chi quotidianamente si ritrova in una realt\u00e0 in precario equilibrio. Domani alle 18.30 presso la Sala Luciani a Belluno. Interverranno Fabio Zampieri Presidente Cri comitato di Belluno, Pietro Orlandi del comitato internazionale delegato per la sicurezza, Valentina Sommacal\u00a0 esperta di cooperazione internazionale. Moderatrice Romana Da Via della Cri Belluno.<\/p><\/blockquote>\n<p>&nbsp;<\/p>\n<hr \/>\n<blockquote>\n<h3><\/h3>\n<\/blockquote>\n<blockquote>\n<h2>Progetto di prevenzione del bullismo e del ciberbullismo<\/h2>\n<\/blockquote>\n<p><strong>BELLUNO<\/strong> Bisogno dei genitori e bisogni dei bambini in un mondo digitale. E&#8217; la traccia degli incontri che inizieranno domani alle 18 nell&#8217; Aula Magna della Scuola \u201cRicci\u201d.\u00a0 La partecipazione \u00e8 libera e aperta a tutti. Il parcheggio interno sar\u00e0 accessibile. Organizza l&#8217;Istituto Comprensivo1 Belluno. Domani\u00a0 \u00a0primo incontro di presentazione del progetto rivolto ai genitori dei bambini che frequentano la scuola dell\u2019infanzia e le prime classi della scuola primaria con Giorgia Dal Mas e Paola Zambelli.<\/p>\n<p>&nbsp;<\/p>\n<hr \/>\n<p>&nbsp;<\/p>\n<p>&nbsp;<\/p>\n<blockquote>\n<h2>DAI BALCANI UNA LEZIONE PER L&#8217;EUROPA<\/h2>\n<\/blockquote>\n<p style=\"text-align: left;\"><a class=\"dt-pswp-item\" href=\"https:\/\/www.radiopiu.net\/wordpress\/wp-content\/uploads\/2020\/02\/20200109_143836.jpg\" data-dt-img-description=\"\" data-large_image_width=\"1280\" data-large_image_height=\"960\"><img loading=\"lazy\" decoding=\"async\" class=\" wp-image-117996 alignleft\" src=\"https:\/\/www.radiopiu.net\/wordpress\/wp-content\/uploads\/2020\/02\/20200109_143836-300x225.jpg\" alt=\"\" width=\"209\" height=\"157\" srcset=\"https:\/\/www.radiopiu.net\/wordpress\/wp-content\/uploads\/2020\/02\/20200109_143836-300x225.jpg 300w, https:\/\/www.radiopiu.net\/wordpress\/wp-content\/uploads\/2020\/02\/20200109_143836-1024x768.jpg 1024w, https:\/\/www.radiopiu.net\/wordpress\/wp-content\/uploads\/2020\/02\/20200109_143836-768x576.jpg 768w, https:\/\/www.radiopiu.net\/wordpress\/wp-content\/uploads\/2020\/02\/20200109_143836.jpg 1280w\" sizes=\"auto, (max-width: 209px) 100vw, 209px\" \/><\/a><strong>BELLUNO<\/strong> Settimana importante per le Scuole in Rete per un Mondo di solidariet\u00e0 e Pace.\u00a0 Domani\u00a0 al teatro Comunale alla mattina\u00a0 &#8220;La scelta&#8221;, spettacolo teatrale di Marco Cortesi e Mara Moschini che racconta i perch\u00e9 e i come della guerra nella ex Jugoslavia. Alle 17:30, la presentazione del viaggio lungo i Balcani<\/p>\n<p>&nbsp;<\/p>\n<p>&nbsp;<\/p>\n<p>&nbsp;<\/p>\n<p>&nbsp;<\/p>\n<p>&nbsp;<\/p>\n<p>&nbsp;<\/p>\n<hr \/>\n<p>&nbsp;<\/p>\n<p>&nbsp;<\/p>\n<blockquote>\n<h3>ESSERE GENITORI NELLA DISABILIT\u00c0<\/h3>\n<\/blockquote>\n<p><a class=\"dt-pswp-item\" href=\"https:\/\/www.radiopiu.net\/wordpress\/wp-content\/uploads\/2020\/02\/cuciti-al-cuore.jpeg\" data-dt-img-description=\"\" data-large_image_width=\"1200\" data-large_image_height=\"600\"><img loading=\"lazy\" decoding=\"async\" class=\" wp-image-117995 alignleft\" src=\"https:\/\/www.radiopiu.net\/wordpress\/wp-content\/uploads\/2020\/02\/cuciti-al-cuore-300x150.jpeg\" alt=\"\" width=\"144\" height=\"72\" srcset=\"https:\/\/www.radiopiu.net\/wordpress\/wp-content\/uploads\/2020\/02\/cuciti-al-cuore-300x150.jpeg 300w, https:\/\/www.radiopiu.net\/wordpress\/wp-content\/uploads\/2020\/02\/cuciti-al-cuore-1024x512.jpeg 1024w, https:\/\/www.radiopiu.net\/wordpress\/wp-content\/uploads\/2020\/02\/cuciti-al-cuore-768x384.jpeg 768w, https:\/\/www.radiopiu.net\/wordpress\/wp-content\/uploads\/2020\/02\/cuciti-al-cuore.jpeg 1200w\" sizes=\"auto, (max-width: 144px) 100vw, 144px\" \/><\/a><strong>BELLUNO<\/strong>\u00a0Essere genitori nella disabilit\u00e0 \u00e8 un&#8217;abilit\u00e0 da apprendere. Pi\u00f9 facile a dirsi che a farsi e, per questo, \u00e8 necessario un confronto. Cos\u00ec Assi, associazione sociale sportiva invalidi, organizza l&#8217;incontro \u201cQuattro chiacchiere con Francesco Cannadoro\u201d, pap\u00e0 di Tommi e autore del libro &#8220;Cucitialcuore&#8221; oltre che curatore del blog www.diariodiunpadrefortunato.it. Si terr\u00e0 sabato 22 febbraio a Belluno, alle 17.30 presso la sede dell&#8217;Ana in via Tissi 10.<\/p>\n<p>&nbsp;<\/p>\n<p>&nbsp;<\/p>\n<p>&nbsp;<\/p>\n<hr \/>\n<blockquote>\n<h2><\/h2>\n<h2>IERI ALLA RADIO, LEGGERMENTE BELLUNESI DI LUISA ALCHINI<\/h2>\n<\/blockquote>\n<p>Apriamo una serie di puntate dedicate alla letteratura di montagna, iniziamo con Vincenzo Bianco che ci racconta la sua &#8220;Civetta&#8221;.<\/p>\n<audio class=\"wp-audio-shortcode\" id=\"audio-118138-5\" preload=\"none\" style=\"width: 100%;\" controls=\"controls\"><source type=\"audio\/mpeg\" src=\"https:\/\/www.radiopiu.net\/wordpress\/wp-content\/uploads\/2020\/02\/20leggermentevincenzodalbianco2020.mp3?_=5\" \/><a href=\"https:\/\/www.radiopiu.net\/wordpress\/wp-content\/uploads\/2020\/02\/20leggermentevincenzodalbianco2020.mp3\">https:\/\/www.radiopiu.net\/wordpress\/wp-content\/uploads\/2020\/02\/20leggermentevincenzodalbianco2020.mp3<\/a><\/audio>\n<p><span style=\"color: #ff0000;\">PODCAST, COLLEZIONE COMPLETA<\/span><\/p>\n<blockquote class=\"wp-embedded-content\" data-secret=\"N1UxxTuN4K\"><p><a href=\"https:\/\/www.radiopiu.net\/wordpress\/leggermente-20\/\">LEGGERmente&#8230;Bellunesi<\/a><\/p><\/blockquote>\n<p><iframe loading=\"lazy\" title=\"&#8220;LEGGERmente&#8230;Bellunesi&#8221; &#8212; Radio Pi\u00f9\" class=\"wp-embedded-content\" sandbox=\"allow-scripts\" security=\"restricted\" style=\"position: absolute; clip: rect(1px, 1px, 1px, 1px);\" src=\"https:\/\/www.radiopiu.net\/wordpress\/leggermente-20\/embed\/#?secret=N1UxxTuN4K\" data-secret=\"N1UxxTuN4K\" width=\"600\" height=\"338\" frameborder=\"0\" marginwidth=\"0\" marginheight=\"0\" scrolling=\"no\"><\/iframe><\/p>\n<h2><\/h2>\n<hr \/>\n<p>&nbsp;<\/p>\n<p>&nbsp;<\/p>\n<h2><span style=\"color: #ff0000;\">LEZIONE DI STORIA\u00a0<\/span><\/h2>\n<blockquote class=\"wp-embedded-content\" data-secret=\"RXEsVeFNVN\"><p><a href=\"https:\/\/www.radiopiu.net\/wordpress\/girolamo-costantini-di-valle-fu-il-primo-senatore-bellunese-di-renato-bona\/\">GIROLAMO COSTANTINI DI VALLE FU IL PRIMO SENATORE BELLUNESE di RENATO BONA<\/a><\/p><\/blockquote>\n<p><iframe loading=\"lazy\" title=\"&#8220;GIROLAMO COSTANTINI DI VALLE FU IL PRIMO SENATORE BELLUNESE di RENATO BONA&#8221; &#8212; Radio Pi\u00f9\" class=\"wp-embedded-content\" sandbox=\"allow-scripts\" security=\"restricted\" style=\"position: absolute; clip: rect(1px, 1px, 1px, 1px);\" src=\"https:\/\/www.radiopiu.net\/wordpress\/girolamo-costantini-di-valle-fu-il-primo-senatore-bellunese-di-renato-bona\/embed\/#?secret=RXEsVeFNVN\" data-secret=\"RXEsVeFNVN\" width=\"600\" height=\"338\" frameborder=\"0\" marginwidth=\"0\" marginheight=\"0\" scrolling=\"no\"><\/iframe><\/p>\n<p>&nbsp;<\/p>\n<p>&nbsp;<\/p>\n<p>&nbsp;<\/p>\n<p>&nbsp;<\/p>\n<p><a class=\"dt-pswp-item\" href=\"https:\/\/www.radiopiu.net\/wordpress\/wp-content\/uploads\/2018\/09\/appuntamenti.jpeg\" data-dt-img-description=\"\" data-large_image_width=\"800\" data-large_image_height=\"100\"><img loading=\"lazy\" decoding=\"async\" class=\"alignnone wp-image-61958 size-full\" src=\"https:\/\/www.radiopiu.net\/wordpress\/wp-content\/uploads\/2018\/09\/appuntamenti.jpeg\" alt=\"\" width=\"800\" height=\"100\" srcset=\"https:\/\/www.radiopiu.net\/wordpress\/wp-content\/uploads\/2018\/09\/appuntamenti.jpeg 800w, https:\/\/www.radiopiu.net\/wordpress\/wp-content\/uploads\/2018\/09\/appuntamenti-300x38.jpeg 300w, https:\/\/www.radiopiu.net\/wordpress\/wp-content\/uploads\/2018\/09\/appuntamenti-768x96.jpeg 768w\" sizes=\"auto, (max-width: 800px) 100vw, 800px\" \/><\/a><\/p>\n<p>&nbsp;<\/p>\n<p><strong>LAMON<\/strong> Venerdi alle 20.30 al centro giovani AMO di via Ferd incontro sugli affitti turistici per rafforzare l&#8217;economia locale e i redditi famigliari. Incontro rivolto ai proprietari di seconda case sfitte.<\/p>\n<p>&nbsp;<\/p>\n<hr \/>\n<p>&nbsp;<\/p>\n<p><strong>BELLUNO<\/strong> Venerdi alle 18.30 alla Mondadori Bookstore di via Mezzaterra Vito Santin, introdotto da Luciano Caniato presenta e racconta il suo libro &#8220;Te&#8217;l gnentintut de le parole&#8221; ovvero &#8220;Nel quasi niente delle parole&#8221;.<\/p>\n<p>&nbsp;<\/p>\n<hr \/>\n<p>&nbsp;<\/p>\n<p><strong>SOSPIROLO<\/strong> Venerdi alle 20.45 al centro civico presentazione del libro Barbarina e i nove colombi di Flavio Faoro e Marta Farina. <em>Albo illustrato edito da Kellermann, <\/em><br \/>\n<em>nato dalle narrazioni di una nonna feltrina al suo nipotino e divenuto immagine attraverso le visioni dell&#8217;illustratrice bellunese <\/em><em>che le hanno valso un premio prestigioso nella 12^ edizione dell'&#8221;Image of the book 2019&#8243; di Mosca.<\/em> Iniziativa della Biblioteca Civica di Sospirolo.<\/p>\n<p>&nbsp;<\/p>\n<hr \/>\n<p>&nbsp;<\/p>\n<p><strong>BELLUNO<\/strong> Venerdi 28 febbraio alle 20.20 in via Barozzi a Baldenich conferenza sul 5G. Relatore Giorgio Rossi di EcoItalia, movimento ecologista, responsabile nel settore della ricerca e sviluppo di nuove tecnologie, esperto di tecnologie etiche ambientali. Ingresso libero a tutti.<\/p>\n<p>&nbsp;<\/p>\n<hr \/>\n<p>&nbsp;<\/p>\n<p>&nbsp;<\/p>\n<h1><span style=\"color: #993366;\">CARNEVALE 2020 IN PROVINCIA\u00a0<\/span><\/h1>\n<p>&nbsp;<\/p>\n<h2>IL CARNEVALE NEL BORGO DI SOTTOGUDA<\/h2>\n<blockquote><p><strong>IL 23 FEBBRAIO LA ZINGHENESTA<\/strong><\/p><\/blockquote>\n<p><strong><a class=\"dt-pswp-item\" href=\"https:\/\/www.radiopiu.net\/wordpress\/wp-content\/uploads\/2020\/02\/Zinghenesta-2017-sfilata-lungo-vie-di-Canale-dAgordo.jpg\" data-dt-img-description=\"\" data-large_image_width=\"1500\" data-large_image_height=\"1000\"><img loading=\"lazy\" decoding=\"async\" class=\"size-medium wp-image-118162 alignleft\" src=\"https:\/\/www.radiopiu.net\/wordpress\/wp-content\/uploads\/2020\/02\/Zinghenesta-2017-sfilata-lungo-vie-di-Canale-dAgordo-300x200.jpg\" alt=\"\" width=\"300\" height=\"200\" srcset=\"https:\/\/www.radiopiu.net\/wordpress\/wp-content\/uploads\/2020\/02\/Zinghenesta-2017-sfilata-lungo-vie-di-Canale-dAgordo-300x200.jpg 300w, https:\/\/www.radiopiu.net\/wordpress\/wp-content\/uploads\/2020\/02\/Zinghenesta-2017-sfilata-lungo-vie-di-Canale-dAgordo-1024x683.jpg 1024w, https:\/\/www.radiopiu.net\/wordpress\/wp-content\/uploads\/2020\/02\/Zinghenesta-2017-sfilata-lungo-vie-di-Canale-dAgordo-768x512.jpg 768w, https:\/\/www.radiopiu.net\/wordpress\/wp-content\/uploads\/2020\/02\/Zinghenesta-2017-sfilata-lungo-vie-di-Canale-dAgordo.jpg 1500w\" sizes=\"auto, (max-width: 300px) 100vw, 300px\" \/><\/a>CANALE D&#8217;AGORDO <\/strong>Ritorna la Zinghenesta, la tradizionale festa in maschera che il Comitato La Zinghenesta di Canale d\u2019Agordo (Belluno) ha rivitalizzato qualche tempo fa e che domenica 23 febbraio riproporr\u00e0 per l&#8217;ottava edizione. L\u2019iniziativa coinvolger\u00e0 tutta la Valle del Biois, per l&#8217;intera giornata: la sfilata partir\u00e0 alle 8 della mattina da Falcade in direzione Caviola e intorno a mezzogiorno giunger\u00e0 a Canale d\u2019Agordo, nella piazzetta di Tancon, davanti alla Casa delle Regole. Qui ci sar\u00e0 uno dei momenti pi\u00f9 importanti della giornata: la rivelazione della Zinghenesta, cio\u00e8 della ragazza pi\u00f9 bella del paese. Dopo la pausa per il pranzo, la festa riprender\u00e0 alle 15 con la sfilata della Zinghenesta e del suo seguito, per il centro del paese: Piazzetta Tancon, Via Lotta, Via Sommavilla, Via Xaiz, Via XX Agosto, Piazza Papa Luciani. Qui, sar\u00e0 ospitato l\u2019evento clou del pomeriggio: il processo al Carnevale (16.30). Prima del processo per\u00f2, spazio al concorso della maschera pi\u00f9 bella, con premi per i migliori costumi presentati da adulti e bambini. A Canale, dalle 9.30 alle 17.30, ci sar\u00e0 anche &#8220;Arte in Piazza Papa Luciani&#8221;, rassegna di scultura con il &#8220;Consorzio Mascherai Alpini&#8221;: in particolare si potranno ammirare il lavoro e le realizzazioni di Tita Bressan, Pompeo De Pellegrin e Alessio De Marco. Per ulteriori informazioni si pu\u00f2 consultare il sito internet www.zinghenesta.it.<\/p>\n<p>&nbsp;<\/p>\n<p>&nbsp;<\/p>\n<p>&nbsp;<\/p>\n<hr \/>\n<p>&nbsp;<\/p>\n<blockquote><p><strong>EL CARNEVAL DEI BOCE A TAIBON<\/strong><\/p><\/blockquote>\n<p><strong>TAIBON<\/strong> Domenica 23 febbraio consueto appuntamento con la mascherata dalla piazza del Municipio (ritrovo alle 14) che sfiler\u00e0 fino alla Casa di Soggiorno per persone anziane dell&#8217;Agordino. Invitati grandi e piccini<\/p>\n<p>&nbsp;<\/p>\n<hr \/>\n<p>&nbsp;<\/p>\n<blockquote><p><strong>EL CARNEVAL DEI BOCE A TEMA<\/strong><\/p><\/blockquote>\n<p><strong>LA VALLE<\/strong> Il carnevale a La Valle Agordina \u00e8 in calendario per il 23 febbraio quest&#8217;annno a tema con &#8220;Ti sorridono i monti&#8221;. Alle 14 gran sfilata dalla piazza, 15.30 festa in piazza con merenda, giochi e balli. Premi alla maschera, coppia e gruppo pi\u00f9 a tema e premi al gruppo pi\u00f9 numeroso. In caso di maltempo l&#8217;evento si terr\u00e0 alle scuole. Organizza la proloco di La Valle.<\/p>\n<p>&nbsp;<\/p>\n<hr \/>\n<p>&nbsp;<\/p>\n<p><strong>SAN GREGORIO<\/strong> Domenica alle 15 sar\u00e0 carnevale nella palestra comunale con la sfilata delle maschere, animazione e premiazioni.<\/p>\n<p>&nbsp;<\/p>\n<p>&nbsp;<\/p>\n<p>&nbsp;<\/p>\n<hr \/>\n<p>&nbsp;<\/p>\n<h2><\/h2>\n<h2>LA\u00a0 RIFLESSIONE<\/h2>\n<blockquote><p><strong>\u201cLa riforma delle IPAB non \u00e8 indispensabile\u201d<\/strong><\/p><\/blockquote>\n<p><span style=\"color: #993366;\">di Franco Piacentini, Feltre<\/span><\/p>\n<blockquote><p>Recentemente le organizzazioni sindacali, per l\u2019ennesima volta, hanno amaramente evidenziato, con delle pubbliche prese di posizione, l\u2019inadempienza della Regione (in particolare della Giunta) in materia di riforma delle storiche e gloriose IPAB (oggi: Centri Servizi alle Persone). Per garantire qualificate prestazioni socio-assistenziali alle persone non autosufficienti, personalmente non ritengo indispensabile la riforma delle IPAB. La mia precedente esperienza nei dipartimenti welfare regionali SPI e CGIL, mi permette di evidenziare che in Veneto, oltre ad un\u2019ottima rete di servizi sociosanitari, c\u2019\u00e8 anche un buon equilibrio tra Centri Servizi alle Persone pubblici, privati riconosciuti e\/o convenzionati. Quindi la periodica riproposizione di progetti di legge regionali (negli ultimi quindi anni ne sono stati presentati pi\u00f9 di dieci senza alcun esito) per riformare le IPAB, dal mio punto di vista, non ha alcun senso, sempre-ch\u00e9 l\u2019obiettivo non sia quello della totale privatizzazione dei servizi e delle prestazioni alle persone non autosufficienti e disabili. Le esistenti, da tempo ben note, criticit\u00e0 che differenziano le strutture pubbliche da quelle private sui costi del personale e sulle imposte fiscali, devono essere velocemente risolte. Alle stesse qualit\u00e0 e quantit\u00e0 socio-assistenziali, sanitarie e di ospitalit\u00e0, devono corrispondere stessi oneri per i soggetti gestori dei Centri Servizi pubblici o privati. Le sostituzioni per maternit\u00e0 e le assenze per malattia del personale delle IPAB pubbliche, devono trovare risposte in una formale intesa con l\u2019INPS, come avviene per i dipendenti delle strutture private. Ricordo che, da oltre quattro anni, l\u2019ente di previdenza del pubblico impiego (ex INPDAP) \u00e8 accorpato all\u2019INPS. Sul personale dipendente sono incomprensibili (inaccettabili) prestazioni differenziate tra \u201cCase di Riposo private\u201d e \u201cCentri Servizi pubblici\u201d. Le stesse imposte (locali, regionali e nazionali) devono<br \/>\nessere equamente parificate e possibilmente abbassate, perch\u00e9 questi costi ricadono sulle rette di compartecipazione a carico degli ospiti e\/o dei familiari. Invece di riaprire le \u201cdanze politiche\u201d e le contrapposizioni in Consiglio regionale sulla trasformazione delle IPAB, \u00e8 pi\u00f9 utile e indispensabile per gli ospiti, il personale, le direzioni e le amministrazioni delle \u201cCase di Riposo\u201d, che la Giunta del Veneto, le Organizzazioni Sindacali (Cgil Cisl Uil) e le Associazioni degli Istituti per anziani, non autosufficienti e disabili, utilizzando lo strumento della \u201cconcertazione\u201d, trovino, di comune accordo, le soluzioni alle questioni sopraccitate, non dimenticando che le quote di rilievo sanitario (impegnative di residenzialit\u00e0) e gli standard numerici \u201cospiti &#8211; personale\u201d, vanno adeguati all\u2019aumento delle patologie invalidanti (demenza senile, Alzheimer, ecc). Per il bene delle persone fragili e delle famiglie in difficolt\u00e0, la Regione si attivi concretamente nella riduzione della compartecipazione ai costi sanitari, sociali e assistenziali. Le IPAB, molte di queste da pi\u00f9 di cent\u2019anni attive in Veneto, possono anche essere trasformate in Centri Servizi alla Persona (ovviamente nella rete dei servizi pubblici), per\u00f2 da subito hanno bisogno di: riconoscimento, sostegno e valorizzazione per il loro fondamentale ruolo sociale. Una eventuale \u201clitigiosa legge regionale di riforma delle IPAB\u201d, dalle tante possibili negative incognite, sarebbe fortemente inutile per le necessit\u00e0 degli ospiti e per le professionalit\u00e0 del personale.<\/p><\/blockquote>\n<p>&nbsp;<\/p>\n<p>&nbsp;<\/p>\n<blockquote class=\"wp-embedded-content\" data-secret=\"9pAynsOWA2\"><p><a href=\"https:\/\/www.radiopiu.net\/wordpress\/piaz\/\">DAL 9 MARZO PIAZZA DI AGORDO CHIUSA PER LAVORI, DEVIAZIONI IN TANGENZIALE<\/a><\/p><\/blockquote>\n<p><iframe loading=\"lazy\" title=\"&#8220;DAL 9 MARZO PIAZZA DI AGORDO CHIUSA PER LAVORI, DEVIAZIONI IN TANGENZIALE&#8221; &#8212; Radio Pi\u00f9\" class=\"wp-embedded-content\" sandbox=\"allow-scripts\" security=\"restricted\" style=\"position: absolute; clip: rect(1px, 1px, 1px, 1px);\" src=\"https:\/\/www.radiopiu.net\/wordpress\/piaz\/embed\/#?secret=9pAynsOWA2\" data-secret=\"9pAynsOWA2\" width=\"600\" height=\"338\" frameborder=\"0\" marginwidth=\"0\" marginheight=\"0\" scrolling=\"no\"><\/iframe><\/p>\n<p>&nbsp;<\/p>\n<p>&nbsp;<\/p>\n<hr \/>\n<h2><\/h2>\n<p>&nbsp;<\/p>\n<h2><span style=\"color: #ff0000;\">IERI ALLA\u00a0 RADIO, IN VIVO VERSO di Brunella Moro<\/span><\/h2>\n<blockquote class=\"wp-embedded-content\" data-secret=\"uomzqjCglj\"><p><a href=\"https:\/\/www.radiopiu.net\/wordpress\/anima-senza-veli-di-carlo-molinari\/\">ANIMA SENZA VELI di Carlo Molinari<\/a><\/p><\/blockquote>\n<p><iframe loading=\"lazy\" title=\"&#8220;ANIMA SENZA VELI di Carlo Molinari&#8221; &#8212; Radio Pi\u00f9\" class=\"wp-embedded-content\" sandbox=\"allow-scripts\" security=\"restricted\" style=\"position: absolute; clip: rect(1px, 1px, 1px, 1px);\" src=\"https:\/\/www.radiopiu.net\/wordpress\/anima-senza-veli-di-carlo-molinari\/embed\/#?secret=uomzqjCglj\" data-secret=\"uomzqjCglj\" width=\"600\" height=\"338\" frameborder=\"0\" marginwidth=\"0\" marginheight=\"0\" scrolling=\"no\"><\/iframe><\/p>\n<h2>LA COLLEZIONE COMPLETA<\/h2>\n<blockquote class=\"wp-embedded-content\" data-secret=\"wUKHKC1mEV\"><p><a href=\"https:\/\/www.radiopiu.net\/wordpress\/in-vivo-verso\/\">In Vivo Verso<\/a><\/p><\/blockquote>\n<p><iframe loading=\"lazy\" title=\"&#8220;In Vivo Verso&#8221; &#8212; Radio Pi\u00f9\" class=\"wp-embedded-content\" sandbox=\"allow-scripts\" security=\"restricted\" style=\"position: absolute; clip: rect(1px, 1px, 1px, 1px);\" src=\"https:\/\/www.radiopiu.net\/wordpress\/in-vivo-verso\/embed\/#?secret=wUKHKC1mEV\" data-secret=\"wUKHKC1mEV\" width=\"600\" height=\"338\" frameborder=\"0\" marginwidth=\"0\" marginheight=\"0\" scrolling=\"no\"><\/iframe><\/p>\n<hr \/>\n<p>&nbsp;<\/p>\n<p>&nbsp;<\/p>\n<h2><span style=\"color: #ff0000;\">IERI ALLA RADIO DUE MINUTI UN LIBRO<\/span><\/h2>\n<h2>LA COLLEZIONE COMPLETA<\/h2>\n<blockquote class=\"wp-embedded-content\" data-secret=\"lNLA3bEf5R\"><p><a href=\"https:\/\/www.radiopiu.net\/wordpress\/due-minuti-un-libro\/\">Due minuti un libro<\/a><\/p><\/blockquote>\n<p><iframe loading=\"lazy\" title=\"&#8220;Due minuti un libro&#8221; &#8212; Radio Pi\u00f9\" class=\"wp-embedded-content\" sandbox=\"allow-scripts\" security=\"restricted\" style=\"position: absolute; clip: rect(1px, 1px, 1px, 1px);\" src=\"https:\/\/www.radiopiu.net\/wordpress\/due-minuti-un-libro\/embed\/#?secret=lNLA3bEf5R\" data-secret=\"lNLA3bEf5R\" width=\"600\" height=\"338\" frameborder=\"0\" marginwidth=\"0\" marginheight=\"0\" scrolling=\"no\"><\/iframe><\/p>\n<p>&nbsp;<\/p>\n<hr \/>\n<p>&nbsp;<\/p>\n<p>&nbsp;<\/p>\n<h2><span style=\"color: #ff0000;\">I RACCONTI DI PAOLO SOPPELSA\u00a0<\/span><\/h2>\n<h2>LA COLLEZIONE COMPLETA<\/h2>\n<blockquote class=\"wp-embedded-content\" data-secret=\"4bfglo6A3g\"><p><a href=\"https:\/\/www.radiopiu.net\/wordpress\/i-racconti-di-paolo-soppelsa\/\">I racconti di Paolo Soppelsa<\/a><\/p><\/blockquote>\n<p><iframe loading=\"lazy\" title=\"&#8220;I racconti di Paolo Soppelsa&#8221; &#8212; Radio Pi\u00f9\" class=\"wp-embedded-content\" sandbox=\"allow-scripts\" security=\"restricted\" style=\"position: absolute; clip: rect(1px, 1px, 1px, 1px);\" src=\"https:\/\/www.radiopiu.net\/wordpress\/i-racconti-di-paolo-soppelsa\/embed\/#?secret=4bfglo6A3g\" data-secret=\"4bfglo6A3g\" width=\"600\" height=\"338\" frameborder=\"0\" marginwidth=\"0\" marginheight=\"0\" scrolling=\"no\"><\/iframe><\/p>\n<p>&nbsp;<\/p>\n<p>&nbsp;<\/p>\n<p>&nbsp;<\/p>\n<p><a class=\"dt-pswp-item pspw-wrap-ready\" href=\"https:\/\/www.radiopiu.net\/wordpress\/wp-content\/uploads\/2018\/09\/viabilita.jpeg\" data-dt-img-description=\"\" data-large_image_width=\"800\" data-large_image_height=\"100\"><img loading=\"lazy\" decoding=\"async\" class=\"wp-image-61954 size-full aligncenter\" src=\"https:\/\/www.radiopiu.net\/wordpress\/wp-content\/uploads\/2018\/09\/viabilita.jpeg\" sizes=\"auto, (max-width: 800px) 100vw, 800px\" srcset=\"https:\/\/www.radiopiu.net\/wordpress\/wp-content\/uploads\/2018\/09\/viabilita.jpeg 800w, https:\/\/www.radiopiu.net\/wordpress\/wp-content\/uploads\/2018\/09\/viabilita-300x38.jpeg 300w, https:\/\/www.radiopiu.net\/wordpress\/wp-content\/uploads\/2018\/09\/viabilita-768x96.jpeg 768w\" alt=\"\" width=\"800\" height=\"100\" \/><\/a><\/p>\n<p>&nbsp;<\/p>\n<p><strong>563 di SALESEI tra PIAN DI SALESEI E SALESEI\u00a0<\/strong> FINO AL 21 febbraio esclusi festivi e prefestivi INTERDIZIONE TOTALE AL TRAFFICO dalle 9 alle 17 per rimozione schianti. negli altri orari senso unico con semaforo<\/p>\n<p><strong>PONTE NELLE ALPI <\/strong><em>Fino al 27 marzo, il traffico della statale 50, all&#8217;altezza dell&#8217;innesto con via dei Zattieri (che verr\u00e0 chiusa), sar\u00e0 deviato nel tratto di nuova rotatoria realizzata all&#8217;interno dell&#8217;area ex Comedil.<\/em><\/p>\n<p><strong>FINE DELLE CHIUSURE<\/strong> DELLA PROVINCIALE 7 DI ZOPPE&#8217; IN LOCALITA&#8217; &#8220;LA FRATA&#8221; veneto strade revoca l&#8217;ordinanza, da subito.<\/p>\n<p>&nbsp;<\/p>\n<p>&nbsp;<\/p>\n<p>&nbsp;<\/p>\n<p><a class=\"dt-pswp-item\" href=\"https:\/\/www.radiopiu.net\/wordpress\/wp-content\/uploads\/2018\/09\/sport.jpg\" data-dt-img-description=\"\" data-large_image_width=\"800\" data-large_image_height=\"100\"><img loading=\"lazy\" decoding=\"async\" class=\"aligncenter wp-image-60761 size-full\" src=\"https:\/\/www.radiopiu.net\/wordpress\/wp-content\/uploads\/2018\/09\/sport.jpg\" alt=\"\" width=\"800\" height=\"100\" srcset=\"https:\/\/www.radiopiu.net\/wordpress\/wp-content\/uploads\/2018\/09\/sport.jpg 800w, https:\/\/www.radiopiu.net\/wordpress\/wp-content\/uploads\/2018\/09\/sport-300x38.jpg 300w, https:\/\/www.radiopiu.net\/wordpress\/wp-content\/uploads\/2018\/09\/sport-768x96.jpg 768w\" sizes=\"auto, (max-width: 800px) 100vw, 800px\" \/><\/a><\/p>\n<h3 class=\"p1\"><span class=\"s1\"><b>\u00a0<\/b><\/span><\/h3>\n<blockquote>\n<h2 class=\"p1\"><span class=\"s1\"><b>DOROTHEA WIERER CONQUISTA IL SECONDO ORO AI MONDIALI DI ANTERSELVA<\/b><\/span><\/h2>\n<\/blockquote>\n<p class=\"p1\"><span class=\"s1\"><b>ANTERSELVA :<\/b> Carattere, determinazione, e una classe senza confini. In una sola parola Dorothea Wierer. L&#8217;altoatesina \u00e8 insaziabile e dopo l&#8217;oro nella prova d&#8217;inseguimento conquista la medaglia pi\u00f9 importante anche nella gara individuale suggellando nuovamente la sua grandezza. Un trionfo ancora pi\u00f9 pesante se consideriamo l&#8217;andamento della gara, con la campionessa chiamata alla rimonta sin dopo il primo poligono, con un errore che la fa scendere momentaneamente in 24esima posizione. La svolta arriva dopo la terza serie di tiro: Wierer colpisce tutti i bersagli e si rilancia prepotentemente anche grazie a una prova fantastica sugli sci. Il quinto poligono \u00e8 perfetto, la 29enne delle Fiamme Gialle esce cos\u00ec in vetta con 2&#8243;2 su una arrembante e temibile Vanessa Hinz, oggi alla miglior gara della sua vita. L&#8217;ultima frazione \u00e8 palpitante, Dorothea riesce a mantenere i 2&#8243;2 sulla tedesca e chiude cos\u00ec davanti a tutti centrando il terzo oro della sua carriera ai Mondiali. <\/span><span class=\"s1\">Il tutto in una gara difficile da interpretare, con il vento a raffiche a disturbare il poligono, quindi con le atlete costrette ad interpretare il tiro, colpo per colpo. Ma sui quattro poligoni, la freddezza, la precisione e la rapidit\u00e0 della campionessa mondiale sono venute fuori e Dorothea ha potuto scaricare tutti i suoi cavalli nel fondo, incoraggiata pattinata dopo pattinata dai tecnici della Nazionale, per riuscire a tagliare il traguardo per la seconda volta in due giorni a braccia levate al cielo. <\/span><span class=\"s1\">Una gioia unica per la detentrice della sfera di cristallo, capace di imporsi ancora ad Anterselva, la sua pista di casa. Il pubblico \u00e8 in visibilio e la gioia \u00e8 doppia se consideriamo anche la classifica generale dove Wierer \u00e8 praticamente in fuga su una deludente Tiril Eckhoff adesso indietro di 94 punti Sicura e glaciale nei momenti clou, Dorothea ha scritto un&#8217;altra pagina indelebile dello sport italiano.<\/span><\/p>\n<blockquote>\n<h3 class=\"p1\"><span class=\"s1\">Ordine d&#8217;arrivo individuale femminile Mondiali Anterselva:<\/span><\/h3>\n<\/blockquote>\n<p class=\"p1\"><span class=\"s1\"><b>1. D. Wierer ITA 2 43:07.7<\/b><\/span><\/p>\n<p class=\"p1\"><span class=\"s1\">2. V. Hinz GER 1 +2.2<\/span><\/p>\n<p class=\"p1\"><span class=\"s1\">3. M. Roiseland NOR 2 +15.8<\/span><\/p>\n<p class=\"p1\"><span class=\"s1\"><b>41. F. Sanfilippo ITA 4 +4:41.1<\/b><\/span><\/p>\n<p class=\"p1\"><span class=\"s1\"><b>49. M. Carrara ITA 5 +5:20.8<\/b><\/span><\/p>\n<p class=\"p1\"><span class=\"s1\"><b>71. L. Vittozzi ITA 8 +7:32.5<\/b><\/span><\/p>\n<p class=\"p1\"><span class=\"s1\"><b>IL COMMENTO DI MASSIMILIANO AMBESI, COMMENTATORE DI EUROSPORT<\/b><\/span><\/p>\n<audio class=\"wp-audio-shortcode\" id=\"audio-118138-6\" preload=\"none\" style=\"width: 100%;\" controls=\"controls\"><source type=\"audio\/mpeg\" src=\"https:\/\/www.radiopiu.net\/wordpress\/wp-content\/uploads\/2020\/02\/RASSEGNA-STAMPA-AMBESI-BIATHLON.mp3?_=6\" \/><a href=\"https:\/\/www.radiopiu.net\/wordpress\/wp-content\/uploads\/2020\/02\/RASSEGNA-STAMPA-AMBESI-BIATHLON.mp3\">https:\/\/www.radiopiu.net\/wordpress\/wp-content\/uploads\/2020\/02\/RASSEGNA-STAMPA-AMBESI-BIATHLON.mp3<\/a><\/audio>\n<p>&nbsp;<\/p>\n<h1>Sulla pagina Facebook di <a href=\"https:\/\/www.facebook.com\/massimiliano.ambesi\">MASSIMILIANO AMBESI<\/a> tutte le principali notizie sugli sport invernali<\/h1>\n<p>&nbsp;<\/p>\n<hr \/>\n<p>&nbsp;<\/p>\n<p>&nbsp;<\/p>\n<p>&nbsp;<\/p>\n<blockquote>\n<h2>DEDICATO AL VOLLEY AGORDINO, DI MARIO SCUSSEL<\/h2>\n<\/blockquote>\n<div id=\"fb-root\"><\/div>\n<p><script async=\"1\" defer=\"1\" crossorigin=\"anonymous\" src=\"https:\/\/connect.facebook.net\/it_IT\/sdk.js#xfbml=1&amp;version=v6.0\"><\/script><\/p>\n<div class=\"fb-video\" data-href=\"https:\/\/www.facebook.com\/volleyclubagordino\/videos\/122105779229999\/\" data-width=\"1200\">\n<blockquote cite=\"https:\/\/www.facebook.com\/volleyclubagordino\/videos\/122105779229999\/\" class=\"fb-xfbml-parse-ignore\"><p><a href=\"https:\/\/www.facebook.com\/volleyclubagordino\/videos\/122105779229999\/\">Tie Break 5\u00b0 Set Volley Club Agordino vs Pallavolo Castion<\/a><\/p>\n<p>Pubblicato da <a href=\"https:\/\/www.facebook.com\/volleyclubagordino\/\">Volley Club Agordino<\/a> su Marted\u00ec 18 febbraio 2020<\/p><\/blockquote>\n<\/div>\n<p>&nbsp;<\/p>\n<p>&nbsp;<\/p>\n<hr \/>\n<h3><\/h3>\n<blockquote>\n<h2><\/h2>\n<h2 class=\"p1\"><span class=\"s1\">I GIOCHI SPORTIVI STUDENTESCHI DI SCI NORDICO A CANALE D\u2019AGORDO<\/span><\/h2>\n<\/blockquote>\n<p class=\"p1\"><span class=\"s1\"><strong>CANALE D&#8217;AGORDO<\/strong> Sulla pista \u201cFranco Manfroi\u201d in Valle di Gares a Canale D\u2019Agordo si sono svolti ieri i Giochi Sportivi Studenteschi di Sci Nordico dedicati ai giovani delle scuole medie e superiori a livello regionale. Pi\u00f9 di 150 atleti si sono sfidati sulle nevi della Valle del Biois. Per quanto riguarda la gara dedicata alle scuole medie, il vicentino Leonardo Cunico vince in campo maschile mentre in quello femminile la vittoria \u00e8 andata all\u2019ampezzana Gemma Dandrea. Buoni piazzamenti anche per gli agordini con Alex Rossi, Sebastiano Cagnati e Samuel Murer entrati nelle prime 10 posizioni. Francesca Olivier e Katia Micheluzzi rispettivamente quinta e ottava nella femminile. Nella gara dedicata alle scuole superiori, Alex Serafini dell\u2019Istituto di Agordo vince in campo maschile, mentre tra le donne il successo \u00e8 andato a Melissa Dandrea dell\u2019Istituto di Cortina. Leonardo Busin, Federico Milani, Marco Brancaleone e Matthias Cagnati gli agordini nelle prime 10 posizioni, ottavo posto invece per Martina Olivier nel femminile. <\/span><\/p>\n<blockquote>\n<p class=\"p1\"><span class=\"s1\"><b>LE CLASSIFICHE<\/b><\/span><\/p>\n<\/blockquote>\n<p class=\"p1\"><span class=\"s1\"><b>SCUOLE MEDIE<\/b><\/span><\/p>\n<p class=\"p1\"><span class=\"s1\"><b>MASCHILE<\/b><\/span><\/p>\n<p class=\"p1\"><span class=\"s1\">1. Leonardo Cunico (Istituto Gallio &#8211; Vicenza), 2. Marco Iorio (Santo Stefano di Cadore), 3. Andrea Erbisti (Bosco Chiesanuova &#8211; Verona), 4. Alex Rossi (Cencenighe), 5. Sebastiani Cagnati (Cencenighe)<\/span><\/p>\n<p class=\"p1\"><span class=\"s1\"><b>FEMMINILE<\/b><\/span><\/p>\n<p class=\"p1\"><span class=\"s1\">1. Gemma Dandrea (Cortina D\u2019Ampezzo), 2. Vanessa Dallago (Cortina D\u2019Ampezzo), 3. Giulia Erbisti (Bosco Chiesanuova &#8211; Verona), 4. Kristel Frigo (Asiago), 5. Francesca Olivier (Cencenighe)<\/span><\/p>\n<p class=\"p1\"><span class=\"s1\"><b>SQUADRE MASCHILE<\/b><\/span><\/p>\n<p class=\"p1\"><span class=\"s1\">1. Cencenighe (Rossi, Cagnati, Murer), 2. Bosco Chiesanuova &#8211; Verona, 3. Santo Stefano di Cadore<\/span><\/p>\n<p class=\"p1\"><span class=\"s1\"><b>SQUADRE FEMMINILE<\/b><\/span><\/p>\n<p class=\"p1\"><span class=\"s1\">1. Cortina D\u2019Ampezzo (Dandrea, Dallago, Dimai), 2. Cencenighe, 3. Santo Stefano di Cadore<\/span><\/p>\n<p class=\"p1\"><span class=\"s1\"><b>SCUOLE SUPERIORI<\/b><\/span><\/p>\n<p class=\"p1\"><span class=\"s1\"><b>MASCHILE<\/b><\/span><\/p>\n<p class=\"p1\"><span class=\"s1\">1. Alex Serafini (Istituto Istruzione Agordo), 2. Giacomo Schivo (Mario Rigoni Asiago), 3. Alberto Vagretti (Antonio Della Lucia Feltre), 4. Simone Gaspari (Omnicompren Cortina D\u2019Ampezzo), 5. Leonardo Busin (Istituto Istruzione Agordo)<\/span><\/p>\n<p class=\"p1\"><span class=\"s1\"><b>FEMMINILE<\/b><\/span><\/p>\n<p class=\"p1\"><span class=\"s1\">1. Melissa Dandrea (Omnicompren Cortina D\u2019Ampezzo), 2. Jessica Pavan (Omnicompren Cortina D\u2019Ampezzo), 3. Gaia Alver\u00e0 (Omnicompren Cortina D\u2019Ampezzo), 4. Elisa Segafredo (Mario Rigoni Asiago), 5. Roberta Saltari (Omnicompren Cortina D\u2019Ampezzo)<\/span><\/p>\n<p class=\"p1\"><span class=\"s1\"><b>SQUADRE MASCHILE<\/b><\/span><\/p>\n<p class=\"p1\"><span class=\"s1\">1. Istituto Istruzione Agordo (Serafini, Busin, Milani), 2. Omnicompren Cortina D\u2019Ampezzo, 3. Mario Rigoni Asiago<\/span><\/p>\n<p class=\"p1\"><span class=\"s1\"><b>SQUADRE FEMMINILE<\/b><\/span><\/p>\n<p class=\"p1\"><span class=\"s1\">1. Omnicompren Cortina D\u2019Ampezzo (Dandrea, Pavan, Alver\u00e0), 2. Mario Rigoni Asiago, 3. Istituto Istruzione Agordo<\/span><\/p>\n<p>&nbsp;<\/p>\n<hr \/>\n<p>&nbsp;<\/p>\n<p>&nbsp;<\/p>\n<h3>I MASTER ONDABLU AI CAMPIONATI REGIONALI TRENTINI<\/h3>\n<p>&nbsp;<\/p>\n<p><a class=\"dt-pswp-item\" href=\"https:\/\/www.radiopiu.net\/wordpress\/wp-content\/uploads\/2020\/02\/alcuni-partecipanti-masters-ondablu-ai-reg.-trentini-1.jpg\" data-dt-img-description=\"\" data-large_image_width=\"1599\" data-large_image_height=\"1599\"><img loading=\"lazy\" decoding=\"async\" class=\" wp-image-118141 alignleft\" src=\"https:\/\/www.radiopiu.net\/wordpress\/wp-content\/uploads\/2020\/02\/alcuni-partecipanti-masters-ondablu-ai-reg.-trentini-1-300x300.jpg\" alt=\"\" width=\"235\" height=\"235\" srcset=\"https:\/\/www.radiopiu.net\/wordpress\/wp-content\/uploads\/2020\/02\/alcuni-partecipanti-masters-ondablu-ai-reg.-trentini-1-300x300.jpg 300w, https:\/\/www.radiopiu.net\/wordpress\/wp-content\/uploads\/2020\/02\/alcuni-partecipanti-masters-ondablu-ai-reg.-trentini-1-1024x1024.jpg 1024w, https:\/\/www.radiopiu.net\/wordpress\/wp-content\/uploads\/2020\/02\/alcuni-partecipanti-masters-ondablu-ai-reg.-trentini-1-150x150.jpg 150w, https:\/\/www.radiopiu.net\/wordpress\/wp-content\/uploads\/2020\/02\/alcuni-partecipanti-masters-ondablu-ai-reg.-trentini-1-768x768.jpg 768w, https:\/\/www.radiopiu.net\/wordpress\/wp-content\/uploads\/2020\/02\/alcuni-partecipanti-masters-ondablu-ai-reg.-trentini-1-1536x1536.jpg 1536w, https:\/\/www.radiopiu.net\/wordpress\/wp-content\/uploads\/2020\/02\/alcuni-partecipanti-masters-ondablu-ai-reg.-trentini-1.jpg 1599w\" sizes=\"auto, (max-width: 235px) 100vw, 235px\" \/><\/a><strong>BELLUNO<\/strong> Pioggia di medaglie (18 d&#8217;oro, 11 argento, 4 bronzo) ai campionati regionali trentini del super master nazionale.\u00a0 Giulia Abatangelo e Daniela Boldo nei 200 stile, la prima sale sul primo gradino nella categoria master 70, Daniela\u00a0 seconda (m55). Giulia si ripropone sullo stesso gradino del podio anche nei 100 misti. Gli ambo nell&#8217;oro sono anche per Emanuela Bittante, prima sia nei 200 misti che nei 50 rana (m55);\u00a0 Mara Grelloni, la coach-atleta, prima sia nei 100 delfino che nei 200 misti (m40); Bruno Carissimi Boff, primo nei 100 delfino e nei 400 stile (m.25); Gianluigi Tres, oro nei 400 stile e nei 50 delfino (m.40) e Federico Zampiero, oro nei 100 rana e 100 misti (m.40). Katia Dalla Vedova nei 200 rana oro e nei 200 stile \u00e8 argento (m45); Federico Longo oro nei 200 delfino e argento nei 100 misti (m25); Michele Tonin\u00a0 oro nei 50 rana e argento negli 800 stile (m45) e Fabio Zuglian oro nei 100 misti e argento nei 200 misti (m30). L&#8217;ultimo oro \u00e8 per Nicola Scopel negli 800 stile e\u00a0 bronzo nei 50 stile (m.25).\u00a0 Roberto Pasqualotto secondo sia nei 200 stile che nei 100 rana (m50); altre due medaglie per Thomas Dal Piva secondo nei 50 rana e terzo negli 800 stile (m30).\u00a0 Argento per Calogero Grova nella gara dei 50 delfino (m55),\u00a0 Angelo Paganin atleta-presidente nei 100 misti\u00a0 (m55) e Francesco Torchiani nei 400 stile (m45). Anche le tre staffette disputate,4&#215;50 miste maschili salgono sul podio, con la pi\u00f9 giovane che sale al primo posto: al dorso Nicola Scopel, alla rana Federico Longo, al delfino Bruno Carissimi Boff e allo stile libero Fabio Zuglian; e due bronzi (m160 e 200)\u00a0 con al dorso Federico Zampiero, alla rana Thomas Dal Piva, al delfino Gianuigi Tres e allo stile libero Michele Tonin; la seconda con al dorso Francesco Torchiani alla rana Roberto Pasqualotto al delfino Angelo Paganin e allo stile libero Calogero Grova.<\/p>\n<p>&nbsp;<\/p>\n<hr \/>\n<p>&nbsp;<\/p>\n<p>&nbsp;<\/p>\n<p><a class=\"dt-pswp-item\" href=\"https:\/\/www.radiopiu.net\/wordpress\/wp-content\/uploads\/2018\/09\/WhatsApp-Image-2018-09-20-at-16.04.06.jpeg\" data-dt-img-description=\"\" data-large_image_width=\"800\" data-large_image_height=\"100\"><img loading=\"lazy\" decoding=\"async\" class=\"aligncenter wp-image-61378 size-full\" src=\"https:\/\/www.radiopiu.net\/wordpress\/wp-content\/uploads\/2018\/09\/WhatsApp-Image-2018-09-20-at-16.04.06.jpeg\" alt=\"\" width=\"800\" height=\"100\" srcset=\"https:\/\/www.radiopiu.net\/wordpress\/wp-content\/uploads\/2018\/09\/WhatsApp-Image-2018-09-20-at-16.04.06.jpeg 800w, https:\/\/www.radiopiu.net\/wordpress\/wp-content\/uploads\/2018\/09\/WhatsApp-Image-2018-09-20-at-16.04.06-300x38.jpeg 300w, https:\/\/www.radiopiu.net\/wordpress\/wp-content\/uploads\/2018\/09\/WhatsApp-Image-2018-09-20-at-16.04.06-768x96.jpeg 768w\" sizes=\"auto, (max-width: 800px) 100vw, 800px\" \/><\/a><\/p>\n<p><center><\/center><center><\/center><center><b>Mercoledi 19<\/b><\/center><b>Tempo atteso: <\/b>Nelle prime ore cielo nuvoloso, dalla mattinata schiarite via via pi\u00f9 significative a partire dalle Dolomiti, fino ad aversi un cielo sereno o poco nuvoloso alla sera salvo residua variabilit\u00e0 con locali addensamenti sulle creste di confine.<br \/>\n<b>Precipitazioni: <\/b>Fino al pomeriggio si potr\u00e0 notare qualche fenomeno (probabilit\u00e0 30-50%), generalmente debole, con al pi\u00f9 locali apporti di 1-5 cm per neve fresca da 1000-1300 m circa.<br \/>\n<b>Temperature: <\/b>In diminuzione, localmente anche sensibile riguardo ai valori minimi, che verranno raggiunti alla sera; sulle Prealpi a 1500 m minima -1 \u00b0C e massima 2 \u00b0C, a 2000 m minima -5 \u00b0C e massima -3 \u00b0C; sulle Dolomiti a 2000 m minima -8 \u00b0C e massima -2 \u00b0C, a 3000 m minima -15 \u00b0C e massima -11 \u00b0C.<br \/>\n<b>Venti: <\/b>In quota nelle prime ore deboli occidentali e poi da moderati a tesi nord-occidentali; nelle valli fino a met\u00e0 giornata deboli con direzione variabile, poi da deboli a localmente moderati con alcuni probabili episodi di Foehn; intensificazione entro fine giornata a 15-40 km\/h a 2000 m e 30-60 km\/h a 3000 m.<\/p>\n<hr \/>\n<p><center><b>Giovedi 20<\/b><\/center><b>Tempo atteso: <\/b>Cielo sereno, od al pi\u00f9 occasionalmente poco nuvoloso.<br \/>\n<b>Precipitazioni: <\/b>Assenti.<br \/>\n<b>Temperature: <\/b>Le minime subiranno un moderato calo soprattutto nelle valli, le massime non varieranno molto e comunque in quota verranno raggiunte alla sera; sulle Prealpi a 1500 m minima -3 \u00b0C e massima 1 \u00b0C, a 2000 m minima -6 \u00b0C e massima -1 \u00b0C; sulle Dolomiti a 2000 m minima -10 \u00b0C e massima -1 \u00b0C, a 3000 m minima -16 \u00b0C e massima -2 \u00b0C.<br \/>\n<b>Venti: <\/b>In quota dai quadranti nord-occidentali, da moderati a localmente e temporaneamente tesi; nelle valli deboli con direzione variabile, salvo al pi\u00f9 occasionali episodi di Foehn nelle primissime ore; attenuazione in giornata fino a 5-15 km\/h a 2000 m e 10-35 km\/h a 3000 m.<\/p>\n<hr \/>\n<p><center><b>Venerdi 21<\/b><\/center>Cielo sereno o a tratti localmente poco nuvoloso; nelle prime ore, temporaneo discreto rinforzo di vento nord-occidentale in quota e qualche possibile episodio di Foehn nelle valli; temperature minime in contenuto aumento; temperature massime in discreto aumento nelle valli e stazionarie o in contenuto calo in quota.<\/p>\n<hr \/>\n<p><center><b>Sabato 22<\/b><\/center>Ampi spazi di sereno alternati al passaggio di qualche nube alta; venti da moderati a localmente tesi nord-occidentali in quota; rialzo termico, specie riguardo alle temperature massime in quota. Previsore: A.B.<\/p>\n","protected":false},"excerpt":{"rendered":"<p>PER RICEVERE QUESTO NOTIZIARIO DIRETTAMENTE SUL TUO CELLULARE ISCRIVITI AL CANALE TELEGRAM &#8220;RADIO PIU\u00a0 INFORMAZIONE&#8221;\u00a0 &nbsp; &nbsp; DIRETTA FACEBOOK RADIO PIU, DAL TAULAC DI PIEVE DI LIVINALLONGO &#8221; INGORDI &#8220; DA FODOM: NO SECCO AL COLLEGAMENTO CON CORTINA, OLTRE 200 PERSONE PER LA NASCITA DEL COMITATO &nbsp; &nbsp; &nbsp; 563 di SALESEI tra PIAN DI&hellip;<\/p>\n","protected":false},"author":1,"featured_media":118179,"comment_status":"closed","ping_status":"closed","sticky":false,"template":"","format":"standard","meta":{"_monsterinsights_skip_tracking":false,"_monsterinsights_sitenote_active":false,"_monsterinsights_sitenote_note":"","_monsterinsights_sitenote_category":0,"footnotes":""},"categories":[1,86,49],"tags":[],"class_list":["post-118138","post","type-post","status-publish","format-standard","has-post-thumbnail","hentry","category-senza-categoria","category-gr","category-news-18","category-1","category-86","category-49","description-off"],"img_url":"https:\/\/www.radiopiu.net\/wordpress\/wp-content\/uploads\/2020\/02\/lor.jpg","_links":{"self":[{"href":"https:\/\/www.radiopiu.net\/wordpress\/wp-json\/wp\/v2\/posts\/118138","targetHints":{"allow":["GET"]}}],"collection":[{"href":"https:\/\/www.radiopiu.net\/wordpress\/wp-json\/wp\/v2\/posts"}],"about":[{"href":"https:\/\/www.radiopiu.net\/wordpress\/wp-json\/wp\/v2\/types\/post"}],"author":[{"embeddable":true,"href":"https:\/\/www.radiopiu.net\/wordpress\/wp-json\/wp\/v2\/users\/1"}],"replies":[{"embeddable":true,"href":"https:\/\/www.radiopiu.net\/wordpress\/wp-json\/wp\/v2\/comments?post=118138"}],"version-history":[{"count":0,"href":"https:\/\/www.radiopiu.net\/wordpress\/wp-json\/wp\/v2\/posts\/118138\/revisions"}],"wp:featuredmedia":[{"embeddable":true,"href":"https:\/\/www.radiopiu.net\/wordpress\/wp-json\/wp\/v2\/media\/118179"}],"wp:attachment":[{"href":"https:\/\/www.radiopiu.net\/wordpress\/wp-json\/wp\/v2\/media?parent=118138"}],"wp:term":[{"taxonomy":"category","embeddable":true,"href":"https:\/\/www.radiopiu.net\/wordpress\/wp-json\/wp\/v2\/categories?post=118138"},{"taxonomy":"post_tag","embeddable":true,"href":"https:\/\/www.radiopiu.net\/wordpress\/wp-json\/wp\/v2\/tags?post=118138"}],"curies":[{"name":"wp","href":"https:\/\/api.w.org\/{rel}","templated":true}]}}