{"id":118172,"date":"2020-02-18T23:59:39","date_gmt":"2020-02-18T22:59:39","guid":{"rendered":"https:\/\/www.radiopiu.net\/wordpress\/?p=118172"},"modified":"2020-02-19T05:52:19","modified_gmt":"2020-02-19T04:52:19","slug":"dorothea-wierer-conquista-il-secondo-oro-ai-mondiali-di-anterselva","status":"publish","type":"post","link":"https:\/\/www.radiopiu.net\/wordpress\/dorothea-wierer-conquista-il-secondo-oro-ai-mondiali-di-anterselva\/","title":{"rendered":"DOROTHEA WIERER CONQUISTA IL SECONDO ORO AI MONDIALI DI ANTERSELVA"},"content":{"rendered":"<p class=\"p1\"><span class=\"s1\"><b>DAL SITO FISI:<\/b> Carattere, determinazione, e una classe senza confini. In una sola parola Dorothea Wierer. L&#8217;altoatesina \u00e8 insaziabile e dopo l&#8217;oro nella prova d&#8217;inseguimento conquista la medaglia pi\u00f9 importante anche nella gara individuale suggellando nuovamente la sua grandezza. Un trionfo ancora pi\u00f9 pesante se consideriamo l&#8217;andamento della gara, con la campionessa chiamata alla rimonta sin dopo il primo poligono, con un errore che la fa scendere momentaneamente in 24esima posizione. La svolta arriva dopo la terza serie di tiro: Wierer colpisce tutti i bersagli e si rilancia prepotentemente anche grazie a una prova fantastica sugli sci. Il quinto poligono \u00e8 perfetto, la 29enne delle Fiamme Gialle esce cos\u00ec in vetta con 2&#8243;2 su una arrembante e temibile Vanessa Hinz, oggi alla miglior gara della sua vita. L&#8217;ultima frazione \u00e8 palpitante, Dorothea riesce a mantenere i 2&#8243;2 sulla tedesca e chiude cos\u00ec davanti a tutti centrando il terzo oro della sua carriera ai Mondiali.<\/span><\/p>\n<p class=\"p1\"><span class=\"s1\">Il tutto in una gara difficile da interpretare, con il vento a raffiche a disturbare il poligono, quindi con le atlete costrette ad interpretare il tiro, colpo per colpo. Ma sui quattro poligoni, la freddezza, la precisione e la rapidit\u00e0 della campionessa mondiale sono venute fuori e Dorothea ha potuto scaricare tutti i suoi cavalli nel fondo, incoraggiata pattinata dopo pattinata dai tecnici della Nazionale, per riuscire a tagliare il traguardo per la seconda volta in due giorni a braccia levate al cielo.<\/span><\/p>\n<p class=\"p1\"><span class=\"s1\">Una gioia unica per la detentrice della sfera di cristallo, capace di imporsi ancora ad Anterselva, la sua pista di casa. Il pubblico \u00e8 in visibilio e la gioia \u00e8 doppia se consideriamo anche la classifica generale dove Wierer \u00e8 praticamente in fuga su una deludente Tiril Eckhoff adesso indietro di 94 punti Sicura e glaciale nei momenti clou, Dorothea ha scritto un&#8217;altra pagina indelebile dello sport italiano.<\/span><\/p>\n<p class=\"p1\"><span class=\"s1\">Ordine d&#8217;arrivo individuale femminile Mondiali Anterselva:<\/span><\/p>\n<p class=\"p1\"><span class=\"s1\"><b>1. D. Wierer ITA 2 43:07.7<\/b><\/span><\/p>\n<p class=\"p1\"><span class=\"s1\">2. V. Hinz GER 1 +2.2<\/span><\/p>\n<p class=\"p1\"><span class=\"s1\">3. M. Roiseland NOR 2 +15.8<\/span><\/p>\n<p class=\"p1\"><span class=\"s1\"><b>41. F. Sanfilippo ITA 4 +4:41.1<\/b><\/span><\/p>\n<p class=\"p1\"><span class=\"s1\"><b>49. M. Carrara ITA 5 +5:20.8<\/b><\/span><\/p>\n<p class=\"p1\"><span class=\"s1\"><b>71. L. Vittozzi ITA 8 +7:32.5<\/b><\/span><\/p>\n<p class=\"p1\"><span class=\"s1\"><b>IL COMMENTO DI MASSIMILIANO AMBESI, COMMENTATORE DI EUROSPORT<\/b><\/span><\/p>\n<audio class=\"wp-audio-shortcode\" id=\"audio-118172-1\" preload=\"none\" style=\"width: 100%;\" controls=\"controls\"><source type=\"audio\/mpeg\" src=\"https:\/\/www.radiopiu.net\/wordpress\/wp-content\/uploads\/2020\/02\/RASSEGNA-STAMPA-AMBESI-BIATHLON.mp3?_=1\" \/><a href=\"https:\/\/www.radiopiu.net\/wordpress\/wp-content\/uploads\/2020\/02\/RASSEGNA-STAMPA-AMBESI-BIATHLON.mp3\">https:\/\/www.radiopiu.net\/wordpress\/wp-content\/uploads\/2020\/02\/RASSEGNA-STAMPA-AMBESI-BIATHLON.mp3<\/a><\/audio>\n<p>&nbsp;<\/p>\n<h1><em>Sulla pagina Facebook di\u00a0<a href=\"https:\/\/www.facebook.com\/massimiliano.ambesi\">Massimiliano Ambesi<\/a>\u00a0tutte le notizie sui principali sport invernali<\/em><\/h1>\n","protected":false},"excerpt":{"rendered":"<p>DAL SITO FISI: Carattere, determinazione, e una classe senza confini. In una sola parola Dorothea Wierer. L&#8217;altoatesina \u00e8 insaziabile e dopo l&#8217;oro nella prova d&#8217;inseguimento conquista la medaglia pi\u00f9 importante anche nella gara individuale suggellando nuovamente la sua grandezza. Un trionfo ancora pi\u00f9 pesante se consideriamo l&#8217;andamento della gara, con la campionessa chiamata alla rimonta&hellip;<\/p>\n","protected":false},"author":4,"featured_media":118173,"comment_status":"closed","ping_status":"closed","sticky":false,"template":"","format":"standard","meta":{"_monsterinsights_skip_tracking":false,"_monsterinsights_sitenote_active":false,"_monsterinsights_sitenote_note":"","_monsterinsights_sitenote_category":0,"footnotes":""},"categories":[104,49,72],"tags":[],"class_list":["post-118172","post","type-post","status-publish","format-standard","has-post-thumbnail","hentry","category-evidenza_3","category-news-18","category-sport","category-104","category-49","category-72","description-off"],"img_url":"https:\/\/www.radiopiu.net\/wordpress\/wp-content\/uploads\/2020\/02\/87073483_1483277435168363_2668426136911872000_o.jpg","_links":{"self":[{"href":"https:\/\/www.radiopiu.net\/wordpress\/wp-json\/wp\/v2\/posts\/118172","targetHints":{"allow":["GET"]}}],"collection":[{"href":"https:\/\/www.radiopiu.net\/wordpress\/wp-json\/wp\/v2\/posts"}],"about":[{"href":"https:\/\/www.radiopiu.net\/wordpress\/wp-json\/wp\/v2\/types\/post"}],"author":[{"embeddable":true,"href":"https:\/\/www.radiopiu.net\/wordpress\/wp-json\/wp\/v2\/users\/4"}],"replies":[{"embeddable":true,"href":"https:\/\/www.radiopiu.net\/wordpress\/wp-json\/wp\/v2\/comments?post=118172"}],"version-history":[{"count":0,"href":"https:\/\/www.radiopiu.net\/wordpress\/wp-json\/wp\/v2\/posts\/118172\/revisions"}],"wp:featuredmedia":[{"embeddable":true,"href":"https:\/\/www.radiopiu.net\/wordpress\/wp-json\/wp\/v2\/media\/118173"}],"wp:attachment":[{"href":"https:\/\/www.radiopiu.net\/wordpress\/wp-json\/wp\/v2\/media?parent=118172"}],"wp:term":[{"taxonomy":"category","embeddable":true,"href":"https:\/\/www.radiopiu.net\/wordpress\/wp-json\/wp\/v2\/categories?post=118172"},{"taxonomy":"post_tag","embeddable":true,"href":"https:\/\/www.radiopiu.net\/wordpress\/wp-json\/wp\/v2\/tags?post=118172"}],"curies":[{"name":"wp","href":"https:\/\/api.w.org\/{rel}","templated":true}]}}