{"id":118198,"date":"2020-02-19T18:48:39","date_gmt":"2020-02-19T17:48:39","guid":{"rendered":"https:\/\/www.radiopiu.net\/wordpress\/?p=118198"},"modified":"2020-02-19T18:50:34","modified_gmt":"2020-02-19T17:50:34","slug":"a-2","status":"publish","type":"post","link":"https:\/\/www.radiopiu.net\/wordpress\/a-2\/","title":{"rendered":"IL BARISTA SI RIFIUTA DI DARGLI DA BERE E LUI LO PICCHIA PER POI RESISTERE AI CARABINIERI"},"content":{"rendered":"<p>&nbsp;<\/p>\n<p><strong><a class=\"dt-pswp-item\" href=\"https:\/\/www.radiopiu.net\/wordpress\/wp-content\/uploads\/2020\/02\/download-11.jpg\" data-dt-img-description=\"\" data-large_image_width=\"275\" data-large_image_height=\"183\"><img loading=\"lazy\" decoding=\"async\" class=\" wp-image-118245 alignleft\" src=\"https:\/\/www.radiopiu.net\/wordpress\/wp-content\/uploads\/2020\/02\/download-11.jpg\" alt=\"\" width=\"180\" height=\"120\" \/><\/a>BELLUNO<\/strong> Il titolare del Bar &#8221; Osteria Dal Bocia&#8221; \u00e8 dovuto ricorrere alle cure del pronto soccorso per contusioni alla mandibola e alla cresta iliaca, in seguito all&#8217;aggressione di C.D.P.\u00a0 45 anni residente a Reggio Emilia ma di fatto senza una fissa dimora. Il fatto ieri sera alle 21.30 quando il barista si \u00e8 rifiutato &#8211; per validi motivi &#8211;\u00a0 di dare da bere all&#8217;avventore del locale. L&#8217;uomo ha inoltre peggiorato la sua situazione all&#8217;arrivo dei militari della sezione radiomobile insultati in pubblico. Per questo C.D.P. \u00e8 stato denunciato in stato di libert\u00e0 per resistenza a pubblico ufficiale e come detto oltraggio. Il barista \u00e8 stato dimesso dal pronto soccorso con una prognosi di 4\u00a0 giorni.<\/p>\n<div>\n<div class=\"im_message_text\" dir=\"auto\"><\/div>\n<\/div>\n","protected":false},"excerpt":{"rendered":"<p>&nbsp; BELLUNO Il titolare del Bar &#8221; Osteria Dal Bocia&#8221; \u00e8 dovuto ricorrere alle cure del pronto soccorso per contusioni alla mandibola e alla cresta iliaca, in seguito all&#8217;aggressione di C.D.P.\u00a0 45 anni residente a Reggio Emilia ma di fatto senza una fissa dimora. Il fatto ieri sera alle 21.30 quando il barista si \u00e8&hellip;<\/p>\n","protected":false},"author":1,"featured_media":118245,"comment_status":"closed","ping_status":"closed","sticky":false,"template":"","format":"standard","meta":{"_monsterinsights_skip_tracking":false,"_monsterinsights_sitenote_active":false,"_monsterinsights_sitenote_note":"","_monsterinsights_sitenote_category":0,"footnotes":""},"categories":[51,49],"tags":[],"class_list":["post-118198","post","type-post","status-publish","format-standard","has-post-thumbnail","hentry","category-evidenza-top","category-news-18","category-51","category-49","description-off"],"img_url":"https:\/\/www.radiopiu.net\/wordpress\/wp-content\/uploads\/2020\/02\/download-11.jpg","_links":{"self":[{"href":"https:\/\/www.radiopiu.net\/wordpress\/wp-json\/wp\/v2\/posts\/118198","targetHints":{"allow":["GET"]}}],"collection":[{"href":"https:\/\/www.radiopiu.net\/wordpress\/wp-json\/wp\/v2\/posts"}],"about":[{"href":"https:\/\/www.radiopiu.net\/wordpress\/wp-json\/wp\/v2\/types\/post"}],"author":[{"embeddable":true,"href":"https:\/\/www.radiopiu.net\/wordpress\/wp-json\/wp\/v2\/users\/1"}],"replies":[{"embeddable":true,"href":"https:\/\/www.radiopiu.net\/wordpress\/wp-json\/wp\/v2\/comments?post=118198"}],"version-history":[{"count":0,"href":"https:\/\/www.radiopiu.net\/wordpress\/wp-json\/wp\/v2\/posts\/118198\/revisions"}],"wp:featuredmedia":[{"embeddable":true,"href":"https:\/\/www.radiopiu.net\/wordpress\/wp-json\/wp\/v2\/media\/118245"}],"wp:attachment":[{"href":"https:\/\/www.radiopiu.net\/wordpress\/wp-json\/wp\/v2\/media?parent=118198"}],"wp:term":[{"taxonomy":"category","embeddable":true,"href":"https:\/\/www.radiopiu.net\/wordpress\/wp-json\/wp\/v2\/categories?post=118198"},{"taxonomy":"post_tag","embeddable":true,"href":"https:\/\/www.radiopiu.net\/wordpress\/wp-json\/wp\/v2\/tags?post=118198"}],"curies":[{"name":"wp","href":"https:\/\/api.w.org\/{rel}","templated":true}]}}