{"id":118202,"date":"2020-02-20T05:57:15","date_gmt":"2020-02-20T04:57:15","guid":{"rendered":"https:\/\/www.radiopiu.net\/wordpress\/?p=118202"},"modified":"2020-02-20T10:39:41","modified_gmt":"2020-02-20T09:39:41","slug":"giornale-radiopiu-20-febbraio-2020-direttore-mirko-mezzacasa","status":"publish","type":"post","link":"https:\/\/www.radiopiu.net\/wordpress\/giornale-radiopiu-20-febbraio-2020-direttore-mirko-mezzacasa\/","title":{"rendered":"GIORNALE RADIOPIU 20 FEBBRAIO 2020 direttore Mirko Mezzacasa"},"content":{"rendered":"<hr \/>\n<p><strong>Gestione Servizi Pubblici<\/strong> informa che, a causa di un&#8217; ingente perdita\u00a0 sulla rete idrica comunale, Oggi dalle 8.30 alle 12 verr\u00e0 sospesa l\u2019erogazione dell\u2019acqua a Caviola di Falcade.<\/p>\n<p>&nbsp;<\/p>\n<hr \/>\n<h3><strong><a class=\"dt-pswp-item\" href=\"https:\/\/www.radiopiu.net\/wordpress\/wp-content\/uploads\/2020\/02\/telegram-q-ok.jpg\" data-dt-img-description=\"\" data-large_image_width=\"800\" data-large_image_height=\"800\"><img loading=\"lazy\" decoding=\"async\" class=\"wp-image-117176 alignleft\" src=\"https:\/\/www.radiopiu.net\/wordpress\/wp-content\/uploads\/2020\/02\/telegram-q-ok-300x300.jpg\" alt=\"\" width=\"103\" height=\"103\" srcset=\"https:\/\/www.radiopiu.net\/wordpress\/wp-content\/uploads\/2020\/02\/telegram-q-ok-300x300.jpg 300w, https:\/\/www.radiopiu.net\/wordpress\/wp-content\/uploads\/2020\/02\/telegram-q-ok-150x150.jpg 150w, https:\/\/www.radiopiu.net\/wordpress\/wp-content\/uploads\/2020\/02\/telegram-q-ok-768x768.jpg 768w, https:\/\/www.radiopiu.net\/wordpress\/wp-content\/uploads\/2020\/02\/telegram-q-ok.jpg 800w\" sizes=\"auto, (max-width: 103px) 100vw, 103px\" \/><\/a><\/strong><strong>PER RICEVERE QUESTO NOTIZIARIO DIRETTAMENTE SUL TUO CELLULARE ISCRIVITI AL CANALE <span style=\"color: #0000ff;\">TELEGRAM<\/span><\/strong><\/h3>\n<p><strong>&#8220;<span style=\"color: #ff0000;\">RADIO PIU\u00a0 INFORMAZIONE<span style=\"color: #000000;\">&#8221;\u00a0<\/span><\/span><\/strong><\/p>\n<p>&nbsp;<\/p>\n<p>&nbsp;<\/p>\n<hr \/>\n<p>&nbsp;<\/p>\n<p>&nbsp;<\/p>\n<p><strong>563 di SALESEI tra PIAN DI SALESEI E SALESEI\u00a0<\/strong> FINO AL 21 febbraio esclusi festivi e prefestivi INTERDIZIONE TOTALE AL TRAFFICO dalle 9 alle 17 per rimozione schianti. negli altri orari senso unico con semaforo<\/p>\n<hr \/>\n<h3><\/h3>\n<p>&nbsp;<\/p>\n<p><strong>BELLUNO<\/strong> Oggi alle 15.15 in Duomo l&#8217;ultimo saluto ad Antonio Marrone, 78 anni, scomparso lunedi all&#8217;ospedale San Martino, ex ufficiale degli Alpini, commercialista ed ex amministratore comunale nella Giunta del sindaco Bortoluzzi.<\/p>\n<hr \/>\n<h3><\/h3>\n<p>&nbsp;<\/p>\n<p>&nbsp;<\/p>\n<p>&nbsp;<\/p>\n<h2><span style=\"color: #ff0000;\">LA BELLA NOTIZIA<\/span><\/h2>\n<p>&nbsp;<\/p>\n<p><strong>FALCADE<\/strong> Non il miracolo, ma il grande impegno dei medici. Il ragazzino di Falcade sta meglio, era \u00a0rimasto coinvolto in un incidente sugli sci all&#8217;Alpe di Lusia: si stava allenando con i tecnici e i compagni dell&#8217;Unione sportiva Monti Pallidi di Moena societ\u00e0 con la quale gareggia.\u00a0 Sar\u00e0 necessario un periodo di convalescenza e di recupero e ci vorr\u00e0 un po&#8217; di tempo perch\u00e9 possa ritornare in pista, ma la notizia \u00e8 una sola:\u00a0 le sue condizioni sono in fase di miglioramento.<\/p>\n<blockquote><p><em>Il responsabile del settore sci alpino dell&#8217;Unione sportiva Monti Pallidi Fabrizio Deville ha scritto una lettera aperta al 14enne e ai suoi famigliari. &#8220;Sono stati giorni veramente difficili e carichi di ansia per la nostra societ\u00e0. Ma soprattutto per la famiglia che ha vissuto momenti di dolore e incertezza. I medici, la tempra e un po&#8217; di fortuna lo hanno aiutato e ora sta molto meglio e si appresta ad affrontare la fase di recupero. Nella speranza di vederlo al pi\u00f9 presto sugli sci, salutiamo gli altri nostri atleti fermi ai box&#8221;.<\/em><\/p><\/blockquote>\n<p>&nbsp;<\/p>\n<hr \/>\n<p>&nbsp;<\/p>\n<blockquote>\n<h2>SEQUESTRO DI OLTRE 300 MILA EURO NEI CONFRONTI DI UN TUTORE GIUDIZIALE DENUNCIATO PER PECULATO IN CONCORSO CON IL PROTUTORE<\/h2>\n<\/blockquote>\n<p><strong><img loading=\"lazy\" decoding=\"async\" class=\"alignleft\" src=\"https:\/\/www.radiopiu.net\/wordpress\/wp-content\/uploads\/2015\/05\/guardia-di-finanza-auto_full1.jpg\" width=\"235\" height=\"176\" \/>BELLUNO<\/strong>\u00a0 I finanzieri del Comando Provinciale di Belluno hanno notificato l\u2019avviso della conclusione delle indagini preliminari ad un imprenditore, tutore giudiziale di un proprio congiunto, gi\u00e0 destinatario nel mese di dicembre 2019 di un decreto di sequestro preventivo emesso dal Gip del Tribunale di Belluno su richiesta della Procura finalizzato alla confisca di un immobile e denaro per un valore di 303 mila euro.\u00a0 Indagini disposte dalla Procura della Repubblica di Belluno e condotte dagli investigatori del Nucleo di Polizia Economico-Finanziaria della Guardia di Finanza, hanno consentito di accertare che, in relazione alla tutela legale di un soggetto interdetto dal Tribunale di Belluno, il fratello, nominato tutore nel 2008, ha svolto il proprio incarico adottando, da subito, una gestione del patrimonio gravemente negligente, sfociata nell&#8217;illecita condotta penale del reato di peculato,\u00a0 attesa la natura pubblica della tutela e la qualit\u00e0 di pubblico ufficiale del tutore dell\u2019interdetto, avvalendosi anche della cooperazione del protutore \u2013 avvocato nonch\u00e9 figlia del denunciato &#8211; che avrebbe anche effettuato accessi per conto del padre alla cancelleria del Tribunale agevolandone la condotta illecita. \u00c8 infatti emerso come il tutore si sia appropriato, nel corso degli anni, di ingenti somme di denaro \u2013 per centinaia di migliaia di euro \u2013 derivanti dalla mala gestione del patrimonio dell\u2019incapace, tra cui spicca il mancato versamento della quota di legittima alla morte del padre e la vendita nel 2016 della villa di famiglia di Belluno, sottraendo ed utilizzando per fini propri le somme ottenute, senza riversare alla sorella tutelata le quote di spettanza. La complessa attivit\u00e0 investigativa si \u00e8 sviluppata attraverso la disamina di copiosa documentazione, l\u2019assunzione di informazioni testimoniali, la ricostruzione particolareggiata del patrimonio economico-finanziario del soggetto interdetto, nonch\u00e9 l&#8217;analisi approfondita dei rapporti bancari riconducibili agli indagati. Le risorse sottratte al soggetto interdetto sono state pertanto protette con il sequestro \u201cper equivalente\u201d, misura cautelare che ha \u201ccongelato\u201d, per la successiva confisca, i beni nella disponibilit\u00e0 del tutore denunciato, in misura proporzionata all\u2019ammontare di quanto illecitamente sottratto. Le attivit\u00e0 investigative condotte dimostrano la costante azione della Guardia di Finanza nella ricerca e repressione delle pi\u00f9 gravi condotte illecite perpetrate a danno della Pubblica Amministrazione e nell\u2019aggressione dei patrimoni illecitamente accumulati<\/p>\n<p>&nbsp;<\/p>\n<p>&nbsp;<\/p>\n<p>&nbsp;<\/p>\n<hr \/>\n<p>&nbsp;<\/p>\n<p>&nbsp;<\/p>\n<p>&nbsp;<\/p>\n<blockquote>\n<h3>IL BARISTA SI RIFIUTA DI DARGLI DA BERE E LUI LO PICCHIA PER POI RESISTERE AI CARABINIERI<\/h3>\n<\/blockquote>\n<p><strong><a class=\"dt-pswp-item\" href=\"https:\/\/www.radiopiu.net\/wordpress\/wp-content\/uploads\/2020\/02\/download-9.jpg\" data-dt-img-description=\"\" data-large_image_width=\"275\" data-large_image_height=\"183\"><img loading=\"lazy\" decoding=\"async\" class=\" wp-image-118199 alignleft\" src=\"https:\/\/www.radiopiu.net\/wordpress\/wp-content\/uploads\/2020\/02\/download-9.jpg\" alt=\"\" width=\"165\" height=\"110\" \/><\/a>BELLUNO<\/strong> Il titolare del Bar &#8221; Osteria Dal Bocia&#8221; \u00e8 dovuto ricorrere alle cure del ronto soccorso per contusioni alla mandibola e alla cresta iliaca, in seguito all&#8217;aggressione di C.D.P.\u00a0 45 anni residente a Reggio Emilia ma di fatto senza\u00a0 fissa dimora. Il fatto l&#8217;altra sera alle 21.30 quando il barista si \u00e8 rifiutato &#8211; per validi motivi &#8211;\u00a0 di dare da bere all&#8217;avventore del locale. L&#8217;uomo ha inoltre peggiorato la sua situazione all&#8217;arrivo dei militari della sezione radiomobile facendoli\u00a0 oggetto di oltraggi in pubblico. Per questo C.D.P. \u00e8 stato denunciato in stato di libert\u00e0 per resistenza a pubblico ufficiale e come detto oltraggio. Il barista \u00e8 stato dimesso dal pronto soccorso con una prognosi di 4\u00a0 giorni.<\/p>\n<p>&nbsp;<\/p>\n<p>&nbsp;<\/p>\n<p>&nbsp;<\/p>\n<p>&nbsp;<\/p>\n<hr \/>\n<p>&nbsp;<\/p>\n<p>&nbsp;<\/p>\n<p>&nbsp;<\/p>\n<blockquote>\n<h3>IDEA OSTELLO DA CASSARE, ALL&#8217;EX FOLLADOR UN POLO MUSEALE, QUESTA LA PROPOSTA DELL&#8217;AMMINISTRAZIONE DEL SINDACO ROBERTO CHISSALE&#8217;<\/h3>\n<\/blockquote>\n<p><strong><a class=\"dt-pswp-item\" href=\"https:\/\/www.radiopiu.net\/wordpress\/wp-content\/uploads\/2020\/02\/d74bffa9-17a2-4aa7-ad65-6401c938d6ea.jpg\" data-dt-img-description=\"\" data-large_image_width=\"942\" data-large_image_height=\"463\"><img loading=\"lazy\" decoding=\"async\" class=\" wp-image-118224 alignleft\" src=\"https:\/\/www.radiopiu.net\/wordpress\/wp-content\/uploads\/2020\/02\/d74bffa9-17a2-4aa7-ad65-6401c938d6ea-300x147.jpg\" alt=\"\" width=\"232\" height=\"113\" srcset=\"https:\/\/www.radiopiu.net\/wordpress\/wp-content\/uploads\/2020\/02\/d74bffa9-17a2-4aa7-ad65-6401c938d6ea-300x147.jpg 300w, https:\/\/www.radiopiu.net\/wordpress\/wp-content\/uploads\/2020\/02\/d74bffa9-17a2-4aa7-ad65-6401c938d6ea-768x377.jpg 768w, https:\/\/www.radiopiu.net\/wordpress\/wp-content\/uploads\/2020\/02\/d74bffa9-17a2-4aa7-ad65-6401c938d6ea.jpg 942w\" sizes=\"auto, (max-width: 232px) 100vw, 232px\" \/><\/a><\/strong><\/p>\n<p>&nbsp;<\/p>\n<p><strong>AGORDO<\/strong><\/p>\n<p><strong>DI GIANNI SANTOMASO<\/strong><\/p>\n<audio class=\"wp-audio-shortcode\" id=\"audio-118202-1\" preload=\"none\" style=\"width: 100%;\" controls=\"controls\"><source type=\"audio\/mpeg\" src=\"https:\/\/www.radiopiu.net\/wordpress\/wp-content\/uploads\/2020\/02\/GIANNI-OSTELLO.mp3?_=1\" \/><a href=\"https:\/\/www.radiopiu.net\/wordpress\/wp-content\/uploads\/2020\/02\/GIANNI-OSTELLO.mp3\">https:\/\/www.radiopiu.net\/wordpress\/wp-content\/uploads\/2020\/02\/GIANNI-OSTELLO.mp3<\/a><\/audio>\n<p>&nbsp;<\/p>\n<p>&nbsp;<\/p>\n<p>&nbsp;<\/p>\n<hr \/>\n<p>&nbsp;<\/p>\n<p>&nbsp;<\/p>\n<blockquote>\n<h3>IL PRESIDENTE DELLA PROVINCIA HA INCONTRATO LA CONSULTA GIOVANI CADORE<\/h3>\n<\/blockquote>\n<p><strong><a class=\"dt-pswp-item\" href=\"https:\/\/www.radiopiu.net\/wordpress\/wp-content\/uploads\/2020\/02\/PHOTO-2020-02-18-20-08-04.jpg\" data-dt-img-description=\"\" data-large_image_width=\"1600\" data-large_image_height=\"1200\"><img loading=\"lazy\" decoding=\"async\" class=\" wp-image-118207 alignleft\" src=\"https:\/\/www.radiopiu.net\/wordpress\/wp-content\/uploads\/2020\/02\/PHOTO-2020-02-18-20-08-04-300x225.jpg\" alt=\"\" width=\"247\" height=\"185\" srcset=\"https:\/\/www.radiopiu.net\/wordpress\/wp-content\/uploads\/2020\/02\/PHOTO-2020-02-18-20-08-04-300x225.jpg 300w, https:\/\/www.radiopiu.net\/wordpress\/wp-content\/uploads\/2020\/02\/PHOTO-2020-02-18-20-08-04-1024x768.jpg 1024w, https:\/\/www.radiopiu.net\/wordpress\/wp-content\/uploads\/2020\/02\/PHOTO-2020-02-18-20-08-04-768x576.jpg 768w, https:\/\/www.radiopiu.net\/wordpress\/wp-content\/uploads\/2020\/02\/PHOTO-2020-02-18-20-08-04-1536x1152.jpg 1536w, https:\/\/www.radiopiu.net\/wordpress\/wp-content\/uploads\/2020\/02\/PHOTO-2020-02-18-20-08-04.jpg 1600w\" sizes=\"auto, (max-width: 247px) 100vw, 247px\" \/><\/a>BELLUNO<\/strong> Roberto Padrin\u00a0 ha incontrato a Pieve di Cadore i ragazzi che stanno formando la Consulta Giovani Cadore. Tema di discussione i progetti per il futuro del territorio e di azioni contro lo spopolamento. Uno scambio di documenti, visto che i ragazzi della Consulta hanno presentato una lista di azioni possibili per far crescere la montagna, mentre il presidente ha illustrato il report consegnato al ministro Boccia nel mese di dicembre. La costituenda Consulta Giovani Cadore ha messo sul tavolo diverse idee. Dalla creazione di laboratori dedicati alla formazione delle nuove generazioni, in modo da facilitare la loro permanenza in montagna (con temi specifici orientati su agricoltura, turismo, marketing e comunicazione); alla necessit\u00e0 di affrontare i temi infrastrutturali, non solo per i grandi appuntamenti che culmineranno nelle Olimpiadi 2026. &#8220;<em>La proposta di creare un centro studi finalizzato a catalizzare progetti e fondi europei pu\u00f2 essere vincente -dice presidente della Provincia &#8211; per questo la\u00a0 valuteremo a fondo, inglobandola nel programma anti-spopolamento&#8221;.<\/em><\/p>\n<p>&nbsp;<\/p>\n<p>&nbsp;<\/p>\n<p>&nbsp;<\/p>\n<p>&nbsp;<\/p>\n<p>&nbsp;<\/p>\n<hr \/>\n<p>&nbsp;<\/p>\n<p>&nbsp;<\/p>\n<p>&nbsp;<\/p>\n<h3>ORDINE DEL GIORNO DI DARIO BOND, L&#8217;INTERVENTO IN PARLAMENTO<\/h3>\n<audio class=\"wp-audio-shortcode\" id=\"audio-118202-2\" preload=\"none\" style=\"width: 100%;\" controls=\"controls\"><source type=\"audio\/mpeg\" src=\"https:\/\/www.radiopiu.net\/wordpress\/wp-content\/uploads\/2020\/02\/BOND-6.mp3?_=2\" \/><a href=\"https:\/\/www.radiopiu.net\/wordpress\/wp-content\/uploads\/2020\/02\/BOND-6.mp3\">https:\/\/www.radiopiu.net\/wordpress\/wp-content\/uploads\/2020\/02\/BOND-6.mp3<\/a><\/audio>\n<p><strong>DALLA CAMERA DEI DEPUTATI<\/strong><\/p>\n<div style=\"width: 720px;\" class=\"wp-video\"><video class=\"wp-video-shortcode\" id=\"video-118202-1\" width=\"720\" height=\"576\" preload=\"metadata\" controls=\"controls\"><source type=\"video\/mp4\" src=\"https:\/\/www.radiopiu.net\/wordpress\/wp-content\/uploads\/2020\/02\/WhatsApp-Video-2020-02-19-at-18.00.02.mp4?_=1\" \/><a href=\"https:\/\/www.radiopiu.net\/wordpress\/wp-content\/uploads\/2020\/02\/WhatsApp-Video-2020-02-19-at-18.00.02.mp4\">https:\/\/www.radiopiu.net\/wordpress\/wp-content\/uploads\/2020\/02\/WhatsApp-Video-2020-02-19-at-18.00.02.mp4<\/a><\/video><\/div>\n<p>&nbsp;<\/p>\n<p>&nbsp;<\/p>\n<p>&nbsp;<\/p>\n<p>&nbsp;<\/p>\n<hr \/>\n<p>&nbsp;<\/p>\n<p>&nbsp;<\/p>\n<p>&nbsp;<\/p>\n<p>&nbsp;<\/p>\n<blockquote>\n<h3>DE CARLO ISPIRATO DA ADDAMIANO, APPROVA E INTERROGA<\/h3>\n<\/blockquote>\n<p><strong><a class=\"dt-pswp-item\" href=\"https:\/\/www.radiopiu.net\/wordpress\/wp-content\/uploads\/2015\/04\/giustizia-bilancia.jpg\" data-dt-img-description=\"\" data-large_image_width=\"292\" data-large_image_height=\"328\"><img loading=\"lazy\" decoding=\"async\" class=\"wp-image-3794 alignleft\" src=\"https:\/\/www.radiopiu.net\/wordpress\/wp-content\/uploads\/2015\/04\/giustizia-bilancia-267x300.jpg\" alt=\"\" width=\"133\" height=\"149\" \/><\/a>ROMA<\/strong> Luca De Carlo si associa\u00a0 alla proposta dei consiglieri comunali. e presenta un\u2019interrogazione al Ministro Bonafede per dare forza alla richiesta di un centro U.E.P.E bellunese. Il Deputato di Fratelli D&#8217;Italia\u00a0 chiede al Ministro della Giustizia di valutare l\u2019opportunit\u00e0 di dotare il Comune di Belluno di appositi Uffici Locali di Esecuzione Penale Esterna, cos\u00ec come gi\u00e0 verificato in medesime situazioni, nelle quattro Province montane di Bolzano, Trento, Aosta e Cuneo<em>. &#8220;Avere una risposta positiva su un argomento cos\u00ec delicato sarebbe di fondamentale importanza, in particolare se a dover fruire di determinati servizi sono i cittadini della provincia provenienti dalle aree pi\u00f9 marginali, con tutte le relative difficolt\u00e0 che la montagna comporta\u201d.<\/em> E\u2019 quanto ha dichiarato il deputato bellunese<\/p>\n<p>&nbsp;<\/p>\n<p>&nbsp;<\/p>\n<p>&nbsp;<\/p>\n<p>&nbsp;<\/p>\n<hr \/>\n<p>&nbsp;<\/p>\n<p>&nbsp;<\/p>\n<h2><span style=\"color: #ff0000;\">SINDACALE<\/span><\/h2>\n<p><strong><a class=\"dt-pswp-item\" href=\"https:\/\/www.radiopiu.net\/wordpress\/wp-content\/uploads\/2020\/02\/Marco-Potente.jpg\" data-dt-img-description=\"\" data-large_image_width=\"768\" data-large_image_height=\"1024\"><img loading=\"lazy\" decoding=\"async\" class=\"wp-image-118256 alignleft\" src=\"https:\/\/www.radiopiu.net\/wordpress\/wp-content\/uploads\/2020\/02\/Marco-Potente-225x300.jpg\" alt=\"\" width=\"190\" height=\"253\" srcset=\"https:\/\/www.radiopiu.net\/wordpress\/wp-content\/uploads\/2020\/02\/Marco-Potente-225x300.jpg 225w, https:\/\/www.radiopiu.net\/wordpress\/wp-content\/uploads\/2020\/02\/Marco-Potente.jpg 768w\" sizes=\"auto, (max-width: 190px) 100vw, 190px\" \/><\/a><\/strong><\/p>\n<p>&nbsp;<\/p>\n<p>&nbsp;<\/p>\n<p>&nbsp;<\/p>\n<p>&nbsp;<\/p>\n<p><strong>TREVISO<\/strong> Domani lo sciopero degli addetti del legno per il rinnovo del contratto scaduto da quasi un anno. La protesta a livello provinciale interessa quattromila addetti del comparto.\u00a0 I sindacati: \u00abLe associazioni datoriali vogliono aumentare la precariet\u00e0\u00bb A Radio Piu&#8217; ne parla Marco Potente della Filca Cisl Belluno Treviso-<\/p>\n<p>&nbsp;<\/p>\n<audio class=\"wp-audio-shortcode\" id=\"audio-118202-3\" preload=\"none\" style=\"width: 100%;\" controls=\"controls\"><source type=\"audio\/mpeg\" src=\"https:\/\/www.radiopiu.net\/wordpress\/wp-content\/uploads\/2020\/02\/Marco-Potente-della-Filca-Cisl-Belluno-Treviso-sullo-sciopero-di-venerd\u00ec.mp3?_=3\" \/><a href=\"https:\/\/www.radiopiu.net\/wordpress\/wp-content\/uploads\/2020\/02\/Marco-Potente-della-Filca-Cisl-Belluno-Treviso-sullo-sciopero-di-venerd\u00ec.mp3\">https:\/\/www.radiopiu.net\/wordpress\/wp-content\/uploads\/2020\/02\/Marco-Potente-della-Filca-Cisl-Belluno-Treviso-sullo-sciopero-di-venerd\u00ec.mp3<\/a><\/audio>\n<blockquote>\n<h3><\/h3>\n<h3><\/h3>\n<hr \/>\n<h3><\/h3>\n<h3>UFFICIO SCOLASTICO PROVINCIALE SOTTO ORGANICO. NESSUNA ASSUNZIONE PREVISTA<\/h3>\n<\/blockquote>\n<p><strong><a class=\"dt-pswp-item\" href=\"https:\/\/www.radiopiu.net\/wordpress\/wp-content\/uploads\/2020\/02\/miglioramento-sismico_scuola_agordo_2.jpg\" data-dt-img-description=\"\" data-large_image_width=\"1280\" data-large_image_height=\"771\"><img loading=\"lazy\" decoding=\"async\" class=\" wp-image-117411 alignright\" src=\"https:\/\/www.radiopiu.net\/wordpress\/wp-content\/uploads\/2020\/02\/miglioramento-sismico_scuola_agordo_2-300x181.jpg\" alt=\"\" width=\"237\" height=\"143\" srcset=\"https:\/\/www.radiopiu.net\/wordpress\/wp-content\/uploads\/2020\/02\/miglioramento-sismico_scuola_agordo_2-300x181.jpg 300w, https:\/\/www.radiopiu.net\/wordpress\/wp-content\/uploads\/2020\/02\/miglioramento-sismico_scuola_agordo_2-1024x617.jpg 1024w, https:\/\/www.radiopiu.net\/wordpress\/wp-content\/uploads\/2020\/02\/miglioramento-sismico_scuola_agordo_2-768x463.jpg 768w, https:\/\/www.radiopiu.net\/wordpress\/wp-content\/uploads\/2020\/02\/miglioramento-sismico_scuola_agordo_2.jpg 1280w\" sizes=\"auto, (max-width: 237px) 100vw, 237px\" \/><\/a>BELLUNO<\/strong> Beffa dalla Direzione regionale: nonostante la carenza di organico pi\u00f9 volte denunciata, delle 12 assunzioni su scala regionale annunciate lo scorso 10 gennaio, nessuna \u00e8 destinata all\u2019Ufficio bellunese, sotto organico del 60%.\u00a0 Si tratta\u00a0 dell\u2019ennesimo provvedimento che non tiene in considerazione la situazione drammatica in cui versa l\u2019Ufficio Scolastico Territoriale di Belluno. Attualmente negli uffici dell\u2019ex Provveditorato agli Studi lavorano 8 dipendenti, meno della met\u00e0 dell\u2019organico di diritto previsto dal Ministero che prevede 20 lavoratori, di cui 8 funzionari, 11 assistenti e un commesso. La Cisl- lancia un appello sia alla politica locale, regionale e nazionale che ai dirigenti del Ministero, affinch\u00e9 spieghino come intendono organizzare lo svolgimento delle procedure per un regolare avvio del prossimo anno scolastico, con meno della met\u00e0 degli organici previsti e con il taglio del 50% alle risorse economiche, Lo scorso 10 gennaio, l\u2019Ufficio Scolastico Regionale per il Veneto ha disposto la distribuzione dei nuovi funzionari assunti nell\u2019ultima procedura concorsuale per potenziare alcune strutture in grave carenza organica: 8 le assunzioni negli uffici della Direzione Generale, due a Treviso, uno a Venezia e uno Verona. Nessuno a Belluno, nonostante la scopertura media totale del 60%.<\/p>\n<p>&nbsp;<\/p>\n<h2>LA PAROLA A FRANCO GIDONI, CONSIGLIERE REGIONALE (LEGA NORD)<\/h2>\n<audio class=\"wp-audio-shortcode\" id=\"audio-118202-4\" preload=\"none\" style=\"width: 100%;\" controls=\"controls\"><source type=\"audio\/mpeg\" src=\"https:\/\/www.radiopiu.net\/wordpress\/wp-content\/uploads\/2020\/02\/gido.mp3?_=4\" \/><a href=\"https:\/\/www.radiopiu.net\/wordpress\/wp-content\/uploads\/2020\/02\/gido.mp3\">https:\/\/www.radiopiu.net\/wordpress\/wp-content\/uploads\/2020\/02\/gido.mp3<\/a><\/audio>\n<p>&nbsp;<\/p>\n<hr \/>\n<p>&nbsp;<\/p>\n<p>&nbsp;<\/p>\n<p>&nbsp;<\/p>\n<p>&nbsp;<\/p>\n<blockquote>\n<h3>OGGI SUL CORRIERE DELLE ALPI, DI LORENZO SORATROI.<\/h3>\n<\/blockquote>\n<div class=\"articlePlainSubHead\">Il comitato: \u00abIl decreto legge cancella norme e vincoli\u00bb Progetto inesistente, ipotizzati 4 impianti e piste in piano No al Collegamento Arabba-Cortina ma la Legge olimpica spaventa i fodomi<\/div>\n<div><\/div>\n<blockquote>\n<div class=\"articlePlainText\"><a class=\"dt-pswp-item\" href=\"https:\/\/www.radiopiu.net\/wordpress\/wp-content\/uploads\/2020\/02\/lor.jpg\" data-dt-img-description=\"\" data-large_image_width=\"1600\" data-large_image_height=\"901\"><img loading=\"lazy\" decoding=\"async\" class=\" wp-image-118179 alignleft\" src=\"https:\/\/www.radiopiu.net\/wordpress\/wp-content\/uploads\/2020\/02\/lor-300x169.jpg\" alt=\"\" width=\"190\" height=\"107\" srcset=\"https:\/\/www.radiopiu.net\/wordpress\/wp-content\/uploads\/2020\/02\/lor-300x169.jpg 300w, https:\/\/www.radiopiu.net\/wordpress\/wp-content\/uploads\/2020\/02\/lor-1024x577.jpg 1024w, https:\/\/www.radiopiu.net\/wordpress\/wp-content\/uploads\/2020\/02\/lor-768x432.jpg 768w, https:\/\/www.radiopiu.net\/wordpress\/wp-content\/uploads\/2020\/02\/lor-1536x865.jpg 1536w, https:\/\/www.radiopiu.net\/wordpress\/wp-content\/uploads\/2020\/02\/lor.jpg 1600w\" sizes=\"auto, (max-width: 190px) 100vw, 190px\" \/><\/a>\u00abAmministrazioni sempre contrarie al progetto, ma ora la paura \u00e8 che la Legge olimpica permetta di bypassare ogni vincolo\u00bb. Dopo aver spiegato le ragioni del no, sintetizzate in sei punti, alla base della nascita del comitato per il no al collegamento sciistico Cortina-Arabba, nella seconda parte della riunione di marted\u00ec sera sono stati presentati un excursus storico e alcuni dati in possesso del neo costituito comitato sui vincoli paesaggistici attualmente in vigore per la zona tra il Col di Lana ed il Setsass (qui dovrebbero passare gli impianti) e sulle ipotesi dei possibili tracciati.\u00abDel progetto se ne parla gi\u00e0 dagli anni Settanta\u00bb, ha spiegato Andrea Crepaz, vice presidente del comitato&#8230;..<\/div>\n<\/blockquote>\n<div><\/div>\n<div>\n<hr \/>\n<\/div>\n<h3><\/h3>\n<p>&nbsp;<\/p>\n<p>&nbsp;<\/p>\n<p>&nbsp;<\/p>\n<blockquote>\n<h3>PROGETTO RONCE 2020 INCONTRI ISTITUZIONALI A RITMO SERRATO<\/h3>\n<\/blockquote>\n<p><strong>BELLUNO<\/strong> Continuano gli incontri istituzionali dell&#8217;associazione Belluno Alpina per l&#8217;avanzamento del progetto Ronce 2020: nelle ultime settimane, da Venezia a Belluno si sono registrate diverse riunioni per arrivare a una concretizzazione della proposta.\u00a0 <em>\u201cDopo mesi di raccolta di informazioni, analisi dei dati e incontri con gli enti interessati, \u00e8 arrivato il momento di trovare un punto di condivisione e di allineamento con le realt\u00e0 coinvolte dal tavolo antispopolamento, coordinato dal comune di Belluno e dall&#8217;assessore Giannone\u201d<\/em>, spiega il presidente Gimmy Dal Farra. Uno degli obbiettivi di Belluno Alpina \u00e8 quello di \u201ccostituire un ufficio di progettazione che possa andare a caccia di contributi europei e nazionali destinati allo sviluppo territoriale. Circa sette milioni e mezzo di euro l&#8217;ammontare delle azioni \u201cdi prima necessit\u00e0\u201d stimate:\u00a0 dai due milioni e mezzo per le ristrutturazioni edilizie ai due milioni per ambiente, sicurezza e viabilit\u00e0. Un milione per la pulizia e manutenzione dei prati e il supporto ai cosiddetti \u201chobbysti\u201d e altrettanti per gli interventi su strutture e impianti sportivi, per finire ai 500mila euro per la filiera del legno, con un pensiero sempre ai consorzi forestali, e un altro mezzo milione di euro per attivit\u00e0 varie, su tutte comunicazione e promozione.\u00a0 Anche per questo, un paio di settimane fa si \u00e8 tenuto un incontro in Regione Veneto con il settore agricoltura, mentre in questi giorni si \u00e8 tenuta un&#8217;altra riunione in vista del Giro d&#8217;Italia. Luned\u00ec 17 invece il confronto \u00e8 stato con il GAL Prealpi e Dolomiti<\/p>\n<p>&nbsp;<\/p>\n<hr \/>\n<p>&nbsp;<\/p>\n<p>&nbsp;<\/p>\n<p>&nbsp;<\/p>\n<h1><span style=\"color: #ff0000;\">LA STORIA<\/span><\/h1>\n<p><a class=\"dt-pswp-item\" href=\"https:\/\/www.radiopiu.net\/wordpress\/wp-content\/uploads\/2020\/02\/WhatsApp-Image-2020-02-18-at-19.58.58.jpeg\" data-dt-img-description=\"\" data-large_image_width=\"1024\" data-large_image_height=\"473\"><img loading=\"lazy\" decoding=\"async\" class=\"size-medium wp-image-118254 alignleft\" src=\"https:\/\/www.radiopiu.net\/wordpress\/wp-content\/uploads\/2020\/02\/WhatsApp-Image-2020-02-18-at-19.58.58-300x139.jpeg\" alt=\"\" width=\"300\" height=\"139\" srcset=\"https:\/\/www.radiopiu.net\/wordpress\/wp-content\/uploads\/2020\/02\/WhatsApp-Image-2020-02-18-at-19.58.58-300x139.jpeg 300w, https:\/\/www.radiopiu.net\/wordpress\/wp-content\/uploads\/2020\/02\/WhatsApp-Image-2020-02-18-at-19.58.58-768x355.jpeg 768w, https:\/\/www.radiopiu.net\/wordpress\/wp-content\/uploads\/2020\/02\/WhatsApp-Image-2020-02-18-at-19.58.58.jpeg 1024w\" sizes=\"auto, (max-width: 300px) 100vw, 300px\" \/><\/a>Una vicenda sportiva che si intreccia con quella umana. Tre i protagonisti del team Agordino in trasferta in Canada. Luigi, William e Davide sono i protagonisti di una storia da raccontare ricordare nel ventoso e freddo clima canadese che blocca Davide&#8230;.<\/p>\n<h2><strong>JOHN FRANCIS DELLA PIETRA<\/strong><\/h2>\n<audio class=\"wp-audio-shortcode\" id=\"audio-118202-5\" preload=\"none\" style=\"width: 100%;\" controls=\"controls\"><source type=\"audio\/mpeg\" src=\"https:\/\/www.radiopiu.net\/wordpress\/wp-content\/uploads\/2020\/02\/JOHN-1.mp3?_=5\" \/><a href=\"https:\/\/www.radiopiu.net\/wordpress\/wp-content\/uploads\/2020\/02\/JOHN-1.mp3\">https:\/\/www.radiopiu.net\/wordpress\/wp-content\/uploads\/2020\/02\/JOHN-1.mp3<\/a><\/audio>\n<h2>LA POESIA<\/h2>\n<p><em>Spesso andiamo alla ricerca di qualcosa di qua e di l\u00e0 <\/em><br \/>\n<em>D insolito d introvabile di novit\u00e0 <\/em><br \/>\n<em>Cosa abbiamo trovato in Canada <\/em><br \/>\n<em>Fra l immensa distese e le metropoli <\/em><br \/>\n<em>Tra la gente di pi\u00f9 popoli<\/em><br \/>\n<em>Nella fredda burrasca tra betulle gli aceri e pini <\/em><br \/>\n<em>Senza clamore \u00e8 apparsa la solidariet\u00e0 degli agordini <\/em><br \/>\n<em>Si un bel gesto in terra straniera <\/em><br \/>\n<em>Aiutarsi l un l altro per arrivare al traguardo assieme sembra cosa d una passata era<\/em><br \/>\n<em>Ne faccio solo menzione<\/em><br \/>\n<em>Ma \u00e8 un grande esempio di chi sa fare le cose con passione<\/em><br \/>\n<em>Non \u00e8 da poco esser cos\u00ec lontani<\/em><br \/>\n<em>Ma saper tender ad un fratello voce ed ausilianti mani <\/em><br \/>\n<em>\u00c8 un fatto degno di notoriet\u00e0 <\/em><br \/>\n<em>L. Umana Agordina Solidariet\u00e0<\/em><\/p>\n<audio class=\"wp-audio-shortcode\" id=\"audio-118202-6\" preload=\"none\" style=\"width: 100%;\" controls=\"controls\"><source type=\"audio\/mpeg\" src=\"https:\/\/www.radiopiu.net\/wordpress\/wp-content\/uploads\/2020\/02\/JOHN-2.mp3?_=6\" \/><a href=\"https:\/\/www.radiopiu.net\/wordpress\/wp-content\/uploads\/2020\/02\/JOHN-2.mp3\">https:\/\/www.radiopiu.net\/wordpress\/wp-content\/uploads\/2020\/02\/JOHN-2.mp3<\/a><\/audio>\n<p>&nbsp;<\/p>\n<p>&nbsp;<\/p>\n<p>&nbsp;<\/p>\n<hr \/>\n<p>&nbsp;<\/p>\n<blockquote>\n<h2>NEL RICORDO DI LOVATEL UN DONO GRADITO<\/h2>\n<\/blockquote>\n<p><strong><a class=\"dt-pswp-item\" href=\"https:\/\/www.radiopiu.net\/wordpress\/wp-content\/uploads\/2019\/01\/Totem-con-defibrillatore-Piazza-Duomo.jpeg\" data-dt-img-description=\"\" data-large_image_width=\"1200\" data-large_image_height=\"1600\"><img loading=\"lazy\" decoding=\"async\" class=\" wp-image-74615 alignleft\" src=\"https:\/\/www.radiopiu.net\/wordpress\/wp-content\/uploads\/2019\/01\/Totem-con-defibrillatore-Piazza-Duomo-225x300.jpeg\" alt=\"\" width=\"131\" height=\"175\" srcset=\"https:\/\/www.radiopiu.net\/wordpress\/wp-content\/uploads\/2019\/01\/Totem-con-defibrillatore-Piazza-Duomo-225x300.jpeg 225w, https:\/\/www.radiopiu.net\/wordpress\/wp-content\/uploads\/2019\/01\/Totem-con-defibrillatore-Piazza-Duomo-768x1024.jpeg 768w, https:\/\/www.radiopiu.net\/wordpress\/wp-content\/uploads\/2019\/01\/Totem-con-defibrillatore-Piazza-Duomo.jpeg 1200w\" sizes=\"auto, (max-width: 131px) 100vw, 131px\" \/><\/a><\/strong><\/p>\n<p>&nbsp;<\/p>\n<p>&nbsp;<\/p>\n<p>&nbsp;<\/p>\n<p>&nbsp;<\/p>\n<p>&nbsp;<\/p>\n<p><strong>CESIOMAGGIORE<\/strong><\/p>\n<p><strong>DI DAMIANO TORMEN\u00a0<\/strong><\/p>\n<audio class=\"wp-audio-shortcode\" id=\"audio-118202-7\" preload=\"none\" style=\"width: 100%;\" controls=\"controls\"><source type=\"audio\/mpeg\" src=\"https:\/\/www.radiopiu.net\/wordpress\/wp-content\/uploads\/2020\/02\/DAMIANO-2.mp3?_=7\" \/><a href=\"https:\/\/www.radiopiu.net\/wordpress\/wp-content\/uploads\/2020\/02\/DAMIANO-2.mp3\">https:\/\/www.radiopiu.net\/wordpress\/wp-content\/uploads\/2020\/02\/DAMIANO-2.mp3<\/a><\/audio>\n<p>&nbsp;<\/p>\n<p>&nbsp;<\/p>\n<p>&nbsp;<\/p>\n<p>&nbsp;<\/p>\n<hr \/>\n<p>&nbsp;<\/p>\n<p>&nbsp;<\/p>\n<p>&nbsp;<\/p>\n<blockquote>\n<h2>SCUOLA, STRUTTURE ATTRAENTI PER RAGAZZI E GENITORI. IERI LA MATTINATA SULLA NEVE<\/h2>\n<\/blockquote>\n<p>&nbsp;<\/p>\n<p><strong>ROCCA PIETORE<\/strong> Ieri la giornata sulla neve, il sindaco Andrea De Bernadin spiega come l&#8217;amministrazione si sta impegnando per mantenere l&#8217;offerta scolastica (ricca) sul territorio<\/p>\n<p><strong>ANDREA DE BERNARDIN SINDACO DI ROCCA PIETORE\u00a0<\/strong><\/p>\n<audio class=\"wp-audio-shortcode\" id=\"audio-118202-8\" preload=\"none\" style=\"width: 100%;\" controls=\"controls\"><source type=\"audio\/mpeg\" src=\"https:\/\/www.radiopiu.net\/wordpress\/wp-content\/uploads\/2020\/02\/ANDREA.mp3?_=8\" \/><a href=\"https:\/\/www.radiopiu.net\/wordpress\/wp-content\/uploads\/2020\/02\/ANDREA.mp3\">https:\/\/www.radiopiu.net\/wordpress\/wp-content\/uploads\/2020\/02\/ANDREA.mp3<\/a><\/audio>\n<p>&nbsp;<\/p>\n<p><a class=\"dt-pswp-item\" href=\"https:\/\/www.radiopiu.net\/wordpress\/wp-content\/uploads\/2020\/02\/3.jpg\" data-dt-img-description=\"\" data-large_image_width=\"1599\" data-large_image_height=\"1200\"><img loading=\"lazy\" decoding=\"async\" class=\"alignnone size-medium wp-image-118267\" src=\"https:\/\/www.radiopiu.net\/wordpress\/wp-content\/uploads\/2020\/02\/3-300x225.jpg\" alt=\"\" width=\"300\" height=\"225\" srcset=\"https:\/\/www.radiopiu.net\/wordpress\/wp-content\/uploads\/2020\/02\/3-300x225.jpg 300w, https:\/\/www.radiopiu.net\/wordpress\/wp-content\/uploads\/2020\/02\/3-1024x768.jpg 1024w, https:\/\/www.radiopiu.net\/wordpress\/wp-content\/uploads\/2020\/02\/3-768x576.jpg 768w, https:\/\/www.radiopiu.net\/wordpress\/wp-content\/uploads\/2020\/02\/3-1536x1153.jpg 1536w, https:\/\/www.radiopiu.net\/wordpress\/wp-content\/uploads\/2020\/02\/3.jpg 1599w\" sizes=\"auto, (max-width: 300px) 100vw, 300px\" \/><\/a><a class=\"dt-pswp-item\" href=\"https:\/\/www.radiopiu.net\/wordpress\/wp-content\/uploads\/2020\/02\/2.jpg\" data-dt-img-description=\"\" data-large_image_width=\"1200\" data-large_image_height=\"1599\"><img loading=\"lazy\" decoding=\"async\" class=\"alignnone wp-image-118266\" src=\"https:\/\/www.radiopiu.net\/wordpress\/wp-content\/uploads\/2020\/02\/2-225x300.jpg\" alt=\"\" width=\"169\" height=\"225\" srcset=\"https:\/\/www.radiopiu.net\/wordpress\/wp-content\/uploads\/2020\/02\/2-225x300.jpg 225w, https:\/\/www.radiopiu.net\/wordpress\/wp-content\/uploads\/2020\/02\/2-768x1023.jpg 768w, https:\/\/www.radiopiu.net\/wordpress\/wp-content\/uploads\/2020\/02\/2-1153x1536.jpg 1153w, https:\/\/www.radiopiu.net\/wordpress\/wp-content\/uploads\/2020\/02\/2.jpg 1200w\" sizes=\"auto, (max-width: 169px) 100vw, 169px\" \/><\/a><a class=\"dt-pswp-item\" href=\"https:\/\/www.radiopiu.net\/wordpress\/wp-content\/uploads\/2020\/02\/I.jpg\" data-dt-img-description=\"\" data-large_image_width=\"1599\" data-large_image_height=\"1200\"><img loading=\"lazy\" decoding=\"async\" class=\"alignnone size-medium wp-image-118265\" src=\"https:\/\/www.radiopiu.net\/wordpress\/wp-content\/uploads\/2020\/02\/I-300x225.jpg\" alt=\"\" width=\"300\" height=\"225\" srcset=\"https:\/\/www.radiopiu.net\/wordpress\/wp-content\/uploads\/2020\/02\/I-300x225.jpg 300w, https:\/\/www.radiopiu.net\/wordpress\/wp-content\/uploads\/2020\/02\/I-1024x768.jpg 1024w, https:\/\/www.radiopiu.net\/wordpress\/wp-content\/uploads\/2020\/02\/I-768x576.jpg 768w, https:\/\/www.radiopiu.net\/wordpress\/wp-content\/uploads\/2020\/02\/I-1536x1153.jpg 1536w, https:\/\/www.radiopiu.net\/wordpress\/wp-content\/uploads\/2020\/02\/I.jpg 1599w\" sizes=\"auto, (max-width: 300px) 100vw, 300px\" \/><\/a><a class=\"dt-pswp-item\" href=\"https:\/\/www.radiopiu.net\/wordpress\/wp-content\/uploads\/2020\/02\/4.jpg\" data-dt-img-description=\"\" data-large_image_width=\"1599\" data-large_image_height=\"1200\"><img loading=\"lazy\" decoding=\"async\" class=\"alignnone size-medium wp-image-118268\" src=\"https:\/\/www.radiopiu.net\/wordpress\/wp-content\/uploads\/2020\/02\/4-300x225.jpg\" alt=\"\" width=\"300\" height=\"225\" srcset=\"https:\/\/www.radiopiu.net\/wordpress\/wp-content\/uploads\/2020\/02\/4-300x225.jpg 300w, https:\/\/www.radiopiu.net\/wordpress\/wp-content\/uploads\/2020\/02\/4-1024x768.jpg 1024w, https:\/\/www.radiopiu.net\/wordpress\/wp-content\/uploads\/2020\/02\/4-768x576.jpg 768w, https:\/\/www.radiopiu.net\/wordpress\/wp-content\/uploads\/2020\/02\/4-1536x1153.jpg 1536w, https:\/\/www.radiopiu.net\/wordpress\/wp-content\/uploads\/2020\/02\/4.jpg 1599w\" sizes=\"auto, (max-width: 300px) 100vw, 300px\" \/><\/a><\/p>\n<p>&nbsp;<\/p>\n<p>&nbsp;<\/p>\n<p>&nbsp;<\/p>\n<hr \/>\n<p>&nbsp;<\/p>\n<p>&nbsp;<\/p>\n<p>&nbsp;<\/p>\n<blockquote>\n<h3>ALPINI, ASSEMBLEA DEI DELEGATI, FINE SETTIMANA ALPINO TRA CULTURA<\/h3>\n<\/blockquote>\n<p><strong><a class=\"dt-pswp-item\" href=\"https:\/\/www.radiopiu.net\/wordpress\/wp-content\/uploads\/2020\/02\/Stefano-Mariech.jpg\" data-dt-img-description=\"\" data-large_image_width=\"870\" data-large_image_height=\"1264\"><img loading=\"lazy\" decoding=\"async\" class=\"size-medium wp-image-118205 alignleft\" src=\"https:\/\/www.radiopiu.net\/wordpress\/wp-content\/uploads\/2020\/02\/Stefano-Mariech-206x300.jpg\" alt=\"\" width=\"206\" height=\"300\" srcset=\"https:\/\/www.radiopiu.net\/wordpress\/wp-content\/uploads\/2020\/02\/Stefano-Mariech-206x300.jpg 206w, https:\/\/www.radiopiu.net\/wordpress\/wp-content\/uploads\/2020\/02\/Stefano-Mariech-705x1024.jpg 705w, https:\/\/www.radiopiu.net\/wordpress\/wp-content\/uploads\/2020\/02\/Stefano-Mariech-768x1116.jpg 768w, https:\/\/www.radiopiu.net\/wordpress\/wp-content\/uploads\/2020\/02\/Stefano-Mariech.jpg 870w\" sizes=\"auto, (max-width: 206px) 100vw, 206px\" \/><\/a>FELTRE<\/strong> Si prospetta un fine settimana decisamente alpino per la Citt\u00e0 di Feltre grazie al doppio appuntamento predisposto dalle Penne Nere della Sezione guidate dall\u2019instancabile Presidente Stefano Mariech. Domani\u00a0 serata culturale dedicata alla Ritirata di Russia e alla Battaglia di Nikolaevka che si terr\u00e0 presso l\u2019Auditorium canossiano di via Monte Grappa a partire dalle 20.30,\u00a0 recital in musica con la regia di Carlo Cassol e le testimonianze raccolte da Carlo Balestra dedicato al ricordo del tragico evento storico per il quale la stessa Camera dei Deputati ha istituito ufficialmente la \u2018Giornata nazionale della memoria e del sacrificio alpino. <em>\u2018Nel corso della serata \u2013 spiega il Presidente Mariech \u2013 che rappresenta per la Sezione la ventesima edizione delle serate culturali, saranno anche consegnati dei contributi a sostegno di Enti Benefici del territorio raccolti in occasione delle festivit\u00e0 natalizie. Saranno sostenuti dei progetti di AIPD (Associazione Italiana Persone Down), della Comunit\u00e0 Alloggio \u2018Il Sorriso\u2019 di Busche e della Protezione Civile Sezionale sempre impegnata nella difesa e nella custodia del territorio&#8221;<\/em>. Domenica 23 febbraio Assemblea Generale dei Soci e dei Delegati ospitata sempre presso l\u2019Auditorium canossiano <em>&#8220;Nel corso del 2019 \u2013 spiega ancora Mariech \u2013 sono fiero di poter comunicare che le nostre Penne Nere hanno donato al territorio della Sezione 31.000 ore di lavoro equivalenti a 3.875 uomini\/giorno e una somma complessiva di 26.000,00\u20ac dimostrando nei fatti di essere una realt\u00e0 viva ed incisiva sul territorio contando sulla forza e sull\u2019entusiasmo di oltre 4.500 Soci&#8221;<\/em>.<\/p>\n<p>&nbsp;<\/p>\n<p>&nbsp;<\/p>\n<p>&nbsp;<\/p>\n<p>&nbsp;<\/p>\n<p>&nbsp;<\/p>\n<hr \/>\n<p>&nbsp;<\/p>\n<p>&nbsp;<\/p>\n<blockquote>\n<h3>LA SETTIMANA SULLA NEVE PER I RAGAZZI DELLA &#8220;ROCCA&#8221;<\/h3>\n<\/blockquote>\n<p><strong><a class=\"dt-pswp-item\" href=\"https:\/\/www.radiopiu.net\/wordpress\/wp-content\/uploads\/2020\/02\/IC-FELTRE-Monte-Avena-Sci-19-2-20-1.jpg\" data-dt-img-description=\"\" data-large_image_width=\"1024\" data-large_image_height=\"768\"><img loading=\"lazy\" decoding=\"async\" class=\" wp-image-118208 alignleft\" src=\"https:\/\/www.radiopiu.net\/wordpress\/wp-content\/uploads\/2020\/02\/IC-FELTRE-Monte-Avena-Sci-19-2-20-1-300x225.jpg\" alt=\"\" width=\"239\" height=\"179\" srcset=\"https:\/\/www.radiopiu.net\/wordpress\/wp-content\/uploads\/2020\/02\/IC-FELTRE-Monte-Avena-Sci-19-2-20-1-300x225.jpg 300w, https:\/\/www.radiopiu.net\/wordpress\/wp-content\/uploads\/2020\/02\/IC-FELTRE-Monte-Avena-Sci-19-2-20-1-768x576.jpg 768w, https:\/\/www.radiopiu.net\/wordpress\/wp-content\/uploads\/2020\/02\/IC-FELTRE-Monte-Avena-Sci-19-2-20-1.jpg 1024w\" sizes=\"auto, (max-width: 239px) 100vw, 239px\" \/><\/a>FELTRE <\/strong>Si \u00e8 concluso ieri il progetto \u201cSettimana sulla neve\u201d che ha visto protagonisti i ragazzi della scuola media \u201cRocca\u201d dell\u2019IC di Feltre. Interessati gli alunni delle prime medie che hanno raggiunto il Monte Avena, ogni classe per due giorni, nell\u2019ambito delle \u201cGiornate dello sport\u201d. A tenere le lezioni sono stati i maestri della scuola sci Monte Avena. Tra i temi trattati durante la settimana, anche una lezione sul soccorso valanghe. <em>\u201cE\u2019 un progetto che si collega all\u2019uscita autunnale col Cai e col Paradelta Club \u2013 spiega la docente Valentina Valdetara che assieme ai colleghi di Motoria Perer e Possamai ha accompagnato i ragazzi sul Monte Avena \u2013 e rivolto principalmente a valorizzare il nostro territorio\u201d.<\/em><\/p>\n<p>&nbsp;<\/p>\n<p>&nbsp;<\/p>\n<p>&nbsp;<\/p>\n<p>&nbsp;<\/p>\n<p>&nbsp;<\/p>\n<p>&nbsp;<\/p>\n<hr \/>\n<p>&nbsp;<\/p>\n<p>&nbsp;<\/p>\n<blockquote>\n<h3>A CASA DI DINO, VIA ALLA TERZA EDIZIONE<\/h3>\n<\/blockquote>\n<p><strong><a class=\"dt-pswp-item\" href=\"https:\/\/www.radiopiu.net\/wordpress\/wp-content\/uploads\/2020\/02\/download-10.jpg\" data-dt-img-description=\"\" data-large_image_width=\"198\" data-large_image_height=\"254\"><img loading=\"lazy\" decoding=\"async\" class=\" wp-image-118216 alignleft\" src=\"https:\/\/www.radiopiu.net\/wordpress\/wp-content\/uploads\/2020\/02\/download-10.jpg\" alt=\"\" width=\"144\" height=\"185\" \/><\/a>BELLUNO<\/strong> Domani \u00a0alle\u00a0 14.30 in Sala Giunta di Palazzo Rosso conferenza stampa di presentazione della rassegna culturale \u201cA casa di Dino &#8211; 3\u00b0 edizione 2020. Il Mostro, paure allo specchio&#8221;, organizzata e ideata dall&#8217;Associazione Culturale Villa Buzzati S. Pellegrino- il granaio con la co-organizzazione e il patrocinio del Comune di Belluno.\u00a0\u00a0La rassegna culturale, gia\u0300 sperimentata con grande successo nelle precedenti edizioni del 2017 e 2018, sara\u0300 composta da tre incontri che si svolgeranno in diverse sale della Citta\u0300 di Belluno.\u00a0 Il Programma di quest\u2019anno prende spunto da una riflessione tra \u201cpaure reali e irreali\u201d della nostra societa\u0300, dei nostri tempi,della nostra cultura.\u00a0\u00a0Alla conferenza stampa saranno presenti il Sindaco di Belluno; l&#8217;assessore alla cultura del Comune di Belluno; Valentina Morassutti, presidente dell\u2019associazione culturale Villa Buzzati S. Pellegrino- il granaio e Alfonso Lentini, portavoce direzione artistica dell\u2019associazione.<\/p>\n<p>&nbsp;<\/p>\n<p>&nbsp;<\/p>\n<p>&nbsp;<\/p>\n<p>&nbsp;<\/p>\n<p>&nbsp;<\/p>\n<hr \/>\n<p>&nbsp;<\/p>\n<p>&nbsp;<\/p>\n<blockquote>\n<h3>FELTRINO COMUNITA&#8217; EDUCANTE, LA PRESENTAZIONE<\/h3>\n<\/blockquote>\n<p><strong>FELTRE<\/strong>\u00a0 Domani alle\u00a0 12, nella sede municipale Presentazione del progetto \u201cFeltrino Comunit\u00e0 Educante. Disagi DSA e BES nell&#8217;et\u00e0 evolutiva. Conoscerli e gestirli in maniera efficace\u201d. Saranno presenti l&#8217;assessore alle Politiche Sociali e Giovanili del Comune di Feltre Giorgia Li Castri e i rappresentanti degli altri Comuni partner del progetto.<\/p>\n<p>&nbsp;<\/p>\n<hr \/>\n<p>&nbsp;<\/p>\n<blockquote>\n<h3>DA QUI ALLA LUNA, A CORTINA D\u2019AMPEZZO ARRIVA LO SPETTACOLO DEDICATO ALLA TEMPESTA VAIA<\/h3>\n<\/blockquote>\n<p><strong><a class=\"dt-pswp-item\" href=\"https:\/\/www.radiopiu.net\/wordpress\/wp-content\/uploads\/2020\/02\/Da-qui-alla-luna-2-1.jpeg\" data-dt-img-description=\"\" data-large_image_width=\"2000\" data-large_image_height=\"1335\"><img loading=\"lazy\" decoding=\"async\" class=\"wp-image-118206 alignleft\" src=\"https:\/\/www.radiopiu.net\/wordpress\/wp-content\/uploads\/2020\/02\/Da-qui-alla-luna-2-1-300x200.jpeg\" alt=\"\" width=\"182\" height=\"121\" srcset=\"https:\/\/www.radiopiu.net\/wordpress\/wp-content\/uploads\/2020\/02\/Da-qui-alla-luna-2-1-300x200.jpeg 300w, https:\/\/www.radiopiu.net\/wordpress\/wp-content\/uploads\/2020\/02\/Da-qui-alla-luna-2-1-1024x684.jpeg 1024w, https:\/\/www.radiopiu.net\/wordpress\/wp-content\/uploads\/2020\/02\/Da-qui-alla-luna-2-1-768x513.jpeg 768w, https:\/\/www.radiopiu.net\/wordpress\/wp-content\/uploads\/2020\/02\/Da-qui-alla-luna-2-1-1536x1025.jpeg 1536w, https:\/\/www.radiopiu.net\/wordpress\/wp-content\/uploads\/2020\/02\/Da-qui-alla-luna-2-1.jpeg 2000w\" sizes=\"auto, (max-width: 182px) 100vw, 182px\" \/><\/a>CORTINA<\/strong>\u00a0Sabato\u00a0 alle 20.45 all\u2019Alexandre Girardi Hall il Teatro Stabile del Veneto proporr\u00e0 un delicatissimo requiem per una montagna violentata e abbandonata.\u00a0 I 16 milioni di alberi abbattuti, messi in fila uno dopo l&#8217;altro, coprirebbero grossomodo la distanza che ci separa dalla Luna: \u00e8 con questa immagine che Matteo Righetto ci restituisce la misura dell\u2019impatto che la tempesta dell\u2019ottobre 2018 ha avuto sulle Alpi Orientali, affidandosi all\u2019ironia e all\u2019umanit\u00e0\u00a0di\u00a0Andrea Pennacchi\u00a0con le musiche originali di Giorgio Gobbo e Carlo Carcano.<\/p>\n<p>&nbsp;<\/p>\n<p>&nbsp;<\/p>\n<p>&nbsp;<\/p>\n<p>&nbsp;<\/p>\n<hr \/>\n<p>&nbsp;<\/p>\n<p>&nbsp;<\/p>\n<p><a class=\"dt-pswp-item\" href=\"https:\/\/www.radiopiu.net\/wordpress\/wp-content\/uploads\/2018\/09\/appuntamenti.jpeg\" data-dt-img-description=\"\" data-large_image_width=\"800\" data-large_image_height=\"100\"><img loading=\"lazy\" decoding=\"async\" class=\"alignnone wp-image-61958 size-full\" src=\"https:\/\/www.radiopiu.net\/wordpress\/wp-content\/uploads\/2018\/09\/appuntamenti.jpeg\" alt=\"\" width=\"800\" height=\"100\" srcset=\"https:\/\/www.radiopiu.net\/wordpress\/wp-content\/uploads\/2018\/09\/appuntamenti.jpeg 800w, https:\/\/www.radiopiu.net\/wordpress\/wp-content\/uploads\/2018\/09\/appuntamenti-300x38.jpeg 300w, https:\/\/www.radiopiu.net\/wordpress\/wp-content\/uploads\/2018\/09\/appuntamenti-768x96.jpeg 768w\" sizes=\"auto, (max-width: 800px) 100vw, 800px\" \/><\/a><\/p>\n<p>&nbsp;<\/p>\n<p><strong>AGORDO<\/strong> L\u2019Istituto d\u2019Istruzione Superiore \u201cFollador \u2013 De Rossi\u201d presenta la conferenza \u201cLa professione del Preparatore Atletico: dalla programmazione al campo passando dall\u2019interazione con atleti e staff\u201d che si terr\u00e0 presso il nostro Istituto oggi dalle ore 10 alle 13.<\/p>\n<hr \/>\n<p>&nbsp;<\/p>\n<p><strong>BELLUNO <\/strong>Cosa vuol dire vivere a Gaza? \u00a0Lo spiegher\u00e0\u00a0 chi quotidianamente si ritrova in una realt\u00e0 in precario equilibrio. oggi alle 18.30 presso la Sala Luciani a Belluno.<\/p>\n<hr \/>\n<p>&nbsp;<\/p>\n<p><strong>BELLUNO<\/strong> Bisogno dei genitori e bisogni dei bambini in un mondo digitale. E&#8217; la traccia degli incontri che inizieranno oggi alle 18 nell&#8217; Aula Magna della Scuola \u201cRicci\u201d.\u00a0 La partecipazione \u00e8 libera e aperta a tutti.<\/p>\n<hr \/>\n<p>&nbsp;<\/p>\n<p><strong>BELLUNO<\/strong> Scuole in Rete per un Mondo di solidariet\u00e0 e Pace: oggi al teatro Comunale\u00a0 &#8220;La scelta&#8221;, spettacolo teatrale di Marco Cortesi e Mara Moschini che racconta i perch\u00e9 e i come della guerra nella ex Jugoslavia. Alle 17:30, la presentazione del viaggio lungo i Balcani<\/p>\n<hr \/>\n<p>&nbsp;<\/p>\n<p><strong>BELLUNO<\/strong> Assi, associazione sociale sportiva invalidi, organizza l&#8217;incontro \u201cQuattro chiacchiere con Francesco Cannadoro\u201d, pap\u00e0 di Tommi e autore del libro &#8220;Cucitialcuore&#8221;,\u00a0 sabato\u00a0 alle 17.30 presso la sede dell&#8217;Ana in via Tissi 10.<\/p>\n<hr \/>\n<p>&nbsp;<\/p>\n<p><strong>LAMON<\/strong> Domani alle 20.30 al centro giovani AMO di via Ferd incontro sugli affitti turistici per rafforzare l&#8217;economia locale e i redditi famigliari. Incontro rivolto ai proprietari di seconda case sfitte.<\/p>\n<p>&nbsp;<\/p>\n<hr \/>\n<p>&nbsp;<\/p>\n<p><strong>BELLUNO<\/strong> Domani alle 18.30 alla Mondadori Bookstore di via Mezzaterra Vito Santin, introdotto da Luciano Caniato presenta e racconta il suo libro &#8220;Te&#8217;l gnentintut de le parole&#8221; ovvero &#8220;Nel quasi niente delle parole&#8221;.<\/p>\n<p>&nbsp;<\/p>\n<hr \/>\n<p>&nbsp;<\/p>\n<p><strong>SOSPIROLO<\/strong> Domani alle 20.45 al centro civico presentazione del libro Barbarina e i nove colombi di Flavio Faoro e Marta Farina. <em>Albo illustrato edito da Kellermann, <\/em><br \/>\n<em>nato dalle narrazioni di una nonna feltrina al suo nipotino e divenuto immagine attraverso le visioni dell&#8217;illustratrice bellunese <\/em><em>che le hanno valso un premio prestigioso nella 12^ edizione dell'&#8221;Image of the book 2019&#8243; di Mosca.<\/em> Iniziativa della Biblioteca Civica di Sospirolo.<\/p>\n<p>&nbsp;<\/p>\n<hr \/>\n<p>&nbsp;<\/p>\n<p><strong>BELLUNO<\/strong> Domani\u00a0 28 febbraio alle 20.20 in via Barozzi a Baldenich conferenza sul 5G. Relatore Giorgio Rossi di EcoItalia, movimento ecologista, responsabile nel settore della ricerca e sviluppo di nuove tecnologie, esperto di tecnologie etiche ambientali. Ingresso libero a tutti.<\/p>\n<p>&nbsp;<\/p>\n<hr \/>\n<p>&nbsp;<\/p>\n<p>&nbsp;<\/p>\n<p>&nbsp;<\/p>\n<h1><span style=\"color: #993366;\">CARNEVALE 2020 IN PROVINCIA\u00a0<\/span><\/h1>\n<p>&nbsp;<\/p>\n<p><strong><a class=\"dt-pswp-item\" href=\"https:\/\/www.radiopiu.net\/wordpress\/wp-content\/uploads\/2020\/02\/Carnevale-a-Feltre-4.jpg\" data-dt-img-description=\"\" data-large_image_width=\"960\" data-large_image_height=\"565\"><img loading=\"lazy\" decoding=\"async\" class=\"wp-image-118210 alignleft\" src=\"https:\/\/www.radiopiu.net\/wordpress\/wp-content\/uploads\/2020\/02\/Carnevale-a-Feltre-4-300x177.jpg\" alt=\"\" width=\"183\" height=\"108\" srcset=\"https:\/\/www.radiopiu.net\/wordpress\/wp-content\/uploads\/2020\/02\/Carnevale-a-Feltre-4-300x177.jpg 300w, https:\/\/www.radiopiu.net\/wordpress\/wp-content\/uploads\/2020\/02\/Carnevale-a-Feltre-4-768x452.jpg 768w, https:\/\/www.radiopiu.net\/wordpress\/wp-content\/uploads\/2020\/02\/Carnevale-a-Feltre-4.jpg 960w\" sizes=\"auto, (max-width: 183px) 100vw, 183px\" \/><\/a>FELTRE<\/strong>\u00a0 Sabato 22 febbraio tornano a Feltre i carri allegorici, che sfileranno attraversando il centro cittadino, a partire dalle 14.30. \u00a0Grazie al rinnovo dell\u2019accordo stretto lo scorso anno dal direttore artistico Fabio Giudice con la Pro Loco di Sedico, ritorneranno a Feltre quattro carri allegorici provenienti dal Carnevale di Sedico<\/p>\n<p>&nbsp;<\/p>\n<hr \/>\n<blockquote><p>&nbsp;<\/p>\n<p><strong>IL 23 FEBBRAIO LA ZINGHENESTA<\/strong><\/p><\/blockquote>\n<p><strong><a class=\"dt-pswp-item\" href=\"https:\/\/www.radiopiu.net\/wordpress\/wp-content\/uploads\/2020\/02\/Zinghenesta-2017-sfilata-lungo-vie-di-Canale-dAgordo.jpg\" data-dt-img-description=\"\" data-large_image_width=\"1500\" data-large_image_height=\"1000\"><img loading=\"lazy\" decoding=\"async\" class=\"size-medium wp-image-118162 alignleft\" src=\"https:\/\/www.radiopiu.net\/wordpress\/wp-content\/uploads\/2020\/02\/Zinghenesta-2017-sfilata-lungo-vie-di-Canale-dAgordo-300x200.jpg\" alt=\"\" width=\"300\" height=\"200\" srcset=\"https:\/\/www.radiopiu.net\/wordpress\/wp-content\/uploads\/2020\/02\/Zinghenesta-2017-sfilata-lungo-vie-di-Canale-dAgordo-300x200.jpg 300w, https:\/\/www.radiopiu.net\/wordpress\/wp-content\/uploads\/2020\/02\/Zinghenesta-2017-sfilata-lungo-vie-di-Canale-dAgordo-1024x683.jpg 1024w, https:\/\/www.radiopiu.net\/wordpress\/wp-content\/uploads\/2020\/02\/Zinghenesta-2017-sfilata-lungo-vie-di-Canale-dAgordo-768x512.jpg 768w, https:\/\/www.radiopiu.net\/wordpress\/wp-content\/uploads\/2020\/02\/Zinghenesta-2017-sfilata-lungo-vie-di-Canale-dAgordo.jpg 1500w\" sizes=\"auto, (max-width: 300px) 100vw, 300px\" \/><\/a>CANALE D&#8217;AGORDO <\/strong>Ritorna la Zinghenesta, la tradizionale festa in maschera che il Comitato La Zinghenesta di Canale d\u2019Agordo (Belluno) ha rivitalizzato qualche tempo fa e che domenica 23 febbraio riproporr\u00e0 per l&#8217;ottava edizione.<\/p>\n<blockquote><p><span style=\"color: #ff0000;\">DOMANI ALLE 15.10 LO SPECIALE ALLA RADIO<\/span><\/p><\/blockquote>\n<p>Simone Ongaro e Alessio Xaiz nostri ospiti in studio per parlarci della Zinghenesta, la manifestazione di carnevale che si terra&#8217; in Valle del Biois e a Canale d&#8217;Agordo domenica 23 febbraio. La storia, il programma dell&#8217;evento e i dettagli nell&#8217;intervista.<\/p>\n<p>&nbsp;<\/p>\n<hr \/>\n<p>&nbsp;<\/p>\n<blockquote><p><strong>EL CARNEVAL DEI BOCE A TAIBON<\/strong><\/p><\/blockquote>\n<p><strong>TAIBON<\/strong> Domenica 23 febbraio consueto appuntamento con la mascherata dalla piazza del Municipio (ritrovo alle 14) che sfiler\u00e0 fino alla Casa di Soggiorno per persone anziane dell&#8217;Agordino. Invitati grandi e piccini<\/p>\n<p><strong>A RADIO PIU SILVANO &#8220;PICIOL&#8221; BEN PRESIDENTE PROLOCO<\/strong><\/p>\n<audio class=\"wp-audio-shortcode\" id=\"audio-118202-9\" preload=\"none\" style=\"width: 100%;\" controls=\"controls\"><source type=\"audio\/mpeg\" src=\"https:\/\/www.radiopiu.net\/wordpress\/wp-content\/uploads\/2020\/02\/carneval-dei-boce-piciol.mp3?_=9\" \/><a href=\"https:\/\/www.radiopiu.net\/wordpress\/wp-content\/uploads\/2020\/02\/carneval-dei-boce-piciol.mp3\">https:\/\/www.radiopiu.net\/wordpress\/wp-content\/uploads\/2020\/02\/carneval-dei-boce-piciol.mp3<\/a><\/audio>\n<p>&nbsp;<\/p>\n<hr \/>\n<p>&nbsp;<\/p>\n<blockquote><p><strong>EL CARNEVAL DEI BOCE A TEMA<\/strong><\/p><\/blockquote>\n<p><strong>LA VALLE<\/strong> Il carnevale a La Valle Agordina \u00e8 in calendario per il 23 febbraio quest&#8217;annno a tema con &#8220;Ti sorridono i monti&#8221;. Alle 14 gran sfilata dalla piazza, 15.30 festa in piazza con merenda, giochi e balli. Premi alla maschera, coppia e gruppo pi\u00f9 a tema e premi al gruppo pi\u00f9 numeroso. In caso di maltempo l&#8217;evento si terr\u00e0 alle scuole. Organizza la proloco di La Valle.<\/p>\n<p>&nbsp;<\/p>\n<hr \/>\n<p>&nbsp;<\/p>\n<p><strong>SAN GREGORIO<\/strong> Domenica alle 15 sar\u00e0 carnevale nella palestra comunale con la sfilata delle maschere, animazione e premiazioni.<\/p>\n<p>&nbsp;<\/p>\n<p>&nbsp;<\/p>\n<hr \/>\n<p>&nbsp;<\/p>\n<p>&nbsp;<\/p>\n<blockquote class=\"wp-embedded-content\" data-secret=\"ejxYSdCTSP\"><p><a href=\"https:\/\/www.radiopiu.net\/wordpress\/piaz\/\">DAL 9 MARZO PIAZZA DI AGORDO CHIUSA PER LAVORI, DEVIAZIONI IN TANGENZIALE<\/a><\/p><\/blockquote>\n<p><iframe loading=\"lazy\" title=\"&#8220;DAL 9 MARZO PIAZZA DI AGORDO CHIUSA PER LAVORI, DEVIAZIONI IN TANGENZIALE&#8221; &#8212; Radio Pi\u00f9\" class=\"wp-embedded-content\" sandbox=\"allow-scripts\" security=\"restricted\" style=\"position: absolute; clip: rect(1px, 1px, 1px, 1px);\" src=\"https:\/\/www.radiopiu.net\/wordpress\/piaz\/embed\/#?secret=ejxYSdCTSP\" data-secret=\"ejxYSdCTSP\" width=\"600\" height=\"338\" frameborder=\"0\" marginwidth=\"0\" marginheight=\"0\" scrolling=\"no\"><\/iframe><\/p>\n<p>&nbsp;<\/p>\n<p>&nbsp;<\/p>\n<p>&nbsp;<\/p>\n<p>&nbsp;<\/p>\n<hr \/>\n<h2><a class=\"dt-pswp-item\" href=\"https:\/\/www.radiopiu.net\/wordpress\/wp-content\/uploads\/2020\/02\/83377068_2472583399530811_2256980051050364928_o.jpg\" data-dt-img-description=\"\" data-large_image_width=\"960\" data-large_image_height=\"365\"><img loading=\"lazy\" decoding=\"async\" class=\" wp-image-118241 alignleft\" src=\"https:\/\/www.radiopiu.net\/wordpress\/wp-content\/uploads\/2020\/02\/83377068_2472583399530811_2256980051050364928_o-300x114.jpg\" alt=\"\" width=\"205\" height=\"78\" srcset=\"https:\/\/www.radiopiu.net\/wordpress\/wp-content\/uploads\/2020\/02\/83377068_2472583399530811_2256980051050364928_o-300x114.jpg 300w, https:\/\/www.radiopiu.net\/wordpress\/wp-content\/uploads\/2020\/02\/83377068_2472583399530811_2256980051050364928_o-768x292.jpg 768w, https:\/\/www.radiopiu.net\/wordpress\/wp-content\/uploads\/2020\/02\/83377068_2472583399530811_2256980051050364928_o.jpg 960w\" sizes=\"auto, (max-width: 205px) 100vw, 205px\" \/><\/a>IERI ALLA RADIO, LUCA GALANTIN, &#8220;ALICE FOR PRESIDENT&#8221;<\/h2>\n<p><span style=\"color: #ff0000;\">AUDIO<\/span><\/p>\n<audio class=\"wp-audio-shortcode\" id=\"audio-118202-10\" preload=\"none\" style=\"width: 100%;\" controls=\"controls\"><source type=\"audio\/mpeg\" src=\"https:\/\/www.radiopiu.net\/wordpress\/wp-content\/uploads\/2020\/02\/LUCA-GALANTIN-2.mp3?_=10\" \/><a href=\"https:\/\/www.radiopiu.net\/wordpress\/wp-content\/uploads\/2020\/02\/LUCA-GALANTIN-2.mp3\">https:\/\/www.radiopiu.net\/wordpress\/wp-content\/uploads\/2020\/02\/LUCA-GALANTIN-2.mp3<\/a><\/audio>\n<p>&nbsp;<\/p>\n<p>&nbsp;<\/p>\n<hr \/>\n<p>&nbsp;<\/p>\n<p>&nbsp;<\/p>\n<p>&nbsp;<\/p>\n<h2><span style=\"color: #ff0000;\">IERI ALLA\u00a0 RADIO, IN VIVO VERSO di Brunella Moro<\/span><\/h2>\n<blockquote class=\"wp-embedded-content\" data-secret=\"pGvJWorNkU\"><p><a href=\"https:\/\/www.radiopiu.net\/wordpress\/pensiero-per-te-di-bruno-dellagnola\/\">PENSIERO PER TE di BRUNO DELL&#8217;AGNOLA<\/a><\/p><\/blockquote>\n<p><iframe loading=\"lazy\" title=\"&#8220;PENSIERO PER TE di BRUNO DELL&#8217;AGNOLA&#8221; &#8212; Radio Pi\u00f9\" class=\"wp-embedded-content\" sandbox=\"allow-scripts\" security=\"restricted\" style=\"position: absolute; clip: rect(1px, 1px, 1px, 1px);\" src=\"https:\/\/www.radiopiu.net\/wordpress\/pensiero-per-te-di-bruno-dellagnola\/embed\/#?secret=pGvJWorNkU\" data-secret=\"pGvJWorNkU\" width=\"600\" height=\"338\" frameborder=\"0\" marginwidth=\"0\" marginheight=\"0\" scrolling=\"no\"><\/iframe><\/p>\n<h2>LA COLLEZIONE COMPLETA<\/h2>\n<blockquote class=\"wp-embedded-content\" data-secret=\"vmrd3OLfCg\"><p><a href=\"https:\/\/www.radiopiu.net\/wordpress\/in-vivo-verso\/\">In Vivo Verso<\/a><\/p><\/blockquote>\n<p><iframe loading=\"lazy\" title=\"&#8220;In Vivo Verso&#8221; &#8212; Radio Pi\u00f9\" class=\"wp-embedded-content\" sandbox=\"allow-scripts\" security=\"restricted\" style=\"position: absolute; clip: rect(1px, 1px, 1px, 1px);\" src=\"https:\/\/www.radiopiu.net\/wordpress\/in-vivo-verso\/embed\/#?secret=vmrd3OLfCg\" data-secret=\"vmrd3OLfCg\" width=\"600\" height=\"338\" frameborder=\"0\" marginwidth=\"0\" marginheight=\"0\" scrolling=\"no\"><\/iframe><\/p>\n<hr \/>\n<p>&nbsp;<\/p>\n<p>&nbsp;<\/p>\n<h2><span style=\"color: #ff0000;\">IERI ALLA RADIO DUE MINUTI UN LIBRO<\/span><\/h2>\n<blockquote class=\"wp-embedded-content\" data-secret=\"bm3ZunpLYO\"><p><a href=\"https:\/\/www.radiopiu.net\/wordpress\/stirpe-di-navigatori\/\">STIRPE DI NAVIGATORI<\/a><\/p><\/blockquote>\n<p><iframe loading=\"lazy\" title=\"&#8220;STIRPE DI NAVIGATORI&#8221; &#8212; Radio Pi\u00f9\" class=\"wp-embedded-content\" sandbox=\"allow-scripts\" security=\"restricted\" style=\"position: absolute; clip: rect(1px, 1px, 1px, 1px);\" src=\"https:\/\/www.radiopiu.net\/wordpress\/stirpe-di-navigatori\/embed\/#?secret=bm3ZunpLYO\" data-secret=\"bm3ZunpLYO\" width=\"600\" height=\"338\" frameborder=\"0\" marginwidth=\"0\" marginheight=\"0\" scrolling=\"no\"><\/iframe><\/p>\n<h2>LA COLLEZIONE COMPLETA<\/h2>\n<blockquote class=\"wp-embedded-content\" data-secret=\"dZ3fNs9zre\"><p><a href=\"https:\/\/www.radiopiu.net\/wordpress\/due-minuti-un-libro\/\">Due minuti un libro<\/a><\/p><\/blockquote>\n<p><iframe loading=\"lazy\" title=\"&#8220;Due minuti un libro&#8221; &#8212; Radio Pi\u00f9\" class=\"wp-embedded-content\" sandbox=\"allow-scripts\" security=\"restricted\" style=\"position: absolute; clip: rect(1px, 1px, 1px, 1px);\" src=\"https:\/\/www.radiopiu.net\/wordpress\/due-minuti-un-libro\/embed\/#?secret=dZ3fNs9zre\" data-secret=\"dZ3fNs9zre\" width=\"600\" height=\"338\" frameborder=\"0\" marginwidth=\"0\" marginheight=\"0\" scrolling=\"no\"><\/iframe><\/p>\n<p>&nbsp;<\/p>\n<hr \/>\n<p>&nbsp;<\/p>\n<p>&nbsp;<\/p>\n<h2><span style=\"color: #ff0000;\">I RACCONTI DI PAOLO SOPPELSA\u00a0<\/span><\/h2>\n<h2>LA COLLEZIONE COMPLETA<\/h2>\n<blockquote class=\"wp-embedded-content\" data-secret=\"KOkWw5Dnus\"><p><a href=\"https:\/\/www.radiopiu.net\/wordpress\/i-racconti-di-paolo-soppelsa\/\">I racconti di Paolo Soppelsa<\/a><\/p><\/blockquote>\n<p><iframe loading=\"lazy\" title=\"&#8220;I racconti di Paolo Soppelsa&#8221; &#8212; Radio Pi\u00f9\" class=\"wp-embedded-content\" sandbox=\"allow-scripts\" security=\"restricted\" style=\"position: absolute; clip: rect(1px, 1px, 1px, 1px);\" src=\"https:\/\/www.radiopiu.net\/wordpress\/i-racconti-di-paolo-soppelsa\/embed\/#?secret=KOkWw5Dnus\" data-secret=\"KOkWw5Dnus\" width=\"600\" height=\"338\" frameborder=\"0\" marginwidth=\"0\" marginheight=\"0\" scrolling=\"no\"><\/iframe><\/p>\n<p>&nbsp;<\/p>\n<p>&nbsp;<\/p>\n<p>&nbsp;<\/p>\n<p><a class=\"dt-pswp-item pspw-wrap-ready\" href=\"https:\/\/www.radiopiu.net\/wordpress\/wp-content\/uploads\/2018\/09\/viabilita.jpeg\" data-dt-img-description=\"\" data-large_image_width=\"800\" data-large_image_height=\"100\"><img loading=\"lazy\" decoding=\"async\" class=\"wp-image-61954 size-full aligncenter\" src=\"https:\/\/www.radiopiu.net\/wordpress\/wp-content\/uploads\/2018\/09\/viabilita.jpeg\" sizes=\"auto, (max-width: 800px) 100vw, 800px\" srcset=\"https:\/\/www.radiopiu.net\/wordpress\/wp-content\/uploads\/2018\/09\/viabilita.jpeg 800w, https:\/\/www.radiopiu.net\/wordpress\/wp-content\/uploads\/2018\/09\/viabilita-300x38.jpeg 300w, https:\/\/www.radiopiu.net\/wordpress\/wp-content\/uploads\/2018\/09\/viabilita-768x96.jpeg 768w\" alt=\"\" width=\"800\" height=\"100\" \/><\/a><\/p>\n<p>&nbsp;<\/p>\n<p><strong>563 di SALESEI tra PIAN DI SALESEI E SALESEI\u00a0<\/strong> FINO AL 21 febbraio esclusi festivi e prefestivi INTERDIZIONE TOTALE AL TRAFFICO dalle 9 alle 17 per rimozione schianti. negli altri orari senso unico con semaforo<\/p>\n<p><strong>PONTE NELLE ALPI <\/strong><em>Fino al 27 marzo, il traffico della statale 50, all&#8217;altezza dell&#8217;innesto con via dei Zattieri (che verr\u00e0 chiusa), sar\u00e0 deviato nel tratto di nuova rotatoria realizzata all&#8217;interno dell&#8217;area ex Comedil.<\/em><\/p>\n<p><strong>FINE DELLE CHIUSURE<\/strong> DELLA PROVINCIALE 7 DI ZOPPE&#8217; IN LOCALITA&#8217; &#8220;LA FRATA&#8221; veneto strade revoca l&#8217;ordinanza, da subito.<\/p>\n<p>&nbsp;<\/p>\n<p>&nbsp;<\/p>\n<p>&nbsp;<\/p>\n<p><a class=\"dt-pswp-item\" href=\"https:\/\/www.radiopiu.net\/wordpress\/wp-content\/uploads\/2018\/09\/sport.jpg\" data-dt-img-description=\"\" data-large_image_width=\"800\" data-large_image_height=\"100\"><img loading=\"lazy\" decoding=\"async\" class=\"aligncenter wp-image-60761 size-full\" src=\"https:\/\/www.radiopiu.net\/wordpress\/wp-content\/uploads\/2018\/09\/sport.jpg\" alt=\"\" width=\"800\" height=\"100\" srcset=\"https:\/\/www.radiopiu.net\/wordpress\/wp-content\/uploads\/2018\/09\/sport.jpg 800w, https:\/\/www.radiopiu.net\/wordpress\/wp-content\/uploads\/2018\/09\/sport-300x38.jpg 300w, https:\/\/www.radiopiu.net\/wordpress\/wp-content\/uploads\/2018\/09\/sport-768x96.jpg 768w\" sizes=\"auto, (max-width: 800px) 100vw, 800px\" \/><\/a><\/p>\n<h3><\/h3>\n<h3><\/h3>\n<blockquote>\n<h2 class=\"p1\"><span class=\"s1\">STASERA PENULTIMA GIORNATA DEL QUALIFICATION ROUND PER LE CIVETTE<\/span><\/h2>\n<\/blockquote>\n<p class=\"p1\"><span class=\"s1\"><a class=\"dt-pswp-item\" href=\"https:\/\/www.radiopiu.net\/wordpress\/wp-content\/uploads\/2019\/08\/logo-alleghe-hockey.png\" data-dt-img-description=\"\" data-large_image_width=\"547\" data-large_image_height=\"512\"><img loading=\"lazy\" decoding=\"async\" class=\" wp-image-95699 alignright\" src=\"https:\/\/www.radiopiu.net\/wordpress\/wp-content\/uploads\/2019\/08\/logo-alleghe-hockey-300x281.png\" alt=\"\" width=\"162\" height=\"152\" srcset=\"https:\/\/www.radiopiu.net\/wordpress\/wp-content\/uploads\/2019\/08\/logo-alleghe-hockey-300x281.png 300w, https:\/\/www.radiopiu.net\/wordpress\/wp-content\/uploads\/2019\/08\/logo-alleghe-hockey.png 547w\" sizes=\"auto, (max-width: 162px) 100vw, 162px\" \/><\/a><strong>ALLEGHE<\/strong> Si gioca questa sera la nona giornata del qualificaton round per la IHL. Alleghe che si giochera il primo match point per l\u2019accesso ai quarti di finale. La squadra di Matikainen sar\u00e0 in trasferta per giocare contro l\u2019Unterland Cavaliers. La squadra di Egna \u00e8 agguerrita e in corsa per la qualificazione alla fase finale. Agli agordini bastano ancora 2 punti per strappare il biglietto che li spedirebbe direttamente ai playoff ma non sar\u00e0 un\u2019impresa facile. Si gioca alla Whurt Arena di Egna con ingaggio previsto alle 20:30. Radio Pi\u00f9 seguir\u00e0 in diretta la partita all\u2019interno di \u201cHockey Al Punto Giusto\u201d.<\/span><\/p>\n<p>&nbsp;<\/p>\n<p>&nbsp;<\/p>\n<p>&nbsp;<\/p>\n<hr \/>\n<p>&nbsp;<\/p>\n<p>&nbsp;<\/p>\n<p>&nbsp;<\/p>\n<blockquote>\n<h2>DEDICATO AL VOLLEY AGORDINO, DI MARIO SCUSSEL<\/h2>\n<\/blockquote>\n<div id=\"fb-root\"><\/div>\n<p><script async=\"1\" defer=\"1\" crossorigin=\"anonymous\" src=\"https:\/\/connect.facebook.net\/it_IT\/sdk.js#xfbml=1&amp;version=v6.0\"><\/script><\/p>\n<div class=\"fb-video\" data-href=\"https:\/\/www.facebook.com\/volleyclubagordino\/videos\/122105779229999\/\" data-width=\"1200\">\n<blockquote cite=\"https:\/\/www.facebook.com\/volleyclubagordino\/videos\/122105779229999\/\" class=\"fb-xfbml-parse-ignore\"><p><a href=\"https:\/\/www.facebook.com\/volleyclubagordino\/videos\/122105779229999\/\">Tie Break 5\u00b0 Set Volley Club Agordino vs Pallavolo Castion<\/a><\/p>\n<p>Pubblicato da <a href=\"https:\/\/www.facebook.com\/volleyclubagordino\/\">Volley Club Agordino<\/a> su Marted\u00ec 18 febbraio 2020<\/p><\/blockquote>\n<\/div>\n<p>&nbsp;<\/p>\n<p>&nbsp;<\/p>\n<hr \/>\n<p>&nbsp;<\/p>\n<p>&nbsp;<\/p>\n<blockquote>\n<h2 lang=\"zxx\"><span style=\"font-family: verdana, sans-serif; font-size: large;\"><b><span style=\"color: #000000;\">A FALCADE\u00a0<\/span>\u00c8\u00a0TEMPO DI CAMPIONATI ITALIANI DI SCI DI FONDO<\/b><\/span><\/h2>\n<p>&nbsp;<\/p>\n<h2 lang=\"zxx\"><b><\/b><em style=\"font-size: 14px; font-weight: normal;\"><span style=\"font-family: verdana, sans-serif;\"><span style=\"color: #222222;\"><b>Pietro Piller Cottrer, responsabile delle squadre giovanili azzurre: \u00abDue giorni fondamentali nell&#8217;avvicinamento ai Mondiali di Oberwiesenthal\u00bb<\/b><\/span><\/span><\/em><span style=\"font-family: verdana, sans-serif; font-size: large;\"><b><br \/>\n<\/b><\/span><\/h2>\n<\/blockquote>\n<p><span style=\"font-family: verdana, sans-serif;\"><span style=\"color: #000000;\"><span lang=\"zxx\"><strong><a class=\"dt-pswp-item\" href=\"https:\/\/www.radiopiu.net\/wordpress\/wp-content\/uploads\/2020\/02\/04-nicol\u00f2-rossi-val-biois-scaled.jpg\" data-dt-img-description=\"\" data-large_image_width=\"2560\" data-large_image_height=\"1707\"><img loading=\"lazy\" decoding=\"async\" class=\"size-medium wp-image-118262 alignleft\" src=\"https:\/\/www.radiopiu.net\/wordpress\/wp-content\/uploads\/2020\/02\/04-nicol\u00f2-rossi-val-biois-300x200.jpg\" alt=\"\" width=\"300\" height=\"200\" srcset=\"https:\/\/www.radiopiu.net\/wordpress\/wp-content\/uploads\/2020\/02\/04-nicol\u00f2-rossi-val-biois-300x200.jpg 300w, https:\/\/www.radiopiu.net\/wordpress\/wp-content\/uploads\/2020\/02\/04-nicol\u00f2-rossi-val-biois-1024x683.jpg 1024w, https:\/\/www.radiopiu.net\/wordpress\/wp-content\/uploads\/2020\/02\/04-nicol\u00f2-rossi-val-biois-768x512.jpg 768w, https:\/\/www.radiopiu.net\/wordpress\/wp-content\/uploads\/2020\/02\/04-nicol\u00f2-rossi-val-biois-1536x1024.jpg 1536w, https:\/\/www.radiopiu.net\/wordpress\/wp-content\/uploads\/2020\/02\/04-nicol\u00f2-rossi-val-biois-2048x1365.jpg 2048w\" sizes=\"auto, (max-width: 300px) 100vw, 300px\" \/><\/a>FALCADE\u00a0<\/strong> <\/span><\/span><span style=\"color: #000000;\">Tutto pronto a Falcade (Belluno) per i Campionati italiani Giovani Rode e la Coppa Italia Senior Gamma di sci di fondo. Nella localit\u00e0 agordina, che rappresenta una delle localit\u00e0 di riferimento per quanto riguarda gli sci stretti nazionali, si garegger\u00e0 sabato 22 e domenica 23 febbraio. Sulla pista intitolata a Pietro Scola, sulla Piana di Falcade, sono attesi oltre 250 concorrenti. Direttore di gara sar\u00e0 Manuel Andrich. L&#8217;organizzazione \u00e8 affidata allo Sci club Val Biois, sodalizio che vanta oltre 70 anni di storia.<\/span><\/span><\/p>\n<p><span style=\"font-family: verdana, sans-serif;\"><span style=\"color: #000000;\"><b>Il programma \u2013\u00a0<\/b><\/span><span style=\"color: #000000;\">Sabato 22 febbraio sono in programma le sprint in tecnica classica valide come tappa della Coppa Italia Rode, Campionato Italiano Under 20 (Juniores) e tappa della Coppa Italia Gamma Seniores. Alle 14 la premiazione della Coppa Italia Seniores al campo gara. Alle 18.30, in piazza a Falcade, le premiazioni ufficiali.\u00a0<\/span><\/span><\/p>\n<p><span style=\"color: #000000;\"><span style=\"font-family: verdana, sans-serif;\">Domenica 23 febbraio, sempre con inizio alle 9.30, si svolgeranno le prove individuali, sempre in tecnica classica, che saranno valide per la Coppa Italia Rode e il Campionato Italiano Under 20 (Juniores) e Under 18 (Aspiranti), oltre che per la Coppa Italia Gamma Seniores e il Campionato Italiano Under 23. Queste le distanze da percorrere: 5 km Aspiranti e Juniores donne; 10 km Aspiranti uomini, Juniores uomini e Seniores donne; 15 km Juniores e Seniores uomini. Premiazioni ufficiali al campo gara, al termine dell&#8217;ultima competizione.<\/span><\/span><\/p>\n<p><span style=\"font-family: verdana, sans-serif;\"><span style=\"color: #222222;\"><span lang=\"zxx\"><b>Avvicinamento ai Mondiali di Oberwiesenthal \u2013\u00a0<\/b><\/span><\/span><span style=\"color: #222222;\"><span lang=\"zxx\">La due giorni tricolore di Falcade sar\u00e0 importante per il fondismo italiano non solo perch\u00e9 assegner\u00e0 i titoli tricolori in tecnica classica ma anche perch\u00e9 sar\u00e0 l&#8217;ultimo atto agonistico prima dei Campionati del mondo Juniores e Under 23 in programma dal 29 febbraio all&#8217;8 marzo a Oberwiesenthal (Germania).\u00a0\u00abIl fine settimana di Falcade sar\u00e0 utile come rifinitura di un periodo di preparazione che stiamo effettuando a Lavaz\u00e8 e sar\u00e0 fondamentale per definire le ultime designazioni in azzurro, soprattutto per quanto riguarda la categoria Juniores\u00bb dice Pietro Piller Cottrer, iridato a Oberstdorf 2005 e campione olimpico a Torino 2006 ora responsabile delle squadre giovanili delle Federazione italiana degli sport invernali. \u00abGuardo con fiducia ai Mondiali di\u00a0<\/span><\/span><span style=\"color: #000000;\"><span lang=\"zxx\">Oberwiesenthal: abbiamo dei ragazzi e delle ragazze di valore e determinati, alcuni dei quali hanno gi\u00e0 avuto esperienze anche in Coppa del mondo, esperienze che potranno tornare molto utili alla rassegna iridata\u00bb.<\/span><\/span><\/span><\/p>\n<p><span style=\"font-family: verdana, sans-serif;\"><span style=\"color: #000000;\"><span lang=\"zxx\"><b>I vincitori di due anni fa \u2013\u00a0<\/b><\/span><\/span><span style=\"color: #000000;\"><span lang=\"zxx\">Falcade e lo Sci club Val Biois ospitarono anche nel 2018 i Campionati italiani Giovani e la Coppa Italia, con le stesse gare che si svolgeranno nell&#8217;imminente fine settimana. Nella sprint tricolore Juniores vinsero i carnici Cristina Pittin e Luca Del Fabbro mentre tra gli Aspiranti si imposero la trentina Nicole Monsorno e il sappadino Davide Graz. Nella sprint della Coppa Italia Seniores i successi furono della lombarda Alice Canclini e del trentino Giacomo Gabrielli.<\/span><\/span><\/span><\/p>\n<p lang=\"zxx\"><span style=\"color: #000000;\"><span style=\"font-family: verdana, sans-serif;\">Le prove distance videro laurearsi campioni italiani la valdostana Emilie Jeantet e il sappadino Davide Graz nelle categorie Aspiranti, la lombarda Martina Bellini e il carnico Luca Del Fabbro in ambito Juniores. Doppio successo trentino nelle distance della Coppa Italia Senior con Caterina Ganz e Paolo Fanton.<\/span><\/span><\/p>\n<p><span style=\"font-family: verdana, sans-serif;\"><span style=\"color: #000000;\"><b>Approfondimenti \u2013\u00a0<\/b><\/span><span style=\"color: #000000;\">Approfondimenti, ordini di partenza, classifiche e immagini relative ai Campionati italiani e alla Coppa Italia che si svolgeranno a Falcade il 22 e 23 febbraio saranno disponibili su\u00a0<\/span><span lang=\"zxx\"><u><a href=\"http:\/\/www.ti-comunicazione.com\/\" target=\"_blank\" rel=\"noopener noreferrer\"><span style=\"color: #000000;\"><b>www.ti-comunicazione.com<\/b><\/span><\/a><\/u><\/span><span style=\"color: #000000;\">\u00a0e\u00a0<\/span><span lang=\"zxx\"><u><a href=\"http:\/\/www.fisiveneto.com\/\" target=\"_blank\" rel=\"noopener noreferrer\"><span style=\"color: #000000;\"><b>www.fisiveneto.com<\/b><\/span><\/a><\/u><\/span><span style=\"color: #000000;\">. A disposizione anche la pagina Facebook dello Sci club val Biois.<\/span><\/span><\/p>\n<p>&nbsp;<\/p>\n<p>&nbsp;<\/p>\n<hr \/>\n<p>&nbsp;<\/p>\n<blockquote>\n<h3>DOLOMITI EXTREME TRAIL<\/h3>\n<\/blockquote>\n<p><strong><a class=\"dt-pswp-item\" href=\"https:\/\/www.radiopiu.net\/wordpress\/wp-content\/uploads\/2020\/02\/OBY3389.jpg\" data-dt-img-description=\"\" data-large_image_width=\"215\" data-large_image_height=\"115\"><img loading=\"lazy\" decoding=\"async\" class=\"size-full wp-image-118243 alignleft\" src=\"https:\/\/www.radiopiu.net\/wordpress\/wp-content\/uploads\/2020\/02\/OBY3389.jpg\" alt=\"\" width=\"215\" height=\"115\" \/><\/a>VAL DI ZOLDO<\/strong> L&#8217;evento della Val di Zoldo in programma a giugno,\u00e8 in vantaggio sull&#8217;edizione 2019. Il 15 febbraio scorso, infatti, gli iscritti hanno superato quota 1000, cifra che lo scorso anno era stata raggiunta solamente a fine marzo. E anche il numero delle nazioni presenti \u00e8 in crescita: al momento 47. Tra i diversi paesi stranieri, anche alcuni che mai erano stati presenti sui sentieri della Val di Zoldo, vale a dire Colombia, Costa Rica, Ecuador, Thailandia e Serbia.\u00a0 <em>\u00abUna bella soddisfazione la presenza degli stranieri, che costituiscono oltre il 60 per cento degli iscritti attuali\u00bb sottolinea Corrado De Rocco, responsabile del settore iscrizioni dell&#8217;evento zoldano. \u00abAbbiamo lavorato e stiamo lavorando intensamente in ambito promozione. Dopo aver partecipato con un nostro spazio espositivo alle maratone italiane autunnali, a inizio febbraio siamo stati al Columbus Trail Azzorre mentre prossimamente saremo all&#8217;Ultrabericus Vicenza in marzo, al Milano Running Festival in aprile, all&#8217;Innsbruck Alpine Trail Festival in maggio\u00bb. <\/em>Dolomiti Extreme Trail si svolger\u00e0 dal 12 al 14 giugno. Per gli oltre trecento volontari di Dolomiti Extreme Trail, intanto,\u00e8 gi\u00e0 tempo di mettersi al lavoro: domani prima riunione operativa in vista dell&#8217;evento<\/p>\n<p>&nbsp;<\/p>\n<hr \/>\n<p>&nbsp;<\/p>\n<p>&nbsp;<\/p>\n<blockquote>\n<h3>SETTE PODI A VAZZOLA: BRILLANO GLI ESORDIENTI<br \/>\nDELLA SPORTIVAMENTE BELLUNO<\/h3>\n<\/blockquote>\n<p style=\"text-align: left;\"><strong><a class=\"dt-pswp-item\" href=\"https:\/\/www.radiopiu.net\/wordpress\/wp-content\/uploads\/2020\/02\/Esordienti_B.jpg\" data-dt-img-description=\"\" data-large_image_width=\"1033\" data-large_image_height=\"775\"><img loading=\"lazy\" decoding=\"async\" class=\" wp-image-118204 alignleft\" src=\"https:\/\/www.radiopiu.net\/wordpress\/wp-content\/uploads\/2020\/02\/Esordienti_B-300x225.jpg\" alt=\"\" width=\"223\" height=\"167\" srcset=\"https:\/\/www.radiopiu.net\/wordpress\/wp-content\/uploads\/2020\/02\/Esordienti_B-300x225.jpg 300w, https:\/\/www.radiopiu.net\/wordpress\/wp-content\/uploads\/2020\/02\/Esordienti_B-1024x768.jpg 1024w, https:\/\/www.radiopiu.net\/wordpress\/wp-content\/uploads\/2020\/02\/Esordienti_B-768x576.jpg 768w, https:\/\/www.radiopiu.net\/wordpress\/wp-content\/uploads\/2020\/02\/Esordienti_B.jpg 1033w\" sizes=\"auto, (max-width: 223px) 100vw, 223px\" \/><\/a>BELLUNO<\/strong> Anche se a ranghi ridotti, a causa delle numerose assenze, la Sportivamente Belluno sale sette volte sul podio nella quarta giornata di attivit\u00e0 del circuito Esordienti, a Vazzola (Treviso).<br \/>\nAlessandro Nerviani medaglia di bronzo, Alberto Onida \u00e8 quarto nella stessa distanza. Stessa sorte per Margherita De Cian, quarta a un decimo dalla terza piazza, seguita dalla compagna di squadra Eleonora Bortot, quinta in 1\u201934\u201d0.\u00a0 In tema di medaglie\u00a0 Alberto Corr\u00f2 secondo e la gi\u00e0 citata Bortot terza nei 50 delfino. I tecnici Maria Elena Canova e Marco Sommacal, e i loro giovani atleti, si preparano ora ad affrontare un mese di marzo denso di impegni agonistici e che si concluder\u00e0 con la gara<strong><a class=\"dt-pswp-item\" href=\"https:\/\/www.radiopiu.net\/wordpress\/wp-content\/uploads\/2020\/02\/Esordienti_A.jpg\" data-dt-img-description=\"\" data-large_image_width=\"749\" data-large_image_height=\"562\"> <img loading=\"lazy\" decoding=\"async\" class=\"size-medium wp-image-118203 alignright\" src=\"https:\/\/www.radiopiu.net\/wordpress\/wp-content\/uploads\/2020\/02\/Esordienti_A-300x225.jpg\" alt=\"\" width=\"300\" height=\"225\" srcset=\"https:\/\/www.radiopiu.net\/wordpress\/wp-content\/uploads\/2020\/02\/Esordienti_A-300x225.jpg 300w, https:\/\/www.radiopiu.net\/wordpress\/wp-content\/uploads\/2020\/02\/Esordienti_A.jpg 749w\" sizes=\"auto, (max-width: 300px) 100vw, 300px\" \/><\/a><\/strong>organizzata dalla Sportivamente Belluno, domenica 29. Importanti successi arrivano anche dagli Esordienti,\u00a0 nei 100 rana Elisa Petten\u00f2\u00a0 agguanta l\u2019argento. Altri due podi\u00a0 nei 200 farfalla con Francesco Ceolin secondoe Andrea Frisaldi terzo. L\u2019ultima medaglia di bronzo arriva dalla staffetta: la 4&#215;50 stile maschile con Bianchini, Ceolin, Ariano e Salton \u00e8 terza. Quarta la formazione femminile\u00a0 con Caldart, Muleddu, Simon e Petten\u00f2, a soli 6 decimi dal terzo scalino della graduatoria. L\u2019allenatrice Piermarini non nasconde<em> \u00abla grande gioia e soddisfazione di lavorare in un team unito <\/em><em>e preparato come la Sportivamente Belluno\u00bb.<\/em><\/p>\n<p>&nbsp;<\/p>\n<p>&nbsp;<\/p>\n<p>&nbsp;<\/p>\n<p>&nbsp;<\/p>\n<p>&nbsp;<\/p>\n<p>&nbsp;<\/p>\n<p>&nbsp;<\/p>\n<hr \/>\n<p>&nbsp;<\/p>\n<p>&nbsp;<\/p>\n<blockquote>\n<h3>TROFEO SKI ALP 4 VALLI, MOLINO-CAVERSON E&#8217; LA TAPPA FINALE<\/h3>\n<\/blockquote>\n<p><strong><a class=\"dt-pswp-item\" href=\"https:\/\/www.radiopiu.net\/wordpress\/wp-content\/uploads\/2020\/02\/OBY3389.jpg\" data-dt-img-description=\"\" data-large_image_width=\"215\" data-large_image_height=\"115\"><img loading=\"lazy\" decoding=\"async\" class=\"size-full wp-image-118243 alignleft\" src=\"https:\/\/www.radiopiu.net\/wordpress\/wp-content\/uploads\/2020\/02\/OBY3389.jpg\" alt=\"\" width=\"215\" height=\"115\" \/><\/a>FALCADE<\/strong> Venerdi\u00a0 28 febbraio a Falcade\u00a0 25\u2019 Trofeo Molino-Caverson. \u00a0La gara di S.Martino ha visto l\u2019iscrizione di 237 concorrenti\u00a0 su una lunghezza di\u00a0 3,400 chilometri e un dislivello di 560 mt. Suggestiva come sempre la partenza in Piazzetta, proprio sotto casa di Maurizio Zagonel, con lo start al primo concorrente effettuato dalle mamme\u00a0 Natalina e Dina dei due ragazzi scomparsi in alta montagna (Maurizio Zagonel e Aldo Giovanelli) e che vengono ricordati con questa manifestazione. In questa terza prova del 4 Valli, nuovo podio maschile con la vittoria di Gabriele Depaul dei Bogn da Nia che si \u00e8 imposto su Daniele Felicetti della Us Monti Pallidi seguito da Thomas Trettel della Asd Cauriol. In rosa vince Giorgia Felicetti dei Bogn da Nia di Campitello di Fassa, sul secondo gradino del podio sale la compagna di squadra Carla Iellici e sul terzo Broll Veronika di Castello di Fiemme.<\/p>\n<p>&nbsp;<\/p>\n<p>&nbsp;<\/p>\n<p>&nbsp;<\/p>\n<p>&nbsp;<\/p>\n<p>&nbsp;<\/p>\n<p>&nbsp;<\/p>\n<p><a class=\"dt-pswp-item\" href=\"https:\/\/www.radiopiu.net\/wordpress\/wp-content\/uploads\/2018\/09\/WhatsApp-Image-2018-09-20-at-16.04.06.jpeg\" data-dt-img-description=\"\" data-large_image_width=\"800\" data-large_image_height=\"100\"><img loading=\"lazy\" decoding=\"async\" class=\"aligncenter wp-image-61378 size-full\" src=\"https:\/\/www.radiopiu.net\/wordpress\/wp-content\/uploads\/2018\/09\/WhatsApp-Image-2018-09-20-at-16.04.06.jpeg\" alt=\"\" width=\"800\" height=\"100\" srcset=\"https:\/\/www.radiopiu.net\/wordpress\/wp-content\/uploads\/2018\/09\/WhatsApp-Image-2018-09-20-at-16.04.06.jpeg 800w, https:\/\/www.radiopiu.net\/wordpress\/wp-content\/uploads\/2018\/09\/WhatsApp-Image-2018-09-20-at-16.04.06-300x38.jpeg 300w, https:\/\/www.radiopiu.net\/wordpress\/wp-content\/uploads\/2018\/09\/WhatsApp-Image-2018-09-20-at-16.04.06-768x96.jpeg 768w\" sizes=\"auto, (max-width: 800px) 100vw, 800px\" \/><\/a><\/p>\n<p><center><b>Giovedi 20<\/b><\/center><b>Tempo atteso: <\/b>Tempo stupendo, ben soleggiato con atmosfera tersa ed ottima visibilit\u00e0 in montagna, lievi e locali foschie notturne in alcuni fondovalle prealpini durante le ore pi\u00f9 fredde. Clima inizialmente freddo a tutte le quote, ma tender\u00e0 a mitigarsi in giornata sia per l&#8217;arrivo di aria meno fredda che per il soleggiamento.<br \/>\n<b>Precipitazioni: <\/b>Assenti (0%).<br \/>\n<b>Temperature: <\/b>Minime in diminuzione a tutte le quote con diffuse gelate notturne fino nei fondovalle prealpini; massime in ripresa in quota e senza notevoli variazioni nelle valli. Sono previste punte di 11\/12\u00b0C nei fondovalle prealpini e di 5\/7\u00b0C a 1000\/1200 m. Da notare che si ripeter\u00e0 per l&#8217;ennesima volta quest&#8217;inverno una certa isotermia verticale diurna in alta quota (tra 2000 e 3000 m). Sulle Prealpi a 1500 m min -4\u00b0C e max 0\u00b0C, a 2000 m min -6\u00b0C e max -3\u00b0C; sulle Dolomiti a 2000 m min -8\u00b0C e max -3\u00b0C, a 3000 m min -13\u00b0C e max -4\u00b0C.<br \/>\n<b>Venti: <\/b>Nelle valli perlopi\u00f9 moderati nelle ore notturne per probabile Foehn, anche se non ovunque, da met\u00e0 mattinata in poi deboli di direzione variabile; in quota tesi da nord-ovest durante la notte, in attenuazione fino a moderati in giornata, a 10-20 km\/h a 2000 m e 25-35 km\/h a 3000 m.<\/p>\n<hr \/>\n<p><center><b>Venerdi 21<\/b><\/center><b>Tempo atteso: <\/b>Lieve variabilit\u00e0 notturna, seguita da tempo soleggiato al mattino, mentre sembra possano formarsi nubi di sottovento medio-alte nel corso del pomeriggio. Il clima sar\u00e0 fresco e inizialmente ventoso in alta quota, assai pi\u00f9 mite per situazione di favonio nelle valli.<br \/>\n<b>Precipitazioni: <\/b>Assenti (0%).<br \/>\n<b>Temperature: <\/b>Minime in aumento; massime stazionarie sulle cime dolomitiche pi\u00f9 alte, in rialzo a tutte le altre quote, in modo pi\u00f9 sensibile nelle valli maggiormente interessate da episodi di Foehn. Sulle Prealpi a 1500 m min -2\u00b0C e max 4\u00b0C, a 2000 m min -3\u00b0C e max 2\u00b0C; sulle Dolomiti a 2000 m min -4\u00b0C e max 0\u00b0C, a 3000 m min -9\u00b0C e max -4\u00b0C.<br \/>\n<b>Venti: <\/b>Nelle valli moderati, con rinforzi per episodi di Foehn tra la mattina e il primo pomeriggio; in quota tesi da nord-ovest durante la notte, poi in graduale rinforzo fino a diventare a tratti forti fino alle ore centrali del giorno, prima di calare nel corso del pomeriggio, a 15-45 km\/h a 2000 m e 35-75 km\/h a 3000 m; le raffiche potrebbero raggiungere i 90\/100 km sulle cime pi\u00f9 alte.<\/p>\n<hr \/>\n<p><center><b>Sabato 22<\/b><\/center>Tempo generalmente ben soleggiato su tutti i settori, salvo temporaneo transito di sottili nubi alte, effimere al mattino, un po&#8217; pi\u00f9 presenti da met\u00e0 pomeriggio in poi. Clima ancora un po&#8217; freddo di notte, specie nelle valli, con probabile inversione termica, di nuovo piuttosto mite di giorno. Venti deboli\/moderati da nord-ovest in quota, deboli di direzione variabile nelle valli, eccetto consueti rinforzi per brezze notturne.<\/p>\n<hr \/>\n<p><center><b>Domenica 23<\/b><\/center>Tempo ben soleggiato tutto il giorno, in quoesto contesto molto stabile non esclusa del tutto qualche sottile nube alta. Clima ancora un po&#8217; freddo di notte, specie nelle valli, con probabile inversione termica, ancora piuttosto mite di giorno. Venti moderati\/tesi da nord-ovest in quota, deboli\/moderati nelle valli, dove il foehn potrebbe temporeamente affacciarsi. Previsore: R.L.Th.<\/p>\n","protected":false},"excerpt":{"rendered":"<p>Gestione Servizi Pubblici informa che, a causa di un&#8217; ingente perdita\u00a0 sulla rete idrica comunale, Oggi dalle 8.30 alle 12 verr\u00e0 sospesa l\u2019erogazione dell\u2019acqua a Caviola di Falcade. &nbsp; PER RICEVERE QUESTO NOTIZIARIO DIRETTAMENTE SUL TUO CELLULARE ISCRIVITI AL CANALE TELEGRAM &#8220;RADIO PIU\u00a0 INFORMAZIONE&#8221;\u00a0 &nbsp; &nbsp; &nbsp; &nbsp; 563 di SALESEI tra PIAN DI SALESEI&hellip;<\/p>\n","protected":false},"author":1,"featured_media":118266,"comment_status":"closed","ping_status":"closed","sticky":false,"template":"","format":"standard","meta":{"_monsterinsights_skip_tracking":false,"_monsterinsights_sitenote_active":false,"_monsterinsights_sitenote_note":"","_monsterinsights_sitenote_category":0,"footnotes":""},"categories":[1,86,2],"tags":[],"class_list":["post-118202","post","type-post","status-publish","format-standard","has-post-thumbnail","hentry","category-senza-categoria","category-gr","category-news","category-1","category-86","category-2","description-off"],"img_url":"https:\/\/www.radiopiu.net\/wordpress\/wp-content\/uploads\/2020\/02\/2.jpg","_links":{"self":[{"href":"https:\/\/www.radiopiu.net\/wordpress\/wp-json\/wp\/v2\/posts\/118202","targetHints":{"allow":["GET"]}}],"collection":[{"href":"https:\/\/www.radiopiu.net\/wordpress\/wp-json\/wp\/v2\/posts"}],"about":[{"href":"https:\/\/www.radiopiu.net\/wordpress\/wp-json\/wp\/v2\/types\/post"}],"author":[{"embeddable":true,"href":"https:\/\/www.radiopiu.net\/wordpress\/wp-json\/wp\/v2\/users\/1"}],"replies":[{"embeddable":true,"href":"https:\/\/www.radiopiu.net\/wordpress\/wp-json\/wp\/v2\/comments?post=118202"}],"version-history":[{"count":0,"href":"https:\/\/www.radiopiu.net\/wordpress\/wp-json\/wp\/v2\/posts\/118202\/revisions"}],"wp:featuredmedia":[{"embeddable":true,"href":"https:\/\/www.radiopiu.net\/wordpress\/wp-json\/wp\/v2\/media\/118266"}],"wp:attachment":[{"href":"https:\/\/www.radiopiu.net\/wordpress\/wp-json\/wp\/v2\/media?parent=118202"}],"wp:term":[{"taxonomy":"category","embeddable":true,"href":"https:\/\/www.radiopiu.net\/wordpress\/wp-json\/wp\/v2\/categories?post=118202"},{"taxonomy":"post_tag","embeddable":true,"href":"https:\/\/www.radiopiu.net\/wordpress\/wp-json\/wp\/v2\/tags?post=118202"}],"curies":[{"name":"wp","href":"https:\/\/api.w.org\/{rel}","templated":true}]}}