{"id":118263,"date":"2020-02-20T05:58:30","date_gmt":"2020-02-20T04:58:30","guid":{"rendered":"https:\/\/www.radiopiu.net\/wordpress\/?p=118263"},"modified":"2020-02-20T06:01:18","modified_gmt":"2020-02-20T05:01:18","slug":"a-falcade-e-tempo-di-campionati-italiani-di-sci-di-fondo","status":"publish","type":"post","link":"https:\/\/www.radiopiu.net\/wordpress\/a-falcade-e-tempo-di-campionati-italiani-di-sci-di-fondo\/","title":{"rendered":"A FALCADE\u00a0\u00c8\u00a0TEMPO DI CAMPIONATI ITALIANI DI SCI DI FONDO\u00a0"},"content":{"rendered":"<p>&nbsp;<\/p>\n<p>&nbsp;<\/p>\n<blockquote>\n<h2 lang=\"zxx\"><span style=\"font-family: verdana, sans-serif; font-size: large;\"><b><\/p>\n<p><\/b><\/span><em style=\"font-size: 14px; font-weight: normal;\"><span style=\"font-family: verdana, sans-serif;\"><span style=\"color: #222222;\"><b>Pietro Piller Cottrer, responsabile delle squadre giovanili azzurre: \u00abDue giorni fondamentali nell&#8217;avvicinamento ai Mondiali di Oberwiesenthal\u00bb<\/b><\/span><\/span><\/em><span style=\"font-family: verdana, sans-serif; font-size: large;\"><b><br \/>\n<\/b><\/span><\/h2>\n<\/blockquote>\n<p><span style=\"font-family: verdana, sans-serif;\"><span style=\"color: #000000;\"><span lang=\"zxx\"><strong><a class=\"dt-pswp-item\" href=\"https:\/\/www.radiopiu.net\/wordpress\/wp-content\/uploads\/2020\/02\/04-nicol\u00f2-rossi-val-biois-scaled.jpg\" data-dt-img-description=\"\" data-large_image_width=\"2560\" data-large_image_height=\"1707\"><img loading=\"lazy\" decoding=\"async\" class=\"size-medium wp-image-118262 alignleft\" src=\"https:\/\/www.radiopiu.net\/wordpress\/wp-content\/uploads\/2020\/02\/04-nicol\u00f2-rossi-val-biois-300x200.jpg\" alt=\"\" width=\"300\" height=\"200\" srcset=\"https:\/\/www.radiopiu.net\/wordpress\/wp-content\/uploads\/2020\/02\/04-nicol\u00f2-rossi-val-biois-300x200.jpg 300w, https:\/\/www.radiopiu.net\/wordpress\/wp-content\/uploads\/2020\/02\/04-nicol\u00f2-rossi-val-biois-1024x683.jpg 1024w, https:\/\/www.radiopiu.net\/wordpress\/wp-content\/uploads\/2020\/02\/04-nicol\u00f2-rossi-val-biois-768x512.jpg 768w, https:\/\/www.radiopiu.net\/wordpress\/wp-content\/uploads\/2020\/02\/04-nicol\u00f2-rossi-val-biois-1536x1024.jpg 1536w, https:\/\/www.radiopiu.net\/wordpress\/wp-content\/uploads\/2020\/02\/04-nicol\u00f2-rossi-val-biois-2048x1365.jpg 2048w\" sizes=\"auto, (max-width: 300px) 100vw, 300px\" \/><\/a>FALCADE\u00a0<\/strong> <\/span><\/span><span style=\"color: #000000;\">Tutto pronto a Falcade (Belluno) per i Campionati italiani Giovani Rode e la Coppa Italia Senior Gamma di sci di fondo. Nella localit\u00e0 agordina, che rappresenta una delle localit\u00e0 di riferimento per quanto riguarda gli sci stretti nazionali, si garegger\u00e0 sabato 22 e domenica 23 febbraio. Sulla pista intitolata a Pietro Scola, sulla Piana di Falcade, sono attesi oltre 250 concorrenti. Direttore di gara sar\u00e0 Manuel Andrich. L&#8217;organizzazione \u00e8 affidata allo Sci club Val Biois, sodalizio che vanta oltre 70 anni di storia.<\/span><\/span><\/p>\n<p><span style=\"font-family: verdana, sans-serif;\"><span style=\"color: #000000;\"><b>Il programma \u2013\u00a0<\/b><\/span><span style=\"color: #000000;\">Sabato 22 febbraio sono in programma le sprint in tecnica classica valide come tappa della Coppa Italia Rode, Campionato Italiano Under 20 (Juniores) e tappa della Coppa Italia Gamma Seniores. Alle 14 la premiazione della Coppa Italia Seniores al campo gara. Alle 18.30, in piazza a Falcade, le premiazioni ufficiali.\u00a0<\/span><\/span><\/p>\n<p><span style=\"color: #000000;\"><span style=\"font-family: verdana, sans-serif;\">Domenica 23 febbraio, sempre con inizio alle 9.30, si svolgeranno le prove individuali, sempre in tecnica classica, che saranno valide per la Coppa Italia Rode e il Campionato Italiano Under 20 (Juniores) e Under 18 (Aspiranti), oltre che per la Coppa Italia Gamma Seniores e il Campionato Italiano Under 23. Queste le distanze da percorrere: 5 km Aspiranti e Juniores donne; 10 km Aspiranti uomini, Juniores uomini e Seniores donne; 15 km Juniores e Seniores uomini. Premiazioni ufficiali al campo gara, al termine dell&#8217;ultima competizione.<\/span><\/span><\/p>\n<p><span style=\"font-family: verdana, sans-serif;\"><span style=\"color: #222222;\"><span lang=\"zxx\"><b>Avvicinamento ai Mondiali di Oberwiesenthal \u2013\u00a0<\/b><\/span><\/span><span style=\"color: #222222;\"><span lang=\"zxx\">La due giorni tricolore di Falcade sar\u00e0 importante per il fondismo italiano non solo perch\u00e9 assegner\u00e0 i titoli tricolori in tecnica classica ma anche perch\u00e9 sar\u00e0 l&#8217;ultimo atto agonistico prima dei Campionati del mondo Juniores e Under 23 in programma dal 29 febbraio all&#8217;8 marzo a Oberwiesenthal (Germania).\u00a0\u00abIl fine settimana di Falcade sar\u00e0 utile come rifinitura di un periodo di preparazione che stiamo effettuando a Lavaz\u00e8 e sar\u00e0 fondamentale per definire le ultime designazioni in azzurro, soprattutto per quanto riguarda la categoria Juniores\u00bb dice Pietro Piller Cottrer, iridato a Oberstdorf 2005 e campione olimpico a Torino 2006 ora responsabile delle squadre giovanili delle Federazione italiana degli sport invernali. \u00abGuardo con fiducia ai Mondiali di\u00a0<\/span><\/span><span style=\"color: #000000;\"><span lang=\"zxx\">Oberwiesenthal: abbiamo dei ragazzi e delle ragazze di valore e determinati, alcuni dei quali hanno gi\u00e0 avuto esperienze anche in Coppa del mondo, esperienze che potranno tornare molto utili alla rassegna iridata\u00bb.<\/span><\/span><\/span><\/p>\n<p><span style=\"font-family: verdana, sans-serif;\"><span style=\"color: #000000;\"><span lang=\"zxx\"><b>I vincitori di due anni fa \u2013\u00a0<\/b><\/span><\/span><span style=\"color: #000000;\"><span lang=\"zxx\">Falcade e lo Sci club Val Biois ospitarono anche nel 2018 i Campionati italiani Giovani e la Coppa Italia, con le stesse gare che si svolgeranno nell&#8217;imminente fine settimana. Nella sprint tricolore Juniores vinsero i carnici Cristina Pittin e Luca Del Fabbro mentre tra gli Aspiranti si imposero la trentina Nicole Monsorno e il sappadino Davide Graz. Nella sprint della Coppa Italia Seniores i successi furono della lombarda Alice Canclini e del trentino Giacomo Gabrielli.<\/span><\/span><\/span><\/p>\n<p lang=\"zxx\"><span style=\"color: #000000;\"><span style=\"font-family: verdana, sans-serif;\">Le prove distance videro laurearsi campioni italiani la valdostana Emilie Jeantet e il sappadino Davide Graz nelle categorie Aspiranti, la lombarda Martina Bellini e il carnico Luca Del Fabbro in ambito Juniores. Doppio successo trentino nelle distance della Coppa Italia Senior con Caterina Ganz e Paolo Fanton.<\/span><\/span><\/p>\n<p><span style=\"font-family: verdana, sans-serif;\"><span style=\"color: #000000;\"><b>Approfondimenti \u2013\u00a0<\/b><\/span><span style=\"color: #000000;\">Approfondimenti, ordini di partenza, classifiche e immagini relative ai Campionati italiani e alla Coppa Italia che si svolgeranno a Falcade il 22 e 23 febbraio saranno disponibili su\u00a0<\/span><span lang=\"zxx\"><u><a href=\"http:\/\/www.ti-comunicazione.com\/\" target=\"_blank\" rel=\"noopener noreferrer\"><span style=\"color: #000000;\"><b>www.ti-comunicazione.com<\/b><\/span><\/a><\/u><\/span><span style=\"color: #000000;\">\u00a0e\u00a0<\/span><span lang=\"zxx\"><u><a href=\"http:\/\/www.fisiveneto.com\/\" target=\"_blank\" rel=\"noopener noreferrer\"><span style=\"color: #000000;\"><b>www.fisiveneto.com<\/b><\/span><\/a><\/u><\/span><span style=\"color: #000000;\">. A disposizione anche la pagina Facebook dello Sci club val Biois.<\/span><\/span><\/p>\n<p>&nbsp;<\/p>\n<p>&nbsp;<\/p>\n<hr \/>\n<p>&nbsp;<\/p>\n","protected":false},"excerpt":{"rendered":"<p>&nbsp; &nbsp; Pietro Piller Cottrer, responsabile delle squadre giovanili azzurre: \u00abDue giorni fondamentali nell&#8217;avvicinamento ai Mondiali di Oberwiesenthal\u00bb FALCADE\u00a0 Tutto pronto a Falcade (Belluno) per i Campionati italiani Giovani Rode e la Coppa Italia Senior Gamma di sci di fondo. Nella localit\u00e0 agordina, che rappresenta una delle localit\u00e0 di riferimento per quanto riguarda gli sci&hellip;<\/p>\n","protected":false},"author":1,"featured_media":118262,"comment_status":"closed","ping_status":"closed","sticky":false,"template":"","format":"standard","meta":{"_monsterinsights_skip_tracking":false,"_monsterinsights_sitenote_active":false,"_monsterinsights_sitenote_note":"","_monsterinsights_sitenote_category":0,"footnotes":""},"categories":[49],"tags":[],"class_list":["post-118263","post","type-post","status-publish","format-standard","has-post-thumbnail","hentry","category-news-18","category-49","description-off"],"img_url":"https:\/\/www.radiopiu.net\/wordpress\/wp-content\/uploads\/2020\/02\/04-nicol\u00f2-rossi-val-biois-scaled.jpg","_links":{"self":[{"href":"https:\/\/www.radiopiu.net\/wordpress\/wp-json\/wp\/v2\/posts\/118263","targetHints":{"allow":["GET"]}}],"collection":[{"href":"https:\/\/www.radiopiu.net\/wordpress\/wp-json\/wp\/v2\/posts"}],"about":[{"href":"https:\/\/www.radiopiu.net\/wordpress\/wp-json\/wp\/v2\/types\/post"}],"author":[{"embeddable":true,"href":"https:\/\/www.radiopiu.net\/wordpress\/wp-json\/wp\/v2\/users\/1"}],"replies":[{"embeddable":true,"href":"https:\/\/www.radiopiu.net\/wordpress\/wp-json\/wp\/v2\/comments?post=118263"}],"version-history":[{"count":0,"href":"https:\/\/www.radiopiu.net\/wordpress\/wp-json\/wp\/v2\/posts\/118263\/revisions"}],"wp:featuredmedia":[{"embeddable":true,"href":"https:\/\/www.radiopiu.net\/wordpress\/wp-json\/wp\/v2\/media\/118262"}],"wp:attachment":[{"href":"https:\/\/www.radiopiu.net\/wordpress\/wp-json\/wp\/v2\/media?parent=118263"}],"wp:term":[{"taxonomy":"category","embeddable":true,"href":"https:\/\/www.radiopiu.net\/wordpress\/wp-json\/wp\/v2\/categories?post=118263"},{"taxonomy":"post_tag","embeddable":true,"href":"https:\/\/www.radiopiu.net\/wordpress\/wp-json\/wp\/v2\/tags?post=118263"}],"curies":[{"name":"wp","href":"https:\/\/api.w.org\/{rel}","templated":true}]}}