{"id":118293,"date":"2020-02-20T13:17:33","date_gmt":"2020-02-20T12:17:33","guid":{"rendered":"https:\/\/www.radiopiu.net\/wordpress\/?p=118293"},"modified":"2020-02-21T08:31:57","modified_gmt":"2020-02-21T07:31:57","slug":"furti-a-feltre-riflessione-e-sfogo","status":"publish","type":"post","link":"https:\/\/www.radiopiu.net\/wordpress\/furti-a-feltre-riflessione-e-sfogo\/","title":{"rendered":"FURTI A FELTRE, RIFLESSIONE E SFOGO"},"content":{"rendered":"<div class=\"_2cuy _3dgx _2vxa\"><strong>FELTRE\u00a0 <\/strong>Nella serata di ieri sono\u00a0 furti in due appartamenti in via Venier di Feltre. Ignoti dopo aver forzato le porte finestre al primo piano asportando in un caso orologi e monili in oro per un valore di 700 euro mentre nel secondo alcuni monili dal valore da quantificare<\/div>\n<div><\/div>\n<blockquote>\n<div class=\"_2cuy _3dgx _2vxa\"><strong><em> Dopo l&#8217;ennesima raffica di furti in appartamento di ieri sera in via Venier, Roberto Mores affida il suo sfogo alla pagina facebook Sei di Feltre. L&#8217;uomo \u00e8 stato derubato, i ladri sono entrati in casa\u00a0 al primo piano scalando il muro appendendosi alla grondaia ed entrando dal poggiolo &#8220;come Arsenio Lupin&#8221; dice Mores, e soprattutto dopo mesi e mesi che\u00a0 i malviventi scorrazzano per Feltre e dintorni. Per questo le domande sono lecite: Qualcuno si sta dando veramente da fare per prenderli?\u00a0 Possibile che nessuno veda mai nien<span class=\"text_exposed_show\">te di strano o qualcuno aggirarsi furtivo e abbia il coraggio di chiamare le forze dell&#8217;ordine? L&#8217;altra domanda \u00e8 se Feltre \u00e8 ancora citt\u00e0 sicura <\/span>o al contrario se\u00a0 la sorveglianza \u00e8 ridotta ai minimi termini. Infine un invito all&#8217;amministrazione comunale a predisporre iniziative per \u00a0soddisfare al bisogno di sicurezza iniziando dalla video sorveglianza. Lo sfogo di Roberto Mores sta generando una forte discussione <a href=\"https:\/\/www.facebook.com\/groups\/201622996704234\/\">CLICCA QUI<\/a><\/em><\/strong><\/div>\n<\/blockquote>\n","protected":false},"excerpt":{"rendered":"<p>FELTRE\u00a0 Nella serata di ieri sono\u00a0 furti in due appartamenti in via Venier di Feltre. Ignoti dopo aver forzato le porte finestre al primo piano asportando in un caso orologi e monili in oro per un valore di 700 euro mentre nel secondo alcuni monili dal valore da quantificare Dopo l&#8217;ennesima raffica di furti in&hellip;<\/p>\n","protected":false},"author":1,"featured_media":0,"comment_status":"closed","ping_status":"closed","sticky":false,"template":"","format":"standard","meta":{"_monsterinsights_skip_tracking":false,"_monsterinsights_sitenote_active":false,"_monsterinsights_sitenote_note":"","_monsterinsights_sitenote_category":0,"footnotes":""},"categories":[51,49],"tags":[],"class_list":["post-118293","post","type-post","status-publish","format-standard","hentry","category-evidenza-top","category-news-18","category-51","category-49","description-off"],"img_url":false,"_links":{"self":[{"href":"https:\/\/www.radiopiu.net\/wordpress\/wp-json\/wp\/v2\/posts\/118293","targetHints":{"allow":["GET"]}}],"collection":[{"href":"https:\/\/www.radiopiu.net\/wordpress\/wp-json\/wp\/v2\/posts"}],"about":[{"href":"https:\/\/www.radiopiu.net\/wordpress\/wp-json\/wp\/v2\/types\/post"}],"author":[{"embeddable":true,"href":"https:\/\/www.radiopiu.net\/wordpress\/wp-json\/wp\/v2\/users\/1"}],"replies":[{"embeddable":true,"href":"https:\/\/www.radiopiu.net\/wordpress\/wp-json\/wp\/v2\/comments?post=118293"}],"version-history":[{"count":0,"href":"https:\/\/www.radiopiu.net\/wordpress\/wp-json\/wp\/v2\/posts\/118293\/revisions"}],"wp:attachment":[{"href":"https:\/\/www.radiopiu.net\/wordpress\/wp-json\/wp\/v2\/media?parent=118293"}],"wp:term":[{"taxonomy":"category","embeddable":true,"href":"https:\/\/www.radiopiu.net\/wordpress\/wp-json\/wp\/v2\/categories?post=118293"},{"taxonomy":"post_tag","embeddable":true,"href":"https:\/\/www.radiopiu.net\/wordpress\/wp-json\/wp\/v2\/tags?post=118293"}],"curies":[{"name":"wp","href":"https:\/\/api.w.org\/{rel}","templated":true}]}}