{"id":118305,"date":"2020-02-21T05:57:11","date_gmt":"2020-02-21T04:57:11","guid":{"rendered":"https:\/\/www.radiopiu.net\/wordpress\/?p=118305"},"modified":"2020-02-21T09:45:01","modified_gmt":"2020-02-21T08:45:01","slug":"giornale-radiopiu-21-febbraio-2020-direttore-mirko-mezzacasa","status":"publish","type":"post","link":"https:\/\/www.radiopiu.net\/wordpress\/giornale-radiopiu-21-febbraio-2020-direttore-mirko-mezzacasa\/","title":{"rendered":"GIORNALE RADIOPIU 21 FEBBRAIO 2020 direttore Mirko Mezzacasa"},"content":{"rendered":"<p>&nbsp;<\/p>\n<h3><strong><a class=\"dt-pswp-item\" href=\"https:\/\/www.radiopiu.net\/wordpress\/wp-content\/uploads\/2020\/02\/telegram-q-ok.jpg\" data-dt-img-description=\"\" data-large_image_width=\"800\" data-large_image_height=\"800\"><img loading=\"lazy\" decoding=\"async\" class=\"wp-image-117176 alignleft\" src=\"https:\/\/www.radiopiu.net\/wordpress\/wp-content\/uploads\/2020\/02\/telegram-q-ok-300x300.jpg\" alt=\"\" width=\"103\" height=\"103\" srcset=\"https:\/\/www.radiopiu.net\/wordpress\/wp-content\/uploads\/2020\/02\/telegram-q-ok-300x300.jpg 300w, https:\/\/www.radiopiu.net\/wordpress\/wp-content\/uploads\/2020\/02\/telegram-q-ok-150x150.jpg 150w, https:\/\/www.radiopiu.net\/wordpress\/wp-content\/uploads\/2020\/02\/telegram-q-ok-768x768.jpg 768w, https:\/\/www.radiopiu.net\/wordpress\/wp-content\/uploads\/2020\/02\/telegram-q-ok.jpg 800w\" sizes=\"auto, (max-width: 103px) 100vw, 103px\" \/><\/a><\/strong><strong>PER RICEVERE QUESTO NOTIZIARIO DIRETTAMENTE SUL TUO CELLULARE ISCRIVITI AL CANALE <span style=\"color: #0000ff;\">TELEGRAM<\/span><\/strong><\/h3>\n<p><strong>&#8220;<span style=\"color: #ff0000;\">RADIO PIU\u00a0 INFORMAZIONE<span style=\"color: #000000;\">&#8221;\u00a0<\/span><\/span><\/strong><\/p>\n<p>&nbsp;<\/p>\n<p>&nbsp;<\/p>\n<hr \/>\n<p><strong>563 di SALESEI tra PIAN DI SALESEI E SALESEI <\/strong>INTERDIZIONE TOTALE AL TRAFFICO dalle 9 alle 17 per rimozione schianti. negli altri orari senso unico con semaforo<\/p>\n<hr \/>\n<h3>per lavori DOMENICA dalle 8 alle ore 12 potrebbe mancare l&#8217;acqua a AGORDO localita&#8217; VALCOZZENA.<\/h3>\n<hr \/>\n<p>&nbsp;<\/p>\n<blockquote>\n<h3>SEQUESTRO DI OLTRE 300 MILA EURO NEI CONFRONTI DI UN TUTORE GIUDIZIALE DENUNCIATO PER PECULATO IN CONCORSO CON IL PROTUTORE<\/h3>\n<\/blockquote>\n<p><strong><img loading=\"lazy\" decoding=\"async\" class=\"alignleft\" src=\"https:\/\/www.radiopiu.net\/wordpress\/wp-content\/uploads\/2015\/05\/guardia-di-finanza-auto_full1.jpg\" width=\"286\" height=\"214\" \/>BELLUNO<\/strong>\u00a0 I finanzieri del Comando Provinciale di Belluno hanno notificato l\u2019avviso della conclusione delle indagini preliminari ad un imprenditore, tutore giudiziale di un proprio congiunto, gi\u00e0 destinatario nel mese di dicembre 2019 di un decreto di sequestro preventivo emesso dal Gip del Tribunale di Belluno su richiesta della Procura finalizzato alla confisca di un immobile e denaro per un valore di 303 mila euro.\u00a0 Indagini disposte dalla Procura della Repubblica di Belluno e condotte dagli investigatori del Nucleo di Polizia Economico-Finanziaria della Guardia di Finanza, hanno consentito di accertare che, in relazione alla tutela legale di un soggetto interdetto dal Tribunale di Belluno, il fratello, nominato tutore nel 2008, ha svolto il proprio incarico adottando, da subito, una gestione del patrimonio gravemente negligente, sfociata nell&#8217;illecita condotta penale del reato di peculato,\u00a0 attesa la natura pubblica della tutela e la qualit\u00e0 di pubblico ufficiale del tutore dell\u2019interdetto, avvalendosi anche della cooperazione del protutore \u2013 avvocato nonch\u00e9 figlia del denunciato &#8211; che avrebbe anche effettuato accessi per conto del padre alla cancelleria del Tribunale agevolandone la condotta illecita. \u00c8 infatti emerso come il tutore si sia appropriato, nel corso degli anni, di ingenti somme di denaro \u2013 per centinaia di migliaia di euro \u2013 derivanti dalla mala gestione del patrimonio dell\u2019incapace, tra cui spicca il mancato versamento della quota di legittima alla morte del padre e la vendita nel 2016 della villa di famiglia di Belluno, sottraendo ed utilizzando per fini propri le somme ottenute, senza riversare alla sorella tutelata le quote di spettanza. La complessa attivit\u00e0 investigativa si \u00e8 sviluppata attraverso la disamina di copiosa documentazione, l\u2019assunzione di informazioni testimoniali, la ricostruzione particolareggiata del patrimonio economico-finanziario del soggetto interdetto, nonch\u00e9 l&#8217;analisi approfondita dei rapporti bancari riconducibili agli indagati. Le risorse sottratte al soggetto interdetto sono state pertanto protette con il sequestro \u201cper equivalente\u201d, misura cautelare che ha \u201ccongelato\u201d, per la successiva confisca, i beni nella disponibilit\u00e0 del tutore denunciato, in misura proporzionata all\u2019ammontare di quanto illecitamente sottratto. Le attivit\u00e0 investigative condotte dimostrano la costante azione della Guardia di Finanza nella ricerca e repressione delle pi\u00f9 gravi condotte illecite perpetrate a danno della Pubblica Amministrazione e nell\u2019aggressione dei patrimoni illecitamente accumulati<\/p>\n<p>&nbsp;<\/p>\n<p>&nbsp;<\/p>\n<hr \/>\n<blockquote>\n<h3><em>FURTI A FELTRE, RIFLESSIONE E SFOGO<\/em><\/h3>\n<\/blockquote>\n<div class=\"_2cuy _3dgx _2vxa\"><strong>FELTRE <\/strong>L&#8217;altra sera\u00a0 furti in due appartamenti in via Venier di Feltre. Ignoti dopo aver forzato le porte finestre al primo piano asportando in un caso orologi e monili in oro per un valore di 700 euro mentre nel secondo alcuni monili dal valore da quantificare<\/div>\n<div><\/div>\n<blockquote>\n<div class=\"_2cuy _3dgx _2vxa\"><strong><em> <img decoding=\"async\" class=\"alignleft\" src=\"https:\/\/www.radiopiu.net\/wordpress\/wp-content\/uploads\/2015\/04\/ladri.jpg\" \/>Dopo l&#8217;ennesima raffica di furti in appartamento in via Venier, Roberto Mores affida il suo sfogo alla pagina facebook Sei di Feltre. L&#8217;uomo \u00e8 stato derubato, i ladri sono entrati in casa\u00a0 al primo piano scalando il muro appendendosi alla grondaia ed entrando dal poggiolo &#8220;come Arsenio Lupin&#8221; dice Mores, e soprattutto dopo mesi e mesi che\u00a0 i malviventi scorrazzano per Feltre e dintorni. Per questo le domande sono lecite: Qualcuno si sta dando veramente da fare per prenderli?\u00a0 Possibile che nessuno veda mai nien<span class=\"text_exposed_show\">te di strano o qualcuno aggirarsi furtivo e abbia il coraggio di chiamare le forze dell&#8217;ordine? L&#8217;altra domanda \u00e8 se Feltre \u00e8 ancora citt\u00e0 sicura <\/span>o al contrario se\u00a0 la sorveglianza \u00e8 ridotta ai minimi termini. Infine un invito all&#8217;amministrazione comunale a predisporre iniziative per \u00a0soddisfare al bisogno di sicurezza iniziando dalla video sorveglianza. Lo sfogo di Roberto Mores sta generando una forte discussione <a href=\"https:\/\/www.facebook.com\/groups\/201622996704234\/\">CLICCA QUI<\/a><\/em><\/strong><\/div>\n<\/blockquote>\n<p>&nbsp;<\/p>\n<p>&nbsp;<\/p>\n<hr \/>\n<p>&nbsp;<\/p>\n<p>&nbsp;<\/p>\n<blockquote>\n<h3>INCIDENTE IN PANDOLFO, CI RIMETTE TRE DITA<\/h3>\n<\/blockquote>\n<p><strong><img loading=\"lazy\" decoding=\"async\" class=\"alignleft\" src=\"https:\/\/www.radiopiu.net\/wordpress\/wp-content\/uploads\/2018\/02\/PANDOLFO.jpg\" width=\"211\" height=\"126\" \/>LENTIAI<\/strong> Un 41enne feltrino F.P. le iniziali, \u00e8 stato portato d&#8217;urgenza all&#8217;ospedale per lo schiacciamento di tre dita mentre stava lavorando alla Pandolfo di Lentiai. Sul posto Carabinieri e personale dello Spisal per gli accertamenti. L&#8217;incidente ieri mattina alle 9.30<\/p>\n<p>&nbsp;<\/p>\n<p>&nbsp;<\/p>\n<hr \/>\n<p>&nbsp;<\/p>\n<p>&nbsp;<\/p>\n<h2><span style=\"color: #ff0000;\">UBRIACHI AL VOLANTE\u00a0<\/span><\/h2>\n<blockquote>\n<h3>PUR DI EVITARE IL CONTROLLO VA IN BAGNO E SALTA DALLA FINESTRA. PATENTE RITIRATA<\/h3>\n<\/blockquote>\n<p><strong>BELLUNO<\/strong> \u00a0D.P.N.P., 23 anni\u00a0 chiede di andare in bagno e salta dalla finestra della caserma\u00a0 (un paio di metri d&#8217;altezza) per evitare il controllo dell&#8217;alcooltest. Ha cos\u00ec rimediato la denuncia non solo per guida in stato ebbrezza ma anche\u00a0 per resistenza a pubblico ufficiale. Viaggiava sulla Punto quando \u00e8 stato fermato da\u00a0 una Volante in centro a Belluno in evidente stato di ubriachezza e per questo portato in centrale dove ha tentato la fuga, ma un poliziotto lo ha rincorso, fermato e riportato in Questura. Esito dell&#8217;alcoltest 0,8 patente ritirata e\u00a0 denuncia.<\/p>\n<p>A.G. 36 anni\u00a0 \u00e8 stato invece fermato e controllato nella zona di Caleipo.\u00a0 Le verifiche hanno dato esito positivo, la strumentazione ha segnato 1,5 grammi, patente ritirata e sospensione da 6 mesi ad 1 anno (con decurtazione di 10 punti).<\/p>\n<p>&nbsp;<\/p>\n<p>&nbsp;<\/p>\n<hr \/>\n<p>&nbsp;<\/p>\n<blockquote>\n<h3><\/h3>\n<h3>SPACCIAVA IN STAZIONE AD AGORDO: CONDANNATO<\/h3>\n<\/blockquote>\n<p><strong>AGORDO<\/strong>\u00a0 Il marocchino A.B. \u00e8 colpevole di detenzione e spaccio di sostanze stupefacenti\u00a0 (tra il 2016 e il 2018) ed \u00e8 stato condannato in abbreviato a un anno e quattro mesi di reclusione, con pena sospesa e 4 mila euro di multa. Assoluzione con formula dubitativa, invece, per l&#8217;ipotesi di reato di estorsione di 30 euro a un giovane agordino, sotto la minaccia di Kaos, il cane di razza pitbull ammazzato in VIale Sommariva per strangolamento.<\/p>\n<p>&nbsp;<\/p>\n<p>&nbsp;<\/p>\n<hr \/>\n<p>&nbsp;<\/p>\n<p>&nbsp;<\/p>\n<blockquote>\n<h3>PATTEGGIAMENTO PER LE ARMI DETENUTE ILLEGALMENTE<\/h3>\n<\/blockquote>\n<p><strong>ROCCA PIETORE.<\/strong>\u00a0 E.P. ha\u00a0 patteggiato due mesi e venti giorni con pena sospesa.Il 63enne di Rocca Pietore era stato arrestato e rimesso in libert\u00e0 dalla polizia alla fine di una perquisizione personale nell&#8217;ambito di un&#8217;operazione antibracconaggio, deteneva in modo illegale due carabine calibro 22, una pistola revolver con matricola illeggibile, una daga (uno spadino tipo baionetta) di 57 centimetri, due silenziatori per fucili da caccia e 502 munizioni calibro 22.<\/p>\n<p>&nbsp;<\/p>\n<p>&nbsp;<\/p>\n<p>&nbsp;<\/p>\n<hr \/>\n<p>&nbsp;<\/p>\n<p>&nbsp;<\/p>\n<blockquote>\n<h3><a class=\"dt-pswp-item\" href=\"https:\/\/www.radiopiu.net\/wordpress\/wp-content\/uploads\/2020\/02\/IMG-20200220-WA0017-rotated.jpg\" data-dt-img-description=\"\" data-large_image_width=\"1200\" data-large_image_height=\"1600\"><img loading=\"lazy\" decoding=\"async\" class=\"wp-image-118352 alignleft\" src=\"https:\/\/www.radiopiu.net\/wordpress\/wp-content\/uploads\/2020\/02\/IMG-20200220-WA0017-225x300.jpg\" alt=\"\" width=\"147\" height=\"196\" srcset=\"https:\/\/www.radiopiu.net\/wordpress\/wp-content\/uploads\/2020\/02\/IMG-20200220-WA0017-225x300.jpg 225w, https:\/\/www.radiopiu.net\/wordpress\/wp-content\/uploads\/2020\/02\/IMG-20200220-WA0017-768x1024.jpg 768w, https:\/\/www.radiopiu.net\/wordpress\/wp-content\/uploads\/2020\/02\/IMG-20200220-WA0017-1152x1536.jpg 1152w, https:\/\/www.radiopiu.net\/wordpress\/wp-content\/uploads\/2020\/02\/IMG-20200220-WA0017-rotated.jpg 1200w\" sizes=\"auto, (max-width: 147px) 100vw, 147px\" \/><\/a>LUTTO IN USARCI IL SINDACATO PERDE IL SUO SOCIO FONDATORE<\/h3>\n<\/blockquote>\n<p>&nbsp;<\/p>\n<p><strong>BELLUNO<\/strong> Usarci &#8211; Unione sindacati agenti e rappresentanti di commercio &#8211; perde il suo socio fondatore. E\u2019 mancato nella notte tra mercoled\u00ec e giovedi Orazio Ianiro, tra i padri fondatori del sindacato sezione di Belluno, che aveva fondato ben 52 anni fa. Da tempo malato, pur nelle difficolt\u00e0 di una salute incerta e di 84 anni di vita sulle spalle, Ianiro fino all\u2019ultimo ha portato il suo contributo alla vita associativa del sindacato nella funzione di vice presidente.<\/p>\n<p><strong>Il presidente di Usarci Belluno e Veneto, Franco Roccon, lo ricorda con emozione<\/strong><\/p>\n<audio class=\"wp-audio-shortcode\" id=\"audio-118305-1\" preload=\"none\" style=\"width: 100%;\" controls=\"controls\"><source type=\"audio\/mpeg\" src=\"https:\/\/www.radiopiu.net\/wordpress\/wp-content\/uploads\/2020\/02\/FRANCO-1.mp3?_=1\" \/><a href=\"https:\/\/www.radiopiu.net\/wordpress\/wp-content\/uploads\/2020\/02\/FRANCO-1.mp3\">https:\/\/www.radiopiu.net\/wordpress\/wp-content\/uploads\/2020\/02\/FRANCO-1.mp3<\/a><\/audio>\n<p>&nbsp;<\/p>\n<p>&nbsp;<\/p>\n<hr \/>\n<p>&nbsp;<\/p>\n<blockquote>\n<h3>VIGNATO POTREBBE NON COMANDARE PIU&#8217;. IL RAPPORTO CON I SINDACI E&#8217; DETERIOTATO<\/h3>\n<\/blockquote>\n<p><strong><a class=\"dt-pswp-item\" href=\"https:\/\/www.radiopiu.net\/wordpress\/wp-content\/uploads\/2017\/04\/Au_Vignato_1-e1547820924488.jpg\" data-dt-img-description=\"\" data-large_image_width=\"800\" data-large_image_height=\"978\"><img loading=\"lazy\" decoding=\"async\" class=\"wp-image-31580 alignleft\" src=\"https:\/\/www.radiopiu.net\/wordpress\/wp-content\/uploads\/2017\/04\/Au_Vignato_1-e1547820924488-245x300.jpg\" alt=\"\" width=\"144\" height=\"176\" \/><\/a>OGGI SUL CORRIERE DELLE ALPI<\/strong><\/p>\n<p><strong>BELLUNO<\/strong> Giuseppe Vignato\u00a0 potrebbe non essere confermato alla guida di GSP. I sindaci vogliono un Cda. Ora tutti i Comuni dovranno portare nei rispettivi consigli una delibera con la quale approvano questa modifica. Quindi si torner\u00e0 in assemblea. E poi bisogner\u00e0 trovare i tecnici. La rivoluzione \u00e8 servita.<\/p>\n<p><em>Se qualcuno ricorder\u00e0 il pensionato Vignato per aver risanato la societ\u00e0 i cittadini che mettono mano al portafoglio lo ricorderanno invece per i vertiginosi aumenti delle bollette dell&#8217;acqua, questo ha risanato GSP&#8230;. (MM)<\/em><\/p>\n<p>&nbsp;<\/p>\n<hr \/>\n<p>&nbsp;<\/p>\n<p>&nbsp;<\/p>\n<blockquote>\n<h3>A POSTE ITALIANE: &#8220;E BASTA CON I DISSERVIZI&#8221;<\/h3>\n<\/blockquote>\n<p><span style=\"font-size: medium;\"><b><a class=\"dt-pswp-item\" href=\"https:\/\/www.radiopiu.net\/wordpress\/wp-content\/uploads\/2020\/02\/incontro_testate_abm.jpg\" data-dt-img-description=\"\" data-large_image_width=\"1500\" data-large_image_height=\"844\"><img loading=\"lazy\" decoding=\"async\" class=\"size-medium wp-image-118350 alignleft\" src=\"https:\/\/www.radiopiu.net\/wordpress\/wp-content\/uploads\/2020\/02\/incontro_testate_abm-300x169.jpg\" alt=\"\" width=\"300\" height=\"169\" srcset=\"https:\/\/www.radiopiu.net\/wordpress\/wp-content\/uploads\/2020\/02\/incontro_testate_abm-300x169.jpg 300w, https:\/\/www.radiopiu.net\/wordpress\/wp-content\/uploads\/2020\/02\/incontro_testate_abm-1024x576.jpg 1024w, https:\/\/www.radiopiu.net\/wordpress\/wp-content\/uploads\/2020\/02\/incontro_testate_abm-768x432.jpg 768w, https:\/\/www.radiopiu.net\/wordpress\/wp-content\/uploads\/2020\/02\/incontro_testate_abm.jpg 1500w\" sizes=\"auto, (max-width: 300px) 100vw, 300px\" \/><\/a>BELLUNO <\/b><\/span> Un incontro per dire basta ai disservizi di Poste Italiane. Lo ha organizzato l&#8217;Associazione Bellunesi nel Mondo con i responsabili dei periodici pubblicati in provincia di Belluno e nel trevigiano. Obiettivo: fare squadra per un&#8217;azione comune con cui chiedere alla S.p.A. un cambio di rotta sulla distribuzione delle riviste. Una distribuzione che al momento avviene con enormi ritardi &#8211; anche un mese da Belluno a Belluno &#8211; o addirittura, in diversi casi, non avviene affatto.\u00a0 Situazione che genera disagi agli editori delle pubblicazioni, contro i quali giungono le inevitabili lamentele degli associati e spesso la disdetta degli abbonamenti. Altro problema: la legittima richiesta, da parte degli abbonati, degli arretrati non consegnati, con ulteriori costi di spedizione per le testate.\u00a0 Tutte questioni pi\u00f9 volte portate all&#8217;attenzione di Poste Italiane, ma finora, nonostante le rassicurazioni a parole, rimaste irrisolte a livello concreto.<\/p>\n<blockquote><p><em>\u00abDa parte sua \u2013 il pensiero condiviso nell&#8217;incontro \u2013 l&#8217;azienda si giustifica con la mancanza di postini o la scarsa preparazione del personale, o ancora con il fatto che il comparto del servizio postale \u00e8 in perdita. Risposte non accettabili, tanto pi\u00f9 che il bilancio di Poste risulta in attivo e che l&#8217;azienda \u00e8 beneficiaria di contributi statali per l&#8217;attivit\u00e0 che svolge. Non possono essere gli utenti finali a pagare le problematiche gestionali interne di Poste\u00bb. Per questo i rappresentanti dei periodici bellunesi presenti all&#8217;incontro in sede Abm hanno deciso di intraprendere un&#8217;azione unitaria a livello politico. <\/em><em>Il prossimo passaggio sar\u00e0 quindi l&#8217;elaborazione di un testo da far giungere ai rappresentanti bellunesi in Parlamento, ai sindaci della provincia di Belluno e alla Regione Veneto, affinch\u00e9 la controversia non rimanga lettera morta. L&#8217;obiettivo \u00e8 ottenere da Poste Italiane un risarcimento per il danno arrecato.<\/em><em>\u00abSi tratta \u2013 la conclusione al termine dell&#8217;incontro &#8211; di un tema non prorogabile che riguarda tutto il territorio e non solo qualche azienda o associazione privata. Ne va del futuro dell&#8217;informazione\u00bb.<\/em><\/p><\/blockquote>\n<p>&nbsp;<\/p>\n<p>&nbsp;<\/p>\n<hr \/>\n<p>&nbsp;<\/p>\n<p>&nbsp;<\/p>\n<blockquote>\n<h2>Un Pronto Soccorso&#8230;che se non ci fosse sarebbe proprio un guaio<\/h2>\n<\/blockquote>\n<h2><span style=\"color: #ff0000;\">DILLO A RADIO PIU&#8217;<\/span><\/h2>\n<p>&nbsp;<\/p>\n<blockquote><p><em><span id=\"cch_f201d0ada6c5a8a\" class=\"_mh6 _wsc\"><span class=\"_3oh- _58nk\"><strong><img loading=\"lazy\" decoding=\"async\" class=\"alignleft\" src=\"https:\/\/www.radiopiu.net\/wordpress\/wp-content\/uploads\/2015\/10\/Entrata-Agordo-300x225.jpg\" width=\"135\" height=\"101\" \/>AGORDO<\/strong> Accade che a volte hai bisogno di aiuto- aiuto quello vero perch\u00e9 hai un figlio che non sta bene e hai paura a metterlo nelle mani altrui C\u2019\u00e8 stato bisogno- necessita del pronto soccorso di Agordo. Ricordo che in quel luogo ci sono persone che oltre alla loro grande professionalit\u00e0 c\u2019\u00e8 anche molta umanit\u00e0 e comprensione verso chi non sta bene Lavorano come matti senza dimostrare stanchezza Ti seguono ovunque e comunque Vorrei solo ringraziare 48 ore di turnisti Un viso sempre diverso dall altro ma uguali nel cuore Un grazie infinito al grande primario che abbiamo Cerchiamo di avere fiducia e avremmo ancora il nostro ospedale.\u00a0 \u00a0(V.)<\/span><\/span><\/em><\/p><\/blockquote>\n<p>&nbsp;<\/p>\n<p>&nbsp;<\/p>\n<hr \/>\n<h2><\/h2>\n<h2><\/h2>\n<h2><span style=\"color: #ff0000;\">FOTO CONSIDERAZIONI<\/span><\/h2>\n<p><strong>AGORDO<\/strong> Problema cronico della mancanza di parcheggi in Luxottica, ma anche poco rispetto verso gli altri. Si spiegano cos\u00ec anche i frequenti controlli dei vigili e delle sanzioni spesso contestate, ma viste le foto&#8230;<\/p>\n<p><a class=\"dt-pswp-item\" href=\"https:\/\/www.radiopiu.net\/wordpress\/wp-content\/uploads\/2020\/02\/84028096_3410079949018901_6812091978570792960_o-1.jpg\" data-dt-img-description=\"\" data-large_image_width=\"466\" data-large_image_height=\"960\"><img loading=\"lazy\" decoding=\"async\" class=\"alignnone wp-image-118307\" src=\"https:\/\/www.radiopiu.net\/wordpress\/wp-content\/uploads\/2020\/02\/84028096_3410079949018901_6812091978570792960_o-1-146x300.jpg\" alt=\"\" width=\"93\" height=\"191\" srcset=\"https:\/\/www.radiopiu.net\/wordpress\/wp-content\/uploads\/2020\/02\/84028096_3410079949018901_6812091978570792960_o-1-146x300.jpg 146w, https:\/\/www.radiopiu.net\/wordpress\/wp-content\/uploads\/2020\/02\/84028096_3410079949018901_6812091978570792960_o-1.jpg 466w\" sizes=\"auto, (max-width: 93px) 100vw, 93px\" \/><\/a><a class=\"dt-pswp-item\" href=\"https:\/\/www.radiopiu.net\/wordpress\/wp-content\/uploads\/2020\/02\/fe7b1422-60b6-4601-a2dd-b5bfd989f3f1-1.jpg\" data-dt-img-description=\"\" data-large_image_width=\"1416\" data-large_image_height=\"688\"><img loading=\"lazy\" decoding=\"async\" class=\"alignnone wp-image-118308\" src=\"https:\/\/www.radiopiu.net\/wordpress\/wp-content\/uploads\/2020\/02\/fe7b1422-60b6-4601-a2dd-b5bfd989f3f1-1-300x146.jpg\" alt=\"\" width=\"390\" height=\"190\" srcset=\"https:\/\/www.radiopiu.net\/wordpress\/wp-content\/uploads\/2020\/02\/fe7b1422-60b6-4601-a2dd-b5bfd989f3f1-1-300x146.jpg 300w, https:\/\/www.radiopiu.net\/wordpress\/wp-content\/uploads\/2020\/02\/fe7b1422-60b6-4601-a2dd-b5bfd989f3f1-1-1024x498.jpg 1024w, https:\/\/www.radiopiu.net\/wordpress\/wp-content\/uploads\/2020\/02\/fe7b1422-60b6-4601-a2dd-b5bfd989f3f1-1-768x373.jpg 768w, https:\/\/www.radiopiu.net\/wordpress\/wp-content\/uploads\/2020\/02\/fe7b1422-60b6-4601-a2dd-b5bfd989f3f1-1.jpg 1416w\" sizes=\"auto, (max-width: 390px) 100vw, 390px\" \/><\/a><\/p>\n<p>&nbsp;<\/p>\n<p>&nbsp;<\/p>\n<hr \/>\n<p>&nbsp;<\/p>\n<p>&nbsp;<\/p>\n<p><strong>ROCCA PIETORE,<\/strong> Arrivano i nostri, quando serve sempre perch\u00e9 ci sono sempre. Intervento dei Vigili del Fuoco effettivi alla ex colonia di San Marino, in stato di abbandono<\/p>\n<p><a class=\"dt-pswp-item\" href=\"https:\/\/www.radiopiu.net\/wordpress\/wp-content\/uploads\/2020\/02\/3eb978c2-8e89-46d6-8871-0a06fd48b08b-1.jpg\" data-dt-img-description=\"\" data-large_image_width=\"1200\" data-large_image_height=\"1600\"><img loading=\"lazy\" decoding=\"async\" class=\"alignnone size-medium wp-image-118306\" src=\"https:\/\/www.radiopiu.net\/wordpress\/wp-content\/uploads\/2020\/02\/3eb978c2-8e89-46d6-8871-0a06fd48b08b-1-225x300.jpg\" alt=\"\" width=\"225\" height=\"300\" srcset=\"https:\/\/www.radiopiu.net\/wordpress\/wp-content\/uploads\/2020\/02\/3eb978c2-8e89-46d6-8871-0a06fd48b08b-1-225x300.jpg 225w, https:\/\/www.radiopiu.net\/wordpress\/wp-content\/uploads\/2020\/02\/3eb978c2-8e89-46d6-8871-0a06fd48b08b-1-768x1024.jpg 768w, https:\/\/www.radiopiu.net\/wordpress\/wp-content\/uploads\/2020\/02\/3eb978c2-8e89-46d6-8871-0a06fd48b08b-1-1152x1536.jpg 1152w, https:\/\/www.radiopiu.net\/wordpress\/wp-content\/uploads\/2020\/02\/3eb978c2-8e89-46d6-8871-0a06fd48b08b-1.jpg 1200w\" sizes=\"auto, (max-width: 225px) 100vw, 225px\" \/><\/a><\/p>\n<p>&nbsp;<\/p>\n<p>&nbsp;<\/p>\n<hr \/>\n<p>&nbsp;<\/p>\n<p>&nbsp;<\/p>\n<blockquote>\n<h3>CANCELLATO L&#8217;OBBLIGO DI PRESENTAZIONE DEL CERTIFICATO DI RIAMMISSIONE DOPO I 5 GIORNI DI ASSENZA<\/h3>\n<\/blockquote>\n<p><strong> <a class=\"dt-pswp-item\" href=\"https:\/\/www.radiopiu.net\/wordpress\/wp-content\/uploads\/2020\/02\/download-14.jpg\" data-dt-img-description=\"\" data-large_image_width=\"300\" data-large_image_height=\"168\"><img loading=\"lazy\" decoding=\"async\" class=\" wp-image-118327 alignleft\" src=\"https:\/\/www.radiopiu.net\/wordpress\/wp-content\/uploads\/2020\/02\/download-14.jpg\" alt=\"\" width=\"261\" height=\"146\" \/><\/a>BELLUNO<\/strong> E&#8217; stato eliminato l\u2019obbligo di presentazione del certificato di riammissione a scuola oltre i 5 giorni di malattia. Le indicazioni sottolineano che molte altre Regioni, prima del Veneto, hanno disposto il venir meno dell\u2019obbligo di presentazione del certificato. La legittimit\u00e0 dell\u2019abolizione \u00e8 gi\u00e0 stata oggetto del vaglio del Consiglio di Stato.\u00a0Le evidenze scientifiche rilevano infatti che, nelle pi\u00f9 comuni malattie, trascorsi 5 giorni di assenza, l\u2019alunno non presenta livelli di contagiosit\u00e0 tali da ritenersi pericolosi per la convivenza in collettivit\u00e0 e quindi, non vi \u00e8 alcun motivo per il quale il rientro a scuola debba essere vincolato alla presentazione del certificato in questione. Nelle ipotesi in cui agli alunni assenti per malattia (indipendentemente dall\u2019assenza scolastica di meno o pi\u00f9 di 5 giorni) venga diagnosticata una malattia infettiva per la quale sono necessarie misure di profilassi per esigenze di tutela della salute pubblica, la disciplina da applicarsi \u00e8 quella prevista dalla Circolare del Ministero della Salute n. 4\/1998 che indica le misure da adottare a cura del Medico di Medicina generale o del Pediatra, compresi i periodi si assenza da scuola per evitare la diffusione della malattia. Infine, in caso di malattie infettive diffusive pericolose per la salute pubblica, il Medico \u00e8 tenuto alla notifica della malattia alla ASL. I genitori sono sempre tenuti a rispettare quanto prescritto dal medico curante.<\/p>\n<p>&nbsp;<\/p>\n<hr \/>\n<p>&nbsp;<\/p>\n<p>&nbsp;<\/p>\n<blockquote>\n<h3>LA MORTE DI FLAVIO BUCCI, IL LEGAME CON CENCENIGHE<\/h3>\n<\/blockquote>\n<p><strong>RICOSTRUZIONE DI LUISA ALCHINI<\/strong><\/p>\n<p><strong><span style=\"color: #333333;\"><a class=\"dt-pswp-item\" href=\"https:\/\/www.radiopiu.net\/wordpress\/wp-content\/uploads\/2020\/02\/asdasdasdasda.png\" data-dt-img-description=\"\" data-large_image_width=\"656\" data-large_image_height=\"350\"><img loading=\"lazy\" decoding=\"async\" class=\"size-medium wp-image-118328 alignleft\" src=\"https:\/\/www.radiopiu.net\/wordpress\/wp-content\/uploads\/2020\/02\/asdasdasdasda-300x160.png\" alt=\"\" width=\"300\" height=\"160\" srcset=\"https:\/\/www.radiopiu.net\/wordpress\/wp-content\/uploads\/2020\/02\/asdasdasdasda-300x160.png 300w, https:\/\/www.radiopiu.net\/wordpress\/wp-content\/uploads\/2020\/02\/asdasdasdasda.png 656w\" sizes=\"auto, (max-width: 300px) 100vw, 300px\" \/><\/a>CENCENIGHE\u00a0 <\/span><\/strong><span style=\"color: #333333;\"><span style=\"font-family: Arial Unicode MS, serif;\"><span style=\"font-size: medium;\">E\u2019 morto a 72 anni l\u2019attore Falvio Bucci, famoso soprattutto per avere interpretato il pittore Antonio Ligabue nello sceneggiato della Rai trasmesso nel 1977 <\/span><\/span><\/span><span style=\"color: #222222;\"><span style=\"font-family: Arial Unicode MS, serif;\"><span style=\"font-size: medium;\">Grazie al fortunato sceneggiato televisivo, diretto da Salvatore Nocita, andato in onda su Rai 1 dal 22 novembre al 6 dicembre 1977, il controverso ed eccentrico pittore \u00e8 diventato una figura molto popolare, memorabile l\u2019interpretazione di\u00a0<\/span><\/span><\/span><span style=\"color: #000000;\"><span style=\"font-family: Arial Unicode MS, serif;\"><span style=\"font-size: medium;\"><a href=\"https:\/\/www.corriere.it\/spettacoli\/20_febbraio_18\/morto-flavio-bucci-fu-ligabue-sceneggiato-tv-e06ca192-524a-11ea-ac26-d47429c3b2e0.shtml\">Flavio Bucci<\/a>,<\/span><\/span><\/span><span style=\"color: #222222;\"><span style=\"font-family: Arial Unicode MS, serif;\"><span style=\"font-size: medium;\"> che riusc\u00ec a immedesimarsi nel suo personaggio, <\/span><\/span><\/span><span style=\"color: #222222;\"><span style=\"font-family: Arial Unicode MS, serif;\"><span style=\"font-size: medium;\">E\u2019 nata a Cencenighe<\/span><\/span><\/span><span style=\"color: #222222;\"><span style=\"font-family: Arial Unicode MS, serif;\"><span style=\"font-size: medium;\"> \u00a0Maria Elisabetta Costa <\/span><\/span><\/span><span style=\"color: #222222;\"><span style=\"font-family: Arial Unicode MS, serif;\"><span style=\"font-size: medium;\">la mamma del celebre pittore e scultore Ligabue<\/span><\/span><\/span> <span style=\"color: #000000;\"><span style=\"font-family: Arial Unicode MS, serif;\"><span style=\"font-size: medium;\">nel libro \u201cIl genio infelice\u201d di Carlo Vulpio si legge:\u00a0<\/span><\/span><\/span> <span style=\"color: #222222;\">\u201c <\/span><span style=\"color: #656565;\"><span style=\"font-family: Arial Unicode MS, serif;\"><span style=\"font-size: medium;\"><i>La madre di Antonio si chiamava Elisabetta Costa, era nata a Cencenighe Agordino, un paese in provincia di Belluno, figlia di contadini e analfabeta. Quando era rimasta incinta fuori e prima del matrimonio, sedotta e abbandonata dal padre naturale di Antonio, dopo un solo rapporto d\u2019amore, aveva ventotto anni. Una ragazza madre in un paesino veneto di contadini e minatori alla fine dell\u2019Ottocento rappresentava discredito, disonore e vergogna. Perci\u00f2 Elisabetta, l\u2019ultimo anno e l\u2019ultimo mese del XIX Secolo, partor\u00ec il figlio della colpa in Svizzera a Zurigo, dove la giovane era emigrata per sfuggire alla miseria e alla riprovazione sociale, riuscendo a trovare un lavoro saltuario come operaia tessile. La ragazza madre, l\u00ec nel cantone di San Gallo, aveva dato a suo figlio il proprio cognome: Antonio Costa. Nella bella, ordinata e linda Svizzera, dove gli emigrati non erano visti di buon occhio, perch\u00e9 \u201crubavano\u201d il lavoro ai residenti, Elisabetta aveva conosciuto un altro emigrante come lei, Bonfiglio Laccabue. I due emigranti, entrambi poveri, lui sarto e lei operaia tessile, si erano sposati e, a meno di un anno di vita, Antonio era diventato Antonio Laccabue. Ma gli sposi, che avevano messo al mondo altri tre figli, avevano scelto di allontanare Antonio, affidandolo a una coppia di svizzeri, Johannes G\u00f6bel ed Elise Hanselmann.<\/i> <span style=\"color: #222222;\">Il legame con Cencenighe ha ispirato due importanti mostre nel 1984 e nel 2005.<\/span><\/span><\/span><\/span><\/p>\n<p>&nbsp;<\/p>\n<p>&nbsp;<\/p>\n<hr \/>\n<blockquote>\n<h3><\/h3>\n<h3>PORTA DEL PARCO: TASSA DI SOGGIORNO CONFERMATA<\/h3>\n<\/blockquote>\n<p><strong><img loading=\"lazy\" decoding=\"async\" class=\"alignleft\" src=\"https:\/\/www.radiopiu.net\/wordpress\/wp-content\/uploads\/2020\/02\/mil.jpg\" width=\"303\" height=\"227\" \/><\/strong><\/p>\n<p>&nbsp;<\/p>\n<p>&nbsp;<\/p>\n<p>&nbsp;<\/p>\n<p>&nbsp;<\/p>\n<p>&nbsp;<\/p>\n<p><strong>SAN GREGORIO\u00a0 NELLE ALPI<\/strong><\/p>\n<p><strong>DI DAMIANO TORMEN\u00a0<\/strong><\/p>\n<p>&nbsp;<\/p>\n<audio class=\"wp-audio-shortcode\" id=\"audio-118305-2\" preload=\"none\" style=\"width: 100%;\" controls=\"controls\"><source type=\"audio\/mpeg\" src=\"https:\/\/www.radiopiu.net\/wordpress\/wp-content\/uploads\/2020\/02\/damiano-5.mp3?_=2\" \/><a href=\"https:\/\/www.radiopiu.net\/wordpress\/wp-content\/uploads\/2020\/02\/damiano-5.mp3\">https:\/\/www.radiopiu.net\/wordpress\/wp-content\/uploads\/2020\/02\/damiano-5.mp3<\/a><\/audio>\n<p>&nbsp;<\/p>\n<p>&nbsp;<\/p>\n<hr \/>\n<p>&nbsp;<\/p>\n<p>&nbsp;<\/p>\n<blockquote>\n<h3>APPROVATO DALLA SECONDA COMMISSIONE IL NUOVO PTRC.<\/h3>\n<\/blockquote>\n<p><a class=\"dt-pswp-item\" href=\"https:\/\/www.radiopiu.net\/wordpress\/wp-content\/uploads\/2020\/02\/download-15.jpg\" data-dt-img-description=\"\" data-large_image_width=\"308\" data-large_image_height=\"164\"><img loading=\"lazy\" decoding=\"async\" class=\"size-medium wp-image-118333 alignleft\" src=\"https:\/\/www.radiopiu.net\/wordpress\/wp-content\/uploads\/2020\/02\/download-15-300x160.jpg\" alt=\"\" width=\"300\" height=\"160\" srcset=\"https:\/\/www.radiopiu.net\/wordpress\/wp-content\/uploads\/2020\/02\/download-15-300x160.jpg 300w, https:\/\/www.radiopiu.net\/wordpress\/wp-content\/uploads\/2020\/02\/download-15.jpg 308w\" sizes=\"auto, (max-width: 300px) 100vw, 300px\" \/><\/a><strong>VENEZIA <\/strong>Dopo l\u2019approvazione della legge sul contenimento del consumo di suolo e di \u2018Veneto 2050\u2019, il Veneto si sta dotando di un altro importante strumento a disposizione per mettere a sistema, in un\u2019ottica di coerenza e sostenibilit\u00e0, le principali politiche territoriali che caratterizzano il governo regionale, tra cui il monitoraggio e la sicurezza del territorio, la rigenerazione urbana, il contrasto al cambiamento climatico. Infatti \u00e8 arrivato il via libera\u00a0 dalla Seconda Commissione Consiliare di Palazzo Ferro Fini al nuovo Piano Territoriale Regionale di Coordinamento (PTRC).\u00a0 Un passo fondamentale verso l\u2019approvazione del principale strumento di governo del territorio, che nei prossimi giorni verr\u00e0 inviato in Consiglio Regionale per la discussione e la definitiva approvazione. Il \u2018PTRC 2020\u2019 non definisce regole rigide e vincolanti per il territorio, ma delinea piuttosto delle strategie di governo, promuove una processualit\u00e0 aperta e dinamica, in linea con i tempi e frutto di una pianificazione concertata tra tutti gli enti coinvolti, secondo criteri di opportunit\u00e0 e flessibilit\u00e0. Si tratta infatti dello strumento territoriale che alla scala regionale affronta il tema della coerenza delle politiche territoriali sullo sviluppo regionale, paesaggio, consumo di suolo, sostenibilit\u00e0 ambientale, territorio aperto e insediamenti, in un quadro pianificatorio unitario e organico finalizzato a rappresentare il \u201cdisegno di riferimento\u201d volto al superamento della frammentariet\u00e0 delle politiche settoriali. <em>\u201cAl lungo e articolato percorso di preparazione del Piano \u2013 sottolinea l\u2019assessore veneto al territorio \u2013 hanno fattivamente partecipato esponenti del mondo della cultura, rappresentanti delle amministrazioni e delle categorie sociali e professionali, operatori economici e del mondo associazionistico, i quali hanno condiviso un approccio comune per la valorizzazione delle risorse identitarie, culturali e sociali che caratterizzano la nostra regione. Tutto orientato al miglioramento della qualit\u00e0 della vita e dell\u2019abitare, in una prospettiva di sostenibilit\u00e0 e di riconoscimento del modello veneto\u201d.<\/em><\/p>\n<p>&nbsp;<\/p>\n<hr \/>\n<p>&nbsp;<\/p>\n<p>&nbsp;<\/p>\n<blockquote>\n<h3>DAZI, PER BOND SEGNALI POSITIVI PER L&#8217;AGROALIMENTARE<\/h3>\n<\/blockquote>\n<p><strong><a class=\"dt-pswp-item\" href=\"https:\/\/www.radiopiu.net\/wordpress\/wp-content\/uploads\/2020\/02\/pp.jpg\" data-dt-img-description=\"\" data-large_image_width=\"640\" data-large_image_height=\"640\"><img loading=\"lazy\" decoding=\"async\" class=\"wp-image-118321 alignleft\" src=\"https:\/\/www.radiopiu.net\/wordpress\/wp-content\/uploads\/2020\/02\/pp-300x300.jpg\" alt=\"\" width=\"111\" height=\"111\" srcset=\"https:\/\/www.radiopiu.net\/wordpress\/wp-content\/uploads\/2020\/02\/pp-300x300.jpg 300w, https:\/\/www.radiopiu.net\/wordpress\/wp-content\/uploads\/2020\/02\/pp-150x150.jpg 150w, https:\/\/www.radiopiu.net\/wordpress\/wp-content\/uploads\/2020\/02\/pp.jpg 640w\" sizes=\"auto, (max-width: 111px) 100vw, 111px\" \/><\/a><\/strong><\/p>\n<p>&nbsp;<\/p>\n<p>&nbsp;<\/p>\n<p><strong>ROMA<\/strong> <em>\u201cApprendiamo con soddisfazione che gli Usa hanno deciso di non alzare i dazi al 25% imposti lo scorso ottobre a vari prodotti europei. Salvi quindi i vini italiani da ulteriori dazi e invariate le tariffe su formaggi e alcolici&#8221;\u00a0<\/em><\/p>\n<p>AUDIO<\/p>\n<audio class=\"wp-audio-shortcode\" id=\"audio-118305-3\" preload=\"none\" style=\"width: 100%;\" controls=\"controls\"><source type=\"audio\/mpeg\" src=\"https:\/\/www.radiopiu.net\/wordpress\/wp-content\/uploads\/2020\/02\/BPND\u00f9.mp3?_=3\" \/><a href=\"https:\/\/www.radiopiu.net\/wordpress\/wp-content\/uploads\/2020\/02\/BPND\u00f9.mp3\">https:\/\/www.radiopiu.net\/wordpress\/wp-content\/uploads\/2020\/02\/BPND\u00f9.mp3<\/a><\/audio>\n<p>&nbsp;<\/p>\n<p>&nbsp;<\/p>\n<blockquote>\n<h3>CIMICI ASIATICHE<\/h3>\n<\/blockquote>\n<p><strong><a class=\"dt-pswp-item\" href=\"https:\/\/www.radiopiu.net\/wordpress\/wp-content\/uploads\/2020\/02\/download-13.jpg\" data-dt-img-description=\"\" data-large_image_width=\"284\" data-large_image_height=\"177\"><img loading=\"lazy\" decoding=\"async\" class=\"wp-image-118322 alignleft\" src=\"https:\/\/www.radiopiu.net\/wordpress\/wp-content\/uploads\/2020\/02\/download-13.jpg\" alt=\"\" width=\"131\" height=\"82\" \/><\/a>ROMA\u00a0<\/strong> il Friuli Venezia Giulia chiede la dichiarazione di evento eccezionale In Trentino scatta la caccia alle cimici asiatiche vive per utilizzarle in laboratorio per produrre le vespe samurai, il loro antagonista naturale.<\/p>\n<p>AUDIO<\/p>\n<audio class=\"wp-audio-shortcode\" id=\"audio-118305-4\" preload=\"none\" style=\"width: 100%;\" controls=\"controls\"><source type=\"audio\/mpeg\" src=\"https:\/\/www.radiopiu.net\/wordpress\/wp-content\/uploads\/2020\/02\/BPND-CIMICI.mp3?_=4\" \/><a href=\"https:\/\/www.radiopiu.net\/wordpress\/wp-content\/uploads\/2020\/02\/BPND-CIMICI.mp3\">https:\/\/www.radiopiu.net\/wordpress\/wp-content\/uploads\/2020\/02\/BPND-CIMICI.mp3<\/a><\/audio>\n<p>&nbsp;<\/p>\n<p>&nbsp;<\/p>\n<hr \/>\n<p>&nbsp;<\/p>\n<p>&nbsp;<\/p>\n<blockquote>\n<h3>PER LA SICUREZZA DI BORGO PIAVE IN ARRIVO 310 MILA EURO<\/h3>\n<\/blockquote>\n<p><strong>BELLUNO<\/strong> In arrivo 310mila euro dai fondi post Vaia per mettere in sicurezza idraulica l&#8217;area delle Ex Concerie Colle a Borgo Piave, gi\u00e0 duramente colpita durante l&#8217;alluvione del novembre 2018: la notizia, arrivata in questi giorni, viene accolta con soddisfazione dal Comune di Belluno.\u00a0 \u00a0Il problema, in occasione di Vaia, \u00e8 stata l&#8217;impossibilit\u00e0 per le reti di drenaggio presenti di convogliare le acque in eccesso nel Piave, con questo intervento verr\u00e0 realizato il collegamento con la rete fognaria gi\u00e0 esistente, che consentir\u00e0 di scaricare le acque nel Piave anche in caso di piena mettendo\u00a0 definitivamente in sicurezza idraulica la zona, spesso oggetto di allagamenti in caso di piena del fiume. La tipologia di intervento prevede la realizzazione di un sistema di sollevamento dell&#8217;acqua \u201ca scolo alternato con sifone a cavaliere d&#8217;argine\u201d: si tratta di un tipo particolare di sifone che viene solitamente utilizzato proprio per aggirare gli ostacoli derivanti dall&#8217;argine di un fiume, posizionando una condotta che \u201cscavalca\u201d l&#8217;argine per poi ridiscendere e gettarsi nel corso d&#8217;acqua. Viene poi installata una pompa che avvia semplicemente il movimento dell&#8217;acqua dal bacino verso il fiume, dopodich\u00e9 il flusso d&#8217;acqua continua autonomamente a mantenersi costante. L&#8217;impianto servir\u00e0 un bacino di 6,45 ettari, compreso tra Via Dell&#8217;Anta, Via Lungarno, Via Caduti del Ponte di San Felice, Via Uniera dei Zater fino all&#8217;intersezione con Via San Nicol\u00f2 e la sponda destra del Fiume Piave e del Torrente Ardo.<\/p>\n<p><strong>L&#8217;ASSESSORE BIAGIO GIANNONE<\/strong><\/p>\n<audio class=\"wp-audio-shortcode\" id=\"audio-118305-5\" preload=\"none\" style=\"width: 100%;\" controls=\"controls\"><source type=\"audio\/mpeg\" src=\"https:\/\/www.radiopiu.net\/wordpress\/wp-content\/uploads\/2020\/02\/BIAGIO.mp3?_=5\" \/><a href=\"https:\/\/www.radiopiu.net\/wordpress\/wp-content\/uploads\/2020\/02\/BIAGIO.mp3\">https:\/\/www.radiopiu.net\/wordpress\/wp-content\/uploads\/2020\/02\/BIAGIO.mp3<\/a><\/audio>\n<p>&nbsp;<\/p>\n<p>&nbsp;<\/p>\n<p>&nbsp;<\/p>\n<hr \/>\n<p>&nbsp;<\/p>\n<p>&nbsp;<\/p>\n<blockquote>\n<h3>OGGI CON LA LEGA NORD<\/h3>\n<\/blockquote>\n<p><strong>BELLUNO<\/strong> Oggi alel 10.30 presso la sede di Belluno conferenza stampa su: prossimi appuntamenti Lega citt\u00e0 di Belluno e questione appalti Belluno\/Vicenza. Saranno presenti il segretario sez. Lega citt\u00e0 di Belluno Paolo Luciani e il capogruppo in consiglio comunale Luciano Da Pian.<\/p>\n<p>&nbsp;<\/p>\n<hr \/>\n<p>&nbsp;<\/p>\n<p>&nbsp;<\/p>\n<p>&nbsp;<\/p>\n<blockquote>\n<h3>DISAGI PER I CITTADINI, CAMBI NECESSARI PER GSP<\/h3>\n<\/blockquote>\n<p><strong><a class=\"dt-pswp-item\" href=\"https:\/\/www.radiopiu.net\/wordpress\/wp-content\/uploads\/2015\/06\/bimgsp.jpg\" data-dt-img-description=\"\" data-large_image_width=\"300\" data-large_image_height=\"168\"><img loading=\"lazy\" decoding=\"async\" class=\" wp-image-6703 alignleft\" src=\"https:\/\/www.radiopiu.net\/wordpress\/wp-content\/uploads\/2015\/06\/bimgsp-300x168.jpg\" alt=\"\" width=\"211\" height=\"118\" \/><\/a>BELLUNO<\/strong> Gestione Servizi Pubblici informa che, per aggiornamenti dei sistemi informativi aziendali, fino\u00a0 al 2 marzo non sar\u00e0 garantita la gestione ordinaria delle pratiche da sportello per il servizio idrico. \u201cIn queste settimane \u2013 spiega la societ\u00e0 \u2013 \u00e8 in corso l\u2019aggiornamento del sistema informativo con cui con vengono gestite le molteplici richieste dell\u2019utenza (nuovi contratti, volture, installo contatori, rettifiche di bollette, ecc\u2026). Un cambio necessario \u2013 prosegue la societ\u00e0 &#8211; che se da un lato porter\u00e0 al temporaneo rallentamento dell\u2019operativit\u00e0 quotidiana, comunque garantita, dall\u2019altra consentir\u00e0 di offrire alla clientela un pacchetto di servizi online &#8211; sportello web e app &#8211; pi\u00f9 performante rispetto all\u2019attuale e maggiormente rispondente alle crescenti esigenze. Per qualsiasi informazione \u2013 conclude la societ\u00e0 \u2013 \u00e8 attivo il Servizio clienti al numero verde gratuito 800 306999\u201d. Non vi saranno rallentamenti per le pratiche relative al metano: la gestione, pertanto, si svolger\u00e0 con regolarit\u00e0.<\/p>\n<p>&nbsp;<\/p>\n<p>&nbsp;<\/p>\n<hr \/>\n<h3><\/h3>\n<p>&nbsp;<\/p>\n<blockquote>\n<h3>LA FORMAZIONE PROTAGONISTA DEL SECONDO FINE SETTIMANA DI RI-COSTRUIRE<\/h3>\n<\/blockquote>\n<p><strong><a class=\"dt-pswp-item\" href=\"https:\/\/www.radiopiu.net\/wordpress\/wp-content\/uploads\/2020\/02\/esterni1.jpg\" data-dt-img-description=\"\" data-large_image_width=\"2500\" data-large_image_height=\"1681\"><img loading=\"lazy\" decoding=\"async\" class=\"size-medium wp-image-118332 alignleft\" src=\"https:\/\/www.radiopiu.net\/wordpress\/wp-content\/uploads\/2020\/02\/esterni1-300x202.jpg\" alt=\"\" width=\"300\" height=\"202\" srcset=\"https:\/\/www.radiopiu.net\/wordpress\/wp-content\/uploads\/2020\/02\/esterni1-300x202.jpg 300w, https:\/\/www.radiopiu.net\/wordpress\/wp-content\/uploads\/2020\/02\/esterni1-1024x689.jpg 1024w, https:\/\/www.radiopiu.net\/wordpress\/wp-content\/uploads\/2020\/02\/esterni1-768x516.jpg 768w, https:\/\/www.radiopiu.net\/wordpress\/wp-content\/uploads\/2020\/02\/esterni1-1536x1033.jpg 1536w, https:\/\/www.radiopiu.net\/wordpress\/wp-content\/uploads\/2020\/02\/esterni1-2048x1377.jpg 2048w\" sizes=\"auto, (max-width: 300px) 100vw, 300px\" \/><\/a>LONGARONE<\/strong>\u00a0 Riapre oggi alle 14.30 la 15a edizione di Ri-Costruire, il Salone dell\u2019edilizia, del risparmio energetico della sicurezza con due importanti convegni di approfondimento e formazione. In Centro Congressi (1\u00b0 piano) si tratter\u00e0 infatti de \u201cLa gestione dei rifiuti derivanti dalle attivit\u00e0 di manutenzione e costruzione edile\u201d. Un incontro organizzato dal CIPA (Consorzio Industriali Protezione Ambiente della Provincia di Belluno) e Con\ufb01ndustria Belluno Dolomiti &#8211; Sezione \u201cAmbiente, Territorio, Energia\u201d, con esperti del settore ambientale per una puntuale trattazione del tema. Inoltre verr\u00e0 lasciato spazio al dibattito e alla possibilit\u00e0 di esaminare anche gli eventuali casi sottoposti dai partecipanti. Mentre nell\u2019Area Incontri \u2013 pad. A1 \u2013 si terr\u00e0 l\u2019evento, valido per i CFP degli Ordini e dei Collegi dei professionisti, dal titolo \u201cConcrete, dalle norme al cantiere \u2013 conoscere e prescrivere il calcestruzzo\u201d dove l\u2019obbiettivo dell\u2019incontro, organizzato da ATECAP \u2013 Associazione Tecnico Economica del Calcestruzzo Preconfezionato \u2013 e dall\u2019Ordine degli Ingegneri di Belluno, sar\u00e0 promuovere una maggiore consapevolezza sulla scelta, impiego e controllo in cantiere del calcestruzzo. Un\u2019attivit\u00e0 che continua poi sabato 22 febbraio a partire dalle ore 10.30 in fiera con l\u2019incontro \u201cEdilizia ed Economia Circolare: una s\ufb01da improrogabile \u2013 Stato dell\u2019arte e criticit\u00e0 della sostenibilit\u00e0 nel settore delle costruzioni\u201d organizzato da CNA Veneto, APPIA CNA Belluno con il contributo di EBAV, ente bilaterale per l\u2019artigianato. Nel Centro Congressi invece si parler\u00e0 de \u201cLe Costruzioni Sostenibili\u201d con il Centro Consorzi in collaborazione con la rete innovativa regionale Foresta Oro Veneto. Mentre nel pomeriggio, a partire dalle ore 14.00 tutti gli Ordini e i Collegi ci propongono \u201cImpariamo a tremare! Rischio sismico, terremoti e Ri-costruzioni\u201d. Un evento che ha l\u2019obiettivo di aumentare la conoscenza del rischio sismico ai \ufb01ni della mitigazione dei suoi effetti, con la consapevolezza che la preparazione, la collaborazione e la cooperazione a tutti i livelli possono contribuire a costruire, nel tempo, una realt\u00e0 resiliente. La rassegna oggi rimarr\u00e0 aperta,\u00a0 al Quartiere Fieristico di Longarone Fiere, con orario dalle 14.30 alle 19 e dalle 10 alle 19 nelle giornate di sabato e domenica.<\/p>\n<p>&nbsp;<\/p>\n<hr \/>\n<p>&nbsp;<\/p>\n<blockquote>\n<h3>DAVIDE PASCOLO SPECIAL GUEST PER LO SPECIAL BASKET DI PORTAPERTA<\/h3>\n<\/blockquote>\n<p><strong><a class=\"dt-pswp-item\" href=\"https:\/\/www.radiopiu.net\/wordpress\/wp-content\/uploads\/2020\/02\/687da76b-d53f-4450-8039-12b6599b853e.jpg\" data-dt-img-description=\"\" data-large_image_width=\"1024\" data-large_image_height=\"1024\"><img loading=\"lazy\" decoding=\"async\" class=\" wp-image-118316 alignleft\" src=\"https:\/\/www.radiopiu.net\/wordpress\/wp-content\/uploads\/2020\/02\/687da76b-d53f-4450-8039-12b6599b853e-300x300.jpg\" alt=\"\" width=\"180\" height=\"180\" srcset=\"https:\/\/www.radiopiu.net\/wordpress\/wp-content\/uploads\/2020\/02\/687da76b-d53f-4450-8039-12b6599b853e-300x300.jpg 300w, https:\/\/www.radiopiu.net\/wordpress\/wp-content\/uploads\/2020\/02\/687da76b-d53f-4450-8039-12b6599b853e.jpg 1024w, https:\/\/www.radiopiu.net\/wordpress\/wp-content\/uploads\/2020\/02\/687da76b-d53f-4450-8039-12b6599b853e-150x150.jpg 150w, https:\/\/www.radiopiu.net\/wordpress\/wp-content\/uploads\/2020\/02\/687da76b-d53f-4450-8039-12b6599b853e-768x768.jpg 768w\" sizes=\"auto, (max-width: 180px) 100vw, 180px\" \/><\/a>FELTRE<\/strong>\u00a0 Il grande campione in campo con i ragazzi del basket unificato. Sullo stesso parquet. In una parola: inclusione. \u00c8 il progetto \u201cWhere Eagles dare\u201d, dove osano le aquile. E difatti \u00e8 proprio un\u2019aquila il grande campione che luned\u00ec 24 febbraio sar\u00e0 a Feltre per incontrare la squadra della Cooperativa Portaperta Scs Onlus is: Davide Pascolo, cestista dell\u2019Aquila Trento e della Nazionale italiana.\u00a0 Il progetto \u00e8 un\u2019idea della Fondazione Aquila \u201cper lo sport\u201d e del Rotary Club. E vede nella pratica sportiva, del basket in particolare, un veicolo eccezionale su cui far correre e mandare a canestro l\u2019inclusione. Davide Pascolo sar\u00e0 alla palestra dell\u2019istituto Canossiano alle 18. Incontrer\u00e0 i ragazzi di Portaperta, che da anni partecipano al campionato Special Basket (promosso da Special Olympics). E con loro prover\u00e0 qualche tiro a canestro, in una partitella amichevole, insieme anche all&#8217; under 18 del Nuovo Feltre Basket L\u2019appuntamento \u00e8 aperto agli appassionati e a tutti coloro che desiderano vedere il campione e conoscere da vicino il basket unificato.<\/p>\n<p>&nbsp;<\/p>\n<p>&nbsp;<\/p>\n<hr \/>\n<p>&nbsp;<\/p>\n<p>&nbsp;<\/p>\n<blockquote>\n<h3>AD ARABBA ARRIVA UN CARICO DI VONGOLE, FASOLARI E PROSECCO DOC DA GUSTARE IN QUOTA<\/h3>\n<\/blockquote>\n<p><strong><a class=\"dt-pswp-item\" href=\"https:\/\/www.radiopiu.net\/wordpress\/wp-content\/uploads\/2020\/02\/Arabba_vongole-fasolari-prosecco-doc-in-quota-scaled.jpg\" data-dt-img-description=\"\" data-large_image_width=\"2560\" data-large_image_height=\"876\"><img loading=\"lazy\" decoding=\"async\" class=\"size-medium wp-image-118323 alignleft\" src=\"https:\/\/www.radiopiu.net\/wordpress\/wp-content\/uploads\/2020\/02\/Arabba_vongole-fasolari-prosecco-doc-in-quota-300x103.jpg\" alt=\"\" width=\"300\" height=\"103\" srcset=\"https:\/\/www.radiopiu.net\/wordpress\/wp-content\/uploads\/2020\/02\/Arabba_vongole-fasolari-prosecco-doc-in-quota-300x103.jpg 300w, https:\/\/www.radiopiu.net\/wordpress\/wp-content\/uploads\/2020\/02\/Arabba_vongole-fasolari-prosecco-doc-in-quota-1024x350.jpg 1024w, https:\/\/www.radiopiu.net\/wordpress\/wp-content\/uploads\/2020\/02\/Arabba_vongole-fasolari-prosecco-doc-in-quota-768x263.jpg 768w, https:\/\/www.radiopiu.net\/wordpress\/wp-content\/uploads\/2020\/02\/Arabba_vongole-fasolari-prosecco-doc-in-quota-1536x525.jpg 1536w, https:\/\/www.radiopiu.net\/wordpress\/wp-content\/uploads\/2020\/02\/Arabba_vongole-fasolari-prosecco-doc-in-quota-2048x700.jpg 2048w\" sizes=\"auto, (max-width: 300px) 100vw, 300px\" \/><\/a>LIVINALLONGO<\/strong> La localit\u00e0 turistica di Arabba inserisce nella propria agenda numerosi appuntamenti in grado di unire sport ed enogastronomia, connubio ideale soprattutto se incorniciato da panorami mozzafiato come succede nel cuore delle Dolomiti UNESCO, patrimonio mondiale. Il paese ai piedi del Sella ha infatti riservato al popolo degli sciatori e appassionati un evento da non perdere nella giornata di domenica 23 febbraio. Presso la stazione di arrivo della funivia Arabba \u2013 Porta Vescovo, a 2.478 metri di quota, nel comprensorio sciistico Arabba \u2013 Marmolada del Dolomiti SuperSki, sar\u00e0 possibile degustare delle eccellenze made in Veneto: mezze penne alle vongole, fasolari e vongole in cassopipa cucinate in una speciale pentola di 3 metri di diametro, il tutto accompagnato da un fresco calice di Prosecco DOC. La Regina delle Dolomiti con il suo ghiacciaio ed il gruppo del Sella faranno da esclusiva cornice alla manifestazione enogastronomica. Il luogo dell&#8217;evento, che avr\u00e0 inizio alle ore 11:30 e si concluder\u00e0 alle ore 14:30, potr\u00e0 essere raggiunto con la funivia Arabba &#8211; Porta Vescovo o con la telecabina DMC Arabba. Chi non fosse in possesso dello skipass, potr\u00e0 acquistare i biglietti della corsa andata e ritorno in funivia. La manifestazione \u00e8 frutto di un intenso lavoro di squadra che ha visto scendere in campo le organizzazioni CO.GE.VO. Chioggia, CO.GE.VO. Venezia, O.P. Bivalvia Veneto, O.P. I Fasolari, Consorzio Tutela Prosecco DOC, Direzione Agroambiente della Regione Veneto, Comune di Livinallongo del Col di Lana, Gruppo Funivie Arabba con Sofma SpA e Arabba Fodom Turismo.<\/p>\n<p>&nbsp;<\/p>\n<hr \/>\n<h3><\/h3>\n<p>&nbsp;<\/p>\n<blockquote class=\"wp-embedded-content\" data-secret=\"1D6jv1Tngn\"><p><a href=\"https:\/\/www.radiopiu.net\/wordpress\/don-pietro-follador-il-presbitero-poeta-e-rivoluzionario-di-sappade-di-renato-bona\/\">DON PIETRO FOLLADOR: IL PRESBITERO POETA E RIVOLUZIONARIO DI SAPPADE di Renato Bona<\/a><\/p><\/blockquote>\n<p><iframe loading=\"lazy\" title=\"&#8220;DON PIETRO FOLLADOR: IL PRESBITERO POETA E RIVOLUZIONARIO DI SAPPADE di Renato Bona&#8221; &#8212; Radio Pi\u00f9\" class=\"wp-embedded-content\" sandbox=\"allow-scripts\" security=\"restricted\" style=\"position: absolute; clip: rect(1px, 1px, 1px, 1px);\" src=\"https:\/\/www.radiopiu.net\/wordpress\/don-pietro-follador-il-presbitero-poeta-e-rivoluzionario-di-sappade-di-renato-bona\/embed\/#?secret=1D6jv1Tngn\" data-secret=\"1D6jv1Tngn\" width=\"600\" height=\"338\" frameborder=\"0\" marginwidth=\"0\" marginheight=\"0\" scrolling=\"no\"><\/iframe><\/p>\n<p>&nbsp;<\/p>\n<p>&nbsp;<\/p>\n<p>&nbsp;<\/p>\n<hr \/>\n<p>&nbsp;<\/p>\n<blockquote>\n<h3><a class=\"dt-pswp-item\" href=\"https:\/\/www.radiopiu.net\/wordpress\/wp-content\/uploads\/2018\/10\/peloecontropelo.jpg\" data-dt-img-description=\"\" data-large_image_width=\"520\" data-large_image_height=\"100\"><img loading=\"lazy\" decoding=\"async\" class=\"alignnone wp-image-63309 size-full\" src=\"https:\/\/www.radiopiu.net\/wordpress\/wp-content\/uploads\/2018\/10\/peloecontropelo.jpg\" alt=\"\" width=\"520\" height=\"100\" srcset=\"https:\/\/www.radiopiu.net\/wordpress\/wp-content\/uploads\/2018\/10\/peloecontropelo.jpg 520w, https:\/\/www.radiopiu.net\/wordpress\/wp-content\/uploads\/2018\/10\/peloecontropelo-300x58.jpg 300w\" sizes=\"auto, (max-width: 520px) 100vw, 520px\" \/><\/a><\/h3>\n<h3>PELO E CONTROPELO, I CONSIGLI DAL MONDO ANIMALE<\/h3>\n<\/blockquote>\n<p><strong>di ILIANA COMINA\u00a0<\/strong><\/p>\n<blockquote>\n<h3><strong>GATTI INVESTITI COSA FARE:<\/strong><\/h3>\n<\/blockquote>\n<p>Se siete persone generose li raccogliete e li portate da un veterinario (per cui vi toccher\u00e0 pagare le cure se non c&#8217;\u00e8 un proprietario) altrimenti chiamate i carabinieri che manderanno sempre gli addetti del canile o il veterinario della ULSS se disponibile in zona. E&#8217; ovvio che la differenza la fate voi e le vostre azioni, se un animale \u00e8 in sofferenza il tempo destiner\u00e0 la vita o la morte dell&#8217;animale, &#8220;segnalare&#8221; conta poco, fare\u00a0 conta.<\/p>\n<blockquote>\n<h3>CANI VAGANTI &#8211; COSA FARE.<\/h3>\n<\/blockquote>\n<p>Ribadisco ancora una volta che quando si trova un cane vagante e lo trattenete (perch\u00e8 se il cane \u00e8 &#8220;in giro&#8221; non escono gli addetti) , chiamate i Carabinieri che invieranno gli addetti del canile. Il cane vagante \u00e8 un pericolo perch\u00e8 pu\u00f2 provocare incidenti, per cui trattenerlo e metterlo in sicurezza \u00e8 un atto responsabile ma \u00e8 diventa un rischio\u00a0 se cominciate a trattenerlo per delle ore, perch\u00e8 ve ne assumete la responsabilit\u00e0, il cane<span class=\"text_exposed_show\"> pu\u00f2 innervosirsi, tentare di scappare, mordervi, mordere il vostro cane etc. <\/span>Chiamare gli addetti \u00e8 un atto RESPONSABILE, il cane viene portato al sicuro, viene letto il chip, chiamato il proprietario che lo andr\u00e0 a riprendere. Gli addetti sono persone preparate e assicurate,\u00a0 per cui non faranno del male al cane, e il cane non subir\u00e0 chiss\u00e0 che trauma&#8230;non viene Crudelia Demon a prenderlo&#8230;Seil vostro cane vagasse per strada e fosse in pericolo sareste ben contenti di saperlo al canile dove non corre rischi o no? Ecco&#8230;fate la cosa giusta.<\/p>\n<p>&nbsp;<\/p>\n<p>&nbsp;<\/p>\n<p>&nbsp;<\/p>\n<p><a class=\"dt-pswp-item\" href=\"https:\/\/www.radiopiu.net\/wordpress\/wp-content\/uploads\/2018\/09\/appuntamenti.jpeg\" data-dt-img-description=\"\" data-large_image_width=\"800\" data-large_image_height=\"100\"><img loading=\"lazy\" decoding=\"async\" class=\"alignnone wp-image-61958 size-full\" src=\"https:\/\/www.radiopiu.net\/wordpress\/wp-content\/uploads\/2018\/09\/appuntamenti.jpeg\" alt=\"\" width=\"800\" height=\"100\" srcset=\"https:\/\/www.radiopiu.net\/wordpress\/wp-content\/uploads\/2018\/09\/appuntamenti.jpeg 800w, https:\/\/www.radiopiu.net\/wordpress\/wp-content\/uploads\/2018\/09\/appuntamenti-300x38.jpeg 300w, https:\/\/www.radiopiu.net\/wordpress\/wp-content\/uploads\/2018\/09\/appuntamenti-768x96.jpeg 768w\" sizes=\"auto, (max-width: 800px) 100vw, 800px\" \/><\/a><\/p>\n<p>&nbsp;<\/p>\n<p><strong>BELLUNO<\/strong> Oggi\u00a0 alle\u00a0 14.30 in Sala Giunta di Palazzo Rosso conferenza stampa di presentazione della rassegna culturale \u201cA casa di Dino &#8211; 3\u00b0 edizione 2020. Il Mostro, paure allo specchio&#8221;, organizzata e ideata dall&#8217;Associazione Culturale Villa Buzzati S. Pellegrino- il granaio con la co-organizzazione e il patrocinio del Comune di Belluno.\u00a0\u00a0La rassegna culturale, gia\u0300 sperimentata con grande successo nelle precedenti edizioni del 2017 e 2018, sara\u0300 composta da tre incontri che si svolgeranno in diverse sale della Citta\u0300 di Belluno.\u00a0 Il Programma di quest\u2019anno prende spunto da una riflessione tra \u201cpaure reali e irreali\u201d della nostra societa\u0300, dei nostri tempi,della nostra cultura.\u00a0\u00a0Alla conferenza stampa saranno presenti il Sindaco di Belluno; l&#8217;assessore alla cultura del Comune di Belluno; Valentina Morassutti, presidente dell\u2019associazione culturale Villa Buzzati S. Pellegrino- il granaio e Alfonso Lentini, portavoce direzione artistica dell\u2019associazione.<\/p>\n<p>&nbsp;<\/p>\n<hr \/>\n<p>&nbsp;<\/p>\n<p><strong>FELTRE<\/strong>\u00a0 Oggi alle\u00a0 12, nella sede municipale Presentazione del progetto \u201cFeltrino Comunit\u00e0 Educante. Disagi DSA e BES nell&#8217;et\u00e0 evolutiva. Conoscerli e gestirli in maniera efficace\u201d. Saranno presenti l&#8217;assessore alle Politiche Sociali e Giovanili del Comune di Feltre Giorgia Li Castri e i rappresentanti degli altri Comuni partner del progetto.<\/p>\n<p>&nbsp;<\/p>\n<hr \/>\n<p>&nbsp;<\/p>\n<p><strong>LAMON<\/strong>\u00a0 Oggi alle 20.30 al centro giovani AMO di via Ferd incontro sugli affitti turistici per rafforzare l&#8217;economia locale e i redditi famigliari. Incontro rivolto ai proprietari di seconda case sfitte.<\/p>\n<p>&nbsp;<\/p>\n<hr \/>\n<p>&nbsp;<\/p>\n<p><strong>BELLUNO<\/strong> Oggi\u00a0 alle 18.30 alla Mondadori Bookstore di via Mezzaterra Vito Santin, introdotto da Luciano Caniato presenta e racconta il suo libro &#8220;Te&#8217;l gnentintut de le parole&#8221; ovvero &#8220;Nel quasi niente delle parole&#8221;.<\/p>\n<p>&nbsp;<\/p>\n<hr \/>\n<p>&nbsp;<\/p>\n<p><strong>SOSPIROLO <\/strong>Oggi alle 20.45 al centro civico presentazione del libro Barbarina e i nove colombi di Flavio Faoro e Marta Farina. <em>Albo illustrato edito da Kellermann, <\/em><br \/>\n<em>nato dalle narrazioni di una nonna feltrina al suo nipotino e divenuto immagine attraverso le visioni dell&#8217;illustratrice bellunese <\/em><em>che le hanno valso un premio prestigioso nella 12^ edizione dell'&#8221;Image of the book 2019&#8243; di Mosca.<\/em> Iniziativa della Biblioteca Civica di Sospirolo.<\/p>\n<p>&nbsp;<\/p>\n<hr \/>\n<p>&nbsp;<\/p>\n<p><strong>CORTINA <\/strong>Domani \u00a0alle 20.45 all\u2019Alexandre Girardi Hall il Teatro Stabile del Veneto proporr\u00e0 un delicatissimo requiem per una montagna violentata e abbandonata.\u00a0 I 16 milioni di alberi abbattuti, messi in fila uno dopo l&#8217;altro, coprirebbero grossomodo la distanza che ci separa dalla Luna: \u00e8 con questa immagine che Matteo Righetto ci restituisce la misura dell\u2019impatto che la tempesta dell\u2019ottobre 2018 ha avuto sulle Alpi Orientali, affidandosi all\u2019ironia e all\u2019umanit\u00e0\u00a0di\u00a0Andrea Pennacchi\u00a0con le musiche originali di Giorgio Gobbo e Carlo Carcano.<\/p>\n<p>&nbsp;<\/p>\n<hr \/>\n<p><strong>BELLUNO <\/strong>Venerdi 28 febbraio alle 20.20 in via Barozzi a Baldenich conferenza sul 5G. Relatore Giorgio Rossi di EcoItalia, movimento ecologista, responsabile nel settore della ricerca e sviluppo di nuove tecnologie, esperto di tecnologie etiche ambientali. Ingresso libero a tutti.<\/p>\n<p>&nbsp;<\/p>\n<hr \/>\n<blockquote>\n<h3><\/h3>\n<\/blockquote>\n<p><strong>BELLUNO<\/strong> Assi, associazione sociale sportiva invalidi, organizza l&#8217;incontro \u201cQuattro chiacchiere con Francesco Cannadoro\u201d, pap\u00e0 di Tommi e autore del libro &#8220;Cucitialcuore&#8221;,\u00a0 domani\u00a0 alle 17.30 presso la sede dell&#8217;Ana in via Tissi 10.<\/p>\n<hr \/>\n<p>&nbsp;<\/p>\n<p>&nbsp;<\/p>\n<p>&nbsp;<\/p>\n<p>&nbsp;<\/p>\n<h1><span style=\"color: #993366;\">CARNEVALE 2020 IN PROVINCIA\u00a0<\/span><\/h1>\n<p>&nbsp;<\/p>\n<p><strong><a class=\"dt-pswp-item\" href=\"https:\/\/www.radiopiu.net\/wordpress\/wp-content\/uploads\/2020\/02\/Carnevale-a-Feltre-4.jpg\" data-dt-img-description=\"\" data-large_image_width=\"960\" data-large_image_height=\"565\"><img loading=\"lazy\" decoding=\"async\" class=\"wp-image-118210 alignleft\" src=\"https:\/\/www.radiopiu.net\/wordpress\/wp-content\/uploads\/2020\/02\/Carnevale-a-Feltre-4-300x177.jpg\" alt=\"\" width=\"183\" height=\"108\" srcset=\"https:\/\/www.radiopiu.net\/wordpress\/wp-content\/uploads\/2020\/02\/Carnevale-a-Feltre-4-300x177.jpg 300w, https:\/\/www.radiopiu.net\/wordpress\/wp-content\/uploads\/2020\/02\/Carnevale-a-Feltre-4-768x452.jpg 768w, https:\/\/www.radiopiu.net\/wordpress\/wp-content\/uploads\/2020\/02\/Carnevale-a-Feltre-4.jpg 960w\" sizes=\"auto, (max-width: 183px) 100vw, 183px\" \/><\/a>FELTRE<\/strong>\u00a0 Sabato 22 febbraio tornano a Feltre i carri allegorici, che sfileranno attraversando il centro cittadino, a partire dalle 14.30. \u00a0Grazie al rinnovo dell\u2019accordo stretto lo scorso anno dal direttore artistico Fabio Giudice con la Pro Loco di Sedico, ritorneranno a Feltre quattro carri allegorici provenienti dal Carnevale di Sedico<\/p>\n<p>&nbsp;<\/p>\n<p>&nbsp;<\/p>\n<hr \/>\n<blockquote><p>&nbsp;<\/p>\n<p><strong>IL 23 FEBBRAIO LA ZINGHENESTA<\/strong><\/p><\/blockquote>\n<p><strong><a class=\"dt-pswp-item\" href=\"https:\/\/www.radiopiu.net\/wordpress\/wp-content\/uploads\/2020\/02\/Zinghenesta-2017-sfilata-lungo-vie-di-Canale-dAgordo.jpg\" data-dt-img-description=\"\" data-large_image_width=\"1500\" data-large_image_height=\"1000\"><img loading=\"lazy\" decoding=\"async\" class=\"size-medium wp-image-118162 alignleft\" src=\"https:\/\/www.radiopiu.net\/wordpress\/wp-content\/uploads\/2020\/02\/Zinghenesta-2017-sfilata-lungo-vie-di-Canale-dAgordo-300x200.jpg\" alt=\"\" width=\"300\" height=\"200\" srcset=\"https:\/\/www.radiopiu.net\/wordpress\/wp-content\/uploads\/2020\/02\/Zinghenesta-2017-sfilata-lungo-vie-di-Canale-dAgordo-300x200.jpg 300w, https:\/\/www.radiopiu.net\/wordpress\/wp-content\/uploads\/2020\/02\/Zinghenesta-2017-sfilata-lungo-vie-di-Canale-dAgordo-1024x683.jpg 1024w, https:\/\/www.radiopiu.net\/wordpress\/wp-content\/uploads\/2020\/02\/Zinghenesta-2017-sfilata-lungo-vie-di-Canale-dAgordo-768x512.jpg 768w, https:\/\/www.radiopiu.net\/wordpress\/wp-content\/uploads\/2020\/02\/Zinghenesta-2017-sfilata-lungo-vie-di-Canale-dAgordo.jpg 1500w\" sizes=\"auto, (max-width: 300px) 100vw, 300px\" \/><\/a>CANALE D&#8217;AGORDO <\/strong>Ritorna la Zinghenesta, la tradizionale festa in maschera che il Comitato La Zinghenesta di Canale d\u2019Agordo (Belluno) ha rivitalizzato qualche tempo fa e che domenica 23 febbraio riproporr\u00e0 per l&#8217;ottava edizione.<\/p>\n<blockquote><p><span style=\"color: #ff0000;\">OGGI\u00a0 ALLE 15.10 LO SPECIALE ALLA RADIO<\/span><\/p><\/blockquote>\n<p>Simone Ongaro e Alessio Xaiz nostri ospiti in studio per parlarci della Zinghenesta, la manifestazione di carnevale che si terra&#8217; in Valle del Biois e a Canale d&#8217;Agordo domenica 23 febbraio. La storia, il programma dell&#8217;evento e i dettagli nell&#8217;intervista.<\/p>\n<p>&nbsp;<\/p>\n<p>&nbsp;<\/p>\n<hr \/>\n<p>&nbsp;<\/p>\n<blockquote><p><strong>EL CARNEVAL DEI BOCE A TAIBON<\/strong><\/p><\/blockquote>\n<p><strong>TAIBON<\/strong> Domenica 23 febbraio consueto appuntamento con la mascherata dalla piazza del Municipio (ritrovo alle 14) che sfiler\u00e0 fino alla Casa di Soggiorno per persone anziane dell&#8217;Agordino. Invitati grandi e piccini<\/p>\n<p><strong>A RADIO PIU SILVANO &#8220;PICIOL&#8221; BEN PRESIDENTE PROLOCO<\/strong><\/p>\n<audio class=\"wp-audio-shortcode\" id=\"audio-118305-6\" preload=\"none\" style=\"width: 100%;\" controls=\"controls\"><source type=\"audio\/mpeg\" src=\"https:\/\/www.radiopiu.net\/wordpress\/wp-content\/uploads\/2020\/02\/carneval-dei-boce-piciol.mp3?_=6\" \/><a href=\"https:\/\/www.radiopiu.net\/wordpress\/wp-content\/uploads\/2020\/02\/carneval-dei-boce-piciol.mp3\">https:\/\/www.radiopiu.net\/wordpress\/wp-content\/uploads\/2020\/02\/carneval-dei-boce-piciol.mp3<\/a><\/audio>\n<p>&nbsp;<\/p>\n<hr \/>\n<p>&nbsp;<\/p>\n<blockquote><p><strong>EL CARNEVAL DEI BOCE A TEMA<\/strong><\/p><\/blockquote>\n<p><strong>LA VALLE<\/strong> Il carnevale a La Valle Agordina \u00e8 in calendario per il 23 febbraio quest&#8217;annno a tema con &#8220;Ti sorridono i monti&#8221;. Alle 14 gran sfilata dalla piazza, 15.30 festa in piazza con merenda, giochi e balli. Premi alla maschera, coppia e gruppo pi\u00f9 a tema e premi al gruppo pi\u00f9 numeroso. In caso di maltempo l&#8217;evento si terr\u00e0 alle scuole. Organizza la proloco di La Valle.<\/p>\n<p>&nbsp;<\/p>\n<hr \/>\n<p>&nbsp;<\/p>\n<p><strong>SAN GREGORIO<\/strong> Domenica alle 15 sar\u00e0 carnevale nella palestra comunale con la sfilata delle maschere, animazione e premiazioni.<\/p>\n<p>&nbsp;<\/p>\n<p>&nbsp;<\/p>\n<hr \/>\n<p>&nbsp;<\/p>\n<p>&nbsp;<\/p>\n<blockquote class=\"wp-embedded-content\" data-secret=\"qzWOMHrR9Q\"><p><a href=\"https:\/\/www.radiopiu.net\/wordpress\/piaz\/\">DAL 9 MARZO PIAZZA DI AGORDO CHIUSA PER LAVORI, DEVIAZIONI IN TANGENZIALE<\/a><\/p><\/blockquote>\n<p><iframe loading=\"lazy\" title=\"&#8220;DAL 9 MARZO PIAZZA DI AGORDO CHIUSA PER LAVORI, DEVIAZIONI IN TANGENZIALE&#8221; &#8212; Radio Pi\u00f9\" class=\"wp-embedded-content\" sandbox=\"allow-scripts\" security=\"restricted\" style=\"position: absolute; clip: rect(1px, 1px, 1px, 1px);\" src=\"https:\/\/www.radiopiu.net\/wordpress\/piaz\/embed\/#?secret=qzWOMHrR9Q\" data-secret=\"qzWOMHrR9Q\" width=\"600\" height=\"338\" frameborder=\"0\" marginwidth=\"0\" marginheight=\"0\" scrolling=\"no\"><\/iframe><\/p>\n<p>&nbsp;<\/p>\n<hr \/>\n<h2><\/h2>\n<h2>IERI ALLA RADIO<\/h2>\n<p><span style=\"color: #ff0000;\">IL CONCORSO MUSICALE CITTA&#8217; DI BELLUNO, CON MANUELA SELVESTREL E MARIANGELA CARNICCI<\/span><\/p>\n<audio class=\"wp-audio-shortcode\" id=\"audio-118305-7\" preload=\"none\" style=\"width: 100%;\" controls=\"controls\"><source type=\"audio\/mpeg\" src=\"https:\/\/www.radiopiu.net\/wordpress\/wp-content\/uploads\/2020\/02\/MANUELA-SELVESTREL-2.mp3?_=7\" \/><a href=\"https:\/\/www.radiopiu.net\/wordpress\/wp-content\/uploads\/2020\/02\/MANUELA-SELVESTREL-2.mp3\">https:\/\/www.radiopiu.net\/wordpress\/wp-content\/uploads\/2020\/02\/MANUELA-SELVESTREL-2.mp3<\/a><\/audio>\n<p>&nbsp;<\/p>\n<div id=\"fb-root\"><\/div>\n<p><script async=\"1\" defer=\"1\" crossorigin=\"anonymous\" src=\"https:\/\/connect.facebook.net\/it_IT\/sdk.js#xfbml=1&amp;version=v6.0\"><\/script><\/p>\n<div class=\"fb-video\" data-href=\"https:\/\/www.facebook.com\/Mirkomezziano\/videos\/2590327281250042\/\" data-width=\"1200\">\n<blockquote cite=\"https:\/\/www.facebook.com\/Mirkomezziano\/videos\/2590327281250042\/\" class=\"fb-xfbml-parse-ignore\"><p><a href=\"https:\/\/www.facebook.com\/Mirkomezziano\/videos\/2590327281250042\/\"><\/a><\/p>\n<p>Pubblicato da <a href=\"https:\/\/www.facebook.com\/Mirkomezziano\">Mezzacasa Mirkobis Mirko<\/a> su Marted\u00ec 11 febbraio 2020<\/p><\/blockquote>\n<\/div>\n<p>&nbsp;<\/p>\n<p>&nbsp;<\/p>\n<hr \/>\n<p>&nbsp;<\/p>\n<p>&nbsp;<\/p>\n<h2><span style=\"color: #ff0000;\">IERI ALLA\u00a0 RADIO, IN VIVO VERSO di Brunella Moro<\/span><\/h2>\n<blockquote class=\"wp-embedded-content\" data-secret=\"Wgb6gtZ5Mz\"><p><a href=\"https:\/\/www.radiopiu.net\/wordpress\/poi-venne-il-vento-di-antonella-la-frazia\/\">POI VENNE IL VENTO di ANTONELLA LA FRAZIA<\/a><\/p><\/blockquote>\n<p><iframe loading=\"lazy\" title=\"&#8220;POI VENNE IL VENTO di ANTONELLA LA FRAZIA&#8221; &#8212; Radio Pi\u00f9\" class=\"wp-embedded-content\" sandbox=\"allow-scripts\" security=\"restricted\" style=\"position: absolute; clip: rect(1px, 1px, 1px, 1px);\" src=\"https:\/\/www.radiopiu.net\/wordpress\/poi-venne-il-vento-di-antonella-la-frazia\/embed\/#?secret=Wgb6gtZ5Mz\" data-secret=\"Wgb6gtZ5Mz\" width=\"600\" height=\"338\" frameborder=\"0\" marginwidth=\"0\" marginheight=\"0\" scrolling=\"no\"><\/iframe><\/p>\n<h2>LA COLLEZIONE COMPLETA<\/h2>\n<blockquote class=\"wp-embedded-content\" data-secret=\"7D4XjVeTsm\"><p><a href=\"https:\/\/www.radiopiu.net\/wordpress\/in-vivo-verso\/\">In Vivo Verso<\/a><\/p><\/blockquote>\n<p><iframe loading=\"lazy\" title=\"&#8220;In Vivo Verso&#8221; &#8212; Radio Pi\u00f9\" class=\"wp-embedded-content\" sandbox=\"allow-scripts\" security=\"restricted\" style=\"position: absolute; clip: rect(1px, 1px, 1px, 1px);\" src=\"https:\/\/www.radiopiu.net\/wordpress\/in-vivo-verso\/embed\/#?secret=7D4XjVeTsm\" data-secret=\"7D4XjVeTsm\" width=\"600\" height=\"338\" frameborder=\"0\" marginwidth=\"0\" marginheight=\"0\" scrolling=\"no\"><\/iframe><\/p>\n<hr \/>\n<p>&nbsp;<\/p>\n<p>&nbsp;<\/p>\n<h2><span style=\"color: #ff0000;\">IERI ALLA RADIO DUE MINUTI UN LIBRO<\/span><\/h2>\n<blockquote class=\"wp-embedded-content\" data-secret=\"1xUE46XojI\"><p><a href=\"https:\/\/www.radiopiu.net\/wordpress\/perche-100-storie-di-filosofi-per-ragazzi-curiosi\/\">Perch\u00e9? 100 storie di filosofi per ragazzi curiosi<\/a><\/p><\/blockquote>\n<p><iframe loading=\"lazy\" title=\"&#8220;Perch\u00e9? 100 storie di filosofi per ragazzi curiosi&#8221; &#8212; Radio Pi\u00f9\" class=\"wp-embedded-content\" sandbox=\"allow-scripts\" security=\"restricted\" style=\"position: absolute; clip: rect(1px, 1px, 1px, 1px);\" src=\"https:\/\/www.radiopiu.net\/wordpress\/perche-100-storie-di-filosofi-per-ragazzi-curiosi\/embed\/#?secret=1xUE46XojI\" data-secret=\"1xUE46XojI\" width=\"600\" height=\"338\" frameborder=\"0\" marginwidth=\"0\" marginheight=\"0\" scrolling=\"no\"><\/iframe><\/p>\n<h2>LA COLLEZIONE COMPLETA<\/h2>\n<blockquote class=\"wp-embedded-content\" data-secret=\"a3frim2rEX\"><p><a href=\"https:\/\/www.radiopiu.net\/wordpress\/due-minuti-un-libro\/\">Due minuti un libro<\/a><\/p><\/blockquote>\n<p><iframe loading=\"lazy\" title=\"&#8220;Due minuti un libro&#8221; &#8212; Radio Pi\u00f9\" class=\"wp-embedded-content\" sandbox=\"allow-scripts\" security=\"restricted\" style=\"position: absolute; clip: rect(1px, 1px, 1px, 1px);\" src=\"https:\/\/www.radiopiu.net\/wordpress\/due-minuti-un-libro\/embed\/#?secret=a3frim2rEX\" data-secret=\"a3frim2rEX\" width=\"600\" height=\"338\" frameborder=\"0\" marginwidth=\"0\" marginheight=\"0\" scrolling=\"no\"><\/iframe><\/p>\n<p>&nbsp;<\/p>\n<hr \/>\n<p>&nbsp;<\/p>\n<p>&nbsp;<\/p>\n<h2><span style=\"color: #ff0000;\">I RACCONTI DI PAOLO SOPPELSA\u00a0<\/span><\/h2>\n<h2>LA COLLEZIONE COMPLETA<\/h2>\n<blockquote class=\"wp-embedded-content\" data-secret=\"G9CxUsgMgS\"><p><a href=\"https:\/\/www.radiopiu.net\/wordpress\/i-racconti-di-paolo-soppelsa\/\">I racconti di Paolo Soppelsa<\/a><\/p><\/blockquote>\n<p><iframe loading=\"lazy\" title=\"&#8220;I racconti di Paolo Soppelsa&#8221; &#8212; Radio Pi\u00f9\" class=\"wp-embedded-content\" sandbox=\"allow-scripts\" security=\"restricted\" style=\"position: absolute; clip: rect(1px, 1px, 1px, 1px);\" src=\"https:\/\/www.radiopiu.net\/wordpress\/i-racconti-di-paolo-soppelsa\/embed\/#?secret=G9CxUsgMgS\" data-secret=\"G9CxUsgMgS\" width=\"600\" height=\"338\" frameborder=\"0\" marginwidth=\"0\" marginheight=\"0\" scrolling=\"no\"><\/iframe><\/p>\n<hr \/>\n<p>&nbsp;<\/p>\n<p>&nbsp;<\/p>\n<p><a class=\"dt-pswp-item pspw-wrap-ready\" href=\"https:\/\/www.radiopiu.net\/wordpress\/wp-content\/uploads\/2018\/09\/viabilita.jpeg\" data-dt-img-description=\"\" data-large_image_width=\"800\" data-large_image_height=\"100\"><img loading=\"lazy\" decoding=\"async\" class=\"wp-image-61954 size-full aligncenter\" src=\"https:\/\/www.radiopiu.net\/wordpress\/wp-content\/uploads\/2018\/09\/viabilita.jpeg\" sizes=\"auto, (max-width: 800px) 100vw, 800px\" srcset=\"https:\/\/www.radiopiu.net\/wordpress\/wp-content\/uploads\/2018\/09\/viabilita.jpeg 800w, https:\/\/www.radiopiu.net\/wordpress\/wp-content\/uploads\/2018\/09\/viabilita-300x38.jpeg 300w, https:\/\/www.radiopiu.net\/wordpress\/wp-content\/uploads\/2018\/09\/viabilita-768x96.jpeg 768w\" alt=\"\" width=\"800\" height=\"100\" \/><\/a><\/p>\n<p>&nbsp;<\/p>\n<p><strong>GR 50 BIS, SCALE DI PRIMOLANO<\/strong> Fino al\u00a0 7 MARZO (FESTIVI E PREFESTIVI ESCLUSI) SENSO UNICO ALTERNATO PER POSA CAVIDOTTO<\/p>\n<div class=\"im_history_message_wrap\">\n<div class=\"im_message_outer_wrap hasselect\" data-msg-id=\"2959\">\n<div class=\"im_message_wrap clearfix\">\n<div class=\"im_content_message_wrap im_message_out\">\n<p><strong>PROVINCIALE 3 VALLE IMPERINA, CORDE MOLE_VALLASIN <\/strong>DAL 24 FEBBRAIO DALLE 8.45 ALLE 11,45 E DALLE 13.30 ALLE 17.30 INTERRUZIONI FINO A 30 MINUTI (ESCLUSO FESTIVI E PREFESTIVI)<\/p>\n<\/div>\n<\/div>\n<\/div>\n<\/div>\n<p><strong>48\u00a0 DELLE DOLOMITI<\/strong>\u00a0 Dal 24 al 28 febbraio senso unico alternato in localit\u00e0 Livin\u00e8.<\/p>\n<p><strong>563 di SALESEI tra PIAN DI SALESEI E SALESEI\u00a0<\/strong> FINO AL 21 febbraio esclusi festivi e prefestivi INTERDIZIONE TOTALE AL TRAFFICO dalle 9 alle 17 per rimozione schianti. negli altri orari senso unico con semaforo<\/p>\n<p><strong>PONTE NELLE ALPI <\/strong><em>Fino al 27 marzo, il traffico della statale 50, all&#8217;altezza dell&#8217;innesto con via dei Zattieri (che verr\u00e0 chiusa), sar\u00e0 deviato nel tratto di nuova rotatoria realizzata all&#8217;interno dell&#8217;area ex Comedil.<\/em><\/p>\n<p><strong>FINE DELLE CHIUSURE<\/strong> DELLA PROVINCIALE 7 DI ZOPPE&#8217; IN LOCALITA&#8217; &#8220;LA FRATA&#8221; veneto strade revoca l&#8217;ordinanza, da subito.<\/p>\n<p>&nbsp;<\/p>\n<p>&nbsp;<\/p>\n<p>&nbsp;<\/p>\n<p><a class=\"dt-pswp-item\" href=\"https:\/\/www.radiopiu.net\/wordpress\/wp-content\/uploads\/2018\/09\/sport.jpg\" data-dt-img-description=\"\" data-large_image_width=\"800\" data-large_image_height=\"100\"><img loading=\"lazy\" decoding=\"async\" class=\"aligncenter wp-image-60761 size-full\" src=\"https:\/\/www.radiopiu.net\/wordpress\/wp-content\/uploads\/2018\/09\/sport.jpg\" alt=\"\" width=\"800\" height=\"100\" srcset=\"https:\/\/www.radiopiu.net\/wordpress\/wp-content\/uploads\/2018\/09\/sport.jpg 800w, https:\/\/www.radiopiu.net\/wordpress\/wp-content\/uploads\/2018\/09\/sport-300x38.jpg 300w, https:\/\/www.radiopiu.net\/wordpress\/wp-content\/uploads\/2018\/09\/sport-768x96.jpg 768w\" sizes=\"auto, (max-width: 800px) 100vw, 800px\" \/><\/a><\/p>\n<blockquote>\n<h2>LE CIVETTE STRAPPANO IL PASS PER LA FASE FINALE<\/h2>\n<\/blockquote>\n<p class=\"photoswipe-wrapper\"><a class=\"dt-pswp-item pspw-wrap-ready\" href=\"https:\/\/i1.wp.com\/www.radiopiu.net\/wordpress\/wp-content\/uploads\/2019\/08\/logo-alleghe-hockey.png?ssl=1\" data-dt-img-description=\"\" data-large_image_width=\"547\" data-large_image_height=\"512\"><img loading=\"lazy\" decoding=\"async\" class=\"size-medium wp-image-95699 alignleft\" src=\"https:\/\/i1.wp.com\/www.radiopiu.net\/wordpress\/wp-content\/uploads\/2019\/08\/logo-alleghe-hockey.png?resize=300%2C281&amp;ssl=1\" sizes=\"auto, (max-width: 300px) 100vw, 300px\" srcset=\"https:\/\/i1.wp.com\/www.radiopiu.net\/wordpress\/wp-content\/uploads\/2019\/08\/logo-alleghe-hockey.png?resize=300%2C281&amp;ssl=1 300w, https:\/\/i1.wp.com\/www.radiopiu.net\/wordpress\/wp-content\/uploads\/2019\/08\/logo-alleghe-hockey.png?w=547&amp;ssl=1 547w\" alt=\"\" width=\"300\" height=\"281\" \/><\/a>UNTERLAND CAVALIERS \u2013 ALLEGHE 2-6<\/p>\n<p>PARZIALI: 0-2, 0-3, 2-1<\/p>\n<p>GOL: pt. 12\u201948\u201d Huovinen, 18\u201913\u201d De Val. st. 3\u201940\u201d Golai, 9\u201914\u201d De Toni, 13\u201911\u201d Huovinen. tt. 1\u201915\u201d De Toni, 16\u201915\u201d Graf, 19\u201948\u201d Pallabazzer<\/p>\n<p>Obbiettivo raggiunto. L\u2019Alleghe Hockey vince ad Egna e strappa il biglietto per i quarti di finale della IHL. Un vero e proprio domino dei ragazzi allenati da Matikainen che, dopo una prima parte soporifera, fanno la voce grossa e siglano un gol dopo l\u2019altro. Un match cattivo che ha visto gli arbitri costretti a punire entrambe le formazioni, pi\u00f9 di 100 minuti di penalit\u00e0 in totale. Ora le civette sono in testa alla classifica del qualification round con 23 assieme al Caldaro. Per evitare il Merano ai quarti, gli agordini devono vincere sabato sera con il Como e sperare in una sconfitta o una vittoria all\u2019overtime per il Caldaro che giocher\u00e0 con la squadra di Egna.<\/p>\n<p>Match che parte subito con ritmi alti. Entrambe le squadre danno spettacolo e vanno vicine al gol in un paio di occasioni. Gli agordini cominciano ad ingranare rendendosi pericolosi. Le civette trovano la rete del vantaggio al 12\u2019 quando Huovinen coglie l\u2019assist di Ganz per spedire il disco sotto l\u2019incrocio. De Val sigla il secondo gol alleghese dopo un\u2019azione spettacolare. Testori serve di prima il giocatore di San Tomaso che con una finta mette a sedere il portiere per poi spedire il puck in fondo al sacco. Nel secondo drittel l\u2019Alleghe continua a spingere con l\u2019intento di chiudere quanto prima la partita. Ad incrementare il vantaggio per le civette ci pensa Giolai. Gli altoatesini si innervosiscono e decidono di incattivire la partita. Intanto Edgar De Toni cala il poker per la squadra di Matikainen mettendo una seria ipoteca sulla partita. Non si fermano i giocatori agordini che continuano a spingere trovando la quinta marcatura della serata. Ci pensa Huovinen a firmare la doppietta con un\u2019azione personale degna di nota. Il terzo tempo inizia con Edgar De Toni che porta a 6 le reti per l\u2019Alleghe. L\u2019Unterland Cavaliers prende di mira Scola in una doppia superiorit\u00e0 numerica ma il portiere alleghese si difende egregiamente. Sale il nervosismo e gli arbitri sono costretti a punire gli interventi dei giocatori in campo. I Cavaliers, a 4\u2019 dal termine, siglano la rete della bandiera e nel finale il secondo gol.<span class=\"Apple-converted-space\">\u00a0<\/span><\/p>\n<p>&nbsp;<\/p>\n<p>&nbsp;<\/p>\n<hr \/>\n<p>&nbsp;<\/p>\n<p>&nbsp;<\/p>\n<blockquote>\n<h3>CAMPIONATI ITALIANI GIOVANI E COPPA ITALIA A FALCADE<\/h3>\n<\/blockquote>\n<p><a class=\"dt-pswp-item\" href=\"https:\/\/www.radiopiu.net\/wordpress\/wp-content\/uploads\/2020\/02\/download-4.jpg\" data-dt-img-description=\"\" data-large_image_width=\"228\" data-large_image_height=\"221\"><img loading=\"lazy\" decoding=\"async\" class=\" wp-image-117199 alignleft\" src=\"https:\/\/www.radiopiu.net\/wordpress\/wp-content\/uploads\/2020\/02\/download-4.jpg\" alt=\"\" width=\"145\" height=\"141\" \/><\/a><strong>FALCADE <\/strong>Matteo Cagnati presidente dello Sci club Val Biois ci parla dell&#8217;appuntamento clou dello sci di fondo a Falcade, ovvero i campionati italiani giovani e coppa italia, in programma il 22 e 23 febbraio sulla pista Pietro Scola. Ma con Matteo parliamo anche delle altre discipline dello sci club, nei quali gli atleti stanno raccogliendo ottimi successi stagionali, nel biathlon, nello sci alpino e anche nello snowboard.<\/p>\n<audio class=\"wp-audio-shortcode\" id=\"audio-118305-8\" preload=\"none\" style=\"width: 100%;\" controls=\"controls\"><source type=\"audio\/mpeg\" src=\"https:\/\/www.radiopiu.net\/wordpress\/wp-content\/uploads\/2020\/02\/matteo-cagnati-scade-15-febbraio-1.mp3?_=8\" \/><a href=\"https:\/\/www.radiopiu.net\/wordpress\/wp-content\/uploads\/2020\/02\/matteo-cagnati-scade-15-febbraio-1.mp3\">https:\/\/www.radiopiu.net\/wordpress\/wp-content\/uploads\/2020\/02\/matteo-cagnati-scade-15-febbraio-1.mp3<\/a><\/audio>\n<p>&nbsp;<\/p>\n<p>&nbsp;<\/p>\n<hr \/>\n<p>&nbsp;<\/p>\n<p>&nbsp;<\/p>\n<p><a class=\"dt-pswp-item\" href=\"https:\/\/www.radiopiu.net\/wordpress\/wp-content\/uploads\/2018\/09\/WhatsApp-Image-2018-09-20-at-16.04.06.jpeg\" data-dt-img-description=\"\" data-large_image_width=\"800\" data-large_image_height=\"100\"><img loading=\"lazy\" decoding=\"async\" class=\"aligncenter wp-image-61378 size-full\" src=\"https:\/\/www.radiopiu.net\/wordpress\/wp-content\/uploads\/2018\/09\/WhatsApp-Image-2018-09-20-at-16.04.06.jpeg\" alt=\"\" width=\"800\" height=\"100\" srcset=\"https:\/\/www.radiopiu.net\/wordpress\/wp-content\/uploads\/2018\/09\/WhatsApp-Image-2018-09-20-at-16.04.06.jpeg 800w, https:\/\/www.radiopiu.net\/wordpress\/wp-content\/uploads\/2018\/09\/WhatsApp-Image-2018-09-20-at-16.04.06-300x38.jpeg 300w, https:\/\/www.radiopiu.net\/wordpress\/wp-content\/uploads\/2018\/09\/WhatsApp-Image-2018-09-20-at-16.04.06-768x96.jpeg 768w\" sizes=\"auto, (max-width: 800px) 100vw, 800px\" \/><\/a><\/p>\n<p>&nbsp;<\/p>\n<p><center><b>Venerdi 21<\/b><\/center><b>Tempo atteso: <\/b>Lieve variabilit\u00e0 notturna, seguita da tempo soleggiato al mattino, mentre sembra possano formarsi nubi di sottovento medio-alte nel corso del pomeriggio. Il clima sar\u00e0 fresco e inizialmente ventoso in alta quota, assai pi\u00f9 mite per situazione di favonio nelle valli.<br \/>\n<b>Precipitazioni: <\/b>Assenti (0%).<br \/>\n<b>Temperature: <\/b>Minime in aumento; massime stazionarie sulle cime dolomitiche pi\u00f9 alte, in rialzo a tutte le altre quote, in modo pi\u00f9 sensibile nelle valli maggiormente interessate da episodi di Foehn. Sono previste massimi di 12\/13\u00b0C nei fondovalle prealpini, di 7\/8\u00b0C a 1000\/1200 m, localmente valori anche pi\u00f9 elevati per effetto Foehn. Sulle Prealpi a 1500 m min -2\u00b0C e max 3\u00b0C, a 2000 m min -4\u00b0C e max 1\u00b0C; sulle Dolomiti a 2000 m min -5\u00b0C e max 0\u00b0C, a 3000 m min -9\u00b0C e max -6\u00b0C.<br \/>\n<b>Venti: <\/b>Nelle valli moderati, con rinforzi per episodi di Foehn tra la mattina e il primo pomeriggio; in quota tesi da nord-ovest durante la notte, poi in graduale rinforzo fino a diventare a tratti forti fino al primo pomeriggio, prima di calare sensibilmente nel corso del pomeriggio, a 15-45 km\/h a 2000 m e 35-75 km\/h a 3000 m; le raffiche potrebbero raggiungere i 90\/100 km sulle cime pi\u00f9 alte.<\/p>\n<hr \/>\n<p><center><b>Sabato 22<\/b><\/center><b>Tempo atteso: <\/b>Tempo generalmente ben soleggiato su tutti i settori, salvo temporaneo transito di sottili nubi alte, effimere al mattino, un po&#8217; pi\u00f9 presenti da met\u00e0 pomeriggio in poi. Clima ancora un po&#8217; freddo di notte, specie nelle valli, con probabile inversione termica, di nuovo piuttosto mite di giorno.<br \/>\n<b>Precipitazioni: <\/b>Assenti (0%).<br \/>\n<b>Temperature: <\/b>In generale aumento; eccetto calo delle minime nelle valli qualora il cielo fosse sereno con forte irraggiamento notturno. Sulle Prealpi a 1500 m min 0\u00b0C e max 6\u00b0C, a 2000 m min -2\u00b0C e max 4\u00b0C; sulle Dolomiti a 2000 m min -3\u00b0C e max 5\u00b0C, a 3000 m min -5\u00b0C e max 0\u00b0C.<br \/>\n<b>Venti: <\/b>Nelle valli moderati, eccetto consueti rinforzi per brezze notturne; in quota deboli\/moderati da nord-ovest, a tratti tesi sulle cime pi\u00f9 alte, a 5-15 km\/h a 2000 m e 25-35 km\/h a 3000 m.<\/p>\n<hr \/>\n<p><center><b>Domenica 23<\/b><\/center>Tempo solo parzialmente soleggiato per transito di nubi alte, a tratti estese. Non esclusa qualche foschia nelle conche prealpine durante le ore pi\u00f9 fredde. Clima ancora un po&#8217; freddo di notte, specie nelle valli, con probabile inversione termica, mentre persister\u00e0 una certa mitezza in quota. Venti moderati\/tesi da nord-ovest in quota, deboli\/moderati nelle valli, dove il Foehn potrebbe temporaneamente affacciarsi.<\/p>\n<hr \/>\n<p><center><b>Lunedi 24<\/b><\/center>Tempo di nuovo ben soleggiato tutto il giorno, salvo qualche velatura del cielo. Clima pi\u00f9 freddo in quota di notte, mentre potrebbe esserlo meno nelle valli per Foehn. In giornata clima fresco e ventilato in quota, nelle valli le massime saranno condizionate dal Foehn. Venti tesi\/forti da nord-ovest in quota, moderati nelle valli, dove ci saranno rinforzo per episodi di Foehn. Previsore: R.L.Th.<\/p>\n","protected":false},"excerpt":{"rendered":"<p>&nbsp; PER RICEVERE QUESTO NOTIZIARIO DIRETTAMENTE SUL TUO CELLULARE ISCRIVITI AL CANALE TELEGRAM &#8220;RADIO PIU\u00a0 INFORMAZIONE&#8221;\u00a0 &nbsp; &nbsp; 563 di SALESEI tra PIAN DI SALESEI E SALESEI INTERDIZIONE TOTALE AL TRAFFICO dalle 9 alle 17 per rimozione schianti. negli altri orari senso unico con semaforo per lavori DOMENICA dalle 8 alle ore 12 potrebbe mancare&hellip;<\/p>\n","protected":false},"author":1,"featured_media":118308,"comment_status":"closed","ping_status":"closed","sticky":false,"template":"","format":"standard","meta":{"_monsterinsights_skip_tracking":false,"_monsterinsights_sitenote_active":false,"_monsterinsights_sitenote_note":"","_monsterinsights_sitenote_category":0,"footnotes":""},"categories":[1,86,49],"tags":[],"class_list":["post-118305","post","type-post","status-publish","format-standard","has-post-thumbnail","hentry","category-senza-categoria","category-gr","category-news-18","category-1","category-86","category-49","description-off"],"img_url":"https:\/\/www.radiopiu.net\/wordpress\/wp-content\/uploads\/2020\/02\/fe7b1422-60b6-4601-a2dd-b5bfd989f3f1-1.jpg","_links":{"self":[{"href":"https:\/\/www.radiopiu.net\/wordpress\/wp-json\/wp\/v2\/posts\/118305","targetHints":{"allow":["GET"]}}],"collection":[{"href":"https:\/\/www.radiopiu.net\/wordpress\/wp-json\/wp\/v2\/posts"}],"about":[{"href":"https:\/\/www.radiopiu.net\/wordpress\/wp-json\/wp\/v2\/types\/post"}],"author":[{"embeddable":true,"href":"https:\/\/www.radiopiu.net\/wordpress\/wp-json\/wp\/v2\/users\/1"}],"replies":[{"embeddable":true,"href":"https:\/\/www.radiopiu.net\/wordpress\/wp-json\/wp\/v2\/comments?post=118305"}],"version-history":[{"count":0,"href":"https:\/\/www.radiopiu.net\/wordpress\/wp-json\/wp\/v2\/posts\/118305\/revisions"}],"wp:featuredmedia":[{"embeddable":true,"href":"https:\/\/www.radiopiu.net\/wordpress\/wp-json\/wp\/v2\/media\/118308"}],"wp:attachment":[{"href":"https:\/\/www.radiopiu.net\/wordpress\/wp-json\/wp\/v2\/media?parent=118305"}],"wp:term":[{"taxonomy":"category","embeddable":true,"href":"https:\/\/www.radiopiu.net\/wordpress\/wp-json\/wp\/v2\/categories?post=118305"},{"taxonomy":"post_tag","embeddable":true,"href":"https:\/\/www.radiopiu.net\/wordpress\/wp-json\/wp\/v2\/tags?post=118305"}],"curies":[{"name":"wp","href":"https:\/\/api.w.org\/{rel}","templated":true}]}}