{"id":118384,"date":"2020-02-20T23:18:30","date_gmt":"2020-02-20T22:18:30","guid":{"rendered":"https:\/\/www.radiopiu.net\/wordpress\/?p=118384"},"modified":"2020-02-21T05:19:43","modified_gmt":"2020-02-21T04:19:43","slug":"pelo-e-contropelo-i-consigli-dal-mondo-animale","status":"publish","type":"post","link":"https:\/\/www.radiopiu.net\/wordpress\/pelo-e-contropelo-i-consigli-dal-mondo-animale\/","title":{"rendered":"PELO E CONTROPELO, I CONSIGLI DAL MONDO ANIMALE\u00a0"},"content":{"rendered":"<h3><\/h3>\n<p>&nbsp;<\/p>\n<blockquote>\n<h3><a class=\"dt-pswp-item\" href=\"https:\/\/www.radiopiu.net\/wordpress\/wp-content\/uploads\/2018\/10\/peloecontropelo.jpg\" data-dt-img-description=\"\" data-large_image_width=\"520\" data-large_image_height=\"100\"><img loading=\"lazy\" decoding=\"async\" class=\"alignnone wp-image-63309 size-full\" src=\"https:\/\/www.radiopiu.net\/wordpress\/wp-content\/uploads\/2018\/10\/peloecontropelo.jpg\" alt=\"\" width=\"520\" height=\"100\" srcset=\"https:\/\/www.radiopiu.net\/wordpress\/wp-content\/uploads\/2018\/10\/peloecontropelo.jpg 520w, https:\/\/www.radiopiu.net\/wordpress\/wp-content\/uploads\/2018\/10\/peloecontropelo-300x58.jpg 300w\" sizes=\"auto, (max-width: 520px) 100vw, 520px\" \/><\/a><\/h3>\n<h3><\/h3>\n<\/blockquote>\n<p><strong>di ILIANA COMINA\u00a0<\/strong><\/p>\n<blockquote>\n<h3><strong>GATTI INVESTITI COSA FARE:<\/strong><\/h3>\n<\/blockquote>\n<p>Se siete persone generose li raccogliete e li portate da un veterinario (per cui vi toccher\u00e0 pagare le cure se non c&#8217;\u00e8 un proprietario) altrimenti chiamate i carabinieri che manderanno sempre gli addetti del canile o il veterinario della ULSS se disponibile in zona. E&#8217; ovvio che la differenza la fate voi e le vostre azioni, se un animale \u00e8 in sofferenza il tempo destiner\u00e0 la vita o la morte dell&#8217;animale, &#8220;segnalare&#8221; conta poco, fare\u00a0 conta.<\/p>\n<p>&nbsp;<\/p>\n<blockquote>\n<h3>CANI VAGANTI &#8211; COSA FARE.<\/h3>\n<\/blockquote>\n<p>Ribadisco ancora una volta che quando si trova un cane vagante e lo trattenete (perch\u00e8 se il cane \u00e8 &#8220;in giro&#8221; non escono gli addetti) , chiamate i Carabinieri che invieranno gli addetti del canile. Il cane vagante \u00e8 un pericolo perch\u00e8 pu\u00f2 provocare incidenti, per cui trattenerlo e metterlo in sicurezza \u00e8 un atto responsabile ma \u00e8 diventa un rischio\u00a0 se cominciate a trattenerlo per delle ore, perch\u00e8 ve ne assumete la responsabilit\u00e0, il cane<span class=\"text_exposed_show\"> pu\u00f2 innervosirsi, tentare di scappare, mordervi, mordere il vostro cane etc. <\/span>Chiamare gli addetti \u00e8 un atto RESPONSABILE, il cane viene portato al sicuro, viene letto il chip, chiamato il proprietario che lo andr\u00e0 a riprendere. Gli addetti sono persone preparate e assicurate,\u00a0 per cui non faranno del male al cane, e il cane non subir\u00e0 chiss\u00e0 che trauma&#8230;non viene Crudelia Demon a prenderlo&#8230;Seil vostro cane vagasse per strada e fosse in pericolo sareste ben contenti di saperlo al canile dove non corre rischi o no? Ecco&#8230;fate la cosa giusta.<\/p>\n<p>&nbsp;<\/p>\n<p>&nbsp;<\/p>\n","protected":false},"excerpt":{"rendered":"<p>&nbsp; di ILIANA COMINA\u00a0 GATTI INVESTITI COSA FARE: Se siete persone generose li raccogliete e li portate da un veterinario (per cui vi toccher\u00e0 pagare le cure se non c&#8217;\u00e8 un proprietario) altrimenti chiamate i carabinieri che manderanno sempre gli addetti del canile o il veterinario della ULSS se disponibile in zona. E&#8217; ovvio che&hellip;<\/p>\n","protected":false},"author":1,"featured_media":63309,"comment_status":"closed","ping_status":"closed","sticky":false,"template":"","format":"standard","meta":{"_monsterinsights_skip_tracking":false,"_monsterinsights_sitenote_active":false,"_monsterinsights_sitenote_note":"","_monsterinsights_sitenote_category":0,"footnotes":""},"categories":[49],"tags":[],"class_list":["post-118384","post","type-post","status-publish","format-standard","has-post-thumbnail","hentry","category-news-18","category-49","description-off"],"img_url":"https:\/\/www.radiopiu.net\/wordpress\/wp-content\/uploads\/2018\/10\/peloecontropelo.jpg","_links":{"self":[{"href":"https:\/\/www.radiopiu.net\/wordpress\/wp-json\/wp\/v2\/posts\/118384","targetHints":{"allow":["GET"]}}],"collection":[{"href":"https:\/\/www.radiopiu.net\/wordpress\/wp-json\/wp\/v2\/posts"}],"about":[{"href":"https:\/\/www.radiopiu.net\/wordpress\/wp-json\/wp\/v2\/types\/post"}],"author":[{"embeddable":true,"href":"https:\/\/www.radiopiu.net\/wordpress\/wp-json\/wp\/v2\/users\/1"}],"replies":[{"embeddable":true,"href":"https:\/\/www.radiopiu.net\/wordpress\/wp-json\/wp\/v2\/comments?post=118384"}],"version-history":[{"count":0,"href":"https:\/\/www.radiopiu.net\/wordpress\/wp-json\/wp\/v2\/posts\/118384\/revisions"}],"wp:featuredmedia":[{"embeddable":true,"href":"https:\/\/www.radiopiu.net\/wordpress\/wp-json\/wp\/v2\/media\/63309"}],"wp:attachment":[{"href":"https:\/\/www.radiopiu.net\/wordpress\/wp-json\/wp\/v2\/media?parent=118384"}],"wp:term":[{"taxonomy":"category","embeddable":true,"href":"https:\/\/www.radiopiu.net\/wordpress\/wp-json\/wp\/v2\/categories?post=118384"},{"taxonomy":"post_tag","embeddable":true,"href":"https:\/\/www.radiopiu.net\/wordpress\/wp-json\/wp\/v2\/tags?post=118384"}],"curies":[{"name":"wp","href":"https:\/\/api.w.org\/{rel}","templated":true}]}}