{"id":118424,"date":"2020-02-21T14:47:48","date_gmt":"2020-02-21T13:47:48","guid":{"rendered":"https:\/\/www.radiopiu.net\/wordpress\/?p=118424"},"modified":"2020-02-21T19:31:19","modified_gmt":"2020-02-21T18:31:19","slug":"contro-lo-spopolamento-una-sanita-che-funzioni","status":"publish","type":"post","link":"https:\/\/www.radiopiu.net\/wordpress\/contro-lo-spopolamento-una-sanita-che-funzioni\/","title":{"rendered":"CONTRO LO SPOPOLAMENTO UNA SANITA&#8217; CHE FUNZIONI"},"content":{"rendered":"<p><strong><a class=\"dt-pswp-item\" href=\"https:\/\/www.radiopiu.net\/wordpress\/wp-content\/uploads\/2018\/08\/ULSS1-DOLOMITI.jpeg\" data-dt-img-description=\"\" data-large_image_width=\"1280\" data-large_image_height=\"768\"><img loading=\"lazy\" decoding=\"async\" class=\"size-medium wp-image-57211 alignleft\" src=\"https:\/\/www.radiopiu.net\/wordpress\/wp-content\/uploads\/2018\/08\/ULSS1-DOLOMITI-300x180.jpeg\" alt=\"\" width=\"300\" height=\"180\" srcset=\"https:\/\/www.radiopiu.net\/wordpress\/wp-content\/uploads\/2018\/08\/ULSS1-DOLOMITI-300x180.jpeg 300w, https:\/\/www.radiopiu.net\/wordpress\/wp-content\/uploads\/2018\/08\/ULSS1-DOLOMITI-768x461.jpeg 768w, https:\/\/www.radiopiu.net\/wordpress\/wp-content\/uploads\/2018\/08\/ULSS1-DOLOMITI-1024x614.jpeg 1024w, https:\/\/www.radiopiu.net\/wordpress\/wp-content\/uploads\/2018\/08\/ULSS1-DOLOMITI.jpeg 1280w\" sizes=\"auto, (max-width: 300px) 100vw, 300px\" \/><\/a>BELLUNO<\/strong> <em>\u00abSe la comunit\u00e0 si spoglia di proprie risorse per soccorrere la Regione sull\u2019edilizia sanitaria e sulle attrezzature mediche e ospedaliere in alcuni presidi, la giunta regionale deve investire in misura corrispondente negli ospedali e nei servizi sanitari non interessati dagli interventi finanziati da Comuni e privati\u00bb.<\/em> Il deputato bellunese <strong>Roger De Menech<\/strong>, sollecitato da cittadini, associazioni e rappresentanti del comparto sanitario della provincia di Belluno, ricorda quanto la sanit\u00e0 provinciale sia un servizio strategico per contrastare lo spopolamento e che molti investimenti degli ultimi anni siano riconducibili al Fondo Comuni Confinanti, all\u2019iniziativa delle Fondazioni e persino a privati cittadini. <em>\u00abIn questo modo la Regione si libera di risorse che deve utilizzare per rafforzare la sanit\u00e0 pubblica, in particolare per incentivare i medici a lavorare in montagna\u00bb. <\/em>La carenza di personale \u00e8 sempre pi\u00f9 drammatica. Alcuni reparti sono ormai aperti solo formalmente, mentre altri, anche negli ospedali di Feltre e Belluno, risultano talmente sotto organico da metterne a rischio la sopravvivenza gi\u00e0 a partire dal 2020. In queste condizioni, il lavoro del personale sanitario \u00e8 fortemente sotto pressione e il ricorso degli utenti ad altre strutture o al privato diventa l\u2019unica alternativa. <em>\u00c8 palese che se queste tendenze si consolidano ci sar\u00e0 un indebolimento complessivo della sanit\u00e0 bellunese e, possibilmente, ancora minori investimenti pubblici. \u00c8 una spirale pericolosa e, una volta avviata, difficile da fermare\u00bb.<\/em><\/p>\n<p><strong><a class=\"dt-pswp-item\" href=\"https:\/\/www.radiopiu.net\/wordpress\/wp-content\/uploads\/2018\/05\/Roger_De_Menech_daticamera.jpg\" data-dt-img-description=\"\" data-large_image_width=\"165\" data-large_image_height=\"228\"><img loading=\"lazy\" decoding=\"async\" class=\"size-full wp-image-49599 alignleft\" src=\"https:\/\/www.radiopiu.net\/wordpress\/wp-content\/uploads\/2018\/05\/Roger_De_Menech_daticamera.jpg\" alt=\"\" width=\"165\" height=\"228\" \/><\/a>GLI INVESTIMENTI CON I SOLDI DEI FONDI DI CONFINE<\/strong><\/p>\n<p>Il Fondo comuni confinanti ha investito risorse ingenti sugli ospedali di Agordo, Feltre e Lamon. I sindaci hanno scelto di utilizzare risorse che potevano indirizzare in altri settori, al di fuori delle proprie competenze specifiche, <em>&#8220;dimostrando un grande senso di responsabilit\u00e0&#8221; <\/em>aggiunge il deputato Roger De Menech. A questi si sono aggiunte le risorse messe a disposizione dalla Fondazione Cariverona e le ingenti donazioni di alcuni privati per il rinnovo di macchinari sofisticati dell\u2019ospedale di Belluno.<\/p>\n<p><strong>\u201cLavori di ristrutturazione e ampliamento del Pronto Soccorso dell\u2019Ospedale di Agordo\u201d<\/strong> &#8211; convenzione sottoscritta il 28\/06\/2019 &#8211; costo complessivo\u00a0 3 milioni di euro, 500 mila euro dalla Regione.<\/p>\n<p>&#8220;<strong>Sanit\u00e0 del feltrino&#8221;:<\/strong> costo complessivo del progetto 12 milioni e mezzo di euro, 6 milioni dai fondi dei comuni di confine, gli altri 6 dal fondo sanitario\u00a0 della Regione e dalla Ulss1.\u00a0 Perl&#8217;acquisto apparecchiature, arredi e strumentazione da destinare al reparto radiologia della nuova piastra servizi dell&#8217;ospedale di Feltre (2 milioni FCC), potenziamento e adeguamento della struttura dell&#8217;ospedale di Lamon (4 milioni FCC)<\/p>\n<p>&nbsp;<\/p>\n","protected":false},"excerpt":{"rendered":"<p>BELLUNO \u00abSe la comunit\u00e0 si spoglia di proprie risorse per soccorrere la Regione sull\u2019edilizia sanitaria e sulle attrezzature mediche e ospedaliere in alcuni presidi, la giunta regionale deve investire in misura corrispondente negli ospedali e nei servizi sanitari non interessati dagli interventi finanziati da Comuni e privati\u00bb. Il deputato bellunese Roger De Menech, sollecitato da&hellip;<\/p>\n","protected":false},"author":1,"featured_media":57211,"comment_status":"closed","ping_status":"closed","sticky":false,"template":"","format":"standard","meta":{"_monsterinsights_skip_tracking":false,"_monsterinsights_sitenote_active":false,"_monsterinsights_sitenote_note":"","_monsterinsights_sitenote_category":0,"footnotes":""},"categories":[49],"tags":[],"class_list":["post-118424","post","type-post","status-publish","format-standard","has-post-thumbnail","hentry","category-news-18","category-49","description-off"],"img_url":"https:\/\/www.radiopiu.net\/wordpress\/wp-content\/uploads\/2018\/08\/ULSS1-DOLOMITI.jpeg","_links":{"self":[{"href":"https:\/\/www.radiopiu.net\/wordpress\/wp-json\/wp\/v2\/posts\/118424","targetHints":{"allow":["GET"]}}],"collection":[{"href":"https:\/\/www.radiopiu.net\/wordpress\/wp-json\/wp\/v2\/posts"}],"about":[{"href":"https:\/\/www.radiopiu.net\/wordpress\/wp-json\/wp\/v2\/types\/post"}],"author":[{"embeddable":true,"href":"https:\/\/www.radiopiu.net\/wordpress\/wp-json\/wp\/v2\/users\/1"}],"replies":[{"embeddable":true,"href":"https:\/\/www.radiopiu.net\/wordpress\/wp-json\/wp\/v2\/comments?post=118424"}],"version-history":[{"count":0,"href":"https:\/\/www.radiopiu.net\/wordpress\/wp-json\/wp\/v2\/posts\/118424\/revisions"}],"wp:featuredmedia":[{"embeddable":true,"href":"https:\/\/www.radiopiu.net\/wordpress\/wp-json\/wp\/v2\/media\/57211"}],"wp:attachment":[{"href":"https:\/\/www.radiopiu.net\/wordpress\/wp-json\/wp\/v2\/media?parent=118424"}],"wp:term":[{"taxonomy":"category","embeddable":true,"href":"https:\/\/www.radiopiu.net\/wordpress\/wp-json\/wp\/v2\/categories?post=118424"},{"taxonomy":"post_tag","embeddable":true,"href":"https:\/\/www.radiopiu.net\/wordpress\/wp-json\/wp\/v2\/tags?post=118424"}],"curies":[{"name":"wp","href":"https:\/\/api.w.org\/{rel}","templated":true}]}}