{"id":118426,"date":"2020-02-22T05:51:49","date_gmt":"2020-02-22T04:51:49","guid":{"rendered":"https:\/\/www.radiopiu.net\/wordpress\/?p=118426"},"modified":"2020-02-22T16:28:56","modified_gmt":"2020-02-22T15:28:56","slug":"giornale-radiopiu-22-febbraio-2020-direttore-mirko-mezzacasa","status":"publish","type":"post","link":"https:\/\/www.radiopiu.net\/wordpress\/giornale-radiopiu-22-febbraio-2020-direttore-mirko-mezzacasa\/","title":{"rendered":"GIORNALE RADIOPIU 22 FEBBRAIO 2020 direttore Mirko Mezzacasa"},"content":{"rendered":"<div style=\"width: 400px;\" class=\"wp-video\"><video class=\"wp-video-shortcode\" id=\"video-118426-1\" width=\"400\" height=\"224\" preload=\"metadata\" controls=\"controls\"><source type=\"video\/mp4\" src=\"https:\/\/www.radiopiu.net\/wordpress\/wp-content\/uploads\/2020\/02\/WhatsApp-Video-2020-02-22-at-07.32.08.mp4?_=1\" \/><a href=\"https:\/\/www.radiopiu.net\/wordpress\/wp-content\/uploads\/2020\/02\/WhatsApp-Video-2020-02-22-at-07.32.08.mp4\">https:\/\/www.radiopiu.net\/wordpress\/wp-content\/uploads\/2020\/02\/WhatsApp-Video-2020-02-22-at-07.32.08.mp4<\/a><\/video><\/div>\n<h3><strong><a class=\"dt-pswp-item\" href=\"https:\/\/www.radiopiu.net\/wordpress\/wp-content\/uploads\/2020\/02\/telegram-q-ok.jpg\" data-dt-img-description=\"\" data-large_image_width=\"800\" data-large_image_height=\"800\"><img loading=\"lazy\" decoding=\"async\" class=\"wp-image-117176 alignleft\" src=\"https:\/\/www.radiopiu.net\/wordpress\/wp-content\/uploads\/2020\/02\/telegram-q-ok-300x300.jpg\" alt=\"\" width=\"103\" height=\"103\" srcset=\"https:\/\/www.radiopiu.net\/wordpress\/wp-content\/uploads\/2020\/02\/telegram-q-ok-300x300.jpg 300w, https:\/\/www.radiopiu.net\/wordpress\/wp-content\/uploads\/2020\/02\/telegram-q-ok-150x150.jpg 150w, https:\/\/www.radiopiu.net\/wordpress\/wp-content\/uploads\/2020\/02\/telegram-q-ok-768x768.jpg 768w, https:\/\/www.radiopiu.net\/wordpress\/wp-content\/uploads\/2020\/02\/telegram-q-ok.jpg 800w\" sizes=\"auto, (max-width: 103px) 100vw, 103px\" \/><\/a><\/strong><\/h3>\n<h3><strong>PER RICEVERE QUESTO NOTIZIARIO DIRETTAMENTE SUL TUO CELLULARE ISCRIVITI AL CANALE <span style=\"color: #0000ff;\">TELEGRAM<\/span><\/strong><\/h3>\n<p><strong>&#8220;<span style=\"color: #ff0000;\">RADIO PIU\u00a0 INFORMAZIONE<span style=\"color: #000000;\">&#8221;\u00a0<\/span><\/span><\/strong><\/p>\n<p>&nbsp;<\/p>\n<hr \/>\n<p>&nbsp;<\/p>\n<h3>per lavori DOMANI dalle 8 alle ore 12\u00a0 potrebbe mancare l&#8217;acqua ad AGORDO localita&#8217; VALCOZZENA. Previsti lavori sulla rete idrica a cura di GSP<\/h3>\n<hr \/>\n<blockquote>\n<h3><\/h3>\n<\/blockquote>\n<p>&nbsp;<\/p>\n<h2><span style=\"color: #ff0000;\">LA CURIOSITA&#8217;<\/span><\/h2>\n<p><strong>CANALE D&#8217;AGORDO<\/strong>. Ieri sera \u00a0a Sona in provincia di\u00a0 Verona, al FilmFestival,\u00a0 serata dedicata a Canale d&#8217;Agordo, e all&#8217;Agordino.\u00a0 Proiettato il film La voce del Bosco di Francesca Gallo a seguire un interessante dibattito. A Padova gli amministratori del Comune e Loris Serafini della Fondazione Papa Luciani<\/p>\n<p><iframe loading=\"lazy\" title=\"WhatsApp Video 2020 02 22 at 16 08 56\" width=\"1200\" height=\"900\" src=\"https:\/\/www.youtube.com\/embed\/iICzGAiPu5s?feature=oembed\" frameborder=\"0\" allow=\"accelerometer; autoplay; encrypted-media; gyroscope; picture-in-picture\" allowfullscreen><\/iframe><\/p>\n<hr \/>\n<p>&nbsp;<\/p>\n<p>&nbsp;<\/p>\n<h2><span style=\"color: #0000ff;\">LA CONFERMA<\/span><\/h2>\n<p><strong><a class=\"dt-pswp-item\" href=\"https:\/\/www.radiopiu.net\/wordpress\/wp-content\/uploads\/2017\/04\/Au_Vignato_1-e1547820924488.jpg\" data-dt-img-description=\"\" data-large_image_width=\"800\" data-large_image_height=\"978\"><img loading=\"lazy\" decoding=\"async\" class=\"wp-image-31580 alignleft\" src=\"https:\/\/www.radiopiu.net\/wordpress\/wp-content\/uploads\/2017\/04\/Au_Vignato_1-e1547820924488-245x300.jpg\" alt=\"\" width=\"78\" height=\"96\" \/><\/a>BELLUNO<\/strong> Tanto tuono&#8217;&#8230; che piovve. Giuseppe Vignato amministratore di GSP dichiara che il suo mandato \u00e8 chiuso, secondo l&#8217;uomo scelto dai sindaci per risanare la societ\u00e0 (anche grazie ai vertiginosi aumenti delle bollette\u00a0 che hanno bacchettato i &#8220;sudditi&#8221; bellunesi) parla di &#8220;assalto alla diligenza. Il rapporto con alcuni sindaci \u00e8 ormai alla frutta ed \u00e8 tempo di aria nuova.<\/p>\n<p>&nbsp;<\/p>\n<p>&nbsp;<\/p>\n<hr \/>\n<h2><span style=\"color: #800080;\">IL VIDEO<\/span><\/h2>\n<p><span id=\"fbPhotoSnowliftCaption\" class=\"fbPhotosPhotoCaption\" tabindex=\"0\" aria-live=\"polite\" data-ft=\"{&quot;tn&quot;:&quot;K&quot;}\"><span class=\"fbPhotoSnowliftVideoTitle\"><strong>FALCADE<\/strong> SkiAreaSanPellegrinoTeam. <\/span><span class=\"hasCaption\">L\u2019addestramento notturno dei volontari che dedicano il loro tempo libero a noi che amiamo la montagna.\u00a0 Max Piccoli, capo servizio di San Pellegrino, racconta le prove di soccorso in linea coordinate con il Soccorso Alpino Val Biois. Si effettuano di notte, ad impianti chiusi, per essere preparati in caso di necessit\u00e0.<\/span><\/span><\/p>\n<div id=\"fb-root\"><\/div>\n<p><script async=\"1\" defer=\"1\" crossorigin=\"anonymous\" src=\"https:\/\/connect.facebook.net\/it_IT\/sdk.js#xfbml=1&amp;version=v6.0\"><\/script><\/p>\n<div class=\"fb-video\" data-href=\"https:\/\/www.facebook.com\/SkiAreaSanPellegrino.Dolomiti\/videos\/141275470366937\/\" data-width=\"1200\">\n<blockquote cite=\"https:\/\/www.facebook.com\/SkiAreaSanPellegrino.Dolomiti\/videos\/141275470366937\/\" class=\"fb-xfbml-parse-ignore\"><p><a href=\"https:\/\/www.facebook.com\/SkiAreaSanPellegrino.Dolomiti\/videos\/141275470366937\/\">#SkiAreaSanPellegrinoTeam<\/a><\/p>\n<p>L\u2019addestramento notturno dei volontari che dedicano il loro tempo libero a noi che amiamo la montagna. Il nostro Max Piccoli, campo servizio di San Pellegrino, racconta le prove di soccorso in linea coordinate con il Soccorso Alpino Val Biois.Si effettuano di notte, ad impianti chiusi, per essere preparati in caso di necessit\u00e0.  #SkiAreaSanPellegrinoTeam Soccorso Alpino e Speleologico Veneto &#8211; CNSAS Soccorso Alpino Dolomiti Bellunesi &#8211; CNSAS<\/p>\n<p>Pubblicato da <a href=\"https:\/\/www.facebook.com\/SkiAreaSanPellegrino.Dolomiti\/\">Ski Area San Pellegrino &#8211; Dolomiti<\/a> su Mercoled\u00ec 19 febbraio 2020<\/p><\/blockquote>\n<\/div>\n<p>&nbsp;<\/p>\n<p>&nbsp;<\/p>\n<hr \/>\n<blockquote>\n<h3><\/h3>\n<h3>CORONAVIRUS. ATTENZIONE AL MASSIMO IN VENETO, PRIMI DUE CASI A PADOVA E PRIMA VITTIMA A MONSELICE.<\/h3>\n<\/blockquote>\n<p><strong>PADOVA<\/strong> Il virus ha fatto la prima vittima\u00a0 anche in Veneto,\u00a0 un uomo di 78 anni di Vo&#8217; Euganeo, Adriano Trevisan. Un compaesano di 67 anni \u00e8 stato contagiato, entrambi erano ricoverati\u00a0 da due settimane all&#8217;ospedale di Monselice.\u00a0Trevisan ha sviluppato una malattia importante alle vie aeree prima di essere sottoposto al test.\u00a0 Chiuso entro una settimana l&#8217;ospedale e la protezione civile prepara un campo medico. Chiuse le scuole e i ritrovi di Vo&#8217;. Tampone in tutto il Veneto ai ricoverati con sintomi influenzali gravi<\/p>\n<blockquote>\n<h3>IL GOVERNATORE LUCA ZAIA:<\/h3>\n<\/blockquote>\n<p><strong>VENEZIA<\/strong> Tutte le misure decise dalla task force per il\u00a0<a class=\"_58cn\" href=\"https:\/\/www.facebook.com\/hashtag\/coronavirus?source=feed_text&amp;epa=HASHTAG&amp;__xts__%5B0%5D=68.ARAKP4KLMYqMWpHEgpze18nMssOA-VAYnlg4FL45DDdL_oqzAQPHRtLZkQLB_LeXaDZimQprKAlECIvQSUdxKk8aMVYEQakZ_teYlOb7VBNAhKXPtdlOlAi0d60aKTwXru2uAkEu4utaFGl1uzTdyvdnIF1wm7BPyKWzp2UTrFl-JDvF394UrrFpx4zZxbT6TfUMviXFvbi0LaRu2GKa9qrLmW3UQjnLO93KMhE6Sc-tqfq4Ze4tiH6bpO2moeIBwQRSZ-ccqcoWIFX3TXR353THwiuQGgUCifGX0Pl7A62xrvQ-9SUEr-sqvWQZhh6xGfM4JDH7k9tS9wJBzRr1oNcSiFR2bsZGMesZ9Q&amp;__tn__=%2ANK-R\" data-ft=\"{&quot;type&quot;:104,&quot;tn&quot;:&quot;*N&quot;}\"><span class=\"_5afx\"><span class=\"_58cm\"> coronavirus<\/span><\/span><\/a>. Misure pesanti per cercare di creare un anello sanitario intorno a Vo\u2019 Euganeo e per salvaguardare l\u2019ospedale di Schiavonia, sia i pazienti che i nostri bravissimi operatori<\/p>\n<p>&nbsp;<\/p>\n<p>https:\/\/www.facebook.com\/zaiaufficiale\/videos\/624737531684499\/<\/p>\n<p>&nbsp;<\/p>\n<p>&nbsp;<\/p>\n<blockquote>\n<h3>LE DICHIARAZIONI DEL POMERIGGIO<\/h3>\n<\/blockquote>\n<p><strong><a class=\"dt-pswp-item\" href=\"https:\/\/www.radiopiu.net\/wordpress\/wp-content\/uploads\/2020\/02\/download-16.jpg\" data-dt-img-description=\"\" data-large_image_width=\"227\" data-large_image_height=\"128\"><img loading=\"lazy\" decoding=\"async\" class=\"size-full wp-image-118480 alignleft\" src=\"https:\/\/www.radiopiu.net\/wordpress\/wp-content\/uploads\/2020\/02\/download-16.jpg\" alt=\"\" width=\"227\" height=\"128\" \/><\/a>VENEZIA<\/strong> <em>\u201cSeguiamo ora dopo ora l\u2019evolversi della situazione, in contatto con il Commissario Borrelli e il Ministro Speranza. Per noi l\u2019allerta \u00e8 massima e ci stiamo preparando a un\u2019eventuale emergenza pi\u00f9 importante. Combattiamo un virus, per cui l\u2019attenzione \u00e8 totale\u201d. <\/em>Lo ha dichiarato il Presidente della Regione del Veneto, in relazione all\u2019evolversi della situazione legata al coronavirus e ai casi palesatisi in Lombardia. <em>\u201cIn caso di necessit\u00e0 \u2013 aggiunge il Governatore \u2013 siamo pronti a intervenire su pi\u00f9 piani e a tutti i livelli, anche in modo drastico se ve ne fosse bisogno. Gi\u00e0 ora, comunque, interveniamo con tutte le azioni necessarie al minimo sospetto, anche che un cittadino veneto possa aver avuto contatti con persone infette o provenienti da zone infette\u201d. <\/em>La Direzione Prevenzione dell\u2019Area Sanit\u00e0 e Sociale della Regione ha inoltre emesso una nota di aggiornamento della situazione, sottolineando che\u00a0 tutte le azioni previste per le emergenze di sanit\u00e0 pubblica sono in atto in Veneto, dove viene applicato un documento di indirizzo regionale sulla gestione dei casi sospetti, probabili e confermati, sulla gestione dei contatti, sui percorsi dei pazienti che si rivolgono al Pronto Soccorso, al Medico di Medicina Generale e al 118, sulle indicazioni del laboratorio di riferimento regionale dell\u2019Azienda Ospedaliera di Padova, sulle misure di disinfezione e sul flusso di segnalazione dei casi.<\/p>\n<p>&nbsp;<\/p>\n<p><strong>IL COMMENTO DEL DEPUTATO DARIO BOND<\/strong><\/p>\n<audio class=\"wp-audio-shortcode\" id=\"audio-118426-1\" preload=\"none\" style=\"width: 100%;\" controls=\"controls\"><source type=\"audio\/mpeg\" src=\"https:\/\/www.radiopiu.net\/wordpress\/wp-content\/uploads\/2020\/02\/BOND-CORONA.mp3?_=1\" \/><a href=\"https:\/\/www.radiopiu.net\/wordpress\/wp-content\/uploads\/2020\/02\/BOND-CORONA.mp3\">https:\/\/www.radiopiu.net\/wordpress\/wp-content\/uploads\/2020\/02\/BOND-CORONA.mp3<\/a><\/audio>\n<h3><\/h3>\n<p>&nbsp;<\/p>\n<hr \/>\n<h3><\/h3>\n<p>&nbsp;<\/p>\n<blockquote>\n<h2>LA GRANDE PAURA CONTAGIA IL POPOLO LUXOTTICA<\/h2>\n<\/blockquote>\n<p><strong>MILANO<\/strong> Ieri pomeriggio il sito AlaNews ha annunciato la chiusura degli uffici di Milano. Una possibile evacuazione \u00e8 stata poi smentita dall&#8217;azienda che comunque ha confermato lo stato di massima attenzione<\/p>\n<h3><span style=\"color: #0000ff;\">ALLARME CORONAVIRUS LUXOTTICA: &#8220;TUTTO SOTTO CONTROLLO&#8221;<\/span><\/h3>\n<p><a class=\"dt-pswp-item\" href=\"https:\/\/www.radiopiu.net\/wordpress\/wp-content\/uploads\/2020\/02\/LUXOTTICA-NOTTE-scaled.jpg\" data-dt-img-description=\"\" data-large_image_width=\"2560\" data-large_image_height=\"1920\"><img loading=\"lazy\" decoding=\"async\" class=\"size-medium wp-image-117391 alignleft\" src=\"https:\/\/www.radiopiu.net\/wordpress\/wp-content\/uploads\/2020\/02\/LUXOTTICA-NOTTE-300x225.jpg\" alt=\"\" width=\"300\" height=\"225\" srcset=\"https:\/\/www.radiopiu.net\/wordpress\/wp-content\/uploads\/2020\/02\/LUXOTTICA-NOTTE-300x225.jpg 300w, https:\/\/www.radiopiu.net\/wordpress\/wp-content\/uploads\/2020\/02\/LUXOTTICA-NOTTE-1024x768.jpg 1024w, https:\/\/www.radiopiu.net\/wordpress\/wp-content\/uploads\/2020\/02\/LUXOTTICA-NOTTE-768x576.jpg 768w, https:\/\/www.radiopiu.net\/wordpress\/wp-content\/uploads\/2020\/02\/LUXOTTICA-NOTTE-1536x1152.jpg 1536w, https:\/\/www.radiopiu.net\/wordpress\/wp-content\/uploads\/2020\/02\/LUXOTTICA-NOTTE-2048x1536.jpg 2048w\" sizes=\"auto, (max-width: 300px) 100vw, 300px\" \/><\/a>Smentita dall\u2019azienda che siano stati evacuati gli uffici di Milano a Piazzale Cadorna. L\u2019allarme CoronaVirus nella sede Luxottica di Milano \u00e8 rientrato. Anzi, si pu\u00f2 dire che la situazione era sotto controllo fin dall\u2019inizio. Tutto \u00e8 partito da un dipendente della sede centrale che ha destato preoccupazioni per un possibile contatto con dei conoscenti del paziente contagiato in provincia di Codogno. Da qui l\u2019azienda a consigliato al dipendente di affrontare la trafila degli esami per constatare se realmente fosse stato contagiato. Allo stesso \u00e8 stato consigliato di fare uso dello \u201csmart working\u201d, cio\u00e8 poter lavorare da casa. Nessuna evacuazione della sede milanese di Luxottica. L\u2019azienda ha consigliato lo \u201csmart working\u201d anche ad una ventina di persone residenti nell\u2019area contagiata. Tutto sotto controllo dunque<\/p>\n<p>&nbsp;<\/p>\n<p>&nbsp;<\/p>\n<blockquote>\n<h3>CORONAVIRUS, IERI POMERIGGIO IL SITO INTERNET ALANEWS HA BATTUTO LA NOTIZIA DELL&#8217;EVACUAZIONE DEGLI UFFICI LUXOTTICA DI MILANO<\/h3>\n<\/blockquote>\n<blockquote class=\"wp-embedded-content\" data-secret=\"UeHtxoih7v\"><p><a href=\"https:\/\/www.radiopiu.net\/wordpress\/il-sito-alanews-da-notizia-dellevacuazione-di-uno-dei-piani-degli-uffici-luxottica-di-milano\/\">IL SITO ALANEWS DA NOTIZIA DELL&#8217;EVACUAZIONE DI UNO DEI PIANI DEGLI UFFICI LUXOTTICA DI MILANO<\/a><\/p><\/blockquote>\n<p><iframe loading=\"lazy\" title=\"&#8220;IL SITO ALANEWS DA NOTIZIA DELL&#8217;EVACUAZIONE DI UNO DEI PIANI DEGLI UFFICI LUXOTTICA DI MILANO&#8221; &#8212; Radio Pi\u00f9\" class=\"wp-embedded-content\" sandbox=\"allow-scripts\" security=\"restricted\" style=\"position: absolute; clip: rect(1px, 1px, 1px, 1px);\" src=\"https:\/\/www.radiopiu.net\/wordpress\/il-sito-alanews-da-notizia-dellevacuazione-di-uno-dei-piani-degli-uffici-luxottica-di-milano\/embed\/#?secret=UeHtxoih7v\" data-secret=\"UeHtxoih7v\" width=\"600\" height=\"338\" frameborder=\"0\" marginwidth=\"0\" marginheight=\"0\" scrolling=\"no\"><\/iframe><\/p>\n<p>&nbsp;<\/p>\n<p>&nbsp;<\/p>\n<hr \/>\n<p><strong><a class=\"dt-pswp-item\" href=\"https:\/\/www.radiopiu.net\/wordpress\/wp-content\/uploads\/2020\/02\/72f3db56-0c8a-4ed0-82a1-44044b92ef17.jpg\" data-dt-img-description=\"\" data-large_image_width=\"240\" data-large_image_height=\"320\"><img loading=\"lazy\" decoding=\"async\" class=\" wp-image-118498 alignleft\" src=\"https:\/\/www.radiopiu.net\/wordpress\/wp-content\/uploads\/2020\/02\/72f3db56-0c8a-4ed0-82a1-44044b92ef17-225x300.jpg\" alt=\"\" width=\"174\" height=\"232\" srcset=\"https:\/\/www.radiopiu.net\/wordpress\/wp-content\/uploads\/2020\/02\/72f3db56-0c8a-4ed0-82a1-44044b92ef17-225x300.jpg 225w, https:\/\/www.radiopiu.net\/wordpress\/wp-content\/uploads\/2020\/02\/72f3db56-0c8a-4ed0-82a1-44044b92ef17.jpg 240w\" sizes=\"auto, (max-width: 174px) 100vw, 174px\" \/><\/a><\/strong><\/p>\n<blockquote>\n<h3>ESCE DI STRADA E CENTRA IL PALO IN CEMENTO<\/h3>\n<\/blockquote>\n<p><strong>TRICHIANA<\/strong> Ieri alle 16 lungo la SP 635, poco prima del ponte di San Felice, uscita autonoma, l&#8217;auto ha impattato contro un palo in cemento. La Fiat Idea\u00a0 condotta da D.B , 47 anni di Santa Giustina,\u00a0 mentre percorreva la provinciale con direzione Trichiana-Sedico, nell&#8217;affrontare una curva, per cause in corso di accertamento, \u00e8 uscita sulla sinistra andando a sbattere contro il palo in cemento. L&#8217;uomo \u00e9 ricoverato\u00a0 all&#8217;ospedale di Feltre non \u00e8\u00a0 in pericolo di vita. Sul posto per i rilievi di legge i Carabinieri.<\/p>\n<p><i><u><br \/>\n<a class=\"dt-pswp-item\" href=\"https:\/\/www.radiopiu.net\/wordpress\/wp-content\/uploads\/2020\/02\/photo_2020-02-21_17-02-15.jpg\" data-dt-img-description=\"\" data-large_image_width=\"1024\" data-large_image_height=\"733\"><img loading=\"lazy\" decoding=\"async\" class=\"alignnone wp-image-118470 size-full\" src=\"https:\/\/www.radiopiu.net\/wordpress\/wp-content\/uploads\/2020\/02\/photo_2020-02-21_17-02-15.jpg\" alt=\"\" width=\"1024\" height=\"733\" srcset=\"https:\/\/www.radiopiu.net\/wordpress\/wp-content\/uploads\/2020\/02\/photo_2020-02-21_17-02-15.jpg 1024w, https:\/\/www.radiopiu.net\/wordpress\/wp-content\/uploads\/2020\/02\/photo_2020-02-21_17-02-15-300x215.jpg 300w, https:\/\/www.radiopiu.net\/wordpress\/wp-content\/uploads\/2020\/02\/photo_2020-02-21_17-02-15-768x550.jpg 768w\" sizes=\"auto, (max-width: 1024px) 100vw, 1024px\" \/><\/a><\/u><\/i><\/p>\n<p>&nbsp;<\/p>\n<p>&nbsp;<\/p>\n<hr \/>\n<p>&nbsp;<\/p>\n<p>&nbsp;<\/p>\n<blockquote>\n<h3>INDAGATO PAKISTANO ALLA GUIDA SENZA PATENTE<\/h3>\n<\/blockquote>\n<p><a class=\"dt-pswp-item\" href=\"https:\/\/www.radiopiu.net\/wordpress\/wp-content\/uploads\/2020\/02\/asdasd-1.jpg\" data-dt-img-description=\"\" data-large_image_width=\"707\" data-large_image_height=\"398\"><img loading=\"lazy\" decoding=\"async\" class=\"size-medium wp-image-118415 alignleft\" src=\"https:\/\/www.radiopiu.net\/wordpress\/wp-content\/uploads\/2020\/02\/asdasd-1-300x169.jpg\" alt=\"\" width=\"300\" height=\"169\" srcset=\"https:\/\/www.radiopiu.net\/wordpress\/wp-content\/uploads\/2020\/02\/asdasd-1-300x169.jpg 300w, https:\/\/www.radiopiu.net\/wordpress\/wp-content\/uploads\/2020\/02\/asdasd-1.jpg 707w\" sizes=\"auto, (max-width: 300px) 100vw, 300px\" \/><\/a><strong>BELLUNO<\/strong> I<span style=\"font-family: Calibri, serif;\">n zona Baldenich, la volante della Questura di Belluno, durante la normale perlustrazione finalizzata al controllo del territorio, ha fermato un\u2019auto proveniente da via Medaglie d\u2019Oro. Il controllo\u00a0 in via Vittorio Veneto,\u00a0 durante il quale il conducente, fin da subito, ha manifestato nervosismo e alla richiesta di esibire la patente di guida, dopo aver temporeggiato per alcuni secondi, ha confessato di non averla mai conseguita n\u00e9 in Italia n\u00e9 tantomeno nel suo Paese d\u2019origine. Da alcuni approfondimenti \u00e8\u00a0 emerso che\u00a0 gi\u00e0 in altre due circostanze, con altre auto, era stato \u201cbeccato\u201d alla guida nell\u2019ottobre del 2018 e nell\u2019agosto del 2019. Trattandosi di un nuovo illecito, con la reiterazione nel biennio, agli agenti lo hanno denunciato e s<\/span><span style=\"font-family: Calibri, serif;\">equestrato l\u2019Alfa Romeo 147. Ora il cittadino extracomunitario, residente in citt\u00e0, rischia la pena dell\u2019<\/span><span style=\"font-family: Calibri, serif;\"><b>arresto fino ad 1 anno <\/b><\/span><span style=\"font-family: Calibri, serif;\">o in alternativa l\u2019affidamento ai servizi sociali<\/span><\/p>\n<p>&nbsp;<\/p>\n<p>&nbsp;<\/p>\n<hr \/>\n<blockquote>\n<h3><\/h3>\n<h3><\/h3>\n<\/blockquote>\n<blockquote>\n<h3>SANZIONE DA 7500 EURO, GUIDAVA SOTTO L&#8217;EFFETTO DI SOSTANZE STUPEFACENTI<\/h3>\n<\/blockquote>\n<p><span style=\"color: #44546a;\"><span style=\"font-size: medium;\"><b><a class=\"dt-pswp-item\" href=\"https:\/\/www.radiopiu.net\/wordpress\/wp-content\/uploads\/2020\/02\/sdf.jpg\" data-dt-img-description=\"\" data-large_image_width=\"500\" data-large_image_height=\"333\"><img loading=\"lazy\" decoding=\"async\" class=\" wp-image-118418 alignleft\" src=\"https:\/\/www.radiopiu.net\/wordpress\/wp-content\/uploads\/2020\/02\/sdf-300x200.jpg\" alt=\"\" width=\"218\" height=\"145\" srcset=\"https:\/\/www.radiopiu.net\/wordpress\/wp-content\/uploads\/2020\/02\/sdf-300x200.jpg 300w, https:\/\/www.radiopiu.net\/wordpress\/wp-content\/uploads\/2020\/02\/sdf.jpg 500w\" sizes=\"auto, (max-width: 218px) 100vw, 218px\" \/><\/a>BELLUNO\u00a0 <\/b><\/span><\/span>Si \u00e8 concluso con un decreto penale di condanna il procedimento a carico di Z.E. di anni 24, residente in Alpago, per aver condotto, nel marzo del 2018, un\u2019auto\u00a0 in centro a Belluno\u00a0 dopo l\u2019assunzione di sostanze stupefacenti. Gli agenti della Polizia lo avevano fermato a bordo della Opel Corsa, con lui altri tre ragazzi. Gli agenti durante il controllo notavano che il soggetto dalle pupille dilatate,\u00a0 appariva disorientato, con evidenti difficolt\u00e0 di coordinamento, lento nel rispondere alle domande. All\u2019interno del mezzo due grinder (<i>tipico arnese utilizzato per sminuzzare la marijuana<\/i>) contenenti ancora una piccola quantit\u00e0 della sostanza, che il giovane asseriva di aver comprato al Parco citt\u00e0 di Bologna. Al Pronto Soccorso la conferma: il giovane aveva assunto la sostanza stupefacente (cannabinoidi). Sequestrato anche\u00a0 un coltello pieghevole, a lama retrattile, della lunghezza di 17 centimetri nascosto nel vano porta oggetti della portiera. Il Giudice, lo ha <b>condannato<\/b>,<b> <\/b>alla pena di <b>\u00a07.500 euro di ammenda<\/b> con la sospensione della patente per anni 1 e la confisca dell\u2019auto<\/p>\n<p>&nbsp;<\/p>\n<p>&nbsp;<\/p>\n<hr \/>\n<h3><\/h3>\n<h2><span style=\"color: #ff00ff;\">PERICOLO SICCITA&#8217;<\/span><\/h2>\n<p><strong>PORDENONE<\/strong> Un altro incendio boschivo fortunatamente con conseguenze limitate. Le fiamme ad Erto Casso, in provincia di Pordenone al confine con il longaronese. I vigili del fuoco sono riusciti a contenere il fuoco, la situazione era apparsa da subito preoccupante.<\/p>\n<p>&nbsp;<\/p>\n<hr \/>\n<p>&nbsp;<\/p>\n<p>&nbsp;<\/p>\n<h2><span style=\"color: #ff0000;\">ALTO AGORDINO<\/span><\/h2>\n<blockquote>\n<h3>FONDI VAIA, INVESTIMENTI 2020, DALLA SISTEMAZIONE DELLE STRADE ALLA MESSA IN SICUREZZA DEI TORRENTI. ECCO LA LISTA DEGLI INTERVENTI CON LA &#8220;BENEDIZIONE&#8221; DEL COMMISSARIO PER L&#8217;EMERGENZA<\/h3>\n<\/blockquote>\n<p><strong><a class=\"dt-pswp-item\" href=\"https:\/\/www.radiopiu.net\/wordpress\/wp-content\/uploads\/2020\/02\/ddebbb99-ebfa-4ff8-bd04-055b8a7afd3c.jpg\" data-dt-img-description=\"\" data-large_image_width=\"1599\" data-large_image_height=\"1200\"><img loading=\"lazy\" decoding=\"async\" class=\"wp-image-117554 alignleft\" src=\"https:\/\/www.radiopiu.net\/wordpress\/wp-content\/uploads\/2020\/02\/ddebbb99-ebfa-4ff8-bd04-055b8a7afd3c-300x225.jpg\" alt=\"\" width=\"193\" height=\"145\" srcset=\"https:\/\/www.radiopiu.net\/wordpress\/wp-content\/uploads\/2020\/02\/ddebbb99-ebfa-4ff8-bd04-055b8a7afd3c-300x225.jpg 300w, https:\/\/www.radiopiu.net\/wordpress\/wp-content\/uploads\/2020\/02\/ddebbb99-ebfa-4ff8-bd04-055b8a7afd3c-1024x768.jpg 1024w, https:\/\/www.radiopiu.net\/wordpress\/wp-content\/uploads\/2020\/02\/ddebbb99-ebfa-4ff8-bd04-055b8a7afd3c-768x576.jpg 768w, https:\/\/www.radiopiu.net\/wordpress\/wp-content\/uploads\/2020\/02\/ddebbb99-ebfa-4ff8-bd04-055b8a7afd3c-1536x1153.jpg 1536w, https:\/\/www.radiopiu.net\/wordpress\/wp-content\/uploads\/2020\/02\/ddebbb99-ebfa-4ff8-bd04-055b8a7afd3c.jpg 1599w\" sizes=\"auto, (max-width: 193px) 100vw, 193px\" \/><\/a><\/strong><\/p>\n<p>&nbsp;<\/p>\n<p><span style=\"color: #0000ff;\">DAL CORRIERE DELLE ALPI OGGI IN EDICOLA<\/span><\/p>\n<p><strong>AGORDO<\/strong><\/p>\n<p><strong>GIANNI SANTOMASO<\/strong><\/p>\n<audio class=\"wp-audio-shortcode\" id=\"audio-118426-2\" preload=\"none\" style=\"width: 100%;\" controls=\"controls\"><source type=\"audio\/mpeg\" src=\"https:\/\/www.radiopiu.net\/wordpress\/wp-content\/uploads\/2020\/02\/gianniiii.mp3?_=2\" \/><a href=\"https:\/\/www.radiopiu.net\/wordpress\/wp-content\/uploads\/2020\/02\/gianniiii.mp3\">https:\/\/www.radiopiu.net\/wordpress\/wp-content\/uploads\/2020\/02\/gianniiii.mp3<\/a><\/audio>\n<h3><\/h3>\n<p>&nbsp;<\/p>\n<hr \/>\n<blockquote>\n<h3><\/h3>\n<h3>CONTRO LO SPOPOLAMENTO UNA SANITA&#8217; CHE FUNZIONI<\/h3>\n<\/blockquote>\n<p><strong>DALLA RASSEGNA STAMPA DELLE OTTO IL DEPUTATO ROGER DE MENECH<\/strong><\/p>\n<audio class=\"wp-audio-shortcode\" id=\"audio-118426-3\" preload=\"none\" style=\"width: 100%;\" controls=\"controls\"><source type=\"audio\/mpeg\" src=\"https:\/\/www.radiopiu.net\/wordpress\/wp-content\/uploads\/2020\/02\/roger-3.mp3?_=3\" \/><a href=\"https:\/\/www.radiopiu.net\/wordpress\/wp-content\/uploads\/2020\/02\/roger-3.mp3\">https:\/\/www.radiopiu.net\/wordpress\/wp-content\/uploads\/2020\/02\/roger-3.mp3<\/a><\/audio>\n<p>&nbsp;<\/p>\n<p><strong><a class=\"dt-pswp-item\" href=\"https:\/\/www.radiopiu.net\/wordpress\/wp-content\/uploads\/2018\/08\/ULSS1-DOLOMITI.jpeg\" data-dt-img-description=\"\" data-large_image_width=\"1280\" data-large_image_height=\"768\"><img loading=\"lazy\" decoding=\"async\" class=\"size-medium wp-image-57211 alignleft\" src=\"https:\/\/www.radiopiu.net\/wordpress\/wp-content\/uploads\/2018\/08\/ULSS1-DOLOMITI-300x180.jpeg\" alt=\"\" width=\"300\" height=\"180\" srcset=\"https:\/\/www.radiopiu.net\/wordpress\/wp-content\/uploads\/2018\/08\/ULSS1-DOLOMITI-300x180.jpeg 300w, https:\/\/www.radiopiu.net\/wordpress\/wp-content\/uploads\/2018\/08\/ULSS1-DOLOMITI-768x461.jpeg 768w, https:\/\/www.radiopiu.net\/wordpress\/wp-content\/uploads\/2018\/08\/ULSS1-DOLOMITI-1024x614.jpeg 1024w, https:\/\/www.radiopiu.net\/wordpress\/wp-content\/uploads\/2018\/08\/ULSS1-DOLOMITI.jpeg 1280w\" sizes=\"auto, (max-width: 300px) 100vw, 300px\" \/><\/a>BELLUNO<\/strong> <em>\u00abSe la comunit\u00e0 si spoglia di proprie risorse per soccorrere la Regione sull\u2019edilizia sanitaria e sulle attrezzature mediche e ospedaliere in alcuni presidi, la giunta regionale deve investire in misura corrispondente negli ospedali e nei servizi sanitari non interessati dagli interventi finanziati da Comuni e privati\u00bb.<\/em> Il deputato bellunese <strong>Roger De Menech<\/strong>, sollecitato da cittadini, associazioni e rappresentanti del comparto sanitario della provincia di Belluno, ricorda quanto la sanit\u00e0 provinciale sia un servizio strategico per contrastare lo spopolamento e che molti investimenti degli ultimi anni siano riconducibili al Fondo Comuni Confinanti, all\u2019iniziativa delle Fondazioni e persino a privati cittadini. <em>\u00abIn questo modo la Regione si libera di risorse che deve utilizzare per rafforzare la sanit\u00e0 pubblica, in particolare per incentivare i medici a lavorare in montagna\u00bb. <\/em>La carenza di personale \u00e8 sempre pi\u00f9 drammatica. Alcuni reparti sono ormai aperti solo formalmente, mentre altri, anche negli ospedali di Feltre e Belluno, risultano talmente sotto organico da metterne a rischio la sopravvivenza gi\u00e0 a partire dal 2020. In queste condizioni, il lavoro del personale sanitario \u00e8 fortemente sotto pressione e il ricorso degli utenti ad altre strutture o al privato diventa l\u2019unica alternativa. <em>\u00c8 palese che se queste tendenze si consolidano ci sar\u00e0 un indebolimento complessivo della sanit\u00e0 bellunese e, possibilmente, ancora minori investimenti pubblici. \u00c8 una spirale pericolosa e, una volta avviata, difficile da fermare\u00bb.<\/em><\/p>\n<p><strong>GLI INVESTIMENTI CON I SOLDI DEI FONDI DI CONFINE<\/strong><\/p>\n<p><a class=\"dt-pswp-item\" href=\"https:\/\/www.radiopiu.net\/wordpress\/wp-content\/uploads\/2018\/05\/Roger_De_Menech_daticamera.jpg\" data-dt-img-description=\"\" data-large_image_width=\"165\" data-large_image_height=\"228\"><img loading=\"lazy\" decoding=\"async\" class=\"size-full wp-image-49599 alignleft\" src=\"https:\/\/www.radiopiu.net\/wordpress\/wp-content\/uploads\/2018\/05\/Roger_De_Menech_daticamera.jpg\" alt=\"\" width=\"165\" height=\"228\" \/><\/a>Il Fondo comuni confinanti ha investito risorse ingenti sugli ospedali di Agordo, Feltre e Lamon. I sindaci hanno scelto di utilizzare risorse che potevano indirizzare in altri settori, al di fuori delle proprie competenze specifiche, <em>&#8220;dimostrando un grande senso di responsabilit\u00e0&#8221; <\/em>aggiunge il deputato Roger De Menech. A questi si sono aggiunte le risorse messe a disposizione dalla Fondazione Cariverona e le ingenti donazioni di alcuni privati per il rinnovo di macchinari sofisticati dell\u2019ospedale di Belluno.<\/p>\n<p><strong>\u201cLavori di ristrutturazione e ampliamento del Pronto Soccorso dell\u2019Ospedale di Agordo\u201d<\/strong> &#8211; convenzione sottoscritta il 28\/06\/2019 &#8211; costo complessivo\u00a0 3 milioni di euro, 500 mila euro dalla Regione.<\/p>\n<p>&#8220;<strong>Sanit\u00e0 del feltrino&#8221;:<\/strong> costo complessivo del progetto 12 milioni e mezzo di euro, 6 milioni dai fondi dei comuni di confine, gli altri 6 dal fondo sanitario\u00a0 della Regione e dalla Ulss1.\u00a0 Perl&#8217;acquisto apparecchiature, arredi e strumentazione da destinare al reparto radiologia della nuova piastra servizi dell&#8217;ospedale di Feltre (2 milioni FCC), potenziamento e adeguamento della struttura dell&#8217;ospedale di Lamon (4 milioni FCC)<\/p>\n<p>&nbsp;<\/p>\n<p>&nbsp;<\/p>\n<hr \/>\n<p>&nbsp;<\/p>\n<p>&nbsp;<\/p>\n<blockquote>\n<h3>NASCE L&#8217;INIZIATIVA \u201cAMICI DELL&#8217;EUSALP\u201d<\/h3>\n<\/blockquote>\n<p><strong>DALLA RASSEGNA STAMPA DELLE OTTO HERBERT DORFMANN<\/strong><\/p>\n<audio class=\"wp-audio-shortcode\" id=\"audio-118426-4\" preload=\"none\" style=\"width: 100%;\" controls=\"controls\"><source type=\"audio\/mpeg\" src=\"https:\/\/www.radiopiu.net\/wordpress\/wp-content\/uploads\/2020\/02\/dorfi.mp3?_=4\" \/><a href=\"https:\/\/www.radiopiu.net\/wordpress\/wp-content\/uploads\/2020\/02\/dorfi.mp3\">https:\/\/www.radiopiu.net\/wordpress\/wp-content\/uploads\/2020\/02\/dorfi.mp3<\/a><\/audio>\n<p>&nbsp;<\/p>\n<p><strong><a class=\"dt-pswp-item\" href=\"https:\/\/www.radiopiu.net\/wordpress\/wp-content\/uploads\/2020\/02\/Herbert-Dorfmann-2-1.jpg\" data-dt-img-description=\"\" data-large_image_width=\"2000\" data-large_image_height=\"1333\"><img loading=\"lazy\" decoding=\"async\" class=\" wp-image-118435 alignleft\" src=\"https:\/\/www.radiopiu.net\/wordpress\/wp-content\/uploads\/2020\/02\/Herbert-Dorfmann-2-1-300x200.jpg\" alt=\"\" width=\"213\" height=\"142\" srcset=\"https:\/\/www.radiopiu.net\/wordpress\/wp-content\/uploads\/2020\/02\/Herbert-Dorfmann-2-1-300x200.jpg 300w, https:\/\/www.radiopiu.net\/wordpress\/wp-content\/uploads\/2020\/02\/Herbert-Dorfmann-2-1-1024x682.jpg 1024w, https:\/\/www.radiopiu.net\/wordpress\/wp-content\/uploads\/2020\/02\/Herbert-Dorfmann-2-1-768x512.jpg 768w, https:\/\/www.radiopiu.net\/wordpress\/wp-content\/uploads\/2020\/02\/Herbert-Dorfmann-2-1-1536x1024.jpg 1536w, https:\/\/www.radiopiu.net\/wordpress\/wp-content\/uploads\/2020\/02\/Herbert-Dorfmann-2-1.jpg 2000w\" sizes=\"auto, (max-width: 213px) 100vw, 213px\" \/><\/a>BRUXELLES<\/strong> Dare alla regione alpina e alle sue particolari condizioni geografiche la giusta considerazione nel processo legislativo europeo: questo l&#8217;obbiettivo dell\u2019iniziativa \u201cFriends of EUSALP\u201d, \u201cAmici della strategia europea per lo spazio alpino\u201d, lanciata gioved\u00ec a Bruxelles dall\u2019europarlamentare Herbert Dorfmann con altri dieci eurodeputati. Tra i temi che vengono discussi in questo periodo all\u2019interno della cornice di EUSALP figurano problematiche molto sentite anche nel territorio bellunese come le misure contro lo spopolamento delle zone montane, la protezione della biodiversit\u00e0, la mobilit\u00e0 sostenibile, lo sviluppo di innovazione ed energie rinnovabili e l\u2019armonizzazione delle opportunit\u00e0 di formazione. Quest\u2019anno la presidenza di EUSALP passa dall\u2019Italia alla Francia, che ha posto l\u2019accento sul cambiamento climatico e la conversione ecologica.<\/p>\n<p>&nbsp;<\/p>\n<p>&nbsp;<\/p>\n<hr \/>\n<p>&nbsp;<\/p>\n<blockquote>\n<h3>IL NUOVO PROGETTO DI DOLOMITICERT PER LA TUTELA DEI SOCCORRITORI<\/h3>\n<\/blockquote>\n<p><strong><a class=\"dt-pswp-item\" href=\"https:\/\/www.radiopiu.net\/wordpress\/wp-content\/uploads\/2020\/02\/RESYST-Kick-Off-Meeting-Micado-20-scaled.jpg\" data-dt-img-description=\"\" data-large_image_width=\"2560\" data-large_image_height=\"1707\"><img loading=\"lazy\" decoding=\"async\" class=\"size-medium wp-image-118428 alignleft\" src=\"https:\/\/www.radiopiu.net\/wordpress\/wp-content\/uploads\/2020\/02\/RESYST-Kick-Off-Meeting-Micado-20-300x200.jpg\" alt=\"\" width=\"300\" height=\"200\" srcset=\"https:\/\/www.radiopiu.net\/wordpress\/wp-content\/uploads\/2020\/02\/RESYST-Kick-Off-Meeting-Micado-20-300x200.jpg 300w, https:\/\/www.radiopiu.net\/wordpress\/wp-content\/uploads\/2020\/02\/RESYST-Kick-Off-Meeting-Micado-20-1024x683.jpg 1024w, https:\/\/www.radiopiu.net\/wordpress\/wp-content\/uploads\/2020\/02\/RESYST-Kick-Off-Meeting-Micado-20-768x512.jpg 768w, https:\/\/www.radiopiu.net\/wordpress\/wp-content\/uploads\/2020\/02\/RESYST-Kick-Off-Meeting-Micado-20-1536x1024.jpg 1536w, https:\/\/www.radiopiu.net\/wordpress\/wp-content\/uploads\/2020\/02\/RESYST-Kick-Off-Meeting-Micado-20-2048x1365.jpg 2048w\" sizes=\"auto, (max-width: 300px) 100vw, 300px\" \/><\/a>LONGARONE<\/strong> I cambiamenti climatici mettono a repentaglio anche la sicurezza di chi frequenta l\u2019alta montagna: per fornire un sostegno concreto ai soccorritori Dolomiticert \u00e8 capofila del progetto \u201cRESYST \u2013 Dispositivi di soccorso per le attivit\u00e0 invernali\u201d. Aggiudicandosi il co-finanziamento del Programma, l\u2019Istituto di Longarone consolida cos\u00ec la sinergia con i partner del Soccorso Alpino dell&#8217;Alpenverein S\u00fcdtirol e della MICADO di Oberlienz, RESYST \u2013 il cui nome \u00e8 un richiamo a REscue SYSTem, \u201csistema di salvataggio\u201d &#8211; si pone due obiettivi a sostegno dei soccorritori: ideare una sonda per effettuare velocemente un foro in caso di valanga e collaudare un sistema di ancoraggio pi\u00f9 sicuro per il recupero nei crepacci. Il team ha gi\u00e0 stabilito i prossimi incontri per uno scambio di aggiornamenti sugli step di avanzamento dello studio: per ulteriori informazioni, non esitate a contattare l\u2019Area Europrogettazione di Dolomiticert.<\/p>\n<p>&nbsp;<\/p>\n<p>&nbsp;<\/p>\n<hr \/>\n<h3><\/h3>\n<p>&nbsp;<\/p>\n<blockquote>\n<h3>LA LAVAGNA INTERATTIVA DONATA ALLA PRIMARIA VITTORINO<\/h3>\n<\/blockquote>\n<p><strong>FELTRE<\/strong> Una\u00a0 lavagna interattiva multimediale di ultima generazione, \u00e8 arrivata alla scuola primaria \u201cVittorino\u201d del comprensivo di Feltre, grazie alla generosit\u00e0 dei genitori. A donare lo strumento didattico alla classe seconda A \u00e8 stato Andrea Bortoluzzi. La lavagna \u00e8 stata gi\u00e0 installata e messa in funzione. <em>\u201cOggi risulta pi\u00f9 che mai naturale, per grandi e piccoli, l\u2019uso dello smartphone, del computer portatile, del tablet \u2013 hanno detto le maestre Tellardo e Ramon facendosi portavoce dei bambini e dei genitori \u2013 Il lavoro ci impone una certa dimestichezza con strumenti divenuti indispensabili per la documentazione dei dati, nonch\u00e9 per la trasmissione degli stessi, soprattutto se vogliamo ampliare le conoscenze tramite ricerche via web.<\/em>\u00a0 La scuola, al passo con i tempi, non esclude le forme specifiche di apprendimento del bambino, studiate nel corso degli anni e da esperti nel campo; mira a sviluppare le potenzialit\u00e0 dei singoli, usando mezzi e strumenti differenti per ottenere il raggiungimento di obiettivi uguali per il maggior numero di alunni.<\/p>\n<p>&nbsp;<\/p>\n<p>&nbsp;<\/p>\n<hr \/>\n<h3><\/h3>\n<p>&nbsp;<\/p>\n<blockquote>\n<h3>CONVEGNO NEL RICORDO DEL DOTTOR MICHELE DE BONI<\/h3>\n<\/blockquote>\n<p><a class=\"dt-pswp-item\" href=\"https:\/\/www.radiopiu.net\/wordpress\/wp-content\/uploads\/2020\/02\/evoluzione-in-endoscopia_28-febbraio-2020-feltre.jpg\" data-dt-img-description=\"\" data-large_image_width=\"1587\" data-large_image_height=\"2245\"><img loading=\"lazy\" decoding=\"async\" class=\" wp-image-118422 alignleft\" src=\"https:\/\/www.radiopiu.net\/wordpress\/wp-content\/uploads\/2020\/02\/evoluzione-in-endoscopia_28-febbraio-2020-feltre-212x300.jpg\" alt=\"\" width=\"141\" height=\"200\" srcset=\"https:\/\/www.radiopiu.net\/wordpress\/wp-content\/uploads\/2020\/02\/evoluzione-in-endoscopia_28-febbraio-2020-feltre-212x300.jpg 212w, https:\/\/www.radiopiu.net\/wordpress\/wp-content\/uploads\/2020\/02\/evoluzione-in-endoscopia_28-febbraio-2020-feltre-724x1024.jpg 724w, https:\/\/www.radiopiu.net\/wordpress\/wp-content\/uploads\/2020\/02\/evoluzione-in-endoscopia_28-febbraio-2020-feltre-768x1086.jpg 768w, https:\/\/www.radiopiu.net\/wordpress\/wp-content\/uploads\/2020\/02\/evoluzione-in-endoscopia_28-febbraio-2020-feltre-1086x1536.jpg 1086w, https:\/\/www.radiopiu.net\/wordpress\/wp-content\/uploads\/2020\/02\/evoluzione-in-endoscopia_28-febbraio-2020-feltre-1448x2048.jpg 1448w, https:\/\/www.radiopiu.net\/wordpress\/wp-content\/uploads\/2020\/02\/evoluzione-in-endoscopia_28-febbraio-2020-feltre.jpg 1587w\" sizes=\"auto, (max-width: 141px) 100vw, 141px\" \/><\/a><strong>FELTRE<\/strong> <span style=\"font-family: Calibri, serif;\"><span lang=\"it-IT\">L\u2019Ulss Dolomiti ha organizzato per <\/span><\/span><span style=\"font-family: Calibri, serif;\"><span lang=\"it-IT\">venerd\u00ec 28 febbraio alle 14<\/span><\/span><span style=\"font-family: Calibri, serif;\"><span lang=\"it-IT\"> un convegno in ricordo del dottor <\/span><\/span><span style=\"font-family: Calibri, serif;\"><span lang=\"it-IT\">Michele De Boni<\/span><\/span><span style=\"font-family: Calibri, serif;\"><span lang=\"it-IT\"> aperto sia a figure sanitarie, che alla cittadinanza. E\u2019 forte, infatti, tra i colleghi e i collaboratori, la determinazione a portare avanti i suoi principi tra cui quello che <\/span><\/span><span style=\"font-family: Calibri, serif;\"><span lang=\"it-IT\">\u201c<\/span><\/span><span style=\"font-family: Calibri, serif;\"><span lang=\"it-IT\">non c\u2019\u00e8 buona assistenza se non si fa buona ricerca<\/span><\/span><span style=\"font-family: Calibri, serif;\"><span lang=\"it-IT\">\u201d. <\/span><\/span><span style=\"font-family: Calibri, serif;\"><span lang=\"it-IT\">Il tema trattato sar\u00e0 \u201cL\u2019evoluzione della endoscopia digestiva in oncologia\u201d. L\u2019incontro sar\u00e0 nella sala convegni del Santa Maria del Prato. <\/span><\/span><span style=\"font-family: Calibri, serif;\"><span lang=\"it-IT\">Il programma prevede, dopo l\u2019introduzione del direttore della oncologia di Feltre Davide Pastorelli, un ricordo del dottor De Boni da parte del Direttore Generale Adriano Rasi Caldogno, del sindaco di feltre Paolo Perenzin, del direttore sanitario Giovanni Maria Pittoni , del direttore medico Marianna Lorenzoni. Inoltre, poter\u00e0 il suo ricordo a nome dalla Gastroenterologia di Feltre Angelo Bellumat e a nome del volontario Angelo Pasquale Pioggia Todoerto, presidente dell\u2019Associazione il Filo di Arianna.<\/span><\/span><\/p>\n<p>&nbsp;<\/p>\n<p>&nbsp;<\/p>\n<hr \/>\n<p>&nbsp;<\/p>\n<p>&nbsp;<\/p>\n<blockquote>\n<h3>COMUNITA&#8217; EDUCANTE, DISAGI DSA E BES NELL&#8217;ETA&#8217; EVOLUTIVA<\/h3>\n<\/blockquote>\n<p><strong> <a class=\"dt-pswp-item\" href=\"https:\/\/www.radiopiu.net\/wordpress\/wp-content\/uploads\/2020\/02\/b7d97093-6c78-482e-ba7a-c55d01292625.jpg\" data-dt-img-description=\"\" data-large_image_width=\"1600\" data-large_image_height=\"1200\"><img loading=\"lazy\" decoding=\"async\" class=\"alignnone size-medium wp-image-118474\" src=\"https:\/\/www.radiopiu.net\/wordpress\/wp-content\/uploads\/2020\/02\/b7d97093-6c78-482e-ba7a-c55d01292625-300x225.jpg\" alt=\"\" width=\"300\" height=\"225\" srcset=\"https:\/\/www.radiopiu.net\/wordpress\/wp-content\/uploads\/2020\/02\/b7d97093-6c78-482e-ba7a-c55d01292625-300x225.jpg 300w, https:\/\/www.radiopiu.net\/wordpress\/wp-content\/uploads\/2020\/02\/b7d97093-6c78-482e-ba7a-c55d01292625-1024x768.jpg 1024w, https:\/\/www.radiopiu.net\/wordpress\/wp-content\/uploads\/2020\/02\/b7d97093-6c78-482e-ba7a-c55d01292625-768x576.jpg 768w, https:\/\/www.radiopiu.net\/wordpress\/wp-content\/uploads\/2020\/02\/b7d97093-6c78-482e-ba7a-c55d01292625-1536x1152.jpg 1536w, https:\/\/www.radiopiu.net\/wordpress\/wp-content\/uploads\/2020\/02\/b7d97093-6c78-482e-ba7a-c55d01292625.jpg 1600w\" sizes=\"auto, (max-width: 300px) 100vw, 300px\" \/><\/a><a class=\"dt-pswp-item\" href=\"https:\/\/www.radiopiu.net\/wordpress\/wp-content\/uploads\/2020\/02\/1d7d4122-0d01-41f7-a7ad-ba8fd5007419.jpg\" data-dt-img-description=\"\" data-large_image_width=\"1600\" data-large_image_height=\"1200\"><img loading=\"lazy\" decoding=\"async\" class=\"alignnone size-medium wp-image-118475\" src=\"https:\/\/www.radiopiu.net\/wordpress\/wp-content\/uploads\/2020\/02\/1d7d4122-0d01-41f7-a7ad-ba8fd5007419-300x225.jpg\" alt=\"\" width=\"300\" height=\"225\" srcset=\"https:\/\/www.radiopiu.net\/wordpress\/wp-content\/uploads\/2020\/02\/1d7d4122-0d01-41f7-a7ad-ba8fd5007419-300x225.jpg 300w, https:\/\/www.radiopiu.net\/wordpress\/wp-content\/uploads\/2020\/02\/1d7d4122-0d01-41f7-a7ad-ba8fd5007419-1024x768.jpg 1024w, https:\/\/www.radiopiu.net\/wordpress\/wp-content\/uploads\/2020\/02\/1d7d4122-0d01-41f7-a7ad-ba8fd5007419-768x576.jpg 768w, https:\/\/www.radiopiu.net\/wordpress\/wp-content\/uploads\/2020\/02\/1d7d4122-0d01-41f7-a7ad-ba8fd5007419-1536x1152.jpg 1536w, https:\/\/www.radiopiu.net\/wordpress\/wp-content\/uploads\/2020\/02\/1d7d4122-0d01-41f7-a7ad-ba8fd5007419.jpg 1600w\" sizes=\"auto, (max-width: 300px) 100vw, 300px\" \/><\/a><\/strong><\/p>\n<p><strong>FELTRE<\/strong>\u00a0 Il feltrino si unisce per sostenere i bambini e ragazzi con disagi DSA e BES. E&#8217; il messaggio lanciato questa mattina dai Comune di Feltre, Arsie&#8217;, Cesiomaggiore, Fonzaso, Lamon, Pedavena, Santa Giustina, Unione Comuni Setteville, Comune di Borgo Valbelluna: un progetto in tre anni patrocinato dall\u2019 Ulss 1 Dolomiti e sostenuto da Fondazione Cariverona, che partir\u00e0 con due corsi di formazione tenuti da Uberto Zuccardi Merli di Gianburrasca Onlus: il primo rivolto a medici e insegnanti (27-28 marzo, corso ECM patrocinato da Universit\u00e0 degli Studi di Padova) e il secondo a genitori e adulti di riferimento (allenatori sportivi, formatori, educatori, catechisti, \u2026) (8-9 maggio). E con il prossimo anno scolastico al via anche i doposcuola specializzati per i ragazzi con disturbi DSA (Disturbi Specifici nell\u2019Apprendimento) e BES (Bisogni Educativi Speciali). I ragazzi coinvolti in dei veri e propri progetti personalizzati saranno circa 150. Il target coinvolto nel progetto riguarder\u00e0, in questa fase, gli studenti delle scuole medie di I grado. Gli ultimi dati disponibili parlano di un\u2019incidenza dei disturbi di DSA nell\u2019area del Feltrino maggiore della media nazionale ( 4,69 contro 3,20%) ; una problematica ancora da conoscere a fondo che richiede un impegno coordinato di famiglie, enti pubblici e soggetti educatori.<\/p>\n<p><strong>ANNA VIVIANI RESPONSABILE UFFICIO CULTURA COMUNE DI FELTRE<\/strong><\/p>\n<audio class=\"wp-audio-shortcode\" id=\"audio-118426-5\" preload=\"none\" style=\"width: 100%;\" controls=\"controls\"><source type=\"audio\/mpeg\" src=\"https:\/\/www.radiopiu.net\/wordpress\/wp-content\/uploads\/2020\/02\/Int-Anna-Viviani-su-Feltrino-Comunit\u00e0-Educante.mp3?_=5\" \/><a href=\"https:\/\/www.radiopiu.net\/wordpress\/wp-content\/uploads\/2020\/02\/Int-Anna-Viviani-su-Feltrino-Comunit\u00e0-Educante.mp3\">https:\/\/www.radiopiu.net\/wordpress\/wp-content\/uploads\/2020\/02\/Int-Anna-Viviani-su-Feltrino-Comunit\u00e0-Educante.mp3<\/a><\/audio>\n<p><strong>L&#8217;ASSESSORE GIORGIA LI CASTRI<\/strong><\/p>\n<audio class=\"wp-audio-shortcode\" id=\"audio-118426-6\" preload=\"none\" style=\"width: 100%;\" controls=\"controls\"><source type=\"audio\/mpeg\" src=\"https:\/\/www.radiopiu.net\/wordpress\/wp-content\/uploads\/2020\/02\/LI-CASTRI.mp3?_=6\" \/><a href=\"https:\/\/www.radiopiu.net\/wordpress\/wp-content\/uploads\/2020\/02\/LI-CASTRI.mp3\">https:\/\/www.radiopiu.net\/wordpress\/wp-content\/uploads\/2020\/02\/LI-CASTRI.mp3<\/a><\/audio>\n<p>&nbsp;<\/p>\n<p>&nbsp;<\/p>\n<hr \/>\n<p>&nbsp;<\/p>\n<p>&nbsp;<\/p>\n<blockquote>\n<h2>DOMANI AD ALLEGHE L&#8217;ASSEMBLEA DEI DONATORI DI SANGUE<\/h2>\n<\/blockquote>\n<p><a class=\"dt-pswp-item\" href=\"https:\/\/www.radiopiu.net\/wordpress\/wp-content\/uploads\/2020\/02\/IMG-20190303-WA0005.jpg\" data-dt-img-description=\"\" data-large_image_width=\"1024\" data-large_image_height=\"768\"><img loading=\"lazy\" decoding=\"async\" class=\"wp-image-118548 alignleft\" src=\"https:\/\/www.radiopiu.net\/wordpress\/wp-content\/uploads\/2020\/02\/IMG-20190303-WA0005-300x225.jpg\" alt=\"\" width=\"215\" height=\"161\" srcset=\"https:\/\/www.radiopiu.net\/wordpress\/wp-content\/uploads\/2020\/02\/IMG-20190303-WA0005-300x225.jpg 300w, https:\/\/www.radiopiu.net\/wordpress\/wp-content\/uploads\/2020\/02\/IMG-20190303-WA0005-768x576.jpg 768w, https:\/\/www.radiopiu.net\/wordpress\/wp-content\/uploads\/2020\/02\/IMG-20190303-WA0005.jpg 1024w\" sizes=\"auto, (max-width: 215px) 100vw, 215px\" \/><\/a><strong>ALLEGHE<\/strong> Domani si terr\u00e0 alle\u00a0 18 presso la Sede degli Alpini in localit\u00e0 Masar\u00e8 di Alleghe l\u2019annuale assemblea della Sezione A.B.V.S. di Alleghe: anche quest\u2019anno, in sostituzione del consueto pranzo sociale della Sezione sar\u00e0 organizata una cena\u00a0 ad aprile (anticipata dalla Santa Messa in suffragio dei donatori scomparsi) per dare la possibilit\u00e0 anche ai donatori impegnati durante la stagione invernale di potervi partecipare. Il Consiglio Direttivo si augura che i donatori della Sezione vogliano presenziare numerosi sia all\u2019Assemblea, dove saranno dibattuti i temi legati agli aspetti organizzativi, sia alla cena durante la quale saranno consegnate le benemerenze maturate nel corso dello scorso anno: 4 medaglie di bronzo (15 donazioni), 3 medaglie d\u2019argento (25 donazioni), 1 medaglia d\u2019oro (50 donazioni), 1 distintivo d\u2019oro (75 donazioni) ai donatori che ne hanno diritto per aver raggiunto traguardi significativi nella vita della Sezione.<\/p>\n<p>&nbsp;<\/p>\n<h2>LA RELAZIONE del Segretario Paolo Bellenzier<\/h2>\n<p align=\"JUSTIFY\"><span style=\"font-size: large;\"><span style=\"font-size: medium;\">Nel 2019 abbiamo pressoch\u00e9 mantenuto i dati dell\u2019anno precedente, dove contiamo 81 donatori attivi suddivisi in 49 uomini e 32 donne. Le donazioni totali sono 107 e 4 sospensioni temporanee. Il dato importante \u00e8 l\u2019arrivo di 6 nuovi donatori, provenienti sempre dal nostro comune e dalle zone limitrofe. A loro va un ringraziamento caloroso perch\u00e9 sono sintomo di rinnovamento e danno valore a uno dei modi pi\u00f9 semplici ed efficaci, il passa parola all\u2019interno delle famiglie, tra le amicizie e anche al lavoro. <\/span><\/span><span style=\"font-size: large;\"><span style=\"font-size: medium;\">Ricordiamo a loro, anzi a tutti, il metodo di prenotazione e chiamata. Per consentire una gestione accurata e funzionale, il CRAT di Belluno richiede di far prenotare ad ogni donatore la sede e l\u2019orario in cui recarsi per il salasso: questo metodo, adottato ormai da alcuni anni, \u00e8 risultato efficace. La Segreteria Provinciale pu\u00f2, in base alle necessit\u00e0 dettate dal centro trasfusionale, chiamare i donatori al recapito fornito in sede di registrazione. Potr\u00e0 comunque ogni donatore richiedere la prenotazione sia telefonando al 0437 27700, oppure tramite l\u2019applicazione AVISNET installabile sugli smartphone Android e Mac. Questa applicazione \u00e8 utile anche per avere a disposizione i propri dati nonch\u00e9 lo storico delle proprie donazioni. Siamo sempre a disposizione per informazioni relative a questo ultimo metodo di prenotazione. <\/span><\/span><span style=\"font-size: large;\"><span style=\"font-size: medium;\">Ricordo che, dopo l\u2019avvenuta conferma di prenotazione da parte della Segreteria Provinciale, sar\u00e0 necessario recarsi al centro di raccolta muniti di documento di identit\u00e0, tessera sanitaria e libretto delle donazioni. <\/span><\/span><span style=\"font-size: large;\"><span style=\"font-size: medium;\">Parlando ora della vita associativa vi porto a conoscenza che quest\u2019anno la nostra Sezione \u00e8 stata scelta per il programma annuale di finanziamento organizzato dalle scuole locali. Abbiamo raccontato al docente organizzatore la storia della nostra Sezione, presente nel territorio dal 1954. <\/span><\/span><span style=\"font-size: large;\"><span style=\"font-size: medium;\">Restando nell\u2019ambito scolastico, dopo colloquio col Preside del plesso scolastico, abbiamo concordato di organizzare una giornata informativa in primavera: lo stesso propone di estendere l\u2019evento anche alle scuole secondarie di primo grado oltre che alle primarie. <\/span><\/span><span style=\"font-size: large;\"><span style=\"font-size: medium;\">L\u2019appuntamento informativo legato alla manifestazione delle barche illuminate non ha avuto buon esito, non avendolo potuto portare a termine per problemi di salute: auspico di riuscire ad organizzare al meglio in occasione della prossima manifestazione estiva. <\/span><\/span><span style=\"font-size: large;\"><span style=\"font-size: medium;\">Come l\u2019anno scorso proporremo la cena della nostra Sezione nel periodo primaverile per consentire a pi\u00f9 donatori di parteciparvi, condividendo una serata in allegria con la possibilit\u00e0 di creare dibattiti relativi alla vita associativa e festeggiare assieme i donatori che hanno raggiunto i loro traguardi.<\/span><\/span><\/p>\n<hr \/>\n<p>&nbsp;<\/p>\n<p>&nbsp;<\/p>\n<blockquote>\n<h3>\u201cBonus Beb\u00e8\u201d: consegnati contributi ed attestati per il 2019. Dal 2016 stanziati a favore delle famiglie dei nuovi nati in comune di Alpago oltre 100 mila euro.<\/h3>\n<p><a class=\"dt-pswp-item\" href=\"https:\/\/www.radiopiu.net\/wordpress\/wp-content\/uploads\/2020\/02\/432a2ecf-a724-4e4b-88f4-388eaac2ecf0.jpg\" data-dt-img-description=\"\" data-large_image_width=\"1580\" data-large_image_height=\"622\"><img loading=\"lazy\" decoding=\"async\" class=\"alignnone wp-image-118509 size-full\" src=\"https:\/\/www.radiopiu.net\/wordpress\/wp-content\/uploads\/2020\/02\/432a2ecf-a724-4e4b-88f4-388eaac2ecf0.jpg\" alt=\"\" width=\"1580\" height=\"622\" srcset=\"https:\/\/www.radiopiu.net\/wordpress\/wp-content\/uploads\/2020\/02\/432a2ecf-a724-4e4b-88f4-388eaac2ecf0.jpg 1580w, https:\/\/www.radiopiu.net\/wordpress\/wp-content\/uploads\/2020\/02\/432a2ecf-a724-4e4b-88f4-388eaac2ecf0-300x118.jpg 300w, https:\/\/www.radiopiu.net\/wordpress\/wp-content\/uploads\/2020\/02\/432a2ecf-a724-4e4b-88f4-388eaac2ecf0-1024x403.jpg 1024w, https:\/\/www.radiopiu.net\/wordpress\/wp-content\/uploads\/2020\/02\/432a2ecf-a724-4e4b-88f4-388eaac2ecf0-768x302.jpg 768w, https:\/\/www.radiopiu.net\/wordpress\/wp-content\/uploads\/2020\/02\/432a2ecf-a724-4e4b-88f4-388eaac2ecf0-1536x605.jpg 1536w\" sizes=\"auto, (max-width: 1580px) 100vw, 1580px\" \/><\/a><\/p><\/blockquote>\n<p><strong>ALPAGO<\/strong> Si \u00e8 tenuta nei giorni scorsi presso la sala \u201cPlacido Fabris\u201d, a Pieve, la cerimonia di consegna degli attestati \u201cbonus beb\u00e8\u201d ai nati in comune di Alpago nel corso 2019. I nuclei familiari beneficiari del contributo durante l\u2019anno appena terminato sono stati complessivamente 30; ben 20 di questi &#8211; neonato con mamma e pap\u00e0 &#8211; si sono presentati anche all\u2019appuntamento di sabato scorso in sala Fabris. Per il Comune di Alpago sono intervenuti il sindaco, l\u2019assessore alle Politiche Sociali Luigina Guolla e altri amministratori. Il \u201cbonus beb\u00e8\u201d, vale la pena ricordare, consiste in un buono-farmacia del valore di 200 euro (da destinare alle prime necessit\u00e0 del neonato), che viene consegnato al momento della registrazione del beb\u00e8 all\u2019ufficio anagrafe; altri 400 euro vengono invece bonificati sul conto corrente dei genitori.<\/p>\n<p>&nbsp;<\/p>\n<p>&nbsp;<\/p>\n<hr \/>\n<p>&nbsp;<\/p>\n<p>&nbsp;<\/p>\n<h3>LA PROLOCO DI CANALE D\u2019AGORDO GUARDA ALL\u2019ESTATE, IN CALENDARIO UN CONCERTO PER LA RINASCITA DELLA VALLE DI GARES.<\/h3>\n<p><strong><a class=\"dt-pswp-item\" href=\"https:\/\/www.radiopiu.net\/wordpress\/wp-content\/uploads\/2020\/02\/Zinghenesta-2017-sfilata-lungo-vie-di-Canale-dAgordo.jpg\" data-dt-img-description=\"\" data-large_image_width=\"1500\" data-large_image_height=\"1000\"><img loading=\"lazy\" decoding=\"async\" class=\" wp-image-118162 alignleft\" src=\"https:\/\/www.radiopiu.net\/wordpress\/wp-content\/uploads\/2020\/02\/Zinghenesta-2017-sfilata-lungo-vie-di-Canale-dAgordo-300x200.jpg\" alt=\"\" width=\"227\" height=\"151\" srcset=\"https:\/\/www.radiopiu.net\/wordpress\/wp-content\/uploads\/2020\/02\/Zinghenesta-2017-sfilata-lungo-vie-di-Canale-dAgordo-300x200.jpg 300w, https:\/\/www.radiopiu.net\/wordpress\/wp-content\/uploads\/2020\/02\/Zinghenesta-2017-sfilata-lungo-vie-di-Canale-dAgordo-1024x683.jpg 1024w, https:\/\/www.radiopiu.net\/wordpress\/wp-content\/uploads\/2020\/02\/Zinghenesta-2017-sfilata-lungo-vie-di-Canale-dAgordo-768x512.jpg 768w, https:\/\/www.radiopiu.net\/wordpress\/wp-content\/uploads\/2020\/02\/Zinghenesta-2017-sfilata-lungo-vie-di-Canale-dAgordo.jpg 1500w\" sizes=\"auto, (max-width: 227px) 100vw, 227px\" \/><\/a>CANALE D&#8217;AGORDO\u00a0<\/strong> L&#8217;Associazione Pro Loco di Canale d&#8217;Agordo pensa agli eventi per la bella stagione. Accanto ai consueti mercatini, saranno riproposti anche i balli popolari in piazza,\u00a0 serate cultuali con ospiti di rilievo come l\u2019autore Andrea Vitali, eventi letterari promossi dalle biblioteche della valle. Appuntamenti importanti anche\u00a0 con la Fondazione Papa Luciani, i concerti della rassegna Musica in Agordino e \u201cle Muse e le Dolomiti\u201d, nonch\u00e9 le iniziative a scopo benefico, come la tradizionale Lucciolata. Immancabile la festa del cacciatore, \u00a0la Sagra patronale di San Giovanni e el \u201cD\u00ec del trator\u201d.\u00a0 La grande novit\u00e0 di quest&#8217;anno sar\u00e0 il 1\u00b0 concerto all&#8217;aperto in Valle di Gares, ad agosto con una tribute band veneta.\u00a0 La Valle di Gares, pesantemente colpita dalla tempesta Vaia nel 2018, ha bisogno di rinascere. Da qui l&#8217;idea di inserire la manifestazione in un contesto che unisce musica, natura e persone. <em>\u201cCi stiamo gi\u00e0 muovendo per cercare sponsor e sostenitori &#8211; assicura il presidente della Proloco Vigilio Costa &#8211; l&#8217;interesse \u00e8 molto <a class=\"dt-pswp-item\" href=\"https:\/\/www.radiopiu.net\/wordpress\/wp-content\/uploads\/2019\/10\/73241576_545107892945573_623789900335939584_n.jpg\" data-dt-img-description=\"\" data-large_image_width=\"960\" data-large_image_height=\"931\"><img loading=\"lazy\" decoding=\"async\" class=\" wp-image-104316 alignright\" src=\"https:\/\/www.radiopiu.net\/wordpress\/wp-content\/uploads\/2019\/10\/73241576_545107892945573_623789900335939584_n-300x291.jpg\" alt=\"\" width=\"199\" height=\"193\" srcset=\"https:\/\/www.radiopiu.net\/wordpress\/wp-content\/uploads\/2019\/10\/73241576_545107892945573_623789900335939584_n-300x291.jpg 300w, https:\/\/www.radiopiu.net\/wordpress\/wp-content\/uploads\/2019\/10\/73241576_545107892945573_623789900335939584_n-768x745.jpg 768w, https:\/\/www.radiopiu.net\/wordpress\/wp-content\/uploads\/2019\/10\/73241576_545107892945573_623789900335939584_n.jpg 960w\" sizes=\"auto, (max-width: 199px) 100vw, 199px\" \/><\/a>Canale d&#8217;Agordo per rendere omaggio a questo palcoscenico <\/em><em>naturale, di recente\u00a0 scelto da diverse persone come \u201cLuogo del cuore\u201d <\/em><em>attraverso il censimento del Fondo Ambiente Italiano&#8221;.\u00a0 <\/em>I membri del Consiglio Direttivo, e non solo, continuano ad avanzare idee e spunti, come l&#8217;intenzione di promuovere un Simposio di maschere lignee con Tita Bressan ed il Consorzio dei Mascherai Alpini, giornate a tema sui giochi di un tempo e mostre. <em>\u201cAbbiamo la grande fortuna di avere un bellissimo centro, sale espositive ampie e <\/em><em>facilmente accessibili, borghi caratteristici, vie e monumenti del centro storico da <\/em><em>valorizzare (basti pensare a via Tancon e alla storica Casa delle Regole del 1640<\/em><em>\u201d<\/em> ricorda il presidente Costa. A breve sar\u00e0 preparato il calendario degli eventi. Domenica intanto \u00e8 in calendario la Zinghenesta e sabato 14 marzo alla Casa della Giovent\u00f9 di Caviola, \u201cOltre il confine\u201d, serata con Luciana di Mauro, moglie di Gaetano Montanino, guardia giurata vittima innocente della Camorra. Una storia straordinaria di sofferenza ma anche di perdono e speranza, alla quale siete<\/p>\n<blockquote><p><strong>FOTO STORICA<\/strong>: Canale d&#8217;Agordo &#8220;la birra con una grande allegoria realizzata da Guerrino Pensieri&#8221;<\/p><\/blockquote>\n<p>&nbsp;<\/p>\n<p>&nbsp;<\/p>\n<hr \/>\n<p>&nbsp;<\/p>\n<blockquote>\n<h3><a class=\"dt-pswp-item\" href=\"https:\/\/www.radiopiu.net\/wordpress\/wp-content\/uploads\/2019\/02\/zinghenesta-canale-dagordo-2018.jpg\" data-dt-img-description=\"\" data-large_image_width=\"1500\" data-large_image_height=\"1000\"><img loading=\"lazy\" decoding=\"async\" class=\"wp-image-77660 alignleft\" src=\"https:\/\/www.radiopiu.net\/wordpress\/wp-content\/uploads\/2019\/02\/zinghenesta-canale-dagordo-2018-300x200.jpg\" alt=\"\" width=\"182\" height=\"121\" srcset=\"https:\/\/www.radiopiu.net\/wordpress\/wp-content\/uploads\/2019\/02\/zinghenesta-canale-dagordo-2018-300x200.jpg 300w, https:\/\/www.radiopiu.net\/wordpress\/wp-content\/uploads\/2019\/02\/zinghenesta-canale-dagordo-2018-768x512.jpg 768w, https:\/\/www.radiopiu.net\/wordpress\/wp-content\/uploads\/2019\/02\/zinghenesta-canale-dagordo-2018-1024x683.jpg 1024w, https:\/\/www.radiopiu.net\/wordpress\/wp-content\/uploads\/2019\/02\/zinghenesta-canale-dagordo-2018.jpg 1500w\" sizes=\"auto, (max-width: 182px) 100vw, 182px\" \/><\/a><\/h3>\n<h3>DOMANI LA ZINGHENESTA, IERI LO SPECIALE ALLA RADIO<\/h3>\n<\/blockquote>\n<p>Simone Ongaro e Alessio Xaiz nostri ospiti in studio per parlarci della Zinghenesta, la manifestazione di carnevale che si terra&#8217; in Valle del Biois e a Canale d&#8217;Agordo domenica 23 febbraio. La storia, il programma dell&#8217;evento e i dettagli nell&#8217;intervista.<\/p>\n<audio class=\"wp-audio-shortcode\" id=\"audio-118426-7\" preload=\"none\" style=\"width: 100%;\" controls=\"controls\"><source type=\"audio\/mpeg\" src=\"https:\/\/www.radiopiu.net\/wordpress\/wp-content\/uploads\/2020\/02\/zinghenesta-1.mp3?_=7\" \/><a href=\"https:\/\/www.radiopiu.net\/wordpress\/wp-content\/uploads\/2020\/02\/zinghenesta-1.mp3\">https:\/\/www.radiopiu.net\/wordpress\/wp-content\/uploads\/2020\/02\/zinghenesta-1.mp3<\/a><\/audio>\n<p>&nbsp;<\/p>\n<hr \/>\n<p>&nbsp;<\/p>\n<p>&nbsp;<\/p>\n<blockquote><p><strong>EL CARNEVAL DEI BOCE A TAIBON<\/strong><\/p><\/blockquote>\n<p><strong>TAIBON<\/strong> Domenica 23 febbraio consueto appuntamento con la mascherata dalla piazza del Municipio (ritrovo alle 14) che sfiler\u00e0 fino alla Casa di Soggiorno per persone anziane dell&#8217;Agordino. Invitati grandi e piccini<\/p>\n<p><strong>A RADIO PIU SILVANO &#8220;PICIOL&#8221; BEN PRESIDENTE PROLOCO<\/strong><\/p>\n<audio class=\"wp-audio-shortcode\" id=\"audio-118426-8\" preload=\"none\" style=\"width: 100%;\" controls=\"controls\"><source type=\"audio\/mpeg\" src=\"https:\/\/www.radiopiu.net\/wordpress\/wp-content\/uploads\/2020\/02\/carneval-dei-boce-piciol.mp3?_=8\" \/><a href=\"https:\/\/www.radiopiu.net\/wordpress\/wp-content\/uploads\/2020\/02\/carneval-dei-boce-piciol.mp3\">https:\/\/www.radiopiu.net\/wordpress\/wp-content\/uploads\/2020\/02\/carneval-dei-boce-piciol.mp3<\/a><\/audio>\n<p>&nbsp;<\/p>\n<hr \/>\n<p>&nbsp;<\/p>\n<p>&nbsp;<\/p>\n<blockquote><p><strong>EL CARNEVAL DEI BOCE A TEMA<\/strong><\/p><\/blockquote>\n<p><strong>LA VALLE<\/strong> Il carnevale a La Valle Agordina \u00e8 in calendario per il 23 febbraio quest&#8217;annno a tema con &#8220;Ti sorridono i monti&#8221;. Alle 14 gran sfilata dalla piazza, 15.30 festa in piazza con merenda, giochi e balli. Premi alla maschera, coppia e gruppo pi\u00f9 a tema e premi al gruppo pi\u00f9 numeroso. In caso di maltempo l&#8217;evento si terr\u00e0 alle scuole. Organizza la proloco di La Valle.<\/p>\n<hr \/>\n<p>&nbsp;<\/p>\n<p>&nbsp;<\/p>\n<blockquote>\n<h3>4 MATIC TOUR\u00a0 PER LA SICUREZZA IN PISTA<\/h3>\n<\/blockquote>\n<p><strong>ARABBA<\/strong> Fino a domani in localit\u00e0 Bec de Roces,\u00a0 nella Ski area\u00a0 Arabba Marmolada sar\u00e0 possibile, nel village &#8220;4MaticTour&#8221;,\u00a0 ritirare un piccolo libricino creato per i pi\u00f9 piccoli,\u00a0 ma anche per gli adulti sulla norme da adottare sulle piste da sci. Il titolo del simpatico opuscolo \u00e8: &#8220;Sulla neve, con il Maresciallo Lex la sicurezza il primo posto!&#8221;.<\/p>\n<blockquote><p>A proposito: viva i Carabinieri sciatori e \u00a0tutti coloro che operano nella sicurezza in pista in questi giorni di Carnevale in una stagione da ricordare per quantit\u00e0 di neve, belle giornate e presenza di tanti turisti.<\/p><\/blockquote>\n\n\t\t\t<style type='text\/css'>\n\t\t\t\t#gallery-1 {\n\t\t\t\t\tmargin: auto;\n\t\t\t\t}\n\t\t\t\t#gallery-1 .gallery-item {\n\t\t\t\t\tfloat: left;\n\t\t\t\t\tmargin-top: 10px;\n\t\t\t\t\ttext-align: center;\n\t\t\t\t\twidth: 33%;\n\t\t\t\t}\n\t\t\t\t#gallery-1 img {\n\t\t\t\t\tborder: 2px solid #cfcfcf;\n\t\t\t\t}\n\t\t\t\t#gallery-1 .gallery-caption {\n\t\t\t\t\tmargin-left: 0;\n\t\t\t\t}\n\t\t\t\t\/* see gallery_shortcode() in wp-includes\/media.php *\/\n\t\t\t<\/style>\n\t\t<div id='gallery-1' class='dt-gallery-container gallery galleryid-118426 gallery-columns-3 gallery-size-thumbnail'><dl class='gallery-item'>\n\t\t\t\t<dt class='gallery-icon landscape'>\n\t\t\t\t\t<a class=\"rollover\" href='https:\/\/www.radiopiu.net\/wordpress\/giornale-radiopiu-22-febbraio-2020-direttore-mirko-mezzacasa\/5fe8ee7a-a8c9-4d6b-97e0-d0f7d479e33d\/'><img loading=\"lazy\" decoding=\"async\" width=\"150\" height=\"150\" src=\"https:\/\/www.radiopiu.net\/wordpress\/wp-content\/uploads\/2020\/02\/5fe8ee7a-a8c9-4d6b-97e0-d0f7d479e33d-150x150.jpg\" class=\"attachment-thumbnail size-thumbnail\" alt=\"\" \/><\/a>\n\t\t\t\t<\/dt><\/dl><dl class='gallery-item'>\n\t\t\t\t<dt class='gallery-icon portrait'>\n\t\t\t\t\t<a class=\"rollover\" href='https:\/\/www.radiopiu.net\/wordpress\/giornale-radiopiu-22-febbraio-2020-direttore-mirko-mezzacasa\/998f8c08-c82c-4642-bda7-b069f95b296e\/'><img loading=\"lazy\" decoding=\"async\" width=\"150\" height=\"150\" src=\"https:\/\/www.radiopiu.net\/wordpress\/wp-content\/uploads\/2020\/02\/998f8c08-c82c-4642-bda7-b069f95b296e-150x150.jpg\" class=\"attachment-thumbnail size-thumbnail\" alt=\"\" \/><\/a>\n\t\t\t\t<\/dt><\/dl><dl class='gallery-item'>\n\t\t\t\t<dt class='gallery-icon portrait'>\n\t\t\t\t\t<a class=\"rollover\" href='https:\/\/www.radiopiu.net\/wordpress\/giornale-radiopiu-22-febbraio-2020-direttore-mirko-mezzacasa\/cdff4308-543a-43ad-8a1c-5b306ae15dcc\/'><img loading=\"lazy\" decoding=\"async\" width=\"150\" height=\"150\" src=\"https:\/\/www.radiopiu.net\/wordpress\/wp-content\/uploads\/2020\/02\/cdff4308-543a-43ad-8a1c-5b306ae15dcc-150x150.jpg\" class=\"attachment-thumbnail size-thumbnail\" alt=\"\" \/><\/a>\n\t\t\t\t<\/dt><\/dl><br style=\"clear: both\" \/><dl class='gallery-item'>\n\t\t\t\t<dt class='gallery-icon portrait'>\n\t\t\t\t\t<a class=\"rollover\" href='https:\/\/www.radiopiu.net\/wordpress\/giornale-radiopiu-22-febbraio-2020-direttore-mirko-mezzacasa\/05fae218-2e69-4cf4-9ed3-9249c54d166b\/'><img loading=\"lazy\" decoding=\"async\" width=\"150\" height=\"150\" src=\"https:\/\/www.radiopiu.net\/wordpress\/wp-content\/uploads\/2020\/02\/05fae218-2e69-4cf4-9ed3-9249c54d166b-150x150.jpg\" class=\"attachment-thumbnail size-thumbnail\" alt=\"\" \/><\/a>\n\t\t\t\t<\/dt><\/dl><dl class='gallery-item'>\n\t\t\t\t<dt class='gallery-icon portrait'>\n\t\t\t\t\t<a class=\"rollover\" href='https:\/\/www.radiopiu.net\/wordpress\/giornale-radiopiu-22-febbraio-2020-direttore-mirko-mezzacasa\/cc074f26-bd93-4b08-8595-3069c92e8623\/'><img loading=\"lazy\" decoding=\"async\" width=\"150\" height=\"150\" src=\"https:\/\/www.radiopiu.net\/wordpress\/wp-content\/uploads\/2020\/02\/cc074f26-bd93-4b08-8595-3069c92e8623-150x150.jpg\" class=\"attachment-thumbnail size-thumbnail\" alt=\"\" \/><\/a>\n\t\t\t\t<\/dt><\/dl>\n\t\t\t\t<br style='clear: both' \/>\n\t\t\t<\/div>\n\n<blockquote><p>&nbsp;<\/p><\/blockquote>\n<p>&nbsp;<\/p>\n<hr \/>\n<p>&nbsp;<\/p>\n<p>&nbsp;<\/p>\n<p>&nbsp;<\/p>\n<blockquote>\n<h3><a class=\"dt-pswp-item\" href=\"https:\/\/www.radiopiu.net\/wordpress\/wp-content\/uploads\/2020\/02\/NO-Olmpiadi-2026_-Pieve-di-Cadore_29febbraio2020-1.jpg\" data-dt-img-description=\"\" data-large_image_width=\"677\" data-large_image_height=\"960\"><img loading=\"lazy\" decoding=\"async\" class=\" wp-image-118438 alignleft\" src=\"https:\/\/www.radiopiu.net\/wordpress\/wp-content\/uploads\/2020\/02\/NO-Olmpiadi-2026_-Pieve-di-Cadore_29febbraio2020-1-212x300.jpg\" alt=\"\" width=\"189\" height=\"267\" srcset=\"https:\/\/www.radiopiu.net\/wordpress\/wp-content\/uploads\/2020\/02\/NO-Olmpiadi-2026_-Pieve-di-Cadore_29febbraio2020-1-212x300.jpg 212w, https:\/\/www.radiopiu.net\/wordpress\/wp-content\/uploads\/2020\/02\/NO-Olmpiadi-2026_-Pieve-di-Cadore_29febbraio2020-1.jpg 677w\" sizes=\"auto, (max-width: 189px) 100vw, 189px\" \/><\/a>OLIMPIADI INVERNALI A CORTINA? NON SOLO SI, C&#8217;E&#8217; PURE IL COMITATO DEL NO<\/h3>\n<\/blockquote>\n<p><strong>BELLUNO<\/strong>\u00a0 Rifondazione Comunista e il Comitato no Olimpiadi 2026, propongono un convegno che si terr\u00e0 a Pieve di Cadore il 29 febbraio dal titolo: &#8220;Olimpiadi invernali Cortina 2026. E&#8217; veramente quello che serve al bellunese per la sua ripresa?&#8221;. Introduzione di Gino Sperandio. Interventi: Mauro De Carli segretario Camera del Lavoro, Cristina Muratore di Mountain Wilderness, Giancarlo Garna (archeologo), Mattia Donadel (Opzione Zero), Silvio La Corte (curatore del libro La Bolla Olimpica). Conclusioni del segretario di Rifondazione Comunista, Paolo Benvegn\u00f9, Coordinamento di Moira Fiorot.<\/p>\n<p>&nbsp;<\/p>\n<p>&nbsp;<\/p>\n<hr \/>\n<p>&nbsp;<\/p>\n<p>&nbsp;<\/p>\n<blockquote>\n<h3>VESES, 20 ANNI DA RICORDARE E FESTEGGIARE, LA MOSTRA A TRICHIANA<\/h3>\n<\/blockquote>\n<p><strong><a class=\"dt-pswp-item\" href=\"https:\/\/www.radiopiu.net\/wordpress\/wp-content\/uploads\/2020\/02\/mostra-veses.jpg\" data-dt-img-description=\"\" data-large_image_width=\"1080\" data-large_image_height=\"810\"><img loading=\"lazy\" decoding=\"async\" class=\" wp-image-118434 alignleft\" src=\"https:\/\/www.radiopiu.net\/wordpress\/wp-content\/uploads\/2020\/02\/mostra-veses-300x225.jpg\" alt=\"\" width=\"239\" height=\"179\" srcset=\"https:\/\/www.radiopiu.net\/wordpress\/wp-content\/uploads\/2020\/02\/mostra-veses-300x225.jpg 300w, https:\/\/www.radiopiu.net\/wordpress\/wp-content\/uploads\/2020\/02\/mostra-veses-1024x768.jpg 1024w, https:\/\/www.radiopiu.net\/wordpress\/wp-content\/uploads\/2020\/02\/mostra-veses-768x576.jpg 768w, https:\/\/www.radiopiu.net\/wordpress\/wp-content\/uploads\/2020\/02\/mostra-veses.jpg 1080w\" sizes=\"auto, (max-width: 239px) 100vw, 239px\" \/><\/a>BORGO VALBELLUNA.<\/strong> Si sposta a Trichiana la mostra \u201c20 \u2013 Tutti d&#8217;un fiato\u201d per celebrare i vent&#8217;anni dell&#8217;associazione culturale Veses. Organizzata con la collaborazione della Pro loco di Trichiana e del Comune di Borgo Valbelluna, sar\u00e0 inaugurata sabato 22 febbraio alle 11.30 al primo piano del Palazzo &#8220;Tina Merlin&#8221; nell&#8217;omonima piazza. Si tratta di un&#8217;esposizione di gigantografie delle copertine del mensile \u201cIl Veses \u2013 Finestre sulla Valbelluna\u201d per ripercorrere, attraverso le immagini, l\u2019evoluzione della rivista dalle origini a oggi. Insieme, ci sar\u00e0 la possibilit\u00e0 di consultare tutti i numeri dal 2000 al 2019, con i riflettori puntati sui testi rappresentativi di ogni annata.\u00a0 La mostra rimarr\u00e0 aperta sabato 27 febbraio e 7 marzo e domenica 28 febbraio e 8 marzo dalle 9 alle 12. Ingresso libero. Foto: la mostra nella tappa di Lentiai di Borgo Valbelluna<\/p>\n<p>&nbsp;<\/p>\n<hr \/>\n<p>&nbsp;<\/p>\n<p>&nbsp;<\/p>\n<blockquote class=\"wp-embedded-content\" data-secret=\"hhZUXjfXJq\"><p><a href=\"https:\/\/www.radiopiu.net\/wordpress\/ora-bolivia-dopo-peru-e-messico-per-la-querese-emanuela-mondin-di-renato-bona\/\">ORA BOLIVIA, DOPO PERU\u2019 E MESSICO PER LA QUERESE EMANUELA MONDIN di RENATO BONA<\/a><\/p><\/blockquote>\n<p><iframe loading=\"lazy\" title=\"&#8220;ORA BOLIVIA, DOPO PERU\u2019 E MESSICO PER LA QUERESE EMANUELA MONDIN di RENATO BONA&#8221; &#8212; Radio Pi\u00f9\" class=\"wp-embedded-content\" sandbox=\"allow-scripts\" security=\"restricted\" style=\"position: absolute; clip: rect(1px, 1px, 1px, 1px);\" src=\"https:\/\/www.radiopiu.net\/wordpress\/ora-bolivia-dopo-peru-e-messico-per-la-querese-emanuela-mondin-di-renato-bona\/embed\/#?secret=hhZUXjfXJq\" data-secret=\"hhZUXjfXJq\" width=\"600\" height=\"338\" frameborder=\"0\" marginwidth=\"0\" marginheight=\"0\" scrolling=\"no\"><\/iframe><\/p>\n<p>&nbsp;<\/p>\n<p>&nbsp;<\/p>\n<p><a class=\"dt-pswp-item\" href=\"https:\/\/www.radiopiu.net\/wordpress\/wp-content\/uploads\/2018\/09\/appuntamenti.jpeg\" data-dt-img-description=\"\" data-large_image_width=\"800\" data-large_image_height=\"100\"><img loading=\"lazy\" decoding=\"async\" class=\"alignnone wp-image-61958 size-full\" src=\"https:\/\/www.radiopiu.net\/wordpress\/wp-content\/uploads\/2018\/09\/appuntamenti.jpeg\" alt=\"\" width=\"800\" height=\"100\" srcset=\"https:\/\/www.radiopiu.net\/wordpress\/wp-content\/uploads\/2018\/09\/appuntamenti.jpeg 800w, https:\/\/www.radiopiu.net\/wordpress\/wp-content\/uploads\/2018\/09\/appuntamenti-300x38.jpeg 300w, https:\/\/www.radiopiu.net\/wordpress\/wp-content\/uploads\/2018\/09\/appuntamenti-768x96.jpeg 768w\" sizes=\"auto, (max-width: 800px) 100vw, 800px\" \/><\/a><\/p>\n<p>&nbsp;<\/p>\n<h3><strong style=\"font-size: 14px;\">BELLUNO<\/strong><span style=\"font-size: 14px; font-weight: normal;\"> Assi, associazione sociale sportiva invalidi, organizza l&#8217;incontro \u201cQuattro chiacchiere con Francesco Cannadoro\u201d, pap\u00e0 di Tommi e autore del libro &#8220;Cucitialcuore&#8221;,\u00a0 oggi\u00a0 alle 17.30 presso la sede dell&#8217;Ana in via Tissi\u00a0<\/span><\/h3>\n<p>&nbsp;<\/p>\n<hr \/>\n<p>&nbsp;<\/p>\n<p><strong>CORTINA <\/strong>Oggi\u00a0alle 20.45 all\u2019Alexandre Girardi Hall il Teatro Stabile del Veneto proporr\u00e0 un delicatissimo requiem per una montagna violentata e abbandonata.\u00a0 I 16 milioni di alberi abbattuti, messi in fila uno dopo l&#8217;altro, coprirebbero grossomodo la distanza che ci separa dalla Luna: \u00e8 con questa immagine che Matteo Righetto ci restituisce la misura dell\u2019impatto che la tempesta dell\u2019ottobre 2018 ha avuto sulle Alpi Orientali, affidandosi all\u2019ironia e all\u2019umanit\u00e0\u00a0di\u00a0Andrea Pennacchi\u00a0con le musiche originali di Giorgio Gobbo e Carlo Carcano.<\/p>\n<p>&nbsp;<\/p>\n<hr \/>\n<p><strong>BELLUNO <\/strong>Venerdi 28 febbraio alle 20.20 in via Barozzi a Baldenich conferenza sul 5G. Relatore Giorgio Rossi di EcoItalia, movimento ecologista, responsabile nel settore della ricerca e sviluppo di nuove tecnologie, esperto di tecnologie etiche ambientali. Ingresso libero a tutti.<\/p>\n<p>&nbsp;<\/p>\n<hr \/>\n<p>&nbsp;<\/p>\n<p>&nbsp;<\/p>\n<blockquote class=\"wp-embedded-content\" data-secret=\"bwJJyX6XmA\"><p><a href=\"https:\/\/www.radiopiu.net\/wordpress\/piaz\/\">DAL 9 MARZO PIAZZA DI AGORDO CHIUSA PER LAVORI, DEVIAZIONI IN TANGENZIALE<\/a><\/p><\/blockquote>\n<p><iframe loading=\"lazy\" title=\"&#8220;DAL 9 MARZO PIAZZA DI AGORDO CHIUSA PER LAVORI, DEVIAZIONI IN TANGENZIALE&#8221; &#8212; Radio Pi\u00f9\" class=\"wp-embedded-content\" sandbox=\"allow-scripts\" security=\"restricted\" style=\"position: absolute; clip: rect(1px, 1px, 1px, 1px);\" src=\"https:\/\/www.radiopiu.net\/wordpress\/piaz\/embed\/#?secret=bwJJyX6XmA\" data-secret=\"bwJJyX6XmA\" width=\"600\" height=\"338\" frameborder=\"0\" marginwidth=\"0\" marginheight=\"0\" scrolling=\"no\"><\/iframe><\/p>\n<p>&nbsp;<\/p>\n<p>&nbsp;<\/p>\n<hr \/>\n<p>&nbsp;<\/p>\n<p>&nbsp;<\/p>\n<h2><span style=\"color: #ff0000;\"><a class=\"dt-pswp-item\" href=\"https:\/\/www.radiopiu.net\/wordpress\/wp-content\/uploads\/2020\/02\/download-2.png\" data-dt-img-description=\"\" data-large_image_width=\"369\" data-large_image_height=\"136\"><img loading=\"lazy\" decoding=\"async\" class=\" wp-image-118453 alignleft\" src=\"https:\/\/www.radiopiu.net\/wordpress\/wp-content\/uploads\/2020\/02\/download-2-300x111.png\" alt=\"\" width=\"241\" height=\"89\" srcset=\"https:\/\/www.radiopiu.net\/wordpress\/wp-content\/uploads\/2020\/02\/download-2-300x111.png 300w, https:\/\/www.radiopiu.net\/wordpress\/wp-content\/uploads\/2020\/02\/download-2.png 369w\" sizes=\"auto, (max-width: 241px) 100vw, 241px\" \/><\/a>IERI ALLA\u00a0 RADIO,\u00a0 <span style=\"color: #000000;\">SPECIALE CASSA SOLIDARIETA&#8217; AZIENDALE LAVORATORI LUXOTTICA, APPUNTAMENTO MENSILE (TERZO VENERDI DEL MESE) CON PAOLO CHISSALE&#8217; E FABRIZIO CAMPEDEL<\/span><\/span><\/h2>\n<audio class=\"wp-audio-shortcode\" id=\"audio-118426-9\" preload=\"none\" style=\"width: 100%;\" controls=\"controls\"><source type=\"audio\/mpeg\" src=\"https:\/\/www.radiopiu.net\/wordpress\/wp-content\/uploads\/2020\/02\/ca-sol-lux-febbraio.mp3?_=9\" \/><a href=\"https:\/\/www.radiopiu.net\/wordpress\/wp-content\/uploads\/2020\/02\/ca-sol-lux-febbraio.mp3\">https:\/\/www.radiopiu.net\/wordpress\/wp-content\/uploads\/2020\/02\/ca-sol-lux-febbraio.mp3<\/a><\/audio>\n<p>&nbsp;<\/p>\n<hr \/>\n<p>&nbsp;<\/p>\n<p>&nbsp;<\/p>\n<h2><span style=\"color: #ff0000;\">IERI ALLA\u00a0 RADIO, IN VIVO VERSO di Brunella Moro<\/span><\/h2>\n<blockquote class=\"wp-embedded-content\" data-secret=\"StJulILYO1\"><p><a href=\"https:\/\/www.radiopiu.net\/wordpress\/il-funanbolo-di-ilaria-colangeli\/\">IL FUNANBOLO di ILARIA COLANGELI<\/a><\/p><\/blockquote>\n<p><iframe loading=\"lazy\" title=\"&#8220;IL FUNANBOLO di ILARIA COLANGELI&#8221; &#8212; Radio Pi\u00f9\" class=\"wp-embedded-content\" sandbox=\"allow-scripts\" security=\"restricted\" style=\"position: absolute; clip: rect(1px, 1px, 1px, 1px);\" src=\"https:\/\/www.radiopiu.net\/wordpress\/il-funanbolo-di-ilaria-colangeli\/embed\/#?secret=StJulILYO1\" data-secret=\"StJulILYO1\" width=\"600\" height=\"338\" frameborder=\"0\" marginwidth=\"0\" marginheight=\"0\" scrolling=\"no\"><\/iframe><\/p>\n<h2>LA COLLEZIONE COMPLETA<\/h2>\n<blockquote class=\"wp-embedded-content\" data-secret=\"oQgnoDnhoz\"><p><a href=\"https:\/\/www.radiopiu.net\/wordpress\/in-vivo-verso\/\">In Vivo Verso<\/a><\/p><\/blockquote>\n<p><iframe loading=\"lazy\" title=\"&#8220;In Vivo Verso&#8221; &#8212; Radio Pi\u00f9\" class=\"wp-embedded-content\" sandbox=\"allow-scripts\" security=\"restricted\" style=\"position: absolute; clip: rect(1px, 1px, 1px, 1px);\" src=\"https:\/\/www.radiopiu.net\/wordpress\/in-vivo-verso\/embed\/#?secret=oQgnoDnhoz\" data-secret=\"oQgnoDnhoz\" width=\"600\" height=\"338\" frameborder=\"0\" marginwidth=\"0\" marginheight=\"0\" scrolling=\"no\"><\/iframe><\/p>\n<hr \/>\n<p>&nbsp;<\/p>\n<p>&nbsp;<\/p>\n<h2><span style=\"color: #ff0000;\">IERI ALLA RADIO DUE MINUTI UN LIBRO<\/span><\/h2>\n<blockquote class=\"wp-embedded-content\" data-secret=\"nEFFwCvIQJ\"><p><a href=\"https:\/\/www.radiopiu.net\/wordpress\/lanno-dei-misteri-2\/\">L&#8217;ANNO DEI MISTERI<\/a><\/p><\/blockquote>\n<p><iframe loading=\"lazy\" title=\"&#8220;L&#8217;ANNO DEI MISTERI&#8221; &#8212; Radio Pi\u00f9\" class=\"wp-embedded-content\" sandbox=\"allow-scripts\" security=\"restricted\" style=\"position: absolute; clip: rect(1px, 1px, 1px, 1px);\" src=\"https:\/\/www.radiopiu.net\/wordpress\/lanno-dei-misteri-2\/embed\/#?secret=nEFFwCvIQJ\" data-secret=\"nEFFwCvIQJ\" width=\"600\" height=\"338\" frameborder=\"0\" marginwidth=\"0\" marginheight=\"0\" scrolling=\"no\"><\/iframe><\/p>\n<h2>LA COLLEZIONE COMPLETA<\/h2>\n<blockquote class=\"wp-embedded-content\" data-secret=\"hw6sptcWM9\"><p><a href=\"https:\/\/www.radiopiu.net\/wordpress\/due-minuti-un-libro\/\">Due minuti un libro<\/a><\/p><\/blockquote>\n<p><iframe loading=\"lazy\" title=\"&#8220;Due minuti un libro&#8221; &#8212; Radio Pi\u00f9\" class=\"wp-embedded-content\" sandbox=\"allow-scripts\" security=\"restricted\" style=\"position: absolute; clip: rect(1px, 1px, 1px, 1px);\" src=\"https:\/\/www.radiopiu.net\/wordpress\/due-minuti-un-libro\/embed\/#?secret=hw6sptcWM9\" data-secret=\"hw6sptcWM9\" width=\"600\" height=\"338\" frameborder=\"0\" marginwidth=\"0\" marginheight=\"0\" scrolling=\"no\"><\/iframe><\/p>\n<p>&nbsp;<\/p>\n<hr \/>\n<p>&nbsp;<\/p>\n<p>&nbsp;<\/p>\n<h2><span style=\"color: #ff0000;\">I RACCONTI DI PAOLO SOPPELSA\u00a0<\/span><\/h2>\n<h2>LA COLLEZIONE COMPLETA<\/h2>\n<blockquote class=\"wp-embedded-content\" data-secret=\"Zu5KomA0Aw\"><p><a href=\"https:\/\/www.radiopiu.net\/wordpress\/i-racconti-di-paolo-soppelsa\/\">I racconti di Paolo Soppelsa<\/a><\/p><\/blockquote>\n<p><iframe loading=\"lazy\" title=\"&#8220;I racconti di Paolo Soppelsa&#8221; &#8212; Radio Pi\u00f9\" class=\"wp-embedded-content\" sandbox=\"allow-scripts\" security=\"restricted\" style=\"position: absolute; clip: rect(1px, 1px, 1px, 1px);\" src=\"https:\/\/www.radiopiu.net\/wordpress\/i-racconti-di-paolo-soppelsa\/embed\/#?secret=Zu5KomA0Aw\" data-secret=\"Zu5KomA0Aw\" width=\"600\" height=\"338\" frameborder=\"0\" marginwidth=\"0\" marginheight=\"0\" scrolling=\"no\"><\/iframe><\/p>\n<hr \/>\n<p>&nbsp;<\/p>\n<p>&nbsp;<\/p>\n<p><a class=\"dt-pswp-item pspw-wrap-ready\" href=\"https:\/\/www.radiopiu.net\/wordpress\/wp-content\/uploads\/2018\/09\/viabilita.jpeg\" data-dt-img-description=\"\" data-large_image_width=\"800\" data-large_image_height=\"100\"><img loading=\"lazy\" decoding=\"async\" class=\"wp-image-61954 size-full aligncenter\" src=\"https:\/\/www.radiopiu.net\/wordpress\/wp-content\/uploads\/2018\/09\/viabilita.jpeg\" sizes=\"auto, (max-width: 800px) 100vw, 800px\" srcset=\"https:\/\/www.radiopiu.net\/wordpress\/wp-content\/uploads\/2018\/09\/viabilita.jpeg 800w, https:\/\/www.radiopiu.net\/wordpress\/wp-content\/uploads\/2018\/09\/viabilita-300x38.jpeg 300w, https:\/\/www.radiopiu.net\/wordpress\/wp-content\/uploads\/2018\/09\/viabilita-768x96.jpeg 768w\" alt=\"\" width=\"800\" height=\"100\" \/><\/a><\/p>\n<p>&nbsp;<\/p>\n<p><strong>GR 50 BIS, SCALE DI PRIMOLANO<\/strong> Fino al\u00a0 7 MARZO (FESTIVI E PREFESTIVI ESCLUSI) SENSO UNICO ALTERNATO PER POSA CAVIDOTTO<\/p>\n<div class=\"im_history_message_wrap\">\n<div class=\"im_message_outer_wrap hasselect\" data-msg-id=\"2959\">\n<div class=\"im_message_wrap clearfix\">\n<div class=\"im_content_message_wrap im_message_out\">\n<p><strong>PROVINCIALE 3 VALLE IMPERINA, CORDE MOLE_VALLASIN <\/strong>DAL 24 FEBBRAIO DALLE 8.45 ALLE 11,45 E DALLE 13.30 ALLE 17.30 INTERRUZIONI FINO A 30 MINUTI (ESCLUSO FESTIVI E PREFESTIVI)<\/p>\n<\/div>\n<\/div>\n<\/div>\n<\/div>\n<p><strong>48\u00a0 DELLE DOLOMITI<\/strong>\u00a0 Dal 24 al 28 febbraio senso unico alternato in localit\u00e0 Livin\u00e8.<\/p>\n<p><strong>PONTE NELLE ALPI <\/strong><em>Fino al 27 marzo, il traffico della statale 50, all&#8217;altezza dell&#8217;innesto con via dei Zattieri (che verr\u00e0 chiusa), sar\u00e0 deviato nel tratto di nuova rotatoria realizzata all&#8217;interno dell&#8217;area ex Comedil.<\/em><\/p>\n<p>&nbsp;<\/p>\n<p>&nbsp;<\/p>\n<p><a class=\"dt-pswp-item\" href=\"https:\/\/www.radiopiu.net\/wordpress\/wp-content\/uploads\/2018\/09\/sport.jpg\" data-dt-img-description=\"\" data-large_image_width=\"800\" data-large_image_height=\"100\"><img loading=\"lazy\" decoding=\"async\" class=\"aligncenter wp-image-60761 size-full\" src=\"https:\/\/www.radiopiu.net\/wordpress\/wp-content\/uploads\/2018\/09\/sport.jpg\" alt=\"\" width=\"800\" height=\"100\" srcset=\"https:\/\/www.radiopiu.net\/wordpress\/wp-content\/uploads\/2018\/09\/sport.jpg 800w, https:\/\/www.radiopiu.net\/wordpress\/wp-content\/uploads\/2018\/09\/sport-300x38.jpg 300w, https:\/\/www.radiopiu.net\/wordpress\/wp-content\/uploads\/2018\/09\/sport-768x96.jpg 768w\" sizes=\"auto, (max-width: 800px) 100vw, 800px\" \/><\/a><\/p>\n<blockquote>\n<h3><\/h3>\n<h3>VOLLEY HOCKEY E CALCIO NELL&#8217;ULTIMO FINE SETTIMANA DI FEBBRAIO<\/h3>\n<\/blockquote>\n<p><b>VOLLEY <\/b><\/p>\n<p>Sono due le partite in programma per il Volley Club Agordino questo fine settimana. Questa sera alle 19 la prima squadra scender\u00e0 in terra trevigiana per giocare contro l&#8217;Azzurra Volley, match valido per il campionato di Terza Divisione. Domani mattina alle 11:30 trasferta a Mareno Di Piave per l&#8217;under 16 dove sfider\u00e0 le padrone di casa.<\/p>\n<p><b>HOCKEY<\/b><\/p>\n<p>Ultimo incontro della seconda fase per l&#8217;Alleghe Hockey che concluder\u00e0 il qualification round della IHL questa sera alle 20:30 contro il Como. Lariani fuori dai giochi e agordini che hanno strappato il pass per i quarti di finale che inizieranno la prossima settimana. Si gioca al De Toni di Alleghe, ingaggio alle 20:30 e partita che potete seguire su Radio Pi\u00f9 all&#8217;interno di \u201cHockey Al Punto Giusto\u201d. Penultima partita della stagione per l&#8217;under 19 dell&#8217;Alleghe che domani alle 17:30 ospiter\u00e0 il Bolzano al De Toni. Per il Fassa\/Alleghe under 17 sar\u00e0 l&#8217;ultima partita della stagione e stasera alle 18 sar\u00e0 in trasferta per affrontare il Valli Del Noce. Non giocano questo fine settimana le squadre under 15 e 13.<\/p>\n<p><b>CALCIO<\/b><\/p>\n<p>Ricomincia la stagione del Campionato Open CSI dove \u00e8 impegnato il Le Ville Bar Carlin. La squadra di Agordo ritorna in campo dopo la lunga pausa invernale per recuperare il match contro la Farrentina. Sfida in programma oggi alle 15 sul campo di Tomo. Continua la Prima Categoria per il Fiori Barp Mas che domani alle 14:30 giocher\u00e0 in casa il derby contro la Plavis Pizzocco. Allievi regionali del San Giorgio Sedico che domani mattina alle 10:30 ospiteranno i trevigiani dello Zero Branco<\/p>\n<blockquote>\n<p style=\"text-align: center;\">DOMANI ALLE 14:30 SU RADIO PIU&#8217; APPUNTAMENTO CON \u201cDOMENICA PIU&#8217; SPORT\u201d PER SEGUIRE IN DIRETTA LA PARTITA DEL FIORI BARP MAS<\/p>\n<\/blockquote>\n<p>&nbsp;<\/p>\n<p>&nbsp;<\/p>\n<hr \/>\n<p>&nbsp;<\/p>\n<p>&nbsp;<\/p>\n<blockquote>\n<h3>TERZE ALPINIADI INVERNALI &#8211; SEZIONE VALDOSTANA &#8211;<\/h3>\n<p><em>La sezione di Belluno ha conquistato un ottimo 4\u00b0 posto<\/em><\/p><\/blockquote>\n<p><a class=\"dt-pswp-item\" href=\"https:\/\/www.radiopiu.net\/wordpress\/wp-content\/uploads\/2020\/02\/87192965_183605926202651_907083791401484288_n.jpg\" data-dt-img-description=\"\" data-large_image_width=\"528\" data-large_image_height=\"960\"><img loading=\"lazy\" decoding=\"async\" class=\"size-medium wp-image-118461 alignleft\" src=\"https:\/\/www.radiopiu.net\/wordpress\/wp-content\/uploads\/2020\/02\/87192965_183605926202651_907083791401484288_n-165x300.jpg\" alt=\"\" width=\"165\" height=\"300\" srcset=\"https:\/\/www.radiopiu.net\/wordpress\/wp-content\/uploads\/2020\/02\/87192965_183605926202651_907083791401484288_n-165x300.jpg 165w, https:\/\/www.radiopiu.net\/wordpress\/wp-content\/uploads\/2020\/02\/87192965_183605926202651_907083791401484288_n.jpg 528w\" sizes=\"auto, (max-width: 165px) 100vw, 165px\" \/><\/a>Fine settimana da ricordare ad Aosta per gli alpini bellunesi. La sezione di Belluno ha tra l&#8217;altro conquistato un terzo posto nello slalom gigante con piazzamenti di prestigio.<\/p>\n<h3>ALPINIADI I RISULTATI DEI &#8220;NOSTRI&#8221;<\/h3>\n<p><strong>SCI ALPINISMO<\/strong> (La Thuile) : 45 Giacomo Mottes, 50 Alberto Scussel, 64 Angelo Magro 12\u00b0 POSTO PER SOCIETA&#8217;<\/p>\n<p><strong><a class=\"dt-pswp-item\" href=\"https:\/\/www.radiopiu.net\/wordpress\/wp-content\/uploads\/2020\/02\/87172483_603618746863924_4574578282673995776_n.jpg\" data-dt-img-description=\"\" data-large_image_width=\"528\" data-large_image_height=\"960\"><img loading=\"lazy\" decoding=\"async\" class=\"size-medium wp-image-118462 alignright\" src=\"https:\/\/www.radiopiu.net\/wordpress\/wp-content\/uploads\/2020\/02\/87172483_603618746863924_4574578282673995776_n-165x300.jpg\" alt=\"\" width=\"165\" height=\"300\" srcset=\"https:\/\/www.radiopiu.net\/wordpress\/wp-content\/uploads\/2020\/02\/87172483_603618746863924_4574578282673995776_n-165x300.jpg 165w, https:\/\/www.radiopiu.net\/wordpress\/wp-content\/uploads\/2020\/02\/87172483_603618746863924_4574578282673995776_n.jpg 528w\" sizes=\"auto, (max-width: 165px) 100vw, 165px\" \/><\/a>SCI FONDO<\/strong> (Cogne) : A1,\u00a0 2 Damiano Fontanive (4 assoluto), A3, 15 Eros De Cesaro, A4, 4 Martino Ploner, 6 Massimo De Menech, A5, 2 Eudio De Col, 3 Marco Gaiardo, A6, 13 Luciano Busin, B7, 2 Paolo Cancel, B8, 1 Giovanni Caldart, 10 Claudio Peloso, B9, 1 Ivo Andrich, 9 Elso Viel, 10, Costantino Costantini. 5 POSTO PER SOCIETA&#8217;.<\/p>\n<p><strong>BIATHLON<\/strong> (Chanoux): 4 Martino Ploner. 6 POSTO PER SOCIETA&#8217;<\/p>\n<p><strong>SLALOM GIGANTE<\/strong> (Pila): A2, 3 Marco Martini, A5, 1 Claudio Da Ros, 2 Alberto Bortot, 9 Sandro Fontanive, 15 Giorgio Munaro. A6, 12 Mario Fabrinetti, 14 Antonio Greggio, B8, 5 Pio Decima, B9, 2 Renato Vanz, 6 Nadir De Rocco, B11, 2 Silvio Valt (classe 1934)\u00a0 3 POSTO PER SOCIETA&#8217;.<\/p>\n<p><em>Auguri di pronta guarigione all&#8217;atleta Romano Barp che cadendo si \u00e8 procurato una frattura alla clavicola.<\/em><\/p>\n<p>&nbsp;<\/p>\n<hr \/>\n<p>&nbsp;<\/p>\n<p>&nbsp;<\/p>\n<h2><span style=\"color: #ff0000;\">IERI ALLA\u00a0 RADIO,\u00a0 <span style=\"color: #000000;\">SPECIALE\u00a0 FALCADE OGGI E DOMANI LE GARE. OSPITE MATTEO CAGNATI PRESIDENTE SCI CLUB VALBIOIS<\/span><\/span><\/h2>\n<audio class=\"wp-audio-shortcode\" id=\"audio-118426-10\" preload=\"none\" style=\"width: 100%;\" controls=\"controls\"><source type=\"audio\/mpeg\" src=\"https:\/\/www.radiopiu.net\/wordpress\/wp-content\/uploads\/2020\/02\/matteo-cagnati-fondo-gr-21-febbraio.mp3?_=10\" \/><a href=\"https:\/\/www.radiopiu.net\/wordpress\/wp-content\/uploads\/2020\/02\/matteo-cagnati-fondo-gr-21-febbraio.mp3\">https:\/\/www.radiopiu.net\/wordpress\/wp-content\/uploads\/2020\/02\/matteo-cagnati-fondo-gr-21-febbraio.mp3<\/a><\/audio>\n<p>&nbsp;<\/p>\n<p>&nbsp;<\/p>\n<hr \/>\n<p>&nbsp;<\/p>\n<p>&nbsp;<\/p>\n<p><a class=\"dt-pswp-item\" href=\"https:\/\/www.radiopiu.net\/wordpress\/wp-content\/uploads\/2018\/09\/WhatsApp-Image-2018-09-20-at-16.04.06.jpeg\" data-dt-img-description=\"\" data-large_image_width=\"800\" data-large_image_height=\"100\"><img loading=\"lazy\" decoding=\"async\" class=\"aligncenter wp-image-61378 size-full\" src=\"https:\/\/www.radiopiu.net\/wordpress\/wp-content\/uploads\/2018\/09\/WhatsApp-Image-2018-09-20-at-16.04.06.jpeg\" alt=\"\" width=\"800\" height=\"100\" srcset=\"https:\/\/www.radiopiu.net\/wordpress\/wp-content\/uploads\/2018\/09\/WhatsApp-Image-2018-09-20-at-16.04.06.jpeg 800w, https:\/\/www.radiopiu.net\/wordpress\/wp-content\/uploads\/2018\/09\/WhatsApp-Image-2018-09-20-at-16.04.06-300x38.jpeg 300w, https:\/\/www.radiopiu.net\/wordpress\/wp-content\/uploads\/2018\/09\/WhatsApp-Image-2018-09-20-at-16.04.06-768x96.jpeg 768w\" sizes=\"auto, (max-width: 800px) 100vw, 800px\" \/><\/a><\/p>\n<p><b>Sabato 22<\/b> <b>Tempo atteso: <\/b>Al mattino tempo generalmente ben soleggiato su tutti i settori, salvo temporaneo transito di sottili nubi alte, effimere al mattino, un po&#8217; pi\u00f9 presenti da met\u00e0 pomeriggio in poi. Clima ancora un po&#8217; freddo di notte, specie nelle valli, con probabile inversione termica, di nuovo piuttosto mite di giorno a tutte le quote.<br \/>\n<b>Precipitazioni: <\/b>Assenti (0%).<br \/>\n<b>Temperature: <\/b>In generale aumento; eccetto calo delle minime nelle valli qualora il cielo fosse sereno con forte irraggiamento notturno. Sono previste punte di 14\/15\u00b0C nei fondovalle prealpini e di 9\/11\u00b0C a 1000\/1200 m. Sulle Prealpi a 1500 m min 0\u00b0C e max 7\u00b0C, a 2000 m min -1\u00b0C e max 4\u00b0C; sulle Dolomiti a 2000 m min -2\u00b0C e max 5\u00b0C, a 3000 m min -6\u00b0C e max 0\u00b0C.<br \/>\n<b>Venti: <\/b>Nelle valli moderati, eccetto consueti rinforzi per brezze notturne in prossimit\u00e0 delle pedemontana; in quota deboli\/moderati da nord-ovest, a tratti tesi sulle cime pi\u00f9 alte in mattinata, a 5-15 km\/h a 2000 m e 25-35 km\/h a 3000 m.<\/p>\n<hr \/>\n<p><b>Domenica 23<\/b> <b>Tempo atteso: <\/b>Tempo solo parzialmente soleggiato per transito di nubi alte, a tratti estese. Non esclusa qualche foschia nelle conche prealpine durante le ore pi\u00f9 fredde. Clima ancora un po&#8217; freddo di notte, specie nelle valli, con probabile inversione termica, mentre persister\u00e0 un&#8217;anomala mitezza in quota.<br \/>\n<b>Precipitazioni: <\/b>Assenti (0%)<br \/>\n<b>Temperature: <\/b>In generale aumento a tutte le quote sia per avvezione d&#8217;aria mite in quota che venti di Foehn nelle valli. Sono previste massimi di 15\/16\u00b0C nei fondovalle prealpini, di 11\/13\u00b0C a 1000\/1200 m, localmente valori anche pi\u00f9 elevati per effetto Foehn. Sulle Prealpi a 1500 m min 5\u00b0C e max 9\u00b0C, a 2000 m min 4\u00b0C e max 6\u00b0C; sulle Dolomiti a 2000 m min 3\u00b0C e max 7\u00b0C, a 3000 m min -1\u00b0C e max 1\u00b0C.<br \/>\n<b>Venti: <\/b>Nelle valli deboli\/moderati, dove il Foehn potrebbe temporaneamente affacciarsi nel tardo pomeriggio\/sera; in quota moderati\/tesi al mattino e tesi\/forti da met\u00e0 pomeriggio in poi, a 20-50 km\/h a 2000 m e 40-80 km\/h a 3000 m.<\/p>\n<hr \/>\n<p><b>Lunedi 24<\/b>Tempo da soleggiato a parzialmente soleggiato per sottili nubi alte, presenti sia al mattino che al pomeriggio. Clima un po&#8217; pi\u00f9 fresco in quota, mentre le temperature saranno in aumento nelle valli in relazione a episodi di Foehn tra la notte e il mattino. Venti inizialmente tesi\/forti da nord-ovest in quota, in attenuazione al pomeriggio\/sera; moderati nelle valli, dove ci saranno rinforzi per episodi di Foehn al mattino.<\/p>\n<hr \/>\n<p><b>Martedi 25<\/b>Sulle Dolomiti inizio di giornata soleggiato, seguito da aumento della nuvolosit\u00e0 stratiforme dalle ore centrali in poi. Sulle Prealpi cielo gi\u00e0 molto nuvoloso\/coperto per nubi basse, nuvolosit\u00e0 in ulteriore intensificazione al pomeriggio, la quale potrebbe dar luogo a pioviggini e fiocchi di neve sopra i 1400\/1600 m al pomeriggio e in serata, fenomeni in possibile estensione alle Dolomiti. Temperature minime in aumento e massime in calo. In quota venti deboli\/moderati da sud-ovest al mattino, in rinforzo al pomeriggio. Previsore: R.L.Th.<\/p>\n","protected":false},"excerpt":{"rendered":"<p>PER RICEVERE QUESTO NOTIZIARIO DIRETTAMENTE SUL TUO CELLULARE ISCRIVITI AL CANALE TELEGRAM &#8220;RADIO PIU\u00a0 INFORMAZIONE&#8221;\u00a0 &nbsp; &nbsp; per lavori DOMANI dalle 8 alle ore 12\u00a0 potrebbe mancare l&#8217;acqua ad AGORDO localita&#8217; VALCOZZENA. Previsti lavori sulla rete idrica a cura di GSP &nbsp; LA CURIOSITA&#8217; CANALE D&#8217;AGORDO. Ieri sera \u00a0a Sona in provincia di\u00a0 Verona, al&hellip;<\/p>\n","protected":false},"author":1,"featured_media":118537,"comment_status":"closed","ping_status":"closed","sticky":false,"template":"","format":"standard","meta":{"_monsterinsights_skip_tracking":false,"_monsterinsights_sitenote_active":false,"_monsterinsights_sitenote_note":"","_monsterinsights_sitenote_category":0,"footnotes":""},"categories":[1,86,49],"tags":[],"class_list":["post-118426","post","type-post","status-publish","format-standard","has-post-thumbnail","hentry","category-senza-categoria","category-gr","category-news-18","category-1","category-86","category-49","description-off"],"img_url":"https:\/\/www.radiopiu.net\/wordpress\/wp-content\/uploads\/2020\/02\/559af06b0a206cc7f8425cd0c6367cb7.jpg","_links":{"self":[{"href":"https:\/\/www.radiopiu.net\/wordpress\/wp-json\/wp\/v2\/posts\/118426","targetHints":{"allow":["GET"]}}],"collection":[{"href":"https:\/\/www.radiopiu.net\/wordpress\/wp-json\/wp\/v2\/posts"}],"about":[{"href":"https:\/\/www.radiopiu.net\/wordpress\/wp-json\/wp\/v2\/types\/post"}],"author":[{"embeddable":true,"href":"https:\/\/www.radiopiu.net\/wordpress\/wp-json\/wp\/v2\/users\/1"}],"replies":[{"embeddable":true,"href":"https:\/\/www.radiopiu.net\/wordpress\/wp-json\/wp\/v2\/comments?post=118426"}],"version-history":[{"count":0,"href":"https:\/\/www.radiopiu.net\/wordpress\/wp-json\/wp\/v2\/posts\/118426\/revisions"}],"wp:featuredmedia":[{"embeddable":true,"href":"https:\/\/www.radiopiu.net\/wordpress\/wp-json\/wp\/v2\/media\/118537"}],"wp:attachment":[{"href":"https:\/\/www.radiopiu.net\/wordpress\/wp-json\/wp\/v2\/media?parent=118426"}],"wp:term":[{"taxonomy":"category","embeddable":true,"href":"https:\/\/www.radiopiu.net\/wordpress\/wp-json\/wp\/v2\/categories?post=118426"},{"taxonomy":"post_tag","embeddable":true,"href":"https:\/\/www.radiopiu.net\/wordpress\/wp-json\/wp\/v2\/tags?post=118426"}],"curies":[{"name":"wp","href":"https:\/\/api.w.org\/{rel}","templated":true}]}}