{"id":118451,"date":"2020-02-21T16:52:06","date_gmt":"2020-02-21T15:52:06","guid":{"rendered":"https:\/\/www.radiopiu.net\/wordpress\/?p=118451"},"modified":"2020-02-21T16:52:06","modified_gmt":"2020-02-21T15:52:06","slug":"il-funanbolo-di-ilaria-colangeli","status":"publish","type":"post","link":"https:\/\/www.radiopiu.net\/wordpress\/il-funanbolo-di-ilaria-colangeli\/","title":{"rendered":"IL FUNANBOLO di ILARIA COLANGELI"},"content":{"rendered":"<p>&nbsp;<\/p>\n<p>DALLA VIVA VOCE DELLA POETESSA<\/p>\n<audio class=\"wp-audio-shortcode\" id=\"audio-118451-1\" preload=\"none\" style=\"width: 100%;\" controls=\"controls\"><source type=\"audio\/mpeg\" src=\"https:\/\/www.radiopiu.net\/wordpress\/wp-content\/uploads\/2020\/02\/VIVO-VERSO-VEN.mp3?_=1\" \/><a href=\"https:\/\/www.radiopiu.net\/wordpress\/wp-content\/uploads\/2020\/02\/VIVO-VERSO-VEN.mp3\">https:\/\/www.radiopiu.net\/wordpress\/wp-content\/uploads\/2020\/02\/VIVO-VERSO-VEN.mp3<\/a><\/audio>\n<p>&nbsp;<\/p>\n<p>FUNAMBOLO<\/p>\n<p>La tua corda<br \/>\ntesa nel vuoto<br \/>\n\u00e8 un intreccio di sogni .<br \/>\nVai da una stella ad un&#8217;altra<br \/>\nin un cielo capovolto<br \/>\na cercare\u00a0 una srada,<br \/>\ncon le braccia aperte,<br \/>\nche sembrano ali.<br \/>\nPi\u00f9 su degli uccelli,<br \/>\npi\u00f9 lontano, pi\u00f9 in l\u00e0,<br \/>\ndelle passioni terrene.<br \/>\nNon invecchi,<br \/>\nnon cambi,<br \/>\nnon cadi.<br \/>\nMa muori,<br \/>\nogni tanto .<br \/>\nE il cielo ti ingoia,<br \/>\ne diventa il tuo mare,<br \/>\nche esplode d&#8217;azzurro<br \/>\ne poi diventa il tuo niente,<br \/>\nil tuo poco,<br \/>\nIl tuo tutto&#8230;..<br \/>\nun indiscutibile assioma<br \/>\nche finalmente\u00a0 riposa<br \/>\nsui ben saldi<br \/>\nbinari del tempo<\/p>\n","protected":false},"excerpt":{"rendered":"<p>&nbsp; DALLA VIVA VOCE DELLA POETESSA &nbsp; FUNAMBOLO La tua corda tesa nel vuoto \u00e8 un intreccio di sogni . Vai da una stella ad un&#8217;altra in un cielo capovolto a cercare\u00a0 una srada, con le braccia aperte, che sembrano ali. Pi\u00f9 su degli uccelli, pi\u00f9 lontano, pi\u00f9 in l\u00e0, delle passioni terrene. Non invecchi,&hellip;<\/p>\n","protected":false},"author":1,"featured_media":106865,"comment_status":"closed","ping_status":"closed","sticky":false,"template":"","format":"standard","meta":{"_monsterinsights_skip_tracking":false,"_monsterinsights_sitenote_active":false,"_monsterinsights_sitenote_note":"","_monsterinsights_sitenote_category":0,"footnotes":""},"categories":[22,49],"tags":[],"class_list":["post-118451","post","type-post","status-publish","format-standard","has-post-thumbnail","hentry","category-invivoverso","category-news-18","category-22","category-49","description-off"],"img_url":"https:\/\/www.radiopiu.net\/wordpress\/wp-content\/uploads\/2019\/11\/ILARIA-COLANGELI-FOTO.jpg","_links":{"self":[{"href":"https:\/\/www.radiopiu.net\/wordpress\/wp-json\/wp\/v2\/posts\/118451","targetHints":{"allow":["GET"]}}],"collection":[{"href":"https:\/\/www.radiopiu.net\/wordpress\/wp-json\/wp\/v2\/posts"}],"about":[{"href":"https:\/\/www.radiopiu.net\/wordpress\/wp-json\/wp\/v2\/types\/post"}],"author":[{"embeddable":true,"href":"https:\/\/www.radiopiu.net\/wordpress\/wp-json\/wp\/v2\/users\/1"}],"replies":[{"embeddable":true,"href":"https:\/\/www.radiopiu.net\/wordpress\/wp-json\/wp\/v2\/comments?post=118451"}],"version-history":[{"count":0,"href":"https:\/\/www.radiopiu.net\/wordpress\/wp-json\/wp\/v2\/posts\/118451\/revisions"}],"wp:featuredmedia":[{"embeddable":true,"href":"https:\/\/www.radiopiu.net\/wordpress\/wp-json\/wp\/v2\/media\/106865"}],"wp:attachment":[{"href":"https:\/\/www.radiopiu.net\/wordpress\/wp-json\/wp\/v2\/media?parent=118451"}],"wp:term":[{"taxonomy":"category","embeddable":true,"href":"https:\/\/www.radiopiu.net\/wordpress\/wp-json\/wp\/v2\/categories?post=118451"},{"taxonomy":"post_tag","embeddable":true,"href":"https:\/\/www.radiopiu.net\/wordpress\/wp-json\/wp\/v2\/tags?post=118451"}],"curies":[{"name":"wp","href":"https:\/\/api.w.org\/{rel}","templated":true}]}}