{"id":118501,"date":"2020-02-21T19:07:05","date_gmt":"2020-02-21T18:07:05","guid":{"rendered":"https:\/\/www.radiopiu.net\/wordpress\/?p=118501"},"modified":"2020-02-22T09:30:55","modified_gmt":"2020-02-22T08:30:55","slug":"il-sito-alanews-da-notizia-dellevacuazione-di-uno-dei-piani-degli-uffici-luxottica-di-milano","status":"publish","type":"post","link":"https:\/\/www.radiopiu.net\/wordpress\/il-sito-alanews-da-notizia-dellevacuazione-di-uno-dei-piani-degli-uffici-luxottica-di-milano\/","title":{"rendered":"IL SITO ALANEWS DA NOTIZIA DELL&#8217;EVACUAZIONE DI UNO DEI PIANI DEGLI UFFICI LUXOTTICA DI MILANO"},"content":{"rendered":"<p>&nbsp;<\/p>\n<p>&nbsp;<\/p>\n<blockquote>\n<h2>LA GRANDE PAURA CONTAGIA IL POPOLO LUXOTTICA<\/h2>\n<\/blockquote>\n<p><strong>MILANO<\/strong> Ieri pomeriggio il sito AlaNews ha annunciato la chiusura degli uffici di Milano. Una possibile evacuazione \u00e8 stata poi smentita dall&#8217;azienda che comunque ha confermato lo stato di massima attenzione<\/p>\n<h3><span style=\"color: #0000ff;\">ALLARME CORONAVIRUS LUXOTTICA: &#8220;TUTTO SOTTO CONTROLLO&#8221;<\/span><\/h3>\n<p><a class=\"dt-pswp-item\" href=\"https:\/\/www.radiopiu.net\/wordpress\/wp-content\/uploads\/2020\/02\/LUXOTTICA-NOTTE-scaled.jpg\" data-dt-img-description=\"\" data-large_image_width=\"2560\" data-large_image_height=\"1920\"><img loading=\"lazy\" decoding=\"async\" class=\"size-medium wp-image-117391 alignleft\" src=\"https:\/\/www.radiopiu.net\/wordpress\/wp-content\/uploads\/2020\/02\/LUXOTTICA-NOTTE-300x225.jpg\" alt=\"\" width=\"300\" height=\"225\" srcset=\"https:\/\/www.radiopiu.net\/wordpress\/wp-content\/uploads\/2020\/02\/LUXOTTICA-NOTTE-300x225.jpg 300w, https:\/\/www.radiopiu.net\/wordpress\/wp-content\/uploads\/2020\/02\/LUXOTTICA-NOTTE-1024x768.jpg 1024w, https:\/\/www.radiopiu.net\/wordpress\/wp-content\/uploads\/2020\/02\/LUXOTTICA-NOTTE-768x576.jpg 768w, https:\/\/www.radiopiu.net\/wordpress\/wp-content\/uploads\/2020\/02\/LUXOTTICA-NOTTE-1536x1152.jpg 1536w, https:\/\/www.radiopiu.net\/wordpress\/wp-content\/uploads\/2020\/02\/LUXOTTICA-NOTTE-2048x1536.jpg 2048w\" sizes=\"auto, (max-width: 300px) 100vw, 300px\" \/><\/a>Smentita dall\u2019azienda che siano stati evacuati gli uffici di Milano a Piazzale Cadorna. L\u2019allarme CoronaVirus nella sede Luxottica di Milano \u00e8 rientrato. Anzi, si pu\u00f2 dire che la situazione era sotto controllo fin dall\u2019inizio. Tutto \u00e8 partito da un dipendente della sede centrale che ha destato preoccupazioni per un possibile contatto con dei conoscenti del paziente contagiato in provincia di Codogno. Da qui l\u2019azienda a consigliato al dipendente di affrontare la trafila degli esami per constatare se realmente fosse stato contagiato. Allo stesso \u00e8 stato consigliato di fare uso dello \u201csmart working\u201d, cio\u00e8 poter lavorare da casa. Nessuna evacuazione della sede milanese di Luxottica. L\u2019azienda ha consigliato lo \u201csmart working\u201d anche ad una ventina di persone residenti nell\u2019area contagiata. Tutto sotto controllo dunque<\/p>\n<p>&nbsp;<\/p>\n<p>&nbsp;<\/p>\n<blockquote>\n<h3>CORONAVIRUS, IERI POMERIGGIO IL SITO INTERNET ALANEWS HA BATTUTO LA NOTIZIA DELL&#8217;EVACUAZIONE DEGLI UFFICI LUXOTTICA DI MILANO<\/h3>\n<\/blockquote>\n<blockquote class=\"wp-embedded-content\" data-secret=\"JShkxz1O3y\"><p><a href=\"https:\/\/www.radiopiu.net\/wordpress\/il-sito-alanews-da-notizia-dellevacuazione-di-uno-dei-piani-degli-uffici-luxottica-di-milano\/\">IL SITO ALANEWS DA NOTIZIA DELL&#8217;EVACUAZIONE DI UNO DEI PIANI DEGLI UFFICI LUXOTTICA DI MILANO<\/a><\/p><\/blockquote>\n<p><iframe loading=\"lazy\" title=\"&#8220;IL SITO ALANEWS DA NOTIZIA DELL&#8217;EVACUAZIONE DI UNO DEI PIANI DEGLI UFFICI LUXOTTICA DI MILANO&#8221; &#8212; Radio Pi\u00f9\" class=\"wp-embedded-content\" sandbox=\"allow-scripts\" security=\"restricted\" style=\"position: absolute; clip: rect(1px, 1px, 1px, 1px);\" src=\"https:\/\/www.radiopiu.net\/wordpress\/il-sito-alanews-da-notizia-dellevacuazione-di-uno-dei-piani-degli-uffici-luxottica-di-milano\/embed\/#?secret=JShkxz1O3y\" data-secret=\"JShkxz1O3y\" width=\"600\" height=\"338\" frameborder=\"0\" marginwidth=\"0\" marginheight=\"0\" scrolling=\"no\"><\/iframe><\/p>\n<p>&nbsp;<\/p>\n<p>&nbsp;<\/p>\n<p>SITO ALANEWS:<\/p>\n<blockquote class=\"wp-embedded-content\" data-secret=\"pLn5ddg8wI\"><p><a href=\"http:\/\/www.alanews.it\/cronaca-italiana\/milano-evacuato-piano-sede-di-luxottica-per-possibile-contagio-di-coronavirus\/\">Milano, evacuato piano sede di Luxottica per possibile contagio di Coronavirus<\/a><\/p><\/blockquote>\n<p><iframe loading=\"lazy\" title=\"&#8220;Milano, evacuato piano sede di Luxottica per possibile contagio di Coronavirus&#8221; &#8212; alanews\" class=\"wp-embedded-content\" sandbox=\"allow-scripts\" security=\"restricted\" style=\"position: absolute; clip: rect(1px, 1px, 1px, 1px);\" src=\"http:\/\/www.alanews.it\/cronaca-italiana\/milano-evacuato-piano-sede-di-luxottica-per-possibile-contagio-di-coronavirus\/embed\/#?secret=pLn5ddg8wI\" data-secret=\"pLn5ddg8wI\" width=\"600\" height=\"338\" frameborder=\"0\" marginwidth=\"0\" marginheight=\"0\" scrolling=\"no\"><\/iframe><\/p>\n<p>&nbsp;<\/p>\n<p>CRONACA (Milano). E&#8217; stato\u00a0<strong>evacuato<\/strong>\u00a0nel primo pomeriggio uno dei piani della sede di\u00a0<strong>Luxottica<\/strong>\u00a0a Milano. Da quanto alanews apprende da fonti interne all&#8217;azienda, una dipendente del noto brand di occhialeria sarebbe di recente entrata in contatto con un&#8217;amica partecipante alla cena in cui era presente il 38enne ora ricoverato in gravi condizioni presso l&#8217;ospedale di Codogno per aver contratto il Coronavirus.<br \/>\nEvacuato il piano in cui l&#8217;interessata \u00e8 solita operare, l&#8217;azienda non ha attualmente esteso le indicazioni agli altri uffici. Sempre da quanto \u00e8 noto ad alanews, Luxottica sta vagliando l&#8217;ipotesi di tenere chiusa la sede nella giornata di luned\u00ec in attesa di rassicurazioni dalle autorit\u00e0.<\/p>\n<p><em>Aggiornamento ore 17:50<\/em><\/p>\n<p>Da quanto apprende alanews, il solo quarto piano dell&#8217;edificio sarebbe stato sgomberato con i dipendenti invitati allo &#8220;smart working&#8221; per le ore conclusive della giornata lavorativa.<br \/>\nLa nostra agenzia \u00e8 anche entrata in possesso della circolare interna diramata dall&#8217;azienda, la quale recita: &#8220;(&#8230;) Al momento ci \u00e8 stato segnalato un potenziale caso di\u00a0<strong>contatto indiretto<\/strong>\u00a0che abbiamo deciso di gestire a titolo precauzionale con due settimane di smart working.(&#8230;)&#8221;. La diretta interessata, dunque, continuer\u00e0 a lavorare da casa per i prossimi 14 giorni.<\/p>\n<div class=\"jeg_ad jeg_ad_article jnews_content_inline_ads\"><\/div>\n<p><em>Aggiornamento 18:03<\/em><\/p>\n<p>Per bocca di un portavoce, Luxottica\u00a0<strong>smentisce<\/strong>\u00a0qualsiasi forma di evacuazione in corso all&#8217;interno della propria sede direzionale.<\/p>\n<p><em>Aggiornamento ore 18:36<\/em><\/p>\n<p>Nonostante la smentita dell&#8217;azienda, alanews continua a registrare\u00a0<strong>conferme<\/strong>\u00a0da parte delle proprie fonti.<br \/>\nL&#8217;amica della dipendente di Luxottica avrebbe confidato di aver fatto i test per il coronavirus e di essere risultata negativa. Nonostante ci\u00f2, la dipendente ha fatto presente al dipartimento HR quanto accaduto facendo propendere l&#8217;azienda per lo svuotamento del piano. Il quale\u00a0<strong>piano risulta essere lo 0<\/strong>\u00a0(non il quarto come precedentemente affermato).<br \/>\nGli stessi dipendenti del piano 0, lavoreranno in smart working nella giornata di luned\u00ec.<\/p>\n","protected":false},"excerpt":{"rendered":"<p>&nbsp; &nbsp; LA GRANDE PAURA CONTAGIA IL POPOLO LUXOTTICA MILANO Ieri pomeriggio il sito AlaNews ha annunciato la chiusura degli uffici di Milano. Una possibile evacuazione \u00e8 stata poi smentita dall&#8217;azienda che comunque ha confermato lo stato di massima attenzione ALLARME CORONAVIRUS LUXOTTICA: &#8220;TUTTO SOTTO CONTROLLO&#8221; Smentita dall\u2019azienda che siano stati evacuati gli uffici di&hellip;<\/p>\n","protected":false},"author":1,"featured_media":103580,"comment_status":"closed","ping_status":"closed","sticky":false,"template":"","format":"standard","meta":{"_monsterinsights_skip_tracking":false,"_monsterinsights_sitenote_active":false,"_monsterinsights_sitenote_note":"","_monsterinsights_sitenote_category":0,"footnotes":""},"categories":[1],"tags":[],"class_list":["post-118501","post","type-post","status-publish","format-standard","has-post-thumbnail","hentry","category-senza-categoria","category-1","description-off"],"img_url":"https:\/\/www.radiopiu.net\/wordpress\/wp-content\/uploads\/2019\/10\/MAGLIA-LUXOTTICA.jpeg","_links":{"self":[{"href":"https:\/\/www.radiopiu.net\/wordpress\/wp-json\/wp\/v2\/posts\/118501","targetHints":{"allow":["GET"]}}],"collection":[{"href":"https:\/\/www.radiopiu.net\/wordpress\/wp-json\/wp\/v2\/posts"}],"about":[{"href":"https:\/\/www.radiopiu.net\/wordpress\/wp-json\/wp\/v2\/types\/post"}],"author":[{"embeddable":true,"href":"https:\/\/www.radiopiu.net\/wordpress\/wp-json\/wp\/v2\/users\/1"}],"replies":[{"embeddable":true,"href":"https:\/\/www.radiopiu.net\/wordpress\/wp-json\/wp\/v2\/comments?post=118501"}],"version-history":[{"count":0,"href":"https:\/\/www.radiopiu.net\/wordpress\/wp-json\/wp\/v2\/posts\/118501\/revisions"}],"wp:featuredmedia":[{"embeddable":true,"href":"https:\/\/www.radiopiu.net\/wordpress\/wp-json\/wp\/v2\/media\/103580"}],"wp:attachment":[{"href":"https:\/\/www.radiopiu.net\/wordpress\/wp-json\/wp\/v2\/media?parent=118501"}],"wp:term":[{"taxonomy":"category","embeddable":true,"href":"https:\/\/www.radiopiu.net\/wordpress\/wp-json\/wp\/v2\/categories?post=118501"},{"taxonomy":"post_tag","embeddable":true,"href":"https:\/\/www.radiopiu.net\/wordpress\/wp-json\/wp\/v2\/tags?post=118501"}],"curies":[{"name":"wp","href":"https:\/\/api.w.org\/{rel}","templated":true}]}}