{"id":118547,"date":"2020-02-22T06:17:30","date_gmt":"2020-02-22T05:17:30","guid":{"rendered":"https:\/\/www.radiopiu.net\/wordpress\/?p=118547"},"modified":"2020-02-22T06:20:27","modified_gmt":"2020-02-22T05:20:27","slug":"domani-ad-alleghe-lassemblea-dei-donatori-di-sangue","status":"publish","type":"post","link":"https:\/\/www.radiopiu.net\/wordpress\/domani-ad-alleghe-lassemblea-dei-donatori-di-sangue\/","title":{"rendered":"DOMANI AD ALLEGHE L&#8217;ASSEMBLEA DEI DONATORI DI SANGUE"},"content":{"rendered":"<p><a class=\"dt-pswp-item\" href=\"https:\/\/www.radiopiu.net\/wordpress\/wp-content\/uploads\/2020\/02\/IMG-20190303-WA0005.jpg\" data-dt-img-description=\"\" data-large_image_width=\"1024\" data-large_image_height=\"768\"><img loading=\"lazy\" decoding=\"async\" class=\"wp-image-118548 alignleft\" src=\"https:\/\/www.radiopiu.net\/wordpress\/wp-content\/uploads\/2020\/02\/IMG-20190303-WA0005-300x225.jpg\" alt=\"\" width=\"215\" height=\"161\" srcset=\"https:\/\/www.radiopiu.net\/wordpress\/wp-content\/uploads\/2020\/02\/IMG-20190303-WA0005-300x225.jpg 300w, https:\/\/www.radiopiu.net\/wordpress\/wp-content\/uploads\/2020\/02\/IMG-20190303-WA0005-768x576.jpg 768w, https:\/\/www.radiopiu.net\/wordpress\/wp-content\/uploads\/2020\/02\/IMG-20190303-WA0005.jpg 1024w\" sizes=\"auto, (max-width: 215px) 100vw, 215px\" \/><\/a><strong>ALLEGHE<\/strong> Domani si terr\u00e0 alle\u00a0 18 presso la Sede degli Alpini in localit\u00e0 Masar\u00e8 di Alleghe l\u2019annuale assemblea della Sezione A.B.V.S. di Alleghe: anche quest\u2019anno, in sostituzione del consueto pranzo sociale della Sezione sar\u00e0 organizata una cena\u00a0 ad aprile (anticipata dalla Santa Messa in suffragio dei donatori scomparsi) per dare la possibilit\u00e0 anche ai donatori impegnati durante la stagione invernale di potervi partecipare. Il Consiglio Direttivo si augura che i donatori della Sezione vogliano presenziare numerosi sia all\u2019Assemblea, dove saranno dibattuti i temi legati agli aspetti organizzativi, sia alla cena durante la quale saranno consegnate le benemerenze maturate nel corso dello scorso anno: 4 medaglie di bronzo (15 donazioni), 3 medaglie d\u2019argento (25 donazioni), 1 medaglia d\u2019oro (50 donazioni), 1 distintivo d\u2019oro (75 donazioni) ai donatori che ne hanno diritto per aver raggiunto traguardi significativi nella vita della Sezione.<\/p>\n<p>&nbsp;<\/p>\n<h2>LA RELAZIONE del Segretario Paolo Bellenzier<\/h2>\n<p align=\"JUSTIFY\"><span style=\"font-size: large;\"><span style=\"font-size: medium;\">Nel 2019 abbiamo pressoch\u00e9 mantenuto i dati dell\u2019anno precedente, dove contiamo 81 donatori attivi suddivisi in 49 uomini e 32 donne. Le donazioni totali sono 107 e 4 sospensioni temporanee. Il dato importante \u00e8 l\u2019arrivo di 6 nuovi donatori, provenienti sempre dal nostro comune e dalle zone limitrofe. A loro va un ringraziamento caloroso perch\u00e9 sono sintomo di rinnovamento e danno valore a uno dei modi pi\u00f9 semplici ed efficaci, il passa parola all\u2019interno delle famiglie, tra le amicizie e anche al lavoro. <\/span><\/span><span style=\"font-size: large;\"><span style=\"font-size: medium;\">Ricordiamo a loro, anzi a tutti, il metodo di prenotazione e chiamata. Per consentire una gestione accurata e funzionale, il CRAT di Belluno richiede di far prenotare ad ogni donatore la sede e l\u2019orario in cui recarsi per il salasso: questo metodo, adottato ormai da alcuni anni, \u00e8 risultato efficace. La Segreteria Provinciale pu\u00f2, in base alle necessit\u00e0 dettate dal centro trasfusionale, chiamare i donatori al recapito fornito in sede di registrazione. Potr\u00e0 comunque ogni donatore richiedere la prenotazione sia telefonando al 0437 27700, oppure tramite l\u2019applicazione AVISNET installabile sugli smartphone Android e Mac. Questa applicazione \u00e8 utile anche per avere a disposizione i propri dati nonch\u00e9 lo storico delle proprie donazioni. Siamo sempre a disposizione per informazioni relative a questo ultimo metodo di prenotazione. <\/span><\/span><span style=\"font-size: large;\"><span style=\"font-size: medium;\">Ricordo che, dopo l\u2019avvenuta conferma di prenotazione da parte della Segreteria Provinciale, sar\u00e0 necessario recarsi al centro di raccolta muniti di documento di identit\u00e0, tessera sanitaria e libretto delle donazioni. <\/span><\/span><span style=\"font-size: large;\"><span style=\"font-size: medium;\">Parlando ora della vita associativa vi porto a conoscenza che quest\u2019anno la nostra Sezione \u00e8 stata scelta per il programma annuale di finanziamento organizzato dalle scuole locali. Abbiamo raccontato al docente organizzatore la storia della nostra Sezione, presente nel territorio dal 1954. <\/span><\/span><span style=\"font-size: large;\"><span style=\"font-size: medium;\">Restando nell\u2019ambito scolastico, dopo colloquio col Preside del plesso scolastico, abbiamo concordato di organizzare una giornata informativa in primavera: lo stesso propone di estendere l\u2019evento anche alle scuole secondarie di primo grado oltre che alle primarie. <\/span><\/span><span style=\"font-size: large;\"><span style=\"font-size: medium;\">L\u2019appuntamento informativo legato alla manifestazione delle barche illuminate non ha avuto buon esito, non avendolo potuto portare a termine per problemi di salute: auspico di riuscire ad organizzare al meglio in occasione della prossima manifestazione estiva. <\/span><\/span><span style=\"font-size: large;\"><span style=\"font-size: medium;\">Come l\u2019anno scorso proporremo la cena della nostra Sezione nel periodo primaverile per consentire a pi\u00f9 donatori di parteciparvi, condividendo una serata in allegria con la possibilit\u00e0 di creare dibattiti relativi alla vita associativa e festeggiare assieme i donatori che hanno raggiunto i loro traguardi. <\/span><\/span><\/p>\n<blockquote>\n<p align=\"JUSTIFY\">\n<\/blockquote>\n","protected":false},"excerpt":{"rendered":"<p>ALLEGHE Domani si terr\u00e0 alle\u00a0 18 presso la Sede degli Alpini in localit\u00e0 Masar\u00e8 di Alleghe l\u2019annuale assemblea della Sezione A.B.V.S. di Alleghe: anche quest\u2019anno, in sostituzione del consueto pranzo sociale della Sezione sar\u00e0 organizata una cena\u00a0 ad aprile (anticipata dalla Santa Messa in suffragio dei donatori scomparsi) per dare la possibilit\u00e0 anche ai donatori&hellip;<\/p>\n","protected":false},"author":1,"featured_media":118548,"comment_status":"closed","ping_status":"closed","sticky":false,"template":"","format":"standard","meta":{"_monsterinsights_skip_tracking":false,"_monsterinsights_sitenote_active":false,"_monsterinsights_sitenote_note":"","_monsterinsights_sitenote_category":0,"footnotes":""},"categories":[49],"tags":[],"class_list":["post-118547","post","type-post","status-publish","format-standard","has-post-thumbnail","hentry","category-news-18","category-49","description-off"],"img_url":"https:\/\/www.radiopiu.net\/wordpress\/wp-content\/uploads\/2020\/02\/IMG-20190303-WA0005.jpg","_links":{"self":[{"href":"https:\/\/www.radiopiu.net\/wordpress\/wp-json\/wp\/v2\/posts\/118547","targetHints":{"allow":["GET"]}}],"collection":[{"href":"https:\/\/www.radiopiu.net\/wordpress\/wp-json\/wp\/v2\/posts"}],"about":[{"href":"https:\/\/www.radiopiu.net\/wordpress\/wp-json\/wp\/v2\/types\/post"}],"author":[{"embeddable":true,"href":"https:\/\/www.radiopiu.net\/wordpress\/wp-json\/wp\/v2\/users\/1"}],"replies":[{"embeddable":true,"href":"https:\/\/www.radiopiu.net\/wordpress\/wp-json\/wp\/v2\/comments?post=118547"}],"version-history":[{"count":0,"href":"https:\/\/www.radiopiu.net\/wordpress\/wp-json\/wp\/v2\/posts\/118547\/revisions"}],"wp:featuredmedia":[{"embeddable":true,"href":"https:\/\/www.radiopiu.net\/wordpress\/wp-json\/wp\/v2\/media\/118548"}],"wp:attachment":[{"href":"https:\/\/www.radiopiu.net\/wordpress\/wp-json\/wp\/v2\/media?parent=118547"}],"wp:term":[{"taxonomy":"category","embeddable":true,"href":"https:\/\/www.radiopiu.net\/wordpress\/wp-json\/wp\/v2\/categories?post=118547"},{"taxonomy":"post_tag","embeddable":true,"href":"https:\/\/www.radiopiu.net\/wordpress\/wp-json\/wp\/v2\/tags?post=118547"}],"curies":[{"name":"wp","href":"https:\/\/api.w.org\/{rel}","templated":true}]}}