{"id":118577,"date":"2020-02-22T15:08:05","date_gmt":"2020-02-22T14:08:05","guid":{"rendered":"https:\/\/www.radiopiu.net\/wordpress\/?p=118577"},"modified":"2020-02-22T15:08:05","modified_gmt":"2020-02-22T14:08:05","slug":"tariffe-2019-in-calo-solo-gas-e-telefono-per-le-nostre-pmi-le-bollette-di-elettricita-e-gas-sono-le-piu-care-in-ue","status":"publish","type":"post","link":"https:\/\/www.radiopiu.net\/wordpress\/tariffe-2019-in-calo-solo-gas-e-telefono-per-le-nostre-pmi-le-bollette-di-elettricita-e-gas-sono-le-piu-care-in-ue\/","title":{"rendered":"TARIFFE 2019: IN CALO SOLO GAS E TELEFONO. PER LE NOSTRE PMI LE BOLLETTE DI ELETTRICITA\u2019 E GAS SONO LE PIU\u2019 CARE IN UE"},"content":{"rendered":"<p>Nel 2019 le tariffe in Italia hanno continuato ad aumentare: le uniche in controtendenza sono state il gas (-0,9 per cento) e i servizi telefonici (-6,1 per cento); queste voci, assieme alle corse dei taxi (+0,5 per cento) e ai pedaggi sono le sole tariffe ad essere rimaste al di sotto dell\u2019inflazione che, l\u2019anno scorso, \u00e8 salita dello 0,6 per cento.<\/p>\n<p>Tutte le altre, invece, hanno subito dei rincari importanti: in particolar modo i trasporti urbani (+2,6 per cento), i servizi postali (+3,4), l\u2019energia elettrica (+5) e i trasporti ferroviari (+7 per cento). Pi\u00f9 contenuti, ma comunque superiori all\u2019incremento del carovita, gli aumenti registrati dalla raccolta dei rifiuti (+1) e dalla fornitura dell\u2019acqua (+2 per cento). Solo i pedaggi autostradali\/parchimetri non hanno subito sostanziali variazioni rispetto al 2018.<\/p>\n<p>\u201cLa diminuzione del costo del gas naturale registrato nell\u2019ultimo anno \u2013 segnala il coordinatore dell\u2019Ufficio studi della CGIA Paolo Zabeo &#8211; ha contribuito a frenare l\u2019aumento dei prezzi\u00a0 di una buona parte delle tariffe prese in esame. Nonostante ci\u00f2, i rincari dei trasporti e delle bollette della luce sono stati importanti e a risentirne sono state le famiglie con redditi medio-bassi, visto che questi costi incidono in misura pi\u00f9 significativa tra i nuclei che hanno una capacit\u00e0 di spesa pi\u00f9 contenuta e molto meno in quelli che dispongono di risorse economiche maggiori\u201d.<\/p>\n<p>Gli aumenti tariffari avvenuti nel 2019, comunque, sono stati sensibilmente inferiori a quelli\u00a0 che si sono verificati nell\u2019ultimo decennio. Se il costo della vita tra il 2009 e il 2019 \u00e8 salito del 12,3 per cento, nello stesso periodo il gas \u00e8 aumentato del 6,2 per cento, i taxi del 15,7, l\u2019energia elettrica del 25,7, i rifiuti del 31,5, i pedaggi del 34,5, i trasporti urbani del 36,9, quelli ferroviari del 38, i servizi postali del 46,3 e l\u2019acqua dell\u201981,6 per cento. Tra le 10 tariffe esaminate solo i servizi telefonici hanno subito una contrazione di prezzo (-15,9 per cento) (vedi Tab. 1).<\/p>\n<p>\u201cCome annunciato dall\u2019Authority per l\u2019energia elettrica e il gas nel dicembre scorso \u2013 dichiara il Segretario della CGIA Renato Mason \u2013 nel primo trimestre di quest\u2019anno le tariffe della luce subiranno una contrazione del 5,4 per cento, quelle del gas, invece, registreranno un aggiustamento del +0,8 per cento. Salvo le novit\u00e0 che potrebbero essere inserite al Senato nel decreto Milleproroghe, va segnalato che la tanto attesa liberalizzazione del mercato tutelato sia dell\u2019energia elettrica sia del gas \u00e8 slittata per le famiglie al 1\u00b0 gennaio 2022\u201d.<\/p>\n<p>Per le nostre aziende le bollette di energia e gas sono le pi\u00f9 care d\u2019Europa<br \/>\nSe confrontiamo il peso delle nostre tariffe con quello degli altri paesi europei (dati riferiti al 1\u00b0 semestre 2019),\u00a0 il risultato che emerge non \u00e8 per nulla confortante, soprattutto per le imprese.<\/p>\n<p>Per quanto concerne il prezzo dell\u2019energia elettrica per una famiglia con un consumo domestico medio annuo compreso tra 2.500 e 5.000 KWH, ad esempio, il nostro paese si colloca al quinto posto con un rincaro rispetto al dato medio dei Paesi dell\u2019Area euro pari all\u20191,4 per cento (vedi Tab. 2a). Per le imprese, invece, la situazione \u00e8 molto critica. Nell\u2019Area euro le nostre bollette sono le pi\u00f9 care: rispetto alla media dei 19 Paesi che utilizzano la moneta unica, il costo medio dell\u2019energia elettrica\u00a0 praticata alle nostre attivit\u00e0 produttive \u00e8 superiore del 29,6 per cento (vedi Tab. 2b).<\/p>\n<p>Per il gas, invece, il costo medio che grava su una famiglia italiana con un consumo domestico compreso tra 20 e 200 GJ (Giga Joule \u2013 unit\u00e0 di misura dell\u2019energia) \u00e8 il secondo tra i 19 paesi che utilizzano la moneta unica. Rispetto alla media dell\u2019Area Euro paghiamo l\u20198,2 per cento in pi\u00f9 (vedi Tab. 3a). Le nostre Pmi, invece, pagano il gas il 18,5 per cento in pi\u00f9 rispetto la media dei paesi analizzati (vedi Tab. 3b).<\/p>\n<p>Viaggiare con i nostri mezzi pubblici costa poco<br \/>\nAl netto della qualit\u00e0 del servizio reso ai viaggiatori soprattutto nelle grandi citt\u00e0, da un punto di vista economico utilizzare i mezzi pubblici italiani conviene.\u00a0 Nel confronto con le principali citt\u00e0 europee, infatti, il costo del biglietto di bus, tram e metropolitana di sola andata per una tratta di circa 10 chilometri (o almeno 10 fermate) \u00e8 il pi\u00f9 basso in assoluto.\u00a0 La media misurata a Milano e Roma \u00e8 di 1,57 euro.\u00a0\u00a0 Niente a che vedere con il prezzo praticato, ad esempio, a\u00a0 Londra (4,79 euro), a Stoccolma (4,60 euro) e alla media di Berlino-Francoforte e Monaco di Baviera (2,94 euro). (vedi Tab. 4)<\/p>\n<p>Biglietti tra i meno cari d\u2019Europa anche quando viaggiamo in treno. Quello di sola andata in seconda classe per una tratta di almeno 200 chilometri applicato a partire dalle stazioni di Milano e di Roma \u00e8 mediamente di 23,25 euro. Nulla a che vedere con i 50,38 euro chiesti a Berlino-Francoforte-Monaco di Baviera, con i 48,35 euro di Londra e i 32,28 euro di Parigi (vedi Tab. 5).<\/p>\n<p>La tariffa dell\u2019acqua \u00e8 la meno cara d\u2019Europa<br \/>\nPer quanto concerne la tariffa della fornitura dell\u2019acqua, infine, \u00e8 necessario fare una precisazione. E\u2019 vero che gli aumenti che si sono registrati in Italia nel 2019 sono stati molto importanti, tuttavia va ricordato che il prezzo medio al metro cubo a Roma, pari a 1,78 euro, \u00e8 nettamente inferiore a quasi tutte le tariffe medie applicate nelle principali capitali europee (vedi Tab. 6).<\/p>\n\n\t\t\t<style type='text\/css'>\n\t\t\t\t#gallery-1 {\n\t\t\t\t\tmargin: auto;\n\t\t\t\t}\n\t\t\t\t#gallery-1 .gallery-item {\n\t\t\t\t\tfloat: left;\n\t\t\t\t\tmargin-top: 10px;\n\t\t\t\t\ttext-align: center;\n\t\t\t\t\twidth: 33%;\n\t\t\t\t}\n\t\t\t\t#gallery-1 img {\n\t\t\t\t\tborder: 2px solid #cfcfcf;\n\t\t\t\t}\n\t\t\t\t#gallery-1 .gallery-caption {\n\t\t\t\t\tmargin-left: 0;\n\t\t\t\t}\n\t\t\t\t\/* see gallery_shortcode() in wp-includes\/media.php *\/\n\t\t\t<\/style>\n\t\t<div id='gallery-1' class='dt-gallery-container gallery galleryid-118577 gallery-columns-3 gallery-size-medium'><dl class='gallery-item'>\n\t\t\t\t<dt class='gallery-icon landscape'>\n\t\t\t\t\t<a class=\"rollover rollover-zoom dt-pswp-item\" title=\"Schermata 2020-02-22 alle 15.01.01\" data-dt-img-description=\"\" data-large_image_width=\"890\" data-large_image_height=\"778\"href='https:\/\/www.radiopiu.net\/wordpress\/wp-content\/uploads\/2020\/02\/Schermata-2020-02-22-alle-15.01.01.png'><img loading=\"lazy\" decoding=\"async\" width=\"300\" height=\"262\" src=\"https:\/\/www.radiopiu.net\/wordpress\/wp-content\/uploads\/2020\/02\/Schermata-2020-02-22-alle-15.01.01-300x262.png\" class=\"attachment-medium size-medium\" alt=\"\" srcset=\"https:\/\/www.radiopiu.net\/wordpress\/wp-content\/uploads\/2020\/02\/Schermata-2020-02-22-alle-15.01.01-300x262.png 300w, https:\/\/www.radiopiu.net\/wordpress\/wp-content\/uploads\/2020\/02\/Schermata-2020-02-22-alle-15.01.01-768x671.png 768w, https:\/\/www.radiopiu.net\/wordpress\/wp-content\/uploads\/2020\/02\/Schermata-2020-02-22-alle-15.01.01.png 890w\" sizes=\"auto, (max-width: 300px) 100vw, 300px\" \/><\/a>\n\t\t\t\t<\/dt><\/dl><dl class='gallery-item'>\n\t\t\t\t<dt class='gallery-icon portrait'>\n\t\t\t\t\t<a class=\"rollover rollover-zoom dt-pswp-item\" title=\"Schermata 2020-02-22 alle 15.01.18\" data-dt-img-description=\"\" data-large_image_width=\"890\" data-large_image_height=\"1142\"href='https:\/\/www.radiopiu.net\/wordpress\/wp-content\/uploads\/2020\/02\/Schermata-2020-02-22-alle-15.01.18.png'><img loading=\"lazy\" decoding=\"async\" width=\"234\" height=\"300\" src=\"https:\/\/www.radiopiu.net\/wordpress\/wp-content\/uploads\/2020\/02\/Schermata-2020-02-22-alle-15.01.18-234x300.png\" class=\"attachment-medium size-medium\" alt=\"\" srcset=\"https:\/\/www.radiopiu.net\/wordpress\/wp-content\/uploads\/2020\/02\/Schermata-2020-02-22-alle-15.01.18-234x300.png 234w, https:\/\/www.radiopiu.net\/wordpress\/wp-content\/uploads\/2020\/02\/Schermata-2020-02-22-alle-15.01.18-798x1024.png 798w, https:\/\/www.radiopiu.net\/wordpress\/wp-content\/uploads\/2020\/02\/Schermata-2020-02-22-alle-15.01.18-768x985.png 768w, https:\/\/www.radiopiu.net\/wordpress\/wp-content\/uploads\/2020\/02\/Schermata-2020-02-22-alle-15.01.18.png 890w\" sizes=\"auto, (max-width: 234px) 100vw, 234px\" \/><\/a>\n\t\t\t\t<\/dt><\/dl><dl class='gallery-item'>\n\t\t\t\t<dt class='gallery-icon landscape'>\n\t\t\t\t\t<a class=\"rollover rollover-zoom dt-pswp-item\" title=\"Schermata 2020-02-22 alle 15.01.37\" data-dt-img-description=\"\" data-large_image_width=\"1286\" data-large_image_height=\"1160\"href='https:\/\/www.radiopiu.net\/wordpress\/wp-content\/uploads\/2020\/02\/Schermata-2020-02-22-alle-15.01.37.png'><img loading=\"lazy\" decoding=\"async\" width=\"300\" height=\"271\" src=\"https:\/\/www.radiopiu.net\/wordpress\/wp-content\/uploads\/2020\/02\/Schermata-2020-02-22-alle-15.01.37-300x271.png\" class=\"attachment-medium size-medium\" alt=\"\" srcset=\"https:\/\/www.radiopiu.net\/wordpress\/wp-content\/uploads\/2020\/02\/Schermata-2020-02-22-alle-15.01.37-300x271.png 300w, https:\/\/www.radiopiu.net\/wordpress\/wp-content\/uploads\/2020\/02\/Schermata-2020-02-22-alle-15.01.37-1024x924.png 1024w, https:\/\/www.radiopiu.net\/wordpress\/wp-content\/uploads\/2020\/02\/Schermata-2020-02-22-alle-15.01.37-768x693.png 768w, https:\/\/www.radiopiu.net\/wordpress\/wp-content\/uploads\/2020\/02\/Schermata-2020-02-22-alle-15.01.37.png 1286w\" sizes=\"auto, (max-width: 300px) 100vw, 300px\" \/><\/a>\n\t\t\t\t<\/dt><\/dl><br style=\"clear: both\" \/><dl class='gallery-item'>\n\t\t\t\t<dt class='gallery-icon portrait'>\n\t\t\t\t\t<a class=\"rollover rollover-zoom dt-pswp-item\" title=\"Schermata 2020-02-22 alle 15.01.57\" data-dt-img-description=\"\" data-large_image_width=\"936\" data-large_image_height=\"998\"href='https:\/\/www.radiopiu.net\/wordpress\/wp-content\/uploads\/2020\/02\/Schermata-2020-02-22-alle-15.01.57.png'><img loading=\"lazy\" decoding=\"async\" width=\"281\" height=\"300\" src=\"https:\/\/www.radiopiu.net\/wordpress\/wp-content\/uploads\/2020\/02\/Schermata-2020-02-22-alle-15.01.57-281x300.png\" class=\"attachment-medium size-medium\" alt=\"\" srcset=\"https:\/\/www.radiopiu.net\/wordpress\/wp-content\/uploads\/2020\/02\/Schermata-2020-02-22-alle-15.01.57-281x300.png 281w, https:\/\/www.radiopiu.net\/wordpress\/wp-content\/uploads\/2020\/02\/Schermata-2020-02-22-alle-15.01.57-768x819.png 768w, https:\/\/www.radiopiu.net\/wordpress\/wp-content\/uploads\/2020\/02\/Schermata-2020-02-22-alle-15.01.57.png 936w\" sizes=\"auto, (max-width: 281px) 100vw, 281px\" \/><\/a>\n\t\t\t\t<\/dt><\/dl><dl class='gallery-item'>\n\t\t\t\t<dt class='gallery-icon landscape'>\n\t\t\t\t\t<a class=\"rollover rollover-zoom dt-pswp-item\" title=\"Schermata 2020-02-22 alle 15.02.18\" data-dt-img-description=\"\" data-large_image_width=\"1266\" data-large_image_height=\"1018\"href='https:\/\/www.radiopiu.net\/wordpress\/wp-content\/uploads\/2020\/02\/Schermata-2020-02-22-alle-15.02.18.png'><img loading=\"lazy\" decoding=\"async\" width=\"300\" height=\"241\" src=\"https:\/\/www.radiopiu.net\/wordpress\/wp-content\/uploads\/2020\/02\/Schermata-2020-02-22-alle-15.02.18-300x241.png\" class=\"attachment-medium size-medium\" alt=\"\" srcset=\"https:\/\/www.radiopiu.net\/wordpress\/wp-content\/uploads\/2020\/02\/Schermata-2020-02-22-alle-15.02.18-300x241.png 300w, https:\/\/www.radiopiu.net\/wordpress\/wp-content\/uploads\/2020\/02\/Schermata-2020-02-22-alle-15.02.18-1024x823.png 1024w, https:\/\/www.radiopiu.net\/wordpress\/wp-content\/uploads\/2020\/02\/Schermata-2020-02-22-alle-15.02.18-768x618.png 768w, https:\/\/www.radiopiu.net\/wordpress\/wp-content\/uploads\/2020\/02\/Schermata-2020-02-22-alle-15.02.18.png 1266w\" sizes=\"auto, (max-width: 300px) 100vw, 300px\" \/><\/a>\n\t\t\t\t<\/dt><\/dl><dl class='gallery-item'>\n\t\t\t\t<dt class='gallery-icon landscape'>\n\t\t\t\t\t<a class=\"rollover rollover-zoom dt-pswp-item\" title=\"Schermata 2020-02-22 alle 15.02.37\" data-dt-img-description=\"\" data-large_image_width=\"1152\" data-large_image_height=\"716\"href='https:\/\/www.radiopiu.net\/wordpress\/wp-content\/uploads\/2020\/02\/Schermata-2020-02-22-alle-15.02.37.png'><img loading=\"lazy\" decoding=\"async\" width=\"300\" height=\"186\" src=\"https:\/\/www.radiopiu.net\/wordpress\/wp-content\/uploads\/2020\/02\/Schermata-2020-02-22-alle-15.02.37-300x186.png\" class=\"attachment-medium size-medium\" alt=\"\" srcset=\"https:\/\/www.radiopiu.net\/wordpress\/wp-content\/uploads\/2020\/02\/Schermata-2020-02-22-alle-15.02.37-300x186.png 300w, https:\/\/www.radiopiu.net\/wordpress\/wp-content\/uploads\/2020\/02\/Schermata-2020-02-22-alle-15.02.37-1024x636.png 1024w, https:\/\/www.radiopiu.net\/wordpress\/wp-content\/uploads\/2020\/02\/Schermata-2020-02-22-alle-15.02.37-768x477.png 768w, https:\/\/www.radiopiu.net\/wordpress\/wp-content\/uploads\/2020\/02\/Schermata-2020-02-22-alle-15.02.37.png 1152w\" sizes=\"auto, (max-width: 300px) 100vw, 300px\" \/><\/a>\n\t\t\t\t<\/dt><\/dl><br style=\"clear: both\" \/><dl class='gallery-item'>\n\t\t\t\t<dt class='gallery-icon landscape'>\n\t\t\t\t\t<a class=\"rollover rollover-zoom dt-pswp-item\" title=\"Schermata 2020-02-22 alle 15.02.47\" data-dt-img-description=\"\" data-large_image_width=\"1152\" data-large_image_height=\"716\"href='https:\/\/www.radiopiu.net\/wordpress\/wp-content\/uploads\/2020\/02\/Schermata-2020-02-22-alle-15.02.47.png'><img loading=\"lazy\" decoding=\"async\" width=\"300\" height=\"186\" src=\"https:\/\/www.radiopiu.net\/wordpress\/wp-content\/uploads\/2020\/02\/Schermata-2020-02-22-alle-15.02.47-300x186.png\" class=\"attachment-medium size-medium\" alt=\"\" srcset=\"https:\/\/www.radiopiu.net\/wordpress\/wp-content\/uploads\/2020\/02\/Schermata-2020-02-22-alle-15.02.47-300x186.png 300w, https:\/\/www.radiopiu.net\/wordpress\/wp-content\/uploads\/2020\/02\/Schermata-2020-02-22-alle-15.02.47-1024x636.png 1024w, https:\/\/www.radiopiu.net\/wordpress\/wp-content\/uploads\/2020\/02\/Schermata-2020-02-22-alle-15.02.47-768x477.png 768w, https:\/\/www.radiopiu.net\/wordpress\/wp-content\/uploads\/2020\/02\/Schermata-2020-02-22-alle-15.02.47.png 1152w\" sizes=\"auto, (max-width: 300px) 100vw, 300px\" \/><\/a>\n\t\t\t\t<\/dt><\/dl><dl class='gallery-item'>\n\t\t\t\t<dt class='gallery-icon landscape'>\n\t\t\t\t\t<a class=\"rollover rollover-zoom dt-pswp-item\" title=\"Schermata 2020-02-22 alle 15.02.59\" data-dt-img-description=\"\" data-large_image_width=\"1042\" data-large_image_height=\"676\"href='https:\/\/www.radiopiu.net\/wordpress\/wp-content\/uploads\/2020\/02\/Schermata-2020-02-22-alle-15.02.59.png'><img loading=\"lazy\" decoding=\"async\" width=\"300\" height=\"195\" src=\"https:\/\/www.radiopiu.net\/wordpress\/wp-content\/uploads\/2020\/02\/Schermata-2020-02-22-alle-15.02.59-300x195.png\" class=\"attachment-medium size-medium\" alt=\"\" srcset=\"https:\/\/www.radiopiu.net\/wordpress\/wp-content\/uploads\/2020\/02\/Schermata-2020-02-22-alle-15.02.59-300x195.png 300w, https:\/\/www.radiopiu.net\/wordpress\/wp-content\/uploads\/2020\/02\/Schermata-2020-02-22-alle-15.02.59-1024x664.png 1024w, https:\/\/www.radiopiu.net\/wordpress\/wp-content\/uploads\/2020\/02\/Schermata-2020-02-22-alle-15.02.59-768x498.png 768w, https:\/\/www.radiopiu.net\/wordpress\/wp-content\/uploads\/2020\/02\/Schermata-2020-02-22-alle-15.02.59.png 1042w\" sizes=\"auto, (max-width: 300px) 100vw, 300px\" \/><\/a>\n\t\t\t\t<\/dt><\/dl>\n\t\t\t\t<br style='clear: both' \/>\n\t\t\t<\/div>\n\n","protected":false},"excerpt":{"rendered":"<p>Nel 2019 le tariffe in Italia hanno continuato ad aumentare: le uniche in controtendenza sono state il gas (-0,9 per cento) e i servizi telefonici (-6,1 per cento); queste voci, assieme alle corse dei taxi (+0,5 per cento) e ai pedaggi sono le sole tariffe ad essere rimaste al di sotto dell\u2019inflazione che, l\u2019anno scorso,&hellip;<\/p>\n","protected":false},"author":1,"featured_media":118586,"comment_status":"closed","ping_status":"closed","sticky":false,"template":"","format":"standard","meta":{"_monsterinsights_skip_tracking":false,"_monsterinsights_sitenote_active":false,"_monsterinsights_sitenote_note":"","_monsterinsights_sitenote_category":0,"footnotes":""},"categories":[49],"tags":[],"class_list":["post-118577","post","type-post","status-publish","format-standard","has-post-thumbnail","hentry","category-news-18","category-49","description-off"],"img_url":"https:\/\/www.radiopiu.net\/wordpress\/wp-content\/uploads\/2020\/02\/stromkosten-533818_640.jpg","_links":{"self":[{"href":"https:\/\/www.radiopiu.net\/wordpress\/wp-json\/wp\/v2\/posts\/118577","targetHints":{"allow":["GET"]}}],"collection":[{"href":"https:\/\/www.radiopiu.net\/wordpress\/wp-json\/wp\/v2\/posts"}],"about":[{"href":"https:\/\/www.radiopiu.net\/wordpress\/wp-json\/wp\/v2\/types\/post"}],"author":[{"embeddable":true,"href":"https:\/\/www.radiopiu.net\/wordpress\/wp-json\/wp\/v2\/users\/1"}],"replies":[{"embeddable":true,"href":"https:\/\/www.radiopiu.net\/wordpress\/wp-json\/wp\/v2\/comments?post=118577"}],"version-history":[{"count":0,"href":"https:\/\/www.radiopiu.net\/wordpress\/wp-json\/wp\/v2\/posts\/118577\/revisions"}],"wp:featuredmedia":[{"embeddable":true,"href":"https:\/\/www.radiopiu.net\/wordpress\/wp-json\/wp\/v2\/media\/118586"}],"wp:attachment":[{"href":"https:\/\/www.radiopiu.net\/wordpress\/wp-json\/wp\/v2\/media?parent=118577"}],"wp:term":[{"taxonomy":"category","embeddable":true,"href":"https:\/\/www.radiopiu.net\/wordpress\/wp-json\/wp\/v2\/categories?post=118577"},{"taxonomy":"post_tag","embeddable":true,"href":"https:\/\/www.radiopiu.net\/wordpress\/wp-json\/wp\/v2\/tags?post=118577"}],"curies":[{"name":"wp","href":"https:\/\/api.w.org\/{rel}","templated":true}]}}