{"id":118642,"date":"2020-02-23T11:53:59","date_gmt":"2020-02-23T10:53:59","guid":{"rendered":"https:\/\/www.radiopiu.net\/wordpress\/?p=118642"},"modified":"2020-02-23T12:09:48","modified_gmt":"2020-02-23T11:09:48","slug":"regione-veneto-attivo-numero-verde-800462340-per-informazioni-su-infezione-da-coronavirus","status":"publish","type":"post","link":"https:\/\/www.radiopiu.net\/wordpress\/regione-veneto-attivo-numero-verde-800462340-per-informazioni-su-infezione-da-coronavirus\/","title":{"rendered":"REGIONE VENETO. ATTIVO NUMERO VERDE 800462340 PER INFORMAZIONI SU INFEZIONE DA CORONAVIRUS"},"content":{"rendered":"<h2><a class=\"dt-pswp-item\" href=\"https:\/\/www.radiopiu.net\/wordpress\/wp-content\/uploads\/2020\/02\/cc.jpg\" data-dt-img-description=\"\" data-large_image_width=\"940\" data-large_image_height=\"788\"><img loading=\"lazy\" decoding=\"async\" class=\"size-medium wp-image-118646 alignleft\" src=\"https:\/\/www.radiopiu.net\/wordpress\/wp-content\/uploads\/2020\/02\/cc-300x251.jpg\" alt=\"\" width=\"300\" height=\"251\" srcset=\"https:\/\/www.radiopiu.net\/wordpress\/wp-content\/uploads\/2020\/02\/cc-300x251.jpg 300w, https:\/\/www.radiopiu.net\/wordpress\/wp-content\/uploads\/2020\/02\/cc-768x644.jpg 768w, https:\/\/www.radiopiu.net\/wordpress\/wp-content\/uploads\/2020\/02\/cc.jpg 940w\" sizes=\"auto, (max-width: 300px) 100vw, 300px\" \/><\/a><\/h2>\n<div id=\"fb-root\"><\/div>\n<p><script async=\"1\" defer=\"1\" crossorigin=\"anonymous\" src=\"https:\/\/connect.facebook.net\/it_IT\/sdk.js#xfbml=1&amp;version=v6.0\"><\/script><\/p>\n<div class=\"fb-video\" data-href=\"https:\/\/www.facebook.com\/zaiaufficiale\/videos\/511591119499475\/\" data-width=\"1200\">\n<blockquote cite=\"https:\/\/www.facebook.com\/zaiaufficiale\/videos\/511591119499475\/\" class=\"fb-xfbml-parse-ignore\"><p><a href=\"https:\/\/www.facebook.com\/zaiaufficiale\/videos\/511591119499475\/\"><\/a><\/p>\n<p>\u203c\ufe0f\u203c\ufe0f #CORONAVIRUS \/ GLI ULTIMI AGGIORNAMENTI IN VENETO \u203c\ufe0f\u203c\ufe0f<\/p>\n<p>Pubblicato da <a href=\"https:\/\/www.facebook.com\/zaiaufficiale\/\">Luca Zaia<\/a> su Domenica 23 febbraio 2020<\/p><\/blockquote>\n<\/div>\n<p><strong>800462340<\/strong>. E\u2019 questo il numero verde attivato da stamattina dalla Regione Veneto per assistere e informare i cittadini sui comportamenti da tenere da parte delle persone che temono di essere entrate in contatto con virus.La decisione \u00e8 stata presa alla luce del fatto che numerose persone stanno chiamando il 118 per chiedere informazioni sull\u2019infezione, per evitare il sovraccarico delle centrali operative, che pu\u00f2 avere delle conseguenze sul soccorso a persone che hanno effettivamente necessit\u00e0 di un intervento immediato.Si raccomanda peraltro di chiamare il 118 in caso di difficolt\u00e0 respiratoria, per richiedere l\u2019invio immediato di un\u2019ambulanza.I tecnici della Regione precisano che le persone che temono di essere entrate in contatto con soggetti infetti, ma che non hanno alcun sintomo o che presentano sintomi lievi come febbre e\/o tosse senza difficolt\u00e0 respiratoria, non devono chiamare il 118 e non devono recarsi in ospedale; devono invece rivolgersi al numero verde che in base alle notizie riferite fornir\u00e0 tutte le informazioni e le eventuali istruzioni sui comportamenti da adottare. Inoltre gli utenti possono chiedere informazioni ed istruzioni anche al proprio medico di medicina generale.I medici di medicina generale del Veneto potranno essere contattati telefonicamente dai loro assistiti che percepiscano sintomi, e che non dovranno quindi recarsi in ambulatorio. Il medico effettuer\u00e0 un triage telefonico e decider\u00e0 se \u00e8 necessario effettuare una visita domiciliare o attivare l\u2019intervento\u00a0del servizio di igiene pubblica o del sistema di emergenza-urgenza.<\/p>\n","protected":false},"excerpt":{"rendered":"<p>\u203c\ufe0f\u203c\ufe0f #CORONAVIRUS \/ GLI ULTIMI AGGIORNAMENTI IN VENETO \u203c\ufe0f\u203c\ufe0f Pubblicato da Luca Zaia su Domenica 23 febbraio 2020 800462340. E\u2019 questo il numero verde attivato da stamattina dalla Regione Veneto per assistere e informare i cittadini sui comportamenti da tenere da parte delle persone che temono di essere entrate in contatto con virus.La decisione \u00e8&hellip;<\/p>\n","protected":false},"author":1,"featured_media":118646,"comment_status":"closed","ping_status":"closed","sticky":false,"template":"","format":"standard","meta":{"_monsterinsights_skip_tracking":false,"_monsterinsights_sitenote_active":false,"_monsterinsights_sitenote_note":"","_monsterinsights_sitenote_category":0,"footnotes":""},"categories":[51],"tags":[],"class_list":["post-118642","post","type-post","status-publish","format-standard","has-post-thumbnail","hentry","category-evidenza-top","category-51","description-off"],"img_url":"https:\/\/www.radiopiu.net\/wordpress\/wp-content\/uploads\/2020\/02\/cc.jpg","_links":{"self":[{"href":"https:\/\/www.radiopiu.net\/wordpress\/wp-json\/wp\/v2\/posts\/118642","targetHints":{"allow":["GET"]}}],"collection":[{"href":"https:\/\/www.radiopiu.net\/wordpress\/wp-json\/wp\/v2\/posts"}],"about":[{"href":"https:\/\/www.radiopiu.net\/wordpress\/wp-json\/wp\/v2\/types\/post"}],"author":[{"embeddable":true,"href":"https:\/\/www.radiopiu.net\/wordpress\/wp-json\/wp\/v2\/users\/1"}],"replies":[{"embeddable":true,"href":"https:\/\/www.radiopiu.net\/wordpress\/wp-json\/wp\/v2\/comments?post=118642"}],"version-history":[{"count":0,"href":"https:\/\/www.radiopiu.net\/wordpress\/wp-json\/wp\/v2\/posts\/118642\/revisions"}],"wp:featuredmedia":[{"embeddable":true,"href":"https:\/\/www.radiopiu.net\/wordpress\/wp-json\/wp\/v2\/media\/118646"}],"wp:attachment":[{"href":"https:\/\/www.radiopiu.net\/wordpress\/wp-json\/wp\/v2\/media?parent=118642"}],"wp:term":[{"taxonomy":"category","embeddable":true,"href":"https:\/\/www.radiopiu.net\/wordpress\/wp-json\/wp\/v2\/categories?post=118642"},{"taxonomy":"post_tag","embeddable":true,"href":"https:\/\/www.radiopiu.net\/wordpress\/wp-json\/wp\/v2\/tags?post=118642"}],"curies":[{"name":"wp","href":"https:\/\/api.w.org\/{rel}","templated":true}]}}