{"id":118929,"date":"2020-08-06T11:00:25","date_gmt":"2020-08-06T09:00:25","guid":{"rendered":"https:\/\/www.radiopiu.net\/wordpress\/?p=118929"},"modified":"2020-08-03T11:00:05","modified_gmt":"2020-08-03T09:00:05","slug":"il-paese-mormora","status":"publish","type":"post","link":"https:\/\/www.radiopiu.net\/wordpress\/il-paese-mormora\/","title":{"rendered":"IL PAESE MORMORA"},"content":{"rendered":"<p><strong>IL PAESE MORMORA<\/strong>, non c&#8217;\u00e8 pace per Bert\u00e9. Anche tra i monti verr\u00e0 coinvolto in un caso risalente ai primi anni Settanta. Giallo;<\/p>\n<audio class=\"wp-audio-shortcode\" id=\"audio-118929-1\" preload=\"none\" style=\"width: 100%;\" controls=\"controls\"><source type=\"audio\/mpeg\" src=\"https:\/\/www.radiopiu.net\/wordpress\/wp-content\/uploads\/2020\/02\/DUE-MINUTI-VEN-3.mp3?_=1\" \/><a href=\"https:\/\/www.radiopiu.net\/wordpress\/wp-content\/uploads\/2020\/02\/DUE-MINUTI-VEN-3.mp3\">https:\/\/www.radiopiu.net\/wordpress\/wp-content\/uploads\/2020\/02\/DUE-MINUTI-VEN-3.mp3<\/a><\/audio>\n","protected":false},"excerpt":{"rendered":"<p>IL PAESE MORMORA, non c&#8217;\u00e8 pace per Bert\u00e9. Anche tra i monti verr\u00e0 coinvolto in un caso risalente ai primi anni Settanta. Giallo;<\/p>\n","protected":false},"author":2,"featured_media":118930,"comment_status":"closed","ping_status":"closed","sticky":false,"template":"","format":"standard","meta":{"_monsterinsights_skip_tracking":false,"_monsterinsights_sitenote_active":false,"_monsterinsights_sitenote_note":"","_monsterinsights_sitenote_category":0,"footnotes":""},"categories":[116],"tags":[],"class_list":["post-118929","post","type-post","status-publish","format-standard","has-post-thumbnail","hentry","category-due-minuti","category-116","description-off"],"img_url":"https:\/\/www.radiopiu.net\/wordpress\/wp-content\/uploads\/2020\/02\/paese-mormora.jpeg","_links":{"self":[{"href":"https:\/\/www.radiopiu.net\/wordpress\/wp-json\/wp\/v2\/posts\/118929","targetHints":{"allow":["GET"]}}],"collection":[{"href":"https:\/\/www.radiopiu.net\/wordpress\/wp-json\/wp\/v2\/posts"}],"about":[{"href":"https:\/\/www.radiopiu.net\/wordpress\/wp-json\/wp\/v2\/types\/post"}],"author":[{"embeddable":true,"href":"https:\/\/www.radiopiu.net\/wordpress\/wp-json\/wp\/v2\/users\/2"}],"replies":[{"embeddable":true,"href":"https:\/\/www.radiopiu.net\/wordpress\/wp-json\/wp\/v2\/comments?post=118929"}],"version-history":[{"count":0,"href":"https:\/\/www.radiopiu.net\/wordpress\/wp-json\/wp\/v2\/posts\/118929\/revisions"}],"wp:featuredmedia":[{"embeddable":true,"href":"https:\/\/www.radiopiu.net\/wordpress\/wp-json\/wp\/v2\/media\/118930"}],"wp:attachment":[{"href":"https:\/\/www.radiopiu.net\/wordpress\/wp-json\/wp\/v2\/media?parent=118929"}],"wp:term":[{"taxonomy":"category","embeddable":true,"href":"https:\/\/www.radiopiu.net\/wordpress\/wp-json\/wp\/v2\/categories?post=118929"},{"taxonomy":"post_tag","embeddable":true,"href":"https:\/\/www.radiopiu.net\/wordpress\/wp-json\/wp\/v2\/tags?post=118929"}],"curies":[{"name":"wp","href":"https:\/\/api.w.org\/{rel}","templated":true}]}}