{"id":118935,"date":"2020-02-24T18:08:49","date_gmt":"2020-02-24T17:08:49","guid":{"rendered":"https:\/\/www.radiopiu.net\/wordpress\/?p=118935"},"modified":"2020-02-25T09:56:23","modified_gmt":"2020-02-25T08:56:23","slug":"giornale-radiopiu-25-febbraio-2020-direttore-mirko-mezzacasa","status":"publish","type":"post","link":"https:\/\/www.radiopiu.net\/wordpress\/giornale-radiopiu-25-febbraio-2020-direttore-mirko-mezzacasa\/","title":{"rendered":"GIORNALE RADIOPIU 25 FEBBRAIO 2020 direttore MIRKO MEZZACASA"},"content":{"rendered":"<p>&nbsp;<\/p>\n<h3><strong><a class=\"dt-pswp-item\" href=\"https:\/\/www.radiopiu.net\/wordpress\/wp-content\/uploads\/2020\/02\/telegram-q-ok.jpg\" data-dt-img-description=\"\" data-large_image_width=\"800\" data-large_image_height=\"800\"><img loading=\"lazy\" decoding=\"async\" class=\"wp-image-117176 alignleft\" src=\"https:\/\/www.radiopiu.net\/wordpress\/wp-content\/uploads\/2020\/02\/telegram-q-ok-300x300.jpg\" alt=\"\" width=\"103\" height=\"103\" srcset=\"https:\/\/www.radiopiu.net\/wordpress\/wp-content\/uploads\/2020\/02\/telegram-q-ok-300x300.jpg 300w, https:\/\/www.radiopiu.net\/wordpress\/wp-content\/uploads\/2020\/02\/telegram-q-ok-150x150.jpg 150w, https:\/\/www.radiopiu.net\/wordpress\/wp-content\/uploads\/2020\/02\/telegram-q-ok-768x768.jpg 768w, https:\/\/www.radiopiu.net\/wordpress\/wp-content\/uploads\/2020\/02\/telegram-q-ok.jpg 800w\" sizes=\"auto, (max-width: 103px) 100vw, 103px\" \/><\/a><\/strong><\/h3>\n<h3><strong>PER RICEVERE QUESTO NOTIZIARIO DIRETTAMENTE SUL TUO CELLULARE ISCRIVITI AL CANALE <span style=\"color: #0000ff;\">TELEGRAM<\/span><\/strong><\/h3>\n<p><strong>&#8220;<span style=\"color: #ff0000;\">RADIO PIU\u00a0 INFORMAZIONE<span style=\"color: #000000;\">&#8221;\u00a0<\/span><\/span><\/strong><\/p>\n<p>&nbsp;<\/p>\n<p>&nbsp;<\/p>\n<hr \/>\n<blockquote><p><strong>Gestione Servizi Pubblici informa che, giovedi\u00a0 dalle 8 a fine lavori, potrebbe mancare l&#8217;acqua a\u00a0 in VIA TRENTO a\u00a0 CAVIOLA.\u00a0<\/strong><\/p><\/blockquote>\n<hr \/>\n<h2><\/h2>\n<p>Da Canale d&#8217;Agordo\u00a0 le foto d&#8217;autore di LUCA ZANFRON<\/p>\n<blockquote class=\"wp-embedded-content\" data-secret=\"f5IM5UFZmk\"><p><a href=\"https:\/\/www.radiopiu.net\/wordpress\/zinghenesta-2020-scatti-dautore-di-luca-zanfron\/\">ZINGHENESTA 2020, SCATTI D&#8217;AUTORE, di LUCA ZANFRON<\/a><\/p><\/blockquote>\n<p><iframe loading=\"lazy\" title=\"&#8220;ZINGHENESTA 2020, SCATTI D&#8217;AUTORE, di LUCA ZANFRON&#8221; &#8212; Radio Pi\u00f9\" class=\"wp-embedded-content\" sandbox=\"allow-scripts\" security=\"restricted\" style=\"position: absolute; clip: rect(1px, 1px, 1px, 1px);\" src=\"https:\/\/www.radiopiu.net\/wordpress\/zinghenesta-2020-scatti-dautore-di-luca-zanfron\/embed\/#?secret=f5IM5UFZmk\" data-secret=\"f5IM5UFZmk\" width=\"600\" height=\"338\" frameborder=\"0\" marginwidth=\"0\" marginheight=\"0\" scrolling=\"no\"><\/iframe><\/p>\n<p>&nbsp;<\/p>\n<p>&nbsp;<\/p>\n<p>&nbsp;<\/p>\n<h2><span style=\"color: #ff0000;\">CORONAVIRUS<\/span><\/h2>\n<blockquote><p><em>spot con le 10 cose da fare per evitare o limitare il contagio da Coronavirus. Le indicazioni riportate sono prese direttamente dal sito del Ministero della Salute.<\/em><\/p><\/blockquote>\n<audio class=\"wp-audio-shortcode\" id=\"audio-118935-1\" preload=\"none\" style=\"width: 100%;\" controls=\"controls\"><source type=\"audio\/mpeg\" src=\"https:\/\/www.radiopiu.net\/wordpress\/wp-content\/uploads\/2020\/02\/10-REGOLE-CORONAVIRUS.mp3?_=1\" \/><a href=\"https:\/\/www.radiopiu.net\/wordpress\/wp-content\/uploads\/2020\/02\/10-REGOLE-CORONAVIRUS.mp3\">https:\/\/www.radiopiu.net\/wordpress\/wp-content\/uploads\/2020\/02\/10-REGOLE-CORONAVIRUS.mp3<\/a><\/audio>\n<p>&nbsp;<\/p>\n<p>&nbsp;<\/p>\n<p>&nbsp;<\/p>\n<hr \/>\n<p>&nbsp;<\/p>\n<p>&nbsp;<\/p>\n<p>&nbsp;<\/p>\n<p><strong><a class=\"dt-pswp-item\" href=\"https:\/\/www.radiopiu.net\/wordpress\/wp-content\/uploads\/2020\/02\/7c0794fd-3b34-4822-bf74-60f767864b7b.jpg\" data-dt-img-description=\"\" data-large_image_width=\"1125\" data-large_image_height=\"699\"><img loading=\"lazy\" decoding=\"async\" class=\" wp-image-119051 alignleft\" src=\"https:\/\/www.radiopiu.net\/wordpress\/wp-content\/uploads\/2020\/02\/7c0794fd-3b34-4822-bf74-60f767864b7b-300x186.jpg\" alt=\"\" width=\"232\" height=\"144\" srcset=\"https:\/\/www.radiopiu.net\/wordpress\/wp-content\/uploads\/2020\/02\/7c0794fd-3b34-4822-bf74-60f767864b7b-300x186.jpg 300w, https:\/\/www.radiopiu.net\/wordpress\/wp-content\/uploads\/2020\/02\/7c0794fd-3b34-4822-bf74-60f767864b7b-1024x636.jpg 1024w, https:\/\/www.radiopiu.net\/wordpress\/wp-content\/uploads\/2020\/02\/7c0794fd-3b34-4822-bf74-60f767864b7b-768x477.jpg 768w, https:\/\/www.radiopiu.net\/wordpress\/wp-content\/uploads\/2020\/02\/7c0794fd-3b34-4822-bf74-60f767864b7b.jpg 1125w\" sizes=\"auto, (max-width: 232px) 100vw, 232px\" \/><\/a>BELLUNO<\/strong> Nessun caso di corona virus in provincia, ma la psicosi avanza. Assalto ai supermercati, amuchina introvabile come le mascherine, Attenzione alle truffe porta a porta, anziani da tutelare contro i &#8220;lazzaroni&#8221; del campanello che si propongono per fare i tamponi e potrebbero approfittarne per entrare in casa e rubare. Fine stagione preoccupante sugli sci, arrivano le disdette delle settimane bianche. A Cortina a rischio le finali di Coppa. Chiese aperte e messe sospese funerali solo in forma privata.<\/p>\n<p>&nbsp;<\/p>\n<h2>DALLA PAGINA FACEBOOK POLIZIA DI STATO<\/h2>\n<h2><a class=\"_58cn\" href=\"https:\/\/www.facebook.com\/hashtag\/covid_19?source=feed_text&amp;epa=HASHTAG&amp;__xts__%5B0%5D=68.ARBFxEoSoQgKDoVgfWoKPgZgbqF_nTM_KbGfJtcUpRezHG2TnoIV2wc1Yh9UXn_QzzU1TGQ4TU0QmycPeDP30sKIm5UiUUveAbcqhK9NvXt6e3M2RjZxrljVuswuQlYEVvmj3YRYPYSAqwHrsaUquMwnYOOQsnO5Z6zoRqSbzuzI5gdJtSznyDHA55hiSzDqWHoY1053UmVDl5qCXsy6PILg6CFPcecZ_ECaQpYxw3jFkWUGu8UJTNNQi9QMtuczKx9jYwOwbUDO4PE2HycO6y7G6CWs--_2dP3et-jWOaXZlovJLmCuOPFIsF-XNx1iYzseBhhf9ZlX17rV_B8QOx_BpJ7bK81MJdOS-fCxS-57XXBrmbau2r2GjC_Jteux1QZa3flZ7esNkKpUOWgDfKdHjvqc30D018J1UqmZUFRplLHhoB0ubKMVDBp8WtzgcXR_Rx8NrmPYfJ8droFuZzKkHV6cIsgHc0BVDf3FV_HcxMQ470yo6Ab555oq&amp;__tn__=%2ANKH-R\" data-ft=\"{&quot;type&quot;:104,&quot;tn&quot;:&quot;*N&quot;}\"><span class=\"_5afx\"><span class=\"_58cm\">Covid_19<\/span><\/span><\/a> In corso accertamenti in almeno 2 province per falsi infermieri che tentano l&#8217;accesso in casa fingendo di dover fare tamponi per <a class=\"_58cn\" href=\"https:\/\/www.facebook.com\/hashtag\/coronavirus?source=feed_text&amp;epa=HASHTAG&amp;__xts__%5B0%5D=68.ARBFxEoSoQgKDoVgfWoKPgZgbqF_nTM_KbGfJtcUpRezHG2TnoIV2wc1Yh9UXn_QzzU1TGQ4TU0QmycPeDP30sKIm5UiUUveAbcqhK9NvXt6e3M2RjZxrljVuswuQlYEVvmj3YRYPYSAqwHrsaUquMwnYOOQsnO5Z6zoRqSbzuzI5gdJtSznyDHA55hiSzDqWHoY1053UmVDl5qCXsy6PILg6CFPcecZ_ECaQpYxw3jFkWUGu8UJTNNQi9QMtuczKx9jYwOwbUDO4PE2HycO6y7G6CWs--_2dP3et-jWOaXZlovJLmCuOPFIsF-XNx1iYzseBhhf9ZlX17rV_B8QOx_BpJ7bK81MJdOS-fCxS-57XXBrmbau2r2GjC_Jteux1QZa3flZ7esNkKpUOWgDfKdHjvqc30D018J1UqmZUFRplLHhoB0ubKMVDBp8WtzgcXR_Rx8NrmPYfJ8droFuZzKkHV6cIsgHc0BVDf3FV_HcxMQ470yo6Ab555oq&amp;__tn__=%2ANKH-R\" data-ft=\"{&quot;type&quot;:104,&quot;tn&quot;:&quot;*N&quot;}\"><span class=\"_5afx\"><span class=\"_58cm\">coronavirus<\/span><\/span><\/a>\u00a0 Nessun prelievo porta a porta viene disposto dalle autorit\u00e0 sanitarie senza preventiva comunicazione<\/h2>\n<p>&nbsp;<\/p>\n<p>&nbsp;<\/p>\n<hr \/>\n<h3><\/h3>\n<p>&nbsp;<\/p>\n<p>&nbsp;<\/p>\n<blockquote>\n<h2>EMERGENZA CORONAVIRUS? &#8220;Mi sento preso in giro&#8221; OTTO ORE PER PER UNA RISPOSTA<\/h2>\n<\/blockquote>\n<h3><em>TAIBON &#8220;Nei giorni scorsi ho frequentato amici, sono stato in luoghi dove c&#8217;erano anche bambini, da ieri sono in casa, spero che il mio caso venga preso in esame- \u00a0Dicono di avvisare se si sospetta di essere entrati in contatto con possibili persone contagiate, non ho fatto altro che muovermi come era stato indicato dalle autorit\u00e0 competenti&#8221;.<\/em><\/h3>\n<blockquote><p>&nbsp;<\/p><\/blockquote>\n<p><img loading=\"lazy\" decoding=\"async\" class=\"alignleft\" src=\"https:\/\/www.radiopiu.net\/wordpress\/wp-content\/uploads\/2018\/08\/ULSS1-DOLOMITI.jpeg\" width=\"183\" height=\"110\" \/>Quella che raccontiamo e&#8217; una storia-sfogo di un cittadino agordino, peraltro cardiopatico grave e quindi soggetto ad alto rischio. Lunedi scorso era a Monselice a pochi chilometri da Vo&#8217; Euganeo oggi isolato. Dopo gli appelli della Regione ha seguito le indicazione ma non ha ottenuto le risposte che auspicava.<\/p>\n<p>&nbsp;<\/p>\n<h2><\/h2>\n<h2>LA STORIA<\/h2>\n<p><em>&#8220;Non mi so dare un spiegazione di quello che succede con la sanit\u00e0 in questa Provincia. Lunedi\u00a0 della scorsa settimana ero in zona Monselice (Padova) e mi sono fermato a pranzo in una Osteria, m\u00e8ta di operai e camionisti. Dietro me un commensale con evidenti problemi di tosse. Dal momento che da giorni ripetono di segnalare \u00a0potenziali situazioni a rischio ho seguito alla lettera i suggerimenti, ma le risposte mi hanno lasciato perplesso.<\/em><\/p>\n<blockquote><p><em>Per cercare sicurezze anche perch\u00e9 soggetto a raffreddore, seppure lieve, oggi alle 9 del mattino\u00a0 chiamo\u00a0 l&#8217;ufficio Igiene dell&#8217;Ospedale di Agordo. Non ottengo risposte concrete, piuttosto mi invitano a chiamare il dottor &#8230;.. a Bellluno (0437514546). Il telefono\u00a0 suona sempre libero, dal centralino poi mi rispondono che il medico \u00e8 in riunione. Alle 9.30 mi rivolgo al medico curante che mi invita a comporre il numero verde preposto. Intanto passano due ore a alle 11 riesco finalmente ad avere una risposta dal numero regionale, spiego\u00a0 la situazione e all&#8217;altro capo mi assicurano che hanno preso nota, ma mi invitano a\u00a0 contattare l&#8217;ufficio igiene. Arriva il pomeriggio e alle 13.30 chiamo la dottoressa &#8230;.. anche qui il telefono suona libero. Chiamo l&#8217;URP di Belluno che contatta l&#8217;ufficio igiene dove vengo invitato a rivolgermi\u00a0 al medico curante, mi viene dato un altro numero di telefono (0437516917). Alle 14 chiamo l&#8217;ufficio igiene e \u00a0una signora mi dice che devono essere contattati solo dal medico curante e mi gira con poca cortesia\u00a0 al centralino. L&#8217;uomo si scusa e mi dice che\u00a0 non sa che pesci pigliare. Alle 14.30 richiamo URP Belluno che si prende in carico la situazione e mi promette di interessarsi&#8221;<\/em>.<\/p>\n<p>A questo punto, R.G. informa la radio e prende contatti con alcuni politici &#8230;non resta che attendere.<\/p><\/blockquote>\n<p>&nbsp;<\/p>\n<p>&nbsp;<\/p>\n<hr \/>\n<p>&nbsp;<\/p>\n<p>&nbsp;<\/p>\n<h3 class=\"entry-title\">PRIMO CASO DI CORONAVIRUS A BOLZANO LE PREOCCUPAZIONI DI BOND<\/h3>\n<audio class=\"wp-audio-shortcode\" id=\"audio-118935-2\" preload=\"none\" style=\"width: 100%;\" controls=\"controls\"><source type=\"audio\/mpeg\" src=\"https:\/\/www.radiopiu.net\/wordpress\/wp-content\/uploads\/2020\/02\/bond.mp3?_=2\" \/><a href=\"https:\/\/www.radiopiu.net\/wordpress\/wp-content\/uploads\/2020\/02\/bond.mp3\">https:\/\/www.radiopiu.net\/wordpress\/wp-content\/uploads\/2020\/02\/bond.mp3<\/a><\/audio>\n<p>&nbsp;<\/p>\n<p><img loading=\"lazy\" decoding=\"async\" class=\"alignleft\" src=\"https:\/\/www.radiopiu.net\/wordpress\/wp-content\/uploads\/2019\/07\/Dario-Bond.jpg\" width=\"206\" height=\"137\" \/><strong>CORONAVIRUS. BOND (FI), SUBITO PIANO EMERGENZA FISCALE PER LE REGIONI IN QUARANTENA<\/strong><\/p>\n<blockquote><p><em>\u201cChiediamo al Governo di prevedere da subito misure di sostegno straordinarie per i danni da Coronavirus per il nostro Paese e per le regioni che stanno subendo maggiormente il danno mediatico ed economico, come Veneto e Lombardia. Il Coronavirus potrebbe comportare, come gi\u00e0 stimato dal governatore della Banca d\u2019Italia, oltre lo 0,2%, a maggior ragione se consideriamo che ha colpito finora regioni motore dell\u2019economia nazionale.<\/em><\/p><\/blockquote>\n<p>&nbsp;<\/p>\n<hr \/>\n<p>&nbsp;<\/p>\n<p>&nbsp;<\/p>\n<p>&nbsp;<\/p>\n<blockquote>\n<h3>CORONAVIRUS. IN VENETO TENDE ATTREZZATE ALL\u2019ESTERNO DI ALCUNI OSPEDALI.<\/h3>\n<\/blockquote>\n<p><strong>VENEZIA\u00a0<\/strong> <em>\u201cIn queste ore, all\u2019esterno dei Pronto Soccorso di vari ospedali, stiamo allestendo delle tende specificamente attrezzate che possono essere estremamente utili per molte necessit\u00e0. Siamo sul pezzo. Gi\u00e0 adesso disponiamo di strutture come queste per un totale di 900 posti, che mettiamo in campo, prevedendo anche il peggio, per fungere da polmone di sfogo in caso di arrivo di molti pazienti\u201d. <\/em>Lo riferisce il Presidente della Regione del Veneto che sta seguendo anche oggi dalla sala operativa della Protezione Civile a Marghera, l\u2019andamento della situazione del coronavirus. <em>\u201cAl momento \u2013 precisa l\u2019Assessore regionale alla Protezione Civile \u2013 abbiamo ricevuto richieste per gli ospedali di Verona, Padova, Dolo, Mirano, Feltre e Belluno e i nostri uomini stanno provvedendo. Sono tende dall\u2019utilizzo molto elastico e perfettamente attrezzate per svolgere il loro compito\u201d. <\/em>\u201cLe useremo appena operative \u2013 aggiunge l\u2019Assessore alla Sanit\u00e0 \u2013 per svolgere le attivit\u00e0 di raccolta dei tamponi di controllo e verifiche sulle persone che si dovessero presentare, con lo scopo di alleggerire, almeno in parte, la pressione sulle strutture ospedaliere interne, evitando di intasare i reparti di Pronto Soccorso e di Malattie Infettive per attivit\u00e0 non direttamente connesse alle loro specificit\u00e0\u201d.<\/p>\n<p>&nbsp;<\/p>\n<p>&nbsp;<\/p>\n<blockquote>\n<hr \/>\n<h2>ULSS1 AVVISO ALL&#8217;UTENZA<\/h2>\n<p align=\"JUSTIFY\"><span style=\"font-family: Calibri, serif;\"><span lang=\"it-IT\"><strong>BELLUNO<\/strong> L<\/span><\/span><span style=\"font-family: Calibri, serif;\"><span lang=\"it-IT\"><b>\u2019accesso all\u2019ospedale per gli accompagnatori<\/b><\/span><\/span><span style=\"font-family: Calibri, serif;\"><span lang=\"it-IT\"> in generale e, in particolare per le <\/span><\/span><span style=\"font-family: Calibri, serif;\"><span lang=\"it-IT\"><b>visite ai degenti, \u00e8 limitato<\/b><\/span><\/span><span style=\"font-family: Calibri, serif;\"><span lang=\"it-IT\"> per motivi di sicurezza epidemiologica (coronavirus) <\/span><\/span><span style=\"font-family: Calibri, serif;\"><span lang=\"it-IT\">Le prestazioni sanitarie vengono regolarmente erogate.<\/span><\/span><\/p>\n<hr \/>\n<p>&nbsp;<\/p>\n<p>&nbsp;<\/p><\/blockquote>\n<p>&nbsp;<\/p>\n<blockquote>\n<h3>SOVRACCARICO DEL 118, NON E&#8217; IL NUMERO PER L&#8217;EMERGENZA CORONAVIRUS<\/h3>\n<\/blockquote>\n<p><strong><img loading=\"lazy\" decoding=\"async\" class=\"alignleft\" src=\"https:\/\/www.radiopiu.net\/wordpress\/wp-content\/uploads\/2018\/06\/suem.jpg\" width=\"122\" height=\"97\" \/>BELLUNO<\/strong> L&#8217;Ulss1\u00a0 raccomanda di usare il numero verde regionale 800462340 per informazioni sui comportamenti da tenere da parte delle persone che temono di essere entrate in contatto con virus o il numero nazionale 1500. Le persone che temono di essere entrate in contatto con soggetti infetti, ma che non hanno alcun sintomo o che presentano sintomi lievi come febbre e\/o tosse senza difficolt\u00e0 respiratoria, non devono chiamare il 118 e non devono recarsi in ospedale; devono invece rivolgersi al numero verde che in base alle notizie riferite fornir\u00e0 tutte le informazioni e le eventuali istruzioni sui comportamenti da adottare. Inoltre gli utenti possono chiedere informazioni ed istruzioni anche al proprio medico di medicina generale. I medici di medicina generale del Veneto potranno essere contattati telefonicamente dai loro assistiti che percepiscano sintomi, e che non dovranno quindi recarsi in ambulatorio. Il medico effettuer\u00e0 un triage telefonico e decider\u00e0 se \u00e8 necessario effettuare una visita domiciliare o attivare l\u2019intervento del servizio di igiene pubblica o del sistema di emergenza-urgenza. Si raccomanda peraltro di chiamare il 118 in caso di difficolt\u00e0 respiratoria, per richiedere l\u2019invio immediato di un\u2019ambulanza. Numerose persone stanno chiamando il 118, invece, solo per chiedere informazioni sull\u2019infezione, con il sovraccarico della centrale operativa, cos ache pu\u00f2 avere delle conseguenze sul soccorso a persone che hanno effettivamente necessit\u00e0 di un intervento immediato.<\/p>\n<p>&nbsp;<\/p>\n<p>&nbsp;<\/p>\n<hr \/>\n<p>&nbsp;<\/p>\n<blockquote>\n<h3>IERI, L&#8217;INTERVENTO DEL MINISTRO FEDERICO D&#8217;INCA&#8217;<\/h3>\n<\/blockquote>\n<div id=\"js_51t\" class=\"_5pbx userContent _3576\" data-testid=\"post_message\" data-ft=\"{&quot;tn&quot;:&quot;K&quot;}\">\n<p><strong><a class=\"dt-pswp-item\" href=\"https:\/\/www.radiopiu.net\/wordpress\/wp-content\/uploads\/2020\/02\/85123156_1559617127531813_4331051841694466048_n.png\" data-dt-img-description=\"\" data-large_image_width=\"485\" data-large_image_height=\"334\"><img loading=\"lazy\" decoding=\"async\" class=\"wp-image-118953 alignleft\" src=\"https:\/\/www.radiopiu.net\/wordpress\/wp-content\/uploads\/2020\/02\/85123156_1559617127531813_4331051841694466048_n-300x207.png\" alt=\"\" width=\"201\" height=\"139\" srcset=\"https:\/\/www.radiopiu.net\/wordpress\/wp-content\/uploads\/2020\/02\/85123156_1559617127531813_4331051841694466048_n-300x207.png 300w, https:\/\/www.radiopiu.net\/wordpress\/wp-content\/uploads\/2020\/02\/85123156_1559617127531813_4331051841694466048_n.png 485w\" sizes=\"auto, (max-width: 201px) 100vw, 201px\" \/><\/a>ROMA<\/strong> In questi giorni l&#8217;emergenza <a class=\"_58cn\" href=\"https:\/\/www.facebook.com\/hashtag\/coronavirus?source=feed_text&amp;epa=HASHTAG&amp;__xts__%5B0%5D=68.ARCpWF7WfCDtRvEk2OlFlhpPDjXmc6nbJGc8DydgAyWztks5b3oG__3ahjr1kJL8_W8uu5SjqDFC23cJFhzDchcr5QBaql79zXRboAMpXTjOTtBGG5zgYOfCSPkD1aqx64baoftGGAiaacgQdMdDN3hPiaBJg43pHUXEE2VsRtr2Bxmhs6SP_GwlyY1ezKWaoLqGEFW8SFJtL4l5Dxa2tP0hCsz1dY5hI542r3UuD2EmlPpgqG62rZ7sem21hFdzMgSEqymq2XMGUYHwbZjnJO6XCK7StNJLuLwjkUjU7jk--thsKs5H2l6gAr29dPIb_xh2_Ho38eiNpg53tKzgt_ME_A&amp;__tn__=%2ANK-R\" data-ft=\"{&quot;type&quot;:104,&quot;tn&quot;:&quot;*N&quot;}\"><span class=\"_5afx\"><span class=\"_58cm\">Coronavirus<\/span><\/span><\/a> ha provocato molte preoccupazioni tra i cittadini. Il Governo si \u00e8 fatto trovare pronto, monitorando costantemente la situazione e mettendo in atto tutte le misure necessarie per fronteggiare l&#8217;emergenza. I provvedimenti gi\u00e0 operativi saranno portati, come da prassi, anche all&#8217;attenzione del Parlamento per l&#8217;approvazione. Il Presidente del Consiglio\u00a0<a class=\"profileLink\" href=\"https:\/\/www.facebook.com\/GiuseppeConte64\/?__tn__=K-R&amp;eid=ARCRn5XAQOOyb6IWBjzKiN00F5BMMX3XS_rBUATpHYny3PbT5sMaPSkzNAW_bUe9umMq-4tn4leB3rrJ&amp;fref=mentions&amp;__xts__%5B0%5D=68.ARCpWF7WfCDtRvEk2OlFlhpPDjXmc6nbJGc8DydgAyWztks5b3oG__3ahjr1kJL8_W8uu5SjqDFC23cJFhzDchcr5QBaql79zXRboAMpXTjOTtBGG5zgYOfCSPkD1aqx64baoftGGAiaacgQdMdDN3hPiaBJg43pHUXEE2VsRtr2Bxmhs6SP_GwlyY1ezKWaoLqGEFW8SFJtL4l5Dxa2tP0hCsz1dY5hI542r3UuD2EmlPpgqG62rZ7sem21hFdzMgSEqymq2XMGUYHwbZjnJO6XCK7StNJLuLwjkUjU7jk--thsKs5H2l6gAr29dPIb_xh2_Ho38eiNpg53tKzgt_ME_A\" data-hovercard=\"\/ajax\/hovercard\/page.php?id=383458618802776&amp;extragetparams=%7B%22__tn__%22%3A%22%2CdK-R-R%22%2C%22eid%22%3A%22ARCRn5XAQOOyb6IWBjzKiN00F5BMMX3XS_rBUATpHYny3PbT5sMaPSkzNAW_bUe9umMq-4tn4leB3rrJ%22%2C%22fref%22%3A%22mentions%22%7D\" data-hovercard-prefer-more-content-show=\"1\">Giuseppe Conte<\/a> ha contattato tutti i leader politici per assicurare la massima collaborazione in questa fase. Intanto il Paese deve continuare a vivere, a produrre, a fornire servizi. Per questo motivo anche l&#8217;attivit\u00e0 parlamentare sta proseguendo regolarmente. Questa settimana in Parlamento sono in discussione il decreto intercettazioni, il &#8220;milleproroghe&#8221; e altre misure necessarie al Paese e ai cittadini.<\/p>\n<\/div>\n<p>&nbsp;<\/p>\n<p>&nbsp;<\/p>\n<div class=\"_3x-2\" data-ft=\"{&quot;tn&quot;:&quot;H&quot;}\">\n<div data-ft=\"{&quot;tn&quot;:&quot;H&quot;}\">\n<div class=\"mtm\">\n<div class=\"_5cq3 _1ktf\" data-ft=\"{&quot;tn&quot;:&quot;E&quot;}\">\n<hr \/>\n<\/div>\n<\/div>\n<\/div>\n<\/div>\n<p>&nbsp;<\/p>\n<p>&nbsp;<\/p>\n<p><strong>BELLUNO<\/strong>\u00a0 L\u2019Ulss 1 Dolomiti sospende fino al 1\u00b0 marzo 2020 tutti gli incontri aperti al pubblico e tutte le attivit\u00e0 formative (ad esclusione dei medici in formazione specialistica e dei tirocinanti delle professioni sanitarie).\u00a0<span style=\"font-family: Calibri, serif;\"><span lang=\"it-IT\">Il \u201c<\/span><\/span><span style=\"font-family: Calibri, serif;\"><span lang=\"it-IT\">Mercoled\u00ec della salute\u201d<\/span><\/span><span style=\"font-family: Calibri, serif;\"><span lang=\"it-IT\"> in programma a Feltre il 26 febbraio e il <\/span><\/span><span style=\"font-family: Calibri, serif;\"><span lang=\"it-IT\">\u201cGioved\u00ec della salute\u201d<\/span><\/span><span style=\"font-family: Calibri, serif;\"><span lang=\"it-IT\"> in programma a Belluno il 27 febbraio\u00a0 <\/span><\/span><span style=\"font-family: Calibri, serif;\"><span lang=\"it-IT\">sono annullati. <\/span><\/span><span style=\"font-family: Calibri, serif;\"><span lang=\"it-IT\">\u00a0<\/span><\/span><span style=\"font-family: Calibri, serif;\"><span lang=\"it-IT\">Il convegno del 28 febbraio\u00a0 a Feltre su \u201cL\u2019evoluzione dell\u2019endoscopia digestiva in oncologia\u201d organizzato in memoria del dott. De Boni \u00e8 rinviato a data da destinarsi.<\/span><\/span><\/p>\n<p>&nbsp;<\/p>\n<hr \/>\n<p>&nbsp;<\/p>\n<p><strong>ALLEGHE\u00a0<\/strong>lo stadio rimarr\u00e0 chiuso fino al primo marzo. Il pattinaggio al pubblico e l\u2019attivit\u00e0 sportiva sono sospesi fino a nuova comunicazione<\/p>\n<p><strong>AGORDO<\/strong> Ieri sera annullato il consiglio dell&#8217;Unione Montana in sala Don Tamis<\/p>\n<p><strong>AGORDO<\/strong> La Universit\u00e0 degli Adulti\/Anziani di Belluno sospende ogni attivit\u00e0 fino al 1\u00b0 marzo compreso.<\/p>\n<p><strong>CENCENIGHE <\/strong>Annullato\u00a0 l\u2019ultimo di Carnevale al Nof Fil\u00f3 di Cencenighe di\u00a0 questa sera<\/p>\n<p><strong>BELLUNO <\/strong>La serata con Sara Simeoni prevista per Gioved\u00ec \u00e8 stata annullata<\/p>\n<p><strong>FALCADE <\/strong>Annullata la Skialp Caverson di Venerdi a Falcade<\/p>\n<p><strong>COLLE SANTA\u00a0 LUCIA <\/strong>Annullata la Ciasparun in programma sabato a Colle Santa Lucia<\/p>\n<p><strong>BELLUNO<\/strong> La Sezione Alpini di Belluno comunica che la convocazione dell\u2019Assemblea dei Delegati, gi\u00e0 fissata per domenica 1\u00b0 marzo 2020 \u00e8 stata sospesa e rinviata a data da destinarsi<\/p>\n<p><strong>CANALE D&#8217;AGORDO<\/strong> Il Museo, Casa natale e Centro studi Papa Luciani a Canale d&#8217;Agordo rimarranno chiusi<b>\u00a0<\/b>fino al 1\u00b0 marzo<\/p>\n<p><strong>BELLUNO<\/strong> L\u2019Associazione Bellunesi nel Mondo comunica la chiusura del MiM Belluno &#8211; Museo interattivo delle Migrazioni &#8211; e della Biblioteca delle migrazioni \u201cDino Buzzati\u201d<\/p>\n<p><strong>BELLUNO<\/strong> Il convegno in programma mercoledi con la Cgil Presentare e rappresentare il territorio \u00e8 stato annullato<\/p>\n<p><strong>FALCADE<\/strong> Annullata la sfilata di carnevale in programma oggi a Caviola<\/p>\n<p>&nbsp;<\/p>\n<p><strong>AGORDO<\/strong> La Sezione Agordina del Cai sospende ogni attivit\u00e0 svolta\u00a0 nell&#8217;ambito della sede sociale ma non l&#8217;attivit\u00e0 all&#8217;aperto visto che non prevede spostamenti in autobus. Dunque le lezioni teoriche del Corso SA1 sono sospese mentre le escursioni sociali e del corso si effettueranno regolarmente. Domenica escursione a Forcella di Col Becher sulle Cime d&#8217;Auta in Marmolada. Ritrovo: Presso la Sede del CAI \u2013 Sezione Agordina (Municipio di Agordo) alle ore 7.00<\/p>\n<p>&nbsp;<\/p>\n<p>&nbsp;<\/p>\n<hr \/>\n<p>&nbsp;<\/p>\n<p>&nbsp;<\/p>\n<blockquote>\n<h3>LE SEGRETERIE SINDACALI IN UN COMUNICATO CONGIUNTO AUSPICANO COLLABORAZIONE E INVITANO ALLA CALMA<\/h3>\n<\/blockquote>\n<p><strong>BELLUNO<\/strong> in queste ore le categorie sono particolarmente sollecitate rispetto alle preoccupazioni che i lavoratori dei servizi pubblici esprimono rispetto alla diffusione del Coronavirus, in particolare laddove operano in diretto contatto con i cittadini. Nelle scorse ore sono stati trasmessi a tutti i soggetti istituzionali le indicazioni da adottare. Il tavolo di crisi regionale \u00e8 in costante lavoro ed aggiornamento, e nelle prossime ore sono possibili ulteriori sviluppi in relazione all\u2019evoluzione della situazione. Sia le segreterie nazionali che quelle regionali sono costantemente impegnate a verificare tutte le situazioni che possono determinare criticit\u00e0 anche in relazione a possibili sospensioni del lavoro e delle attivit\u00e0. Elementi particolarmente delicati considerando che i servizi di competenza sono proprio quelli chiamati ad affrontare concretamente l\u2019emergenza in atto. <em>&#8220;Come segreterie regionali abbiamo gi\u00e0 chiesto alla Direzione dell\u2019Area Sanit\u00e0 e Sociale di programmare celermente un incontro per definire la situazione e per dare il nostro contributo. Riteniamo utile e necessario, considerati anche gli aggiornamenti che costantemente arrivano dalle segreterie nazionali unitariamente, evitare di assumere disgiuntamente iniziative che rischiano di avere l\u2019effetto opposto a quello che in queste ore ci proponiamo. Il nostro interesse \u00e8 quello di coordinare interventi a tutela dei lavoratori e della popolazione in sinergia con i soggetti istituzionali&#8221;.<\/em><\/p>\n<p>&nbsp;<\/p>\n<p>&nbsp;<\/p>\n<hr \/>\n<h3><\/h3>\n<p>&nbsp;<\/p>\n<blockquote>\n<h3>FRACASSO (PD) AUSPICA IL DIALOGO CON I SINDACI E CHIAREZZA CON I CITTADINI<\/h3>\n<\/blockquote>\n<p><strong>VENEZIA<\/strong>\u00a0 <em>\u201cL\u2019incontro di\u00a0 ieri \u00e8 stato utile per fare il quadro della situazione: indubbiamente siamo in una fase complessa e in continua evoluzione, perci\u00f2 sar\u00e0 necessario aggiornarci con frequenza. Condividiamo le misure prese di intesa con il Ministero, l\u2019obiettivo di ridurre la circolazione del virus \u00e8 di primaria importanza in questi giorni\u201d<\/em>. A dirlo \u00e8 Stefano Fracasso, capogruppo del Pd a Palazzo Ferro Fini, al termine della riunione a cui hanno partecipato l\u2019assessore alla Sanit\u00e0 Lanzarin e la dottoressa Russo, responsabile del Dipartimento Prevenzione. <em>\u201cAnzitutto abbiamo appreso con soddisfazione della negativit\u00e0 al virus del personale dell\u2019Ospedale di Schiavonia, a loro e a tutte le donne e gli uomini del Servizio sanitario del Veneto va il nostro ringraziamento per quello che stanno facendo. Da parte nostra abbiamo semmai segnalato la necessit\u00e0 di un pi\u00f9 stretto coordinamento con i sindaci che s trovano a gestire le chiusure delle scuole o a dover stoppare manifestazioni o eventi pubblici. Per quanto riguarda l\u2019espandersi del contagio \u00e8 evidente che il criterio epidemiologico del contatto con cittadini cinesi, o rientranti dalla Cina, non \u00e8 pi\u00f9 efficace per la ricostruzione della dinamica della diffusione in Veneto e l\u2019isolamento di Vo\u2019 Euganeo \u00e8 necessario per confinare il focolaio, mentre risulta totalmente immotivata la corsa ai supermercati, non essendoci nessuna criticit\u00e0 alimentare. Infine &#8211; conclude la nota del capogruppo Fracasso. &#8211; abbiamo ribadito che in questo momento la risposta delle istituzioni e delle forze politiche deve essere improntata alla massima chiarezza nei confronti dei cittadini, la cui salute viene prima di ogni altra considerazione. Ed in questo senso si orienta anche il comportamento del gruppo del Partito Democratico\u201d.<\/em><\/p>\n<p>&nbsp;<\/p>\n<hr \/>\n<p>&nbsp;<\/p>\n<p>&nbsp;<\/p>\n<blockquote>\n<h3>OGGI VERTICE CON ISTITUZIONI, CATEGORIE PRODUTTIVE E PARTI SOCIALI SU CONSEGUENZE ECONOMICHE<\/h3>\n<\/blockquote>\n<p><strong>VENEZIA<\/strong>\u00a0 Oggi il presidente del Veneto ha convocato nella sede della protezione civile a Marghera i rappresentanti delle istituzioni locali e del mondo economico e sociale per una valutazione comune sulle conseguenze economiche e sociali dell\u2019emergenza coronavirus.<\/p>\n<p>&nbsp;<\/p>\n<p>&nbsp;<\/p>\n<hr \/>\n<p>&nbsp;<\/p>\n<p>&nbsp;<\/p>\n<h2 style=\"text-align: center;\">L&#8217;INTERNICOLA OFFENDE DI NUOVO<\/h2>\n<p>&nbsp;<\/p>\n<p><strong><a class=\"dt-pswp-item\" href=\"https:\/\/www.radiopiu.net\/wordpress\/wp-content\/uploads\/2019\/05\/LIVINALLONGO-LEANDRO-GRONES.jpg\" data-dt-img-description=\"\" data-large_image_width=\"548\" data-large_image_height=\"768\"><img loading=\"lazy\" decoding=\"async\" class=\"wp-image-86470 alignright\" src=\"https:\/\/www.radiopiu.net\/wordpress\/wp-content\/uploads\/2019\/05\/LIVINALLONGO-LEANDRO-GRONES-214x300.jpg\" alt=\"\" width=\"137\" height=\"192\" srcset=\"https:\/\/www.radiopiu.net\/wordpress\/wp-content\/uploads\/2019\/05\/LIVINALLONGO-LEANDRO-GRONES-214x300.jpg 214w, https:\/\/www.radiopiu.net\/wordpress\/wp-content\/uploads\/2019\/05\/LIVINALLONGO-LEANDRO-GRONES.jpg 548w\" sizes=\"auto, (max-width: 137px) 100vw, 137px\" \/><\/a>LIVINALLONGO<\/strong> Poche righe scritte contro voglia, solo per onor di cronaca, non ne merita di pi\u00f9 anche per non fare il suo gioco.La bresciana Laura Internicola dopo aver offeso anche il Pubblico Ministero ora se la prende con Leandro Grones, da giorni sulla sua pagina facebook gli epiteti contro il sindaco Fodom che non ripetiamo anche per rispetto del primo cittadino di Livinallongo. Le colpe di Grones? Essersi opposto al collegamento Cortina-Arabba. Impennata di querele e richieste danni, ma nessuno pare sia in caso di chiudergli la bocca&#8230; o la pagina\u00a0 facebook&#8230;<\/p>\n<p>&nbsp;<\/p>\n<hr \/>\n<p>&nbsp;<\/p>\n<p>&nbsp;<\/p>\n<p>&nbsp;<\/p>\n<blockquote>\n<h3>NESSUN FERITO NEL SINISTRO A CORTINA<\/h3>\n<\/blockquote>\n<p><strong>CORTINA<\/strong> Nessun ferito nell&#8217;incidente in via Groman a Cortina. Coinvolta l&#8217;auto di un sessantenne di Calalzo e un pullman della Dolomitibus<\/p>\n<p><a class=\"dt-pswp-item\" href=\"https:\/\/www.radiopiu.net\/wordpress\/wp-content\/uploads\/2020\/02\/InkedGGG_LI.jpg\" data-dt-img-description=\"\" data-large_image_width=\"1024\" data-large_image_height=\"768\"><img loading=\"lazy\" decoding=\"async\" class=\"alignnone wp-image-119041 \" src=\"https:\/\/www.radiopiu.net\/wordpress\/wp-content\/uploads\/2020\/02\/InkedGGG_LI.jpg\" alt=\"\" width=\"291\" height=\"218\" srcset=\"https:\/\/www.radiopiu.net\/wordpress\/wp-content\/uploads\/2020\/02\/InkedGGG_LI.jpg 1024w, https:\/\/www.radiopiu.net\/wordpress\/wp-content\/uploads\/2020\/02\/InkedGGG_LI-300x225.jpg 300w, https:\/\/www.radiopiu.net\/wordpress\/wp-content\/uploads\/2020\/02\/InkedGGG_LI-768x576.jpg 768w\" sizes=\"auto, (max-width: 291px) 100vw, 291px\" \/><\/a><a class=\"dt-pswp-item\" href=\"https:\/\/www.radiopiu.net\/wordpress\/wp-content\/uploads\/2020\/02\/Inkedea8b01c7-0483-4abe-bfda-a71b6e68129d_LI.jpg\" data-dt-img-description=\"\" data-large_image_width=\"768\" data-large_image_height=\"1024\"><img loading=\"lazy\" decoding=\"async\" class=\"alignnone wp-image-119044 \" src=\"https:\/\/www.radiopiu.net\/wordpress\/wp-content\/uploads\/2020\/02\/Inkedea8b01c7-0483-4abe-bfda-a71b6e68129d_LI.jpg\" alt=\"\" width=\"163\" height=\"217\" srcset=\"https:\/\/www.radiopiu.net\/wordpress\/wp-content\/uploads\/2020\/02\/Inkedea8b01c7-0483-4abe-bfda-a71b6e68129d_LI.jpg 768w, https:\/\/www.radiopiu.net\/wordpress\/wp-content\/uploads\/2020\/02\/Inkedea8b01c7-0483-4abe-bfda-a71b6e68129d_LI-225x300.jpg 225w\" sizes=\"auto, (max-width: 163px) 100vw, 163px\" \/><\/a><\/p>\n<p>&nbsp;<\/p>\n<p>&nbsp;<\/p>\n<hr \/>\n<p>&nbsp;<\/p>\n<p>&nbsp;<\/p>\n<p>&nbsp;<\/p>\n<blockquote>\n<h3>GOSALDO, VOLTAGO E COLLE SANTA LUCIA AL VOTO<\/h3>\n<\/blockquote>\n<p><strong><a class=\"dt-pswp-item\" href=\"https:\/\/www.radiopiu.net\/wordpress\/wp-content\/uploads\/2017\/07\/Giocondo-OK-.jpg\" data-dt-img-description=\"\" data-large_image_width=\"250\" data-large_image_height=\"283\"><img loading=\"lazy\" decoding=\"async\" class=\"wp-image-34620 alignleft\" src=\"https:\/\/www.radiopiu.net\/wordpress\/wp-content\/uploads\/2017\/07\/Giocondo-OK-.jpg\" alt=\"\" width=\"84\" height=\"95\" \/><\/a><a class=\"dt-pswp-item\" href=\"https:\/\/www.radiopiu.net\/wordpress\/wp-content\/uploads\/2018\/03\/paolo_frena.jpg\" data-dt-img-description=\"\" data-large_image_width=\"774\" data-large_image_height=\"884\"><img loading=\"lazy\" decoding=\"async\" class=\"wp-image-45409 alignright\" src=\"https:\/\/www.radiopiu.net\/wordpress\/wp-content\/uploads\/2018\/03\/paolo_frena-263x300.jpg\" alt=\"\" width=\"68\" height=\"78\" srcset=\"https:\/\/www.radiopiu.net\/wordpress\/wp-content\/uploads\/2018\/03\/paolo_frena-263x300.jpg 263w, https:\/\/www.radiopiu.net\/wordpress\/wp-content\/uploads\/2018\/03\/paolo_frena-768x877.jpg 768w, https:\/\/www.radiopiu.net\/wordpress\/wp-content\/uploads\/2018\/03\/paolo_frena.jpg 774w\" sizes=\"auto, (max-width: 68px) 100vw, 68px\" \/><\/a>VOLTAGO<\/strong> Alessandro Lazzarini non ufficializza la sua candidatura, c&#8217;\u00e8 l&#8217;amarezza della bocciatura dello scorso anno. Zanvit se invitato potrebbe fare il consigliere. <strong>GOSALDO<\/strong> Giocondo Dalle Feste lavora per la ricandidatura, serve la seconda lista per evitare il commissariamento. <strong>COLLE SANTA LUCIA\u00a0<\/strong>Frena incontra la popolazione, Forza Nuova si ripresenta?<\/p>\n<p><strong>DI GIANNI SANTOMASO\u00a0<\/strong><\/p>\n<audio class=\"wp-audio-shortcode\" id=\"audio-118935-3\" preload=\"none\" style=\"width: 100%;\" controls=\"controls\"><source type=\"audio\/mpeg\" src=\"https:\/\/www.radiopiu.net\/wordpress\/wp-content\/uploads\/2020\/02\/GIANNI-VOTO.mp3?_=3\" \/><a href=\"https:\/\/www.radiopiu.net\/wordpress\/wp-content\/uploads\/2020\/02\/GIANNI-VOTO.mp3\">https:\/\/www.radiopiu.net\/wordpress\/wp-content\/uploads\/2020\/02\/GIANNI-VOTO.mp3<\/a><\/audio>\n<p>&nbsp;<\/p>\n<h3><\/h3>\n<hr \/>\n<h3><\/h3>\n<p>&nbsp;<\/p>\n<p>&nbsp;<\/p>\n<h3 style=\"text-align: left;\">PARCHEGGIARE DAVANTI ALLE SCUOLE SARA&#8217; PIU&#8217; SEMPLICE CON I NUOVI STALLI<a class=\"dt-pswp-item\" href=\"https:\/\/www.radiopiu.net\/wordpress\/wp-content\/uploads\/2020\/02\/unnamed-1.jpg\" data-dt-img-description=\"\" data-large_image_width=\"300\" data-large_image_height=\"199\"><img loading=\"lazy\" decoding=\"async\" class=\"size-full wp-image-119047 alignleft\" src=\"https:\/\/www.radiopiu.net\/wordpress\/wp-content\/uploads\/2020\/02\/unnamed-1.jpg\" alt=\"\" width=\"300\" height=\"199\" \/><\/a><\/h3>\n<h3 style=\"text-align: left;\"><\/h3>\n<h3 style=\"text-align: left;\">LIMANA<\/h3>\n<p>&nbsp;<\/p>\n<p>&nbsp;<\/p>\n<p>&nbsp;<\/p>\n<p>&nbsp;<\/p>\n<p><strong>DI DAMIANO TORMEN<\/strong><\/p>\n<audio class=\"wp-audio-shortcode\" id=\"audio-118935-4\" preload=\"none\" style=\"width: 100%;\" controls=\"controls\"><source type=\"audio\/mpeg\" src=\"https:\/\/www.radiopiu.net\/wordpress\/wp-content\/uploads\/2020\/02\/damiano-7.mp3?_=4\" \/><a href=\"https:\/\/www.radiopiu.net\/wordpress\/wp-content\/uploads\/2020\/02\/damiano-7.mp3\">https:\/\/www.radiopiu.net\/wordpress\/wp-content\/uploads\/2020\/02\/damiano-7.mp3<\/a><\/audio>\n<h3><\/h3>\n<hr \/>\n<p>&nbsp;<\/p>\n<p>&nbsp;<\/p>\n<p>&nbsp;<\/p>\n<p>&nbsp;<\/p>\n<blockquote>\n<h3>PROGETTI UTILI ALLA COLLETTIVITA&#8217; PER CHI HA IL REDDITO DI CITTADINANZA<\/h3>\n<\/blockquote>\n<p><strong><a class=\"dt-pswp-item\" href=\"https:\/\/www.radiopiu.net\/wordpress\/wp-content\/uploads\/2018\/12\/argentera_ferrere-3.jpg\" data-dt-img-description=\"\" data-large_image_width=\"865\" data-large_image_height=\"330\"><img loading=\"lazy\" decoding=\"async\" class=\"size-medium wp-image-71005 alignleft\" src=\"https:\/\/www.radiopiu.net\/wordpress\/wp-content\/uploads\/2018\/12\/argentera_ferrere-3-300x114.jpg\" alt=\"\" width=\"300\" height=\"114\" srcset=\"https:\/\/www.radiopiu.net\/wordpress\/wp-content\/uploads\/2018\/12\/argentera_ferrere-3-300x114.jpg 300w, https:\/\/www.radiopiu.net\/wordpress\/wp-content\/uploads\/2018\/12\/argentera_ferrere-3-768x293.jpg 768w, https:\/\/www.radiopiu.net\/wordpress\/wp-content\/uploads\/2018\/12\/argentera_ferrere-3.jpg 865w\" sizes=\"auto, (max-width: 300px) 100vw, 300px\" \/><\/a>ROMA\u00a0<\/strong> \u00c8 evidente che il sistema dei &#8220;Progetti utili alla collettivit\u00e0&#8221; per chi ha il reddito di cittadinanza \u00e8 pensato solo per i grandi Comuni. E mette in crisi tutti gli altri, in particolare i piccoli. La denuncia dell&#8217;Uncem raccoglie le istanze arrivate nelle ultime ore da molti Sindaci che da oggi con i loro Comuni, singoli o associati e raccordandosi a livello di ambito territoriale, sono responsabili dell&#8217;approvazione, attuazione, coordinamento e monitoraggio dei progetti, anche con l&#8217;apporto di altri soggetti pubblici e del privato sociale. Un sistema complesso e poco chiaro in particolare sulle responsabilit\u00e0 e sulle assicurazioni che ne piccoli Enti, o anche nelle Unioni montane, dunque non pu\u00f2 funzionare. Non ci sono garanzie per i Sindaci, non ci sono risorse e non ci sono persone che possano lavorarci, negli Enti, per attivare progetti. Uncem ha gi\u00e0 chiesto al Ministero del Lavoro che l&#8217;intero sistema venga rivisto. Il cerino \u00e8 passato dal Ministero in mano ai Sindaci. Che oggi sono spiazzati, senza peraltro sapere quanti e chi sono i beneficiari del reddito di cittadinanza. Il sistema Gepi pu\u00f2 funzionare nelle grandi citt\u00e0, dove vi sono competenti uffici strutturati, ma non certo nelle realt\u00e0 piccole. Il carico burocratico \u00e8 troppo gravoso. Perch\u00e9 le incombenze vengono scaricate sugli Enti locali, con uffici che devono programmare tutto il pacchetto eventualmente in accordo con il sistema di gestione dei servizi socio-assistenziali. Da otto a sedici ore settimanali di iniziative da strutturare. Per esempio, nell&#8217;ambito della manutenzione del verde pubblico, i lavoratori del Puc potranno fornire un supporto agli operatori degli Enti locali, che per\u00f2 mantengono la responsabilit\u00e0 delle attivit\u00e0. Altro nodo non semplice da sciogliere. <em>&#8220;Cos\u00ec non va &#8211; spiega Marco Bussone, Presidente Uncem &#8211; I piccoli Comuni, le nostre Unioni montane, fino a quando non arriveranno risorse e chiarimenti su responsabilit\u00e0 e assicurazioni, non attiveranno Puc. Si valuti piuttosto di usare i &#8216;navigator&#8217; per strutturare i Puc in accordo con gli Enti. Almeno non si va a gravare sui Sindaci e sugli uffici gi\u00e0 oberati e stretti dalla burocrazia. Per i navigator le risorse sono state trovate. Per i Comuni invece oggi siamo al palo. Il Ministro del Lavoro Nunzia Catalfo individui con Uncem una immediata soluzione&#8221;.<\/em><\/p>\n<p>&nbsp;<\/p>\n<p>&nbsp;<\/p>\n<hr \/>\n<p>&nbsp;<\/p>\n<p>&nbsp;<\/p>\n<p>&nbsp;<\/p>\n<p>&nbsp;<\/p>\n<blockquote>\n<h3><em>NUOVE TARIFFE, AUMENTA SOLO LA RETTA DEL SERVIZIO MENSA.\u00a0 DI OLTRE 230 MILA EURO\u00a0 IL COSTO TOTALE DEI SERVIZI IN CITTA&#8217;<\/em><\/h3>\n<\/blockquote>\n<p><strong><img loading=\"lazy\" decoding=\"async\" class=\"alignleft\" src=\"https:\/\/www.radiopiu.net\/wordpress\/wp-content\/uploads\/2019\/04\/agordo-1.jpeg\" width=\"245\" height=\"138\" \/>AGORDO\u00a0<\/strong><\/p>\n<p>DI GIANNI SANTOMASO<\/p>\n<audio class=\"wp-audio-shortcode\" id=\"audio-118935-5\" preload=\"none\" style=\"width: 100%;\" controls=\"controls\"><source type=\"audio\/mpeg\" src=\"https:\/\/www.radiopiu.net\/wordpress\/wp-content\/uploads\/2020\/02\/GIANNI-TARIFFE-AGORDO.mp3?_=5\" \/><a href=\"https:\/\/www.radiopiu.net\/wordpress\/wp-content\/uploads\/2020\/02\/GIANNI-TARIFFE-AGORDO.mp3\">https:\/\/www.radiopiu.net\/wordpress\/wp-content\/uploads\/2020\/02\/GIANNI-TARIFFE-AGORDO.mp3<\/a><\/audio>\n<p>&nbsp;<\/p>\n<p>&nbsp;<\/p>\n<blockquote><p>&nbsp;<\/p>\n<hr \/>\n<h3>AL VIA IL CORSO PER LE FUTURE GUIDE DEL PARCO<\/h3>\n<p><strong>FELTRE<\/strong> <span style=\"font-family: Arial, sans-serif;\"><span style=\"font-size: small;\">Il Parco Nazionale delle Dolomiti Bellunesi organizza un corso per conseguire il titolo di \u201cguida ufficiale del Parco\u201d.\u00a0 E&#8217;<\/span><\/span><span style=\"font-family: Arial, sans-serif;\"><span style=\"font-size: small;\">\u00a0destinato ad un massimo di 20 partecipanti, che saranno selezionati in base al curriculum e ad un test di ingresso. La domanda per partecipare alle selezioni va presentata utilizzando gli appositi moduli, scaricabili dal sito del Parco: <\/span><\/span><span style=\"color: #0000ff;\"><u><a href=\"http:\/\/www.dolomitipark.it\/\"><span style=\"font-family: Arial, sans-serif;\"><span style=\"font-size: small;\">www.dolomitipark.it<\/span><\/span><\/a> \u00a0<\/u><\/span><span style=\"font-family: Arial, sans-serif;\"><span style=\"font-size: small;\">Le <\/span><\/span><span style=\"font-family: Arial, sans-serif;\"><span style=\"font-size: small;\">domande vanno presentate entro le ore 12 di luned\u00ec 16 marzo 2020. <\/span><\/span><span style=\"font-family: Arial, sans-serif;\"><span style=\"font-size: small;\">Per conseguire il titolo \u00e8 necessario frequentare il corso e superare un esame finale.<\/span><\/span><\/p>\n<p>&nbsp;<\/p>\n<hr \/>\n<p>&nbsp;<\/p>\n<p>&nbsp;<\/p><\/blockquote>\n<p>&nbsp;<\/p>\n<blockquote>\n<h3>GLI AMIGHI DA LISTOLADE PROTAGONISTI DEL CARNEVAL DEI BOCE<\/h3>\n<\/blockquote>\n<p><strong><a class=\"dt-pswp-item\" href=\"https:\/\/www.radiopiu.net\/wordpress\/wp-content\/uploads\/2020\/02\/a55d4fc0-4075-49ae-a1d7-d9c0f9fca0a4.jpg\" data-dt-img-description=\"\" data-large_image_width=\"1600\" data-large_image_height=\"1286\"><img loading=\"lazy\" decoding=\"async\" class=\"wp-image-118705 alignleft\" src=\"https:\/\/www.radiopiu.net\/wordpress\/wp-content\/uploads\/2020\/02\/a55d4fc0-4075-49ae-a1d7-d9c0f9fca0a4-300x241.jpg\" alt=\"\" width=\"205\" height=\"165\" srcset=\"https:\/\/www.radiopiu.net\/wordpress\/wp-content\/uploads\/2020\/02\/a55d4fc0-4075-49ae-a1d7-d9c0f9fca0a4-300x241.jpg 300w, https:\/\/www.radiopiu.net\/wordpress\/wp-content\/uploads\/2020\/02\/a55d4fc0-4075-49ae-a1d7-d9c0f9fca0a4-1024x823.jpg 1024w, https:\/\/www.radiopiu.net\/wordpress\/wp-content\/uploads\/2020\/02\/a55d4fc0-4075-49ae-a1d7-d9c0f9fca0a4-768x617.jpg 768w, https:\/\/www.radiopiu.net\/wordpress\/wp-content\/uploads\/2020\/02\/a55d4fc0-4075-49ae-a1d7-d9c0f9fca0a4-1536x1235.jpg 1536w, https:\/\/www.radiopiu.net\/wordpress\/wp-content\/uploads\/2020\/02\/a55d4fc0-4075-49ae-a1d7-d9c0f9fca0a4.jpg 1600w\" sizes=\"auto, (max-width: 205px) 100vw, 205px\" \/><\/a><\/strong><\/p>\n<p>&nbsp;<\/p>\n<p>&nbsp;<\/p>\n<p>&nbsp;<\/p>\n<p><strong>TAIBON<\/strong><\/p>\n<p><strong>DI GIANNI SANTOMASO<\/strong><\/p>\n<audio class=\"wp-audio-shortcode\" id=\"audio-118935-6\" preload=\"none\" style=\"width: 100%;\" controls=\"controls\"><source type=\"audio\/mpeg\" src=\"https:\/\/www.radiopiu.net\/wordpress\/wp-content\/uploads\/2020\/02\/GIANNI-CARNEVALE.mp3?_=6\" \/><a href=\"https:\/\/www.radiopiu.net\/wordpress\/wp-content\/uploads\/2020\/02\/GIANNI-CARNEVALE.mp3\">https:\/\/www.radiopiu.net\/wordpress\/wp-content\/uploads\/2020\/02\/GIANNI-CARNEVALE.mp3<\/a><\/audio>\n<p>&nbsp;<\/p>\n<p>&nbsp;<\/p>\n<h3>La\u00a0#PROLOCOLAVAL\u00a0e gli organizzatori de \u201cEl Carneval dei Boce 2020\u201d vi ringraziano, vi abbracciano e vi salutano al prossimo anno!<\/h3>\n<p><a class=\"dt-pswp-item\" href=\"https:\/\/www.radiopiu.net\/wordpress\/wp-content\/uploads\/2020\/02\/87172931_3045087992176849_3706813392154001408_o.jpg\" data-dt-img-description=\"\" data-large_image_width=\"960\" data-large_image_height=\"720\"><img loading=\"lazy\" decoding=\"async\" class=\"alignnone wp-image-119052 size-full\" src=\"https:\/\/www.radiopiu.net\/wordpress\/wp-content\/uploads\/2020\/02\/87172931_3045087992176849_3706813392154001408_o.jpg\" alt=\"\" width=\"960\" height=\"720\" srcset=\"https:\/\/www.radiopiu.net\/wordpress\/wp-content\/uploads\/2020\/02\/87172931_3045087992176849_3706813392154001408_o.jpg 960w, https:\/\/www.radiopiu.net\/wordpress\/wp-content\/uploads\/2020\/02\/87172931_3045087992176849_3706813392154001408_o-300x225.jpg 300w, https:\/\/www.radiopiu.net\/wordpress\/wp-content\/uploads\/2020\/02\/87172931_3045087992176849_3706813392154001408_o-768x576.jpg 768w\" sizes=\"auto, (max-width: 960px) 100vw, 960px\" \/><\/a><\/p>\n<p>&nbsp;<\/p>\n<hr \/>\n<p>&nbsp;<\/p>\n<blockquote class=\"wp-embedded-content\" data-secret=\"PGPO5ONpZk\"><p><a href=\"https:\/\/www.radiopiu.net\/wordpress\/commemorazione-militante-dei-partigiani-da-gioz-e-dinca\/\">\u201cCOMMEMORAZIONE MILITANTE\u201d DEI PARTIGIANI DA GIOZ E D\u2019INCA\u2019<\/a><\/p><\/blockquote>\n<p><iframe loading=\"lazy\" title=\"&#8220;\u201cCOMMEMORAZIONE MILITANTE\u201d DEI PARTIGIANI DA GIOZ E D\u2019INCA\u2019&#8221; &#8212; Radio Pi\u00f9\" class=\"wp-embedded-content\" sandbox=\"allow-scripts\" security=\"restricted\" style=\"position: absolute; clip: rect(1px, 1px, 1px, 1px);\" src=\"https:\/\/www.radiopiu.net\/wordpress\/commemorazione-militante-dei-partigiani-da-gioz-e-dinca\/embed\/#?secret=PGPO5ONpZk\" data-secret=\"PGPO5ONpZk\" width=\"600\" height=\"338\" frameborder=\"0\" marginwidth=\"0\" marginheight=\"0\" scrolling=\"no\"><\/iframe><\/p>\n<p>&nbsp;<\/p>\n<p>&nbsp;<\/p>\n<p>&nbsp;<\/p>\n<p><a class=\"dt-pswp-item\" href=\"https:\/\/www.radiopiu.net\/wordpress\/wp-content\/uploads\/2018\/09\/appuntamenti.jpeg\" data-dt-img-description=\"\" data-large_image_width=\"800\" data-large_image_height=\"100\"><img loading=\"lazy\" decoding=\"async\" class=\"alignnone wp-image-61958 size-full\" src=\"https:\/\/www.radiopiu.net\/wordpress\/wp-content\/uploads\/2018\/09\/appuntamenti.jpeg\" alt=\"\" width=\"800\" height=\"100\" srcset=\"https:\/\/www.radiopiu.net\/wordpress\/wp-content\/uploads\/2018\/09\/appuntamenti.jpeg 800w, https:\/\/www.radiopiu.net\/wordpress\/wp-content\/uploads\/2018\/09\/appuntamenti-300x38.jpeg 300w, https:\/\/www.radiopiu.net\/wordpress\/wp-content\/uploads\/2018\/09\/appuntamenti-768x96.jpeg 768w\" sizes=\"auto, (max-width: 800px) 100vw, 800px\" \/><\/a><\/p>\n<p>&nbsp;<\/p>\n<p><strong>BELLUNO <\/strong>Venerdi\u00a0 alle 20.20 in via Barozzi a Baldenich conferenza sul 5G. Relatore Giorgio Rossi di EcoItalia, movimento ecologista, responsabile nel settore della ricerca e sviluppo di nuove tecnologie, esperto di tecnologie etiche ambientali. Ingresso libero a tutti.<\/p>\n<p>&nbsp;<\/p>\n<hr \/>\n<p>&nbsp;<\/p>\n<p>&nbsp;<\/p>\n<p>&nbsp;<\/p>\n<blockquote class=\"wp-embedded-content\" data-secret=\"UmizPm0PCT\"><p><a href=\"https:\/\/www.radiopiu.net\/wordpress\/piaz\/\">DAL 9 MARZO PIAZZA DI AGORDO CHIUSA PER LAVORI, DEVIAZIONI IN TANGENZIALE<\/a><\/p><\/blockquote>\n<p><iframe loading=\"lazy\" title=\"&#8220;DAL 9 MARZO PIAZZA DI AGORDO CHIUSA PER LAVORI, DEVIAZIONI IN TANGENZIALE&#8221; &#8212; Radio Pi\u00f9\" class=\"wp-embedded-content\" sandbox=\"allow-scripts\" security=\"restricted\" style=\"position: absolute; clip: rect(1px, 1px, 1px, 1px);\" src=\"https:\/\/www.radiopiu.net\/wordpress\/piaz\/embed\/#?secret=UmizPm0PCT\" data-secret=\"UmizPm0PCT\" width=\"600\" height=\"338\" frameborder=\"0\" marginwidth=\"0\" marginheight=\"0\" scrolling=\"no\"><\/iframe><\/p>\n<p>&nbsp;<\/p>\n<p>&nbsp;<\/p>\n<p>&nbsp;<\/p>\n<p><a class=\"dt-pswp-item pspw-wrap-ready\" href=\"https:\/\/www.radiopiu.net\/wordpress\/wp-content\/uploads\/2018\/09\/viabilita.jpeg\" data-dt-img-description=\"\" data-large_image_width=\"800\" data-large_image_height=\"100\"><img loading=\"lazy\" decoding=\"async\" class=\"wp-image-61954 size-full aligncenter\" src=\"https:\/\/www.radiopiu.net\/wordpress\/wp-content\/uploads\/2018\/09\/viabilita.jpeg\" sizes=\"auto, (max-width: 800px) 100vw, 800px\" srcset=\"https:\/\/www.radiopiu.net\/wordpress\/wp-content\/uploads\/2018\/09\/viabilita.jpeg 800w, https:\/\/www.radiopiu.net\/wordpress\/wp-content\/uploads\/2018\/09\/viabilita-300x38.jpeg 300w, https:\/\/www.radiopiu.net\/wordpress\/wp-content\/uploads\/2018\/09\/viabilita-768x96.jpeg 768w\" alt=\"\" width=\"800\" height=\"100\" \/><\/a><\/p>\n<p>&nbsp;<\/p>\n<p><strong>GR 50 BIS, SCALE DI PRIMOLANO<\/strong> Fino al\u00a0 7 MARZO (FESTIVI E PREFESTIVI ESCLUSI) SENSO UNICO ALTERNATO PER POSA CAVIDOTTO<\/p>\n<div class=\"im_history_message_wrap\">\n<div class=\"im_message_outer_wrap hasselect\" data-msg-id=\"2959\">\n<div class=\"im_message_wrap clearfix\">\n<div class=\"im_content_message_wrap im_message_out\">\n<p><strong>PROVINCIALE 3 VALLE IMPERINA, CORDE MOLE_VALLASIN <\/strong>DALLE 8.45 ALLE 11,45 E DALLE 13.30 ALLE 17.30 INTERRUZIONI FINO A 30 MINUTI (ESCLUSO FESTIVI E PREFESTIVI)<\/p>\n<\/div>\n<\/div>\n<\/div>\n<\/div>\n<p><strong>48\u00a0 DELLE DOLOMITI<\/strong>\u00a0 Dal 24 al 28 febbraio senso unico alternato in localit\u00e0 Livin\u00e8.<\/p>\n<p><strong>PONTE NELLE ALPI <\/strong><em>Fino al 27 marzo, il traffico della statale 50, all&#8217;altezza dell&#8217;innesto con via dei Zattieri (che verr\u00e0 chiusa), sar\u00e0 deviato nel tratto di nuova rotatoria realizzata all&#8217;interno dell&#8217;area ex Comedil.<\/em><\/p>\n<p>&nbsp;<\/p>\n<p>&nbsp;<\/p>\n<hr \/>\n<h2><\/h2>\n<p>&nbsp;<\/p>\n<p>&nbsp;<\/p>\n<h2><span style=\"color: #ff0000;\">IERI ALLA RADIO<\/span><\/h2>\n<blockquote>\n<h3>SALUTE E SOCIETA&#8217;<\/h3>\n<\/blockquote>\n<blockquote class=\"wp-embedded-content\" data-secret=\"wsvneTIVgN\"><p><a href=\"https:\/\/www.radiopiu.net\/wordpress\/melanoma-malattie-polmonari-tumore-al-seno\/\">Melanoma &#8211; malattie polmonari &#8211; tumore al seno<\/a><\/p><\/blockquote>\n<p><iframe loading=\"lazy\" title=\"&#8220;Melanoma &#8211; malattie polmonari &#8211; tumore al seno&#8221; &#8212; Radio Pi\u00f9\" class=\"wp-embedded-content\" sandbox=\"allow-scripts\" security=\"restricted\" style=\"position: absolute; clip: rect(1px, 1px, 1px, 1px);\" src=\"https:\/\/www.radiopiu.net\/wordpress\/melanoma-malattie-polmonari-tumore-al-seno\/embed\/#?secret=wsvneTIVgN\" data-secret=\"wsvneTIVgN\" width=\"600\" height=\"338\" frameborder=\"0\" marginwidth=\"0\" marginheight=\"0\" scrolling=\"no\"><\/iframe><\/p>\n<h2>LA COLLEZIONE COMPLETA<\/h2>\n<blockquote class=\"wp-embedded-content\" data-secret=\"3gvFHpXmuQ\"><p><a href=\"https:\/\/www.radiopiu.net\/wordpress\/saluteesocieta\/\">Salute e Societ\u00e0<\/a><\/p><\/blockquote>\n<p><iframe loading=\"lazy\" title=\"&#8220;Salute e Societ\u00e0&#8221; &#8212; Radio Pi\u00f9\" class=\"wp-embedded-content\" sandbox=\"allow-scripts\" security=\"restricted\" style=\"position: absolute; clip: rect(1px, 1px, 1px, 1px);\" src=\"https:\/\/www.radiopiu.net\/wordpress\/saluteesocieta\/embed\/#?secret=3gvFHpXmuQ\" data-secret=\"3gvFHpXmuQ\" width=\"600\" height=\"338\" frameborder=\"0\" marginwidth=\"0\" marginheight=\"0\" scrolling=\"no\"><\/iframe><\/p>\n<hr \/>\n<h2><\/h2>\n<p>&nbsp;<\/p>\n<h2><span style=\"color: #ff0000;\">IERI ALLA RADIO\u00a0<\/span><\/h2>\n<blockquote class=\"wp-embedded-content\" data-secret=\"9EVorDMRqt\"><p><a href=\"https:\/\/www.radiopiu.net\/wordpress\/voglio-vestirmi-di-primavera-di-irno-scarani\/\">VOGLIO VESTIRMI DI PRIMAVERA di IRNO SCARANI<\/a><\/p><\/blockquote>\n<p><iframe loading=\"lazy\" title=\"&#8220;VOGLIO VESTIRMI DI PRIMAVERA di IRNO SCARANI&#8221; &#8212; Radio Pi\u00f9\" class=\"wp-embedded-content\" sandbox=\"allow-scripts\" security=\"restricted\" style=\"position: absolute; clip: rect(1px, 1px, 1px, 1px);\" src=\"https:\/\/www.radiopiu.net\/wordpress\/voglio-vestirmi-di-primavera-di-irno-scarani\/embed\/#?secret=9EVorDMRqt\" data-secret=\"9EVorDMRqt\" width=\"600\" height=\"338\" frameborder=\"0\" marginwidth=\"0\" marginheight=\"0\" scrolling=\"no\"><\/iframe><\/p>\n<h2>COLLEZIONE COMPLETA<\/h2>\n<blockquote class=\"wp-embedded-content\" data-secret=\"f1hZRWVHOu\"><p><a href=\"https:\/\/www.radiopiu.net\/wordpress\/in-vivo-verso\/\">In Vivo Verso<\/a><\/p><\/blockquote>\n<p><iframe loading=\"lazy\" title=\"&#8220;In Vivo Verso&#8221; &#8212; Radio Pi\u00f9\" class=\"wp-embedded-content\" sandbox=\"allow-scripts\" security=\"restricted\" style=\"position: absolute; clip: rect(1px, 1px, 1px, 1px);\" src=\"https:\/\/www.radiopiu.net\/wordpress\/in-vivo-verso\/embed\/#?secret=f1hZRWVHOu\" data-secret=\"f1hZRWVHOu\" width=\"600\" height=\"338\" frameborder=\"0\" marginwidth=\"0\" marginheight=\"0\" scrolling=\"no\"><\/iframe><\/p>\n<p>&nbsp;<\/p>\n<hr \/>\n<p>&nbsp;<\/p>\n<h2><span style=\"color: #ff0000;\">IERI ALLA RADIO<\/span><\/h2>\n<blockquote class=\"wp-embedded-content\" data-secret=\"67HONG95qS\"><p><a href=\"https:\/\/www.radiopiu.net\/wordpress\/i-racconti-di-paolo-soppelsa-undicesima-puntata\/\">I RACCONTI DI PAOLO SOPPELSA, UNDICESIMA PUNTATA<\/a><\/p><\/blockquote>\n<p><iframe loading=\"lazy\" title=\"&#8220;I RACCONTI DI PAOLO SOPPELSA, UNDICESIMA PUNTATA&#8221; &#8212; Radio Pi\u00f9\" class=\"wp-embedded-content\" sandbox=\"allow-scripts\" security=\"restricted\" style=\"position: absolute; clip: rect(1px, 1px, 1px, 1px);\" src=\"https:\/\/www.radiopiu.net\/wordpress\/i-racconti-di-paolo-soppelsa-undicesima-puntata\/embed\/#?secret=67HONG95qS\" data-secret=\"67HONG95qS\" width=\"600\" height=\"338\" frameborder=\"0\" marginwidth=\"0\" marginheight=\"0\" scrolling=\"no\"><\/iframe><\/p>\n<h2>LA COLLEZIONE COMPLETA<\/h2>\n<blockquote class=\"wp-embedded-content\" data-secret=\"6cSlyskYtD\"><p><a href=\"https:\/\/www.radiopiu.net\/wordpress\/i-racconti-di-paolo-soppelsa\/\">I racconti di Paolo Soppelsa<\/a><\/p><\/blockquote>\n<p><iframe loading=\"lazy\" title=\"&#8220;I racconti di Paolo Soppelsa&#8221; &#8212; Radio Pi\u00f9\" class=\"wp-embedded-content\" sandbox=\"allow-scripts\" security=\"restricted\" style=\"position: absolute; clip: rect(1px, 1px, 1px, 1px);\" src=\"https:\/\/www.radiopiu.net\/wordpress\/i-racconti-di-paolo-soppelsa\/embed\/#?secret=6cSlyskYtD\" data-secret=\"6cSlyskYtD\" width=\"600\" height=\"338\" frameborder=\"0\" marginwidth=\"0\" marginheight=\"0\" scrolling=\"no\"><\/iframe><\/p>\n<p>&nbsp;<\/p>\n<p>&nbsp;<\/p>\n<hr \/>\n<h2><\/h2>\n<p>&nbsp;<\/p>\n<h2><span style=\"color: #ff0000;\">IERI ALLA RADIO<\/span><\/h2>\n<blockquote>\n<h3>007 IN CONDOTTA LA SCUOLA CON LA PROF. MARIA ROSA SALMAZO.<\/h3>\n<\/blockquote>\n<audio class=\"wp-audio-shortcode\" id=\"audio-118935-7\" preload=\"none\" style=\"width: 100%;\" controls=\"controls\"><source type=\"audio\/mpeg\" src=\"https:\/\/www.radiopiu.net\/wordpress\/wp-content\/uploads\/2020\/02\/007-condotta-24-febbraio.mp3?_=7\" \/><a href=\"https:\/\/www.radiopiu.net\/wordpress\/wp-content\/uploads\/2020\/02\/007-condotta-24-febbraio.mp3\">https:\/\/www.radiopiu.net\/wordpress\/wp-content\/uploads\/2020\/02\/007-condotta-24-febbraio.mp3<\/a><\/audio>\n<h3>LA COLLEZIONE COMPLETA<\/h3>\n<blockquote class=\"wp-embedded-content\" data-secret=\"MBIoZ8so2V\"><p><a href=\"https:\/\/www.radiopiu.net\/wordpress\/007incondotta-2-2\/\">007 in condotta2018-19<\/a><\/p><\/blockquote>\n<p><iframe loading=\"lazy\" title=\"&#8220;007 in condotta2018-19&#8221; &#8212; Radio Pi\u00f9\" class=\"wp-embedded-content\" sandbox=\"allow-scripts\" security=\"restricted\" style=\"position: absolute; clip: rect(1px, 1px, 1px, 1px);\" src=\"https:\/\/www.radiopiu.net\/wordpress\/007incondotta-2-2\/embed\/#?secret=MBIoZ8so2V\" data-secret=\"MBIoZ8so2V\" width=\"600\" height=\"338\" frameborder=\"0\" marginwidth=\"0\" marginheight=\"0\" scrolling=\"no\"><\/iframe><\/p>\n<p>&nbsp;<\/p>\n<p>&nbsp;<\/p>\n<hr \/>\n<p>&nbsp;<\/p>\n<p>&nbsp;<\/p>\n<p>&nbsp;<\/p>\n<h2><span style=\"color: #ff0000;\">IE<\/span><span style=\"color: #ff0000;\">RI ALLA RADIO, DUE MINUTI UN LIBRO<\/span><\/h2>\n<blockquote class=\"wp-embedded-content\" data-secret=\"mim9irVUxA\"><p><a href=\"https:\/\/www.radiopiu.net\/wordpress\/la-spada-di-pilter\/\">LA SPADA DI PILTER<\/a><\/p><\/blockquote>\n<p><iframe loading=\"lazy\" title=\"&#8220;LA SPADA DI PILTER&#8221; &#8212; Radio Pi\u00f9\" class=\"wp-embedded-content\" sandbox=\"allow-scripts\" security=\"restricted\" style=\"position: absolute; clip: rect(1px, 1px, 1px, 1px);\" src=\"https:\/\/www.radiopiu.net\/wordpress\/la-spada-di-pilter\/embed\/#?secret=mim9irVUxA\" data-secret=\"mim9irVUxA\" width=\"600\" height=\"338\" frameborder=\"0\" marginwidth=\"0\" marginheight=\"0\" scrolling=\"no\"><\/iframe><\/p>\n<h2>COLLEZIONE COMPLETA<\/h2>\n<blockquote class=\"wp-embedded-content\" data-secret=\"EUvjR3SEDE\"><p><a href=\"https:\/\/www.radiopiu.net\/wordpress\/due-minuti-un-libro\/\">Due minuti un libro<\/a><\/p><\/blockquote>\n<p><iframe loading=\"lazy\" title=\"&#8220;Due minuti un libro&#8221; &#8212; Radio Pi\u00f9\" class=\"wp-embedded-content\" sandbox=\"allow-scripts\" security=\"restricted\" style=\"position: absolute; clip: rect(1px, 1px, 1px, 1px);\" src=\"https:\/\/www.radiopiu.net\/wordpress\/due-minuti-un-libro\/embed\/#?secret=EUvjR3SEDE\" data-secret=\"EUvjR3SEDE\" width=\"600\" height=\"338\" frameborder=\"0\" marginwidth=\"0\" marginheight=\"0\" scrolling=\"no\"><\/iframe><\/p>\n<p>&nbsp;<\/p>\n<p>&nbsp;<\/p>\n<p>&nbsp;<\/p>\n<p>&nbsp;<\/p>\n<p>&nbsp;<\/p>\n<p><a class=\"dt-pswp-item\" href=\"https:\/\/www.radiopiu.net\/wordpress\/wp-content\/uploads\/2018\/09\/sport.jpg\" data-dt-img-description=\"\" data-large_image_width=\"800\" data-large_image_height=\"100\"><img loading=\"lazy\" decoding=\"async\" class=\"aligncenter wp-image-60761 size-full\" src=\"https:\/\/www.radiopiu.net\/wordpress\/wp-content\/uploads\/2018\/09\/sport.jpg\" alt=\"\" width=\"800\" height=\"100\" srcset=\"https:\/\/www.radiopiu.net\/wordpress\/wp-content\/uploads\/2018\/09\/sport.jpg 800w, https:\/\/www.radiopiu.net\/wordpress\/wp-content\/uploads\/2018\/09\/sport-300x38.jpg 300w, https:\/\/www.radiopiu.net\/wordpress\/wp-content\/uploads\/2018\/09\/sport-768x96.jpg 768w\" sizes=\"auto, (max-width: 800px) 100vw, 800px\" \/><\/a><\/p>\n<p>&nbsp;<\/p>\n<blockquote>\n<h3>ELISA BORTOLI CAMPIONESSA ITALIANA DEI 3000 METRI INDOOR<\/h3>\n<\/blockquote>\n<p class=\"p1\"><span class=\"s1 photoswipe-wrapper\"><a class=\"dt-pswp-item pspw-wrap-ready\" href=\"https:\/\/i2.wp.com\/www.radiopiu.net\/wordpress\/wp-content\/uploads\/2020\/02\/WhatsApp-Image-2020-02-24-at-17.16.11.jpeg?ssl=1\" data-dt-img-description=\"\" data-large_image_width=\"931\" data-large_image_height=\"1030\"><img loading=\"lazy\" decoding=\"async\" class=\"size-medium wp-image-119004 alignleft\" src=\"https:\/\/i2.wp.com\/www.radiopiu.net\/wordpress\/wp-content\/uploads\/2020\/02\/WhatsApp-Image-2020-02-24-at-17.16.11.jpeg?resize=271%2C300&amp;ssl=1\" sizes=\"auto, (max-width: 271px) 100vw, 271px\" srcset=\"https:\/\/i2.wp.com\/www.radiopiu.net\/wordpress\/wp-content\/uploads\/2020\/02\/WhatsApp-Image-2020-02-24-at-17.16.11.jpeg?resize=271%2C300&amp;ssl=1 271w, https:\/\/i2.wp.com\/www.radiopiu.net\/wordpress\/wp-content\/uploads\/2020\/02\/WhatsApp-Image-2020-02-24-at-17.16.11.jpeg?resize=926%2C1024&amp;ssl=1 926w, https:\/\/i2.wp.com\/www.radiopiu.net\/wordpress\/wp-content\/uploads\/2020\/02\/WhatsApp-Image-2020-02-24-at-17.16.11.jpeg?resize=768%2C850&amp;ssl=1 768w, https:\/\/i2.wp.com\/www.radiopiu.net\/wordpress\/wp-content\/uploads\/2020\/02\/WhatsApp-Image-2020-02-24-at-17.16.11.jpeg?w=931&amp;ssl=1 931w\" alt=\"\" width=\"271\" height=\"300\" \/><\/a><strong>FALCADE<\/strong> Elisa Bortoli, l\u2019atleta di Canale D\u2019Agordo in forza all\u2019Esercito, ha vinto ad Ancona i Campionati Italiani Indor nei 3000 metri. La ragazza della Valle del Biois ha chiuso con un tempo a dir poco eccezionale abbattendo di ben 5 secondi il suo primato personale che risaliva al febbraio 2017. Che era in un ottimo stato di forma lo si era capito gi\u00e0 sabato scorso quando nei 1500 metri aveva fatto il suo secondo personale nella distanza.<\/span><\/p>\n<p>&nbsp;<\/p>\n<p>&nbsp;<\/p>\n<p>&nbsp;<\/p>\n<p>&nbsp;<\/p>\n<p>&nbsp;<\/p>\n<p>&nbsp;<\/p>\n<p>&nbsp;<\/p>\n<p class=\"p1\"><strong><span class=\"s1\">ELISA BORTOLI<\/span><\/strong><\/p>\n<audio class=\"wp-audio-shortcode\" id=\"audio-118935-8\" preload=\"none\" style=\"width: 100%;\" controls=\"controls\"><source type=\"audio\/mpeg\" src=\"https:\/\/www.radiopiu.net\/wordpress\/wp-content\/uploads\/2020\/02\/ELISA-BORTOLI-ANCONA-2020.mp3?_=8\" \/><a href=\"https:\/\/www.radiopiu.net\/wordpress\/wp-content\/uploads\/2020\/02\/ELISA-BORTOLI-ANCONA-2020.mp3\">https:\/\/www.radiopiu.net\/wordpress\/wp-content\/uploads\/2020\/02\/ELISA-BORTOLI-ANCONA-2020.mp3<\/a><\/audio>\n<p>&nbsp;<\/p>\n<hr \/>\n<p>&nbsp;<\/p>\n<p>&nbsp;<\/p>\n<p>&nbsp;<\/p>\n<blockquote>\n<h3>LA GARE DI SABATO A FALCADE, QUELLE DI DOMENICA SONO STATE ANNULLATE PER I NOTI MOTIVI LEGATI AL CORONAVIRUS.<\/h3>\n<\/blockquote>\n<p><strong>AI MICROFONI DI RADIO PIU, IL PRESIDENTE DELLO SCI CLUB VAL BIOIS MATTEO CAGNATI<\/strong><\/p>\n<audio class=\"wp-audio-shortcode\" id=\"audio-118935-9\" preload=\"none\" style=\"width: 100%;\" controls=\"controls\"><source type=\"audio\/mpeg\" src=\"https:\/\/www.radiopiu.net\/wordpress\/wp-content\/uploads\/2020\/02\/matteo-cagnati-post-campionati.mp3?_=9\" \/><a href=\"https:\/\/www.radiopiu.net\/wordpress\/wp-content\/uploads\/2020\/02\/matteo-cagnati-post-campionati.mp3\">https:\/\/www.radiopiu.net\/wordpress\/wp-content\/uploads\/2020\/02\/matteo-cagnati-post-campionati.mp3<\/a><\/audio>\n<p>&nbsp;<\/p>\n<p><a class=\"dt-pswp-item\" href=\"https:\/\/www.radiopiu.net\/wordpress\/wp-content\/uploads\/2020\/02\/87211411_2874247579300342_7144800834176417792_o.jpg\" data-dt-img-description=\"\" data-large_image_width=\"1152\" data-large_image_height=\"864\"><img loading=\"lazy\" decoding=\"async\" class=\"alignnone size-medium wp-image-118628\" src=\"https:\/\/www.radiopiu.net\/wordpress\/wp-content\/uploads\/2020\/02\/87211411_2874247579300342_7144800834176417792_o-300x225.jpg\" alt=\"\" width=\"300\" height=\"225\" srcset=\"https:\/\/www.radiopiu.net\/wordpress\/wp-content\/uploads\/2020\/02\/87211411_2874247579300342_7144800834176417792_o-300x225.jpg 300w, https:\/\/www.radiopiu.net\/wordpress\/wp-content\/uploads\/2020\/02\/87211411_2874247579300342_7144800834176417792_o-1024x768.jpg 1024w, https:\/\/www.radiopiu.net\/wordpress\/wp-content\/uploads\/2020\/02\/87211411_2874247579300342_7144800834176417792_o-768x576.jpg 768w, https:\/\/www.radiopiu.net\/wordpress\/wp-content\/uploads\/2020\/02\/87211411_2874247579300342_7144800834176417792_o.jpg 1152w\" sizes=\"auto, (max-width: 300px) 100vw, 300px\" \/><\/a><a class=\"dt-pswp-item\" href=\"https:\/\/www.radiopiu.net\/wordpress\/wp-content\/uploads\/2020\/02\/87861956_2874247952633638_8225751073587986432_o.jpg\" data-dt-img-description=\"\" data-large_image_width=\"1152\" data-large_image_height=\"864\"><img loading=\"lazy\" decoding=\"async\" class=\"alignnone size-medium wp-image-118627\" src=\"https:\/\/www.radiopiu.net\/wordpress\/wp-content\/uploads\/2020\/02\/87861956_2874247952633638_8225751073587986432_o-300x225.jpg\" alt=\"\" width=\"300\" height=\"225\" srcset=\"https:\/\/www.radiopiu.net\/wordpress\/wp-content\/uploads\/2020\/02\/87861956_2874247952633638_8225751073587986432_o-300x225.jpg 300w, https:\/\/www.radiopiu.net\/wordpress\/wp-content\/uploads\/2020\/02\/87861956_2874247952633638_8225751073587986432_o-1024x768.jpg 1024w, https:\/\/www.radiopiu.net\/wordpress\/wp-content\/uploads\/2020\/02\/87861956_2874247952633638_8225751073587986432_o-768x576.jpg 768w, https:\/\/www.radiopiu.net\/wordpress\/wp-content\/uploads\/2020\/02\/87861956_2874247952633638_8225751073587986432_o.jpg 1152w\" sizes=\"auto, (max-width: 300px) 100vw, 300px\" \/><\/a><a class=\"dt-pswp-item\" href=\"https:\/\/www.radiopiu.net\/wordpress\/wp-content\/uploads\/2020\/02\/87270857_2874248285966938_6021310902203056128_o.jpg\" data-dt-img-description=\"\" data-large_image_width=\"1152\" data-large_image_height=\"864\"><img loading=\"lazy\" decoding=\"async\" class=\"alignnone size-medium wp-image-118626\" src=\"https:\/\/www.radiopiu.net\/wordpress\/wp-content\/uploads\/2020\/02\/87270857_2874248285966938_6021310902203056128_o-300x225.jpg\" alt=\"\" width=\"300\" height=\"225\" srcset=\"https:\/\/www.radiopiu.net\/wordpress\/wp-content\/uploads\/2020\/02\/87270857_2874248285966938_6021310902203056128_o-300x225.jpg 300w, https:\/\/www.radiopiu.net\/wordpress\/wp-content\/uploads\/2020\/02\/87270857_2874248285966938_6021310902203056128_o-1024x768.jpg 1024w, https:\/\/www.radiopiu.net\/wordpress\/wp-content\/uploads\/2020\/02\/87270857_2874248285966938_6021310902203056128_o-768x576.jpg 768w, https:\/\/www.radiopiu.net\/wordpress\/wp-content\/uploads\/2020\/02\/87270857_2874248285966938_6021310902203056128_o.jpg 1152w\" sizes=\"auto, (max-width: 300px) 100vw, 300px\" \/><\/a><a class=\"dt-pswp-item\" href=\"https:\/\/www.radiopiu.net\/wordpress\/wp-content\/uploads\/2020\/02\/87372048_2874247469300353_4090983274589978624_o.jpg\" data-dt-img-description=\"\" data-large_image_width=\"1152\" data-large_image_height=\"864\"><img loading=\"lazy\" decoding=\"async\" class=\"alignnone size-medium wp-image-118625\" src=\"https:\/\/www.radiopiu.net\/wordpress\/wp-content\/uploads\/2020\/02\/87372048_2874247469300353_4090983274589978624_o-300x225.jpg\" alt=\"\" width=\"300\" height=\"225\" srcset=\"https:\/\/www.radiopiu.net\/wordpress\/wp-content\/uploads\/2020\/02\/87372048_2874247469300353_4090983274589978624_o-300x225.jpg 300w, https:\/\/www.radiopiu.net\/wordpress\/wp-content\/uploads\/2020\/02\/87372048_2874247469300353_4090983274589978624_o-1024x768.jpg 1024w, https:\/\/www.radiopiu.net\/wordpress\/wp-content\/uploads\/2020\/02\/87372048_2874247469300353_4090983274589978624_o-768x576.jpg 768w, https:\/\/www.radiopiu.net\/wordpress\/wp-content\/uploads\/2020\/02\/87372048_2874247469300353_4090983274589978624_o.jpg 1152w\" sizes=\"auto, (max-width: 300px) 100vw, 300px\" \/><\/a><\/p>\n<p>&nbsp;<\/p>\n<p>&nbsp;<\/p>\n<p>&nbsp;<\/p>\n<h1>AI NOSTRI GIOVANI IMPEGNATI IN CANADA &#8230; BUON DIVERTIMENTO E CRESCITA SPORTIVA<\/h1>\n<p>https:\/\/www.facebook.com\/1463771643838767\/videos\/123653755755731\/<\/p>\n<p>&nbsp;<\/p>\n<blockquote>\n<h3>DAL GIORNALE RADIO DELL&#8217;11 FEBBRAIO 2020<\/h3>\n<\/blockquote>\n<blockquote class=\"wp-embedded-content\" data-secret=\"sIJ29zsVKr\"><p><a href=\"https:\/\/www.radiopiu.net\/wordpress\/torneo-pee-wee-in-canada\/\">TORNEO PEE-WEE IN CANADA<\/a><\/p><\/blockquote>\n<p><iframe loading=\"lazy\" title=\"&#8220;TORNEO PEE-WEE IN CANADA&#8221; &#8212; Radio Pi\u00f9\" class=\"wp-embedded-content\" sandbox=\"allow-scripts\" security=\"restricted\" style=\"position: absolute; clip: rect(1px, 1px, 1px, 1px);\" src=\"https:\/\/www.radiopiu.net\/wordpress\/torneo-pee-wee-in-canada\/embed\/#?secret=sIJ29zsVKr\" data-secret=\"sIJ29zsVKr\" width=\"600\" height=\"338\" frameborder=\"0\" marginwidth=\"0\" marginheight=\"0\" scrolling=\"no\"><\/iframe><\/p>\n<hr \/>\n<p>&nbsp;<\/p>\n<p>&nbsp;<\/p>\n<p>&nbsp;<\/p>\n<blockquote>\n<h2 class=\"p1\"><span class=\"s1\">PRIMO TORNEO DI CARNEVALE A SEDICO<\/span><\/h2>\n<\/blockquote>\n<p class=\"p1\"><span class=\"s1\"><a class=\"dt-pswp-item\" href=\"https:\/\/www.radiopiu.net\/wordpress\/wp-content\/uploads\/2020\/02\/6f6cecec-1b47-46d5-9eca-5e3092b09eff.jpg\" data-dt-img-description=\"\" data-large_image_width=\"1024\" data-large_image_height=\"768\"><img loading=\"lazy\" decoding=\"async\" class=\"size-medium wp-image-118975 alignleft\" src=\"https:\/\/www.radiopiu.net\/wordpress\/wp-content\/uploads\/2020\/02\/6f6cecec-1b47-46d5-9eca-5e3092b09eff-300x225.jpg\" alt=\"\" width=\"300\" height=\"225\" srcset=\"https:\/\/www.radiopiu.net\/wordpress\/wp-content\/uploads\/2020\/02\/6f6cecec-1b47-46d5-9eca-5e3092b09eff-300x225.jpg 300w, https:\/\/www.radiopiu.net\/wordpress\/wp-content\/uploads\/2020\/02\/6f6cecec-1b47-46d5-9eca-5e3092b09eff-768x576.jpg 768w, https:\/\/www.radiopiu.net\/wordpress\/wp-content\/uploads\/2020\/02\/6f6cecec-1b47-46d5-9eca-5e3092b09eff.jpg 1024w\" sizes=\"auto, (max-width: 300px) 100vw, 300px\" \/><\/a><strong>SEDICO<\/strong>. Si \u00e8 svolto sabato presso la Palestra delle Scuole Elementari di Sedico la prima edizione del Torneo di Carnevale organizzato da l\u2019Union San Giorgio Sedico<span class=\"Apple-converted-space\">\u00a0 <\/span>e dedicato alla categoria primi calci. 8 le societ\u00e0 iscritte, 14 le squadre che si sono scontrate con 85 bambini che si sono divertiti in partite 4 contro 4. Nessuna classifica ma tanto divertimento per questi giovani nati tra il 2011 e il 2012. Alpago, Sospirolese, Gemelle, Agordina, Fiori Barp Mas, Limana, Settore giovanile del Belluno e Union San Giorgio le 8 societ\u00e0 iscritte che nel pomeriggio di sabato scorso hanno dato spettacolo nella palestra sedicense.<\/span><\/p>\n<p>&nbsp;<\/p>\n<p>&nbsp;<\/p>\n<p>&nbsp;<\/p>\n<p>&nbsp;<\/p>\n<p>&nbsp;<\/p>\n<p>&nbsp;<\/p>\n<p>&nbsp;<\/p>\n<p>&nbsp;<\/p>\n<hr \/>\n<p>&nbsp;<\/p>\n<p>&nbsp;<\/p>\n<p>&nbsp;<\/p>\n<blockquote class=\"wp-embedded-content\" data-secret=\"oUVOQKqUiu\"><p><a href=\"https:\/\/www.radiopiu.net\/wordpress\/quattro-pas-tra-peron-e-mas-di-roberto-bona\/\">QUATTRO PAS TRA PERON E MAS&#8230; DI ROBERTO BONA\u00a0<\/a><\/p><\/blockquote>\n<p><iframe loading=\"lazy\" title=\"&#8220;QUATTRO PAS TRA PERON E MAS&#8230; DI ROBERTO BONA\u00a0&#8221; &#8212; Radio Pi\u00f9\" class=\"wp-embedded-content\" sandbox=\"allow-scripts\" security=\"restricted\" style=\"position: absolute; clip: rect(1px, 1px, 1px, 1px);\" src=\"https:\/\/www.radiopiu.net\/wordpress\/quattro-pas-tra-peron-e-mas-di-roberto-bona\/embed\/#?secret=oUVOQKqUiu\" data-secret=\"oUVOQKqUiu\" width=\"600\" height=\"338\" frameborder=\"0\" marginwidth=\"0\" marginheight=\"0\" scrolling=\"no\"><\/iframe><\/p>\n<p>&nbsp;<\/p>\n<p>&nbsp;<\/p>\n<p>&nbsp;<\/p>\n<p>&nbsp;<\/p>\n<p><b><a class=\"dt-pswp-item\" href=\"https:\/\/www.radiopiu.net\/wordpress\/wp-content\/uploads\/2018\/09\/WhatsApp-Image-2018-09-20-at-16.04.06.jpeg\" data-dt-img-description=\"\" data-large_image_width=\"800\" data-large_image_height=\"100\"><img loading=\"lazy\" decoding=\"async\" class=\"aligncenter wp-image-61378 size-full\" src=\"https:\/\/www.radiopiu.net\/wordpress\/wp-content\/uploads\/2018\/09\/WhatsApp-Image-2018-09-20-at-16.04.06.jpeg\" alt=\"\" width=\"800\" height=\"100\" srcset=\"https:\/\/www.radiopiu.net\/wordpress\/wp-content\/uploads\/2018\/09\/WhatsApp-Image-2018-09-20-at-16.04.06.jpeg 800w, https:\/\/www.radiopiu.net\/wordpress\/wp-content\/uploads\/2018\/09\/WhatsApp-Image-2018-09-20-at-16.04.06-300x38.jpeg 300w, https:\/\/www.radiopiu.net\/wordpress\/wp-content\/uploads\/2018\/09\/WhatsApp-Image-2018-09-20-at-16.04.06-768x96.jpeg 768w\" sizes=\"auto, (max-width: 800px) 100vw, 800px\" \/><\/a><\/b><\/p>\n<p><center><\/center><center><b>Martedi 25<\/b><\/center><b>Tempo atteso: <\/b>Sulle Prealpi giornata grigia\/uggiosa, per nubi basse sempre pi\u00f9 dense. Sulle Dolomiti al mattino ancora parzialmente soleggiato, specie in quota, con nubi basse solo in alcune vallate, mentre nel pomeriggio il cielo tender\u00e0 a coprirsi, sia per nubi basse sia per nubi medio\/alte in arrivo da Ovest. Non escluso qualche debole fenomeno nel tardo pomeriggio\/sera.<br \/>\n<b>Precipitazioni: <\/b>Fino al tardo pomeriggio assenti (0%), salvo qualche fiocco sulle cime nel tardo pomeriggio. In serata debolissimi fenomeni sparsi sulle Dolomiti (30\/50%), con un po&#8217; di nevischio sopra i 1400\/1600 m. Sulle Prealpi sporadiche precipitazioni (10\/20%), con limite sui 1500\/1700 m, e su alcuni settori addirittura assenti.<br \/>\n<b>Temperature: <\/b>Minime in diminuzione nelle valli dolomitiche e soprattutto in quota, dove saranno osservate alla sera; in aumento nelle valli prealpine. Massime in leggera flessione, pi\u00f9 sensibile nei settori dove il Foehn spirava nella mattinata di luned\u00ec. Sono previste punte di 7\/9\u00b0C nei fondovalle prealpini 5\/7\u00b0C a 1000\/1200 m Sulle Prealpi a 1500 m min 1\u00b0C e max 4\u00b0C, a 2000 m min -2\u00b0C e max 2\u00b0C; sulle Dolomiti a 2000 m min -3\u00b0C e max 2\u00b0C, a 3000 m min -8\u00b0C e max -1\u00b0C.<br \/>\n<b>Venti: <\/b>Nelle valli deboli di direzione variabile; in quota deboli\/moderati da ovest sud-ovest, 5-15 km\/h a 2000 m, 20-30 km\/h a 3000 m.<\/p>\n<hr \/>\n<p><center><b>Mercoledi 26<\/b><\/center><b>Tempo atteso: <\/b>Tra la notte ed il primo mattino parzialmente nuvoloso, a tratti molto nuvoloso, specie sulle Dolomiti. In seguito rasserenamenti ampi a partire dalle Dolomiti, in estensione alle Prealpi, quindi lunghi tratti soleggiati, prima che il cielo si copra di nuovo da met\u00e0 pomeriggio in poi, con qualche burrasca di neve. Clima decisamente pi\u00f9 freddo, specie in quota.<br \/>\n<b>Precipitazioni: <\/b>Tra la notte ed il mattino probabilit\u00e0 media di deboli fenomeni sparsi, pi\u00f9 probabili sulla provincia di belluno (60\/70%), mentre la probabilit\u00e0 sar\u00e0 minore sulle Prealpi, specie quelle occidentali occidentali (30\/50%). Il limite delle debolissime nevicate sui 1100\/1300 m al mattino e 700\/800 m al pomeriggio qualora tornasse a precipitare (30%\/50%). Sono previsti apporti tra 1\/2 mm, solo localmente fino a 4\/5 mm, con altrettanti cm di neve attorno ai 1500 m.<br \/>\n<b>Temperature: <\/b>In generale diminuzione, salvo rialzo delle minime nelle valli. Sono previsti massimi di 5\/6\u00b0C nei fondovalle prealpini e di 2\/3\u00b0C a 1000\/1200 m. Sulle Prealpi a 1500 m min -3\u00b0C e max 0\u00b0C, a 2000 m min -7\u00b0C e max -3\u00b0C; sulle Dolomiti a 2000 m min -8\u00b0C e max -4\u00b0C, a 3000 m min -18\u00b0C e max -10\u00b0C.<br \/>\n<b>Venti: <\/b>Nelle valli deboli di direzione variabile; in quota moderati da ovest nelle notte e da nord-ovest in giornata, a tratti tesi sulle cime pi\u00f9 alte, anche sulle dorsali prealpine al pomeriggio, a 15-35 km\/h a 2000 m, 30-45 km\/h a 3000 m.<\/p>\n<hr \/>\n<p><center><b>Giovedi 27<\/b><\/center>Mattinata parzialmente soleggiata per transito di nubi medio-alte. Dalle ore centrali in poi nuvolosit\u00e0 estesa e pi\u00f9 fitta quasi ovunque, con qualche burrasca di neve in quota sulle Dolomiti, localmente qualche fiocco fino nei fondovalle dolomitici. Temperature in ulteriore calo ovunque, con clima invernale in alta quota (massime di -7\u00b0C a 2000 m e di -15\u00b0C a 3000 m). Venti in quota moderati da nord-ovest, a tratti tesi oltre i 2400 m.<\/p>\n<hr \/>\n<p><center><b>Venerdi 28<\/b><\/center>Tempo in prevalenza soleggiato con qualche innocua e sottile nube alta. Temperature in generale ripresa, eccetto calo delle minime nei fondovalle. Venti deboli\/moderati da ovest in quota, deboli di direzione variabile nelle valli, eccetto consueti rinforzi per brezze di monte in alcuni settori prealpini. Previsore: R.L.Th.<\/p>\n","protected":false},"excerpt":{"rendered":"<p>&nbsp; PER RICEVERE QUESTO NOTIZIARIO DIRETTAMENTE SUL TUO CELLULARE ISCRIVITI AL CANALE TELEGRAM &#8220;RADIO PIU\u00a0 INFORMAZIONE&#8221;\u00a0 &nbsp; &nbsp; Gestione Servizi Pubblici informa che, giovedi\u00a0 dalle 8 a fine lavori, potrebbe mancare l&#8217;acqua a\u00a0 in VIA TRENTO a\u00a0 CAVIOLA.\u00a0 Da Canale d&#8217;Agordo\u00a0 le foto d&#8217;autore di LUCA ZANFRON ZINGHENESTA 2020, SCATTI D&#8217;AUTORE, di LUCA ZANFRON &nbsp;&hellip;<\/p>\n","protected":false},"author":1,"featured_media":119052,"comment_status":"closed","ping_status":"closed","sticky":false,"template":"","format":"standard","meta":{"_monsterinsights_skip_tracking":false,"_monsterinsights_sitenote_active":false,"_monsterinsights_sitenote_note":"","_monsterinsights_sitenote_category":0,"footnotes":""},"categories":[1,86],"tags":[],"class_list":["post-118935","post","type-post","status-publish","format-standard","has-post-thumbnail","hentry","category-senza-categoria","category-gr","category-1","category-86","description-off"],"img_url":"https:\/\/www.radiopiu.net\/wordpress\/wp-content\/uploads\/2020\/02\/87172931_3045087992176849_3706813392154001408_o.jpg","_links":{"self":[{"href":"https:\/\/www.radiopiu.net\/wordpress\/wp-json\/wp\/v2\/posts\/118935","targetHints":{"allow":["GET"]}}],"collection":[{"href":"https:\/\/www.radiopiu.net\/wordpress\/wp-json\/wp\/v2\/posts"}],"about":[{"href":"https:\/\/www.radiopiu.net\/wordpress\/wp-json\/wp\/v2\/types\/post"}],"author":[{"embeddable":true,"href":"https:\/\/www.radiopiu.net\/wordpress\/wp-json\/wp\/v2\/users\/1"}],"replies":[{"embeddable":true,"href":"https:\/\/www.radiopiu.net\/wordpress\/wp-json\/wp\/v2\/comments?post=118935"}],"version-history":[{"count":0,"href":"https:\/\/www.radiopiu.net\/wordpress\/wp-json\/wp\/v2\/posts\/118935\/revisions"}],"wp:featuredmedia":[{"embeddable":true,"href":"https:\/\/www.radiopiu.net\/wordpress\/wp-json\/wp\/v2\/media\/119052"}],"wp:attachment":[{"href":"https:\/\/www.radiopiu.net\/wordpress\/wp-json\/wp\/v2\/media?parent=118935"}],"wp:term":[{"taxonomy":"category","embeddable":true,"href":"https:\/\/www.radiopiu.net\/wordpress\/wp-json\/wp\/v2\/categories?post=118935"},{"taxonomy":"post_tag","embeddable":true,"href":"https:\/\/www.radiopiu.net\/wordpress\/wp-json\/wp\/v2\/tags?post=118935"}],"curies":[{"name":"wp","href":"https:\/\/api.w.org\/{rel}","templated":true}]}}