{"id":119014,"date":"2020-02-24T23:59:30","date_gmt":"2020-02-24T22:59:30","guid":{"rendered":"https:\/\/www.radiopiu.net\/wordpress\/?p=119014"},"modified":"2020-02-25T05:44:00","modified_gmt":"2020-02-25T04:44:00","slug":"commemorazione-militante-dei-partigiani-da-gioz-e-dinca","status":"publish","type":"post","link":"https:\/\/www.radiopiu.net\/wordpress\/commemorazione-militante-dei-partigiani-da-gioz-e-dinca\/","title":{"rendered":"\u201cCOMMEMORAZIONE MILITANTE\u201d DEI PARTIGIANI DA GIOZ E D\u2019INCA\u2019"},"content":{"rendered":"<div class=\"_3_bl\">\n<div class=\"_5w1r _3_om _5wdf\">\n<div class=\"_4gx_\">\n<div class=\"_1aa6\">\n<h3><span style=\"color: #ff0000;\">di RENATO BONA<\/span><\/h3>\n<div><\/div>\n<div class=\"\"><span class=\"_5yl5\"><strong>BELLUNO<\/strong> Saranno ricordati domenica 1 marzo, con una \u201ccommemorazione militante\u201d dalle 10 alle 13, ad iniziativa della sezione Pci di Belluno in collaborazione con l\u2019Anpi ed il Pcl, quelli che vengono definiti eroici combattenti partigiani vale a dire Francesco Da Gioz \u201cChecco\u201d ed Igino D\u2019Inc\u00e0 \u201cFaina\u201d che furono impiccati ad una trave nella zona di Peron di Sedico il 17 febbraio 1945. Il primo era nato a Roe di Sedico il 3 ottobre 1896, il secondo era invece venuto alla luce a Vignole nel 1925. Da Gioz come si pu\u00f2 leggere nel sito societ\u00e0bellunese.it dell\u2019omonima Fondazione fu operaio e minatore, emigrante all\u2019et\u00e0 di 10 anni come bracciante in Trentino e poi a 14 anni, in Svizzera col padre aveva incontrato nella confederazione elvetica i responsabili del movimento socialista alle cui idee si appassion\u00f2. Tornato a Belluno nel periodo della Grande Guerra, combatte con il 7. Alpini sulle Tofane ed altri fronti; gravemente ferito durante un bombardamento il 17 dicembre 1919 fu congedato. Emigr\u00f2 poi ad Albona per lavorare in miniera dove erano presenti diversi bellunesi e qui assunse un ruolo importate come rappresentante sindacale capo delle \u201cGuardie rosse\u201d. Venne arrestato dopo l\u00ec\u2019occupazione per un mese delle miniere ma assolto nel processo e tuttavia costretto a lasciare la Svizzera e a trasferirsi in Francia dal fratello Angelo; qui entro in contatto con il movimento comunista e si impegn\u00f2 per organizzare gli antifascisti. Gravemente malato, rientr\u00f2 in Italia prodigandosi nella riorganizzazione del Partito comunista e del \u201cSoccorso rosso\u201d a favore dei combattenti della guerra di Spagna Scoppiata la seconda guerra mondiale fu nuovamente arrestato e internato nel campo di concentramento di Perugia e quindi posto in libert\u00e0 vigilata per sottoporsi a cure ospedaliere ad Agordo. La sua figura \u2013 scrive ancora il sito societabellunese.it \u2013 divenne punto di riferimento per uttto il movimento operaio bellunese e se anche il suo fisico minato dal male non gli consentiva di operare militarmente, fu comunque instancabile organizzatore, propagandista e coordinatore delle formazioni partigiane divenendo dirigente delle divisioni Garibaldi \u201cNannetti\u201d e, in seguito, \u201cBelluno\u201d. Il pubblicista Roberto Bona il 2 marzo 2007 sul Corriere delle Alpi, alla vigilia della commemorazione annuale dei due valorosi combattenti della lotta di liberazione ricordava che \u201cD\u2019Inc\u00e0 non aveva ancora vent\u2019anni. Era stato catturato nel novembre 1944 su delazione di una spia, successivamente giustiziata dai partigiani. Trasferito a Belluno e sottoposo a feroci interrogatori, rest\u00f2 a lungo prigioniero nella caserma del 5\u00ba Artiglieria Alpina\u2026 Francesco Da Gioz &#8216;Checco\u2019, primo segretario provinciale della Federazione comunista clandestina di Belluno, \u00e8 ricordato in una lapide posta a Peron dai partigiani della &#8216;Pisacane\u2019 e dall&#8217;Anpi. Vi si legge: &#8230;combattente instancabile e coraggioso nella lotta per la libert\u00e0 e l&#8217;indipendenza d&#8217;Italia e la giustizia fra i popoli. Gloria ed onore imperituro a questo grande eroe che fu esempio e monito. Questa la motivazione con cui a Da Gioz il presidente della Repubblica ha concesso la medaglia d&#8217;Argento al Valor militare alla memoria: \u2018Partigiano combattente, gi\u00e0 inviso e sospetto alle autorit\u00e0 nazifasciste, persisteva con molto rischio nell&#8217;attivit\u00e0 clandestina, nonostante una grave malattia che lo minava nel fisico, ma non nello spirito. Arrestato durante una missione di guerra, con indomabile tenacia vanificava le indagini del nemico opponendo alle torture la fermezza ispiratrice della sua predestinazione. Cadeva impiccato in valoroso silenzio. Peron di Sedico, 17 febbraio 1945\u2019\u201d. Concludiamo ricordando che il Comune di Sedico ha intitolato a Da Gioz una strada nella frazione Per\u00f2n. <\/span><\/div>\n<div><\/div>\n<div>\n\n\t\t\t<style type='text\/css'>\n\t\t\t\t#gallery-1 {\n\t\t\t\t\tmargin: auto;\n\t\t\t\t}\n\t\t\t\t#gallery-1 .gallery-item {\n\t\t\t\t\tfloat: left;\n\t\t\t\t\tmargin-top: 10px;\n\t\t\t\t\ttext-align: center;\n\t\t\t\t\twidth: 33%;\n\t\t\t\t}\n\t\t\t\t#gallery-1 img {\n\t\t\t\t\tborder: 2px solid #cfcfcf;\n\t\t\t\t}\n\t\t\t\t#gallery-1 .gallery-caption {\n\t\t\t\t\tmargin-left: 0;\n\t\t\t\t}\n\t\t\t\t\/* see gallery_shortcode() in wp-includes\/media.php *\/\n\t\t\t<\/style>\n\t\t<div id='gallery-1' class='dt-gallery-container gallery galleryid-119014 gallery-columns-3 gallery-size-thumbnail'><dl class='gallery-item'>\n\t\t\t\t<dt class='gallery-icon landscape'>\n\t\t\t\t\t<a class=\"rollover\" href='https:\/\/www.radiopiu.net\/wordpress\/commemorazione-militante-dei-partigiani-da-gioz-e-dinca\/87951546_533695803937812_2712059280902586368_n\/'><img loading=\"lazy\" decoding=\"async\" width=\"150\" height=\"150\" src=\"https:\/\/www.radiopiu.net\/wordpress\/wp-content\/uploads\/2020\/02\/87951546_533695803937812_2712059280902586368_n-150x150.jpg\" class=\"attachment-thumbnail size-thumbnail\" alt=\"\" \/><\/a>\n\t\t\t\t<\/dt><\/dl><dl class='gallery-item'>\n\t\t\t\t<dt class='gallery-icon landscape'>\n\t\t\t\t\t<a class=\"rollover\" href='https:\/\/www.radiopiu.net\/wordpress\/commemorazione-militante-dei-partigiani-da-gioz-e-dinca\/88017676_2462717527300785_1419583109048827904_n\/'><img loading=\"lazy\" decoding=\"async\" width=\"150\" height=\"150\" src=\"https:\/\/www.radiopiu.net\/wordpress\/wp-content\/uploads\/2020\/02\/88017676_2462717527300785_1419583109048827904_n-150x150.jpg\" class=\"attachment-thumbnail size-thumbnail\" alt=\"\" \/><\/a>\n\t\t\t\t<\/dt><\/dl><dl class='gallery-item'>\n\t\t\t\t<dt class='gallery-icon portrait'>\n\t\t\t\t\t<a class=\"rollover\" href='https:\/\/www.radiopiu.net\/wordpress\/commemorazione-militante-dei-partigiani-da-gioz-e-dinca\/87665938_222289232281421_3162878637636583424_n\/'><img loading=\"lazy\" decoding=\"async\" width=\"150\" height=\"150\" src=\"https:\/\/www.radiopiu.net\/wordpress\/wp-content\/uploads\/2020\/02\/87665938_222289232281421_3162878637636583424_n-150x150.jpg\" class=\"attachment-thumbnail size-thumbnail\" alt=\"\" \/><\/a>\n\t\t\t\t<\/dt><\/dl><br style=\"clear: both\" \/><dl class='gallery-item'>\n\t\t\t\t<dt class='gallery-icon landscape'>\n\t\t\t\t\t<a class=\"rollover\" href='https:\/\/www.radiopiu.net\/wordpress\/commemorazione-militante-dei-partigiani-da-gioz-e-dinca\/87534633_127068088715293_8707879260146106368_n\/'><img loading=\"lazy\" decoding=\"async\" width=\"150\" height=\"150\" src=\"https:\/\/www.radiopiu.net\/wordpress\/wp-content\/uploads\/2020\/02\/87534633_127068088715293_8707879260146106368_n-150x150.jpg\" class=\"attachment-thumbnail size-thumbnail\" alt=\"\" \/><\/a>\n\t\t\t\t<\/dt><\/dl><dl class='gallery-item'>\n\t\t\t\t<dt class='gallery-icon portrait'>\n\t\t\t\t\t<a class=\"rollover\" href='https:\/\/www.radiopiu.net\/wordpress\/commemorazione-militante-dei-partigiani-da-gioz-e-dinca\/87983824_211393776671532_3232081933848543232_n\/'><img loading=\"lazy\" decoding=\"async\" width=\"150\" height=\"150\" src=\"https:\/\/www.radiopiu.net\/wordpress\/wp-content\/uploads\/2020\/02\/87983824_211393776671532_3232081933848543232_n-150x150.jpg\" class=\"attachment-thumbnail size-thumbnail\" alt=\"\" \/><\/a>\n\t\t\t\t<\/dt><\/dl><dl class='gallery-item'>\n\t\t\t\t<dt class='gallery-icon portrait'>\n\t\t\t\t\t<a class=\"rollover\" href='https:\/\/www.radiopiu.net\/wordpress\/commemorazione-militante-dei-partigiani-da-gioz-e-dinca\/87549074_615789542589302_164377714201985024_n\/'><img loading=\"lazy\" decoding=\"async\" width=\"150\" height=\"150\" src=\"https:\/\/www.radiopiu.net\/wordpress\/wp-content\/uploads\/2020\/02\/87549074_615789542589302_164377714201985024_n-150x150.jpg\" class=\"attachment-thumbnail size-thumbnail\" alt=\"\" \/><\/a>\n\t\t\t\t<\/dt><\/dl><br style=\"clear: both\" \/>\n\t\t\t<\/div>\n\n<\/div>\n<div><\/div>\n<div class=\"\"><span class=\"_5yl5\">NELLE FOTO (SITO SOCIETABELLUNESE.IT E Google): l\u2019annuncio della cerimonia del 1. marzo; la Passerella del Per\u00f2n; Francesco Da Gioz; lapidi che ricordano i caduti della Resistenza compresa quella dedicata anche al sudafricano \u201cMich\u201d pure vittima dei nazifascisti:<\/span><\/div>\n<\/div>\n<\/div>\n<\/div>\n<\/div>\n","protected":false},"excerpt":{"rendered":"<p>di RENATO BONA BELLUNO Saranno ricordati domenica 1 marzo, con una \u201ccommemorazione militante\u201d dalle 10 alle 13, ad iniziativa della sezione Pci di Belluno in collaborazione con l\u2019Anpi ed il Pcl, quelli che vengono definiti eroici combattenti partigiani vale a dire Francesco Da Gioz \u201cChecco\u201d ed Igino D\u2019Inc\u00e0 \u201cFaina\u201d che furono impiccati ad una trave&hellip;<\/p>\n","protected":false},"author":1,"featured_media":119018,"comment_status":"closed","ping_status":"closed","sticky":false,"template":"","format":"standard","meta":{"_monsterinsights_skip_tracking":false,"_monsterinsights_sitenote_active":false,"_monsterinsights_sitenote_note":"","_monsterinsights_sitenote_category":0,"footnotes":""},"categories":[49],"tags":[],"class_list":["post-119014","post","type-post","status-publish","format-standard","has-post-thumbnail","hentry","category-news-18","category-49","description-off"],"img_url":"https:\/\/www.radiopiu.net\/wordpress\/wp-content\/uploads\/2020\/02\/87549074_615789542589302_164377714201985024_n.jpg","_links":{"self":[{"href":"https:\/\/www.radiopiu.net\/wordpress\/wp-json\/wp\/v2\/posts\/119014","targetHints":{"allow":["GET"]}}],"collection":[{"href":"https:\/\/www.radiopiu.net\/wordpress\/wp-json\/wp\/v2\/posts"}],"about":[{"href":"https:\/\/www.radiopiu.net\/wordpress\/wp-json\/wp\/v2\/types\/post"}],"author":[{"embeddable":true,"href":"https:\/\/www.radiopiu.net\/wordpress\/wp-json\/wp\/v2\/users\/1"}],"replies":[{"embeddable":true,"href":"https:\/\/www.radiopiu.net\/wordpress\/wp-json\/wp\/v2\/comments?post=119014"}],"version-history":[{"count":0,"href":"https:\/\/www.radiopiu.net\/wordpress\/wp-json\/wp\/v2\/posts\/119014\/revisions"}],"wp:featuredmedia":[{"embeddable":true,"href":"https:\/\/www.radiopiu.net\/wordpress\/wp-json\/wp\/v2\/media\/119018"}],"wp:attachment":[{"href":"https:\/\/www.radiopiu.net\/wordpress\/wp-json\/wp\/v2\/media?parent=119014"}],"wp:term":[{"taxonomy":"category","embeddable":true,"href":"https:\/\/www.radiopiu.net\/wordpress\/wp-json\/wp\/v2\/categories?post=119014"},{"taxonomy":"post_tag","embeddable":true,"href":"https:\/\/www.radiopiu.net\/wordpress\/wp-json\/wp\/v2\/tags?post=119014"}],"curies":[{"name":"wp","href":"https:\/\/api.w.org\/{rel}","templated":true}]}}