{"id":119105,"date":"2020-02-25T16:58:40","date_gmt":"2020-02-25T15:58:40","guid":{"rendered":"https:\/\/www.radiopiu.net\/wordpress\/?p=119105"},"modified":"2020-02-25T16:58:40","modified_gmt":"2020-02-25T15:58:40","slug":"se-la-vita-fuse-en-sogno-di-federico-soppelsa","status":"publish","type":"post","link":"https:\/\/www.radiopiu.net\/wordpress\/se-la-vita-fuse-en-sogno-di-federico-soppelsa\/","title":{"rendered":"SE LA VITA FUSE EN SOGNO di FEDERICO SOPPELSA"},"content":{"rendered":"<p>&nbsp;<\/p>\n<audio class=\"wp-audio-shortcode\" id=\"audio-119105-1\" preload=\"none\" style=\"width: 100%;\" controls=\"controls\"><source type=\"audio\/mpeg\" src=\"https:\/\/www.radiopiu.net\/wordpress\/wp-content\/uploads\/2020\/02\/VIVO-VERSO-MAR-2.mp3?_=1\" \/><a href=\"https:\/\/www.radiopiu.net\/wordpress\/wp-content\/uploads\/2020\/02\/VIVO-VERSO-MAR-2.mp3\">https:\/\/www.radiopiu.net\/wordpress\/wp-content\/uploads\/2020\/02\/VIVO-VERSO-MAR-2.mp3<\/a><\/audio>\n<p>&nbsp;<\/p>\n<p><span style=\"font-family: Verdana, sans-serif;\"><span style=\"font-size: large;\">SE LA VITA FUSE EN SOGNO<\/span><\/span><\/p>\n<p><span style=\"font-family: Verdana, sans-serif;\"><span style=\"font-size: large;\">E se la vita fuse sol en sogno ? Bel o burt <\/span><\/span><\/p>\n<p><span style=\"font-family: Verdana, sans-serif;\"><span style=\"font-size: large;\">se dipendese da noi falo lonc o curt <\/span><\/span><\/p>\n<p><span style=\"font-family: Verdana, sans-serif;\"><span style=\"font-size: large;\">se podesane modificalo a piacimento<\/span><\/span><\/p>\n<p><span style=\"font-family: Verdana, sans-serif;\"><span style=\"font-size: large;\">cenise sol la gioia e but\u00e0 via el tormento<\/span><\/span><\/p>\n<p><span style=\"font-family: Verdana, sans-serif;\"><span style=\"font-size: large;\">Se ghe pense ogni tant me par proprio de sogn\u00e0<\/span><\/span><\/p>\n<p><span style=\"font-family: Verdana, sans-serif;\"><span style=\"font-size: large;\">elo posibile che el mondo el sie cos\u00ec tant cambi\u00e0<\/span><\/span><\/p>\n<p><span style=\"font-family: Verdana, sans-serif;\"><span style=\"font-size: large;\">me regorde du sun piaza no pasea na machina par ore e ore<\/span><\/span><\/p>\n<p><span style=\"font-family: Verdana, sans-serif;\"><span style=\"font-size: large;\">ades le e una drio chelaltra par travers\u00e0 te toca semper core<\/span><\/span><\/p>\n<p><span style=\"font-family: Verdana, sans-serif;\"><span style=\"font-size: large;\">L&#8217;era i prai fin su sot le montagne ben curai <\/span><\/span><\/p>\n<p><span style=\"font-family: Verdana, sans-serif;\"><span style=\"font-size: large;\">ades el bosc el riva en te stradon i alber i e semper pi tacai <\/span><\/span><\/p>\n<p><span style=\"font-family: Verdana, sans-serif;\"><span style=\"font-size: large;\">na ota gir\u00e0 en tel bosc l&#8217;era fazile tut net!<\/span><\/span><\/p>\n<p><span style=\"font-family: Verdana, sans-serif;\"><span style=\"font-size: large;\">ades no te pase p\u00ec gnanca se tes magher come en stec<\/span><\/span><\/p>\n<p><span style=\"font-family: Verdana, sans-serif;\"><span style=\"font-size: large;\">Par vede en capriolo te dovei d\u00ec en bel cin in s\u00f9<\/span><\/span><\/p>\n<p><span style=\"font-family: Verdana, sans-serif;\"><span style=\"font-size: large;\">encoi te verde la finestra le gi\u00e0 la chel f\u00e0 cu-cu<\/span><\/span><\/p>\n<p><span style=\"font-family: Verdana, sans-serif;\"><span style=\"font-size: large;\">i prai na ota i era pi\u00e9n e z\u00e9pi de fior de tante specie<\/span><\/span><\/p>\n<p><span style=\"font-family: Verdana, sans-serif;\"><span style=\"font-size: large;\">ades inveze slavaz e ortighe fin sora le recie<\/span><\/span><\/p>\n<p><span style=\"font-family: Verdana, sans-serif;\"><span style=\"font-size: large;\">Da cornis ai nost torenti sabia fina e tanti sas<\/span><\/span><\/p>\n<p><span style=\"font-family: Verdana, sans-serif;\"><span style=\"font-size: large;\">e no zusch spelazai erbaze e anca qua slavaz <\/span><\/span><\/p>\n<p><span style=\"font-family: Verdana, sans-serif;\"><span style=\"font-size: large;\">sot ai pont acqua limpida trute parfin girini<\/span><\/span><\/p>\n<p><span style=\"font-family: Verdana, sans-serif;\"><span style=\"font-size: large;\">e no acqua sporca pantegane e rospi en ti acquitrini<\/span><\/span><\/p>\n<p><span style=\"font-family: Verdana, sans-serif;\"><span style=\"font-size: large;\">Ciao Bepi! ciao Toni! ciao Nane! Te sentii du par ste strade<\/span><\/span><\/p>\n<p><span style=\"font-family: Verdana, sans-serif;\"><span style=\"font-size: large;\">ades medi noi se cognes i altri noi vol insaver masa stress<\/span><\/span><\/p>\n<p><span style=\"font-family: Verdana, sans-serif;\"><span style=\"font-size: large;\">lontan el temp che en te le case la porta la era semper spalancada<\/span><\/span><\/p>\n<p><span style=\"font-family: Verdana, sans-serif;\"><span style=\"font-size: large;\">encoi citofoni campanei na grosa porta magari anca blindada<\/span><\/span><\/p>\n<p><span style=\"font-family: Verdana, sans-serif;\"><span style=\"font-size: large;\">La casa del signor la era verta anca de not e no solche del d\u00ec<\/span><\/span><\/p>\n<p><span style=\"font-family: Verdana, sans-serif;\"><span style=\"font-size: large;\">sti ani de not la e semper serada del d\u00ec la e verta ma par chi? <\/span><\/span><\/p>\n<p><span style=\"font-family: Verdana, sans-serif;\"><span style=\"font-size: large;\">El preve l&#8217;era el pastor e el gregge el lo seguia <\/span><\/span><\/p>\n<p><span style=\"font-family: Verdana, sans-serif;\"><span style=\"font-size: large;\">encoi i pastor i e pochi e i doven noi cr\u00e9 p\u00ec in nia<\/span><\/span><\/p>\n<p><span style=\"font-family: Verdana, sans-serif;\"><span style=\"font-size: large;\">La vita saralo veramente en sogno? Lo se s\u00e0<\/span><\/span><\/p>\n<p><span style=\"font-family: Verdana, sans-serif;\"><span style=\"font-size: large;\">se cos\u00ec fuse avaria volest me desed\u00e0 gi\u00e0 ani fa <\/span><\/span><\/p>\n<p><span style=\"font-family: Verdana, sans-serif;\"><span style=\"font-size: large;\">parch\u00e8 en te sto mondo cos\u00ec tant cambi\u00e0<\/span><\/span><\/p>\n<p><span style=\"font-family: Verdana, sans-serif;\"><span style=\"font-size: large;\">ai paura de che chel me riservar\u00e0<\/span><\/span><\/p>\n","protected":false},"excerpt":{"rendered":"<p>&nbsp; &nbsp; SE LA VITA FUSE EN SOGNO E se la vita fuse sol en sogno ? Bel o burt se dipendese da noi falo lonc o curt se podesane modificalo a piacimento cenise sol la gioia e but\u00e0 via el tormento Se ghe pense ogni tant me par proprio de sogn\u00e0 elo posibile che&hellip;<\/p>\n","protected":false},"author":1,"featured_media":119106,"comment_status":"closed","ping_status":"closed","sticky":false,"template":"","format":"standard","meta":{"_monsterinsights_skip_tracking":false,"_monsterinsights_sitenote_active":false,"_monsterinsights_sitenote_note":"","_monsterinsights_sitenote_category":0,"footnotes":""},"categories":[22,49],"tags":[],"class_list":["post-119105","post","type-post","status-publish","format-standard","has-post-thumbnail","hentry","category-invivoverso","category-news-18","category-22","category-49","description-off"],"img_url":"https:\/\/www.radiopiu.net\/wordpress\/wp-content\/uploads\/2020\/02\/FOTO-FEDERICO-SOPPELSA.jpg","_links":{"self":[{"href":"https:\/\/www.radiopiu.net\/wordpress\/wp-json\/wp\/v2\/posts\/119105","targetHints":{"allow":["GET"]}}],"collection":[{"href":"https:\/\/www.radiopiu.net\/wordpress\/wp-json\/wp\/v2\/posts"}],"about":[{"href":"https:\/\/www.radiopiu.net\/wordpress\/wp-json\/wp\/v2\/types\/post"}],"author":[{"embeddable":true,"href":"https:\/\/www.radiopiu.net\/wordpress\/wp-json\/wp\/v2\/users\/1"}],"replies":[{"embeddable":true,"href":"https:\/\/www.radiopiu.net\/wordpress\/wp-json\/wp\/v2\/comments?post=119105"}],"version-history":[{"count":0,"href":"https:\/\/www.radiopiu.net\/wordpress\/wp-json\/wp\/v2\/posts\/119105\/revisions"}],"wp:featuredmedia":[{"embeddable":true,"href":"https:\/\/www.radiopiu.net\/wordpress\/wp-json\/wp\/v2\/media\/119106"}],"wp:attachment":[{"href":"https:\/\/www.radiopiu.net\/wordpress\/wp-json\/wp\/v2\/media?parent=119105"}],"wp:term":[{"taxonomy":"category","embeddable":true,"href":"https:\/\/www.radiopiu.net\/wordpress\/wp-json\/wp\/v2\/categories?post=119105"},{"taxonomy":"post_tag","embeddable":true,"href":"https:\/\/www.radiopiu.net\/wordpress\/wp-json\/wp\/v2\/tags?post=119105"}],"curies":[{"name":"wp","href":"https:\/\/api.w.org\/{rel}","templated":true}]}}