{"id":119215,"date":"2020-02-27T05:52:23","date_gmt":"2020-02-27T04:52:23","guid":{"rendered":"https:\/\/www.radiopiu.net\/wordpress\/?p=119215"},"modified":"2020-02-27T10:10:57","modified_gmt":"2020-02-27T09:10:57","slug":"giornale-radiopiu-27-febbraio-2020-direttore-mirko-mezzacasa","status":"publish","type":"post","link":"https:\/\/www.radiopiu.net\/wordpress\/giornale-radiopiu-27-febbraio-2020-direttore-mirko-mezzacasa\/","title":{"rendered":"GIORNALE RADIOPIU 27 FEBBRAIO 2020 direttore Mirko Mezzacasa"},"content":{"rendered":"<h3><strong><a class=\"dt-pswp-item\" href=\"https:\/\/www.radiopiu.net\/wordpress\/wp-content\/uploads\/2020\/02\/telegram-q-ok.jpg\" data-dt-img-description=\"\" data-large_image_width=\"800\" data-large_image_height=\"800\"><img loading=\"lazy\" decoding=\"async\" class=\"wp-image-117176 alignleft\" src=\"https:\/\/www.radiopiu.net\/wordpress\/wp-content\/uploads\/2020\/02\/telegram-q-ok-300x300.jpg\" alt=\"\" width=\"103\" height=\"103\" srcset=\"https:\/\/www.radiopiu.net\/wordpress\/wp-content\/uploads\/2020\/02\/telegram-q-ok-300x300.jpg 300w, https:\/\/www.radiopiu.net\/wordpress\/wp-content\/uploads\/2020\/02\/telegram-q-ok-150x150.jpg 150w, https:\/\/www.radiopiu.net\/wordpress\/wp-content\/uploads\/2020\/02\/telegram-q-ok-768x768.jpg 768w, https:\/\/www.radiopiu.net\/wordpress\/wp-content\/uploads\/2020\/02\/telegram-q-ok.jpg 800w\" sizes=\"auto, (max-width: 103px) 100vw, 103px\" \/><\/a><\/strong><\/h3>\n<h3><strong>PER RICEVERE QUESTO NOTIZIARIO DIRETTAMENTE SUL TUO CELLULARE ISCRIVITI AL CANALE <span style=\"color: #0000ff;\">TELEGRAM<\/span><\/strong><\/h3>\n<p><strong>&#8220;<span style=\"color: #ff0000;\">RADIO PIU\u00a0 INFORMAZIONE<span style=\"color: #000000;\">&#8221;\u00a0<\/span><\/span><\/strong><\/p>\n<p>&nbsp;<\/p>\n<hr \/>\n<blockquote><p><strong>Gestione Servizi Pubblici informa che, OGGI\u00a0 dalle 8 a fine lavori, potrebbe mancare l&#8217;acqua a\u00a0 in VIA TRENTO a\u00a0 CAVIOLA.\u00a0<\/strong><\/p><\/blockquote>\n<p><strong>DOMANI dalle ore 08:00 alle ore 12:00 potrebbe mancare l&#8217;acqua a LIVINALLONGO DEL COL DI LANA, nelle LOCALITA&#8217; DI PRECUMON E ZORZ<\/strong><\/p>\n<hr \/>\n<p>&nbsp;<\/p>\n<p>&nbsp;<\/p>\n<p>&nbsp;<\/p>\n<h3><a class=\"dt-pswp-item\" href=\"https:\/\/www.radiopiu.net\/wordpress\/wp-content\/uploads\/2020\/02\/4bcbc716-df6f-4778-91e0-297afc6bc6dc.jpg\" data-dt-img-description=\"\" data-large_image_width=\"899\" data-large_image_height=\"1599\"><img loading=\"lazy\" decoding=\"async\" class=\"size-medium wp-image-119325 alignleft\" src=\"https:\/\/www.radiopiu.net\/wordpress\/wp-content\/uploads\/2020\/02\/4bcbc716-df6f-4778-91e0-297afc6bc6dc-169x300.jpg\" alt=\"\" width=\"169\" height=\"300\" srcset=\"https:\/\/www.radiopiu.net\/wordpress\/wp-content\/uploads\/2020\/02\/4bcbc716-df6f-4778-91e0-297afc6bc6dc-169x300.jpg 169w, https:\/\/www.radiopiu.net\/wordpress\/wp-content\/uploads\/2020\/02\/4bcbc716-df6f-4778-91e0-297afc6bc6dc-576x1024.jpg 576w, https:\/\/www.radiopiu.net\/wordpress\/wp-content\/uploads\/2020\/02\/4bcbc716-df6f-4778-91e0-297afc6bc6dc-768x1366.jpg 768w, https:\/\/www.radiopiu.net\/wordpress\/wp-content\/uploads\/2020\/02\/4bcbc716-df6f-4778-91e0-297afc6bc6dc-864x1536.jpg 864w, https:\/\/www.radiopiu.net\/wordpress\/wp-content\/uploads\/2020\/02\/4bcbc716-df6f-4778-91e0-297afc6bc6dc.jpg 899w\" sizes=\"auto, (max-width: 169px) 100vw, 169px\" \/><\/a><\/h3>\n<h3><\/h3>\n<h3><\/h3>\n<h3><\/h3>\n<h3>ULTIM&#8217;ORA.<br \/>\nALLA MEZZANOTTE E TRE QUARTI TREMA LA TERRA A SEREN DELGRAPPA<\/h3>\n<div class=\"page-title-head hgroup\">\n<h3 class=\"entry-title\">LIEVE SCOSSA DI TERREMOTO A SEREN DEL GRAPPA, MAGNITUDO 1,3<\/h3>\n<\/div>\n<div class=\"page-title-breadcrumbs\"><\/div>\n<h3><\/h3>\n<p>&nbsp;<\/p>\n<p>&nbsp;<\/p>\n<p>&nbsp;<\/p>\n<hr \/>\n<p>&nbsp;<\/p>\n<p>&nbsp;<\/p>\n<blockquote>\n<h3 style=\"text-align: left;\">LA FOTO DI CLAUDIO PRA SU COELUM<\/h3>\n<p><a class=\"dt-pswp-item\" href=\"https:\/\/www.radiopiu.net\/wordpress\/wp-content\/uploads\/2020\/02\/f066b295-fd66-4cae-8db7-8ef2158f8fe9.jpg\" data-dt-img-description=\"\" data-large_image_width=\"1168\" data-large_image_height=\"836\"><img loading=\"lazy\" decoding=\"async\" class=\"alignnone wp-image-119242 size-large\" src=\"https:\/\/www.radiopiu.net\/wordpress\/wp-content\/uploads\/2020\/02\/f066b295-fd66-4cae-8db7-8ef2158f8fe9-1024x733.jpg\" alt=\"\" width=\"1024\" height=\"733\" srcset=\"https:\/\/www.radiopiu.net\/wordpress\/wp-content\/uploads\/2020\/02\/f066b295-fd66-4cae-8db7-8ef2158f8fe9-1024x733.jpg 1024w, https:\/\/www.radiopiu.net\/wordpress\/wp-content\/uploads\/2020\/02\/f066b295-fd66-4cae-8db7-8ef2158f8fe9-300x215.jpg 300w, https:\/\/www.radiopiu.net\/wordpress\/wp-content\/uploads\/2020\/02\/f066b295-fd66-4cae-8db7-8ef2158f8fe9-768x550.jpg 768w, https:\/\/www.radiopiu.net\/wordpress\/wp-content\/uploads\/2020\/02\/f066b295-fd66-4cae-8db7-8ef2158f8fe9.jpg 1168w\" sizes=\"auto, (max-width: 1024px) 100vw, 1024px\" \/><\/a><\/p><\/blockquote>\n<p>A pagina 100 dell&#8217;ultimo numero della rivista astronomica Coelum campeggia una foto dolomitica. Cosa c&#8217;entra l&#8217;astronomia con le Dolomiti? Beh, il cielo stellato dei nostri luoghi, seppur minacciato dall&#8217;inquinamento luminoso, \u00e8 ancora piuttosto buio ed il contesto aiuta a fondere insieme volta celeste e paesaggi meravigliosi. Cos\u00ec \u00e8 stato nella serata del 6 febbraio quando l&#8217;elusivo pianeta Mercurio, il pi\u00f9 vicino al Sole, ha fatto capolino nei pressi della Marmolada, sfuggendo all&#8217; accecante luce dell&#8217;astro diurno in cui \u00e8 quasi sempre immerso. La luce della Luna, che illuminava a giorno la scena, ha ulteriormente arricchito uno scenario gi\u00e0 di per s\u00e9 fiabesco come quello di Passo Giau, da dove la foto \u00e8 stata scattata dall&#8217;astrofilo Agordino Claudio Pra.<\/p>\n<p>&nbsp;<\/p>\n<hr \/>\n<p>&nbsp;<\/p>\n<p>&nbsp;<\/p>\n<blockquote>\n<h2><span style=\"color: #ff0000;\">CORONANAVIRUS, LA CONTA IN VENETO, 16 SANITARI CONTAGIATI E UNA BAMBINA A PADOVA.\u00a0<\/span><\/h2>\n<\/blockquote>\n<p><strong>TREVISO<\/strong> Che il personale che opera negli ospedali sia a rischio \u00e8 purtroppo risaputo, a loro va la massima stima e il nostro grazie per l&#8217;impegno e il coraggio che dimostrano ogni giorno indossando il camice. Cos\u00ec anche per il personale del C\u00e0 Foncello che \u00e8 stato accanto all&#8217;anziana di 75 anni deceduta per il virus. Ieri alla prova del tampone sono emerse le positivit\u00e0: per \u00a0dieci operatori del Ca\u2019 Foncello (4 medici uno originario del bellunese, 2 infermieri, 4 Oss). Positiva al tampone\u00a0 la badante dell\u2019anziana. Tutte persone positive (11 delle quali residenti nella Marca e una\u00a0 come detto nel Bellunese ma domiciliata a Treviso dove lavora)\u00a0 sono asintomatiche ed \u00e8\u00a0 scattato l\u2019isolamento domiciliare. Saranno monitorate\u00a0 dal Servizio di Igiene Pubblica. Il C\u00e0 Foncello \u00e8\u00a0 la pi\u00f9 grande incubatrice del coronavirus in Veneto, per numero di contagi tra gli operatori ospedalieri nel reparto di Geriatria che \u00e8 stato chiuso. Ieri sono scattate le nuove assunzioni, ben 215 che mettono fine all&#8217;emergenza infermieri (100 nuovi contratti).\u00a0 L&#8217;economia turistica \u00e8 in ginocchio, stagione terminata anzitempo, non nevica ma fioccano le disdette. Salvo proroghe lunedi si torna a scuola, intanto il Liceo Lollino anticipa i tempi, ieri le lezioni sono infatti riprese con l&#8217;ausilio della tecnologia, lezioni on line per gli studenti dello scientifico.\u00a0 Luxottica si organizza per tamponare lo stop della Cina, infatti tanto ad Agordo che a Sedico si lavorer\u00e0 il sabato, il calendario della flessibilit\u00e0 \u00e8 gi\u00e0 pronto. Il sindaco di Belluno, Jacopo Massaro ha chiesto il rinvio delle scadenza fiscali. Soffre anche la chiesa, funerali solo in forma privata, oggi a Taibon l&#8217;ultimo saluto a Lucilla sul sagrato della chiesa e Corrado Ben nella cappella del cimitero con la benedizione e la successiva cremazione e sepoltura, ieri messa delle ceneri con il vescovo Renato Marangoni a porte chiuse. Novit\u00e0 per la Mido, l&#8217;evento milanese \u00e8 stato posticipato a luglio, dal 5 al 7 per andare incontro alle esigenze del settore.<\/p>\n<p><strong>LA CONTA&#8230;<\/strong> 258 i contagiati in Lombardia, 87 i contagiati in Veneto, nessun nuovo caso dalle 12 di luned\u00ec,\u00a0 47 in \u00a0Emilia Romagna da lunedi 17 casi nuovi, \u00a03 in Piemonte, 3 nel Lazio (2\u00a0 turisti cinesi e 1 ricercatore tutti\u00a0 dimessi e guariti), 3 in Sicilia, 2 in Toscana, 11 in Liguria, 1 Bolzano e 1 nelle Marche.<\/p>\n<p>&nbsp;<\/p>\n<p>&nbsp;<\/p>\n<blockquote>\n<hr \/>\n<h2>ULSS1 AVVISO ALL&#8217;UTENZA<\/h2>\n<p align=\"JUSTIFY\"><span style=\"font-family: Calibri, serif;\"><span lang=\"it-IT\"><strong>BELLUNO<\/strong> L<\/span><\/span><span style=\"font-family: Calibri, serif;\"><span lang=\"it-IT\"><b>\u2019accesso all\u2019ospedale per gli accompagnatori<\/b><\/span><\/span><span style=\"font-family: Calibri, serif;\"><span lang=\"it-IT\"> in generale e, in particolare per le <\/span><\/span><span style=\"font-family: Calibri, serif;\"><span lang=\"it-IT\"><b>visite ai degenti, \u00e8 limitato<\/b><\/span><\/span><span style=\"font-family: Calibri, serif;\"><span lang=\"it-IT\"> per motivi di sicurezza epidemiologica (coronavirus) <\/span><\/span><span style=\"font-family: Calibri, serif;\"><span lang=\"it-IT\">Le prestazioni sanitarie vengono regolarmente erogate.<\/span><\/span><\/p>\n<hr \/>\n<\/blockquote>\n<h3><\/h3>\n<p>&nbsp;<\/p>\n<blockquote>\n<p class=\"western\"><b>\u00a0POSITIVA BIMBA PADOVANA, DISPOSTO ISOLAMENTO DOMICILIARE PER TUTTI I CONTATTI.SCUOLA CHIUSA PER IL PERIODO DI INCUBAZIONE<\/b><\/p>\n<\/blockquote>\n<p class=\"western\"><img loading=\"lazy\" decoding=\"async\" class=\"alignleft\" src=\"https:\/\/www.radiopiu.net\/wordpress\/wp-content\/uploads\/2020\/02\/cc.jpg\" width=\"130\" height=\"109\" \/><strong>VENEZIA <\/strong>La positivit\u00e0 al coronavirus riscontrata in una bambina padovana di otto anni ha fatto scattare con immediatezza tutte le necessarie misure preventive. Con una lettera inviata al DG dell\u2019Ullss 6 Euganea e ai direttori del dipartimento di prevenzione e del servizio di igiene e sanit\u00e0 pubblica, sulla base delle nuove disposizioni del Ministero della Salute, la direzione prevenzione della Regione del Veneto ha chiesto di disporre l\u2019isolamento domiciliare fiduciario con sorveglianza attiva di tutti i contatti stretti, rappresentati dalla classe frequentata dalla bimba, attraverso il coinvolgimento dei pediatri di famiglia a cui i bambini afferiscono, dagli insegnanti e dal personale ausiliario e amministrativo riferito alla classe frequentata. A questo, si aggiunge che la scuola interessata dovr\u00e0 rimanere chiusa fino al termine del periodo di incubazione della malattia e che tutti i frequentanti dovranno essere informati circa la comparsa di eventuali sintomi.<\/p>\n<p>&nbsp;<\/p>\n<p>&nbsp;<\/p>\n<hr \/>\n<p>&nbsp;<\/p>\n<p>&nbsp;<\/p>\n<blockquote>\n<h3>UN BELLUNESE POSITIVO ALLA PROVA TAMPONE A TREVISO CA&#8217; FONCELLO<\/h3>\n<\/blockquote>\n<p><strong><img decoding=\"async\" class=\"alignleft\" src=\"https:\/\/www.radiopiu.net\/wordpress\/wp-content\/uploads\/2020\/02\/download-18.jpg\" \/>VENEZIA\u00a0<\/strong> In relazione al decesso, avvenuto\u00a0 martedi, di una 75enne ricoverata nell\u2019Unit\u00e0 Operativa di Geriatria dell\u2019Ospedale Ca\u2019 Foncello, \u00e8 pervenuto l\u2019esito di trenta tamponi effettuati sulle persone venute a contatto con la paziente nell\u2019ambito ospedaliero e residenziale. Diciotto i tamponi risultati negativi, 12 quelli positivi. Le positivit\u00e0 si riferiscono a dieci operatori del Ca\u2019 Foncello (4 medici, 2 infermieri, 4 Oss), alla badante dell\u2019anziana e a un contatto stretto residente nello stesso condominio. <strong>Tutte le persone positive (11 delle quali residenti nella Marca e una nel Bellunese che trascorre il periodo di lavoro a Treviso come specifica la Ulss1) sono attualmente asintomatiche:<\/strong> per loro \u00e8 scattato l\u2019isolamento domiciliare. Saranno monitorate dal Servizio di Igiene Pubblica. I test sono stati effettuati dalla Microbiologia di Treviso: come da protocollo i campioni saranno inviati a Padova per le conferme. A seguito del caso, la Direzione dell\u2019Ulss 2, al fine di ridurre il numero di possibili contagi, ha disposto che nell\u2019Unit\u00e0 Operativa di Geriatria, dove la 75enne era ricoverata per un grave scompenso cardiaco, non vengano effettuati nuovi ricoveri. Tutti i pazienti gi\u00e0 ricoverati sono stati sottoposti a tampone. In reparto sono state bloccate, a scopo precauzionale, le visite dei parenti<\/p>\n<p><strong>Soggetto \u201casintomatico\u201d \u2013\u00a0<\/strong>\u00c8 una persona che, nonostante sia affetto da una malattia, non presenta alcun sintomo apparente. Esiste un periodo chiamato \u201cincubazione\u201d in cui una malattia infettiva \u00e8 gi\u00e0 presente senza mostrare alcun sintomo. L\u2019incubazione \u00e8 quindi \u201casintomatica\u201d e termina quando il paziente avverte i primi sintomi, momento in cui la patologia da \u201casintomatica\u201d diventa \u201csintomatica \u201c. Una malattia pu\u00f2 rimanere asintomatica per periodi brevi o lunghi, alcune possono rimanere asintomatiche per sempre. La presenza di pazienti asintomatici affetti da coronavirus SARS-CoV-2 sembra possibile, tuttavia, secondo l\u2019Organizzazione Mondiale della Sanit\u00e0, le persone sintomatiche sono attualmente la causa pi\u00f9 frequente di diffusione del virus. (fonte Oms)<\/p>\n<div class=\"s_p1864b9ox g_p1864h5kg clearfix\">\n<div class=\"clearfix v_p1864b7y4\">\n<div class=\"clearfix _42ef\">\n<div class=\"c_p1864b7y3\">\n<div class=\"_6a _5u5j\">\n<div class=\"_6a _5u5j _6b\">\n<h5 id=\"u_fetchstream_20_a\" class=\"_7tae _14f3 _14f5 _5pbw _5vra\" data-ft=\"{&quot;tn&quot;:&quot;C&quot;}\"><span class=\"fwn fcg\"><span class=\"fwb fcg\" data-ft=\"{&quot;tn&quot;:&quot;k&quot;}\"><a id=\"js_3o6\" href=\"https:\/\/www.facebook.com\/RasiCaldognoUlssDolomiti\/?__tn__=kC-R&amp;eid=ARAE6yK8l6QO5pHq7SOgQuIpagBWU5eNmDUd9P-MRvv3dsTYark6RPVF17YFiIo571h5LzZwr-4f-qBo&amp;hc_ref=ARS7ti6YT8TFI_PxVwU-7LQxtcnKtgy3uSD_AS950PHsjX1XV9COM-v4fG47GMwFYVE&amp;fref=nf&amp;__xts__%5B0%5D=68.ARAlL4cge7HMWIEo_cfvYblxqwfbsxiVEf6WIj_2kZ9Mcpq_QAN7DHujlg-GqvgZ1md8QltGXXTA2neq10x1Tt0EkYOiZIaubwjlSNQPq10Cnqxksh2bJjGYKfwM6eeRO87yUhlRRNf889eAEmn9LeLev9RQXZFY0HK9mv7xuexJDB3EK3Ro8w1HlBTcLP-el1XZpu5OPOvOw2o9za6eAqG8aD6HB5MGGulwWDMiPGva1exww3lW9rAi2KQooMdBUc9T41YtvYB24vVjRVqz9k3rltlcow7xbFLDK3ztBlOqo8Uw-W-moN1VOQLxGIzx-MjnH5fCN_X7KmM4Eld4ma0\" data-hovercard=\"\/ajax\/hovercard\/page.php?id=230735964052999&amp;extragetparams=%7B%22__tn__%22%3A%22%2CdkC-R-R%22%2C%22eid%22%3A%22ARAE6yK8l6QO5pHq7SOgQuIpagBWU5eNmDUd9P-MRvv3dsTYark6RPVF17YFiIo571h5LzZwr-4f-qBo%22%2C%22hc_ref%22%3A%22ARS7ti6YT8TFI_PxVwU-7LQxtcnKtgy3uSD_AS950PHsjX1XV9COM-v4fG47GMwFYVE%22%2C%22fref%22%3A%22nf%22%7D\" data-hovercard-prefer-more-content-show=\"1\" data-hovercard-referer=\"ARS7ti6YT8TFI_PxVwU-7LQxtcnKtgy3uSD_AS950PHsjX1XV9COM-v4fG47GMwFYVE\" aria-describedby=\"u_9i_1\" aria-owns=\"js_3ke\">Adriano Rasi Caldogno &#8211; DG Ulss 1 Dolomiti \u00a0 \u00a0 \u00a0 \u00a0 \u00a0 \u00a0 \u00a0 \u00a0 \u00a0 \u00a0 <\/a><\/span><\/span>Nel cluster di <a class=\"_58cn\" style=\"font-size: 14px; font-weight: normal;\" href=\"https:\/\/www.facebook.com\/hashtag\/treviso?source=feed_text&amp;epa=HASHTAG&amp;__xts__%5B0%5D=68.ARAlL4cge7HMWIEo_cfvYblxqwfbsxiVEf6WIj_2kZ9Mcpq_QAN7DHujlg-GqvgZ1md8QltGXXTA2neq10x1Tt0EkYOiZIaubwjlSNQPq10Cnqxksh2bJjGYKfwM6eeRO87yUhlRRNf889eAEmn9LeLev9RQXZFY0HK9mv7xuexJDB3EK3Ro8w1HlBTcLP-el1XZpu5OPOvOw2o9za6eAqG8aD6HB5MGGulwWDMiPGva1exww3lW9rAi2KQooMdBUc9T41YtvYB24vVjRVqz9k3rltlcow7xbFLDK3ztBlOqo8Uw-W-moN1VOQLxGIzx-MjnH5fCN_X7KmM4Eld4ma0&amp;__tn__=%2ANK-R\" data-ft=\"{&quot;type&quot;:104,&quot;tn&quot;:&quot;*N&quot;}\"><span class=\"_5afx\"><span class=\"_58cm\">Treviso<\/span><\/span><\/a><span style=\"font-size: 14px; font-weight: normal;\">\u00a0\u00e8 stato riscontrato anche un caso positivo di una persona originaria del territorio dell&#8217;Ulss Dolomiti ma DOMICILIATA e con attivit\u00e0 professionale a TREVISO. Attualmente \u00e8 ASINTOMATICA e in isolamento domiciliare. Sono gi\u00e0 stati ricostruiti i suoi contatti, valutati e posti, SOLO a scopo preventivo, in isolamento fiduciario.<\/span><\/h5>\n<\/div>\n<\/div>\n<\/div>\n<h1><\/h1>\n<\/div>\n<\/div>\n<\/div>\n<hr \/>\n<p>&nbsp;<\/p>\n<p>&nbsp;<\/p>\n<blockquote>\n<h3><a class=\"dt-pswp-item\" href=\"https:\/\/www.radiopiu.net\/wordpress\/wp-content\/uploads\/2020\/02\/85215301_1387534058115172_6010790246667517952_n.jpg\" data-dt-img-description=\"\" data-large_image_width=\"960\" data-large_image_height=\"720\"><img loading=\"lazy\" decoding=\"async\" class=\"size-medium wp-image-119300 alignleft\" src=\"https:\/\/www.radiopiu.net\/wordpress\/wp-content\/uploads\/2020\/02\/85215301_1387534058115172_6010790246667517952_n-300x225.jpg\" alt=\"\" width=\"300\" height=\"225\" srcset=\"https:\/\/www.radiopiu.net\/wordpress\/wp-content\/uploads\/2020\/02\/85215301_1387534058115172_6010790246667517952_n-300x225.jpg 300w, https:\/\/www.radiopiu.net\/wordpress\/wp-content\/uploads\/2020\/02\/85215301_1387534058115172_6010790246667517952_n-768x576.jpg 768w, https:\/\/www.radiopiu.net\/wordpress\/wp-content\/uploads\/2020\/02\/85215301_1387534058115172_6010790246667517952_n.jpg 960w\" sizes=\"auto, (max-width: 300px) 100vw, 300px\" \/><\/a>COMUNICAZIONE DEL PRESIDENTE DEL VENETO<\/h3>\n<\/blockquote>\n<p><strong>VENEZIA<\/strong> Presso 26 ospedali del Veneto, la Protezione Civile regionale sta completando l\u2019allestimento di 56 tende pneumatiche a scopo preventivo a fronte di eventuali necessit\u00e0 dovessero presentarsi nell\u2019ambito dell\u2019emergenza legata al <a class=\"_58cn\" href=\"https:\/\/www.facebook.com\/hashtag\/coronavirus?source=feed_text&amp;epa=HASHTAG&amp;__xts__%5B0%5D=68.ARBx1Kf7cNCETY1C_PWzFntIZx4_WxJn0OZi2ACFQAE00unsDm1VZjjtD1-oGz22rMn7JAIgZ6B8vjfaVgJRzDMp-aOqYczz_fpXomNVy-JZYdV0NrdYxVSbycwwnb6o6tyHXhZHGagzuW5qfDN3VuWNq3Wfc0ClRPPeKs7pYUjdaPY6XVosi9XG_Awm75FVcM99MIpF8rIq5lY_kti_lGE6pl9w4v_594i0O3i9cB7StkR6yDBGOcNcww5T291dvbexv997feGn_M1eGJPz27Fq86toEjQ_gzzp8AOMdrMBg0xpm5FJ6ckeQKi4J-iiKcSnawbx3t8yGmPvLGcJKjGe7g&amp;__tn__=%2ANK-R\" data-ft=\"{&quot;type&quot;:104,&quot;tn&quot;:&quot;*N&quot;}\"><span class=\"_5afx\"><span class=\"_58cl _5afz\" aria-label=\"hashtag\">#<\/span><span class=\"_58cm\">Coronavirus<\/span><\/span><\/a>. Si tratta di una predisposizione preventiva: allo stato attuale, le tende vengono montate e tenute chiuse. Ci auguriamo che non debbano essere utilizzate ma sono appositamente predisposte nel caso si creassero situazioni<span class=\"text_exposed_show\"> di particolare necessit\u00e0 in cui \u00e8 necessario garantire un percorso di screening e triage rapido, parallelo e separato dagli altri utenti, a ulteriori pazienti che si presentassero presso gli ospedali con sintomi riconducibili all\u2019infezione da Coronavirus. <\/span>Per comprensibili ragioni di praticit\u00e0 e comunicazione, sono tutte collocate attigue alle strutture sanitarie.<em> Esprimo un grazie a tutti coloro hanno lavorato in questo sforzo, portato a termine con celerit\u00e0 e professionalit\u00e0 come sempre. Ancora una volta la macchina della Protezione civile veneta si \u00e8 dimostrata efficiente&#8221; conclude Zaia.\u00a0<\/em><\/p>\n<p>&nbsp;<\/p>\n<p>&nbsp;<\/p>\n<p>&nbsp;<\/p>\n<p>&nbsp;<\/p>\n<hr \/>\n<p>&nbsp;<\/p>\n<p>&nbsp;<\/p>\n<blockquote>\n<h3><a class=\"dt-pswp-item\" href=\"https:\/\/www.radiopiu.net\/wordpress\/wp-content\/uploads\/2020\/02\/87629822_10157043539447544_1573901056360841216_o.jpg\" data-dt-img-description=\"\" data-large_image_width=\"1440\" data-large_image_height=\"1080\"><img loading=\"lazy\" decoding=\"async\" class=\"wp-image-119301 alignleft\" src=\"https:\/\/www.radiopiu.net\/wordpress\/wp-content\/uploads\/2020\/02\/87629822_10157043539447544_1573901056360841216_o-300x225.jpg\" alt=\"\" width=\"184\" height=\"138\" srcset=\"https:\/\/www.radiopiu.net\/wordpress\/wp-content\/uploads\/2020\/02\/87629822_10157043539447544_1573901056360841216_o-300x225.jpg 300w, https:\/\/www.radiopiu.net\/wordpress\/wp-content\/uploads\/2020\/02\/87629822_10157043539447544_1573901056360841216_o-1024x768.jpg 1024w, https:\/\/www.radiopiu.net\/wordpress\/wp-content\/uploads\/2020\/02\/87629822_10157043539447544_1573901056360841216_o-768x576.jpg 768w, https:\/\/www.radiopiu.net\/wordpress\/wp-content\/uploads\/2020\/02\/87629822_10157043539447544_1573901056360841216_o.jpg 1440w\" sizes=\"auto, (max-width: 184px) 100vw, 184px\" \/><\/a>IERI,\u00a0 L&#8217;ASSESSORE VENETO GIANPAOLO BOTTACIN,<\/h3>\n<\/blockquote>\n<p><strong>Secondo paziente dimesso in Veneto<\/strong><\/p>\n<p><strong>VENEZIA<\/strong> La giornata i fa registrare in Veneto la buona notizia della seconda dimissione di un paziente affetto da coronavirus, ricoverato nei giorni scorsi all\u2019Azienda Ospedaliera di Padova. La persona in questione fa parte del cluster di V\u00f2 Euganeo ed era risultata positiva al test il 22 febbraio scorso. <span class=\"text_exposed_show\">Dopo la dimissione, il paziente \u00e8 stato posto in isolamento a casa.<\/span><\/p>\n<p>&nbsp;<\/p>\n<p>&nbsp;<\/p>\n<hr \/>\n<p>&nbsp;<\/p>\n<p>&nbsp;<\/p>\n<h3>PUNTO STAMPA DI LUCA ZAIA, IERI ALLE 12.00<\/h3>\n<div id=\"fb-root\"><\/div>\n<p><script async=\"1\" defer=\"1\" crossorigin=\"anonymous\" src=\"https:\/\/connect.facebook.net\/it_IT\/sdk.js#xfbml=1&amp;version=v6.0\"><\/script><\/p>\n<div class=\"fb-video\" data-href=\"https:\/\/www.facebook.com\/zaiaufficiale\/videos\/238340933869644\/\" data-width=\"1200\">\n<blockquote cite=\"https:\/\/www.facebook.com\/zaiaufficiale\/videos\/238340933869644\/\" class=\"fb-xfbml-parse-ignore\"><p><a href=\"https:\/\/www.facebook.com\/zaiaufficiale\/videos\/238340933869644\/\">#CORONAVIRUS: GLI AGGIORNAMENTI ALLE 12:00 DI OGGI<\/a><\/p>\n<p>\u203c #CORONAVIRUS \/ GLI AGGIORNAMENTI ALLE ORE 12:00 DI OGGI, 26 FEBBRAIO: i casi in Veneto sono 71, con 2 deceduti. \u203c<\/p>\n<p>Pubblicato da <a href=\"https:\/\/www.facebook.com\/zaiaufficiale\/\">Luca Zaia<\/a> su Mercoled\u00ec 26 febbraio 2020<\/p><\/blockquote>\n<\/div>\n<h3>NOTA DI IERI DELLE 14.00<\/h3>\n<div class=\"_2cuy _3dgx _2vxa\">Per far fronte ai maggiori carichi di lavoro legati all\u2019emergenza coronavirus, abbiamo previsto l&#8217;assunzione IMMEDIATA a tempo indeterminato di 215 figure professionali della sanit\u00e0, attingendo con procedura d\u2019urgenza ai candidati risultati idonei nelle graduatorie dei concorsi gi\u00e0 effettuati da Azienda Zero. Si tratta di 100 infermieri professionali; 80 operatori sociosanitari; 20 assistenti sanitari, 10 tecnici; e 5 autisti, che vengono distribuiti alle diverse Ullss sulla base delle esigenze emerse. Anche su questo fronte siamo sul pezzo e rafforziamo l\u2019organico, che pur negli ultimi anni \u00e8 continuamente aumentato, per mettere altre forze in campo e aiutare chi \u00e8 gi\u00e0 all\u2019opera, creando comunque nuove disponibilit\u00e0 anche in via precauzionale. L\u2019assunzione \u00e8 a tempo indeterminato, per cui queste 215 figure rimarranno in servizio, dove sar\u00e0 pi\u00f9 utile, anche dopo la fine dell\u2019emergenza.<\/div>\n<div><\/div>\n<div><\/div>\n<div>\n<hr \/>\n<\/div>\n<p>&nbsp;<\/p>\n<blockquote>\n<h3>IL PUNTO IN VIDEO DEL MINISTRO FEDERICO D&#8217;INCA&#8217;<\/h3>\n<\/blockquote>\n<div id=\"fb-root\"><\/div>\n<p><script async=\"1\" defer=\"1\" crossorigin=\"anonymous\" src=\"https:\/\/connect.facebook.net\/it_IT\/sdk.js#xfbml=1&amp;version=v6.0\"><\/script><\/p>\n<div class=\"fb-video\" data-href=\"https:\/\/www.facebook.com\/federicodincam5s\/videos\/1080417355676555\/\" data-width=\"1200\">\n<blockquote cite=\"https:\/\/www.facebook.com\/federicodincam5s\/videos\/1080417355676555\/\" class=\"fb-xfbml-parse-ignore\"><p><a href=\"https:\/\/www.facebook.com\/federicodincam5s\/videos\/1080417355676555\/\">Il punto sugli interventi per affrontare il Coronavirus<\/a><\/p>\n<p>Interventi per cittadini, lavoratori, scuole e imprese. L&#039;impegno del Governo per fronteggiare il #Coronavirus non si ferma agli aspetti strettamente sanitari ma punta ad alleviare le condizioni di chi sta attraversando, direttamente o indirettamente, questo periodo di difficolt\u00e0<\/p>\n<p>Pubblicato da <a href=\"https:\/\/www.facebook.com\/federicodincam5s\/\">Federico D&#039;Inc\u00e0<\/a> su Mercoled\u00ec 26 febbraio 2020<\/p><\/blockquote>\n<\/div>\n<p>&nbsp;<\/p>\n<p>&nbsp;<\/p>\n<hr \/>\n<p>&nbsp;<\/p>\n<blockquote>\n<h3>CORONAVIRUS: BOND, SUPERARE FALLE SISTEMA E NON LIMITARSI A MISURE SOLO PER ZONE ROSSE<\/h3>\n<\/blockquote>\n<p><strong>L&#8217;INTERVENTO DI IERI IN AULA, il deputato di Forza Italia cita il caso di RG di Taibon Agordino, un&#8217;odissea lunga otto ore per avere una risposta. <em>&#8220;Non pretendo tante attenzioni, ma almeno un controllino sarebbe un &#8220;calmante&#8221; e un po di considerazione&#8230;&#8221;<\/em><\/strong><\/p>\n<p>https:\/\/www.facebook.com\/DarioBondDeputato\/videos\/139686440592577\/<\/p>\n<p>&nbsp;<\/p>\n<p>&nbsp;<\/p>\n<hr \/>\n<h3><\/h3>\n<h3>RINVIO DELLE SCADENZE FISCALI, PARLA IL SINDACO DI BELLUNO JACOPO MASSARO<\/h3>\n<p><strong>BELLUNO<\/strong> Non c&#8217;\u00e8 solo l&#8217;allerta sanitaria nei pensieri del Sindaco di Belluno per quanto riguarda la diffusione del Coronavirus: il primo cittadino denuncia i rischi per l&#8217;economia e il turismo provinciale.<\/p>\n<p><iframe loading=\"lazy\" title=\"Massaro   Appello ANCI economia Coronavirus\" width=\"1200\" height=\"675\" src=\"https:\/\/www.youtube.com\/embed\/cLqolCZwDZ0?feature=oembed\" frameborder=\"0\" allow=\"accelerometer; autoplay; encrypted-media; gyroscope; picture-in-picture\" allowfullscreen><\/iframe><\/p>\n<p>&nbsp;<\/p>\n<p>&nbsp;<\/p>\n<hr \/>\n<h3><\/h3>\n<blockquote>\n<h3>CORONAVIRUS, L&#8217;INCONTRO IN PREFETTURA. PRONTI PER LO STATO DI ALLERTA, PER ORA NESSUN CRITICITA&#8217;<\/h3>\n<\/blockquote>\n<p><strong>EMERGENZA EPIDEMIOLOGICA DA COVID-19<\/strong><\/p>\n<p><strong><img loading=\"lazy\" decoding=\"async\" class=\"alignleft\" src=\"https:\/\/www.radiopiu.net\/wordpress\/wp-content\/uploads\/2019\/02\/prefettura-2.jpeg\" width=\"372\" height=\"186\" \/>BELLUNO<\/strong>\u00a0 Si \u00e8 tenuta ieri, in Prefettura di Belluno, una riunione con i vertici degli uffici pubblici\u00a0 della provincia per un confronto ed una valutazione delle problematiche derivanti dall\u2019emergenza da infezione da coronavirus Covid -19. Il tavolo, presieduto dal Prefetto, Adriana Cogode, ha visto la partecipazione del Presidente della Provincia, del Sindaco di Belluno, dei vertici provinciali delle Forze dell\u2019Ordine, del 7\u00b0 Reggimento Alpini, dei Vigili del Fuoco, della Casa Circondariale, il Direttore Generale dell\u2019ULSS n. 1 Dolomiti, il Dirigente dell\u2019Ufficio Scolastico Provinciale,\u00a0 i rappresentanti della Motorizzazione Civile, del Tribunale, dell\u2019 Ispettorato del Lavoro, dell\u2019Agenzia delle Entrate, dell\u2019Archivio di Stato e dell\u2019INAIL. E\u2019 stato in particolare esaminato i testo dell\u2019ultimo DPCM del 25 febbraio u.s. con il quale sono state adottate misure di contenimento dell\u2019epidemia in materia di\u00a0 manifestazioni sportive di ogni ordine e disciplina, di organizzazione delle attivit\u00e0 scolastiche\u00a0 e della formazione superiore, di disciplina di misure di prevenzione sanitaria presso gli Istituti penitenziari, di regolazione delle modalit\u00e0 di accesso agli esami di guida, di organizzazione delle attivit\u00e0 culturali e per il turismo. L\u2019incontro, analogamente ad altra riunione tenutasi con i Sindaci, \u00e8 valso a monitorare eventuali criticit\u00e0 che comunque non si sono registrate e prendere atto delle misure di cautela prescritte dalle vigenti disposizioni nazionali e regionali presso i singoli uffici pubblici. Si \u00e8 convenuto di mantenere uno stretto raccordo per eventuale allerta ed \u00e8 stata condivisa la necessit\u00e0\u00a0 di assicurare la massima diffusione delle misure precauzionali per il pubblico e il personale dipendente.<\/p>\n<p>&nbsp;<\/p>\n<p>&nbsp;<\/p>\n<hr \/>\n<p>&nbsp;<\/p>\n<p>&nbsp;<\/p>\n<blockquote>\n<h3>REGIONE VENETO, ASSESSORE AL LAVORO, \u201cGLI STRUMENTI DI AIUTO ALLE IMPRESE NON POSSONO LIMITARSI ALLE ZONE ROSSE\u201d<\/h3>\n<\/blockquote>\n<p><strong>VENEZIA<\/strong>\u00a0 \u201c<em>Spero che il ministro si sia sbagliato, perch\u00e9 se veramente avesse inteso riferirsi solo ai comuni che ricadono in \u2018zona rossa\u2019 sarebbe una misura del tutto ininfluente. Il danno economico che si sta gi\u00e0 evidenziando \u00e8 di portata nazionale, e non solo legato alle Regioni ad oggi interessate dalla verifica di casi di infezione da Coronavirus: fiere nazionali e internazionali rinviate, con significative perdite per settori strategici dell\u2019industria e del \u2018made in Italy\u2019; turismo in ginocchio con disdette a valanga, un impatto sull\u2019economia italiana che non ha pari<\/em>\u201d. L\u2019assessore regionale al Lavoro del Veneto commenta con preoccupazione quanto dichiarato del ministro del Lavoro sulla possibilit\u00e0 di riconoscere la Cig in deroga nelle \u2018zone rosse\u2019 alle aziende sotto i sei dipendenti e a quei lavoratori che non hanno strumenti di sostegno al reddito. \u201c<em>Il Veneto che lavora e che produce far\u00e0 sentire in maniera unitaria la propria voce con proposte chiare e condivise \u2013 annuncia l\u2019assessore &#8211; Ho convocato domani pomeriggio 27 febbraio la Commissione regionale per la concertazione tra le parti sociali&#8221;<\/em><\/p>\n<p>&nbsp;<\/p>\n<p>&nbsp;<\/p>\n<hr \/>\n<blockquote>\n<h3><\/h3>\n<h3>SCUOLA CHIUSA, AL LOLLINO LA DIDATTICA \u00c8 ONLINE<\/h3>\n<\/blockquote>\n<p><strong><a class=\"dt-pswp-item\" href=\"https:\/\/www.radiopiu.net\/wordpress\/wp-content\/uploads\/2020\/02\/Didattica-online-2.jpeg\" data-dt-img-description=\"\" data-large_image_width=\"1600\" data-large_image_height=\"1200\"><img loading=\"lazy\" decoding=\"async\" class=\" wp-image-119241 alignleft\" src=\"https:\/\/www.radiopiu.net\/wordpress\/wp-content\/uploads\/2020\/02\/Didattica-online-2-300x225.jpeg\" alt=\"\" width=\"223\" height=\"167\" srcset=\"https:\/\/www.radiopiu.net\/wordpress\/wp-content\/uploads\/2020\/02\/Didattica-online-2-300x225.jpeg 300w, https:\/\/www.radiopiu.net\/wordpress\/wp-content\/uploads\/2020\/02\/Didattica-online-2-1024x768.jpeg 1024w, https:\/\/www.radiopiu.net\/wordpress\/wp-content\/uploads\/2020\/02\/Didattica-online-2-768x576.jpeg 768w, https:\/\/www.radiopiu.net\/wordpress\/wp-content\/uploads\/2020\/02\/Didattica-online-2-1536x1152.jpeg 1536w, https:\/\/www.radiopiu.net\/wordpress\/wp-content\/uploads\/2020\/02\/Didattica-online-2.jpeg 1600w\" sizes=\"auto, (max-width: 223px) 100vw, 223px\" \/><\/a>BELLUNO<\/strong>\u00a0 Ore 8, computer e telefonini accesi: la campanella \u00e8 online. Questa mattina le lezioni al Liceo \u00abAlvise Lollino\u00bb Classico e Scientifico sono riprese regolarmente, nel rispetto del calendario scolastico della scuola che aveva previsto fin da inizio anno un giorno in meno per le vacanze di carnevale. Nel pieno rispetto dell\u2019ordinanza del Ministero della Salute di concerto con la Regione Veneto, la scuola \u00e8 chiusa e gli studenti sono a casa, ma l\u2019attivit\u00e0 didattica non si \u00e8 fermata e si sta svolgendo con diverse modalit\u00e0, in modo da garantire continuit\u00e0 anche nel corso dell\u2019emergenza da coronavirus, e con l\u2019obiettivo di contribuire a una scuola in grado di fronteggiare anche le emergenze relative agli eventi meteo.<\/p>\n<p>&nbsp;<\/p>\n<p>&nbsp;<\/p>\n<p>&nbsp;<\/p>\n<hr \/>\n<h3><\/h3>\n<p>&nbsp;<\/p>\n<blockquote>\n<h3>FERMATO ALLA GUIDA SOTTO L\u2019EFFETTO DI ALCOOL E CON LA PATENTE SCADUTA<\/h3>\n<\/blockquote>\n<p><strong> <img loading=\"lazy\" decoding=\"async\" class=\"alignleft\" src=\"https:\/\/www.radiopiu.net\/wordpress\/wp-content\/uploads\/2018\/04\/Polizia-726x400.jpg\" width=\"183\" height=\"101\" \/>LIMANA <\/strong>\u00a0Un 47enne dall&#8217;alito vinoso,\u00a0 a bordo di una Panda non \u00e8 sfuggito all&#8217;attento controllo degli uomini della volante, una volta fermato in via Roma per l&#8217;accertamento \u00e8 scattato l&#8217;esame con l&#8217;etilometro. L&#8217;uomo non solo guidava ubriaco (1,5 g\/l di alcool nel sangue, ben tre volte il consentito)\u00a0 ma anche con il documento di guida scaduto da un anno. Pesante la sanzione prevista:\u00a0 da\u00a0 800 a 3.200 euro\u00a0 e l\u2019arresto fino a 6 mesi. Peraltro l&#8217;uomo \u00e8 recidivo , ovvero non era la prima volta ed ora rischia, su ordine della Prefettura,\u00a0 la sospensione da 6 mesi ad 1 anno e con decurtazione di 10 punti. Per il documento scaduto\u00a0 altra contravvenzione di 158 euro.<\/p>\n<p>&nbsp;<\/p>\n<p>&nbsp;<\/p>\n<p>&nbsp;<\/p>\n<hr \/>\n<p>&nbsp;<\/p>\n<div class=\"page-title-head hgroup\">\n<blockquote>\n<h3 class=\"entry-title\">CARNEVALE SULLE STRADE: 9 PATENTI RITIRATE E PIU\u2019 DI 300 PUNTI DECURTATI<\/h3>\n<\/blockquote>\n<\/div>\n<p><img loading=\"lazy\" decoding=\"async\" class=\"alignleft\" src=\"https:\/\/www.radiopiu.net\/wordpress\/wp-content\/uploads\/2018\/09\/POLIZIA-3.jpg\" width=\"227\" height=\"78\" \/><strong>BELLUNO<\/strong> Intensificati i controlli della Polizia di Stato nel periodo del carnevale\u00a0 per guida in stato di ebbrezza: un conducente aveva 2,00 g\/l di alcol nel sangue. Veicoli controllati 283, Patenti ritirate 9, Carte di circolazione ritirate 5,<br \/>\nVeicoli sottoposti a fermo amministrativo 2, Veicoli sottoposti a sequestro amministrativo per confisca 2, Punti decurtati 344. Fra i conducenti sorpresi a guidare sotto l\u2019influenza dell\u2019alcool: &#8211;<strong> due sono risultati con un tasso rientrante nella prima fascia da 0,51 a 0,80 g\/l,<\/strong> puniti con la sanzione amministrativa da 544 a 2.174 euro, sospensione della patente da tre a sei mesi, decurtazione di 10 punti dalla patente;\u00a0 <strong>&#8211; tre nella seconda fascia da 0,81 a 1,50 g\/l<\/strong>, per la quale si configura un reato punito con l\u2019ammenda da 800 a 3200 euro e con l\u2019arresto fino a sei mesi, la sospensione della patente da sei a dodici mesi e la decurtazione di 10 punti dalla patente;\u00a0 <strong>&#8211; tre in quella massima, superiore a 1,50 g\/l, con un valore massimo di 2,00<\/strong> g\/l riscontrato a un quarantaseienne bellunese. Per questa ipotesi \u00e8 prevista l\u2019ammenda da 1.500 a 6.000 euro e l\u2019arresto da sei mesi a un anno, la sospensione della patente da uno a due anni, la decurtazione di 10 punti dalla patente e il sequestro del veicolo finalizzato alla confisca, qualora condotto dal proprietario.<\/p>\n<div class=\"page-title-breadcrumbs\"><\/div>\n<p>&nbsp;<\/p>\n<p>&nbsp;<\/p>\n<p>&nbsp;<\/p>\n<hr \/>\n<p>&nbsp;<\/p>\n<blockquote>\n<h3><\/h3>\n<h3>GUARDIA DI FINANZA: CARNEVALE 2020 &#8211; SEQUESTRO DI 650 PEZZI<\/h3>\n<\/blockquote>\n<p><a class=\"dt-pswp-item\" href=\"https:\/\/www.radiopiu.net\/wordpress\/wp-content\/uploads\/2020\/02\/IMG_20200225_133034-scaled.jpg\" data-dt-img-description=\"\" data-large_image_width=\"2227\" data-large_image_height=\"2560\"><img loading=\"lazy\" decoding=\"async\" class=\" wp-image-119221 alignleft\" src=\"https:\/\/www.radiopiu.net\/wordpress\/wp-content\/uploads\/2020\/02\/IMG_20200225_133034-261x300.jpg\" alt=\"\" width=\"113\" height=\"130\" srcset=\"https:\/\/www.radiopiu.net\/wordpress\/wp-content\/uploads\/2020\/02\/IMG_20200225_133034-261x300.jpg 261w, https:\/\/www.radiopiu.net\/wordpress\/wp-content\/uploads\/2020\/02\/IMG_20200225_133034-891x1024.jpg 891w, https:\/\/www.radiopiu.net\/wordpress\/wp-content\/uploads\/2020\/02\/IMG_20200225_133034-768x883.jpg 768w, https:\/\/www.radiopiu.net\/wordpress\/wp-content\/uploads\/2020\/02\/IMG_20200225_133034-1336x1536.jpg 1336w, https:\/\/www.radiopiu.net\/wordpress\/wp-content\/uploads\/2020\/02\/IMG_20200225_133034-1781x2048.jpg 1781w\" sizes=\"auto, (max-width: 113px) 100vw, 113px\" \/><\/a><strong>BELLUNO<\/strong> <span style=\"font-family: Arial, sans-serif;\">I finanzieri del Comando Provinciale di Belluno, nell\u2019ambito degli interventi finalizzati a prevenire la commercializzazione di prodotti potenzialmente nocivi o pericolosi per la salute posti in consumo in occasione del Carnevale, hanno sequestrato circa <\/span><span style=\"font-family: Arial, sans-serif;\"><b>650 articoli<\/b><\/span><span style=\"font-family: Arial, sans-serif;\">, perlopi\u00f9 prodotti nella Repubblica Popolare Cinese e destinati alla libera vendita, <\/span><span style=\"font-family: Arial, sans-serif;\"><b>carenti dei <a class=\"dt-pswp-item\" href=\"https:\/\/www.radiopiu.net\/wordpress\/wp-content\/uploads\/2020\/02\/IMG_20200225_133510-scaled.jpg\" data-dt-img-description=\"\" data-large_image_width=\"2294\" data-large_image_height=\"2560\"><img loading=\"lazy\" decoding=\"async\" class=\" wp-image-119222 alignright\" src=\"https:\/\/www.radiopiu.net\/wordpress\/wp-content\/uploads\/2020\/02\/IMG_20200225_133510-269x300.jpg\" alt=\"\" width=\"169\" height=\"188\" srcset=\"https:\/\/www.radiopiu.net\/wordpress\/wp-content\/uploads\/2020\/02\/IMG_20200225_133510-269x300.jpg 269w, https:\/\/www.radiopiu.net\/wordpress\/wp-content\/uploads\/2020\/02\/IMG_20200225_133510-918x1024.jpg 918w, https:\/\/www.radiopiu.net\/wordpress\/wp-content\/uploads\/2020\/02\/IMG_20200225_133510-768x857.jpg 768w, https:\/\/www.radiopiu.net\/wordpress\/wp-content\/uploads\/2020\/02\/IMG_20200225_133510-1376x1536.jpg 1376w, https:\/\/www.radiopiu.net\/wordpress\/wp-content\/uploads\/2020\/02\/IMG_20200225_133510-1835x2048.jpg 1835w\" sizes=\"auto, (max-width: 169px) 100vw, 169px\" \/><\/a>contenuti informativi e\/o privi della marcatura CE<\/b><\/span><span style=\"font-family: Arial, sans-serif;\">.\u00a0 S<\/span><span style=\"font-family: Arial, sans-serif;\">ono stati posti sotto vincolo amministrativo: 480 giocattoli, 81 accessori per l\u2019abbigliamento<\/span><span style=\"font-family: Arial, sans-serif;\"><b>,<\/b><\/span><span style=\"font-family: Arial, sans-serif;\"> 48 pezzi di minuteria\/bigiotteria e 42 borse, esposti in vendita in violazione delle prescrizioni di sicurezza e trasparenza a tutela del consumatore. <\/span><span style=\"font-family: Arial, sans-serif;\">L\u2019operazione, che si \u00e8 sviluppata sull\u2019intero territorio della provincia ed ha coinvolto tutti i reparti del Corpo dipendenti dal Comando Provinciale di Belluno, era finalizzata a contrastare l\u2019illecita commercializzazione di prodotti pericolosi e\/o insicuri in coincidenza con le festivit\u00e0 di Carnevale. <\/span><span style=\"font-family: Arial, sans-serif;\">Le merci sequestrate sono state inventariate e messe a disposizione della Camera di Commercio\u00a0 di Treviso\/Belluno, che proceder\u00e0 ad applicare le previste sanzioni. Al riguardo, proprio nei giorni scorsi \u00e8 pervenuta la comunicazione del pagamento della sanzione erogata nei confronti del soggetto cui nel mese di dicembre 2019, nell\u2019ambito di analogo servizio in occasione delle festivit\u00e0 natalizie, erano stati posti sotto vincolo 2.500 articoli carenti dei contenuti informativi e\/o privi della marcatura CE.<\/span><\/p>\n<p>&nbsp;<\/p>\n<p>&nbsp;<\/p>\n<p>&nbsp;<\/p>\n<hr \/>\n<p>&nbsp;<\/p>\n<p>&nbsp;<\/p>\n<blockquote>\n<h3>SALVO LO SPORTELLO DELL&#8217;AGENZIA DELLE ENTRATE IN CADORE, PAROLA DEL MINISTRO D&#8217;INCA&#8217;<\/h3>\n<\/blockquote>\n<p><img loading=\"lazy\" decoding=\"async\" class=\"alignleft\" src=\"https:\/\/www.radiopiu.net\/wordpress\/wp-content\/uploads\/2019\/09\/agenziaentrate1-1-645452.jpg\" width=\"278\" height=\"185\" \/><strong>ROMA<\/strong> <em>\u201cLo sportello dell\u2019Agenzia delle Entrate di Pieve di Cadore non chiuder\u00e0. Un risultato per il territorio, per i cittadini e per i diversi comuni interessati: \u00e8 questa una delle risposte importanti contro lo spopolamento che dimostra attenzione concreta nelle aree interne del bellunese\u201d<\/em>. Lo afferma Federico D\u2019Inc\u00e0, Ministro per i Rapporti con il Parlamento, commentando il mantenimento dello sportello dell\u2019Agenzia delle Entrate nel comune bellunese che avrebbe rischiato la chiusura il prossimo 1 aprile<em>. \u201cIn queste ore \u2013 prosegue D\u2019Inc\u00e0 \u2013 \u00e8 stata comunicata ufficialmente la decisione dell&#8217;agenzia a cui era stata illustrata la problematica. La questione che abbiamo riportato al ministero competente mi era stata segnalata dal Comune di Pieve di Cadore. La vicenda \u00e8 stata anche seguita da molti sindaci del territorio e ora, finalmente, si \u00e8 giunti alla soluzione positiva\u201d. <\/em>La risposta dall&#8217;Agenzia \u00e8 giunta in queste ore: <em>\u201cLe problematiche esposte sono state valutate in rapporto alle difficolt\u00e0 del territorio e gli uffici competenti hanno rivalutato la decisione che era stata presa, ovvero la chiusura prevista per il 1 aprile, mantenendo cos\u00ec il servizio per almeno un giorno a settimana. In questo modo si garantiranno i servizi necessari alla popolazione \u2013 osserva il ministro D\u2019Inc\u00e0\u201d.<\/em><\/p>\n<p>&nbsp;<\/p>\n<p>&nbsp;<\/p>\n<hr \/>\n<p>&nbsp;<\/p>\n<p>&nbsp;<\/p>\n<blockquote>\n<h3>AUTONOMIA, DE MENECH, ASPETTO FUNZIONALE E&#8217; IMPORTANTE QUANTO QUELLO ECONOMICO E FISCALE<\/h3>\n<\/blockquote>\n<p><strong>Rivedere rapporti tra enti locali e Stato<\/strong><\/p>\n<p><strong><em>De Menech: \u00abNecessaria riforma organica per avvicinare servizi ai cittadini. Aspetti funzionali sono importanti quanto quelli economici\u00bb<\/em><\/strong><\/p>\n<p><strong>IL VIDEO DELL&#8217;INTERVENTO<\/strong><\/p>\n<p><iframe loading=\"lazy\" title=\"Comm. Federalismo _ intervento De Menech\" width=\"1200\" height=\"675\" src=\"https:\/\/www.youtube.com\/embed\/pplRxAjQJAg?feature=oembed\" frameborder=\"0\" allow=\"accelerometer; autoplay; encrypted-media; gyroscope; picture-in-picture\" allowfullscreen><\/iframe><\/p>\n<p>&nbsp;<\/p>\n<p>&nbsp;<\/p>\n<hr \/>\n<h3><\/h3>\n<blockquote>\n<h3 style=\"text-align: left;\">ILLUMINAZIONE ANCHE AL CAMPO DA CALCIO SINTETICO, LA CML DI SIENA PRONTA AD APRIRE IL CANTIERE<\/h3>\n<\/blockquote>\n<p><strong><a class=\"dt-pswp-item\" href=\"https:\/\/www.radiopiu.net\/wordpress\/wp-content\/uploads\/2020\/02\/AGORDINA-GIOVANILE-1.jpeg\" data-dt-img-description=\"\" data-large_image_width=\"300\" data-large_image_height=\"146\"><img loading=\"lazy\" decoding=\"async\" class=\"size-full wp-image-119139 alignleft\" src=\"https:\/\/www.radiopiu.net\/wordpress\/wp-content\/uploads\/2020\/02\/AGORDINA-GIOVANILE-1.jpeg\" alt=\"\" width=\"300\" height=\"146\" \/><\/a><\/strong><\/p>\n<p>&nbsp;<\/p>\n<p>&nbsp;<\/p>\n<p>&nbsp;<\/p>\n<p>&nbsp;<\/p>\n<p><strong>TAIBON<\/strong><\/p>\n<p><strong>AI MICROFONI DI RADIO PIU&#8217; L&#8217;ASSESSORE E VICESINDACO FERNANDO SOCCOL.<\/strong><\/p>\n<audio class=\"wp-audio-shortcode\" id=\"audio-119215-1\" preload=\"none\" style=\"width: 100%;\" controls=\"controls\"><source type=\"audio\/mpeg\" src=\"https:\/\/www.radiopiu.net\/wordpress\/wp-content\/uploads\/2020\/02\/NANDO.mp3?_=1\" \/><a href=\"https:\/\/www.radiopiu.net\/wordpress\/wp-content\/uploads\/2020\/02\/NANDO.mp3\">https:\/\/www.radiopiu.net\/wordpress\/wp-content\/uploads\/2020\/02\/NANDO.mp3<\/a><\/audio>\n<p>&nbsp;<\/p>\n<p>&nbsp;<\/p>\n<hr \/>\n<p>&nbsp;<\/p>\n<p>&nbsp;<\/p>\n<blockquote>\n<h3>FONDO WELFARE, PROROGATI I TERMINI PER IL CONCORSO SUL NUOVO LOGO<\/h3>\n<\/blockquote>\n<p><strong>dalla rassegna stampa delle otto la Presidente Francesca De Biasi<\/strong><\/p>\n<audio class=\"wp-audio-shortcode\" id=\"audio-119215-2\" preload=\"none\" style=\"width: 100%;\" controls=\"controls\"><source type=\"audio\/mpeg\" src=\"https:\/\/www.radiopiu.net\/wordpress\/wp-content\/uploads\/2020\/02\/francesca.mp3?_=2\" \/><a href=\"https:\/\/www.radiopiu.net\/wordpress\/wp-content\/uploads\/2020\/02\/francesca.mp3\">https:\/\/www.radiopiu.net\/wordpress\/wp-content\/uploads\/2020\/02\/francesca.mp3<\/a><\/audio>\n<p>&nbsp;<\/p>\n<p><strong><a class=\"dt-pswp-item\" href=\"https:\/\/www.radiopiu.net\/wordpress\/wp-content\/uploads\/2019\/06\/Francesca-De-Biasi.jpg\" data-dt-img-description=\"\" data-large_image_width=\"3456\" data-large_image_height=\"5184\"><img loading=\"lazy\" decoding=\"async\" class=\" wp-image-88925 alignright\" src=\"https:\/\/www.radiopiu.net\/wordpress\/wp-content\/uploads\/2019\/06\/Francesca-De-Biasi-200x300.jpg\" alt=\"\" width=\"145\" height=\"218\" srcset=\"https:\/\/www.radiopiu.net\/wordpress\/wp-content\/uploads\/2019\/06\/Francesca-De-Biasi-200x300.jpg 200w, https:\/\/www.radiopiu.net\/wordpress\/wp-content\/uploads\/2019\/06\/Francesca-De-Biasi-768x1152.jpg 768w, https:\/\/www.radiopiu.net\/wordpress\/wp-content\/uploads\/2019\/06\/Francesca-De-Biasi-683x1024.jpg 683w\" sizes=\"auto, (max-width: 145px) 100vw, 145px\" \/><\/a>BELLUNO<\/strong> Il nuovo logo del Fondo Welfare e Identit\u00e0 Territoriale si attiene alle misure straordinarie per il contenimento del coronavirus: la scadenza per la presentazione degli elaborati slitta al 9 marzo. Lo fa sapere la presidente del Fondo, che ha disposto una proroga nella scadenza del bando riservato alle scuole.<br \/>\n\u00abIl concorso di idee per la realizzazione del logo del Fondo viene prorogata a luned\u00ec 9 marzo, alle ore 12 &#8211; fa sapere la presidente Francesca De Biasi\u00a0 -. In questi giorni, infatti, le scuole rimarranno chiuse, come disposto dall\u2019ordinanza Zaia-Speranza, per cui gli studenti non hanno la possibilit\u00e0 di inviare nei termini gli elaborati richiesti dal bando. Ricordo che il concorso \u00e8 rivolto ai ragazzi che frequentano gli ultimi tre anni delle scuole superiori bellunesi. Il logo deve fare riferimento a concetti come cittadinanza attiva, solidariet\u00e0, attaccamento al territorio. Sono possibili lavori svolti da gruppi minimi di tre persone, fino a un massimo rappresentato dall\u2019intera classe. Il logo vincitore ricever\u00e0 un premio di 1.200 euro, di cui 600 per il gruppo e 600 per la scuola di appartenenza\u00bb.<\/p>\n<p>&nbsp;<\/p>\n<p>&nbsp;<\/p>\n<p>&nbsp;<\/p>\n<p>&nbsp;<\/p>\n<hr \/>\n<p>&nbsp;<\/p>\n<blockquote>\n<h3>RADIO PIU&#8217; RICORDA CORRADO BEN, LUKI SPORT<\/h3>\n<\/blockquote>\n<p><strong>dal Corriere delle Alpi, Gianni Santomaso<\/strong><\/p>\n<audio class=\"wp-audio-shortcode\" id=\"audio-119215-3\" preload=\"none\" style=\"width: 100%;\" controls=\"controls\"><source type=\"audio\/mpeg\" src=\"https:\/\/www.radiopiu.net\/wordpress\/wp-content\/uploads\/2020\/02\/luky.mp3?_=3\" \/><a href=\"https:\/\/www.radiopiu.net\/wordpress\/wp-content\/uploads\/2020\/02\/luky.mp3\">https:\/\/www.radiopiu.net\/wordpress\/wp-content\/uploads\/2020\/02\/luky.mp3<\/a><\/audio>\n<p>&nbsp;<\/p>\n<p>&nbsp;<\/p>\n<p><strong><a class=\"dt-pswp-item\" href=\"https:\/\/www.radiopiu.net\/wordpress\/wp-content\/uploads\/2020\/02\/8c925585-55f7-4fb5-ae83-5eed35904a87.jpg\" data-dt-img-description=\"\" data-large_image_width=\"1440\" data-large_image_height=\"720\"><img loading=\"lazy\" decoding=\"async\" class=\"wp-image-119213 alignleft\" src=\"https:\/\/www.radiopiu.net\/wordpress\/wp-content\/uploads\/2020\/02\/8c925585-55f7-4fb5-ae83-5eed35904a87-300x150.jpg\" alt=\"\" width=\"202\" height=\"101\" srcset=\"https:\/\/www.radiopiu.net\/wordpress\/wp-content\/uploads\/2020\/02\/8c925585-55f7-4fb5-ae83-5eed35904a87-300x150.jpg 300w, https:\/\/www.radiopiu.net\/wordpress\/wp-content\/uploads\/2020\/02\/8c925585-55f7-4fb5-ae83-5eed35904a87-1024x512.jpg 1024w, https:\/\/www.radiopiu.net\/wordpress\/wp-content\/uploads\/2020\/02\/8c925585-55f7-4fb5-ae83-5eed35904a87-768x384.jpg 768w, https:\/\/www.radiopiu.net\/wordpress\/wp-content\/uploads\/2020\/02\/8c925585-55f7-4fb5-ae83-5eed35904a87.jpg 1440w\" sizes=\"auto, (max-width: 202px) 100vw, 202px\" \/><\/a>TAIBON<\/strong> Dagli archivi di Radio Pi\u00f9 la storica intervista con Corrado &#8220;Luki&#8221; Ben e Gianni &#8220;Kili&#8221; Tormen, realizzata nel marzo 2010 negli studi di RADIO PIU&#8217; nell&#8217;ambito della trasmissione Campo Base con Claudio Fontanive, Michele Costantini e Giorgio &#8220;Pante&#8221; Farenzena.<\/p>\n<p>&nbsp;<\/p>\n<p>PARTE UNO<\/p>\n<audio class=\"wp-audio-shortcode\" id=\"audio-119215-4\" preload=\"none\" style=\"width: 100%;\" controls=\"controls\"><source type=\"audio\/mpeg\" src=\"https:\/\/www.radiopiu.net\/wordpress\/wp-content\/uploads\/2020\/02\/lucky1.mp3?_=4\" \/><a href=\"https:\/\/www.radiopiu.net\/wordpress\/wp-content\/uploads\/2020\/02\/lucky1.mp3\">https:\/\/www.radiopiu.net\/wordpress\/wp-content\/uploads\/2020\/02\/lucky1.mp3<\/a><\/audio>\n<p>&nbsp;<\/p>\n<p>PARTE DUE<\/p>\n<audio class=\"wp-audio-shortcode\" id=\"audio-119215-5\" preload=\"none\" style=\"width: 100%;\" controls=\"controls\"><source type=\"audio\/mpeg\" src=\"https:\/\/www.radiopiu.net\/wordpress\/wp-content\/uploads\/2020\/02\/luxky2.mp3?_=5\" \/><a href=\"https:\/\/www.radiopiu.net\/wordpress\/wp-content\/uploads\/2020\/02\/luxky2.mp3\">https:\/\/www.radiopiu.net\/wordpress\/wp-content\/uploads\/2020\/02\/luxky2.mp3<\/a><\/audio>\n<p>&nbsp;<\/p>\n<p>PARTE TRE<\/p>\n<audio class=\"wp-audio-shortcode\" id=\"audio-119215-6\" preload=\"none\" style=\"width: 100%;\" controls=\"controls\"><source type=\"audio\/mpeg\" src=\"https:\/\/www.radiopiu.net\/wordpress\/wp-content\/uploads\/2020\/02\/lucky4.mp3?_=6\" \/><a href=\"https:\/\/www.radiopiu.net\/wordpress\/wp-content\/uploads\/2020\/02\/lucky4.mp3\">https:\/\/www.radiopiu.net\/wordpress\/wp-content\/uploads\/2020\/02\/lucky4.mp3<\/a><\/audio>\n<p>&nbsp;<\/p>\n<p>PARTE QUATTRO<\/p>\n<audio class=\"wp-audio-shortcode\" id=\"audio-119215-7\" preload=\"none\" style=\"width: 100%;\" controls=\"controls\"><source type=\"audio\/mpeg\" src=\"https:\/\/www.radiopiu.net\/wordpress\/wp-content\/uploads\/2020\/02\/lucky5.mp3?_=7\" \/><a href=\"https:\/\/www.radiopiu.net\/wordpress\/wp-content\/uploads\/2020\/02\/lucky5.mp3\">https:\/\/www.radiopiu.net\/wordpress\/wp-content\/uploads\/2020\/02\/lucky5.mp3<\/a><\/audio>\n<p>&nbsp;<\/p>\n<p>&nbsp;<\/p>\n<hr \/>\n<p>&nbsp;<\/p>\n<p>&nbsp;<\/p>\n<blockquote>\n<h3>Prorogato il servizio di elisoccorso sanitario della Centrale Operativa 118 per il primo semestre 2020.<\/h3>\n<\/blockquote>\n<p><strong><a class=\"dt-pswp-item\" href=\"https:\/\/www.radiopiu.net\/wordpress\/wp-content\/uploads\/2019\/12\/PELIKAN-112.jpg\" data-dt-img-description=\"\" data-large_image_width=\"960\" data-large_image_height=\"720\"><img loading=\"lazy\" decoding=\"async\" class=\"wp-image-109282 alignleft\" src=\"https:\/\/www.radiopiu.net\/wordpress\/wp-content\/uploads\/2019\/12\/PELIKAN-112-300x225.jpg\" alt=\"\" width=\"165\" height=\"124\" srcset=\"https:\/\/www.radiopiu.net\/wordpress\/wp-content\/uploads\/2019\/12\/PELIKAN-112-300x225.jpg 300w, https:\/\/www.radiopiu.net\/wordpress\/wp-content\/uploads\/2019\/12\/PELIKAN-112-768x576.jpg 768w, https:\/\/www.radiopiu.net\/wordpress\/wp-content\/uploads\/2019\/12\/PELIKAN-112.jpg 960w\" sizes=\"auto, (max-width: 165px) 100vw, 165px\" \/><\/a>BELLUNO<\/strong> \u00a0Disposta la proroga del servizio di elisoccorso sanitario per la Regione Veneto, presso le basi operative di Pieve di Cadore (BL) Treviso, Padova e Verona, nelle more dell\u2019affidamento della nuova gara regionale, alla ditta BABCOCK\u00a0 di Milano, fino al 30 giugno alle attuali condizioni economiche.\u00a0 Nel provvedimento aziendale \u00e8 stato specificato che qualora venisse aggiudicata la gara e fosse possibile sottoscrivere il contratto, l\u2019ULSS 1 si riserva la facolt\u00e0 di recedere da quello in essere. La spesa derivante dalla prosecuzione del contratto \u00e8 pari a 2 milioni di euro.<\/p>\n<p>&nbsp;<\/p>\n<p>&nbsp;<\/p>\n<p>&nbsp;<\/p>\n<hr \/>\n<p>&nbsp;<\/p>\n<blockquote>\n<h3>FLESSIBILITA\u2019 ANCHE PER LO STABILIMENTO LUXOTTICA A SEDICO<\/h3>\n<\/blockquote>\n<p class=\"p1\"><span class=\"s1\"><strong><a class=\"dt-pswp-item\" href=\"https:\/\/www.radiopiu.net\/wordpress\/wp-content\/uploads\/2020\/02\/download-17.jpg\" data-dt-img-description=\"\" data-large_image_width=\"225\" data-large_image_height=\"225\"><img loading=\"lazy\" decoding=\"async\" class=\" wp-image-119217 alignleft\" src=\"https:\/\/www.radiopiu.net\/wordpress\/wp-content\/uploads\/2020\/02\/download-17.jpg\" alt=\"\" width=\"123\" height=\"123\" srcset=\"https:\/\/www.radiopiu.net\/wordpress\/wp-content\/uploads\/2020\/02\/download-17.jpg 225w, https:\/\/www.radiopiu.net\/wordpress\/wp-content\/uploads\/2020\/02\/download-17-150x150.jpg 150w\" sizes=\"auto, (max-width: 123px) 100vw, 123px\" \/><\/a>SEDICO<\/strong> Non solo nello stabilimento di Agordo, ma anche in quello di Sedico si lavoreranno 2 sabati di marzo. Luxottica ha incontrato le RSU per stabilire le date di flessibilit\u00e0 nel prossimo mese. Il 7 e il 21 marzo le maestranze saranno chiamate a lavorare. Il 7 marzo saranno chiamati in azienda solo coloro che lavorano nei reparti area grezzo e finitura, mentre il 21 sar\u00e0 il turno di tutto lo stabilimento di Sedico.<\/span><\/p>\n<blockquote>\n<p class=\"p1\"><span class=\"s1\"> Si lavora solo al mattino con orari 6-12 per i turnisti e 7-13 per i giornalieri. Come per lo stabilimento di Agordo, anche in questo caso saranno messi a disposizione i mezzi di trasporto pubblico per tutti coloro che ne fanno uso abitualmente.<\/span><\/p>\n<h3>DAL GIORNALE RADIOPIU DI IERI<\/h3>\n<\/blockquote>\n<blockquote class=\"wp-embedded-content\" data-secret=\"wXXYYicNsV\"><p><a href=\"https:\/\/www.radiopiu.net\/wordpress\/al-via-la-flessibilita-nello-stabilimento-luxottica-di-agordo\/\">AL VIA LA FLESSIBILITA\u2019 NELLO STABILIMENTO LUXOTTICA DI AGORDO<\/a><\/p><\/blockquote>\n<p><iframe loading=\"lazy\" title=\"&#8220;AL VIA LA FLESSIBILITA\u2019 NELLO STABILIMENTO LUXOTTICA DI AGORDO&#8221; &#8212; Radio Pi\u00f9\" class=\"wp-embedded-content\" sandbox=\"allow-scripts\" security=\"restricted\" style=\"position: absolute; clip: rect(1px, 1px, 1px, 1px);\" src=\"https:\/\/www.radiopiu.net\/wordpress\/al-via-la-flessibilita-nello-stabilimento-luxottica-di-agordo\/embed\/#?secret=wXXYYicNsV\" data-secret=\"wXXYYicNsV\" width=\"600\" height=\"338\" frameborder=\"0\" marginwidth=\"0\" marginheight=\"0\" scrolling=\"no\"><\/iframe><\/p>\n<p>&nbsp;<\/p>\n<blockquote>\n<h2><span style=\"color: #ff0000;\">IERI ALLA RADIO CISL LA VOCE DEI LAVORATORI<\/span><\/h2>\n<p>con Paolo Chissale&#8217;<\/p><\/blockquote>\n<audio class=\"wp-audio-shortcode\" id=\"audio-119215-8\" preload=\"none\" style=\"width: 100%;\" controls=\"controls\"><source type=\"audio\/mpeg\" src=\"https:\/\/www.radiopiu.net\/wordpress\/wp-content\/uploads\/2020\/02\/CISL-1.mp3?_=8\" \/><a href=\"https:\/\/www.radiopiu.net\/wordpress\/wp-content\/uploads\/2020\/02\/CISL-1.mp3\">https:\/\/www.radiopiu.net\/wordpress\/wp-content\/uploads\/2020\/02\/CISL-1.mp3<\/a><\/audio>\n<p>&nbsp;<\/p>\n<p>&nbsp;<\/p>\n<hr \/>\n<h3 align=\"CENTER\"><\/h3>\n<p>&nbsp;<\/p>\n<blockquote>\n<h3>SILVIA CESTARO\u00a0 ALLE PRESE CON PROBLEMI DI PERSONALE<\/h3>\n<\/blockquote>\n<p><strong><a class=\"dt-pswp-item\" href=\"https:\/\/www.radiopiu.net\/wordpress\/wp-content\/uploads\/2019\/07\/silvia-cestaro.jpg\" data-dt-img-description=\"\" data-large_image_width=\"558\" data-large_image_height=\"417\"><img loading=\"lazy\" decoding=\"async\" class=\"wp-image-92631 alignleft\" src=\"https:\/\/www.radiopiu.net\/wordpress\/wp-content\/uploads\/2019\/07\/silvia-cestaro-300x224.jpg\" alt=\"\" width=\"188\" height=\"140\" srcset=\"https:\/\/www.radiopiu.net\/wordpress\/wp-content\/uploads\/2019\/07\/silvia-cestaro-300x224.jpg 300w, https:\/\/www.radiopiu.net\/wordpress\/wp-content\/uploads\/2019\/07\/silvia-cestaro.jpg 558w\" sizes=\"auto, (max-width: 188px) 100vw, 188px\" \/><\/a><\/strong><\/p>\n<p>&nbsp;<\/p>\n<p>&nbsp;<\/p>\n<p>&nbsp;<\/p>\n<p><strong>SELVA DI CADORE\u00a0<\/strong><\/p>\n<p><strong>di GIANNI SANTOMASO\u00a0<\/strong><\/p>\n<p>&nbsp;<\/p>\n<audio class=\"wp-audio-shortcode\" id=\"audio-119215-9\" preload=\"none\" style=\"width: 100%;\" controls=\"controls\"><source type=\"audio\/mpeg\" src=\"https:\/\/www.radiopiu.net\/wordpress\/wp-content\/uploads\/2020\/02\/PROBLEMI-DI-PERSONALE-A-SELVA-GIANNI.mp3?_=9\" \/><a href=\"https:\/\/www.radiopiu.net\/wordpress\/wp-content\/uploads\/2020\/02\/PROBLEMI-DI-PERSONALE-A-SELVA-GIANNI.mp3\">https:\/\/www.radiopiu.net\/wordpress\/wp-content\/uploads\/2020\/02\/PROBLEMI-DI-PERSONALE-A-SELVA-GIANNI.mp3<\/a><\/audio>\n<p>&nbsp;<\/p>\n<p>&nbsp;<\/p>\n<p>&nbsp;<\/p>\n<hr \/>\n<p>&nbsp;<\/p>\n<p>&nbsp;<\/p>\n<blockquote>\n<h3>DAL 9 MARZO VIA AI LAVORI IN PIAZZA AD AGORDO, MERCATO REGOLARE CON SPOSTAMENTO DEI BANCHI<\/h3>\n<\/blockquote>\n<p><strong><a class=\"dt-pswp-item\" href=\"https:\/\/www.radiopiu.net\/wordpress\/wp-content\/uploads\/2020\/02\/AGORDO-3-agosto-1.jpg\" data-dt-img-description=\"\" data-large_image_width=\"500\" data-large_image_height=\"333\"><img loading=\"lazy\" decoding=\"async\" class=\"size-medium wp-image-119321 alignleft\" src=\"https:\/\/www.radiopiu.net\/wordpress\/wp-content\/uploads\/2020\/02\/AGORDO-3-agosto-1-300x200.jpg\" alt=\"\" width=\"300\" height=\"200\" srcset=\"https:\/\/www.radiopiu.net\/wordpress\/wp-content\/uploads\/2020\/02\/AGORDO-3-agosto-1-300x200.jpg 300w, https:\/\/www.radiopiu.net\/wordpress\/wp-content\/uploads\/2020\/02\/AGORDO-3-agosto-1.jpg 500w\" sizes=\"auto, (max-width: 300px) 100vw, 300px\" \/><\/a><\/strong><\/p>\n<p>&nbsp;<\/p>\n<p><strong>AGORDO\u00a0<\/strong> Dal 9 marzo via ai lavori in Piazza della Libert\u00e0, prima a nord e poi a sud. Il mercato del mercoledi si svolger\u00e0 regolarmente ma ovviamente alcune attivit\u00e0 dovranno spostarsi. La novit\u00e0 per due mercoledi consecutivi (salvo ritardi legati al maltempo) alcune bancarelle si sposteranno dalla piazza (difronte al Gelato e Agordo Foto) a viale Sommariva. Un disagio minimo ben digerito dagli ambulanti che ne hanno parlato con l&#8217;assessore Claudio SIto in un incontro tenutosi in Municipio.<\/p>\n<p>&nbsp;<\/p>\n<p>&nbsp;<\/p>\n<p>&nbsp;<\/p>\n<blockquote class=\"wp-embedded-content\" data-secret=\"oyaRgKOTJ3\"><p><a href=\"https:\/\/www.radiopiu.net\/wordpress\/dal-9-marzo-ad-agordo-cambia-la-viabilita-per-lavori\/\">DAL 9 MARZO AD AGORDO CAMBIA LA VIABILITA&#8217; PER LAVORI,<\/a><\/p><\/blockquote>\n<p><iframe loading=\"lazy\" title=\"&#8220;DAL 9 MARZO AD AGORDO CAMBIA LA VIABILITA&#8217; PER LAVORI,&#8221; &#8212; Radio Pi\u00f9\" class=\"wp-embedded-content\" sandbox=\"allow-scripts\" security=\"restricted\" style=\"position: absolute; clip: rect(1px, 1px, 1px, 1px);\" src=\"https:\/\/www.radiopiu.net\/wordpress\/dal-9-marzo-ad-agordo-cambia-la-viabilita-per-lavori\/embed\/#?secret=oyaRgKOTJ3\" data-secret=\"oyaRgKOTJ3\" width=\"600\" height=\"338\" frameborder=\"0\" marginwidth=\"0\" marginheight=\"0\" scrolling=\"no\"><\/iframe><\/p>\n<p>&nbsp;<\/p>\n<p>&nbsp;<\/p>\n<p>&nbsp;<\/p>\n<hr \/>\n<blockquote>\n<h3><\/h3>\n<h3>TRA UN ANNO IL CANTIERE PER LA NUOVA CITTADELLA SCOLASTICA DI MEL<\/h3>\n<\/blockquote>\n<p><strong><a class=\"dt-pswp-item\" href=\"https:\/\/www.radiopiu.net\/wordpress\/wp-content\/uploads\/2020\/02\/mel.jpg\" data-dt-img-description=\"\" data-large_image_width=\"2422\" data-large_image_height=\"1439\"><img loading=\"lazy\" decoding=\"async\" class=\"size-medium wp-image-119317 alignleft\" src=\"https:\/\/www.radiopiu.net\/wordpress\/wp-content\/uploads\/2020\/02\/mel-300x178.jpg\" alt=\"\" width=\"300\" height=\"178\" srcset=\"https:\/\/www.radiopiu.net\/wordpress\/wp-content\/uploads\/2020\/02\/mel-300x178.jpg 300w, https:\/\/www.radiopiu.net\/wordpress\/wp-content\/uploads\/2020\/02\/mel-1024x608.jpg 1024w, https:\/\/www.radiopiu.net\/wordpress\/wp-content\/uploads\/2020\/02\/mel-768x456.jpg 768w, https:\/\/www.radiopiu.net\/wordpress\/wp-content\/uploads\/2020\/02\/mel-1536x913.jpg 1536w, https:\/\/www.radiopiu.net\/wordpress\/wp-content\/uploads\/2020\/02\/mel-2048x1217.jpg 2048w\" sizes=\"auto, (max-width: 300px) 100vw, 300px\" \/><\/a><\/strong><\/p>\n<p>&nbsp;<\/p>\n<p>&nbsp;<\/p>\n<p>&nbsp;<\/p>\n<p><strong>BORGO VALBELLUNA<\/strong><\/p>\n<p><strong>DAMIANO TORMEN\u00a0<\/strong><\/p>\n<audio class=\"wp-audio-shortcode\" id=\"audio-119215-10\" preload=\"none\" style=\"width: 100%;\" controls=\"controls\"><source type=\"audio\/mpeg\" src=\"https:\/\/www.radiopiu.net\/wordpress\/wp-content\/uploads\/2020\/02\/damino-mel.mp3?_=10\" \/><a href=\"https:\/\/www.radiopiu.net\/wordpress\/wp-content\/uploads\/2020\/02\/damino-mel.mp3\">https:\/\/www.radiopiu.net\/wordpress\/wp-content\/uploads\/2020\/02\/damino-mel.mp3<\/a><\/audio>\n<blockquote>\n<h3 align=\"CENTER\"><\/h3>\n<h3 align=\"CENTER\"><\/h3>\n<hr \/>\n<h3 align=\"CENTER\"><\/h3>\n<h3 style=\"text-align: left;\" align=\"CENTER\"><span style=\"font-size: large;\"><b>Pastorelli a capo del dipartimento Centro di riferimento regionale per la chirurgia oncologica gastroenterologica<\/b><\/span><\/h3>\n<\/blockquote>\n<p><strong><a class=\"dt-pswp-item\" href=\"https:\/\/www.radiopiu.net\/wordpress\/wp-content\/uploads\/2020\/02\/pastorelli-scaled.jpg\" data-dt-img-description=\"\" data-large_image_width=\"2560\" data-large_image_height=\"1920\"><img loading=\"lazy\" decoding=\"async\" class=\" wp-image-119229 alignleft\" src=\"https:\/\/www.radiopiu.net\/wordpress\/wp-content\/uploads\/2020\/02\/pastorelli-300x225.jpg\" alt=\"\" width=\"196\" height=\"147\" srcset=\"https:\/\/www.radiopiu.net\/wordpress\/wp-content\/uploads\/2020\/02\/pastorelli-300x225.jpg 300w, https:\/\/www.radiopiu.net\/wordpress\/wp-content\/uploads\/2020\/02\/pastorelli-1024x768.jpg 1024w, https:\/\/www.radiopiu.net\/wordpress\/wp-content\/uploads\/2020\/02\/pastorelli-768x576.jpg 768w, https:\/\/www.radiopiu.net\/wordpress\/wp-content\/uploads\/2020\/02\/pastorelli-1536x1152.jpg 1536w, https:\/\/www.radiopiu.net\/wordpress\/wp-content\/uploads\/2020\/02\/pastorelli-2048x1536.jpg 2048w\" sizes=\"auto, (max-width: 196px) 100vw, 196px\" \/><\/a>FELTRE<\/strong> Davide Pastorelli, direttore della oncologia di Feltre, \u00e8 stato nominato coordinatore del Dipartimento funzionale Centro di riferimento regionale per la chirurgia oncologica gastroenterologia dell\u2019Ulss Dolomiti. Raccoglie il testimone del dottor Michele De Boni, recentemente scomparso. Sono state avviate tempestivamente le procedure per la nuova nomina, conferita oggi dal Direttore Generale, sentito il Comitato di Dipartimento nelle scorse settimane, per dare continuit\u00e0 agli ambiziosi progetti intrapresi dal dott. De Boni. La prima sfida per il nuovo coordinatore \u00e8 quella di far dialogare le strutture afferenti al dipartimento, coinvolgerle nella progettualit\u00e0 aziendali, promuovere attivit\u00e0 di ricerca a livello provinciale e soprattutto realizzare la condivisione delle strategie terapeutiche per i pazienti affetti da neoplasie del tratto gastroenterico in sostanza, l\u2019applicazione dei PDTA deliberati dalla Regione del Veneto.<\/p>\n<blockquote><p><em>\u00abAuguro buon lavoro al dottor Pastorelli, che ha il compito di proseguire nel solco tracciato dal dottor De Boni e realizzare i progetti per il potenziamento del Centro di riferimento regionale \u00bb, conclude il direttore generale Adriano Rasi Caldogno.<\/em><\/p><\/blockquote>\n<p>&nbsp;<\/p>\n<hr \/>\n<p>&nbsp;<\/p>\n<p>&nbsp;<\/p>\n<blockquote>\n<h3>LUNEDI CONSIGLIO DELL&#8217;UNIONE MONTANA<\/h3>\n<\/blockquote>\n<p><strong><a class=\"dt-pswp-item\" href=\"https:\/\/www.radiopiu.net\/wordpress\/wp-content\/uploads\/2018\/12\/WhatsApp-Image-2018-12-05-at-04.50.34.jpeg\" data-dt-img-description=\"\" data-large_image_width=\"1599\" data-large_image_height=\"1200\"><img loading=\"lazy\" decoding=\"async\" class=\"wp-image-68346 alignleft\" src=\"https:\/\/www.radiopiu.net\/wordpress\/wp-content\/uploads\/2018\/12\/WhatsApp-Image-2018-12-05-at-04.50.34-300x225.jpeg\" alt=\"\" width=\"129\" height=\"97\" srcset=\"https:\/\/www.radiopiu.net\/wordpress\/wp-content\/uploads\/2018\/12\/WhatsApp-Image-2018-12-05-at-04.50.34-300x225.jpeg 300w, https:\/\/www.radiopiu.net\/wordpress\/wp-content\/uploads\/2018\/12\/WhatsApp-Image-2018-12-05-at-04.50.34-768x576.jpeg 768w, https:\/\/www.radiopiu.net\/wordpress\/wp-content\/uploads\/2018\/12\/WhatsApp-Image-2018-12-05-at-04.50.34-1024x768.jpeg 1024w, https:\/\/www.radiopiu.net\/wordpress\/wp-content\/uploads\/2018\/12\/WhatsApp-Image-2018-12-05-at-04.50.34.jpeg 1599w\" sizes=\"auto, (max-width: 129px) 100vw, 129px\" \/><\/a>AGORDO<\/strong> Lunedi alle 20 consiglio dell&#8217;Unione Montana in sala Don Tamis. All&#8217;ordine del giorno: approvazione convenzione con la Provincia per gli interventi di difesa idrogeologica; approvazione documento unico di programmazione; approvazione del bilancio di previsione;\u00a0 approvazione della convenzione per la centrale unica di commettenza e per le funzioni RUP; aggiornamento elenco strade silvo pastorali.<\/p>\n<p>&nbsp;<\/p>\n<p>&nbsp;<\/p>\n<p>&nbsp;<\/p>\n<hr \/>\n<h3>OGGI DIRETTIVO DEL PARCO, ALLO STUDIO IL PEDAGGIO PER L&#8217;ACCESSO AI CADINI DEL BRENTON<\/h3>\n<p><strong><a class=\"dt-pswp-item\" href=\"https:\/\/www.radiopiu.net\/wordpress\/wp-content\/uploads\/2018\/08\/logo-parco.png\" data-dt-img-description=\"\" data-large_image_width=\"253\" data-large_image_height=\"120\"><img loading=\"lazy\" decoding=\"async\" class=\" wp-image-59193 alignleft\" src=\"https:\/\/www.radiopiu.net\/wordpress\/wp-content\/uploads\/2018\/08\/logo-parco.png\" alt=\"\" width=\"217\" height=\"103\" \/><\/a>FELTRE<\/strong>\u00a0 Oggi alle 18 consiglio direttivo del Parco Nazionale delle Dolomiti nella sala consiliare dell&#8217;ente. Tra i punti all&#8217;ordine del giorno anche l&#8217;istituzione del biglietto d&#8217;ingresso per i cadini della Val Brenton in Valle del Mis;\u00a0 \u00a0l&#8217;approvazione dell&#8217;accordo con le sezione Cai di Belluno, Feltre, Longarone, Oderzo, Val Zoldo e Agordo per l&#8217;attuazione di interventi sulal sentieristica e bivacchi; Riqualificazione dell&#8217;edificio Ostello di Altanon e della Malga Casere.<\/p>\n<p>&nbsp;<\/p>\n<p>&nbsp;<\/p>\n<p>&nbsp;<\/p>\n<hr \/>\n<h3 align=\"CENTER\"><\/h3>\n<p>&nbsp;<\/p>\n<blockquote>\n<h3>Presentato il progetto esecutivo di allestimento della collezione di vetri artistici Nasci-Franzoia alla Galleria Rizzarda<\/h3>\n<\/blockquote>\n<p><strong><a class=\"dt-pswp-item\" href=\"https:\/\/www.radiopiu.net\/wordpress\/wp-content\/uploads\/2020\/02\/a8ce17cd-9ffe-4119-854c-53d6f5eb27ad.jpg\" data-dt-img-description=\"\" data-large_image_width=\"2000\" data-large_image_height=\"1500\"><img loading=\"lazy\" decoding=\"async\" class=\"size-medium wp-image-119286 alignleft\" src=\"https:\/\/www.radiopiu.net\/wordpress\/wp-content\/uploads\/2020\/02\/a8ce17cd-9ffe-4119-854c-53d6f5eb27ad-300x225.jpg\" alt=\"\" width=\"300\" height=\"225\" srcset=\"https:\/\/www.radiopiu.net\/wordpress\/wp-content\/uploads\/2020\/02\/a8ce17cd-9ffe-4119-854c-53d6f5eb27ad-300x225.jpg 300w, https:\/\/www.radiopiu.net\/wordpress\/wp-content\/uploads\/2020\/02\/a8ce17cd-9ffe-4119-854c-53d6f5eb27ad-1024x768.jpg 1024w, https:\/\/www.radiopiu.net\/wordpress\/wp-content\/uploads\/2020\/02\/a8ce17cd-9ffe-4119-854c-53d6f5eb27ad-768x576.jpg 768w, https:\/\/www.radiopiu.net\/wordpress\/wp-content\/uploads\/2020\/02\/a8ce17cd-9ffe-4119-854c-53d6f5eb27ad-1536x1152.jpg 1536w, https:\/\/www.radiopiu.net\/wordpress\/wp-content\/uploads\/2020\/02\/a8ce17cd-9ffe-4119-854c-53d6f5eb27ad.jpg 2000w\" sizes=\"auto, (max-width: 300px) 100vw, 300px\" \/><\/a>FELTRE<\/strong>\u00a0 Si tratta, come noto, di una importante collezione composta da 240 di tipologie di vetri, per un totale di 738 pezzi, con creazioni \u2013 tra gli altri \u2013 di Vittorio Zecchin, Giuseppe Barovier, Napoleone Martinuzzi, Balsamo Stella e Carlo Scarpa, donata alcuni mesi fa dall&#8217;architetto Ferruccio Franzoia al Comune di Feltre.<br \/>\nTale collezione costituisce un grande arricchimento dei contenuti artistici e del potenziamento della naturale vocazione quale museo delle arti decorative del &#8216;900 della Galleria Carlo Rizzarda, in grado di aumentarne la capacit\u00e0 attrattiva. Lo spazio destinato ad accogliere la collezione \u00e8 situato al terzo piano di Palazzo Cumano, sede della Galleria Moderna Carlo Rizzarda ed occupa l&#8217;intera superficie del piano, composto da tre ambienti comunicanti. L&#8217;importante intervento di allestimento della collezione avr\u00e0 un costo complessivo di 250 mila euro, finanziati dal Fondo per i Comuni di Confine.<\/p>\n<h3>IL SINDACO PAOLO PERENZIN<\/h3>\n<audio class=\"wp-audio-shortcode\" id=\"audio-119215-11\" preload=\"none\" style=\"width: 100%;\" controls=\"controls\"><source type=\"audio\/mpeg\" src=\"https:\/\/www.radiopiu.net\/wordpress\/wp-content\/uploads\/2020\/02\/PERENZIN.mp3?_=11\" \/><a href=\"https:\/\/www.radiopiu.net\/wordpress\/wp-content\/uploads\/2020\/02\/PERENZIN.mp3\">https:\/\/www.radiopiu.net\/wordpress\/wp-content\/uploads\/2020\/02\/PERENZIN.mp3<\/a><\/audio>\n<p>&nbsp;<\/p>\n<p>&nbsp;<\/p>\n<p>&nbsp;<\/p>\n<hr \/>\n<p>&nbsp;<\/p>\n<p>&nbsp;<\/p>\n<p>&nbsp;<\/p>\n<blockquote class=\"wp-embedded-content\" data-secret=\"TOfSwVlzLZ\"><p><a href=\"https:\/\/www.radiopiu.net\/wordpress\/arabba-vongole-fasolari-prosecco-un-successo\/\">ARABBA: VONGOLE, FASOLARI &#038; PROSECCO, UN SUCCESSO<\/a><\/p><\/blockquote>\n<p><iframe loading=\"lazy\" title=\"&#8220;ARABBA: VONGOLE, FASOLARI &#038; PROSECCO, UN SUCCESSO&#8221; &#8212; Radio Pi\u00f9\" class=\"wp-embedded-content\" sandbox=\"allow-scripts\" security=\"restricted\" style=\"position: absolute; clip: rect(1px, 1px, 1px, 1px);\" src=\"https:\/\/www.radiopiu.net\/wordpress\/arabba-vongole-fasolari-prosecco-un-successo\/embed\/#?secret=TOfSwVlzLZ\" data-secret=\"TOfSwVlzLZ\" width=\"600\" height=\"338\" frameborder=\"0\" marginwidth=\"0\" marginheight=\"0\" scrolling=\"no\"><\/iframe><\/p>\n<p>&nbsp;<\/p>\n<p>&nbsp;<\/p>\n<p>&nbsp;<\/p>\n<p>&nbsp;<\/p>\n<p>&nbsp;<\/p>\n<hr \/>\n<p>&nbsp;<\/p>\n<p>&nbsp;<\/p>\n<blockquote><p><em>Ci sono delle persone che nella professione che mi sono scelto hanno lasciato il segno, contribuendo alla mia crescita. Tra questi\u00a0<a class=\"profileLink\" title=\"Sostene Schena\" href=\"https:\/\/www.facebook.com\/sostene.schena?__tn__=%2CdK-R-R&amp;eid=ARAATC-00w_16Ff2s2RiEzeZ_R4A0E3mrhAzKuNZrfG6xUYNxqAM2a2n032YcWSKXMnLUtUobIIsiwwv&amp;fref=mentions\" data-hovercard=\"\/ajax\/hovercard\/user.php?id=1146243442&amp;extragetparams=%7B%22__tn__%22%3A%22%2CdK-R-R%22%2C%22eid%22%3A%22ARAATC-00w_16Ff2s2RiEzeZ_R4A0E3mrhAzKuNZrfG6xUYNxqAM2a2n032YcWSKXMnLUtUobIIsiwwv%22%2C%22fref%22%3A%22mentions%22%7D\" data-hovercard-prefer-more-content-show=\"1\">Sostene Schena<\/a>\u00a0il primo che con Salvo Satta, Flavio Olivo, Sergio Sommacal, Sante Rossetto, Franco Soave, ha davvero creduto in quelle che erano le mie possibili potenzialit\u00e0 e questo lavoro me lo ha fatto amare. Era la fine degli anni Ottanta quando\u00a0<a class=\"profileLink\" title=\"Sostene Schena\" href=\"https:\/\/www.facebook.com\/sostene.schena?__tn__=%2CdK-R-R&amp;eid=ARBZNijcxuu0XBIAv9VBgSKrSMnCX63Uo_lmmfGvtPx4zGQ_WWPX4srVacog4tlWfvvZS7vS7wzIwgJv&amp;fref=mentions\" data-hovercard=\"\/ajax\/hovercard\/user.php?id=1146243442&amp;extragetparams=%7B%22__tn__%22%3A%22%2CdK-R-R%22%2C%22eid%22%3A%22ARBZNijcxuu0XBIAv9VBgSKrSMnCX63Uo_lmmfGvtPx4zGQ_WWPX4srVacog4tlWfvvZS7vS7wzIwgJv%22%2C%22fref%22%3A%22mentions%22%7D\" data-hovercard-prefer-more-content-show=\"1\">Sostene<\/a>\u00a0ha iniziato a parlare di &#8220;lavoro&#8221; con me, un allora scapestrato dj di una radio locale.\u00a0<span class=\"text_exposed_show\">Ma ci credeva, e mi ha dato le prime indicazioni sul come muovere la penna, come scrivere in punta di penna. Un giornalista tutto tondo, soprattutto pieno di rispetto per chi allora collaborava con il Gazzettino. I tempi che ricordo con grande simpatia, con quel grande direttore quale era Giorgio Lago, con\u00a0<a class=\"profileLink\" title=\"Renatobruno Bona\" href=\"https:\/\/www.facebook.com\/renatobruno.bona?__tn__=%2CdK-R-R&amp;eid=ARBwB_wjq6ku9ByrtamR4u7XnduDSWSHJ4k2GS4TYIBE9go0uNl81J-ryiOdZVaEGOdjHtaDdzGSbxZB&amp;fref=mentions\" data-hovercard=\"\/ajax\/hovercard\/user.php?id=100001526120073&amp;extragetparams=%7B%22__tn__%22%3A%22%2CdK-R-R%22%2C%22eid%22%3A%22ARBwB_wjq6ku9ByrtamR4u7XnduDSWSHJ4k2GS4TYIBE9go0uNl81J-ryiOdZVaEGOdjHtaDdzGSbxZB%22%2C%22fref%22%3A%22mentions%22%7D\" data-hovercard-prefer-more-content-show=\"1\">Renatobruno Bona<\/a>\u00a0che allora conoscevo solo di nome ma aveva tutta la mia stima, era il volto noto del TG3 nei servizi dal bellunese e non vi dico con quale soggezione lo osservavo. Quando ieri\u00a0<a class=\"profileLink\" title=\"Renatobruno Bona\" href=\"https:\/\/www.facebook.com\/renatobruno.bona?__tn__=%2CdK-R-R&amp;eid=ARB0VPS2NxMNU7VraO9pwEdyTrCXIxQXo9eofvzE98gnOCFUDOT0LpQNXle141F-XCn_MQQPrxan0oyl&amp;fref=mentions\" data-hovercard=\"\/ajax\/hovercard\/user.php?id=100001526120073&amp;extragetparams=%7B%22__tn__%22%3A%22%2CdK-R-R%22%2C%22eid%22%3A%22ARB0VPS2NxMNU7VraO9pwEdyTrCXIxQXo9eofvzE98gnOCFUDOT0LpQNXle141F-XCn_MQQPrxan0oyl%22%2C%22fref%22%3A%22mentions%22%7D\" data-hovercard-prefer-more-content-show=\"1\">Renatobruno<\/a>\u00a0mi ha proposto questo ricordo di\u00a0<a class=\"profileLink\" title=\"Sostene Schena\" href=\"https:\/\/www.facebook.com\/sostene.schena?__tn__=%2CdK-R-R&amp;eid=ARBvAY0iYFoQ9IcvbVplOEe_l5QKU950P7ppymEjchba21fr3OBzsoBKJK7an04AO4YpsLFrmEem-22w&amp;fref=mentions\" data-hovercard=\"\/ajax\/hovercard\/user.php?id=1146243442&amp;extragetparams=%7B%22__tn__%22%3A%22%2CdK-R-R%22%2C%22eid%22%3A%22ARBvAY0iYFoQ9IcvbVplOEe_l5QKU950P7ppymEjchba21fr3OBzsoBKJK7an04AO4YpsLFrmEem-22w%22%2C%22fref%22%3A%22mentions%22%7D\" data-hovercard-prefer-more-content-show=\"1\">Sostene<\/a>\u00a0ho provato un brivido, per quei tempi che non tornano e per quelle persone cos\u00ec vere che poi non ho purtroppo pi\u00f9 incontrato. C&#8217;era il rispetto e la gratitudine per le fatiche di allora che erano molte piu&#8217; di oggi, visto la facilit\u00e0 di comunicazione e informazione con i social, la rete, e tutta la tecnologia applicata.Se non te l&#8217;ho mai detto\u00a0<a class=\"profileLink\" title=\"Sostene Schena\" href=\"https:\/\/www.facebook.com\/sostene.schena?__tn__=%2CdK-R-R&amp;eid=ARDCHVpwN7-u2U3VjpujOdJ5o_VIXAwahF58lIh2frUUFMIb3_L6RQDipa2uE7hf7h0WtrSL7GQMKeAL&amp;fref=mentions\" data-hovercard=\"\/ajax\/hovercard\/user.php?id=1146243442&amp;extragetparams=%7B%22__tn__%22%3A%22%2CdK-R-R%22%2C%22eid%22%3A%22ARDCHVpwN7-u2U3VjpujOdJ5o_VIXAwahF58lIh2frUUFMIb3_L6RQDipa2uE7hf7h0WtrSL7GQMKeAL%22%2C%22fref%22%3A%22mentions%22%7D\" data-hovercard-prefer-more-content-show=\"1\">Sostene<\/a> e redazione di allora quasi al completo&#8230; grazie e ripeto soprattutto per il rispetto che \u00e8 stato il motore che ci ha mosso verso tante avventure. (mm)<\/span><\/em><\/p><\/blockquote>\n<div class=\"text_exposed_show\">\n<p>E adesso veniamo al dunque&#8230;. lasciando la parola a Renato\u00a0<a class=\"profileLink\" title=\"Renatobruno Bona\" href=\"https:\/\/www.facebook.com\/renatobruno.bona?__tn__=%2CdK-R-R&amp;eid=ARBh7m5mQBYoSEyfIS2ts8XV5lyY7qLx3H0gRbXFbX2gdIGe6VBBbhY3L-9BH3fO2n5hPTdpIykGpR5C&amp;fref=mentions\" data-hovercard=\"\/ajax\/hovercard\/user.php?id=100001526120073&amp;extragetparams=%7B%22__tn__%22%3A%22%2CdK-R-R%22%2C%22eid%22%3A%22ARBh7m5mQBYoSEyfIS2ts8XV5lyY7qLx3H0gRbXFbX2gdIGe6VBBbhY3L-9BH3fO2n5hPTdpIykGpR5C%22%2C%22fref%22%3A%22mentions%22%7D\" data-hovercard-prefer-more-content-show=\"1\">Renatobruno Bona<\/a><\/p>\n<\/div>\n<blockquote class=\"wp-embedded-content\" data-secret=\"hdLIojOJAL\"><p><a href=\"https:\/\/www.radiopiu.net\/wordpress\/ii-colombi-colorati-degli-schena-finiti-sui-media-di-tutto-il-mondo-di-renato-bona\/\">II COLOMBI COLORATI DEGLI SCHENA FINITI SUI MEDIA DI TUTTO IL MONDO di RENATO BONA<\/a><\/p><\/blockquote>\n<p><iframe loading=\"lazy\" title=\"&#8220;II COLOMBI COLORATI DEGLI SCHENA FINITI SUI MEDIA DI TUTTO IL MONDO di RENATO BONA&#8221; &#8212; Radio Pi\u00f9\" class=\"wp-embedded-content\" sandbox=\"allow-scripts\" security=\"restricted\" style=\"position: absolute; clip: rect(1px, 1px, 1px, 1px);\" src=\"https:\/\/www.radiopiu.net\/wordpress\/ii-colombi-colorati-degli-schena-finiti-sui-media-di-tutto-il-mondo-di-renato-bona\/embed\/#?secret=hdLIojOJAL\" data-secret=\"hdLIojOJAL\" width=\"600\" height=\"338\" frameborder=\"0\" marginwidth=\"0\" marginheight=\"0\" scrolling=\"no\"><\/iframe><\/p>\n<p>&nbsp;<\/p>\n<p>&nbsp;<\/p>\n<blockquote><p><strong><a class=\"dt-pswp-item\" href=\"https:\/\/www.radiopiu.net\/wordpress\/wp-content\/uploads\/2018\/09\/appuntamenti.jpeg\" data-dt-img-description=\"\" data-large_image_width=\"800\" data-large_image_height=\"100\"><img loading=\"lazy\" decoding=\"async\" class=\"alignnone wp-image-61958 size-full\" src=\"https:\/\/www.radiopiu.net\/wordpress\/wp-content\/uploads\/2018\/09\/appuntamenti.jpeg\" alt=\"\" width=\"800\" height=\"100\" srcset=\"https:\/\/www.radiopiu.net\/wordpress\/wp-content\/uploads\/2018\/09\/appuntamenti.jpeg 800w, https:\/\/www.radiopiu.net\/wordpress\/wp-content\/uploads\/2018\/09\/appuntamenti-300x38.jpeg 300w, https:\/\/www.radiopiu.net\/wordpress\/wp-content\/uploads\/2018\/09\/appuntamenti-768x96.jpeg 768w\" sizes=\"auto, (max-width: 800px) 100vw, 800px\" \/><\/a><\/strong><\/p><\/blockquote>\n<p>&nbsp;<\/p>\n<p><strong>VENETO<\/strong> \u2013 Fino al 1\/03\/2020 (prorogabile) divieto di ogni forma di eventi, manifestazioni e riunioni anche se svolti in luoghi pubblici aperti al pubblico; quindi NO a gare di nessun tipo. Possono rimanere aperti gli impianti sportivi (centri sportivi, palestre pubbliche e private, piscine pubbliche e private, campi da gioco ecc.) e in generale tutte le strutture quando le attivit\u00e0 non prevedano concentrazione di persone.<\/p>\n<p><strong>BORGO VALBELLUNA<\/strong> sospesa a Trichiana (Palazzo &#8220;Merlin&#8221;) la mostra \u201c20 \u2013 Tutti d&#8217;un fiato\u201d per celebrare i vent&#8217;anni dell&#8217;associazione culturale Veses, la cui apertura era prevista sabato e domenica prossimi.<\/p>\n<p><strong>AGORDO<\/strong> Rinviata l&#8217;assemblea dei soci de Gamp<\/p>\n<p><strong>SEDICO<\/strong> Rinviata la pedonata benefica Quattro Pas tra Peron e Mas<\/p>\n<p><strong>BELLUNO<\/strong>\u00a0 L\u2019Ulss 1 Dolomiti sospende fino al 1\u00b0 marzo 2020 tutti gli incontri aperti al pubblico e tutte le attivit\u00e0 formative (ad esclusione dei medici in formazione specialistica e dei tirocinanti delle professioni sanitarie).\u00a0 <span style=\"font-family: Calibri, serif;\"><span lang=\"it-IT\">il <\/span><\/span><span style=\"font-family: Calibri, serif;\"><span lang=\"it-IT\">\u201cGioved\u00ec della salute\u201d<\/span><\/span><span style=\"font-family: Calibri, serif;\"><span lang=\"it-IT\"> in programma\u00a0 oggi \u00e8 annullato<\/span><\/span><span style=\"font-family: Calibri, serif;\"><span lang=\"it-IT\">. <\/span><\/span><span style=\"font-family: Calibri, serif;\"><span lang=\"it-IT\">\u00a0<\/span><\/span><span style=\"font-family: Calibri, serif;\"><span lang=\"it-IT\">Il convegno di domani\u00a0 in memoria del dott. De Boni \u00e8 rinviato.<\/span><\/span><\/p>\n<p><strong>ALLEGHE\u00a0<\/strong>lo stadio rimarr\u00e0 chiuso fino al primo marzo. Il pattinaggio al pubblico e l\u2019attivit\u00e0 sportiva sono sospesi fino a nuova comunicazione<\/p>\n<p><strong>FALCADE <\/strong>Annullata la Skialp Caverson di domani a Falcade<\/p>\n<p><strong>COLLE SANTA\u00a0 LUCIA <\/strong>Annullata la Ciasparun in programma sabato a Colle Santa Lucia<\/p>\n<p><strong>BELLUNO<\/strong> La Sezione Alpini di Belluno comunica che la convocazione dell\u2019Assemblea dei Delegati, gi\u00e0 fissata per domenica 1\u00b0 marzo 2020 \u00e8 stata sospesa e rinviata a data da destinarsi<\/p>\n<p><strong>AGORDO<\/strong> La Sezione Agordina del Cai sospende ogni attivit\u00e0 svolta\u00a0 nell&#8217;ambito della sede sociale ma non l&#8217;attivit\u00e0 all&#8217;aperto visto che non prevede spostamenti in autobus. Dunque le lezioni teoriche del Corso SA1 sono sospese mentre le escursioni sociali e del corso si effettueranno regolarmente. Domenica escursione a Forcella di Col Becher sulle Cime d&#8217;Auta in Marmolada. Ritrovo: Presso la Sede del CAI \u2013 Sezione Agordina (Municipio di Agordo) alle ore 7.00<\/p>\n<p><strong>AGORDO<\/strong> Annullato\u00a0 l\u2019incontro con la campionessa olimpionica Sara Simeoni in programma per domani<\/p>\n<p>&nbsp;<\/p>\n<p>&nbsp;<\/p>\n<hr \/>\n<p>&nbsp;<\/p>\n<p>&nbsp;<\/p>\n<p><a class=\"dt-pswp-item pspw-wrap-ready\" href=\"https:\/\/www.radiopiu.net\/wordpress\/wp-content\/uploads\/2018\/09\/viabilita.jpeg\" data-dt-img-description=\"\" data-large_image_width=\"800\" data-large_image_height=\"100\"><img loading=\"lazy\" decoding=\"async\" class=\"wp-image-61954 size-full aligncenter\" src=\"https:\/\/www.radiopiu.net\/wordpress\/wp-content\/uploads\/2018\/09\/viabilita.jpeg\" sizes=\"auto, (max-width: 800px) 100vw, 800px\" srcset=\"https:\/\/www.radiopiu.net\/wordpress\/wp-content\/uploads\/2018\/09\/viabilita.jpeg 800w, https:\/\/www.radiopiu.net\/wordpress\/wp-content\/uploads\/2018\/09\/viabilita-300x38.jpeg 300w, https:\/\/www.radiopiu.net\/wordpress\/wp-content\/uploads\/2018\/09\/viabilita-768x96.jpeg 768w\" alt=\"\" width=\"800\" height=\"100\" \/><\/a><\/p>\n<p>&nbsp;<\/p>\n<p><strong>GR 50 BIS, SCALE DI PRIMOLANO<\/strong> Fino al\u00a0 7 MARZO (FESTIVI E PREFESTIVI ESCLUSI) SENSO UNICO ALTERNATO PER POSA CAVIDOTTO<\/p>\n<div class=\"im_history_message_wrap\">\n<div class=\"im_message_outer_wrap hasselect\" data-msg-id=\"2959\">\n<div class=\"im_message_wrap clearfix\">\n<div class=\"im_content_message_wrap im_message_out\">\n<p><strong>PROVINCIALE 3 VALLE IMPERINA, CORDE MOLE_VALLASIN <\/strong>DALLE 8.45 ALLE 11,45 E DALLE 13.30 ALLE 17.30 INTERRUZIONI FINO A 30 MINUTI (ESCLUSO FESTIVI E PREFESTIVI)<\/p>\n<\/div>\n<\/div>\n<\/div>\n<\/div>\n<p><strong>48\u00a0 DELLE DOLOMITI<\/strong>\u00a0 \u00a0Fino\u00a0 al 28 febbraio senso unico alternato in localit\u00e0 Livin\u00e8.<\/p>\n<p><strong>PONTE NELLE ALPI <\/strong><em>Fino al 27 marzo, il traffico della statale 50, all&#8217;altezza dell&#8217;innesto con via dei Zattieri (che verr\u00e0 chiusa), sar\u00e0 deviato nel tratto di nuova rotatoria realizzata all&#8217;interno dell&#8217;area ex Comedil.<\/em><\/p>\n<p><strong>SR 203 AGORDINA LOCALITA&#8217; FORAN<\/strong> COMUNE DI LIVINALLONGO, DAL 2 MARZO E FINO AL 2 APRILE (SABATO E DOMENICA ESCLUSI) SENSO UNICO ALTERNATO PER LAVORI DI ESBOSCO<\/p>\n<p>&nbsp;<\/p>\n<hr \/>\n<p>&nbsp;<\/p>\n<blockquote>\n<h2><\/h2>\n<\/blockquote>\n<h3><\/h3>\n<h2><span style=\"color: #ff0000;\">IERI ALLA RADIO<\/span><\/h2>\n<h3><strong>IN VIVO VERSO DI BRUNELLA MORO<\/strong><\/h3>\n<p>&nbsp;<\/p>\n<blockquote class=\"wp-embedded-content\" data-secret=\"dWv6YvdFsm\"><p><a href=\"https:\/\/www.radiopiu.net\/wordpress\/inesorabili-ricordi-di-emy-franceschini\/\">INESORABILI RICORDI di EMY FRANCESCHINI<\/a><\/p><\/blockquote>\n<p><iframe loading=\"lazy\" title=\"&#8220;INESORABILI RICORDI di EMY FRANCESCHINI&#8221; &#8212; Radio Pi\u00f9\" class=\"wp-embedded-content\" sandbox=\"allow-scripts\" security=\"restricted\" style=\"position: absolute; clip: rect(1px, 1px, 1px, 1px);\" src=\"https:\/\/www.radiopiu.net\/wordpress\/inesorabili-ricordi-di-emy-franceschini\/embed\/#?secret=dWv6YvdFsm\" data-secret=\"dWv6YvdFsm\" width=\"600\" height=\"338\" frameborder=\"0\" marginwidth=\"0\" marginheight=\"0\" scrolling=\"no\"><\/iframe><\/p>\n<blockquote>\n<h3>\u00a0COLLEZIONE COMPLETA<\/h3>\n<\/blockquote>\n<blockquote class=\"wp-embedded-content\" data-secret=\"HW0UWXBOje\"><p><a href=\"https:\/\/www.radiopiu.net\/wordpress\/in-vivo-verso\/\">In Vivo Verso<\/a><\/p><\/blockquote>\n<p><iframe loading=\"lazy\" title=\"&#8220;In Vivo Verso&#8221; &#8212; Radio Pi\u00f9\" class=\"wp-embedded-content\" sandbox=\"allow-scripts\" security=\"restricted\" style=\"position: absolute; clip: rect(1px, 1px, 1px, 1px);\" src=\"https:\/\/www.radiopiu.net\/wordpress\/in-vivo-verso\/embed\/#?secret=HW0UWXBOje\" data-secret=\"HW0UWXBOje\" width=\"600\" height=\"338\" frameborder=\"0\" marginwidth=\"0\" marginheight=\"0\" scrolling=\"no\"><\/iframe><\/p>\n<hr \/>\n<p>&nbsp;<\/p>\n<h2><span style=\"color: #ff0000;\">IERI ALLA RADIO<\/span><\/h2>\n<h3>DUE MINUTI UN LIBRO<\/h3>\n<blockquote class=\"wp-embedded-content\" data-secret=\"BVPUJ27bsP\"><p><a href=\"https:\/\/www.radiopiu.net\/wordpress\/le-isole-della-morte\/\">LE ISOLE DELLA MORTE<\/a><\/p><\/blockquote>\n<p><iframe loading=\"lazy\" title=\"&#8220;LE ISOLE DELLA MORTE&#8221; &#8212; Radio Pi\u00f9\" class=\"wp-embedded-content\" sandbox=\"allow-scripts\" security=\"restricted\" style=\"position: absolute; clip: rect(1px, 1px, 1px, 1px);\" src=\"https:\/\/www.radiopiu.net\/wordpress\/le-isole-della-morte\/embed\/#?secret=BVPUJ27bsP\" data-secret=\"BVPUJ27bsP\" width=\"600\" height=\"338\" frameborder=\"0\" marginwidth=\"0\" marginheight=\"0\" scrolling=\"no\"><\/iframe><\/p>\n<h2>COLLEZIONE COMPLETA<\/h2>\n<p>&nbsp;<\/p>\n<blockquote class=\"wp-embedded-content\" data-secret=\"AUvgnXoGVZ\"><p><a href=\"https:\/\/www.radiopiu.net\/wordpress\/due-minuti-un-libro\/\">Due minuti un libro<\/a><\/p><\/blockquote>\n<p><iframe loading=\"lazy\" title=\"&#8220;Due minuti un libro&#8221; &#8212; Radio Pi\u00f9\" class=\"wp-embedded-content\" sandbox=\"allow-scripts\" security=\"restricted\" style=\"position: absolute; clip: rect(1px, 1px, 1px, 1px);\" src=\"https:\/\/www.radiopiu.net\/wordpress\/due-minuti-un-libro\/embed\/#?secret=AUvgnXoGVZ\" data-secret=\"AUvgnXoGVZ\" width=\"600\" height=\"338\" frameborder=\"0\" marginwidth=\"0\" marginheight=\"0\" scrolling=\"no\"><\/iframe><\/p>\n<p>&nbsp;<\/p>\n<p>&nbsp;<\/p>\n<hr \/>\n<p>&nbsp;<\/p>\n<p>&nbsp;<\/p>\n<h2>LA COLLEZIONE COMPLETA<\/h2>\n<blockquote class=\"wp-embedded-content\" data-secret=\"RNjigr4CN3\"><p><a href=\"https:\/\/www.radiopiu.net\/wordpress\/i-racconti-di-paolo-soppelsa\/\">I racconti di Paolo Soppelsa<\/a><\/p><\/blockquote>\n<p><iframe loading=\"lazy\" title=\"&#8220;I racconti di Paolo Soppelsa&#8221; &#8212; Radio Pi\u00f9\" class=\"wp-embedded-content\" sandbox=\"allow-scripts\" security=\"restricted\" style=\"position: absolute; clip: rect(1px, 1px, 1px, 1px);\" src=\"https:\/\/www.radiopiu.net\/wordpress\/i-racconti-di-paolo-soppelsa\/embed\/#?secret=RNjigr4CN3\" data-secret=\"RNjigr4CN3\" width=\"600\" height=\"338\" frameborder=\"0\" marginwidth=\"0\" marginheight=\"0\" scrolling=\"no\"><\/iframe><\/p>\n<p><a class=\"dt-pswp-item\" href=\"https:\/\/www.radiopiu.net\/wordpress\/wp-content\/uploads\/2018\/09\/sport.jpg\" data-dt-img-description=\"\" data-large_image_width=\"800\" data-large_image_height=\"100\"><img loading=\"lazy\" decoding=\"async\" class=\"aligncenter wp-image-60761 size-full\" src=\"https:\/\/www.radiopiu.net\/wordpress\/wp-content\/uploads\/2018\/09\/sport.jpg\" alt=\"\" width=\"800\" height=\"100\" srcset=\"https:\/\/www.radiopiu.net\/wordpress\/wp-content\/uploads\/2018\/09\/sport.jpg 800w, https:\/\/www.radiopiu.net\/wordpress\/wp-content\/uploads\/2018\/09\/sport-300x38.jpg 300w, https:\/\/www.radiopiu.net\/wordpress\/wp-content\/uploads\/2018\/09\/sport-768x96.jpg 768w\" sizes=\"auto, (max-width: 800px) 100vw, 800px\" \/><\/a><\/p>\n<blockquote>\n<h3><\/h3>\n<h3 class=\"p1\"><span class=\"s1\">I PLAYOFF DELLA IHL INIZIERANNO IL 3 MARZO<\/span><\/h3>\n<\/blockquote>\n<p class=\"p1\"><span class=\"s1\"><b>MILANO<\/b> Da ieri mattina la voce si era fatta sempre pi\u00f9 insistente ma ora c\u2019\u00e8 la conferma. I quarti di finale della IHL inizieranno il 3 marzo e non oggi come da calendario. La Lega Hockey in comune accordo con le societ\u00e0 ha proposto alla FISG di posticipare l\u2019inizio dei playoff e giocando la serie al meglio delle 5 partite e non delle 7. <\/span><\/p>\n<p class=\"p1\"><strong><span class=\"s1\">QUESTO IL COMUNICATO DAL SITO DELLA FISG <\/span><\/strong><span class=\"s1\">A seguito della situazione venutasi a creare in alcune Regioni del Nord Italia, per l\u2019emergenza Coronavirus, la partenza dei playoff della Italian Hockey League con la disputa dei quarti di finale subir\u00e0 una modifica sia per le date (inizio 3 marzo \u2013 Gara 1) sia nella modalit\u00e0 di svolgimento degli stessi quarti (best-of-five).\u00a0<\/span><span class=\"s1\">In particolare, con la delibera d\u2019urgenza del Presidente FISG, sentito il parere favorevole del Consigliere di Settore e vista la proposta unanime delle Societ\u00e0 di IHL, \u00e8 stata approvata\u00a0\u00a0la riduzione dei quarti di finale dei play off IHL da 7 partite a 5 con inizio marted\u00ec 03 marzo 2020 (da giocarsi quindi al meglio delle 5 partite e non delle 7). <\/span><span class=\"s1\">Le semifinali e le finali playoff\u00a0 della Italian Hockey League rimarranno al meglio delle 7 partite. <\/span><span class=\"s1\">Pertanto questo \u00e8 il programma della prima gara dei quarti di finale <\/span><span class=\"s1\"><strong>Gara 1 \u2013\u00a0<\/strong>Marted\u00ec 3 marzo 2020 \u2013 Formula Best-of-five\u00a0 <\/span><span class=\"s1\">HC Merano (1\u00b0) \u2013 Alleghe Hockey (8\u00b0),\u00a0 HC Brixen\/Bressanone (4\u00b0) \u2013 ValpEagle (5\u00b0),\u00a0 <\/span><span class=\"s1\">HC Varese (2\u00b0) \u2013 SV Kaltern\/ Caldaro (7\u00b0).\u00a0 Hockey Pergine Sapiens (3\u00b0) \u2013 HC Eppan\/Appiano (6\u00b0) <\/span><span class=\"s1\">Altre date dei quarti di finale playoff della IHL <strong>Gara 2:<\/strong> 5 marzo <strong>Gara 3<\/strong>: 7 marzo Eventuale <strong>Gara 4<\/strong>: 10 marzo Eventuale <strong>Gara 5<\/strong>: 12 marzo<\/span><\/p>\n<p>&nbsp;<\/p>\n<hr \/>\n<p>&nbsp;<\/p>\n<blockquote>\n<h2 class=\"p1\"><span class=\"s1\">LE FINALI DEL TORNEO AGORDINO DI HOCKEY RINVIATE<\/span><\/h2>\n<\/blockquote>\n<p class=\"p1\"><span class=\"s1\"><b><a class=\"dt-pswp-item\" href=\"https:\/\/www.radiopiu.net\/wordpress\/wp-content\/uploads\/2019\/12\/TORNEO-AGORDINO-HOCKEY-2020-OK.jpg\" data-dt-img-description=\"\" data-large_image_width=\"1125\" data-large_image_height=\"596\"><img loading=\"lazy\" decoding=\"async\" class=\"size-medium wp-image-110984 alignleft\" src=\"https:\/\/www.radiopiu.net\/wordpress\/wp-content\/uploads\/2019\/12\/TORNEO-AGORDINO-HOCKEY-2020-OK-300x159.jpg\" alt=\"\" width=\"300\" height=\"159\" srcset=\"https:\/\/www.radiopiu.net\/wordpress\/wp-content\/uploads\/2019\/12\/TORNEO-AGORDINO-HOCKEY-2020-OK-300x159.jpg 300w, https:\/\/www.radiopiu.net\/wordpress\/wp-content\/uploads\/2019\/12\/TORNEO-AGORDINO-HOCKEY-2020-OK-1024x542.jpg 1024w, https:\/\/www.radiopiu.net\/wordpress\/wp-content\/uploads\/2019\/12\/TORNEO-AGORDINO-HOCKEY-2020-OK-768x407.jpg 768w, https:\/\/www.radiopiu.net\/wordpress\/wp-content\/uploads\/2019\/12\/TORNEO-AGORDINO-HOCKEY-2020-OK.jpg 1125w\" sizes=\"auto, (max-width: 300px) 100vw, 300px\" \/><\/a>ALLEGHE<\/b> Erano in programma per domenica sera le finali del Torneo Agordino di hockey. Lo stadio Alvise De Toni di Alleghe naturalmente non si pu\u00f2 usare per manifestazioni sportive e l\u2019organizzazione ha dovuto rinviare il tutto.<\/span><\/p>\n<p>&nbsp;<\/p>\n<p>&nbsp;<\/p>\n<p>&nbsp;<\/p>\n<p class=\"p1\"><strong><span class=\"s1\">MANFREDI DE BERNARDO, ORGANIZZATORE DEL TORNEO<\/span><\/strong><\/p>\n<audio class=\"wp-audio-shortcode\" id=\"audio-119215-12\" preload=\"none\" style=\"width: 100%;\" controls=\"controls\"><source type=\"audio\/mpeg\" src=\"https:\/\/www.radiopiu.net\/wordpress\/wp-content\/uploads\/2020\/02\/MANFREDI-RINVIO-FINALE-TORNEO-AGORDINO-HOCKEY.mp3?_=12\" \/><a href=\"https:\/\/www.radiopiu.net\/wordpress\/wp-content\/uploads\/2020\/02\/MANFREDI-RINVIO-FINALE-TORNEO-AGORDINO-HOCKEY.mp3\">https:\/\/www.radiopiu.net\/wordpress\/wp-content\/uploads\/2020\/02\/MANFREDI-RINVIO-FINALE-TORNEO-AGORDINO-HOCKEY.mp3<\/a><\/audio>\n<p>&nbsp;<\/p>\n<hr \/>\n<p>&nbsp;<\/p>\n<p>&nbsp;<\/p>\n<p>&nbsp;<\/p>\n<blockquote>\n<h3><\/h3>\n<\/blockquote>\n<hr \/>\n<blockquote>\n<h3><\/h3>\n<h3><\/h3>\n<h3 style=\"text-align: left;\"><a class=\"dt-pswp-item\" href=\"https:\/\/www.radiopiu.net\/wordpress\/wp-content\/uploads\/2020\/02\/IMGP4988-scaled.jpg\" data-dt-img-description=\"\" data-large_image_width=\"2560\" data-large_image_height=\"1475\"><img loading=\"lazy\" decoding=\"async\" class=\" wp-image-119283 alignright\" src=\"https:\/\/www.radiopiu.net\/wordpress\/wp-content\/uploads\/2020\/02\/IMGP4988-300x173.jpg\" alt=\"\" width=\"375\" height=\"216\" srcset=\"https:\/\/www.radiopiu.net\/wordpress\/wp-content\/uploads\/2020\/02\/IMGP4988-300x173.jpg 300w, https:\/\/www.radiopiu.net\/wordpress\/wp-content\/uploads\/2020\/02\/IMGP4988-1024x590.jpg 1024w, https:\/\/www.radiopiu.net\/wordpress\/wp-content\/uploads\/2020\/02\/IMGP4988-768x442.jpg 768w, https:\/\/www.radiopiu.net\/wordpress\/wp-content\/uploads\/2020\/02\/IMGP4988-1536x885.jpg 1536w, https:\/\/www.radiopiu.net\/wordpress\/wp-content\/uploads\/2020\/02\/IMGP4988-2048x1180.jpg 2048w\" sizes=\"auto, (max-width: 375px) 100vw, 375px\" \/><\/a><\/h3>\n<h3><a class=\"dt-pswp-item\" href=\"https:\/\/www.radiopiu.net\/wordpress\/wp-content\/uploads\/2020\/02\/TreCime-ChallengeR2_logo.png\" data-dt-img-description=\"\" data-large_image_width=\"1754\" data-large_image_height=\"1241\"><img loading=\"lazy\" decoding=\"async\" class=\"wp-image-119282 alignnone\" src=\"https:\/\/www.radiopiu.net\/wordpress\/wp-content\/uploads\/2020\/02\/TreCime-ChallengeR2_logo-300x212.png\" alt=\"\" width=\"318\" height=\"224\" srcset=\"https:\/\/www.radiopiu.net\/wordpress\/wp-content\/uploads\/2020\/02\/TreCime-ChallengeR2_logo-300x212.png 300w, https:\/\/www.radiopiu.net\/wordpress\/wp-content\/uploads\/2020\/02\/TreCime-ChallengeR2_logo-1024x725.png 1024w, https:\/\/www.radiopiu.net\/wordpress\/wp-content\/uploads\/2020\/02\/TreCime-ChallengeR2_logo-768x543.png 768w, https:\/\/www.radiopiu.net\/wordpress\/wp-content\/uploads\/2020\/02\/TreCime-ChallengeR2_logo-1536x1087.png 1536w, https:\/\/www.radiopiu.net\/wordpress\/wp-content\/uploads\/2020\/02\/TreCime-ChallengeR2_logo.png 1754w\" sizes=\"auto, (max-width: 318px) 100vw, 318px\" \/><\/a><\/h3>\n<h3 style=\"text-align: left;\"><\/h3>\n<h3><\/h3>\n<h3>LE NOVITA&#8217; DEL 35\u00b0 RALLY BELLUNESE, DI ROBERTO BONA<\/h3>\n<\/blockquote>\n<audio class=\"wp-audio-shortcode\" id=\"audio-119215-13\" preload=\"none\" style=\"width: 100%;\" controls=\"controls\"><source type=\"audio\/mpeg\" src=\"https:\/\/www.radiopiu.net\/wordpress\/wp-content\/uploads\/2020\/02\/roberto.mp3?_=13\" \/><a href=\"https:\/\/www.radiopiu.net\/wordpress\/wp-content\/uploads\/2020\/02\/roberto.mp3\">https:\/\/www.radiopiu.net\/wordpress\/wp-content\/uploads\/2020\/02\/roberto.mp3<\/a><\/audio>\n<h3><\/h3>\n<p>&nbsp;<\/p>\n<p>&nbsp;<\/p>\n<p>&nbsp;<\/p>\n<p>&nbsp;<\/p>\n<p><b><a class=\"dt-pswp-item\" href=\"https:\/\/www.radiopiu.net\/wordpress\/wp-content\/uploads\/2018\/09\/WhatsApp-Image-2018-09-20-at-16.04.06.jpeg\" data-dt-img-description=\"\" data-large_image_width=\"800\" data-large_image_height=\"100\"><img loading=\"lazy\" decoding=\"async\" class=\"aligncenter wp-image-61378 size-full\" src=\"https:\/\/www.radiopiu.net\/wordpress\/wp-content\/uploads\/2018\/09\/WhatsApp-Image-2018-09-20-at-16.04.06.jpeg\" alt=\"\" width=\"800\" height=\"100\" srcset=\"https:\/\/www.radiopiu.net\/wordpress\/wp-content\/uploads\/2018\/09\/WhatsApp-Image-2018-09-20-at-16.04.06.jpeg 800w, https:\/\/www.radiopiu.net\/wordpress\/wp-content\/uploads\/2018\/09\/WhatsApp-Image-2018-09-20-at-16.04.06-300x38.jpeg 300w, https:\/\/www.radiopiu.net\/wordpress\/wp-content\/uploads\/2018\/09\/WhatsApp-Image-2018-09-20-at-16.04.06-768x96.jpeg 768w\" sizes=\"auto, (max-width: 800px) 100vw, 800px\" \/><\/a><\/b><\/p>\n<p>&nbsp;<\/p>\n<p><center><b>Giovedi 27<\/b><\/center><b>Tempo atteso: <\/b>Al mattino sole e cielo sereno. Dalla tarda mattinata rapido aumento della nuvolosit\u00e0, dapprima per nubi alte stratiformi, poi intensificazione della nuvolosit\u00e0 ovunque fino a cielo del tutto coperto. Nel pomeriggio rischio di debolissimi fenomemi, specie sulle Dolomiti settentrionali. Miglioramento serale. Clima di stampo invernale in alta quota e molto fresco nei fondovalle.<br \/>\n<b>Precipitazioni: <\/b>Fino al primo pomeriggio ovunque assenti (0%). Da met\u00e0 pomeriggio rischio di debolissime nevicate fino sui 600\/700 m sulle Dolomiti (40\/60%), mentre sembra che le precipitazioni rimangano perlopi\u00f9 assenti sulle Prealpi (0-10%).<br \/>\n<b>Temperature: <\/b>In generale diminuzione, con punte di 5\/6\u00b0C nei fondovalle prealpini e di 1\/3\u00b0C a 1000\/1200 m. Sulle Prealpi a 1500 m min -4\u00b0C e max -1\u00b0C, a 2000 m min -7\u00b0C e max -5\u00b0C; sulle Dolomiti a 2000 m min -9\u00b0C e max -6\u00b0C, a 3000 m min -16\u00b0C e max -11\u00b0C.<br \/>\n<b>Venti: <\/b>Nelle valli perlopi\u00f9 deboli di direzione variabile, con locali rinforzi per brezze notturne a ridosso della pedemontana, anche per Foehn in tarda serata; in quota al mattino moderati, in rotazione da nord-ovest a sud-ovest, nel pomeriggio in intensificazione, specie in alta quota, fino a tesi\/forti da nord-ovest in serata, 10-40 km\/h a 2000 m, 30-65 km\/h a 3000 m.<\/p>\n<hr \/>\n<p><center><b>Venerdi 28<\/b><\/center><b>Tempo atteso: <\/b>Giornata generalmente ben soleggiata e ancora assai fredda in quota, un po&#8217; meno nelle valli per favonio. Non escluso il passaggio di nubi di sottovento, specie sulle Prealpi. Clima ancora freddo in alta quota, con venti inizialmente forti, di conseguenza occorrer\u00e0 considerare l&#8217;effetto wind chill al mattino (-18\/-20\u00b0C a 2000 m e -30\/-33 a 3000 m).<br \/>\n<b>Precipitazioni: <\/b>Assenti (0%).<br \/>\n<b>Temperature: <\/b>In generale ripresa nelle valli, in maniera pi\u00f9 sensibile nei settori interessati dal Foehn. In quota minime in diminuzione e massime senza notevoli variazioni. Sulle Prealpi a 1500 m min -4\u00b0C e max -1\u00b0C, a 2000 m min -8\u00b0C e max -4\u00b0C; sulle Dolomiti a 2000 m min -10\u00b0C e max -5\u00b0C, a 3000 m min -18\u00b0C e max -11\u00b0C.<br \/>\n<b>Venti: <\/b>Nelle valli perlopi\u00f9 moderati di direzione variabile, con improvvise forti raffiche di Foehn tra la notte ed il mattino, poi i venti tenderanno a scemare. In quota vento forti da nord-ovest tra la notte e la mattina, in sensibile attenuazione da met\u00e0 mattinata in poi, a 15-50 km\/h a 2000 m, 30-85 km\/h a 3000 m.<\/p>\n<hr \/>\n<p><center><b>Sabato 29<\/b><\/center>Tratti soleggiati al primo mattino, eccetto nubi basse su alcuni settori. Poi nuvolosit\u00e0 in aumento, con primi deboli precipitazioni sparse in serata. Temperature massime in diminuzione. Venti in quota moderati da sud-ovest, anche tesi nel tardo pomeriggio\/sera, deboli di direzione variabile nelle valli.<\/p>\n<hr \/>\n<p><center><b>Domenica 1<\/b><\/center>Episodio perturbato con cielo molto nuvoloso coperto tra la notte e il mattino, associato a diffuse precipitazioni di debole intensit\u00e0 sulle Dolomiti e moderate sulle Prealpi, nevose oltre i 700\/1000 m. Nel corso del pomeriggio miglioramento del tempo. Temperature minime in rialzo e massime in calo. Venti deboli\/moderati dai quadranti occidentali in quota, deboli di direzione variabile nelle valli. Previsore: R.L.Th.<\/p>\n<div style=\"width: 848px;\" class=\"wp-video\"><video class=\"wp-video-shortcode\" id=\"video-119215-1\" width=\"848\" height=\"480\" preload=\"metadata\" controls=\"controls\"><source type=\"video\/mp4\" src=\"https:\/\/www.radiopiu.net\/wordpress\/wp-content\/uploads\/2020\/02\/WhatsApp-Video-2020-02-26-at-18.22.55.mp4?_=1\" \/><a href=\"https:\/\/www.radiopiu.net\/wordpress\/wp-content\/uploads\/2020\/02\/WhatsApp-Video-2020-02-26-at-18.22.55.mp4\">https:\/\/www.radiopiu.net\/wordpress\/wp-content\/uploads\/2020\/02\/WhatsApp-Video-2020-02-26-at-18.22.55.mp4<\/a><\/video><\/div>\n","protected":false},"excerpt":{"rendered":"<p>PER RICEVERE QUESTO NOTIZIARIO DIRETTAMENTE SUL TUO CELLULARE ISCRIVITI AL CANALE TELEGRAM &#8220;RADIO PIU\u00a0 INFORMAZIONE&#8221;\u00a0 &nbsp; Gestione Servizi Pubblici informa che, OGGI\u00a0 dalle 8 a fine lavori, potrebbe mancare l&#8217;acqua a\u00a0 in VIA TRENTO a\u00a0 CAVIOLA.\u00a0 DOMANI dalle ore 08:00 alle ore 12:00 potrebbe mancare l&#8217;acqua a LIVINALLONGO DEL COL DI LANA, nelle LOCALITA&#8217; DI&hellip;<\/p>\n","protected":false},"author":1,"featured_media":119300,"comment_status":"closed","ping_status":"closed","sticky":false,"template":"","format":"standard","meta":{"_monsterinsights_skip_tracking":false,"_monsterinsights_sitenote_active":false,"_monsterinsights_sitenote_note":"","_monsterinsights_sitenote_category":0,"footnotes":""},"categories":[86,49],"tags":[],"class_list":["post-119215","post","type-post","status-publish","format-standard","has-post-thumbnail","hentry","category-gr","category-news-18","category-86","category-49","description-off"],"img_url":"https:\/\/www.radiopiu.net\/wordpress\/wp-content\/uploads\/2020\/02\/85215301_1387534058115172_6010790246667517952_n.jpg","_links":{"self":[{"href":"https:\/\/www.radiopiu.net\/wordpress\/wp-json\/wp\/v2\/posts\/119215","targetHints":{"allow":["GET"]}}],"collection":[{"href":"https:\/\/www.radiopiu.net\/wordpress\/wp-json\/wp\/v2\/posts"}],"about":[{"href":"https:\/\/www.radiopiu.net\/wordpress\/wp-json\/wp\/v2\/types\/post"}],"author":[{"embeddable":true,"href":"https:\/\/www.radiopiu.net\/wordpress\/wp-json\/wp\/v2\/users\/1"}],"replies":[{"embeddable":true,"href":"https:\/\/www.radiopiu.net\/wordpress\/wp-json\/wp\/v2\/comments?post=119215"}],"version-history":[{"count":0,"href":"https:\/\/www.radiopiu.net\/wordpress\/wp-json\/wp\/v2\/posts\/119215\/revisions"}],"wp:featuredmedia":[{"embeddable":true,"href":"https:\/\/www.radiopiu.net\/wordpress\/wp-json\/wp\/v2\/media\/119300"}],"wp:attachment":[{"href":"https:\/\/www.radiopiu.net\/wordpress\/wp-json\/wp\/v2\/media?parent=119215"}],"wp:term":[{"taxonomy":"category","embeddable":true,"href":"https:\/\/www.radiopiu.net\/wordpress\/wp-json\/wp\/v2\/categories?post=119215"},{"taxonomy":"post_tag","embeddable":true,"href":"https:\/\/www.radiopiu.net\/wordpress\/wp-json\/wp\/v2\/tags?post=119215"}],"curies":[{"name":"wp","href":"https:\/\/api.w.org\/{rel}","templated":true}]}}