{"id":119255,"date":"2020-02-27T06:30:27","date_gmt":"2020-02-27T05:30:27","guid":{"rendered":"https:\/\/www.radiopiu.net\/wordpress\/?p=119255"},"modified":"2020-02-27T06:33:08","modified_gmt":"2020-02-27T05:33:08","slug":"un-bellunese-positivo-alla-prova-tampone-a-treviso-ca-foncello","status":"publish","type":"post","link":"https:\/\/www.radiopiu.net\/wordpress\/un-bellunese-positivo-alla-prova-tampone-a-treviso-ca-foncello\/","title":{"rendered":"UN BELLUNESE POSITIVO ALLA PROVA TAMPONE A TREVISO CA&#8217; FONCELLO"},"content":{"rendered":"<p>&nbsp;<\/p>\n<blockquote><p><em><strong>TREVISO<\/strong> Che il personale che opera negli ospedali sia a rischio \u00e8 purtroppo risaputo, a loro va la massima stima e il nostro grazie per l&#8217;impegno e il coraggio che dimostrano ogni giorno indossando il camice. Cos\u00ec anche per il personale del C\u00e0 Foncello che \u00e8 stato accanto all&#8217;anziana di 75 anni deceduta per il virus. Ieri alla prova del tampone sono emerse le positivit\u00e0: per \u00a0dieci operatori del Ca\u2019 Foncello (4 medici uno originario del bellunese, 2 infermieri, 4 Oss). Positiva al tampone\u00a0 la badante dell\u2019anziana. Tutte le 12 persone positive (11 delle quali residenti nella Marca e una\u00a0 come detto nel Bellunese ma domiciliata a Treviso dove lavora)\u00a0 sono asintomatiche ed \u00e8\u00a0 scattato l\u2019isolamento domiciliare. Saranno monitorate\u00a0 dal Servizio di Igiene Pubblica.<\/em><\/p>\n<p><em><strong>LA CONTA&#8230;<\/strong> 258 icontagiati in Lombardia, 87 i contagiati in Veneto, nessun nuovo caso dalle 12 di luned\u00ec,\u00a0 47 in \u00a0Emilia Romagna da lunedi 17 casi nuovi, \u00a03 in Piemonte, 3 nel Lazio (2\u00a0 turisti cinesi e 1 ricercatore tutti\u00a0 dimessi e guariti), 3 in Sicilia, 2 in Toscana, 11 in Liguria, 1 Bolzano e 1 nelle Marche.<\/em><\/p><\/blockquote>\n<p>&nbsp;<\/p>\n<p><strong><a class=\"dt-pswp-item\" href=\"https:\/\/www.radiopiu.net\/wordpress\/wp-content\/uploads\/2020\/02\/download-18.jpg\" data-dt-img-description=\"\" data-large_image_width=\"290\" data-large_image_height=\"174\"><img loading=\"lazy\" decoding=\"async\" class=\"size-full wp-image-119256 alignleft\" src=\"https:\/\/www.radiopiu.net\/wordpress\/wp-content\/uploads\/2020\/02\/download-18.jpg\" alt=\"\" width=\"290\" height=\"174\" \/><\/a>VENEZIA\u00a0<\/strong> In relazione al decesso, avvenuto ieri, di una 75enne ricoverata nell\u2019Unit\u00e0 Operativa di Geriatria dell\u2019Ospedale Ca\u2019 Foncello, \u00e8 pervenuto l\u2019esito di trenta tamponi effettuati sulle persone venute a contatto con la paziente nell\u2019ambito ospedaliero e residenziale. Diciotto i tamponi risultati negativi, 12 quelli positivi. Le positivit\u00e0 si riferiscono a dieci operatori del Ca\u2019 Foncello (4 medici, 2 infermieri, 4 Oss), alla badante dell\u2019anziana e a un contatto stretto residente nello stesso condominio. <strong>Tutte le 12 persone positive (11 delle quali residenti nella Marca e una nel Bellunese che trascorre il periodo di lavoro a Treviso come specifica la Ulss1) sono attualmente asintomatiche:<\/strong> per loro \u00e8 scattato l\u2019isolamento domiciliare. Saranno monitorate dal Servizio di Igiene Pubblica. I test sono stati effettuati dalla Microbiologia di Treviso: come da protocollo i campioni saranno inviati a Padova per le conferme. A seguito del caso, la Direzione dell\u2019Ulss 2, al fine di ridurre il numero di possibili contagi, ha disposto che nell\u2019Unit\u00e0 Operativa di Geriatria, dove la 75enne era ricoverata per un grave scompenso cardiaco, non vengano effettuati nuovi ricoveri. Tutti i pazienti gi\u00e0 ricoverati sono stati sottoposti a tampone. In reparto sono state bloccate, a scopo precauzionale, le visite dei parenti<\/p>\n<p><strong>Soggetto \u201casintomatico\u201d \u2013\u00a0<\/strong>\u00c8 una persona che, nonostante sia affetto da una malattia, non presenta alcun sintomo apparente. Esiste un periodo chiamato \u201cincubazione\u201d in cui una malattia infettiva \u00e8 gi\u00e0 presente senza mostrare alcun sintomo. L\u2019incubazione \u00e8 quindi \u201casintomatica\u201d e termina quando il paziente avverte i primi sintomi, momento in cui la patologia da \u201casintomatica\u201d diventa \u201csintomatica \u201c. Una malattia pu\u00f2 rimanere asintomatica per periodi brevi o lunghi, alcune possono rimanere asintomatiche per sempre. La presenza di pazienti asintomatici affetti da coronavirus SARS-CoV-2 sembra possibile, tuttavia, secondo l\u2019Organizzazione Mondiale della Sanit\u00e0, le persone sintomatiche sono attualmente la causa pi\u00f9 frequente di diffusione del virus. (fonte Oms)<\/p>\n<div class=\"s_p1864b9ox g_p1864h5kg clearfix\">\n<div class=\"clearfix v_p1864b7y4\">\n<div class=\"clearfix _42ef\">\n<div class=\"c_p1864b7y3\">\n<div class=\"_6a _5u5j\">\n<div class=\"_6a _5u5j _6b\">\n<h5 id=\"u_fetchstream_20_a\" class=\"_7tae _14f3 _14f5 _5pbw _5vra\" data-ft=\"{&quot;tn&quot;:&quot;C&quot;}\"><span class=\"fwn fcg\"><span class=\"fwb fcg\" data-ft=\"{&quot;tn&quot;:&quot;k&quot;}\"><a id=\"js_3o6\" href=\"https:\/\/www.facebook.com\/RasiCaldognoUlssDolomiti\/?__tn__=kC-R&amp;eid=ARAE6yK8l6QO5pHq7SOgQuIpagBWU5eNmDUd9P-MRvv3dsTYark6RPVF17YFiIo571h5LzZwr-4f-qBo&amp;hc_ref=ARS7ti6YT8TFI_PxVwU-7LQxtcnKtgy3uSD_AS950PHsjX1XV9COM-v4fG47GMwFYVE&amp;fref=nf&amp;__xts__%5B0%5D=68.ARAlL4cge7HMWIEo_cfvYblxqwfbsxiVEf6WIj_2kZ9Mcpq_QAN7DHujlg-GqvgZ1md8QltGXXTA2neq10x1Tt0EkYOiZIaubwjlSNQPq10Cnqxksh2bJjGYKfwM6eeRO87yUhlRRNf889eAEmn9LeLev9RQXZFY0HK9mv7xuexJDB3EK3Ro8w1HlBTcLP-el1XZpu5OPOvOw2o9za6eAqG8aD6HB5MGGulwWDMiPGva1exww3lW9rAi2KQooMdBUc9T41YtvYB24vVjRVqz9k3rltlcow7xbFLDK3ztBlOqo8Uw-W-moN1VOQLxGIzx-MjnH5fCN_X7KmM4Eld4ma0\" data-hovercard=\"\/ajax\/hovercard\/page.php?id=230735964052999&amp;extragetparams=%7B%22__tn__%22%3A%22%2CdkC-R-R%22%2C%22eid%22%3A%22ARAE6yK8l6QO5pHq7SOgQuIpagBWU5eNmDUd9P-MRvv3dsTYark6RPVF17YFiIo571h5LzZwr-4f-qBo%22%2C%22hc_ref%22%3A%22ARS7ti6YT8TFI_PxVwU-7LQxtcnKtgy3uSD_AS950PHsjX1XV9COM-v4fG47GMwFYVE%22%2C%22fref%22%3A%22nf%22%7D\" data-hovercard-prefer-more-content-show=\"1\" data-hovercard-referer=\"ARS7ti6YT8TFI_PxVwU-7LQxtcnKtgy3uSD_AS950PHsjX1XV9COM-v4fG47GMwFYVE\" aria-describedby=\"u_9i_1\" aria-owns=\"js_3ke\">Adriano Rasi Caldogno &#8211; DG Ulss 1 Dolomiti \u00a0 \u00a0 \u00a0 \u00a0 \u00a0 \u00a0 \u00a0 \u00a0 \u00a0 \u00a0 <\/a><\/span><\/span>Nel cluster di <a class=\"_58cn\" style=\"font-size: 14px; font-weight: normal;\" href=\"https:\/\/www.facebook.com\/hashtag\/treviso?source=feed_text&amp;epa=HASHTAG&amp;__xts__%5B0%5D=68.ARAlL4cge7HMWIEo_cfvYblxqwfbsxiVEf6WIj_2kZ9Mcpq_QAN7DHujlg-GqvgZ1md8QltGXXTA2neq10x1Tt0EkYOiZIaubwjlSNQPq10Cnqxksh2bJjGYKfwM6eeRO87yUhlRRNf889eAEmn9LeLev9RQXZFY0HK9mv7xuexJDB3EK3Ro8w1HlBTcLP-el1XZpu5OPOvOw2o9za6eAqG8aD6HB5MGGulwWDMiPGva1exww3lW9rAi2KQooMdBUc9T41YtvYB24vVjRVqz9k3rltlcow7xbFLDK3ztBlOqo8Uw-W-moN1VOQLxGIzx-MjnH5fCN_X7KmM4Eld4ma0&amp;__tn__=%2ANK-R\" data-ft=\"{&quot;type&quot;:104,&quot;tn&quot;:&quot;*N&quot;}\"><span class=\"_5afx\"><span class=\"_58cm\">Treviso<\/span><\/span><\/a><span style=\"font-size: 14px; font-weight: normal;\">\u00a0\u00e8 stato riscontrato anche un caso positivo di una persona originaria del territorio dell&#8217;Ulss Dolomiti ma DOMICILIATA e con attivit\u00e0 professionale a TREVISO. Attualmente \u00e8 ASINTOMATICA e in isolamento domiciliare. Sono gi\u00e0 stati ricostruiti i suoi contatti, valutati e posti, SOLO a scopo preventivo, in isolamento fiduciario.<\/span><\/h5>\n<h1><\/h1>\n<\/div>\n<\/div>\n<\/div>\n<\/div>\n<\/div>\n<\/div>\n","protected":false},"excerpt":{"rendered":"<p>&nbsp; TREVISO Che il personale che opera negli ospedali sia a rischio \u00e8 purtroppo risaputo, a loro va la massima stima e il nostro grazie per l&#8217;impegno e il coraggio che dimostrano ogni giorno indossando il camice. Cos\u00ec anche per il personale del C\u00e0 Foncello che \u00e8 stato accanto all&#8217;anziana di 75 anni deceduta per&hellip;<\/p>\n","protected":false},"author":1,"featured_media":119256,"comment_status":"closed","ping_status":"closed","sticky":false,"template":"","format":"standard","meta":{"_monsterinsights_skip_tracking":false,"_monsterinsights_sitenote_active":false,"_monsterinsights_sitenote_note":"","_monsterinsights_sitenote_category":0,"footnotes":""},"categories":[51,49],"tags":[],"class_list":["post-119255","post","type-post","status-publish","format-standard","has-post-thumbnail","hentry","category-evidenza-top","category-news-18","category-51","category-49","description-off"],"img_url":"https:\/\/www.radiopiu.net\/wordpress\/wp-content\/uploads\/2020\/02\/download-18.jpg","_links":{"self":[{"href":"https:\/\/www.radiopiu.net\/wordpress\/wp-json\/wp\/v2\/posts\/119255","targetHints":{"allow":["GET"]}}],"collection":[{"href":"https:\/\/www.radiopiu.net\/wordpress\/wp-json\/wp\/v2\/posts"}],"about":[{"href":"https:\/\/www.radiopiu.net\/wordpress\/wp-json\/wp\/v2\/types\/post"}],"author":[{"embeddable":true,"href":"https:\/\/www.radiopiu.net\/wordpress\/wp-json\/wp\/v2\/users\/1"}],"replies":[{"embeddable":true,"href":"https:\/\/www.radiopiu.net\/wordpress\/wp-json\/wp\/v2\/comments?post=119255"}],"version-history":[{"count":0,"href":"https:\/\/www.radiopiu.net\/wordpress\/wp-json\/wp\/v2\/posts\/119255\/revisions"}],"wp:featuredmedia":[{"embeddable":true,"href":"https:\/\/www.radiopiu.net\/wordpress\/wp-json\/wp\/v2\/media\/119256"}],"wp:attachment":[{"href":"https:\/\/www.radiopiu.net\/wordpress\/wp-json\/wp\/v2\/media?parent=119255"}],"wp:term":[{"taxonomy":"category","embeddable":true,"href":"https:\/\/www.radiopiu.net\/wordpress\/wp-json\/wp\/v2\/categories?post=119255"},{"taxonomy":"post_tag","embeddable":true,"href":"https:\/\/www.radiopiu.net\/wordpress\/wp-json\/wp\/v2\/tags?post=119255"}],"curies":[{"name":"wp","href":"https:\/\/api.w.org\/{rel}","templated":true}]}}