{"id":119276,"date":"2020-02-26T20:19:56","date_gmt":"2020-02-26T19:19:56","guid":{"rendered":"https:\/\/www.radiopiu.net\/wordpress\/?p=119276"},"modified":"2020-02-26T20:19:56","modified_gmt":"2020-02-26T19:19:56","slug":"il-punto-in-video-del-ministro-federico-dinca","status":"publish","type":"post","link":"https:\/\/www.radiopiu.net\/wordpress\/il-punto-in-video-del-ministro-federico-dinca\/","title":{"rendered":"IL PUNTO IN VIDEO DEL MINISTRO FEDERICO D&#8217;INCA&#8217;"},"content":{"rendered":"<div id=\"fb-root\"><\/div>\n<p><script async=\"1\" defer=\"1\" crossorigin=\"anonymous\" src=\"https:\/\/connect.facebook.net\/it_IT\/sdk.js#xfbml=1&amp;version=v6.0\"><\/script><\/p>\n<div class=\"fb-video\" data-href=\"https:\/\/www.facebook.com\/federicodincam5s\/videos\/1080417355676555\/\" data-width=\"1200\">\n<blockquote cite=\"https:\/\/www.facebook.com\/federicodincam5s\/videos\/1080417355676555\/\" class=\"fb-xfbml-parse-ignore\"><p><a href=\"https:\/\/www.facebook.com\/federicodincam5s\/videos\/1080417355676555\/\">Il punto sugli interventi per affrontare il Coronavirus<\/a><\/p>\n<p>Interventi per cittadini, lavoratori, scuole e imprese. L&#039;impegno del Governo per fronteggiare il #Coronavirus non si ferma agli aspetti strettamente sanitari ma punta ad alleviare le condizioni di chi sta attraversando, direttamente o indirettamente, questo periodo di difficolt\u00e0<\/p>\n<p>Pubblicato da <a href=\"https:\/\/www.facebook.com\/federicodincam5s\/\">Federico D&#039;Inc\u00e0<\/a> su Mercoled\u00ec 26 febbraio 2020<\/p><\/blockquote>\n<\/div>\n","protected":false},"excerpt":{"rendered":"<p>Il punto sugli interventi per affrontare il Coronavirus Interventi per cittadini, lavoratori, scuole e imprese. L&#039;impegno del Governo per fronteggiare il #Coronavirus non si ferma agli aspetti strettamente sanitari ma punta ad alleviare le condizioni di chi sta attraversando, direttamente o indirettamente, questo periodo di difficolt\u00e0 Pubblicato da Federico D&#039;Inc\u00e0 su Mercoled\u00ec 26 febbraio 2020<\/p>\n","protected":false},"author":1,"featured_media":0,"comment_status":"closed","ping_status":"closed","sticky":false,"template":"","format":"standard","meta":{"_monsterinsights_skip_tracking":false,"_monsterinsights_sitenote_active":false,"_monsterinsights_sitenote_note":"","_monsterinsights_sitenote_category":0,"footnotes":""},"categories":[49],"tags":[],"class_list":["post-119276","post","type-post","status-publish","format-standard","hentry","category-news-18","category-49","description-off"],"img_url":false,"_links":{"self":[{"href":"https:\/\/www.radiopiu.net\/wordpress\/wp-json\/wp\/v2\/posts\/119276","targetHints":{"allow":["GET"]}}],"collection":[{"href":"https:\/\/www.radiopiu.net\/wordpress\/wp-json\/wp\/v2\/posts"}],"about":[{"href":"https:\/\/www.radiopiu.net\/wordpress\/wp-json\/wp\/v2\/types\/post"}],"author":[{"embeddable":true,"href":"https:\/\/www.radiopiu.net\/wordpress\/wp-json\/wp\/v2\/users\/1"}],"replies":[{"embeddable":true,"href":"https:\/\/www.radiopiu.net\/wordpress\/wp-json\/wp\/v2\/comments?post=119276"}],"version-history":[{"count":0,"href":"https:\/\/www.radiopiu.net\/wordpress\/wp-json\/wp\/v2\/posts\/119276\/revisions"}],"wp:attachment":[{"href":"https:\/\/www.radiopiu.net\/wordpress\/wp-json\/wp\/v2\/media?parent=119276"}],"wp:term":[{"taxonomy":"category","embeddable":true,"href":"https:\/\/www.radiopiu.net\/wordpress\/wp-json\/wp\/v2\/categories?post=119276"},{"taxonomy":"post_tag","embeddable":true,"href":"https:\/\/www.radiopiu.net\/wordpress\/wp-json\/wp\/v2\/tags?post=119276"}],"curies":[{"name":"wp","href":"https:\/\/api.w.org\/{rel}","templated":true}]}}