{"id":119334,"date":"2020-02-27T06:12:23","date_gmt":"2020-02-27T05:12:23","guid":{"rendered":"https:\/\/www.radiopiu.net\/wordpress\/?p=119334"},"modified":"2020-02-27T06:12:23","modified_gmt":"2020-02-27T05:12:23","slug":"la-foto-di-claudio-pra-su-coelum","status":"publish","type":"post","link":"https:\/\/www.radiopiu.net\/wordpress\/la-foto-di-claudio-pra-su-coelum\/","title":{"rendered":"LA FOTO DI CLAUDIO PRA SU COELUM"},"content":{"rendered":"<blockquote>\n<h3 style=\"text-align: left;\"><\/h3>\n<p><a class=\"dt-pswp-item\" href=\"https:\/\/www.radiopiu.net\/wordpress\/wp-content\/uploads\/2020\/02\/f066b295-fd66-4cae-8db7-8ef2158f8fe9.jpg\" data-dt-img-description=\"\" data-large_image_width=\"1168\" data-large_image_height=\"836\"><img loading=\"lazy\" decoding=\"async\" class=\"alignnone wp-image-119242 size-large\" src=\"https:\/\/www.radiopiu.net\/wordpress\/wp-content\/uploads\/2020\/02\/f066b295-fd66-4cae-8db7-8ef2158f8fe9-1024x733.jpg\" alt=\"\" width=\"1024\" height=\"733\" srcset=\"https:\/\/www.radiopiu.net\/wordpress\/wp-content\/uploads\/2020\/02\/f066b295-fd66-4cae-8db7-8ef2158f8fe9-1024x733.jpg 1024w, https:\/\/www.radiopiu.net\/wordpress\/wp-content\/uploads\/2020\/02\/f066b295-fd66-4cae-8db7-8ef2158f8fe9-300x215.jpg 300w, https:\/\/www.radiopiu.net\/wordpress\/wp-content\/uploads\/2020\/02\/f066b295-fd66-4cae-8db7-8ef2158f8fe9-768x550.jpg 768w, https:\/\/www.radiopiu.net\/wordpress\/wp-content\/uploads\/2020\/02\/f066b295-fd66-4cae-8db7-8ef2158f8fe9.jpg 1168w\" sizes=\"auto, (max-width: 1024px) 100vw, 1024px\" \/><\/a><\/p><\/blockquote>\n<p>A pagina 100 dell&#8217;ultimo numero della rivista astronomica Coelum campeggia una foto dolomitica. Cosa c&#8217;entra l&#8217;astronomia con le Dolomiti? Beh, il cielo stellato dei nostri luoghi, seppur minacciato dall&#8217;inquinamento luminoso, \u00e8 ancora piuttosto buio ed il contesto aiuta a fondere insieme volta celeste e paesaggi meravigliosi. Cos\u00ec \u00e8 stato nella serata del 6 febbraio quando l&#8217;elusivo pianeta Mercurio, il pi\u00f9 vicino al Sole, ha fatto capolino nei pressi della Marmolada, sfuggendo all&#8217; accecante luce dell&#8217;astro diurno in cui \u00e8 quasi sempre immerso. La luce della Luna, che illuminava a giorno la scena, ha ulteriormente arricchito uno scenario gi\u00e0 di per s\u00e9 fiabesco come quello di Passo Giau, da dove la foto \u00e8 stata scattata dall&#8217;astrofilo Agordino Claudio Pra.<\/p>\n<p>&nbsp;<\/p>\n","protected":false},"excerpt":{"rendered":"<p>A pagina 100 dell&#8217;ultimo numero della rivista astronomica Coelum campeggia una foto dolomitica. Cosa c&#8217;entra l&#8217;astronomia con le Dolomiti? Beh, il cielo stellato dei nostri luoghi, seppur minacciato dall&#8217;inquinamento luminoso, \u00e8 ancora piuttosto buio ed il contesto aiuta a fondere insieme volta celeste e paesaggi meravigliosi. Cos\u00ec \u00e8 stato nella serata del 6 febbraio quando&hellip;<\/p>\n","protected":false},"author":1,"featured_media":119242,"comment_status":"closed","ping_status":"closed","sticky":false,"template":"","format":"standard","meta":{"_monsterinsights_skip_tracking":false,"_monsterinsights_sitenote_active":false,"_monsterinsights_sitenote_note":"","_monsterinsights_sitenote_category":0,"footnotes":""},"categories":[49],"tags":[],"class_list":["post-119334","post","type-post","status-publish","format-standard","has-post-thumbnail","hentry","category-news-18","category-49","description-off"],"img_url":"https:\/\/www.radiopiu.net\/wordpress\/wp-content\/uploads\/2020\/02\/f066b295-fd66-4cae-8db7-8ef2158f8fe9.jpg","_links":{"self":[{"href":"https:\/\/www.radiopiu.net\/wordpress\/wp-json\/wp\/v2\/posts\/119334","targetHints":{"allow":["GET"]}}],"collection":[{"href":"https:\/\/www.radiopiu.net\/wordpress\/wp-json\/wp\/v2\/posts"}],"about":[{"href":"https:\/\/www.radiopiu.net\/wordpress\/wp-json\/wp\/v2\/types\/post"}],"author":[{"embeddable":true,"href":"https:\/\/www.radiopiu.net\/wordpress\/wp-json\/wp\/v2\/users\/1"}],"replies":[{"embeddable":true,"href":"https:\/\/www.radiopiu.net\/wordpress\/wp-json\/wp\/v2\/comments?post=119334"}],"version-history":[{"count":0,"href":"https:\/\/www.radiopiu.net\/wordpress\/wp-json\/wp\/v2\/posts\/119334\/revisions"}],"wp:featuredmedia":[{"embeddable":true,"href":"https:\/\/www.radiopiu.net\/wordpress\/wp-json\/wp\/v2\/media\/119242"}],"wp:attachment":[{"href":"https:\/\/www.radiopiu.net\/wordpress\/wp-json\/wp\/v2\/media?parent=119334"}],"wp:term":[{"taxonomy":"category","embeddable":true,"href":"https:\/\/www.radiopiu.net\/wordpress\/wp-json\/wp\/v2\/categories?post=119334"},{"taxonomy":"post_tag","embeddable":true,"href":"https:\/\/www.radiopiu.net\/wordpress\/wp-json\/wp\/v2\/tags?post=119334"}],"curies":[{"name":"wp","href":"https:\/\/api.w.org\/{rel}","templated":true}]}}