{"id":119377,"date":"2020-02-28T06:29:04","date_gmt":"2020-02-28T05:29:04","guid":{"rendered":"https:\/\/www.radiopiu.net\/wordpress\/?p=119377"},"modified":"2020-02-28T10:27:04","modified_gmt":"2020-02-28T09:27:04","slug":"giornale-radiopiu-28-febbraio-2020-direttore-mirko-mezzacasa","status":"publish","type":"post","link":"https:\/\/www.radiopiu.net\/wordpress\/giornale-radiopiu-28-febbraio-2020-direttore-mirko-mezzacasa\/","title":{"rendered":"GIORNALE RADIOPIU 28 FEBBRAIO 2020 direttore Mirko Mezzacasa"},"content":{"rendered":"<h3><strong><a class=\"dt-pswp-item\" href=\"https:\/\/www.radiopiu.net\/wordpress\/wp-content\/uploads\/2020\/02\/telegram-q-ok.jpg\" data-dt-img-description=\"\" data-large_image_width=\"800\" data-large_image_height=\"800\"><img loading=\"lazy\" decoding=\"async\" class=\"wp-image-117176 alignleft\" src=\"https:\/\/www.radiopiu.net\/wordpress\/wp-content\/uploads\/2020\/02\/telegram-q-ok-300x300.jpg\" alt=\"\" width=\"103\" height=\"103\" srcset=\"https:\/\/www.radiopiu.net\/wordpress\/wp-content\/uploads\/2020\/02\/telegram-q-ok-300x300.jpg 300w, https:\/\/www.radiopiu.net\/wordpress\/wp-content\/uploads\/2020\/02\/telegram-q-ok-150x150.jpg 150w, https:\/\/www.radiopiu.net\/wordpress\/wp-content\/uploads\/2020\/02\/telegram-q-ok-768x768.jpg 768w, https:\/\/www.radiopiu.net\/wordpress\/wp-content\/uploads\/2020\/02\/telegram-q-ok.jpg 800w\" sizes=\"auto, (max-width: 103px) 100vw, 103px\" \/><\/a><\/strong><\/h3>\n<h3><strong>PER RICEVERE QUESTO NOTIZIARIO DIRETTAMENTE SUL TUO CELLULARE ISCRIVITI AL CANALE <span style=\"color: #0000ff;\">TELEGRAM<\/span><\/strong><\/h3>\n<p><strong>&#8220;<span style=\"color: #ff0000;\">RADIO PIU\u00a0 INFORMAZIONE<span style=\"color: #000000;\">&#8221;\u00a0<\/span><\/span><\/strong><\/p>\n<p>&nbsp;<\/p>\n<p>&nbsp;<\/p>\n<p>&nbsp;<\/p>\n<hr \/>\n<blockquote><p><strong>OGGI\u00a0 dalle ore 08:00 alle ore 12:00 potrebbe mancare l&#8217;acqua a LIVINALLONGO DEL COL DI LANA, nelle LOCALITA&#8217; DI PRECUMON E ZORZ<\/strong><\/p><\/blockquote>\n<hr \/>\n<p>Gestione Servizi Pubblici informa che, per lavori alla rete idrica comunale, il giorno 03\/03\/2020 dalle ore 08:30 alle ore 12:00 potrebbe mancare l&#8217;acqua a FALCADE, nella LOCALITA&#8217; DI CAVIOLA. Il personale addetto operer\u00e0 per limitare il pi\u00f9 possibile i disagi alla popolazione. Per informazioni \u00e8 possibile contattare il Servizio Clienti al numero 800 306 999 o +39 0445 230521 (da estero) . Per emergenze il numero del Pronto Intervento \u00e8 800 757678.<\/p>\n<hr \/>\n<p>&nbsp;<\/p>\n<h3>CON I DISSERVIZI NON E&#8217; MAI FINITA: in\u00a0 tutta l&#8217;area di Arabba i telefoni WIND, TRE e ILIAD per il terzo giorno consecutivo sono muti, nessun intervento nonostante le svariate segnalazioni, migliaia di turisti e decine di residenti senza servizio<\/h3>\n<hr \/>\n<h3><\/h3>\n<p>&nbsp;<\/p>\n<blockquote>\n<h3>NUOVO STATO DI ATTENZIONE PER VENTO FORTE IN ARRIVO SULLE ZONE MONTANE<\/h3>\n<\/blockquote>\n<p><strong>VENEZIA<\/strong>\u00a0 Il Centro funzionale decentrato della Protezione Civile del Veneto, in considerazione delle previsioni meteo, ha emesso un avviso nel quale viene decretata la fase operativa di attenzione per forte vento sulle zone montane e pedemontane di tutto il Veneto fino\u00a0 alle ore 14. Le previsioni come da Meteo Veneto indicano, infatti venti forti settentrionali sulle zone montane, a tratti molto forti in alta quota; raffiche di Foehn anche forti nelle valli<\/p>\n<p>&nbsp;<\/p>\n<hr \/>\n<h3><\/h3>\n<p>&nbsp;<\/p>\n<blockquote>\n<h3>OPERAIO DI TAIBON IN PROGNOSI RISERVATA A TREVISO<\/h3>\n<\/blockquote>\n<p><strong><img loading=\"lazy\" decoding=\"async\" class=\"alignleft\" src=\"https:\/\/www.radiopiu.net\/wordpress\/wp-content\/uploads\/2019\/05\/ELI-SUEM-SOCC-3.jpg\" width=\"133\" height=\"75\" \/>SAN GREGORIO NELLE ALP<\/strong>I Incidente sul lavoro alla ditta Fristeel, Mario Ganz 48 anni di Taibon Agordino, operaio specializzato, per un cedimento del tetto sul quale stava lavorando \u00e8 precipitato a terra da 6 metri di altezza. Il Suem lo ha elitrasportato all&#8217;ospedale di Treviso per trauma cranico e toracico, prognosi riservata. Per i rilievi sono intervenuti i Carabinieri di Mel<\/p>\n<p>&nbsp;<\/p>\n<p>&nbsp;<\/p>\n<hr \/>\n<p>&nbsp;<\/p>\n<p>&nbsp;<\/p>\n<blockquote>\n<h3>DUE INCIDENTI IN VALZOLDANA, DUE STUDENTI CADONO DALLA SEGGIOVIA<\/h3>\n<\/blockquote>\n<p><strong><a class=\"dt-pswp-item\" href=\"https:\/\/www.radiopiu.net\/wordpress\/wp-content\/uploads\/2020\/02\/1bb6841b-2a08-4b3a-800f-64df717b500b.jpg\" data-dt-img-description=\"\" data-large_image_width=\"240\" data-large_image_height=\"320\"><img loading=\"lazy\" decoding=\"async\" class=\"size-medium wp-image-119482 alignleft\" src=\"https:\/\/www.radiopiu.net\/wordpress\/wp-content\/uploads\/2020\/02\/1bb6841b-2a08-4b3a-800f-64df717b500b-225x300.jpg\" alt=\"\" width=\"225\" height=\"300\" srcset=\"https:\/\/www.radiopiu.net\/wordpress\/wp-content\/uploads\/2020\/02\/1bb6841b-2a08-4b3a-800f-64df717b500b-225x300.jpg 225w, https:\/\/www.radiopiu.net\/wordpress\/wp-content\/uploads\/2020\/02\/1bb6841b-2a08-4b3a-800f-64df717b500b.jpg 240w\" sizes=\"auto, (max-width: 225px) 100vw, 225px\" \/><\/a>VAL DI ZOLDO<\/strong> Un 14enne di Treviso\u00a0 ha sbagliato i tempi e per cause da accertare mentre attendava la seggiovia \u00e8 caduto nel vuoto da un&#8217;altezza di 3 metri. E&#8217; successo stamane nel comprensorio Zoldano, sotto agli occhi dei Carabinieri sciatori impegnati da inizio stagione nel loro importante servizio. Una bambina di 8 anni di\u00a0 Bologna \u00e8 invece caduta da un&#8217;altezza di 4 metri mentre saliva\u00a0 in\u00a0 seggiovia. Entrambi avevano il casco regolarmente indossato. L&#8217;uno con l&#8217;ambulanza, l&#8217;altra con l&#8217;elicottero sono stati trasportati all&#8217;ospedale di Belluno per le ferite riportate.<\/p>\n<p>&nbsp;<\/p>\n<p>&nbsp;<\/p>\n<p>&nbsp;<\/p>\n<p>&nbsp;<\/p>\n<p>&nbsp;<\/p>\n<p>&nbsp;<\/p>\n<hr \/>\n<p>&nbsp;<\/p>\n<blockquote>\n<h2>DOLORE INFINITO AD ALLEGHE E&#8217; MANCATO ANCHE CLAUDIO FRANCESCHINI<\/h2>\n<\/blockquote>\n<p style=\"text-align: left;\"><strong><a class=\"dt-pswp-item\" href=\"https:\/\/www.radiopiu.net\/wordpress\/wp-content\/uploads\/2020\/02\/a627b0ef-4ed4-4e22-9b0b-5ad2c12334e1.jpg\" data-dt-img-description=\"\" data-large_image_width=\"720\" data-large_image_height=\"1440\"><img loading=\"lazy\" decoding=\"async\" class=\"size-medium wp-image-119522 alignleft\" src=\"https:\/\/www.radiopiu.net\/wordpress\/wp-content\/uploads\/2020\/02\/a627b0ef-4ed4-4e22-9b0b-5ad2c12334e1-150x300.jpg\" alt=\"\" width=\"150\" height=\"300\" srcset=\"https:\/\/www.radiopiu.net\/wordpress\/wp-content\/uploads\/2020\/02\/a627b0ef-4ed4-4e22-9b0b-5ad2c12334e1-150x300.jpg 150w, https:\/\/www.radiopiu.net\/wordpress\/wp-content\/uploads\/2020\/02\/a627b0ef-4ed4-4e22-9b0b-5ad2c12334e1-512x1024.jpg 512w, https:\/\/www.radiopiu.net\/wordpress\/wp-content\/uploads\/2020\/02\/a627b0ef-4ed4-4e22-9b0b-5ad2c12334e1.jpg 720w\" sizes=\"auto, (max-width: 150px) 100vw, 150px\" \/><\/a>ALLEGHE <\/strong>Un&#8217;altra steccata sul morale degli alleghesi, questa notte \u00e8 mancato Claudio Franceschini, gi\u00e0 vice presidente della societ\u00e0 hockeystica, con importanti incarichi in Federazione e nel Comitato Veneto. E&#8217; stato inoltre sindaco ad Alleghe per una legislatura. ed era presidente della Casa di Soggiorno di Taibon Agordino. Anche Claudio come Renato Rossi mancato ieri, ha dato contributi importanti per lo sviluppo dell&#8217;hockey alleghese, con Radio Pi\u00f9 fu il promotore di due importanti concerti al De Toni, i Nomadi nel 2002, gli Stadio l&#8217;anno successivo. Il suo legame al paese ribadito dalla donazione della sala Antonio Franceschini, che porta il nome del padre. Claudio, uomo buono, vicino alla gente del suo paese, appena ha potuto ha lasciato la metropoli milanese al termine di un&#8217;importante carriera industriale e si \u00e8 trasferito in riva al lago. Da allora si \u00e8 speso per tutte le iniziative del suo paese, l&#8217;hockey era la sua priorit\u00e0. Quante trasferte, sorrisi e lacrime dentro e fuori dagli stadi.<strong><br \/>\n<\/strong><\/p>\n<blockquote>\n<p style=\"text-align: left;\"><strong>Un&#8217;altra perdita importante <em>&#8220;Un altro petalo di una margherita sempre pi\u00f9 spoglia&#8221;,<\/em> il commosso commento di Patrick De Silvestro, stamane di buon&#8217;ora.<\/strong><\/p>\n<\/blockquote>\n<p><strong>IL RICORDO DI MAURIZIO REBERSCHAK<\/strong><\/p>\n<blockquote><p><em>Eravamo vicini di casa ad Alleghe. Ogni giorno ci si vedeva e ci si salutava cordialmente. Uomo buono e sincero, cordiale a affabile, generoso e nello stesso tempo riservato. Pronto sempre a mettersi a disposizione del suo paese. Un esempio di cittadino per tutti. Alleghe perde un riferimento importante. L&#8217;Hockey Alleghe non avr\u00e0 pi\u00f9 un&#8217;altra sua colonna: dopo Nilo Riva e Renato Rossi, anche Claudio lascia un vuoto incolmabile.<\/em><\/p><\/blockquote>\n<p>&nbsp;<\/p>\n<hr \/>\n<blockquote>\n<h2><\/h2>\n<h2>L&#8217;ALLEGHE HOCKEY\u00a0 SPROFONDA NELLA TRISTEZZA, L&#8217;AGORDINO PIANGE RENATO ROSSI<\/h2>\n<\/blockquote>\n<p>audio, voce CLAUDIA CATTADORI<\/p>\n<audio class=\"wp-audio-shortcode\" id=\"audio-119377-1\" preload=\"none\" style=\"width: 100%;\" controls=\"controls\"><source type=\"audio\/mpeg\" src=\"https:\/\/www.radiopiu.net\/wordpress\/wp-content\/uploads\/2020\/02\/claudia-renato.mp3?_=1\" \/><a href=\"https:\/\/www.radiopiu.net\/wordpress\/wp-content\/uploads\/2020\/02\/claudia-renato.mp3\">https:\/\/www.radiopiu.net\/wordpress\/wp-content\/uploads\/2020\/02\/claudia-renato.mp3<\/a><\/audio>\n<p>&nbsp;<\/p>\n<p><strong><a class=\"dt-pswp-item\" href=\"https:\/\/www.radiopiu.net\/wordpress\/wp-content\/uploads\/2020\/02\/image.jpg\" data-dt-img-description=\"\" data-large_image_width=\"960\" data-large_image_height=\"540\"><img loading=\"lazy\" decoding=\"async\" class=\" wp-image-119504 alignleft\" src=\"https:\/\/www.radiopiu.net\/wordpress\/wp-content\/uploads\/2020\/02\/image-300x169.jpg\" alt=\"\" width=\"213\" height=\"120\" srcset=\"https:\/\/www.radiopiu.net\/wordpress\/wp-content\/uploads\/2020\/02\/image-300x169.jpg 300w, https:\/\/www.radiopiu.net\/wordpress\/wp-content\/uploads\/2020\/02\/image-768x432.jpg 768w, https:\/\/www.radiopiu.net\/wordpress\/wp-content\/uploads\/2020\/02\/image.jpg 960w\" sizes=\"auto, (max-width: 213px) 100vw, 213px\" \/><\/a>ALLEGHE<\/strong> La notizia \u00e8 arriva in radio nel pomeriggio di ieri\u00a0 da Patrick De Silvestro, l&#8217;uomo pi\u00f9 vicino a Renato Rossi soprattutto dalla scomparsa di Nilo Riva, otto anni fa. <em>&#8220;E&#8217; mancato il nostro presidente. Il male terribile lo ha vinto&#8221;.<\/em> Da rimanere senza fiato, che Renato Rossi non fosse nelle migliori condizioni fisiche era noto, da tempo stava lottando contro il cancro ma ad ogni telefonata sapeva nascondere il dolore, la sofferenza, l&#8217;ansia.<em> &#8220;Lo ho sentito di ritorno da Cavalese &#8211; racconta Patrick con grande commozione &#8211; mi aveva chiesto come era andata la partita, con lui ho parlato per tutto il viaggio di ritorno. Poi non l&#8217;ho pi\u00f9 sentito, impossibile contattarlo e qui sono sorti i primi dubbi anche per l&#8217;emergenza Coronavirus che ha interessato la nostra Regione. Mi sembrava strano che Renato non si informasse&#8221;.<\/em> La sensazione si \u00e8 trasformata in realt\u00e0 stamane quando \u00e8 arrivata la telefonata, ironia del destino proprio nel momento in cui Taibon dava l&#8217;ultimo saluto a Corrado Ben, Luky Sport che con Renato aveva da sempre una grande amicizia. Da alcuni mesi Renato non ritornava nella sua bella casa di Taibon, le ultime volte con le lacrime agli occhi per la perdita della cara Mimi, la moglie con la quale ha condiviso un percorso di vita. Lascia il figlio Arthur, pare che il suo desiderio fosse, una volta cremato, di tornare tra le sue montagne nel cimitero\u00a0 del paese.<\/p>\n<h2><\/h2>\n<h2><a class=\"dt-pswp-item\" href=\"https:\/\/www.radiopiu.net\/wordpress\/wp-content\/uploads\/2020\/02\/87954431_10221622824782820_3262214951950876672_n.jpg\" data-dt-img-description=\"\" data-large_image_width=\"820\" data-large_image_height=\"462\"><img loading=\"lazy\" decoding=\"async\" class=\" wp-image-119449 alignleft\" src=\"https:\/\/www.radiopiu.net\/wordpress\/wp-content\/uploads\/2020\/02\/87954431_10221622824782820_3262214951950876672_n-300x169.jpg\" alt=\"\" width=\"227\" height=\"128\" srcset=\"https:\/\/www.radiopiu.net\/wordpress\/wp-content\/uploads\/2020\/02\/87954431_10221622824782820_3262214951950876672_n-300x169.jpg 300w, https:\/\/www.radiopiu.net\/wordpress\/wp-content\/uploads\/2020\/02\/87954431_10221622824782820_3262214951950876672_n-768x433.jpg 768w, https:\/\/www.radiopiu.net\/wordpress\/wp-content\/uploads\/2020\/02\/87954431_10221622824782820_3262214951950876672_n.jpg 820w\" sizes=\"auto, (max-width: 227px) 100vw, 227px\" \/><\/a>IL COMUNICATO DELLA SOCIETA&#8217; DI VIA LUNGOLAGO<\/h2>\n<blockquote><p>E\u2019 con grande tristezza che abbiamo appreso della morte del nostro amato presidente Ing. Renato Rossi, spentosi a Toronto all\u2019et\u00e0 di 85 anni. L\u2019AD Adriano Levis: \u201c<em>Questa notizia ci riempie di tristezza. Stecche al cielo in onore di un grande uomo e di un grande Presidente. RIP Renato\u201d.<\/em> Patrick De Silvestro: <em>\u201cRester\u00e0 sempre nei nostri cuori e nei cuori di tutti i tifosi dell Alleghe Hockey, so che da lass\u00f9, assieme a Nilo riva tiferete sempre per i nostri colori, ciao Renato\u201d.<\/em> Le pi\u00f9 sentite condoglianze alla famiglia, alla nipote Alessia e la cugina Maria Teresa. Non ti dimenticheremo mai Renato.<\/p><\/blockquote>\n<p>&nbsp;<\/p>\n<blockquote>\n<h2>marzo 2008 ARCHIVIO RADIO PIU&#8217;&#8230; CHI ERA RENATO<\/h2>\n<\/blockquote>\n<p><strong>AGORDO<\/strong><br \/>\n<a class=\"dt-pswp-item\" href=\"https:\/\/www.radiopiu.net\/wordpress\/wp-content\/uploads\/2020\/02\/download-20.jpg\" data-dt-img-description=\"\" data-large_image_width=\"183\" data-large_image_height=\"275\"><img loading=\"lazy\" decoding=\"async\" class=\"size-full wp-image-119426 alignleft\" src=\"https:\/\/www.radiopiu.net\/wordpress\/wp-content\/uploads\/2020\/02\/download-20.jpg\" alt=\"\" width=\"183\" height=\"275\" \/><\/a>L&#8217;ingegner Renato Rossi di Taibon Agordino, noto alle cronache sportive poich\u00e9 presidente dell&#8217;Alleghe Hockey, ricever\u00e0 il premio &#8220;Bellunesi che hanno onorato la Provincia in Italia e nel mondo&#8221;. Renato Rossi si \u00e8 fatto stimare in Italia, a Toronto, per il suo grande impegno nel mondo del lavoro. Notevole anche il suo impegno per lo sport dapprima come giocatore e poi come dirigente con il sodalizio hockeystico ai piedi del Civetta. Il premio sar\u00e0 assegnato il 13 dicembre, alle 9.30, nella palestra comunale di Lentiai.<br \/>\n<strong>IL PERSONAGGIO<\/strong><br \/>\nRenato Rossi nasce a San Tomaso il 25 agosto 1935, trascorre l&#8217;infanzia ad Alleghe ove la famiglia si trasferisce nel 1938. Dopo l&#8217;improvvisa morte del padre (1955) continua gli studi e nel 1960 si laurea in ingegneria elettrotecnica al Politecnico di Milano. Nel 1958 la famiglia si trasferisce a Taibon, luogo di nascita della madre. Per breve tempo lavora per la Autophon, societ\u00e0 svizzera attiva nel nascente gruppo dei radiotelefoni da cui si svilupper\u00e0 tutta l&#8217;industria dei cellulari. Nel 1962 \u00e8 assunto alla Pirelli e destinato alla sede di New York dove cura gli interessi del settore cavi in Nord America. Durante questo periodo consegue un Master in Businnes Administration presso la Universit\u00e0 di New York frequentando corsi serali. Nel 1967 \u00e8 trasferito in Canada, alla Pirelli Cables di Montreal, dove ricopre la carica di assistant to the president. Nel 1970 ritorna negli Stati Uniti come direttore della sede Pirelli a New York. Nel 1973 prima di essere trasferito a Milano come direttore del controllo economico e della programmazione settore cavi, viene iscritto dalla Pirelli all&#8217;Universit\u00e0 di Boston per il completamento dell&#8217;Advanced Management Program. Dal 1976 \u00e8 di nuovo in Canada, a Toronto e nel 1980, assieme al presidente, rileva la Ceeco Machinery che diventa realt\u00e0 indipendente. Nei successivi 17 anni l&#8217;azienda \u00e8 leader mondiale nella progettazione e fabbricazione di macchinari e impianti per la produzione di cavi, fibbre ottiche, funi di acciaio e molto altro del settore come ad esempio i tubi flessibili sottomarini per lo sfruttamento dei giacimenti petroliferi. Il fatturato aumenta di 10 volte con stabilimenti negli Stati Uniti, Brasile, Messico. La forza lavoro passa da 60 addetti nel 1980 agli oltre 500 del 1987. Nel 1997 la Ceeco Machinery viene ceduta al gruppo finlandese Nokia con Rossi alla guida (come presidente) fino al 2000.<br \/>\nNello sport Renato Rossi ha prima giocato ad Alleghe, poi ha contribuito a selezionare e ingaggiare i migliori giocatori di hockey giunti in Italia ed oggi \u00e8 il presidente dell&#8217;Alleghe Hockey.<br \/>\nMirko Mezzacasa<\/p>\n<p>&nbsp;<\/p>\n<blockquote>\n<h3><a class=\"dt-pswp-item\" href=\"https:\/\/www.radiopiu.net\/wordpress\/wp-content\/uploads\/2020\/02\/image-1.jpg\" data-dt-img-description=\"\" data-large_image_width=\"960\" data-large_image_height=\"540\"><img loading=\"lazy\" decoding=\"async\" class=\"size-medium wp-image-119505 alignleft\" src=\"https:\/\/www.radiopiu.net\/wordpress\/wp-content\/uploads\/2020\/02\/image-1-300x169.jpg\" alt=\"\" width=\"300\" height=\"169\" srcset=\"https:\/\/www.radiopiu.net\/wordpress\/wp-content\/uploads\/2020\/02\/image-1-300x169.jpg 300w, https:\/\/www.radiopiu.net\/wordpress\/wp-content\/uploads\/2020\/02\/image-1-768x432.jpg 768w, https:\/\/www.radiopiu.net\/wordpress\/wp-content\/uploads\/2020\/02\/image-1.jpg 960w\" sizes=\"auto, (max-width: 300px) 100vw, 300px\" \/><\/a>a Renato Rossi era stato dato anche il Premio Corpassa 2013 Ecco la motivazione: Premio \u201cCORPASSA\u201d 2013<\/h3>\n<p>nella foto Maria Teresa Fontanelle, cugina di Renato ritira il premio, quel giorno il presidente era a Toronto accanto alla Moglie Mimi&#8217; gravemente ammalata.<\/p>\n<p><strong>di Loris Santomaso<\/strong><\/p>\n<p>a Renato Rossi Classe 1935, da San Tomaso Agordino. Infanzia e giovinezza specchiate nel verde-azzurro estivo e nella bianca piastra invernale del lago di \u00c0lleghe. Giovinezza segnata dalla perdita del padre, dal trasferimento della famiglia a Taibon, paese d\u2019origine materna, e dalla laurea in Ingegneria elettrotecnica al Politecnico di Milano. Emigrante, ngegnoso\u00a0 \u00a0intraprendente, ha svolto lunga e qualificata attivit\u00e0 professionale in Italia e all\u2019estero (Svizzera, Stati Uniti e Canada) nel nascente campo dei radiotelefoni antesignani dei cellulari, ricoprendo importanti ruoli direttivi e manageriali,conseguendo prestigiosi successi produttivi ovunque apprezzato per seriet\u00e0, capacit\u00e0 e perizia, cos\u00ec onorando Taibon e l\u2019Agordino cui \u00e8 rimasto fortemente legato. Non dimentico dei brillanti giovanili trascorsi sportivi nell\u2019hockey su ghiaccio praticato sulla pista di casa e a Milano ha mantenuto costanti proficui rapporti, partecipando alla sua conduzione, con l\u2019Hockey Alleghe che guida dal 2006 con passione e competenza.\u00a0 <strong>Gli amici de \u201cLa Bortol\u00f3na\u201d con l\u2019Amministrazione\u00a0 Comunale e la Parrocchia di Taibon Agordino dedicano con ammirazione. Val Corpassa, 18 agosto 2013<\/strong><\/p><\/blockquote>\n<p>&nbsp;<\/p>\n<p>&nbsp;<\/p>\n<hr \/>\n<p>&nbsp;<\/p>\n<p>&nbsp;<\/p>\n<blockquote>\n<h2>ATTENZIONE ALLE TRUFFE DA CORONAVIRUS. SEGNALATE DUE DONNE<\/h2>\n<\/blockquote>\n<p><strong><img loading=\"lazy\" decoding=\"async\" class=\"alignleft\" src=\"https:\/\/www.radiopiu.net\/wordpress\/wp-content\/uploads\/2016\/05\/carabinieri-6-2.jpg\" width=\"185\" height=\"126\" \/>BELLUNO <\/strong>L&#8217;allarme \u00e8 stato lanciato da giorni, la sensazione era nell&#8217;aria come il coronavirus ma oggi in tarda mattinata la sensazione si \u00e8 purtroppo trasformata in triste realt\u00e0. Sono state segnalate due donne che bussavano alla porta di alcune case presentandosi\u00a0 come incaricate da chiss\u00e0 chi per\u00a0 fare dei tamponi sanitari. Non risulta che qualcuno ci sia cascato aprendo le porte e facendo entrare le sconosciute, anzi subito \u00e8 stato dato l&#8217;allarme ai Carabinieri e la pattuglia ha raccolto le testimonianze. La ricerca delle due\u00a0 truffatrici non ha dato esito posivo e la\u00a0 persona che ha contattato i Carabinieri\u00a0 della stazione di Mel dove \u00e8 stata denunciata la tentata frutta, ma non ha saputo fornire indicazioni sulle donne n\u00e9 sui mezzi su cui sarebbero arrivate, unico particolare che una di loro\u00a0 indossava un giubbotto di colore\u00a0 rosso.<\/p>\n<blockquote>\n<h3>Per questo in caso di episodi simili non esitate a chiamare il 112, comunque le forze di Polizia.<\/h3>\n<\/blockquote>\n<p>&nbsp;<\/p>\n<p>&nbsp;<\/p>\n<hr \/>\n<p>&nbsp;<\/p>\n<p>&nbsp;<\/p>\n<blockquote>\n<h3>CORONAVIRUS: REGIONE VENETO, ASSESSORE ALLA SANIT\u00c0, \u201cSOLO 116 I POSITIVI SU OLTRE 6 MILA TAMPONI<\/h3>\n<\/blockquote>\n<p><strong>VENEZIA<\/strong>\u00a0 \u201cSi sta decidendo in queste ore se reiterare l\u2019ordinanza regionale per il coronavirus, ed eventualmente in quali termini. Ma anche in caso di revoca dell\u2019ordinanza, le scuole di Vo\u2019 Euganeo (oggetto del Dpcm ministeriale) e di Limena (dove si \u00e8 registrato un caso positivo al virus), nel Padovano, rimarrebbero chiuse. Il plesso di Limena interessa circa 180 bambini\u201d. Lo ha annunciato l\u2019assessore regionale alla Sanit\u00e0 e al Sociale in Consiglio regionale, incontrando i capigruppo e i componenti della commissione Sanit\u00e0 per fare il punto sulla diffusione del virus Covid 19 in Veneto e sulle risposte offerte dal sistema sanitario regionale. Oltre 6 mila tamponi eseguiti in Veneto, 116 i casi positivi al test e confermati (in gran parte asintomatici), 27 ricoverati di cui 8 in terapia intensiva, due morti e 2 contagiati gi\u00e0 dimessi. Questi ad oggi i numeri dell\u2019epidemia in Veneto &#8211; ricapitolati dall\u2019assessore, affiancata da Francesca Russo, responsabile del Dipartimento Prevenzione della Sanit\u00e0 del Veneto \u2013 che sinora ha interessato in prevalenza soggetti in et\u00e0 anziana, spesso affetti gi\u00e0 da altre patologie. Solo un minore, una bambina di otto anni a Limena, risulta positivo al test, peraltro senza manifestare sintomi clinici.<\/p>\n<p>&nbsp;<\/p>\n<p>&nbsp;<\/p>\n<hr \/>\n<p>&nbsp;<\/p>\n<p>&nbsp;<\/p>\n<blockquote>\n<h3>CON IL GOVERNATORE LUCA ZAIA L&#8217;AGGIORNAMENTO SERALE<\/h3>\n<\/blockquote>\n<h3>La notizia positiva oggi \u00e8 l&#8217;incremento limitato dei contagiati, su 5.300 tamponi solo l&#8217;1,8% sono i positivi. Dei 98 contagiati ad oggi, oltre il 50% \u00e8 asintomatico. Il fatto che non ci sia un incremento esponenziale ci fa ben sperare perch\u00e9 si possa tornare presto alla normalit\u00e0.<\/h3>\n<p>&nbsp;<\/p>\n<div id=\"fb-root\"><\/div>\n<p><script async=\"1\" defer=\"1\" crossorigin=\"anonymous\" src=\"https:\/\/connect.facebook.net\/it_IT\/sdk.js#xfbml=1&amp;version=v6.0\"><\/script><\/p>\n<div class=\"fb-video\" data-href=\"https:\/\/www.facebook.com\/zaiaufficiale\/videos\/2896254917062274\/\" data-width=\"1200\">\n<blockquote cite=\"https:\/\/www.facebook.com\/zaiaufficiale\/videos\/2896254917062274\/\" class=\"fb-xfbml-parse-ignore\"><p><a href=\"https:\/\/www.facebook.com\/zaiaufficiale\/videos\/2896254917062274\/\">CORONAVIRUS, ZAIA: NOTIZIE POSITIVE DAL BILANCIO DI OGGI<\/a><\/p>\n<p>\u203c\u203c\u203c #CORONAVIRUS \/ La notizia positiva oggi \u00e8 l&#039;incremento limitato dei contagiati, su 5.300 tamponi solo l&#039;1,8% sono i positivi. Dei 98 contagiati ad oggi, oltre il 50% \u00e8 asintomatico. Il fatto che non ci sia un incremento esponenziale ci fa ben sperare perch\u00e9 si possa tornare presto alla normalit\u00e0. \u203c\u203c\u203c<\/p>\n<p>Pubblicato da <a href=\"https:\/\/www.facebook.com\/zaiaufficiale\/\">Luca Zaia<\/a> su Gioved\u00ec 27 febbraio 2020<\/p><\/blockquote>\n<\/div>\n<h3><\/h3>\n<h3>DALLA PAGINA FACEBOOK LUCA ZAIA UFFICIALE<\/h3>\n<p>Una paziente a Vo&#8217;, di 47 anni, che ha avuto un picco febbrile il 18 febbraio, il tampone positivo il 22: \u00e8 stata ricoverata per neppure due giorni poi \u00e8 stata dimessa e va in isolamento fiduciario. Un secondo paziente positivo al coronavirus, sempre del cluster di Vo&#8217;, \u00e8 stato dimesso e posto in isolamento fiduciario a domicilio. Il paziente era ricoverato all&#8217;Azienda Ospedaliera di Padova, ed era risultat<span class=\"text_exposed_show\">o positivo al test il 22 febbraio scorso. <\/span>Queste sono due belle notizie. Per noi sono importanti perch\u00e9 dimostrano che il Coronavirus non porta tutti in rianimazione, anche se purtroppo nei casi clinici complicati questo accade.<\/p>\n<h3><\/h3>\n<h3>\u00a0IMPORTANTI NOVITA&#8217; \/ Valutiamo di non prorogare l&#8217;ordinanza del 22 febbraio.<\/h3>\n<div id=\"fb-root\"><\/div>\n<p><script async=\"1\" defer=\"1\" crossorigin=\"anonymous\" src=\"https:\/\/connect.facebook.net\/it_IT\/sdk.js#xfbml=1&amp;version=v6.0\"><\/script><\/p>\n<div class=\"fb-video\" data-href=\"https:\/\/www.facebook.com\/zaiaufficiale\/videos\/209926070202688\/\" data-width=\"1200\">\n<blockquote cite=\"https:\/\/www.facebook.com\/zaiaufficiale\/videos\/209926070202688\/\" class=\"fb-xfbml-parse-ignore\"><p><a href=\"https:\/\/www.facebook.com\/zaiaufficiale\/videos\/209926070202688\/\">CORONAVIRUS IN VENETO, IMPORTANTI NOVITA&#039;!<\/a><\/p>\n<p>\u203c\u203c\u203c #CORONAVIRUS, IMPORTANTI NOVITA&#039; \/ Valutiamo di non prorogare l&#039;ordinanza del 22 febbraio.Ascoltate le mie dichiarazioni \u203c\u203c\u203c<\/p>\n<p>Pubblicato da <a href=\"https:\/\/www.facebook.com\/zaiaufficiale\/\">Luca Zaia<\/a> su Gioved\u00ec 27 febbraio 2020<\/p><\/blockquote>\n<\/div>\n<p>&nbsp;<\/p>\n<p>&nbsp;<\/p>\n<hr \/>\n<p>&nbsp;<\/p>\n<p>&nbsp;<\/p>\n<h2>DAL GIORNALE RADIO SERA DELLE 18.30, LE COMUNICAZIONI DELL&#8217;ASSESSORE GIANPAOLO BOTTACIN<\/h2>\n<blockquote class=\"wp-embedded-content\" data-secret=\"eBQD3XPyAx\"><p><a href=\"https:\/\/www.radiopiu.net\/wordpress\/ultimora\/\">GIANPAOLO BOTTACIN LE ULTIMISSIME E DATI AGGIORNATI<\/a><\/p><\/blockquote>\n<p><iframe loading=\"lazy\" title=\"&#8220;GIANPAOLO BOTTACIN LE ULTIMISSIME E DATI AGGIORNATI&#8221; &#8212; Radio Pi\u00f9\" class=\"wp-embedded-content\" sandbox=\"allow-scripts\" security=\"restricted\" style=\"position: absolute; clip: rect(1px, 1px, 1px, 1px);\" src=\"https:\/\/www.radiopiu.net\/wordpress\/ultimora\/embed\/#?secret=eBQD3XPyAx\" data-secret=\"eBQD3XPyAx\" width=\"600\" height=\"338\" frameborder=\"0\" marginwidth=\"0\" marginheight=\"0\" scrolling=\"no\"><\/iframe><\/p>\n<p>&nbsp;<\/p>\n<hr \/>\n<h3><\/h3>\n<p>&nbsp;<\/p>\n<blockquote>\n<h3>Fabio Soppelsa trattenuto in servizio per due mesi per fronteggiare il Coronavirus. Il direttore del Dipartimento di Prevenzione ha differito la data di pensionamento su richiesta della Direzione<\/h3>\n<\/blockquote>\n<p><a class=\"dt-pswp-item\" href=\"https:\/\/www.radiopiu.net\/wordpress\/wp-content\/uploads\/2020\/02\/soppelsa.jpg\" data-dt-img-description=\"\" data-large_image_width=\"768\" data-large_image_height=\"1024\"><img loading=\"lazy\" decoding=\"async\" class=\"size-medium wp-image-119455 alignleft\" src=\"https:\/\/www.radiopiu.net\/wordpress\/wp-content\/uploads\/2020\/02\/soppelsa-225x300.jpg\" alt=\"\" width=\"225\" height=\"300\" srcset=\"https:\/\/www.radiopiu.net\/wordpress\/wp-content\/uploads\/2020\/02\/soppelsa-225x300.jpg 225w, https:\/\/www.radiopiu.net\/wordpress\/wp-content\/uploads\/2020\/02\/soppelsa.jpg 768w\" sizes=\"auto, (max-width: 225px) 100vw, 225px\" \/><\/a><strong>BELLUNO\u00a0<\/strong> Fabio Soppelsa, direttore del Dipartimento di Prevenzione dell\u2019Ulss Dolomiti, ha differito di due mesi la data della pensione vista la particolare complessit\u00e0 della situazione legata alla diffusione del Coronavirus. Tra le misure straordinarie adottate dall\u2019Ulss Dolomiti per far fronte all\u2019emergenza epidemiologica da Covid- 19, infatti, la Direzione Generale ha chiesto al dottor Soppelsa di differire la data di risoluzione del rapporto di lavoro, nell\u2019ambito delle misure di contenimento e gestione dell\u2019emergenza epidemiologica da Covid-19 e anche in considerazione dell\u2019attuale organico medico del Servizio di Igiene e Sanit\u00e0 Pubblica e, in generale, del Dipartimento di Prevenzione. La data di pensionamento, prevista per il 1\u00b0 marzo 2010, quindi, \u00e8 stata posticipata al 1\u00b0 maggio 2020. Fabio Soppelsa rimane quindi fino a tale data direttore del Dipartimento di Prevenzione, del Servizio di Igiene e Sanit\u00e0 Pubblica e direttore ff dell\u2019UOC Medicina legale. Le procedure per il conferimento del nuovo incarico di direttore del SISP era gi\u00e0 stata avviate a dicembre 2019. Il bando \u00e8 stato pubblicato in Gazzetta Ufficiale. I termini di presentazione delle domande per la partecipazione alla procedura scadranno il 5 marzo 2020. Seguiranno i tempi tecnici per le prove concorsuali. Inoltre, nell\u2019ambito del concorso indetto da Azienda Zero per medici per il SISP, l\u2019ulss Dolomiti ha due posti a tempo indeterminato, in sostituzione di altrettante cessazioni avvenute nei scorsi mesi.<\/p>\n<blockquote><p><em>\u00abRingrazio il dottor Fabio Soppelsa per la disponibilit\u00e0 e la responsabilit\u00e0 dimostrata nel restare in servizio in questo momento di particolare complessit\u00e0. La scelta denota dedizione all\u2019Azienda e un forte senso etico\u00bb, sottolinea il Direttore Generale Adriano Rasi Caldogno.<\/em><\/p><\/blockquote>\n<p>&nbsp;<\/p>\n<p>&nbsp;<\/p>\n<hr \/>\n<h3><\/h3>\n<p>&nbsp;<\/p>\n<blockquote>\n<h3><strong>ECONOMIA E CORONAVIRUS \u2013 BERTON: \u00abSI CONTENGA L\u2019ALLARME&#8221;<\/strong><\/h3>\n<\/blockquote>\n<p><strong><a class=\"dt-pswp-item\" href=\"https:\/\/www.radiopiu.net\/wordpress\/wp-content\/uploads\/2019\/09\/Lorraine_Berton.jpg\" data-dt-img-description=\"\" data-large_image_width=\"767\" data-large_image_height=\"768\"><img loading=\"lazy\" decoding=\"async\" class=\" wp-image-99105 alignleft\" src=\"https:\/\/www.radiopiu.net\/wordpress\/wp-content\/uploads\/2019\/09\/Lorraine_Berton-300x300.jpg\" alt=\"\" width=\"214\" height=\"214\" srcset=\"https:\/\/www.radiopiu.net\/wordpress\/wp-content\/uploads\/2019\/09\/Lorraine_Berton-300x300.jpg 300w, https:\/\/www.radiopiu.net\/wordpress\/wp-content\/uploads\/2019\/09\/Lorraine_Berton-150x150.jpg 150w, https:\/\/www.radiopiu.net\/wordpress\/wp-content\/uploads\/2019\/09\/Lorraine_Berton.jpg 767w\" sizes=\"auto, (max-width: 214px) 100vw, 214px\" \/><\/a>BELLUNO<\/strong> \u00abQuello che deve partire immediatamente dall\u2019Italia \u00e8 un forte segnale di credibilit\u00e0 internazionale, che rassicuri partner commerciali, turisti e imprese. Per farlo serve tornare rapidamente alla normalit\u00e0 ed evitare toni allarmistici. Rischiamo di farci male da soli. E poi, servono misure choc per far ripartire un\u2019economia gi\u00e0 stagnante, come le categorie economiche, venete e lombarde, stanno chiedendo da giorni. Ma occorre che il Governo si muova subito, con forza e unitariet\u00e0\u00bb. A dirlo \u00e8 la presidente di Confindustria Belluno Dolomiti Lorraine Berton. L\u2019emergenza sanitaria \u00e8 diventata anche economica e qui il virus del panico rischia di fare i danni ingenti.\u00a0 <em>\u00abInvito tutte le Istituzioni a promuovere provvedimenti responsabili che tengano conto del cuore produttivo del Paese. La salute ha la priorit\u00e0 assoluta, ma l\u2019economia arriva subito dopo e adesso \u00e8 giunto il momento di prenderci cura di essa con l\u2019attenzione che \u2013 a livello centrale \u2013 manca da troppo tempo. Occorrono immediati interventi normativi che introducano misure di sostegno alle imprese di natura finanziaria, di sostegno al lavoro e di politica estera\u00bb. <\/em>Oltre al danno economico va considerato il danno reputazionale, che avr\u00e0 un impatto significativo sulla nostra economia nel medio e lungo periodo, in modo trasversale su tutti i settori: dal turismo all\u2019occhialeria e alla metalmeccanica. Confindustria Belluno Dolomiti sta monitorando l\u2019evolversi dell\u2019emergenza coronavirus , \u00e8 stato costituito un gruppo di lavoro interno all\u2019Associazione per fornire alle Aziende informazioni e indicazioni utili:<\/p>\n<p>&nbsp;<\/p>\n<p>&nbsp;<\/p>\n<hr \/>\n<p>&nbsp;<\/p>\n<blockquote>\n<h3><\/h3>\n<h3>SMART WORKING, UNCEM: SENZA BANDA ULTRALARGA \u00c8 IMPOSSIBILE.<\/h3>\n<\/blockquote>\n<p><strong><a class=\"dt-pswp-item\" href=\"https:\/\/www.radiopiu.net\/wordpress\/wp-content\/uploads\/2018\/12\/argentera_ferrere-3.jpg\" data-dt-img-description=\"\" data-large_image_width=\"865\" data-large_image_height=\"330\"><img loading=\"lazy\" decoding=\"async\" class=\"size-medium wp-image-71005 alignleft\" src=\"https:\/\/www.radiopiu.net\/wordpress\/wp-content\/uploads\/2018\/12\/argentera_ferrere-3-300x114.jpg\" alt=\"\" width=\"300\" height=\"114\" srcset=\"https:\/\/www.radiopiu.net\/wordpress\/wp-content\/uploads\/2018\/12\/argentera_ferrere-3-300x114.jpg 300w, https:\/\/www.radiopiu.net\/wordpress\/wp-content\/uploads\/2018\/12\/argentera_ferrere-3-768x293.jpg 768w, https:\/\/www.radiopiu.net\/wordpress\/wp-content\/uploads\/2018\/12\/argentera_ferrere-3.jpg 865w\" sizes=\"auto, (max-width: 300px) 100vw, 300px\" \/><\/a>ROMA<\/strong> Che lo smart working diventi soluzione per il lavoro ai tempi dell&#8217;emergenza coronavirus e, ancor prima, alla necessit\u00e0 di riorganizzare i modelli di lavoro, insieme con tempi e spazi del vivere e del lavorare, lo sapevamo da tempo. Come \u00e8 bene sapere che anche su questo fronte, il Paese viaggia a diversit\u00e0 diverse. Lo smart working \u00e8 perfetto nelle aree urbane dove le linee dati sono efficienti, veloci, ridondanti. Nelle aree montane, il telelavoro \u00e8 pressoch\u00e9 impossibile &#8211; come lo sono lo scontrino elettronico, l&#8217;home banking e altre soluzioni digitali &#8211; senza una buona connessione. Oggi in oltre met\u00e0 dell&#8217;Italia lavorare da casa \u00e8 impedito dalla presenza di reti obsolete, in rame, in attesa dell&#8217;arrivo di una fibra che di certo pu\u00f2 rivoluzionare spazi e distanze.<em> &#8220;Uncem da cinque anni chiede che il Piano banda ultralarga venga attuato velocemente &#8211; spiega Marco Bussone, Presidente nazionale Uncem &#8211; Invece, i ritardi aumentano. E cos\u00ec, mentre molti Comuni montani sono pronti ad attrezzarsi con spazi pubblici semigratuiti per il coworking, mentre molti residenti nei territori avrebbero tanto piacere di lavorare da casa in modo smart e veloce, la connettivit\u00e0 non lo permette, lo preclude. Uncem sta lavorando ad esempio con Eolo, Tim, Vodafone, Wind Tre e con Anfov e AssTel per migliorare le connessioni Fixed Wireless, senza fili, anche a casa. Ma la fibra deve arrivare. I Comuni suonano la sveglia al piano Bul. Che sia rete unica o meno, la fibra ottica \u00e8 decisiva anche per lo smart working. Tutti ne parlano, tutti lo vorrebbero, le regole e le leggi lo permettono. Ma senza reti non si fa. E ancora una volta, prendiamo atto che nelle aree montane, per i ritardi di qualcuno, ci rimettiamo tutti. Costretti a rinunciare al lavoro da casa, o anche alla scuola a distanza se le reti per il trasferimento dati non verranno al pi\u00f9 presto modernizzate. \u00c8 un problema del Paese, di tutto il Paese, che l&#8217;emergenza Covid-19, in particolare nelle zone gialle, evidenzia in modo forte. Sveglia, Piano Bul. Facciamo in fretta, altrimenti perderemo l&#8217;ennesima battaglia contro il divario digitale, che \u00e8 pure sociale ed economico&#8221;.<\/em><\/p>\n<p>&nbsp;<\/p>\n<p>&nbsp;<\/p>\n<p>&nbsp;<\/p>\n<hr \/>\n<p>&nbsp;<\/p>\n<blockquote>\n<h3>DESTRA E SINISTRA A BRACCETTO MA IN PROVINCIA LE DELEGHE SONO AL MOMENTO CONGELATE. SPAZIO A PROGRAMMI<\/h3>\n<\/blockquote>\n<p style=\"text-align: left;\"><strong><a class=\"dt-pswp-item\" href=\"https:\/\/www.radiopiu.net\/wordpress\/wp-content\/uploads\/2020\/02\/WhatsApp-Image-2020-02-27-at-21.11.47-1.jpeg\" data-dt-img-description=\"\" data-large_image_width=\"1600\" data-large_image_height=\"1200\"><img loading=\"lazy\" decoding=\"async\" class=\"size-medium wp-image-119495 alignleft\" src=\"https:\/\/www.radiopiu.net\/wordpress\/wp-content\/uploads\/2020\/02\/WhatsApp-Image-2020-02-27-at-21.11.47-1-300x225.jpeg\" alt=\"\" width=\"300\" height=\"225\" srcset=\"https:\/\/www.radiopiu.net\/wordpress\/wp-content\/uploads\/2020\/02\/WhatsApp-Image-2020-02-27-at-21.11.47-1-300x225.jpeg 300w, https:\/\/www.radiopiu.net\/wordpress\/wp-content\/uploads\/2020\/02\/WhatsApp-Image-2020-02-27-at-21.11.47-1-1024x768.jpeg 1024w, https:\/\/www.radiopiu.net\/wordpress\/wp-content\/uploads\/2020\/02\/WhatsApp-Image-2020-02-27-at-21.11.47-1-768x576.jpeg 768w, https:\/\/www.radiopiu.net\/wordpress\/wp-content\/uploads\/2020\/02\/WhatsApp-Image-2020-02-27-at-21.11.47-1-1536x1152.jpeg 1536w, https:\/\/www.radiopiu.net\/wordpress\/wp-content\/uploads\/2020\/02\/WhatsApp-Image-2020-02-27-at-21.11.47-1.jpeg 1600w\" sizes=\"auto, (max-width: 300px) 100vw, 300px\" \/><\/a>BELLUNO<\/strong><\/p>\n<p><strong>DAL CONSIGLIO PROVINCIALE SERVIZI E COMMENTI<\/strong><\/p>\n<p><strong>DI MORENO GIOLI<\/strong><\/p>\n<audio class=\"wp-audio-shortcode\" id=\"audio-119377-2\" preload=\"none\" style=\"width: 100%;\" controls=\"controls\"><source type=\"audio\/mpeg\" src=\"https:\/\/www.radiopiu.net\/wordpress\/wp-content\/uploads\/2020\/02\/gioli-prov.mp3?_=2\" \/><a href=\"https:\/\/www.radiopiu.net\/wordpress\/wp-content\/uploads\/2020\/02\/gioli-prov.mp3\">https:\/\/www.radiopiu.net\/wordpress\/wp-content\/uploads\/2020\/02\/gioli-prov.mp3<\/a><\/audio>\n<p>&nbsp;<\/p>\n<h3><a class=\"dt-pswp-item\" href=\"https:\/\/www.radiopiu.net\/wordpress\/wp-content\/uploads\/2020\/02\/WhatsApp-Image-2020-02-27-at-21.11.47-2.jpeg\" data-dt-img-description=\"\" data-large_image_width=\"1600\" data-large_image_height=\"1200\"><img loading=\"lazy\" decoding=\"async\" class=\"size-medium wp-image-119493 alignleft\" src=\"https:\/\/www.radiopiu.net\/wordpress\/wp-content\/uploads\/2020\/02\/WhatsApp-Image-2020-02-27-at-21.11.47-2-300x225.jpeg\" alt=\"\" width=\"300\" height=\"225\" srcset=\"https:\/\/www.radiopiu.net\/wordpress\/wp-content\/uploads\/2020\/02\/WhatsApp-Image-2020-02-27-at-21.11.47-2-300x225.jpeg 300w, https:\/\/www.radiopiu.net\/wordpress\/wp-content\/uploads\/2020\/02\/WhatsApp-Image-2020-02-27-at-21.11.47-2-1024x768.jpeg 1024w, https:\/\/www.radiopiu.net\/wordpress\/wp-content\/uploads\/2020\/02\/WhatsApp-Image-2020-02-27-at-21.11.47-2-768x576.jpeg 768w, https:\/\/www.radiopiu.net\/wordpress\/wp-content\/uploads\/2020\/02\/WhatsApp-Image-2020-02-27-at-21.11.47-2-1536x1152.jpeg 1536w, https:\/\/www.radiopiu.net\/wordpress\/wp-content\/uploads\/2020\/02\/WhatsApp-Image-2020-02-27-at-21.11.47-2.jpeg 1600w\" sizes=\"auto, (max-width: 300px) 100vw, 300px\" \/><\/a><\/h3>\n<h3><\/h3>\n<h3><\/h3>\n<h3><\/h3>\n<h3><\/h3>\n<h3><\/h3>\n<h3>IL PRESIDENTE ROBERTO PADRIN SU FERROVIA E AUTOSTRADA<\/h3>\n<audio class=\"wp-audio-shortcode\" id=\"audio-119377-3\" preload=\"none\" style=\"width: 100%;\" controls=\"controls\"><source type=\"audio\/mpeg\" src=\"https:\/\/www.radiopiu.net\/wordpress\/wp-content\/uploads\/2020\/02\/padrin-pieno.mp3?_=3\" \/><a href=\"https:\/\/www.radiopiu.net\/wordpress\/wp-content\/uploads\/2020\/02\/padrin-pieno.mp3\">https:\/\/www.radiopiu.net\/wordpress\/wp-content\/uploads\/2020\/02\/padrin-pieno.mp3<\/a><\/audio>\n<p>&nbsp;<\/p>\n<p>&nbsp;<\/p>\n<hr \/>\n<p>&nbsp;<\/p>\n<p>&nbsp;<\/p>\n<blockquote>\n<h3 class=\"p1\"><span class=\"s1\">LUXOTTICA E RSU SI SONO INCONTRATE SUL CASO CORONAVIRUS<\/span><\/h3>\n<\/blockquote>\n<p class=\"p1\"><span class=\"s1\"><b><a class=\"dt-pswp-item\" href=\"https:\/\/www.radiopiu.net\/wordpress\/wp-content\/uploads\/2020\/01\/NUOVA-INSEGNA-LUXOTTICA-scaled.jpg\" data-dt-img-description=\"\" data-large_image_width=\"2560\" data-large_image_height=\"1920\"><img loading=\"lazy\" decoding=\"async\" class=\"size-medium wp-image-113444 alignleft\" src=\"https:\/\/www.radiopiu.net\/wordpress\/wp-content\/uploads\/2020\/01\/NUOVA-INSEGNA-LUXOTTICA-300x225.jpg\" alt=\"\" width=\"300\" height=\"225\" srcset=\"https:\/\/www.radiopiu.net\/wordpress\/wp-content\/uploads\/2020\/01\/NUOVA-INSEGNA-LUXOTTICA-300x225.jpg 300w, https:\/\/www.radiopiu.net\/wordpress\/wp-content\/uploads\/2020\/01\/NUOVA-INSEGNA-LUXOTTICA-1024x768.jpg 1024w, https:\/\/www.radiopiu.net\/wordpress\/wp-content\/uploads\/2020\/01\/NUOVA-INSEGNA-LUXOTTICA-768x576.jpg 768w, https:\/\/www.radiopiu.net\/wordpress\/wp-content\/uploads\/2020\/01\/NUOVA-INSEGNA-LUXOTTICA-1536x1152.jpg 1536w, https:\/\/www.radiopiu.net\/wordpress\/wp-content\/uploads\/2020\/01\/NUOVA-INSEGNA-LUXOTTICA-2048x1536.jpg 2048w\" sizes=\"auto, (max-width: 300px) 100vw, 300px\" \/><\/a>AGORDO<\/b> Il Coronavirus ha fatto incontrare la dirigenza di Luxottica e le RSU degli stabilimenti della provincia di Belluno e Treviso e ne da notizia un comunicato unitario apparso sulle bacheche aziendali. All\u2019incontro che si \u00e8 tenuto luned\u00ec sera erano presenti, per Luxottica, Davide Schinetti e Francesco Sist, le segreterie territoriali di Filctem, Femca e Uiltec, nonch\u00e8 il Medico Coordinatore di Luxottica Giampaolo Priolo. Un incontro per approfondire l\u2019argomento Coronavirus e per aggiornarsi sul da farsi per emarginare il problema in azienda. Luxottica ha riferito che, in base al decreto legge di sabato scorso, sono state ridotte le trasferte nazionali e internazionali del personale utilizzando gli strumenti di video conference. E\u2019 stato rafforzato il filtro d\u2019ingresso agli stabilimenti di fornitori, consulenti e visitatori. Nei reparti e uffici c\u2019\u00e8 stata una implementazione di tutte le procedure di igiene e pulizia dei servizi igienici, lo stesso \u00e8 avvenuto anche in mensa con l\u2019introduzione dei distributori di gel per le mani. In collaborazione con i vettori, sono stati sanificati anche le navette e le corriere che portano al lavoro gli operai. In pi\u00f9 si sono usati i sistemi digitali, come Oneluxottica o i servizi SMS, per informare costantemente le maestranze sulla questione Coronavirus. Da parte sindacale le RSU hanno chiesto di introdurre in mensa le posate e i bicchieri monouso e si sono chieste azioni di sostegno alle persone che eventualmente vengano colpite da patologie afferibili al quadro clinico del Coronavirus, ad esempio non andando ad incidere sul monte ore delle assenze del premio di risultato. Infine Luxottica ha fatto sapere che gli stabilimenti italiani saranno impegnati nelle prossime settimane e nei prossimi mesi in un positivo e intenso calendario di lavoro, al fine di garantire i livelli di servizio verso i mercati e i risultati industriali. Un\u2019opportunit\u00e0 dunque per un\u2019ulteriore valorizzazione dei siti italiani di Luxottica.<\/span><\/p>\n<p>&nbsp;<\/p>\n<hr \/>\n<p>&nbsp;<\/p>\n<p>&nbsp;<\/p>\n<blockquote>\n<h3><a class=\"dt-pswp-item\" href=\"https:\/\/www.radiopiu.net\/wordpress\/wp-content\/uploads\/2020\/02\/87449259_10215982173375083_4343909852792225792_o.jpg\" data-dt-img-description=\"\" data-large_image_width=\"960\" data-large_image_height=\"385\"><img loading=\"lazy\" decoding=\"async\" class=\"size-medium wp-image-119490 alignleft\" src=\"https:\/\/www.radiopiu.net\/wordpress\/wp-content\/uploads\/2020\/02\/87449259_10215982173375083_4343909852792225792_o-300x120.jpg\" alt=\"\" width=\"300\" height=\"120\" srcset=\"https:\/\/www.radiopiu.net\/wordpress\/wp-content\/uploads\/2020\/02\/87449259_10215982173375083_4343909852792225792_o-300x120.jpg 300w, https:\/\/www.radiopiu.net\/wordpress\/wp-content\/uploads\/2020\/02\/87449259_10215982173375083_4343909852792225792_o-768x308.jpg 768w, https:\/\/www.radiopiu.net\/wordpress\/wp-content\/uploads\/2020\/02\/87449259_10215982173375083_4343909852792225792_o.jpg 960w\" sizes=\"auto, (max-width: 300px) 100vw, 300px\" \/><\/a>NOVITA&#8217; IN MENSA LUXOTTICA, ARRIVA LA PLASTICA &#8220;CORONAVIRUS&#8221;<\/h3>\n<\/blockquote>\n<p><strong>AGORDO<\/strong> Da ieri novit\u00e0\u00a0 ad Agordo in Luxottica, e anche negli altri stabilimenti. Le maestranze\u00a0 si sono sedute a tavola tra la plastica. Un&#8217;iniziativa importante che dimostra come l&#8217;azienda sia attenta alla salute dei suoi dipendenti cercando di applicare il pi\u00f9 possibile ogni iniziativa anti eventuale contagio.<\/p>\n<blockquote><p>&nbsp;<\/p><\/blockquote>\n<p>&nbsp;<\/p>\n<hr \/>\n<p>&nbsp;<\/p>\n<p>&nbsp;<\/p>\n<blockquote>\n<h3>PRINCIPIO D&#8217;INCENDIO A NOACH DI LA VALLE, I VIGILI DEL FUOCO FERMANO LE FIAMME E BATTONO IL VENTO<\/h3>\n<\/blockquote>\n<p><strong><a class=\"dt-pswp-item\" href=\"https:\/\/www.radiopiu.net\/wordpress\/wp-content\/uploads\/2020\/02\/1124841e-d0b7-4683-b8f4-3c369f82930f.jpg\" data-dt-img-description=\"\" data-large_image_width=\"848\" data-large_image_height=\"1496\"><img loading=\"lazy\" decoding=\"async\" class=\"wp-image-119404 alignleft\" src=\"https:\/\/www.radiopiu.net\/wordpress\/wp-content\/uploads\/2020\/02\/1124841e-d0b7-4683-b8f4-3c369f82930f-170x300.jpg\" alt=\"\" width=\"117\" height=\"206\" srcset=\"https:\/\/www.radiopiu.net\/wordpress\/wp-content\/uploads\/2020\/02\/1124841e-d0b7-4683-b8f4-3c369f82930f-170x300.jpg 170w, https:\/\/www.radiopiu.net\/wordpress\/wp-content\/uploads\/2020\/02\/1124841e-d0b7-4683-b8f4-3c369f82930f-580x1024.jpg 580w, https:\/\/www.radiopiu.net\/wordpress\/wp-content\/uploads\/2020\/02\/1124841e-d0b7-4683-b8f4-3c369f82930f-768x1355.jpg 768w, https:\/\/www.radiopiu.net\/wordpress\/wp-content\/uploads\/2020\/02\/1124841e-d0b7-4683-b8f4-3c369f82930f.jpg 848w\" sizes=\"auto, (max-width: 117px) 100vw, 117px\" \/><\/a><\/strong><\/p>\n<p>&nbsp;<\/p>\n<p><strong>LA VALLE<\/strong> Primo pomeriggio di fumo e fiamme ieri a Noach, gli abitanti della zona se ne sono accorti con immediatezza e hanno chiamato i vigili del fuoco di Agordo. In poco tempo hanno domato le fiamme che si sono sviluppate tra una deposti legna e il bosco tra l&#8217;altro in una giornata ventosa. A Noach si ricordano fuoriosi incendi, cos\u00ec come a La Muda dove pochi anni fa erano bruciati\u00a0 ettari di bosco per giorni interi con grande dispiegamento di mezzi, elicotteri e Canadair. Questa volta e&#8217; andata bene,\u00a0 bravi i Vigili del fuoco che hanno battuto il vento si norma forte sulla piana di Noach.<em> &#8220;E Brava\u00a0 la gente del paese&#8221;<\/em> dir\u00e0 il sindaco Ezio Zuanel\u00a0 nella diretta facebook di RADIO PIU<\/p>\n<blockquote><p>&nbsp;<\/p><\/blockquote>\n<div id=\"fb-root\"><\/div>\n<p><script async=\"1\" defer=\"1\" crossorigin=\"anonymous\" src=\"https:\/\/connect.facebook.net\/it_IT\/sdk.js#xfbml=1&amp;version=v6.0\"><\/script><\/p>\n<div class=\"fb-video\" data-href=\"https:\/\/www.facebook.com\/Mirkomezziano\/videos\/2603841156565321\/\" data-width=\"1200\">\n<blockquote cite=\"https:\/\/www.facebook.com\/Mirkomezziano\/videos\/2603841156565321\/\" class=\"fb-xfbml-parse-ignore\"><p><a href=\"https:\/\/www.facebook.com\/Mirkomezziano\/videos\/2603841156565321\/\"><\/a><\/p>\n<p>Pubblicato da <a href=\"https:\/\/www.facebook.com\/Mirkomezziano\">Mezzacasa Mirkobis Mirko<\/a> su Gioved\u00ec 27 febbraio 2020<\/p><\/blockquote>\n<\/div>\n<p>&nbsp;<\/p>\n<p>&nbsp;<\/p>\n<hr \/>\n<p>&nbsp;<\/p>\n<p>&nbsp;<\/p>\n<p>&nbsp;<\/p>\n<blockquote>\n<h3>CENTRO DOLOMITI ECCO I NUOVI LAVORI, IL PUNTO CON IL SINDACO LEANDRO GRONES<\/h3>\n<\/blockquote>\n<p><strong>LIVINALLONGO Intervento da 500 mila euro con i fondi di confine, cosa rimane da fare..<\/strong><\/p>\n<p><a class=\"dt-pswp-item\" href=\"https:\/\/www.radiopiu.net\/wordpress\/wp-content\/uploads\/2020\/02\/062ce227-b1c5-45a2-ac70-f8020e7e2832.jpg\" data-dt-img-description=\"\" data-large_image_width=\"1024\" data-large_image_height=\"768\"><img loading=\"lazy\" decoding=\"async\" class=\"alignnone size-medium wp-image-119510\" src=\"https:\/\/www.radiopiu.net\/wordpress\/wp-content\/uploads\/2020\/02\/062ce227-b1c5-45a2-ac70-f8020e7e2832-300x225.jpg\" alt=\"\" width=\"300\" height=\"225\" srcset=\"https:\/\/www.radiopiu.net\/wordpress\/wp-content\/uploads\/2020\/02\/062ce227-b1c5-45a2-ac70-f8020e7e2832-300x225.jpg 300w, https:\/\/www.radiopiu.net\/wordpress\/wp-content\/uploads\/2020\/02\/062ce227-b1c5-45a2-ac70-f8020e7e2832-768x576.jpg 768w, https:\/\/www.radiopiu.net\/wordpress\/wp-content\/uploads\/2020\/02\/062ce227-b1c5-45a2-ac70-f8020e7e2832.jpg 1024w\" sizes=\"auto, (max-width: 300px) 100vw, 300px\" \/><\/a><a class=\"dt-pswp-item\" href=\"https:\/\/www.radiopiu.net\/wordpress\/wp-content\/uploads\/2020\/02\/b3277a52-fc92-443a-9a80-5a799bfd7112.jpg\" data-dt-img-description=\"\" data-large_image_width=\"718\" data-large_image_height=\"1024\"><img loading=\"lazy\" decoding=\"async\" class=\"alignnone wp-image-119508\" src=\"https:\/\/www.radiopiu.net\/wordpress\/wp-content\/uploads\/2020\/02\/b3277a52-fc92-443a-9a80-5a799bfd7112-210x300.jpg\" alt=\"\" width=\"158\" height=\"226\" srcset=\"https:\/\/www.radiopiu.net\/wordpress\/wp-content\/uploads\/2020\/02\/b3277a52-fc92-443a-9a80-5a799bfd7112-210x300.jpg 210w, https:\/\/www.radiopiu.net\/wordpress\/wp-content\/uploads\/2020\/02\/b3277a52-fc92-443a-9a80-5a799bfd7112.jpg 718w\" sizes=\"auto, (max-width: 158px) 100vw, 158px\" \/><\/a><a class=\"dt-pswp-item\" href=\"https:\/\/www.radiopiu.net\/wordpress\/wp-content\/uploads\/2020\/02\/68e60584-s-4fde-b1c2-adba0cbf8465.jpg\" data-dt-img-description=\"\" data-large_image_width=\"564\" data-large_image_height=\"751\"><img loading=\"lazy\" decoding=\"async\" class=\"alignnone wp-image-119507\" src=\"https:\/\/www.radiopiu.net\/wordpress\/wp-content\/uploads\/2020\/02\/68e60584-s-4fde-b1c2-adba0cbf8465-225x300.jpg\" alt=\"\" width=\"168\" height=\"224\" srcset=\"https:\/\/www.radiopiu.net\/wordpress\/wp-content\/uploads\/2020\/02\/68e60584-s-4fde-b1c2-adba0cbf8465-225x300.jpg 225w, https:\/\/www.radiopiu.net\/wordpress\/wp-content\/uploads\/2020\/02\/68e60584-s-4fde-b1c2-adba0cbf8465.jpg 564w\" sizes=\"auto, (max-width: 168px) 100vw, 168px\" \/><\/a><\/p>\n<audio class=\"wp-audio-shortcode\" id=\"audio-119377-4\" preload=\"none\" style=\"width: 100%;\" controls=\"controls\"><source type=\"audio\/mpeg\" src=\"https:\/\/www.radiopiu.net\/wordpress\/wp-content\/uploads\/2020\/02\/leandro.mp3?_=4\" \/><a href=\"https:\/\/www.radiopiu.net\/wordpress\/wp-content\/uploads\/2020\/02\/leandro.mp3\">https:\/\/www.radiopiu.net\/wordpress\/wp-content\/uploads\/2020\/02\/leandro.mp3<\/a><\/audio>\n<p>&nbsp;<\/p>\n<p>&nbsp;<\/p>\n<p>&nbsp;<\/p>\n<hr \/>\n<h3><\/h3>\n<p>&nbsp;<\/p>\n<blockquote>\n<h3>BIGLIETTO D&#8217;INGRESSO PER I CADINI DEL BRENTON 2 EURO CON TANTE ESENZIONI, RIAPRE ANCHE IL PARCO DI CANDATEN<\/h3>\n<\/blockquote>\n<p><strong><a class=\"dt-pswp-item\" href=\"https:\/\/www.radiopiu.net\/wordpress\/wp-content\/uploads\/2020\/02\/download-22.jpg\" data-dt-img-description=\"\" data-large_image_width=\"300\" data-large_image_height=\"168\"><img loading=\"lazy\" decoding=\"async\" class=\"size-full wp-image-119476 alignleft\" src=\"https:\/\/www.radiopiu.net\/wordpress\/wp-content\/uploads\/2020\/02\/download-22.jpg\" alt=\"\" width=\"300\" height=\"168\" \/><\/a><\/strong><\/p>\n<p>&nbsp;<\/p>\n<p>&nbsp;<\/p>\n<p><strong>FELTRE<\/strong><\/p>\n<p>&nbsp;<\/p>\n<p><strong>DALLA RIUNIONE DEL DIRETTIVO DEL PARCO. MORENO GIOLI<\/strong><\/p>\n<audio class=\"wp-audio-shortcode\" id=\"audio-119377-5\" preload=\"none\" style=\"width: 100%;\" controls=\"controls\"><source type=\"audio\/mpeg\" src=\"https:\/\/www.radiopiu.net\/wordpress\/wp-content\/uploads\/2020\/02\/parco-gioli.mp3?_=5\" \/><a href=\"https:\/\/www.radiopiu.net\/wordpress\/wp-content\/uploads\/2020\/02\/parco-gioli.mp3\">https:\/\/www.radiopiu.net\/wordpress\/wp-content\/uploads\/2020\/02\/parco-gioli.mp3<\/a><\/audio>\n<p>&nbsp;<\/p>\n<p><strong>IL PRESIDENTE ENNIO VIGNE<\/strong><\/p>\n<audio class=\"wp-audio-shortcode\" id=\"audio-119377-6\" preload=\"none\" style=\"width: 100%;\" controls=\"controls\"><source type=\"audio\/mpeg\" src=\"https:\/\/www.radiopiu.net\/wordpress\/wp-content\/uploads\/2020\/02\/VIGNE.mp3?_=6\" \/><a href=\"https:\/\/www.radiopiu.net\/wordpress\/wp-content\/uploads\/2020\/02\/VIGNE.mp3\">https:\/\/www.radiopiu.net\/wordpress\/wp-content\/uploads\/2020\/02\/VIGNE.mp3<\/a><\/audio>\n<p>&nbsp;<\/p>\n<hr \/>\n<p>&nbsp;<\/p>\n<p>&nbsp;<\/p>\n<h3>RUMORI SERALI ALL&#8217;ESTERNO DEL TEATRO COMUNALE, SPOSTATO IL &#8220;PUNTO DI RACCOLTA&#8221; DEL TRASPORTO NOTTURNO<\/h3>\n<p><strong><a class=\"dt-pswp-item\" href=\"https:\/\/www.radiopiu.net\/wordpress\/wp-content\/uploads\/2017\/11\/Cerimonia-Teatro-San-Martino-2017-6.jpg\" data-dt-img-description=\"\" data-large_image_width=\"5184\" data-large_image_height=\"3456\"><img loading=\"lazy\" decoding=\"async\" class=\"size-medium wp-image-38400 alignleft\" src=\"https:\/\/www.radiopiu.net\/wordpress\/wp-content\/uploads\/2017\/11\/Cerimonia-Teatro-San-Martino-2017-6-300x200.jpg\" alt=\"\" width=\"300\" height=\"200\" \/><\/a>BELLUNO<\/strong>\u00a0 Incontro positivo tra il Sindaco di Belluno e Stefano De Poloni, amministratore unico di Easy Project srl, la societ\u00e0 di NCC \u2013 Noleggio Con Conducente che svolge anche servizio serale: al centro della discussione, le problematiche relativa al disturbo che gruppi di ragazzi possono arrecare alla sera, stazionando davanti all&#8217;entrata del Teatro Comunale nelle serate in cui vengono ospitati degli spettacoli. Qualche settimana fa, il servizio era stato oggetto di polemiche da parte di alcuni operatori del teatro proprio per i rumori che si sentirebbero provenire dall&#8217;esterno e che disturberebbero le rappresentazioni.<\/p>\n<blockquote><p><em>\u00abSappiamo che il portico del Teatro \u00e8 un luogo comodo di ritrovo per i giovani, anche perch\u00e9 riparato dalla pioggia e dal vento. &#8211; ha spiegato De Poloni \u2013 Abbiamo quindi cercato una soluzione condivisa con il Comune che consentisse di ridurre il numero di persone in quel punto e di continuare a garantire in maniera efficiente il servizio\u00bb.<\/em><\/p><\/blockquote>\n<p>La soluzione trovata, che verr\u00e0 sperimentata gi\u00e0 a partire dai prossimi weekend, prevede di individuare il \u201cpunto di raccolta\u201d in Piazza dei Martiri, all&#8217;altezza<a class=\"dt-pswp-item\" href=\"https:\/\/www.radiopiu.net\/wordpress\/wp-content\/uploads\/2019\/09\/Challenge-Day-InLab-2.jpg\" data-dt-img-description=\"\" data-large_image_width=\"5184\" data-large_image_height=\"3456\"><img loading=\"lazy\" decoding=\"async\" class=\" wp-image-97942 alignright\" src=\"https:\/\/www.radiopiu.net\/wordpress\/wp-content\/uploads\/2019\/09\/Challenge-Day-InLab-2-300x200.jpg\" alt=\"\" width=\"155\" height=\"103\" srcset=\"https:\/\/www.radiopiu.net\/wordpress\/wp-content\/uploads\/2019\/09\/Challenge-Day-InLab-2-300x200.jpg 300w, https:\/\/www.radiopiu.net\/wordpress\/wp-content\/uploads\/2019\/09\/Challenge-Day-InLab-2-768x512.jpg 768w, https:\/\/www.radiopiu.net\/wordpress\/wp-content\/uploads\/2019\/09\/Challenge-Day-InLab-2-1024x683.jpg 1024w\" sizes=\"auto, (max-width: 155px) 100vw, 155px\" \/><\/a> della traversa pedonale centrale:<\/p>\n<h3>IL SINDACO, JACOPO MASSARO<\/h3>\n<p>&nbsp;<\/p>\n<audio class=\"wp-audio-shortcode\" id=\"audio-119377-7\" preload=\"none\" style=\"width: 100%;\" controls=\"controls\"><source type=\"audio\/mpeg\" src=\"https:\/\/www.radiopiu.net\/wordpress\/wp-content\/uploads\/2020\/02\/jacopo.mp3?_=7\" \/><a href=\"https:\/\/www.radiopiu.net\/wordpress\/wp-content\/uploads\/2020\/02\/jacopo.mp3\">https:\/\/www.radiopiu.net\/wordpress\/wp-content\/uploads\/2020\/02\/jacopo.mp3<\/a><\/audio>\n<p>&nbsp;<\/p>\n<p>&nbsp;<\/p>\n<hr \/>\n<p>&nbsp;<\/p>\n<p>&nbsp;<\/p>\n<blockquote>\n<h3>PREVENZIONI SUICIDI, LE AZIONI DEL MINISTERO<\/h3>\n<\/blockquote>\n<p><strong>DALLA RASSEGNA STAMPA DELLE OTTO, ROGER DE MENECH<\/strong><\/p>\n<audio class=\"wp-audio-shortcode\" id=\"audio-119377-8\" preload=\"none\" style=\"width: 100%;\" controls=\"controls\"><source type=\"audio\/mpeg\" src=\"https:\/\/www.radiopiu.net\/wordpress\/wp-content\/uploads\/2020\/02\/roger-4.mp3?_=8\" \/><a href=\"https:\/\/www.radiopiu.net\/wordpress\/wp-content\/uploads\/2020\/02\/roger-4.mp3\">https:\/\/www.radiopiu.net\/wordpress\/wp-content\/uploads\/2020\/02\/roger-4.mp3<\/a><\/audio>\n<p>&nbsp;<\/p>\n<p><strong><a class=\"dt-pswp-item\" href=\"https:\/\/www.radiopiu.net\/wordpress\/wp-content\/uploads\/2020\/02\/download-19.jpg\" data-dt-img-description=\"\" data-large_image_width=\"298\" data-large_image_height=\"169\"><img loading=\"lazy\" decoding=\"async\" class=\"size-full wp-image-119411 alignleft\" src=\"https:\/\/www.radiopiu.net\/wordpress\/wp-content\/uploads\/2020\/02\/download-19.jpg\" alt=\"\" width=\"298\" height=\"169\" \/><\/a>ROMA<\/strong> Il Ministero della Difesa si sta facendo carico di una serie di azioni per prevenire e arginare il numero di suicidi tra gli addetti delle Forze Armate. Lo ha riferito il sottosegretario Angelo Tofalo in risposta all\u2019interrogazione del deputato Roger De Menech, vice presidente della commissione Difesa della Camera. <em>\u00abDopo alcuni casi, tra cui uno a Belluno\u00bb, ricorda De Menech, \u00abho incontrato diversi esponenti delle Forze Armate e in seguito ho interessato il ministro Lorenzo Guerini. La risposta del ministero all\u2019interrogazione \u00e8 rassicurante poich\u00e9 evidenzia l\u2019attenzione sia dei vertici militari sia del ministro sul fenomeno\u00bb. <\/em>Il ministero, si legge nella risposta all\u2019interrogazione, ha attivato un tavolo tecnico interforze per definire in maniera dettagliata le misure precauzionali <a class=\"dt-pswp-item\" href=\"https:\/\/www.radiopiu.net\/wordpress\/wp-content\/uploads\/2016\/01\/slider_01-roger-de-menech-07-07-620x248-e1454393337533.jpg\" data-dt-img-description=\"\" data-large_image_width=\"620\" data-large_image_height=\"248\"><img loading=\"lazy\" decoding=\"async\" class=\"size-medium wp-image-16099 alignright\" src=\"https:\/\/www.radiopiu.net\/wordpress\/wp-content\/uploads\/2016\/01\/slider_01-roger-de-menech-07-07-620x248-e1454393337533-300x120.jpg\" alt=\"\" width=\"300\" height=\"120\" \/><\/a>da attuare nel breve, medio e lungo termine. \u00c8 stata avviata una campagna di informazione e sensibilizzazione con la distribuzione di specifici materiali con una serie di raccomandazioni per intercettare e affrontare situazioni che possano preludere ad atti di autolesionismo ed \u00e8 stata creata una pagina web, intitolata MilitarMente sul sito della Difesa per promuovere il benessere psicologico e la salute mentale. Inoltre, nel 2019 \u00e8 stato attivato un corso per formatori sulla prevenzione dei suicidi nelle Forze Armate grazie al quale si \u00e8 costituito un primo gruppo di professionisti, psicologi e psichiatri. \u00c8 in corso di allestimento un\u2019applicazione per smartphone per dare in modo immediato indicazioni sui presidi e consultori attivi in ambito Difesa. Tra le azioni a lungo termine \u00e8 previsto il rafforzamento del Centro Veterani della Difesa e il potenziamento della rete di monitoraggio del personale nei reparti, anche attraverso la collaborazione con gli organi della sanit\u00e0 civile presenti sul territorio.<\/p>\n<p>&nbsp;<\/p>\n<p>&nbsp;<\/p>\n<hr \/>\n<p>&nbsp;<\/p>\n<blockquote>\n<h3>IL CASTELLIERE DI NOAL NEL TOUR VIRTUALE<\/h3>\n<p><strong><a class=\"dt-pswp-item\" href=\"https:\/\/www.radiopiu.net\/wordpress\/wp-content\/uploads\/2020\/02\/il_castelliere_di_noal_a_sedico.jpg\" data-dt-img-description=\"\" data-large_image_width=\"720\" data-large_image_height=\"483\"><img loading=\"lazy\" decoding=\"async\" class=\"size-medium wp-image-119500 alignleft\" src=\"https:\/\/www.radiopiu.net\/wordpress\/wp-content\/uploads\/2020\/02\/il_castelliere_di_noal_a_sedico-300x201.jpg\" alt=\"\" width=\"300\" height=\"201\" srcset=\"https:\/\/www.radiopiu.net\/wordpress\/wp-content\/uploads\/2020\/02\/il_castelliere_di_noal_a_sedico-300x201.jpg 300w, https:\/\/www.radiopiu.net\/wordpress\/wp-content\/uploads\/2020\/02\/il_castelliere_di_noal_a_sedico.jpg 720w\" sizes=\"auto, (max-width: 300px) 100vw, 300px\" \/><\/a><\/strong><\/p>\n<p>&nbsp;<\/p>\n<p>&nbsp;<\/p>\n<p><strong>SEDICO<\/strong><\/p><\/blockquote>\n<p>DI DAMIANO TORMEN<\/p>\n<audio class=\"wp-audio-shortcode\" id=\"audio-119377-9\" preload=\"none\" style=\"width: 100%;\" controls=\"controls\"><source type=\"audio\/mpeg\" src=\"https:\/\/www.radiopiu.net\/wordpress\/wp-content\/uploads\/2020\/02\/damiano-castelliere-noal.mp3?_=9\" \/><a href=\"https:\/\/www.radiopiu.net\/wordpress\/wp-content\/uploads\/2020\/02\/damiano-castelliere-noal.mp3\">https:\/\/www.radiopiu.net\/wordpress\/wp-content\/uploads\/2020\/02\/damiano-castelliere-noal.mp3<\/a><\/audio>\n<blockquote>\n<h3><\/h3>\n<\/blockquote>\n<p>&nbsp;<\/p>\n<hr \/>\n<blockquote>\n<h3><\/h3>\n<h3>LUNEDI CONSIGLIO DELL&#8217;UNIONE MONTANA<\/h3>\n<\/blockquote>\n<p><strong><a class=\"dt-pswp-item\" href=\"https:\/\/www.radiopiu.net\/wordpress\/wp-content\/uploads\/2018\/12\/WhatsApp-Image-2018-12-05-at-04.50.34.jpeg\" data-dt-img-description=\"\" data-large_image_width=\"1599\" data-large_image_height=\"1200\"><img loading=\"lazy\" decoding=\"async\" class=\"wp-image-68346 alignleft\" src=\"https:\/\/www.radiopiu.net\/wordpress\/wp-content\/uploads\/2018\/12\/WhatsApp-Image-2018-12-05-at-04.50.34-300x225.jpeg\" alt=\"\" width=\"129\" height=\"97\" srcset=\"https:\/\/www.radiopiu.net\/wordpress\/wp-content\/uploads\/2018\/12\/WhatsApp-Image-2018-12-05-at-04.50.34-300x225.jpeg 300w, https:\/\/www.radiopiu.net\/wordpress\/wp-content\/uploads\/2018\/12\/WhatsApp-Image-2018-12-05-at-04.50.34-768x576.jpeg 768w, https:\/\/www.radiopiu.net\/wordpress\/wp-content\/uploads\/2018\/12\/WhatsApp-Image-2018-12-05-at-04.50.34-1024x768.jpeg 1024w, https:\/\/www.radiopiu.net\/wordpress\/wp-content\/uploads\/2018\/12\/WhatsApp-Image-2018-12-05-at-04.50.34.jpeg 1599w\" sizes=\"auto, (max-width: 129px) 100vw, 129px\" \/><\/a>AGORDO<\/strong> Lunedi alle 20 consiglio dell&#8217;Unione Montana in sala Don Tamis. All&#8217;ordine del giorno: approvazione convenzione con la Provincia per gli interventi di difesa idrogeologica; approvazione documento unico di programmazione; approvazione del bilancio di previsione;\u00a0 approvazione della convenzione per la centrale unica di commettenza e per le funzioni RUP; aggiornamento elenco strade silvo pastorali.<\/p>\n<p>&nbsp;<\/p>\n<p>&nbsp;<\/p>\n<hr \/>\n<h2><\/h2>\n<blockquote>\n<h3>AGGIORNAMENTO NEVE AL SUOLO DI IERI 27 FEBBRAIO 2020<\/h3>\n<\/blockquote>\n<div class=\"su-document su-u-responsive-media-no\"><iframe loading=\"lazy\" src=\"\/\/docs.google.com\/viewer?embedded=true&url=https:\/\/www.radiopiu.net\/wordpress\/wp-content\/uploads\/2020\/02\/2020_02_27_Dolomiti-Neve-al-suolo-1.pdf\" width=\"600\" height=\"800\" class=\"su-document\" title=\"cc\"><\/iframe><\/div>\n<p>&nbsp;<\/p>\n<p>&nbsp;<\/p>\n<hr \/>\n<p>&nbsp;<\/p>\n<blockquote>\n<h3>PERCHE&#8217; DOMANI E&#8217; IL 29 FEBBRAIO ?<\/h3>\n<\/blockquote>\n<p><strong> \u00a0 \u00a0di Claudio Pra<\/strong><\/p>\n<p><strong><a class=\"dt-pswp-item\" href=\"https:\/\/www.radiopiu.net\/wordpress\/wp-content\/uploads\/2020\/02\/Febbraio-bisestile.jpg\" data-dt-img-description=\"\" data-large_image_width=\"300\" data-large_image_height=\"298\"><img loading=\"lazy\" decoding=\"async\" class=\"wp-image-119395 alignleft\" src=\"https:\/\/www.radiopiu.net\/wordpress\/wp-content\/uploads\/2020\/02\/Febbraio-bisestile.jpg\" alt=\"\" width=\"171\" height=\"170\" srcset=\"https:\/\/www.radiopiu.net\/wordpress\/wp-content\/uploads\/2020\/02\/Febbraio-bisestile.jpg 300w, https:\/\/www.radiopiu.net\/wordpress\/wp-content\/uploads\/2020\/02\/Febbraio-bisestile-150x150.jpg 150w\" sizes=\"auto, (max-width: 171px) 100vw, 171px\" \/><\/a>RADIO PIU<\/strong> Il 2020, come tutti sanno, \u00e8 un anno bisestile, con febbraio che dura quindi 29 giorni, non 28 come avvenuto negli ultimi tre anni. Ma perch\u00e9 ogni quattro anni febbraio ha un giorno in pi\u00f9? Per spiegarlo bisogna ricorrere alla misurazione del tempo introdotta dal Calendario Giuliano e poi perfezionata da quello Gregoriano. Il giorno terrestre \u00e8 scandito da una rotazione completa della Terra sul proprio asse, che avviene in ventiquattr\u2019ore. Un anno \u00e8 invece la somma dei giorni che il nostro pianeta impiega per fare un giro attorno al Sole, ovvero 365. Questo per\u00f2 per approssimazione, perch\u00e9 in realt\u00e0 il tempo impiegato \u00e8 pari a 365 giorni e 6 ore circa, periodo non perfettamente divisibile in giorni da 24 ore e quindi arrotondato per difetto. Ma se non ci curassimo delle sei ore in pi\u00f9 che non abbiamo considerato, ogni quattro anni ci ritroveremmo in anticipo di una giornata dato che 6 ore per 4 fa 24 ore, ovvero un giorno. Grazie quindi all\u2019anno bisestile il calendario torna in linea dato che in quell\u2019occasione viene aggiunto un giorno in pi\u00f9 per recuperare il ritardo accumulato. Se non lo facessimo, nel giro di pochi anni, ci sarebbero notevoli sfasamenti rispetto al passato e l&#8217;errore, inizialmente di pochi giorni, nel giro di qualche decennio porterebbe le stagioni a non coincidere pi\u00f9 con la realt\u00e0. A dirla tutta, su scala temporale ancora pi\u00f9 ampia, vengono introdotte altre correzioni, ma ci sembra di complicare troppo le cose e ci fermiamo qui, non prima di aver recitato una nota filastrocca: -Trenta d\u00ec conta novembre con april, giugno e settembre. Di ventotto ce n\u2019\u00e8 uno, tutti gli altri ne han trentuno-. Ma la filastrocca si \u00e8 dimenticata che febbraio, ogni quattro anni, di giorni ne ha ventinove ed il motivo speriamo di averlo fatto comprendere ai nostri ascoltatori.<\/p>\n<p>&nbsp;<\/p>\n<p>&nbsp;<\/p>\n<hr \/>\n<p>&nbsp;<\/p>\n<p>&nbsp;<\/p>\n<blockquote class=\"wp-embedded-content\" data-secret=\"AG6xdQoU2U\"><p><a href=\"https:\/\/www.radiopiu.net\/wordpress\/la-foto-di-claudio-pra-su-coelum\/\">LA FOTO DI CLAUDIO PRA SU COELUM<\/a><\/p><\/blockquote>\n<p><iframe loading=\"lazy\" title=\"&#8220;LA FOTO DI CLAUDIO PRA SU COELUM&#8221; &#8212; Radio Pi\u00f9\" class=\"wp-embedded-content\" sandbox=\"allow-scripts\" security=\"restricted\" style=\"position: absolute; clip: rect(1px, 1px, 1px, 1px);\" src=\"https:\/\/www.radiopiu.net\/wordpress\/la-foto-di-claudio-pra-su-coelum\/embed\/#?secret=AG6xdQoU2U\" data-secret=\"AG6xdQoU2U\" width=\"600\" height=\"338\" frameborder=\"0\" marginwidth=\"0\" marginheight=\"0\" scrolling=\"no\"><\/iframe><\/p>\n<p>&nbsp;<\/p>\n<hr \/>\n<p>&nbsp;<\/p>\n<blockquote>\n<h3>IERI ALLA RADIO, UNDICESIMA PUNTATA CON FRANCESCO ZILLIO, EPCENTER<\/h3>\n<\/blockquote>\n<p><iframe loading=\"lazy\" title=\"EPCENTER UNDICESIMA PUNTATA\" width=\"1200\" height=\"675\" src=\"https:\/\/www.youtube.com\/embed\/1y0J2Kob5Ng?feature=oembed\" frameborder=\"0\" allow=\"accelerometer; autoplay; encrypted-media; gyroscope; picture-in-picture\" allowfullscreen><\/iframe><\/p>\n<h2>LA COLLEZIONE COMPLETA<\/h2>\n<blockquote class=\"wp-embedded-content\" data-secret=\"nu0ob45jhl\"><p><a href=\"https:\/\/www.radiopiu.net\/wordpress\/ep-center-video-gallery\/\">EP CENTER video gallery<\/a><\/p><\/blockquote>\n<p><iframe loading=\"lazy\" title=\"&#8220;EP CENTER video gallery&#8221; &#8212; Radio Pi\u00f9\" class=\"wp-embedded-content\" sandbox=\"allow-scripts\" security=\"restricted\" style=\"position: absolute; clip: rect(1px, 1px, 1px, 1px);\" src=\"https:\/\/www.radiopiu.net\/wordpress\/ep-center-video-gallery\/embed\/#?secret=nu0ob45jhl\" data-secret=\"nu0ob45jhl\" width=\"600\" height=\"338\" frameborder=\"0\" marginwidth=\"0\" marginheight=\"0\" scrolling=\"no\"><\/iframe><\/p>\n<p>&nbsp;<\/p>\n<hr \/>\n<blockquote>\n<h3><a class=\"dt-pswp-item\" href=\"https:\/\/www.radiopiu.net\/wordpress\/wp-content\/uploads\/2020\/02\/e24bca6e-2c59-4be6-834e-61b1a681730f.jpg\" data-dt-img-description=\"\" data-large_image_width=\"1200\" data-large_image_height=\"1600\"><img loading=\"lazy\" decoding=\"async\" class=\"wp-image-119391 alignleft\" src=\"https:\/\/www.radiopiu.net\/wordpress\/wp-content\/uploads\/2020\/02\/e24bca6e-2c59-4be6-834e-61b1a681730f-225x300.jpg\" alt=\"\" width=\"149\" height=\"199\" srcset=\"https:\/\/www.radiopiu.net\/wordpress\/wp-content\/uploads\/2020\/02\/e24bca6e-2c59-4be6-834e-61b1a681730f-225x300.jpg 225w, https:\/\/www.radiopiu.net\/wordpress\/wp-content\/uploads\/2020\/02\/e24bca6e-2c59-4be6-834e-61b1a681730f-768x1024.jpg 768w, https:\/\/www.radiopiu.net\/wordpress\/wp-content\/uploads\/2020\/02\/e24bca6e-2c59-4be6-834e-61b1a681730f-1152x1536.jpg 1152w, https:\/\/www.radiopiu.net\/wordpress\/wp-content\/uploads\/2020\/02\/e24bca6e-2c59-4be6-834e-61b1a681730f.jpg 1200w\" sizes=\"auto, (max-width: 149px) 100vw, 149px\" \/><\/a>IN BOCCA AL LUPO ALL&#8217;IMPRENDITRICE LAURA CHE DOMANI APRE IL NUOVO NEGOZIO DI ABBIGLIAMENTO AD AGORDO EX COOP SITO<\/h3>\n<\/blockquote>\n<p>&nbsp;<\/p>\n<p>&nbsp;<\/p>\n<p><strong>L&#8217;INTERVISTA ALLA RADIO&#8230;. PIU&#8217;<\/strong><\/p>\n<p><strong>di Claudio Fontanive\u00a0<\/strong><\/p>\n<audio class=\"wp-audio-shortcode\" id=\"audio-119377-10\" preload=\"none\" style=\"width: 100%;\" controls=\"controls\"><source type=\"audio\/mpeg\" src=\"https:\/\/www.radiopiu.net\/wordpress\/wp-content\/uploads\/2020\/02\/laura-fontana-settimana-prosima-scade-sabato.mp3?_=10\" \/><a href=\"https:\/\/www.radiopiu.net\/wordpress\/wp-content\/uploads\/2020\/02\/laura-fontana-settimana-prosima-scade-sabato.mp3\">https:\/\/www.radiopiu.net\/wordpress\/wp-content\/uploads\/2020\/02\/laura-fontana-settimana-prosima-scade-sabato.mp3<\/a><\/audio>\n<p>&nbsp;<\/p>\n<p>&nbsp;<\/p>\n<p>&nbsp;<\/p>\n<blockquote><p><strong><a class=\"dt-pswp-item\" href=\"https:\/\/www.radiopiu.net\/wordpress\/wp-content\/uploads\/2018\/09\/appuntamenti.jpeg\" data-dt-img-description=\"\" data-large_image_width=\"800\" data-large_image_height=\"100\"><img loading=\"lazy\" decoding=\"async\" class=\"alignnone wp-image-61958 size-full\" src=\"https:\/\/www.radiopiu.net\/wordpress\/wp-content\/uploads\/2018\/09\/appuntamenti.jpeg\" alt=\"\" width=\"800\" height=\"100\" srcset=\"https:\/\/www.radiopiu.net\/wordpress\/wp-content\/uploads\/2018\/09\/appuntamenti.jpeg 800w, https:\/\/www.radiopiu.net\/wordpress\/wp-content\/uploads\/2018\/09\/appuntamenti-300x38.jpeg 300w, https:\/\/www.radiopiu.net\/wordpress\/wp-content\/uploads\/2018\/09\/appuntamenti-768x96.jpeg 768w\" sizes=\"auto, (max-width: 800px) 100vw, 800px\" \/><\/a><\/strong><\/p><\/blockquote>\n<p>&nbsp;<\/p>\n<p><strong>VENETO<\/strong> \u2013 Fino al 1\/03\/2020 (prorogabile) divieto di ogni forma di eventi, manifestazioni e riunioni anche se svolti in luoghi pubblici aperti al pubblico; quindi NO a gare di nessun tipo. Possono rimanere aperti gli impianti sportivi (centri sportivi, palestre pubbliche e private, piscine pubbliche e private, campi da gioco ecc.) e in generale tutte le strutture quando le attivit\u00e0 non prevedano concentrazione di persone.<\/p>\n<p><strong>AGORDO<\/strong> Rinviata l&#8217;assemblea dei soci de Gamp<\/p>\n<p><strong>SEDICO<\/strong> Rinviata la pedonata benefica Quattro Pas tra Peron e Mas<\/p>\n<p><strong>BELLUNO<\/strong>\u00a0 L\u2019Ulss 1 Dolomiti sospende fino al 1\u00b0 marzo 2020 tutti gli incontri aperti al pubblico e tutte le attivit\u00e0 formative (ad esclusione dei medici in formazione specialistica e dei tirocinanti delle professioni sanitarie). <span style=\"font-family: Calibri, serif;\"><span lang=\"it-IT\">Il convegno di oggi\u00a0 \u00a0in memoria del dott. De Boni \u00e8 rinviato.<\/span><\/span><\/p>\n<p><strong>ALLEGHE\u00a0<\/strong>lo stadio rimarr\u00e0 chiuso fino al primo marzo. Il pattinaggio al pubblico e l\u2019attivit\u00e0 sportiva sono sospesi fino a nuova comunicazione<\/p>\n<p><strong>FALCADE <\/strong>Annullata la Skialp Caverson di oggi i a Falcade<\/p>\n<p><strong>COLLE SANTA\u00a0 LUCIA <\/strong>Annullata la Ciasparun in programma domani\u00a0 a Colle Santa Lucia<\/p>\n<p><strong>BELLUNO<\/strong> La Sezione Alpini di Belluno comunica che la convocazione dell\u2019Assemblea dei Delegati, gi\u00e0 fissata per domenica 1\u00b0 marzo 2020 \u00e8 stata sospesa e rinviata a data da destinarsi<\/p>\n<p><strong>AGORDO<\/strong> La Sezione Agordina del Cai sospende ogni attivit\u00e0 svolta\u00a0 nell&#8217;ambito della sede sociale ma non l&#8217;attivit\u00e0 all&#8217;aperto visto che non prevede spostamenti in autobus. Dunque le lezioni teoriche del Corso SA1 sono sospese mentre le escursioni sociali e del corso si effettueranno regolarmente. Domenica escursione a Forcella di Col Becher sulle Cime d&#8217;Auta in Marmolada. Ritrovo: Presso la Sede del CAI \u2013 Sezione Agordina (Municipio di Agordo) alle ore 7.00<\/p>\n<p><strong>AGORDO<\/strong> Annullato\u00a0 l\u2019incontro con la campionessa olimpionica Sara Simeoni in programma per oggi<\/p>\n<p>&nbsp;<\/p>\n<p>&nbsp;<\/p>\n<hr \/>\n<p>&nbsp;<\/p>\n<p>&nbsp;<\/p>\n<p><a class=\"dt-pswp-item pspw-wrap-ready\" href=\"https:\/\/www.radiopiu.net\/wordpress\/wp-content\/uploads\/2018\/09\/viabilita.jpeg\" data-dt-img-description=\"\" data-large_image_width=\"800\" data-large_image_height=\"100\"><img loading=\"lazy\" decoding=\"async\" class=\"wp-image-61954 size-full aligncenter\" src=\"https:\/\/www.radiopiu.net\/wordpress\/wp-content\/uploads\/2018\/09\/viabilita.jpeg\" sizes=\"auto, (max-width: 800px) 100vw, 800px\" srcset=\"https:\/\/www.radiopiu.net\/wordpress\/wp-content\/uploads\/2018\/09\/viabilita.jpeg 800w, https:\/\/www.radiopiu.net\/wordpress\/wp-content\/uploads\/2018\/09\/viabilita-300x38.jpeg 300w, https:\/\/www.radiopiu.net\/wordpress\/wp-content\/uploads\/2018\/09\/viabilita-768x96.jpeg 768w\" alt=\"\" width=\"800\" height=\"100\" \/><\/a><\/p>\n<p>&nbsp;<\/p>\n<p><strong>SP 251 VAL DI ZOLDO E VAL CELLINA<\/strong> Dal 2 al 13 marzo sabato e domenica esclusi, senso unico alternato da impianto semaforico per lavori di ripristino reti di protezione sui versanti.<\/p>\n<p><strong>GR 50 BIS, SCALE DI PRIMOLANO<\/strong> Fino al\u00a0 7 MARZO (FESTIVI E PREFESTIVI ESCLUSI) SENSO UNICO ALTERNATO PER POSA CAVIDOTTO<\/p>\n<div class=\"im_history_message_wrap\">\n<div class=\"im_message_outer_wrap hasselect\" data-msg-id=\"2959\">\n<div class=\"im_message_wrap clearfix\">\n<div class=\"im_content_message_wrap im_message_out\">\n<p><strong>PROVINCIALE 3 VALLE IMPERINA, CORDE MOLE_VALLASIN <\/strong>DALLE 8.45 ALLE 11,45 E DALLE 13.30 ALLE 17.30 INTERRUZIONI FINO A 30 MINUTI (ESCLUSO FESTIVI E PREFESTIVI)<\/p>\n<\/div>\n<\/div>\n<\/div>\n<\/div>\n<p><strong>48\u00a0 DELLE DOLOMITI<\/strong>\u00a0 \u00a0Fino\u00a0 al 28 febbraio senso unico alternato in localit\u00e0 Livin\u00e8.<\/p>\n<p><strong>PONTE NELLE ALPI <\/strong><em>Fino al 27 marzo, il traffico della statale 50, all&#8217;altezza dell&#8217;innesto con via dei Zattieri (che verr\u00e0 chiusa), sar\u00e0 deviato nel tratto di nuova rotatoria realizzata all&#8217;interno dell&#8217;area ex Comedil.<\/em><\/p>\n<p><strong>SR 203 AGORDINA LOCALITA&#8217; FORAN<\/strong> COMUNE DI LIVINALLONGO, DAL 2 MARZO E FINO AL 2 APRILE (SABATO E DOMENICA ESCLUSI) SENSO UNICO ALTERNATO PER LAVORI DI ESBOSCO<\/p>\n<p>&nbsp;<\/p>\n<p>&nbsp;<\/p>\n<hr \/>\n<p>&nbsp;<\/p>\n<blockquote>\n<h2><span style=\"color: #ff0000;\">ALLA RADIO CISL LA VOCE DEI LAVORATORI<\/span><\/h2>\n<p>con Paolo Chissale&#8217;<\/p><\/blockquote>\n<audio class=\"wp-audio-shortcode\" id=\"audio-119377-11\" preload=\"none\" style=\"width: 100%;\" controls=\"controls\"><source type=\"audio\/mpeg\" src=\"https:\/\/www.radiopiu.net\/wordpress\/wp-content\/uploads\/2020\/02\/CISL-1.mp3?_=11\" \/><a href=\"https:\/\/www.radiopiu.net\/wordpress\/wp-content\/uploads\/2020\/02\/CISL-1.mp3\">https:\/\/www.radiopiu.net\/wordpress\/wp-content\/uploads\/2020\/02\/CISL-1.mp3<\/a><\/audio>\n<p>&nbsp;<\/p>\n<p>&nbsp;<\/p>\n<hr \/>\n<p>&nbsp;<\/p>\n<h3><\/h3>\n<h2><span style=\"color: #ff0000;\">IERI ALLA RADIO<\/span><\/h2>\n<h3><strong>IN VIVO VERSO DI BRUNELLA MORO<\/strong><\/h3>\n<blockquote class=\"wp-embedded-content\" data-secret=\"hnENzzk4Ee\"><p><a href=\"https:\/\/www.radiopiu.net\/wordpress\/un-cuor-tenuto-per-mano-di-daniele-gazzarin\/\">UN CUOR TENUTO PER MANO di DANIELE GAZZARIN<\/a><\/p><\/blockquote>\n<p><iframe loading=\"lazy\" title=\"&#8220;UN CUOR TENUTO PER MANO di DANIELE GAZZARIN&#8221; &#8212; Radio Pi\u00f9\" class=\"wp-embedded-content\" sandbox=\"allow-scripts\" security=\"restricted\" style=\"position: absolute; clip: rect(1px, 1px, 1px, 1px);\" src=\"https:\/\/www.radiopiu.net\/wordpress\/un-cuor-tenuto-per-mano-di-daniele-gazzarin\/embed\/#?secret=hnENzzk4Ee\" data-secret=\"hnENzzk4Ee\" width=\"600\" height=\"338\" frameborder=\"0\" marginwidth=\"0\" marginheight=\"0\" scrolling=\"no\"><\/iframe><\/p>\n<blockquote>\n<h3>\u00a0COLLEZIONE COMPLETA<\/h3>\n<\/blockquote>\n<blockquote class=\"wp-embedded-content\" data-secret=\"YyQ0NXqivh\"><p><a href=\"https:\/\/www.radiopiu.net\/wordpress\/in-vivo-verso\/\">In Vivo Verso<\/a><\/p><\/blockquote>\n<p><iframe loading=\"lazy\" title=\"&#8220;In Vivo Verso&#8221; &#8212; Radio Pi\u00f9\" class=\"wp-embedded-content\" sandbox=\"allow-scripts\" security=\"restricted\" style=\"position: absolute; clip: rect(1px, 1px, 1px, 1px);\" src=\"https:\/\/www.radiopiu.net\/wordpress\/in-vivo-verso\/embed\/#?secret=YyQ0NXqivh\" data-secret=\"YyQ0NXqivh\" width=\"600\" height=\"338\" frameborder=\"0\" marginwidth=\"0\" marginheight=\"0\" scrolling=\"no\"><\/iframe><\/p>\n<hr \/>\n<p>&nbsp;<\/p>\n<p>&nbsp;<\/p>\n<h2><span style=\"color: #ff0000;\">IERI ALLA RADIO<\/span><\/h2>\n<h3>DUE MINUTI UN LIBRO<\/h3>\n<blockquote class=\"wp-embedded-content\" data-secret=\"X8aKEETrTu\"><p><a href=\"https:\/\/www.radiopiu.net\/wordpress\/quel-che-affidiamo-al-vento\/\">QUEL CHE AFFIDIAMO AL VENTO<\/a><\/p><\/blockquote>\n<p><iframe loading=\"lazy\" title=\"&#8220;QUEL CHE AFFIDIAMO AL VENTO&#8221; &#8212; Radio Pi\u00f9\" class=\"wp-embedded-content\" sandbox=\"allow-scripts\" security=\"restricted\" style=\"position: absolute; clip: rect(1px, 1px, 1px, 1px);\" src=\"https:\/\/www.radiopiu.net\/wordpress\/quel-che-affidiamo-al-vento\/embed\/#?secret=X8aKEETrTu\" data-secret=\"X8aKEETrTu\" width=\"600\" height=\"338\" frameborder=\"0\" marginwidth=\"0\" marginheight=\"0\" scrolling=\"no\"><\/iframe><\/p>\n<h2>COLLEZIONE COMPLETA<\/h2>\n<p>&nbsp;<\/p>\n<blockquote class=\"wp-embedded-content\" data-secret=\"bVHox9DkYT\"><p><a href=\"https:\/\/www.radiopiu.net\/wordpress\/due-minuti-un-libro\/\">Due minuti un libro<\/a><\/p><\/blockquote>\n<p><iframe loading=\"lazy\" title=\"&#8220;Due minuti un libro&#8221; &#8212; Radio Pi\u00f9\" class=\"wp-embedded-content\" sandbox=\"allow-scripts\" security=\"restricted\" style=\"position: absolute; clip: rect(1px, 1px, 1px, 1px);\" src=\"https:\/\/www.radiopiu.net\/wordpress\/due-minuti-un-libro\/embed\/#?secret=bVHox9DkYT\" data-secret=\"bVHox9DkYT\" width=\"600\" height=\"338\" frameborder=\"0\" marginwidth=\"0\" marginheight=\"0\" scrolling=\"no\"><\/iframe><\/p>\n<p>&nbsp;<\/p>\n<p>&nbsp;<\/p>\n<hr \/>\n<p>&nbsp;<\/p>\n<p>&nbsp;<\/p>\n<h2><\/h2>\n<p><a class=\"dt-pswp-item\" href=\"https:\/\/www.radiopiu.net\/wordpress\/wp-content\/uploads\/2018\/09\/sport.jpg\" data-dt-img-description=\"\" data-large_image_width=\"800\" data-large_image_height=\"100\"><img loading=\"lazy\" decoding=\"async\" class=\"aligncenter wp-image-60761 size-full\" src=\"https:\/\/www.radiopiu.net\/wordpress\/wp-content\/uploads\/2018\/09\/sport.jpg\" alt=\"\" width=\"800\" height=\"100\" srcset=\"https:\/\/www.radiopiu.net\/wordpress\/wp-content\/uploads\/2018\/09\/sport.jpg 800w, https:\/\/www.radiopiu.net\/wordpress\/wp-content\/uploads\/2018\/09\/sport-300x38.jpg 300w, https:\/\/www.radiopiu.net\/wordpress\/wp-content\/uploads\/2018\/09\/sport-768x96.jpg 768w\" sizes=\"auto, (max-width: 800px) 100vw, 800px\" \/><\/a><\/p>\n<blockquote>\n<h3><\/h3>\n<h3 class=\"p1\"><span class=\"s1\">I PLAYOFF DELLA IHL INIZIERANNO IL 3 MARZO<\/span><\/h3>\n<\/blockquote>\n<p class=\"p1\"><span class=\"s1\"><b>MILANO<\/b> I quarti di finale della IHL inizieranno il 3 marzo e non oggi come da calendario. La Lega Hockey in comune accordo con le societ\u00e0 ha proposto alla FISG di posticipare l\u2019inizio dei playoff e giocando la serie al meglio delle 5 partite e non delle 7. Q<\/span><span class=\"s1\">uesto \u00e8 il programma della prima gara dei quarti di finale <\/span><span class=\"s1\"><strong>Gara 1 \u2013\u00a0<\/strong>Marted\u00ec 3 marzo 2020 \u2013 Formula Best-of-five\u00a0 <\/span><span class=\"s1\">HC Merano (1\u00b0) \u2013 Alleghe Hockey (8\u00b0),\u00a0 HC Brixen\/Bressanone (4\u00b0) \u2013 ValpEagle (5\u00b0),\u00a0 <\/span><span class=\"s1\">HC Varese (2\u00b0) \u2013 SV Kaltern\/ Caldaro (7\u00b0).\u00a0 Hockey Pergine Sapiens (3\u00b0) \u2013 HC Eppan\/Appiano (6\u00b0) <\/span><span class=\"s1\">Altre date dei quarti di finale playoff della IHL <strong>Gara 2:<\/strong> 5 marzo <strong>Gara 3<\/strong>: 7 marzo Eventuale <strong>Gara 4<\/strong>: 10 marzo Eventuale <strong>Gara 5<\/strong>: 12 marzo<\/span><\/p>\n<p>&nbsp;<\/p>\n<p>&nbsp;<\/p>\n<hr \/>\n<p>&nbsp;<\/p>\n<blockquote>\n<h2 class=\"p1\"><span class=\"s1\">LE FINALI DEL TORNEO AGORDINO DI HOCKEY RINVIATE<\/span><\/h2>\n<\/blockquote>\n<p class=\"p1\"><span class=\"s1\"><b><a class=\"dt-pswp-item\" href=\"https:\/\/www.radiopiu.net\/wordpress\/wp-content\/uploads\/2019\/12\/TORNEO-AGORDINO-HOCKEY-2020-OK.jpg\" data-dt-img-description=\"\" data-large_image_width=\"1125\" data-large_image_height=\"596\"><img loading=\"lazy\" decoding=\"async\" class=\" wp-image-110984 alignleft\" src=\"https:\/\/www.radiopiu.net\/wordpress\/wp-content\/uploads\/2019\/12\/TORNEO-AGORDINO-HOCKEY-2020-OK-300x159.jpg\" alt=\"\" width=\"198\" height=\"105\" srcset=\"https:\/\/www.radiopiu.net\/wordpress\/wp-content\/uploads\/2019\/12\/TORNEO-AGORDINO-HOCKEY-2020-OK-300x159.jpg 300w, https:\/\/www.radiopiu.net\/wordpress\/wp-content\/uploads\/2019\/12\/TORNEO-AGORDINO-HOCKEY-2020-OK-1024x542.jpg 1024w, https:\/\/www.radiopiu.net\/wordpress\/wp-content\/uploads\/2019\/12\/TORNEO-AGORDINO-HOCKEY-2020-OK-768x407.jpg 768w, https:\/\/www.radiopiu.net\/wordpress\/wp-content\/uploads\/2019\/12\/TORNEO-AGORDINO-HOCKEY-2020-OK.jpg 1125w\" sizes=\"auto, (max-width: 198px) 100vw, 198px\" \/><\/a>ALLEGHE<\/b> Erano in programma per domenica sera le finali del Torneo Agordino di hockey. Lo stadio Alvise De Toni di Alleghe naturalmente non si pu\u00f2 usare per manifestazioni sportive e l\u2019organizzazione ha dovuto rinviare il tutto.<\/span><\/p>\n<p class=\"p1\"><strong><span class=\"s1\">MANFREDI DE BERNARDO, ORGANIZZATORE DEL TORNEO<\/span><\/strong><\/p>\n<audio class=\"wp-audio-shortcode\" id=\"audio-119377-12\" preload=\"none\" style=\"width: 100%;\" controls=\"controls\"><source type=\"audio\/mpeg\" src=\"https:\/\/www.radiopiu.net\/wordpress\/wp-content\/uploads\/2020\/02\/MANFREDI-RINVIO-FINALE-TORNEO-AGORDINO-HOCKEY.mp3?_=12\" \/><a href=\"https:\/\/www.radiopiu.net\/wordpress\/wp-content\/uploads\/2020\/02\/MANFREDI-RINVIO-FINALE-TORNEO-AGORDINO-HOCKEY.mp3\">https:\/\/www.radiopiu.net\/wordpress\/wp-content\/uploads\/2020\/02\/MANFREDI-RINVIO-FINALE-TORNEO-AGORDINO-HOCKEY.mp3<\/a><\/audio>\n<p>&nbsp;<\/p>\n<p>&nbsp;<\/p>\n<hr \/>\n<blockquote>\n<h3><\/h3>\n<h3>LE NOVITA&#8217; DEL 35\u00b0 RALLY BELLUNESE, DI ROBERTO BONA<\/h3>\n<\/blockquote>\n<audio class=\"wp-audio-shortcode\" id=\"audio-119377-13\" preload=\"none\" style=\"width: 100%;\" controls=\"controls\"><source type=\"audio\/mpeg\" src=\"https:\/\/www.radiopiu.net\/wordpress\/wp-content\/uploads\/2020\/02\/roberto.mp3?_=13\" \/><a href=\"https:\/\/www.radiopiu.net\/wordpress\/wp-content\/uploads\/2020\/02\/roberto.mp3\">https:\/\/www.radiopiu.net\/wordpress\/wp-content\/uploads\/2020\/02\/roberto.mp3<\/a><\/audio>\n<h3><\/h3>\n<p>&nbsp;<\/p>\n<p><b><a class=\"dt-pswp-item\" href=\"https:\/\/www.radiopiu.net\/wordpress\/wp-content\/uploads\/2018\/09\/WhatsApp-Image-2018-09-20-at-16.04.06.jpeg\" data-dt-img-description=\"\" data-large_image_width=\"800\" data-large_image_height=\"100\"><img loading=\"lazy\" decoding=\"async\" class=\"aligncenter wp-image-61378 size-full\" src=\"https:\/\/www.radiopiu.net\/wordpress\/wp-content\/uploads\/2018\/09\/WhatsApp-Image-2018-09-20-at-16.04.06.jpeg\" alt=\"\" width=\"800\" height=\"100\" srcset=\"https:\/\/www.radiopiu.net\/wordpress\/wp-content\/uploads\/2018\/09\/WhatsApp-Image-2018-09-20-at-16.04.06.jpeg 800w, https:\/\/www.radiopiu.net\/wordpress\/wp-content\/uploads\/2018\/09\/WhatsApp-Image-2018-09-20-at-16.04.06-300x38.jpeg 300w, https:\/\/www.radiopiu.net\/wordpress\/wp-content\/uploads\/2018\/09\/WhatsApp-Image-2018-09-20-at-16.04.06-768x96.jpeg 768w\" sizes=\"auto, (max-width: 800px) 100vw, 800px\" \/><\/a><\/b><\/p>\n<p>&nbsp;<\/p>\n<p><center><b>Venerdi 28<\/b> <b>Tempo atteso: <\/b>Tempo ben soleggiata e ancora assai freddo in quota, un po&#8217; meno nelle valli per favonio. Non escluso la presenza di modesti cumuli al mattino sulle Dolomiti. Clima freddo e ventoso in alta quota, di conseguenza occorrer\u00e0 considerare l&#8217;effetto wind chill al mattino (-22\/-24\u00b0C a 2000 m e -36\u00b0C\/-38\u00b0C a 3000 m).<br \/>\n<b>Precipitazioni: <\/b>Nella notte fino all&#8217;alba qualche burrasca di neve sulle Dolomiti centro-settentrionali, specie sulle cime (30\/50%); in giornata ovunque assenti (0%).<br \/>\n<b>Temperature: <\/b>In generale ripresa nelle valli, in maniera pi\u00f9 sensibile nei settori interessati dal Foehn, con punte di 11\/12\u00b0C nei fondovalle Prealpi e di 5\/6\u00b0C a 1000\/1200 m, anche di pi\u00f9 in caso di Foehn. In quota minime in calo e massime in leggero aumento. Sulle Prealpi a 1500 m min -6\u00b0C e max -1\u00b0C, a 2000 m min -10\u00b0C e max -4\u00b0C; sulle Dolomiti a 2000 m min -11\u00b0C e max -5\u00b0C, a 3000 m min -19\u00b0C e max -10\u00b0C.<br \/>\n<b>Venti: <\/b>Nelle valli perlopi\u00f9 moderati di direzione variabile, con improvvise forti raffiche di Foehn tra la notte ed il mattino, prima di scemare al pomeriggio. In quota vento forti da nord-ovest fino alle ore centrali del giorno, poi in sensibile attenuazione, a 15-60 km\/h a 2000 m, 35-95 km\/h a 3000 m. Non escluse raffiche oltre i 120\/130 km\/h sopra i 2200\/2400 m.<\/center><\/p>\n<hr \/>\n<p><b>Sabato 29<\/b> <b>Tempo atteso: <\/b>Brevi tratti soleggiati al primo mattino, eccetto nei settori interessati da eventuali nubi basse. Poi nuvolosit\u00e0 in aumento e nel corso del pomeriggio probabile lieve peggioramento a partire dalle Prealpi occidentali, in estensione alle Dolomiti entro la tarda serata. Clima meno freddo in quota, pi\u00f9 fresco ed umido nelle valli.<br \/>\n<b>Precipitazioni: <\/b>Fino a met\u00e0 pomeriggio generalmente assenti. Tra il tardo pomeriggio e la sera primi deboli fenomeni a partire dalle Prealpi occidentali, in estensione a tutta la montagna veneta entro la mezzanotte. Il limite delle deboli nevicate sar\u00e0 sui 900\/1000 m, anche un po&#8217; pi\u00f9 in basso in alcune valli dolomitiche.<br \/>\n<b>Temperature: <\/b>Nelle valli minime in calo dove il Foehn \u00e8 scomparso e nei settori interessati da irraggiamento notturno, massime in calo. In quota in generale aumento. Sulle Prealpi a 1500 m min -2\u00b0C e max 0\u00b0C, a 2000 m min -4\u00b0C e max -2\u00b0C; sulle Dolomiti a 2000 m min -5\u00b0C e max -3\u00b0C, a 3000 m min -9\u00b0C e max -6\u00b0C.<br \/>\n<b>Venti: <\/b>Nelle valli perlopi\u00f9 deboli di direzione variabile. In quota moderati da ovest al mattino, in graduale rinforzo fino a moderati\/tesi da sud-ovest al pomeriggio, a 10-25 km\/h a 2000 m, 25-35 km\/h a 3000 m.<\/p>\n<hr \/>\n<p><b>Domenica 1<\/b>Lieve maltempo nella notte con deboli precipitazioni sulle Dolomiti, a tratti moderate sulle Prealpi, nevose oltre gli 800\/1000 m. Cessazione dei fenomeni al primo mattino. La nuvolosit\u00e0 si dirader\u00e0, soprattutto in quota, mentre nubi basse potrebbero resistere sotto i 1500\/1800 m, prima di intensificarsi ed ispessirsi di nuovo al pomeriggio. Temperature minime in rialzo e massime in calo. Venti deboli\/moderati dai quadranti occidentali in quota, deboli di direzione variabile nelle valli.<\/p>\n<hr \/>\n<p><b>Lunedi 2<\/b>Variabilit\u00e0 con molte nubi al mattino. Dalle ore centrali in poi peggioramento fino a tempo perturbato, con intensificazione della nuvolosit\u00e0 e delle precipitazioni che saranno sempre pi\u00f9 diffuse, nevose oltre i 900\/1000 m sulle Dolomiti 1100\/1300 m sulle Prealpi. Temperature minime stazionarie in quota e in aumento nelle valli; massime in generale lieve diminuzione. Venti moderati da sud-ovest in quota, a tratti tesi sulle cime pi\u00f9 alte. Previsore: R.L.Th.<\/p>\n","protected":false},"excerpt":{"rendered":"<p>PER RICEVERE QUESTO NOTIZIARIO DIRETTAMENTE SUL TUO CELLULARE ISCRIVITI AL CANALE TELEGRAM &#8220;RADIO PIU\u00a0 INFORMAZIONE&#8221;\u00a0 &nbsp; &nbsp; &nbsp; OGGI\u00a0 dalle ore 08:00 alle ore 12:00 potrebbe mancare l&#8217;acqua a LIVINALLONGO DEL COL DI LANA, nelle LOCALITA&#8217; DI PRECUMON E ZORZ Gestione Servizi Pubblici informa che, per lavori alla rete idrica comunale, il giorno 03\/03\/2020 dalle&hellip;<\/p>\n","protected":false},"author":1,"featured_media":119503,"comment_status":"closed","ping_status":"closed","sticky":false,"template":"","format":"standard","meta":{"_monsterinsights_skip_tracking":false,"_monsterinsights_sitenote_active":false,"_monsterinsights_sitenote_note":"","_monsterinsights_sitenote_category":0,"footnotes":""},"categories":[86,49],"tags":[],"class_list":["post-119377","post","type-post","status-publish","format-standard","has-post-thumbnail","hentry","category-gr","category-news-18","category-86","category-49","description-off"],"img_url":"https:\/\/www.radiopiu.net\/wordpress\/wp-content\/uploads\/2020\/02\/maxresdefault.jpg","_links":{"self":[{"href":"https:\/\/www.radiopiu.net\/wordpress\/wp-json\/wp\/v2\/posts\/119377","targetHints":{"allow":["GET"]}}],"collection":[{"href":"https:\/\/www.radiopiu.net\/wordpress\/wp-json\/wp\/v2\/posts"}],"about":[{"href":"https:\/\/www.radiopiu.net\/wordpress\/wp-json\/wp\/v2\/types\/post"}],"author":[{"embeddable":true,"href":"https:\/\/www.radiopiu.net\/wordpress\/wp-json\/wp\/v2\/users\/1"}],"replies":[{"embeddable":true,"href":"https:\/\/www.radiopiu.net\/wordpress\/wp-json\/wp\/v2\/comments?post=119377"}],"version-history":[{"count":0,"href":"https:\/\/www.radiopiu.net\/wordpress\/wp-json\/wp\/v2\/posts\/119377\/revisions"}],"wp:featuredmedia":[{"embeddable":true,"href":"https:\/\/www.radiopiu.net\/wordpress\/wp-json\/wp\/v2\/media\/119503"}],"wp:attachment":[{"href":"https:\/\/www.radiopiu.net\/wordpress\/wp-json\/wp\/v2\/media?parent=119377"}],"wp:term":[{"taxonomy":"category","embeddable":true,"href":"https:\/\/www.radiopiu.net\/wordpress\/wp-json\/wp\/v2\/categories?post=119377"},{"taxonomy":"post_tag","embeddable":true,"href":"https:\/\/www.radiopiu.net\/wordpress\/wp-json\/wp\/v2\/tags?post=119377"}],"curies":[{"name":"wp","href":"https:\/\/api.w.org\/{rel}","templated":true}]}}