{"id":119397,"date":"2020-02-28T23:59:29","date_gmt":"2020-02-28T22:59:29","guid":{"rendered":"https:\/\/www.radiopiu.net\/wordpress\/?p=119397"},"modified":"2020-02-29T06:38:29","modified_gmt":"2020-02-29T05:38:29","slug":"perche-domani-e-il-29-febbraio","status":"publish","type":"post","link":"https:\/\/www.radiopiu.net\/wordpress\/perche-domani-e-il-29-febbraio\/","title":{"rendered":"PERCHE&#8217; OGGI  E&#8217; IL 29 FEBBRAIO ?"},"content":{"rendered":"<p>&nbsp;<\/p>\n<blockquote>\n<h3><\/h3>\n<\/blockquote>\n<p><strong> \u00a0 \u00a0di Claudio Pra<\/strong><\/p>\n<p><strong><a class=\"dt-pswp-item\" href=\"https:\/\/www.radiopiu.net\/wordpress\/wp-content\/uploads\/2020\/02\/Febbraio-bisestile.jpg\" data-dt-img-description=\"\" data-large_image_width=\"300\" data-large_image_height=\"298\"><img loading=\"lazy\" decoding=\"async\" class=\"wp-image-119395 alignleft\" src=\"https:\/\/www.radiopiu.net\/wordpress\/wp-content\/uploads\/2020\/02\/Febbraio-bisestile.jpg\" alt=\"\" width=\"171\" height=\"170\" srcset=\"https:\/\/www.radiopiu.net\/wordpress\/wp-content\/uploads\/2020\/02\/Febbraio-bisestile.jpg 300w, https:\/\/www.radiopiu.net\/wordpress\/wp-content\/uploads\/2020\/02\/Febbraio-bisestile-150x150.jpg 150w\" sizes=\"auto, (max-width: 171px) 100vw, 171px\" \/><\/a>RADIO PIU<\/strong> Il 2020, come tutti sanno, \u00e8 un anno bisestile, con febbraio che dura quindi 29 giorni, non 28 come avvenuto negli ultimi tre anni. Ma perch\u00e9 ogni quattro anni febbraio ha un giorno in pi\u00f9? Per spiegarlo bisogna ricorrere alla misurazione del tempo introdotta dal Calendario Giuliano e poi perfezionata da quello Gregoriano. Il giorno terrestre \u00e8 scandito da una rotazione completa della Terra sul proprio asse, che avviene in ventiquattr\u2019ore. Un anno \u00e8 invece la somma dei giorni che il nostro pianeta impiega per fare un giro attorno al Sole, ovvero 365. Questo per\u00f2 per approssimazione, perch\u00e9 in realt\u00e0 il tempo impiegato \u00e8 pari a 365 giorni e 6 ore circa, periodo non perfettamente divisibile in giorni da 24 ore e quindi arrotondato per difetto. Ma se non ci curassimo delle sei ore in pi\u00f9 che non abbiamo considerato, ogni quattro anni ci ritroveremmo in anticipo di una giornata dato che 6 ore per 4 fa 24 ore, ovvero un giorno. Grazie quindi all\u2019anno bisestile il calendario torna in linea dato che in quell\u2019occasione viene aggiunto un giorno in pi\u00f9 per recuperare il ritardo accumulato. Se non lo facessimo, nel giro di pochi anni, ci sarebbero notevoli sfasamenti rispetto al passato e l&#8217;errore, inizialmente di pochi giorni, nel giro di qualche decennio porterebbe le stagioni a non coincidere pi\u00f9 con la realt\u00e0. A dirla tutta, su scala temporale ancora pi\u00f9 ampia, vengono introdotte altre correzioni, ma ci sembra di complicare troppo le cose e ci fermiamo qui, non prima di aver recitato una nota filastrocca: -Trenta d\u00ec conta novembre con april, giugno e settembre. Di ventotto ce n\u2019\u00e8 uno, tutti gli altri ne han trentuno-. Ma la filastrocca si \u00e8 dimenticata che febbraio, ogni quattro anni, di giorni ne ha ventinove ed il motivo speriamo di averlo fatto comprendere ai nostri ascoltatori.<\/p>\n<p>&nbsp;<\/p>\n","protected":false},"excerpt":{"rendered":"<p>&nbsp; \u00a0 \u00a0di Claudio Pra RADIO PIU Il 2020, come tutti sanno, \u00e8 un anno bisestile, con febbraio che dura quindi 29 giorni, non 28 come avvenuto negli ultimi tre anni. Ma perch\u00e9 ogni quattro anni febbraio ha un giorno in pi\u00f9? Per spiegarlo bisogna ricorrere alla misurazione del tempo introdotta dal Calendario Giuliano e&hellip;<\/p>\n","protected":false},"author":1,"featured_media":119395,"comment_status":"closed","ping_status":"closed","sticky":false,"template":"","format":"standard","meta":{"_monsterinsights_skip_tracking":false,"_monsterinsights_sitenote_active":false,"_monsterinsights_sitenote_note":"","_monsterinsights_sitenote_category":0,"footnotes":""},"categories":[49],"tags":[],"class_list":["post-119397","post","type-post","status-publish","format-standard","has-post-thumbnail","hentry","category-news-18","category-49","description-off"],"img_url":"https:\/\/www.radiopiu.net\/wordpress\/wp-content\/uploads\/2020\/02\/Febbraio-bisestile.jpg","_links":{"self":[{"href":"https:\/\/www.radiopiu.net\/wordpress\/wp-json\/wp\/v2\/posts\/119397","targetHints":{"allow":["GET"]}}],"collection":[{"href":"https:\/\/www.radiopiu.net\/wordpress\/wp-json\/wp\/v2\/posts"}],"about":[{"href":"https:\/\/www.radiopiu.net\/wordpress\/wp-json\/wp\/v2\/types\/post"}],"author":[{"embeddable":true,"href":"https:\/\/www.radiopiu.net\/wordpress\/wp-json\/wp\/v2\/users\/1"}],"replies":[{"embeddable":true,"href":"https:\/\/www.radiopiu.net\/wordpress\/wp-json\/wp\/v2\/comments?post=119397"}],"version-history":[{"count":0,"href":"https:\/\/www.radiopiu.net\/wordpress\/wp-json\/wp\/v2\/posts\/119397\/revisions"}],"wp:featuredmedia":[{"embeddable":true,"href":"https:\/\/www.radiopiu.net\/wordpress\/wp-json\/wp\/v2\/media\/119395"}],"wp:attachment":[{"href":"https:\/\/www.radiopiu.net\/wordpress\/wp-json\/wp\/v2\/media?parent=119397"}],"wp:term":[{"taxonomy":"category","embeddable":true,"href":"https:\/\/www.radiopiu.net\/wordpress\/wp-json\/wp\/v2\/categories?post=119397"},{"taxonomy":"post_tag","embeddable":true,"href":"https:\/\/www.radiopiu.net\/wordpress\/wp-json\/wp\/v2\/tags?post=119397"}],"curies":[{"name":"wp","href":"https:\/\/api.w.org\/{rel}","templated":true}]}}