{"id":119469,"date":"2020-02-27T23:57:15","date_gmt":"2020-02-27T22:57:15","guid":{"rendered":"https:\/\/www.radiopiu.net\/wordpress\/?p=119469"},"modified":"2020-02-28T05:53:46","modified_gmt":"2020-02-28T04:53:46","slug":"con-il-governatore-luca-zaia-laggiornamento-serale","status":"publish","type":"post","link":"https:\/\/www.radiopiu.net\/wordpress\/con-il-governatore-luca-zaia-laggiornamento-serale\/","title":{"rendered":"CON IL GOVERNATORE LUCA ZAIA L&#8217;AGGIORNAMENTO SERALE"},"content":{"rendered":"<h3>La notizia positiva oggi \u00e8 l&#8217;incremento limitato dei contagiati, su 5.300 tamponi solo l&#8217;1,8% sono i positivi. Dei 98 contagiati ad oggi, oltre il 50% \u00e8 asintomatico. Il fatto che non ci sia un incremento esponenziale ci fa ben sperare perch\u00e9 si possa tornare presto alla normalit\u00e0.<\/h3>\n<p>&nbsp;<\/p>\n<div id=\"fb-root\"><\/div>\n<p><script async=\"1\" defer=\"1\" crossorigin=\"anonymous\" src=\"https:\/\/connect.facebook.net\/it_IT\/sdk.js#xfbml=1&amp;version=v6.0\"><\/script><\/p>\n<div class=\"fb-video\" data-href=\"https:\/\/www.facebook.com\/zaiaufficiale\/videos\/2896254917062274\/\" data-width=\"1200\">\n<blockquote cite=\"https:\/\/www.facebook.com\/zaiaufficiale\/videos\/2896254917062274\/\" class=\"fb-xfbml-parse-ignore\"><p><a href=\"https:\/\/www.facebook.com\/zaiaufficiale\/videos\/2896254917062274\/\">CORONAVIRUS, ZAIA: NOTIZIE POSITIVE DAL BILANCIO DI OGGI<\/a><\/p>\n<p>\u203c\u203c\u203c #CORONAVIRUS \/ La notizia positiva oggi \u00e8 l&#039;incremento limitato dei contagiati, su 5.300 tamponi solo l&#039;1,8% sono i positivi. Dei 98 contagiati ad oggi, oltre il 50% \u00e8 asintomatico. Il fatto che non ci sia un incremento esponenziale ci fa ben sperare perch\u00e9 si possa tornare presto alla normalit\u00e0. \u203c\u203c\u203c<\/p>\n<p>Pubblicato da <a href=\"https:\/\/www.facebook.com\/zaiaufficiale\/\">Luca Zaia<\/a> su Gioved\u00ec 27 febbraio 2020<\/p><\/blockquote>\n<\/div>\n<h3><\/h3>\n<h3>DALLA PAGINA FACEBOOK LUCA ZAIA UFFICIALE<\/h3>\n<p>Una paziente a Vo&#8217;, di 47 anni, che ha avuto un picco febbrile il 18 febbraio, il tampone positivo il 22: \u00e8 stata ricoverata per neppure due giorni poi \u00e8 stata dimessa e va in isolamento fiduciario.<br \/>\nUn secondo paziente positivo al coronavirus, sempre del cluster di Vo&#8217;, \u00e8 stato dimesso e posto in isolamento fiduciario a domicilio. Il paziente era ricoverato all&#8217;Azienda Ospedaliera di Padova, ed era risultat<span class=\"text_exposed_show\">o positivo al test il 22 febbraio scorso. <\/span>Queste sono due belle notizie. Per noi sono importanti perch\u00e9 dimostrano che il Coronavirus non porta tutti in rianimazione, anche se purtroppo nei casi clinici complicati questo accade.<\/p>\n<h3><\/h3>\n<h3>\u00a0IMPORTANTI NOVITA&#8217; \/ Valutiamo di non prorogare l&#8217;ordinanza del 22 febbraio. Ascoltate le mie dichiarazioni<\/h3>\n<div id=\"fb-root\"><\/div>\n<p><script async=\"1\" defer=\"1\" crossorigin=\"anonymous\" src=\"https:\/\/connect.facebook.net\/it_IT\/sdk.js#xfbml=1&amp;version=v6.0\"><\/script><\/p>\n<div class=\"fb-video\" data-href=\"https:\/\/www.facebook.com\/zaiaufficiale\/videos\/209926070202688\/\" data-width=\"1200\">\n<blockquote cite=\"https:\/\/www.facebook.com\/zaiaufficiale\/videos\/209926070202688\/\" class=\"fb-xfbml-parse-ignore\"><p><a href=\"https:\/\/www.facebook.com\/zaiaufficiale\/videos\/209926070202688\/\">CORONAVIRUS IN VENETO, IMPORTANTI NOVITA&#039;!<\/a><\/p>\n<p>\u203c\u203c\u203c #CORONAVIRUS, IMPORTANTI NOVITA&#039; \/ Valutiamo di non prorogare l&#039;ordinanza del 22 febbraio.Ascoltate le mie dichiarazioni \u203c\u203c\u203c<\/p>\n<p>Pubblicato da <a href=\"https:\/\/www.facebook.com\/zaiaufficiale\/\">Luca Zaia<\/a> su Gioved\u00ec 27 febbraio 2020<\/p><\/blockquote>\n<\/div>\n<p>&nbsp;<\/p>\n","protected":false},"excerpt":{"rendered":"<p>La notizia positiva oggi \u00e8 l&#8217;incremento limitato dei contagiati, su 5.300 tamponi solo l&#8217;1,8% sono i positivi. Dei 98 contagiati ad oggi, oltre il 50% \u00e8 asintomatico. Il fatto che non ci sia un incremento esponenziale ci fa ben sperare perch\u00e9 si possa tornare presto alla normalit\u00e0. &nbsp; CORONAVIRUS, ZAIA: NOTIZIE POSITIVE DAL BILANCIO DI&hellip;<\/p>\n","protected":false},"author":1,"featured_media":119470,"comment_status":"closed","ping_status":"closed","sticky":false,"template":"","format":"standard","meta":{"_monsterinsights_skip_tracking":false,"_monsterinsights_sitenote_active":false,"_monsterinsights_sitenote_note":"","_monsterinsights_sitenote_category":0,"footnotes":""},"categories":[49],"tags":[],"class_list":["post-119469","post","type-post","status-publish","format-standard","has-post-thumbnail","hentry","category-news-18","category-49","description-off"],"img_url":"https:\/\/www.radiopiu.net\/wordpress\/wp-content\/uploads\/2020\/02\/87687481_1388239238044654_566825280937656320_o.jpg","_links":{"self":[{"href":"https:\/\/www.radiopiu.net\/wordpress\/wp-json\/wp\/v2\/posts\/119469","targetHints":{"allow":["GET"]}}],"collection":[{"href":"https:\/\/www.radiopiu.net\/wordpress\/wp-json\/wp\/v2\/posts"}],"about":[{"href":"https:\/\/www.radiopiu.net\/wordpress\/wp-json\/wp\/v2\/types\/post"}],"author":[{"embeddable":true,"href":"https:\/\/www.radiopiu.net\/wordpress\/wp-json\/wp\/v2\/users\/1"}],"replies":[{"embeddable":true,"href":"https:\/\/www.radiopiu.net\/wordpress\/wp-json\/wp\/v2\/comments?post=119469"}],"version-history":[{"count":0,"href":"https:\/\/www.radiopiu.net\/wordpress\/wp-json\/wp\/v2\/posts\/119469\/revisions"}],"wp:featuredmedia":[{"embeddable":true,"href":"https:\/\/www.radiopiu.net\/wordpress\/wp-json\/wp\/v2\/media\/119470"}],"wp:attachment":[{"href":"https:\/\/www.radiopiu.net\/wordpress\/wp-json\/wp\/v2\/media?parent=119469"}],"wp:term":[{"taxonomy":"category","embeddable":true,"href":"https:\/\/www.radiopiu.net\/wordpress\/wp-json\/wp\/v2\/categories?post=119469"},{"taxonomy":"post_tag","embeddable":true,"href":"https:\/\/www.radiopiu.net\/wordpress\/wp-json\/wp\/v2\/tags?post=119469"}],"curies":[{"name":"wp","href":"https:\/\/api.w.org\/{rel}","templated":true}]}}