{"id":119560,"date":"2020-02-28T23:59:13","date_gmt":"2020-02-28T22:59:13","guid":{"rendered":"https:\/\/www.radiopiu.net\/wordpress\/?p=119560"},"modified":"2020-02-29T10:24:10","modified_gmt":"2020-02-29T09:24:10","slug":"giornale-radiopiu-29-febbraio-2020-direttore-mirko-mezzacasa","status":"publish","type":"post","link":"https:\/\/www.radiopiu.net\/wordpress\/giornale-radiopiu-29-febbraio-2020-direttore-mirko-mezzacasa\/","title":{"rendered":"GIORNALE RADIOPIU 29 FEBBRAIO 2020 direttore Mirko Mezzacasa"},"content":{"rendered":"<p>&nbsp;<\/p>\n<h3><strong><a class=\"dt-pswp-item\" href=\"https:\/\/www.radiopiu.net\/wordpress\/wp-content\/uploads\/2020\/02\/telegram-q-ok.jpg\" data-dt-img-description=\"\" data-large_image_width=\"800\" data-large_image_height=\"800\"><img loading=\"lazy\" decoding=\"async\" class=\"wp-image-117176 alignleft\" src=\"https:\/\/www.radiopiu.net\/wordpress\/wp-content\/uploads\/2020\/02\/telegram-q-ok-300x300.jpg\" alt=\"\" width=\"103\" height=\"103\" srcset=\"https:\/\/www.radiopiu.net\/wordpress\/wp-content\/uploads\/2020\/02\/telegram-q-ok-300x300.jpg 300w, https:\/\/www.radiopiu.net\/wordpress\/wp-content\/uploads\/2020\/02\/telegram-q-ok-150x150.jpg 150w, https:\/\/www.radiopiu.net\/wordpress\/wp-content\/uploads\/2020\/02\/telegram-q-ok-768x768.jpg 768w, https:\/\/www.radiopiu.net\/wordpress\/wp-content\/uploads\/2020\/02\/telegram-q-ok.jpg 800w\" sizes=\"auto, (max-width: 103px) 100vw, 103px\" \/><\/a><\/strong><\/h3>\n<h3><strong>PER RICEVERE QUESTO NOTIZIARIO DIRETTAMENTE SUL TUO CELLULARE ISCRIVITI AL CANALE <span style=\"color: #0000ff;\">TELEGRAM<\/span><\/strong><\/h3>\n<p><strong>&#8220;<span style=\"color: #ff0000;\">RADIO PIU\u00a0 INFORMAZIONE<span style=\"color: #000000;\">&#8221;\u00a0<\/span><\/span><\/strong><\/p>\n<p>&nbsp;<\/p>\n<p>&nbsp;<\/p>\n<p>&nbsp;<\/p>\n<hr \/>\n<blockquote><p><strong>Per lavori alla rete idrica comunale, martedi dalle\u00a0 8:30 alle\u00a0 12 potrebbe mancare l&#8217;acqua a FALCADE, nella LOCALITA&#8217; DI CAVIOLA.\u00a0<\/strong><\/p>\n<p>&nbsp;<\/p><\/blockquote>\n<hr \/>\n<p><span style=\"color: #ff0000;\">DOPO 4 GIORNI, da ieri pomeriggio, problemi telefonici risolti ad Arabba, disservizi importanti per valligiani e turisti sulle reti Wind, Tre e Iliad.<\/span><\/p>\n<p>&nbsp;<\/p>\n<hr \/>\n<p><strong>ATTENZIONE ALLE TRUFFE DA CORONAVIRUS. DA MEL\u00a0 SEGNALATE DUE DONNE Per questo in caso di episodi simili non esitate a chiamare il 112, comunque le forze di Polizia.<\/strong><\/p>\n<p>&nbsp;<\/p>\n<hr \/>\n<p>&nbsp;<\/p>\n<p><strong>\u00a0CORONAVIRUS, AVVISO ALL&#8217;UTENZA DALLA ULSS1<\/strong><\/p>\n<p>L\u2019Ulss Dolomiti attiva, a partire da oggi, un numero aziendale dedicato per informazioni sul Coronavirus: 0437\/514343 attivo tutti i giorni dalle 9.00 alle 13.00 e dalle 14.00 alle 18.00 La linea dedicata si affianca a: numero verde regionale 800462340 istituito per informazioni sui comportamenti da tenere da parte delle persone che temono di essere entrate in contatto con virus.\u00a0 numero nazionale 1500. Luxottica ieri ha incontrato i sindacati e sul piatto ha messo una novit\u00e0 importante: coloro che si sono ammalati nei giorni dell&#8217;emergenza (malattie riconducibili a influenza) non avranno sorprese e ripercussioni sul premio di risultato. Sempre i sindacati hanno incontrato ieri il Prefetto di Belluno mentre la FP Cgil ha chiesto un incontro urgente al direttore dell&#8217;azienda Ulss1.<\/p>\n<p>&nbsp;<\/p>\n<p>&nbsp;<\/p>\n<hr \/>\n<h3>CORONAVIRUS.<\/h3>\n<p>Lunedi riaprono le scuole? Nessuno ha ancora deciso, studenti e insegnanti nel limbo. Il governatore Luca Zaia vorrebbe la riapertura all&#8217;inizio della settimana, dalla Lombardia la richiesta \u00e8 per\u00f2 diversa: &#8220;No alla riapertura&#8221;. E cos\u00ec a 48 ore dalla campanella nessuno si \u00e8 pronunciato quindi alla fine molto probabilmente la decisione verr\u00e0 presa a Roma dal Governo centrale alla faccia della tanto decantata autonomia.<\/p>\n<p>&nbsp;<\/p>\n<hr \/>\n<p>&nbsp;<\/p>\n<h1>MANCA POCO&#8230;<\/h1>\n<p><a class=\"dt-pswp-item\" href=\"https:\/\/www.radiopiu.net\/wordpress\/wp-content\/uploads\/2020\/02\/f69fd3cb-d00a-4259-840c-948270058d40.jpg\" data-dt-img-description=\"\" data-large_image_width=\"681\" data-large_image_height=\"980\"><img loading=\"lazy\" decoding=\"async\" class=\"alignnone size-medium wp-image-119724\" src=\"https:\/\/www.radiopiu.net\/wordpress\/wp-content\/uploads\/2020\/02\/f69fd3cb-d00a-4259-840c-948270058d40-208x300.jpg\" alt=\"\" width=\"208\" height=\"300\" srcset=\"https:\/\/www.radiopiu.net\/wordpress\/wp-content\/uploads\/2020\/02\/f69fd3cb-d00a-4259-840c-948270058d40-208x300.jpg 208w, https:\/\/www.radiopiu.net\/wordpress\/wp-content\/uploads\/2020\/02\/f69fd3cb-d00a-4259-840c-948270058d40.jpg 681w\" sizes=\"auto, (max-width: 208px) 100vw, 208px\" \/><\/a><\/p>\n<p>&nbsp;<\/p>\n<hr \/>\n<p>&nbsp;<\/p>\n<blockquote>\n<h3><a class=\"dt-pswp-item\" href=\"https:\/\/www.radiopiu.net\/wordpress\/wp-content\/uploads\/2020\/02\/08a02b22-9d51-4914-a6b7-8a17b1e2f12d.jpg\" data-dt-img-description=\"\" data-large_image_width=\"899\" data-large_image_height=\"1599\"><img loading=\"lazy\" decoding=\"async\" class=\"size-medium wp-image-119647 alignleft\" src=\"https:\/\/www.radiopiu.net\/wordpress\/wp-content\/uploads\/2020\/02\/08a02b22-9d51-4914-a6b7-8a17b1e2f12d-169x300.jpg\" alt=\"\" width=\"169\" height=\"300\" srcset=\"https:\/\/www.radiopiu.net\/wordpress\/wp-content\/uploads\/2020\/02\/08a02b22-9d51-4914-a6b7-8a17b1e2f12d-169x300.jpg 169w, https:\/\/www.radiopiu.net\/wordpress\/wp-content\/uploads\/2020\/02\/08a02b22-9d51-4914-a6b7-8a17b1e2f12d-576x1024.jpg 576w, https:\/\/www.radiopiu.net\/wordpress\/wp-content\/uploads\/2020\/02\/08a02b22-9d51-4914-a6b7-8a17b1e2f12d-768x1366.jpg 768w, https:\/\/www.radiopiu.net\/wordpress\/wp-content\/uploads\/2020\/02\/08a02b22-9d51-4914-a6b7-8a17b1e2f12d-864x1536.jpg 864w, https:\/\/www.radiopiu.net\/wordpress\/wp-content\/uploads\/2020\/02\/08a02b22-9d51-4914-a6b7-8a17b1e2f12d.jpg 899w\" sizes=\"auto, (max-width: 169px) 100vw, 169px\" \/><\/a><\/h3>\n<h3>IERI SERA SCOSSA DI TERREMOTO IN ALPAGO<\/h3>\n<\/blockquote>\n<p><strong>ALPAGO<\/strong> Ieri sera alle 18.07 scossa di terremoto con epicentro a Chiesa d&#8217;Alpago, magnitudo 2,7 profondit\u00e0 9,7 chilometri. I vigili del fuoco confermano che nessuna chiamata \u00e8 giunta al loro centralino.<\/p>\n<p>Anche il sismografo di Agordo di via Molin dei Cot ha rilevato il movimento tellurico<\/p>\n<p><a class=\"dt-pswp-item\" href=\"https:\/\/www.radiopiu.net\/wordpress\/wp-content\/uploads\/2020\/02\/f1d3a497-903b-4a84-a715-611820c9fe35.jpg\" data-dt-img-description=\"\" data-large_image_width=\"801\" data-large_image_height=\"626\"><img loading=\"lazy\" decoding=\"async\" class=\"alignnone size-medium wp-image-119651\" src=\"https:\/\/www.radiopiu.net\/wordpress\/wp-content\/uploads\/2020\/02\/f1d3a497-903b-4a84-a715-611820c9fe35-300x234.jpg\" alt=\"\" width=\"300\" height=\"234\" srcset=\"https:\/\/www.radiopiu.net\/wordpress\/wp-content\/uploads\/2020\/02\/f1d3a497-903b-4a84-a715-611820c9fe35-300x234.jpg 300w, https:\/\/www.radiopiu.net\/wordpress\/wp-content\/uploads\/2020\/02\/f1d3a497-903b-4a84-a715-611820c9fe35-768x600.jpg 768w, https:\/\/www.radiopiu.net\/wordpress\/wp-content\/uploads\/2020\/02\/f1d3a497-903b-4a84-a715-611820c9fe35.jpg 801w\" sizes=\"auto, (max-width: 300px) 100vw, 300px\" \/><\/a><\/p>\n<p>&nbsp;<\/p>\n<p>&nbsp;<\/p>\n<p>&nbsp;<\/p>\n<hr \/>\n<blockquote>\n<h3>DEVASTANTE INCENDIO IERI POMERIGGIO A FELTRE IN VIA FUSINATO SOPRA IL BAR VECCHIO E NUOVO<\/h3>\n<\/blockquote>\n<p><a class=\"dt-pswp-item\" href=\"https:\/\/www.radiopiu.net\/wordpress\/wp-content\/uploads\/2020\/02\/87887678_201113157638577_2949030957543325696_n.jpg\" data-dt-img-description=\"\" data-large_image_width=\"542\" data-large_image_height=\"960\"><img loading=\"lazy\" decoding=\"async\" class=\"size-medium wp-image-119541 alignleft\" src=\"https:\/\/www.radiopiu.net\/wordpress\/wp-content\/uploads\/2020\/02\/87887678_201113157638577_2949030957543325696_n-169x300.jpg\" alt=\"\" width=\"169\" height=\"300\" srcset=\"https:\/\/www.radiopiu.net\/wordpress\/wp-content\/uploads\/2020\/02\/87887678_201113157638577_2949030957543325696_n-169x300.jpg 169w, https:\/\/www.radiopiu.net\/wordpress\/wp-content\/uploads\/2020\/02\/87887678_201113157638577_2949030957543325696_n.jpg 542w\" sizes=\"auto, (max-width: 169px) 100vw, 169px\" \/><\/a><\/p>\n<p>&nbsp;<\/p>\n<p>&nbsp;<\/p>\n<p><strong>\u00a0FELTRE<\/strong> Ieri alle\u00a0 12.30, i vigili del fuoco sono intervenuti con immediatezza per lo spegnimento di un incendio del tetto in via Arnaldo Fusinato. Le fiamme probabilmente divampante per un\u2019anomalia all\u2019impianto fotovoltaico,\u00a0 si sono subito estese al alcune falde del fabbricato, che ospita quattro unit\u00e0 abitative e due esercizi commerciali, che sono stati prontamente evacuati. Le squadre dei vigili del fuoco arrivate dal locale distaccamento con personale permanente e volontario e da Belluno con due autopompe, due autobotti, due autoscale, il carro aria e 16 operatori, hanno subito iniziato le operazioni di spegnimento evitando il coinvolgimento di tutta la copertura.Le operazioni di spegnimento di una porzione di tetto e della bonifica,\u00a0 si sono protratte per tutto il pomeriggio.<\/p>\n<p>&nbsp;<\/p>\n<div style=\"width: 848px;\" class=\"wp-video\"><video class=\"wp-video-shortcode\" id=\"video-119560-1\" width=\"848\" height=\"480\" preload=\"metadata\" controls=\"controls\"><source type=\"video\/mp4\" src=\"https:\/\/www.radiopiu.net\/wordpress\/wp-content\/uploads\/2020\/02\/WhatsApp-Video-2020-02-28-at-13.25.52.mp4?_=1\" \/><a href=\"https:\/\/www.radiopiu.net\/wordpress\/wp-content\/uploads\/2020\/02\/WhatsApp-Video-2020-02-28-at-13.25.52.mp4\">https:\/\/www.radiopiu.net\/wordpress\/wp-content\/uploads\/2020\/02\/WhatsApp-Video-2020-02-28-at-13.25.52.mp4<\/a><\/video><\/div>\n<p>&nbsp;<\/p>\n<p><a class=\"dt-pswp-item\" href=\"https:\/\/www.radiopiu.net\/wordpress\/wp-content\/uploads\/2020\/02\/2830eeea-9652-4756-a772-41e0ad6c7716.jpg\" data-dt-img-description=\"\" data-large_image_width=\"1280\" data-large_image_height=\"960\"><img loading=\"lazy\" decoding=\"async\" class=\"alignnone size-medium wp-image-119580\" src=\"https:\/\/www.radiopiu.net\/wordpress\/wp-content\/uploads\/2020\/02\/2830eeea-9652-4756-a772-41e0ad6c7716-300x225.jpg\" alt=\"\" width=\"300\" height=\"225\" srcset=\"https:\/\/www.radiopiu.net\/wordpress\/wp-content\/uploads\/2020\/02\/2830eeea-9652-4756-a772-41e0ad6c7716-300x225.jpg 300w, https:\/\/www.radiopiu.net\/wordpress\/wp-content\/uploads\/2020\/02\/2830eeea-9652-4756-a772-41e0ad6c7716-1024x768.jpg 1024w, https:\/\/www.radiopiu.net\/wordpress\/wp-content\/uploads\/2020\/02\/2830eeea-9652-4756-a772-41e0ad6c7716-768x576.jpg 768w, https:\/\/www.radiopiu.net\/wordpress\/wp-content\/uploads\/2020\/02\/2830eeea-9652-4756-a772-41e0ad6c7716.jpg 1280w\" sizes=\"auto, (max-width: 300px) 100vw, 300px\" \/><\/a><a class=\"dt-pswp-item\" href=\"https:\/\/www.radiopiu.net\/wordpress\/wp-content\/uploads\/2020\/02\/e5351cbf-75bd-4a74-aadc-e14e0ee082d3.jpg\" data-dt-img-description=\"\" data-large_image_width=\"1280\" data-large_image_height=\"960\"><img loading=\"lazy\" decoding=\"async\" class=\"alignnone size-medium wp-image-119581\" src=\"https:\/\/www.radiopiu.net\/wordpress\/wp-content\/uploads\/2020\/02\/e5351cbf-75bd-4a74-aadc-e14e0ee082d3-300x225.jpg\" alt=\"\" width=\"300\" height=\"225\" srcset=\"https:\/\/www.radiopiu.net\/wordpress\/wp-content\/uploads\/2020\/02\/e5351cbf-75bd-4a74-aadc-e14e0ee082d3-300x225.jpg 300w, https:\/\/www.radiopiu.net\/wordpress\/wp-content\/uploads\/2020\/02\/e5351cbf-75bd-4a74-aadc-e14e0ee082d3-1024x768.jpg 1024w, https:\/\/www.radiopiu.net\/wordpress\/wp-content\/uploads\/2020\/02\/e5351cbf-75bd-4a74-aadc-e14e0ee082d3-768x576.jpg 768w, https:\/\/www.radiopiu.net\/wordpress\/wp-content\/uploads\/2020\/02\/e5351cbf-75bd-4a74-aadc-e14e0ee082d3.jpg 1280w\" sizes=\"auto, (max-width: 300px) 100vw, 300px\" \/><\/a><a class=\"dt-pswp-item\" href=\"https:\/\/www.radiopiu.net\/wordpress\/wp-content\/uploads\/2020\/02\/a4d1e269-86ab-4c7b-b720-c764fd4f91b0.jpg\" data-dt-img-description=\"\" data-large_image_width=\"1280\" data-large_image_height=\"960\"><img loading=\"lazy\" decoding=\"async\" class=\"alignnone size-medium wp-image-119582\" src=\"https:\/\/www.radiopiu.net\/wordpress\/wp-content\/uploads\/2020\/02\/a4d1e269-86ab-4c7b-b720-c764fd4f91b0-300x225.jpg\" alt=\"\" width=\"300\" height=\"225\" srcset=\"https:\/\/www.radiopiu.net\/wordpress\/wp-content\/uploads\/2020\/02\/a4d1e269-86ab-4c7b-b720-c764fd4f91b0-300x225.jpg 300w, https:\/\/www.radiopiu.net\/wordpress\/wp-content\/uploads\/2020\/02\/a4d1e269-86ab-4c7b-b720-c764fd4f91b0-1024x768.jpg 1024w, https:\/\/www.radiopiu.net\/wordpress\/wp-content\/uploads\/2020\/02\/a4d1e269-86ab-4c7b-b720-c764fd4f91b0-768x576.jpg 768w, https:\/\/www.radiopiu.net\/wordpress\/wp-content\/uploads\/2020\/02\/a4d1e269-86ab-4c7b-b720-c764fd4f91b0.jpg 1280w\" sizes=\"auto, (max-width: 300px) 100vw, 300px\" \/><\/a><a class=\"dt-pswp-item\" href=\"https:\/\/www.radiopiu.net\/wordpress\/wp-content\/uploads\/2020\/02\/1283888a-430b-41f4-bd78-39bea1e35ee4.jpg\" data-dt-img-description=\"\" data-large_image_width=\"1280\" data-large_image_height=\"960\"><img loading=\"lazy\" decoding=\"async\" class=\"alignnone size-medium wp-image-119583\" src=\"https:\/\/www.radiopiu.net\/wordpress\/wp-content\/uploads\/2020\/02\/1283888a-430b-41f4-bd78-39bea1e35ee4-300x225.jpg\" alt=\"\" width=\"300\" height=\"225\" srcset=\"https:\/\/www.radiopiu.net\/wordpress\/wp-content\/uploads\/2020\/02\/1283888a-430b-41f4-bd78-39bea1e35ee4-300x225.jpg 300w, https:\/\/www.radiopiu.net\/wordpress\/wp-content\/uploads\/2020\/02\/1283888a-430b-41f4-bd78-39bea1e35ee4-1024x768.jpg 1024w, https:\/\/www.radiopiu.net\/wordpress\/wp-content\/uploads\/2020\/02\/1283888a-430b-41f4-bd78-39bea1e35ee4-768x576.jpg 768w, https:\/\/www.radiopiu.net\/wordpress\/wp-content\/uploads\/2020\/02\/1283888a-430b-41f4-bd78-39bea1e35ee4.jpg 1280w\" sizes=\"auto, (max-width: 300px) 100vw, 300px\" \/><\/a><\/p>\n<p>&nbsp;<\/p>\n<p>&nbsp;<\/p>\n<hr \/>\n<p>&nbsp;<\/p>\n<blockquote>\n<h3>BRUCIA IL MONTE AVENA, NEL FELTRINO IL SECONDO INCENDIO IN POCHI GIORNI<\/h3>\n<\/blockquote>\n<p><strong>FELTRE<\/strong> Dalle 18:30 di ieri sera , i vigili del fuoco sono impegnati in localit\u00e0 Belvedere sul Col Melon a Pedavena per un incendio boschivo, poco lontano da alcune abitazioni. Sul posto stanno operando le squadre permanenti e volontari di Feltre e del basso feltrino con 7 automezzi e circa venti operatori a salvaguardia di alcune abitazioni. Allertate anche le squadre dell\u2019antincendio boschivo regionale. Il secondo incendio in pochi giorni nel feltrino, che si aggiunge ad un elenco preoccupante visto il periodo di siccit\u00e0. Di certo le fiamme non sono state generate da autocombustione e sull&#8217;ipotesi dolosa (come il precedente) non ci sono dubbi.Il fuoco sviluppatosi rapidamente nella zona del Belvedere, probabilmente alimentato anche dal vento, \u00e8 stato visto nitidamente da valle, facendo partire numerose telefonate ai vigili del fuoco e ai carabinieri Solo l&#8217;altro ieri era andato a fuoco una scarpata a Noach, i vigili del fuoco di Agordo hanno evitato che le fiamme si propagassero verso l&#8217;alto del Monte Celo peraltro in una giornata caratterizzata dal forte vento.<\/p>\n<p><strong>L&#8217;ASSESSORE ALLA PROTEZIONE CIVILE GIANPAOLO BOTTACIN<\/strong><\/p>\n<blockquote><p>Si comunica che i tecnici della Regione Veneto Antincendio Boschivo sono attivi per lo spegnimento di un incendio boschivo in localit\u00e0 Col Melon in comune di Padevena e stanno coordinando le operazioni di spegnimento secondo quanto disposto dalla legge 353 \/ 2000 che attribuisce alle Regioni la competenza nella lotta agli incendi boschivi. I tecnici regionali sono supportati dal fondamentale apporto dei Volontari di Protezione Civile Antincendio Boschivo e dai Vigili del Fuoco.<\/p><\/blockquote>\n<p>&nbsp;<\/p>\n<p><a class=\"dt-pswp-item\" href=\"https:\/\/www.radiopiu.net\/wordpress\/wp-content\/uploads\/2020\/02\/2F9F49FA-C76B-4AAA-91E6-21BE33F29F50.jpeg\" data-dt-img-description=\"\" data-large_image_width=\"768\" data-large_image_height=\"576\"><img loading=\"lazy\" decoding=\"async\" class=\"alignnone wp-image-119684\" src=\"https:\/\/www.radiopiu.net\/wordpress\/wp-content\/uploads\/2020\/02\/2F9F49FA-C76B-4AAA-91E6-21BE33F29F50-300x225.jpeg\" alt=\"\" width=\"171\" height=\"128\" srcset=\"https:\/\/www.radiopiu.net\/wordpress\/wp-content\/uploads\/2020\/02\/2F9F49FA-C76B-4AAA-91E6-21BE33F29F50-300x225.jpeg 300w, https:\/\/www.radiopiu.net\/wordpress\/wp-content\/uploads\/2020\/02\/2F9F49FA-C76B-4AAA-91E6-21BE33F29F50.jpeg 768w\" sizes=\"auto, (max-width: 171px) 100vw, 171px\" \/><\/a><a class=\"dt-pswp-item\" href=\"https:\/\/www.radiopiu.net\/wordpress\/wp-content\/uploads\/2020\/02\/BF8B0B00-524E-49D3-B850-E401EC0E4752.jpeg\" data-dt-img-description=\"\" data-large_image_width=\"960\" data-large_image_height=\"711\"><img loading=\"lazy\" decoding=\"async\" class=\"alignnone wp-image-119683\" src=\"https:\/\/www.radiopiu.net\/wordpress\/wp-content\/uploads\/2020\/02\/BF8B0B00-524E-49D3-B850-E401EC0E4752-300x222.jpeg\" alt=\"\" width=\"173\" height=\"128\" srcset=\"https:\/\/www.radiopiu.net\/wordpress\/wp-content\/uploads\/2020\/02\/BF8B0B00-524E-49D3-B850-E401EC0E4752-300x222.jpeg 300w, https:\/\/www.radiopiu.net\/wordpress\/wp-content\/uploads\/2020\/02\/BF8B0B00-524E-49D3-B850-E401EC0E4752-768x569.jpeg 768w, https:\/\/www.radiopiu.net\/wordpress\/wp-content\/uploads\/2020\/02\/BF8B0B00-524E-49D3-B850-E401EC0E4752.jpeg 960w\" sizes=\"auto, (max-width: 173px) 100vw, 173px\" \/><\/a><a class=\"dt-pswp-item\" href=\"https:\/\/www.radiopiu.net\/wordpress\/wp-content\/uploads\/2020\/02\/77EFC00B-CE50-4C88-9B9C-93A0904E252B.jpeg\" data-dt-img-description=\"\" data-large_image_width=\"960\" data-large_image_height=\"690\"><img loading=\"lazy\" decoding=\"async\" class=\"alignnone wp-image-119682\" src=\"https:\/\/www.radiopiu.net\/wordpress\/wp-content\/uploads\/2020\/02\/77EFC00B-CE50-4C88-9B9C-93A0904E252B-300x216.jpeg\" alt=\"\" width=\"181\" height=\"130\" srcset=\"https:\/\/www.radiopiu.net\/wordpress\/wp-content\/uploads\/2020\/02\/77EFC00B-CE50-4C88-9B9C-93A0904E252B-300x216.jpeg 300w, https:\/\/www.radiopiu.net\/wordpress\/wp-content\/uploads\/2020\/02\/77EFC00B-CE50-4C88-9B9C-93A0904E252B-768x552.jpeg 768w, https:\/\/www.radiopiu.net\/wordpress\/wp-content\/uploads\/2020\/02\/77EFC00B-CE50-4C88-9B9C-93A0904E252B.jpeg 960w\" sizes=\"auto, (max-width: 181px) 100vw, 181px\" \/><\/a><\/p>\n<p><strong>IL VIDEO<\/strong><\/p>\n<div style=\"width: 640px;\" class=\"wp-video\"><video class=\"wp-video-shortcode\" id=\"video-119560-2\" width=\"640\" height=\"360\" preload=\"metadata\" controls=\"controls\"><source type=\"video\/mp4\" src=\"https:\/\/www.radiopiu.net\/wordpress\/wp-content\/uploads\/2020\/02\/IMG_6897.mp4?_=2\" \/><a href=\"https:\/\/www.radiopiu.net\/wordpress\/wp-content\/uploads\/2020\/02\/IMG_6897.mp4\">https:\/\/www.radiopiu.net\/wordpress\/wp-content\/uploads\/2020\/02\/IMG_6897.mp4<\/a><\/video><\/div>\n<p>&nbsp;<\/p>\n<p>&nbsp;<\/p>\n<hr \/>\n<p>&nbsp;<\/p>\n<blockquote>\n<h3>RECUPERATO SCIALPINISTA SUL PADON<\/h3>\n<p><strong><img loading=\"lazy\" decoding=\"async\" class=\"alignleft\" src=\"https:\/\/www.radiopiu.net\/wordpress\/wp-content\/uploads\/2018\/08\/soccorsoalpino-300x300.jpg\" width=\"162\" height=\"162\" \/>ROCCA PIETORE<\/strong> Poco prima delle 16 la Centrale del 118 ha allertato il Soccorso alpino della Val Pettorina per uno sciatore in difficolt\u00e0. Scendendo dal Padon, infatti, un ventiseienne ucraino, non riuscendo a controllare l&#8217;andatura, era uscito di pista a una curva, perdendo sci e racchette e iniziando a ruzzolare in un canale. Una volta fermatosi senza avere per fortuna riportato conseguenze, il ragazzo, un po&#8217; per la paura un po&#8217; a causa della neve dura, non se l&#8217;\u00e8 sentita di provare a muoversi. Tre soccorritori sono scesi con gli impianti e, ramponi ai piedi, lo hanno raggiunto dall&#8217;alto mentre un&#8217;altra squadra si avvicinava dal basso. Dopo aver fatto calzare anche a lui i ramponi, i tecnici lo hanno assicurato con la corda e sono rientrati con lui a valle lungo 200 metri di dislivello, per poi accompagnarlo in jeep nella loro sede, dove gli amici sono passati a prenderlo.<\/p><\/blockquote>\n<p>&nbsp;<\/p>\n<hr \/>\n<p>&nbsp;<\/p>\n<p>&nbsp;<\/p>\n<blockquote>\n<h3>FURTO NEL BAR, RUBATE LE BANCONOTE MA NON LE MONETINE.<\/h3>\n<\/blockquote>\n<p><strong>BELLUNO<\/strong> Ancora un furto in citt\u00e0 in pieno centro storico e s&#8217;alza l&#8217;asticella dell&#8217;allerta. Sono entrati dalla finestra e hanno rubato il fondo cassa di un locale, bottino 250 euro in contanti. Sul posto per le indagini la Polizia. Nessun segno di effrazione sugli infissi perch\u00e9 probabilmente la finestra era stata lasciata aperta.<\/p>\n<p>&nbsp;<\/p>\n<p>&nbsp;<\/p>\n<hr \/>\n<blockquote>\n<h3><\/h3>\n<h1>TERZO LUTTO AD ALLEGHE IN 48 ORE, E&#8217; MANCATA SARA DA PIAN<\/h1>\n<p>&nbsp;<\/p>\n<h3><a class=\"dt-pswp-item\" href=\"https:\/\/www.radiopiu.net\/wordpress\/wp-content\/uploads\/2020\/02\/7805e5dc-cfb6-44df-8894-38dac9eb9f64.jpg\" data-dt-img-description=\"\" data-large_image_width=\"1536\" data-large_image_height=\"2048\"><img loading=\"lazy\" decoding=\"async\" class=\"wp-image-119700 alignleft\" src=\"https:\/\/www.radiopiu.net\/wordpress\/wp-content\/uploads\/2020\/02\/7805e5dc-cfb6-44df-8894-38dac9eb9f64-225x300.jpg\" alt=\"\" width=\"112\" height=\"149\" srcset=\"https:\/\/www.radiopiu.net\/wordpress\/wp-content\/uploads\/2020\/02\/7805e5dc-cfb6-44df-8894-38dac9eb9f64-225x300.jpg 225w, https:\/\/www.radiopiu.net\/wordpress\/wp-content\/uploads\/2020\/02\/7805e5dc-cfb6-44df-8894-38dac9eb9f64-768x1024.jpg 768w, https:\/\/www.radiopiu.net\/wordpress\/wp-content\/uploads\/2020\/02\/7805e5dc-cfb6-44df-8894-38dac9eb9f64-1152x1536.jpg 1152w, https:\/\/www.radiopiu.net\/wordpress\/wp-content\/uploads\/2020\/02\/7805e5dc-cfb6-44df-8894-38dac9eb9f64.jpg 1536w\" sizes=\"auto, (max-width: 112px) 100vw, 112px\" \/><\/a>ALLEGHE Un&#8217;altra notizia luttuosa dal paese rivierasco, ieri \u00e8 mancata Sara Da Pian 86 anni, volto noto di Piazza Kennedy. Con il marito D&#8217;Imperio (scomparso in un drammatico incidente automobilistico sopra Caprile) ha gestito per molti anni fino al 2003, la pasticceria in centro al paese. Lascia i figli, le sorelle i nipoti. I funerali lunedi alle 14.30 a seconda delle disposizioni vigenti i funerali si svolgeranno in forma pubblica o privata.<\/h3>\n<p>&nbsp;<\/p>\n<p>&nbsp;<\/p>\n<blockquote>\n<h3>DOLORE AD ALLEGHE PER LA SCOMPARSA DI CLAUDIO FRANCESCHINI<\/h3>\n<p>PROBABILMENTE MARTEDI I FUNERALI MA LE MODALITA&#8217; NON SONO NOTE IN CONSIDERAZIONE DELLE ORDINANZE SUL CORONAVIRUS, IL RICORDO GIOVEDI NEL CORSO DELLA PRIMA PARTITA CASALINGA DEI PLAYOFF DELL&#8217;ALLEGHE CON IL MERANO, CON CLAUDIO ANCHE IL RICORDO DELL&#8217;AMATO PRESIDENTE RENATO ROSSI I CUI FUNERALI SI TERRANNO IN CANADA. MARTEDI INVECE L&#8217;ALLEGHE GIOCHERA&#8217; IN ALTO ADIGE (GARA1) CON IL LUTTO AL BRACCIO.<\/p><\/blockquote>\n<\/blockquote>\n<p><strong><a class=\"dt-pswp-item\" href=\"https:\/\/www.radiopiu.net\/wordpress\/wp-content\/uploads\/2020\/02\/claudio-franceschini-alpino.jpg\" data-dt-img-description=\"OLYMPUS DIGITAL CAMERA\" data-large_image_width=\"1280\" data-large_image_height=\"960\"><img loading=\"lazy\" decoding=\"async\" class=\"wp-image-119550 alignleft\" src=\"https:\/\/www.radiopiu.net\/wordpress\/wp-content\/uploads\/2020\/02\/claudio-franceschini-alpino-300x225.jpg\" alt=\"\" width=\"207\" height=\"155\" srcset=\"https:\/\/www.radiopiu.net\/wordpress\/wp-content\/uploads\/2020\/02\/claudio-franceschini-alpino-300x225.jpg 300w, https:\/\/www.radiopiu.net\/wordpress\/wp-content\/uploads\/2020\/02\/claudio-franceschini-alpino-1024x768.jpg 1024w, https:\/\/www.radiopiu.net\/wordpress\/wp-content\/uploads\/2020\/02\/claudio-franceschini-alpino-768x576.jpg 768w, https:\/\/www.radiopiu.net\/wordpress\/wp-content\/uploads\/2020\/02\/claudio-franceschini-alpino.jpg 1280w\" sizes=\"auto, (max-width: 207px) 100vw, 207px\" \/><\/a><\/strong><\/p>\n<p>&nbsp;<\/p>\n<p><strong>ALLEGHE<\/strong> La tristezza ad Alleghe \u00e8 palpabile, la morte di Claudio Franceschini \u00e8 stato un altro brutto colpo per tutta la comunit\u00e0, tanto era amato l&#8217;ex sindaco, l&#8217;ex vice presidente dell&#8217;Alleghe, l&#8217;amico degli alpini perch\u00e9 era immancabile la sua presenza a Masar\u00e8 in occasione del giro del lago di Alleghe, era uno di loro come ricorda anche il sindaco\u00a0 Danilo De Toni<\/p>\n<p>&nbsp;<\/p>\n<audio class=\"wp-audio-shortcode\" id=\"audio-119560-1\" preload=\"none\" style=\"width: 100%;\" controls=\"controls\"><source type=\"audio\/mpeg\" src=\"https:\/\/www.radiopiu.net\/wordpress\/wp-content\/uploads\/2020\/02\/DANILO-MORTI-2.mp3?_=1\" \/><a href=\"https:\/\/www.radiopiu.net\/wordpress\/wp-content\/uploads\/2020\/02\/DANILO-MORTI-2.mp3\">https:\/\/www.radiopiu.net\/wordpress\/wp-content\/uploads\/2020\/02\/DANILO-MORTI-2.mp3<\/a><\/audio>\n<p><strong>IL RICORDO DI GIANNI SANTOMASO, DAL CORRIERE DELLE ALPI<\/strong><\/p>\n<audio class=\"wp-audio-shortcode\" id=\"audio-119560-2\" preload=\"none\" style=\"width: 100%;\" controls=\"controls\"><source type=\"audio\/mpeg\" src=\"https:\/\/www.radiopiu.net\/wordpress\/wp-content\/uploads\/2020\/02\/france.mp3?_=2\" \/><a href=\"https:\/\/www.radiopiu.net\/wordpress\/wp-content\/uploads\/2020\/02\/france.mp3\">https:\/\/www.radiopiu.net\/wordpress\/wp-content\/uploads\/2020\/02\/france.mp3<\/a><\/audio>\n<p><a class=\"dt-pswp-item\" href=\"https:\/\/www.radiopiu.net\/wordpress\/wp-content\/uploads\/2020\/02\/SINDACO-ALLEGHE-CLAUDIO-FRANCESCHINI.jpg\" data-dt-img-description=\"\" data-large_image_width=\"387\" data-large_image_height=\"373\"><img loading=\"lazy\" decoding=\"async\" class=\"alignnone wp-image-119552\" src=\"https:\/\/www.radiopiu.net\/wordpress\/wp-content\/uploads\/2020\/02\/SINDACO-ALLEGHE-CLAUDIO-FRANCESCHINI-300x289.jpg\" alt=\"\" width=\"200\" height=\"193\" srcset=\"https:\/\/www.radiopiu.net\/wordpress\/wp-content\/uploads\/2020\/02\/SINDACO-ALLEGHE-CLAUDIO-FRANCESCHINI-300x289.jpg 300w, https:\/\/www.radiopiu.net\/wordpress\/wp-content\/uploads\/2020\/02\/SINDACO-ALLEGHE-CLAUDIO-FRANCESCHINI.jpg 387w\" sizes=\"auto, (max-width: 200px) 100vw, 200px\" \/><\/a><a class=\"dt-pswp-item\" href=\"https:\/\/www.radiopiu.net\/wordpress\/wp-content\/uploads\/2020\/02\/claudio-franceschini.jpg\" data-dt-img-description=\"\" data-large_image_width=\"708\" data-large_image_height=\"1161\"><img loading=\"lazy\" decoding=\"async\" class=\"alignnone wp-image-119551\" src=\"https:\/\/www.radiopiu.net\/wordpress\/wp-content\/uploads\/2020\/02\/claudio-franceschini-183x300.jpg\" alt=\"\" width=\"116\" height=\"190\" srcset=\"https:\/\/www.radiopiu.net\/wordpress\/wp-content\/uploads\/2020\/02\/claudio-franceschini-183x300.jpg 183w, https:\/\/www.radiopiu.net\/wordpress\/wp-content\/uploads\/2020\/02\/claudio-franceschini-624x1024.jpg 624w, https:\/\/www.radiopiu.net\/wordpress\/wp-content\/uploads\/2020\/02\/claudio-franceschini.jpg 708w\" sizes=\"auto, (max-width: 116px) 100vw, 116px\" \/><\/a><\/p>\n<p>&nbsp;<\/p>\n<p>&nbsp;<\/p>\n<hr \/>\n<h3><\/h3>\n<h2><strong>Coronavirus: esito incontro in Prefettura di Belluno per fare il punto sulla situazione<\/strong><\/h2>\n<div><strong>BELLUNO\u00a0<\/strong> CGIL CISL e UIL di Belluno hanno partecipato ieri all\u2019incontro convocato in Prefettura con tutte le associazioni di categoria, l\u2019ULSS 1, organi di controllo, ordini militari e istituzioni della provincia di Belluno per fare il punto sulla situazione per la gestione delle problematiche legate al Coronavirus. Le parti sociali, tra cui il sindacato, hanno fatto il punto della situazione sulle difficolt\u00e0 di gestione del rischio sanitario in tutti i luoghi di lavoro. Il tavolo ha ricevuto un puntuale aggiornamento sullo stato delle cose e ricevendo rassicurazioni sul sistema organizzativo di prevenzione e di gestione di eventuali episodi di positivit\u00e0 messo in campo da parte della ULSS 1. I possibili eccessivi allarmismi,\u00a0 rischiano di mettere in crisi ulteriormente il sistema economico e sanitario, con il rischio che si intasino i canali di pronto intervento e si dilunghino i tempi di risposta alle emergenze. <em>&#8220;<span style=\"font-family: Arial, sans-serif;\"> Dobbiamo mettere nelle giuste condizioni giornalisti e mass media per una corretta informazione anche per permettere di tranquillizzare la cittadinanza con indicazioni puntuali e costruttive non creando ambiguit\u00e0 nelle indicazioni che vengono date dai diversi soggetti istituzionali. <\/span><span style=\"font-family: Arial, sans-serif;\"><span lang=\"it-IT\">Cgil Cisl e Uil, insieme alle categorie economiche, si sono soffermate sul rischio economico legato alle disdette sulle prenotazioni turistiche, sull\u2019indotto legato al turismo e sulle attivit\u00e0 manifatturiere che soffrono l\u2019approvvigionamento dei semilavorati. Per limitare le ricadute occupazionali, servono interventi urgenti di copertura salariale attraverso ammortizzatori sociali per chi oggi ne \u00e8 sprovvisto (piccole aziende e p. iva). <\/span><\/span><span style=\"font-family: Arial, sans-serif;\">Rimaniamo in attesa degli sviluppi in questi giorni e di eventuali emanazioni ministeriali in materia entro il 1\u00b0 marzo.<\/span><\/em><\/div>\n<div><\/div>\n<p>&nbsp;<\/p>\n<p>&nbsp;<\/p>\n<hr \/>\n<p>&nbsp;<\/p>\n<blockquote>\n<h3>CORONAVIRUS: FP CGIL CHIEDE UN INCONTRO CON LA ULSS<\/h3>\n<\/blockquote>\n<p><strong><a class=\"dt-pswp-item\" href=\"https:\/\/www.radiopiu.net\/wordpress\/wp-content\/uploads\/2020\/02\/download-24.jpg\" data-dt-img-description=\"\" data-large_image_width=\"200\" data-large_image_height=\"200\"><img loading=\"lazy\" decoding=\"async\" class=\"size-full wp-image-119604 alignleft\" src=\"https:\/\/www.radiopiu.net\/wordpress\/wp-content\/uploads\/2020\/02\/download-24.jpg\" alt=\"\" width=\"200\" height=\"200\" srcset=\"https:\/\/www.radiopiu.net\/wordpress\/wp-content\/uploads\/2020\/02\/download-24.jpg 200w, https:\/\/www.radiopiu.net\/wordpress\/wp-content\/uploads\/2020\/02\/download-24-150x150.jpg 150w\" sizes=\"auto, (max-width: 200px) 100vw, 200px\" \/><\/a>BELLUNO<\/strong> La FP CGIL \u00a0ha preso visione dell\u2019Ordine di Servizio del 25 febbraio u.s. con il quale il Direttore del Dipartimento di Prevenzione, di concerto con la Direzione Sanitaria, disponeva una serie di misure organizzative nei confronti del personale del comparto amministrativo e sanitario e della dirigenza medica del Dipartimento volte a contrastare e contenere l\u2019emergenza da COVID-2019.<br \/>\nPur nella consapevolezza della eccezionalit\u00e0 della situazione legata all\u2019emergenza COVID-2019\u00a0 LA FP CGILcontesta tale provvedimento sia nel metodo che nel merito. In primo nel metodo alcune disposizioni dell\u2019Ordine in parola prevedono l\u2019adozione di istituti contrattuali, quali la pronta disponibilit\u00e0, In secondo nel merito rispetto all\u2019adozione di provvedimenti che potrebbero esporre i lavoratori a violazione della normativa sulla sicurezza e salute. Per i suesposti motivi e con lo spirito di condividere la necessita di adottare le eventuali modalit\u00e0 operative di organizzazione e gestione del personale del Comparto e della Dirigenza coinvolta nell\u2019emergenza COVD-2019 la richiesta di\u00a0 un incontro urgente e nelle more dell\u2019incontro a chiedere la sospendere immediata dell\u2019applicazione del provvedimento adottato.<\/p>\n<p><strong>AI MICROFONI DI RADIO PIU GIANLUIGI DELLA GIACOMA<\/strong><\/p>\n<p>&nbsp;<\/p>\n<audio class=\"wp-audio-shortcode\" id=\"audio-119560-3\" preload=\"none\" style=\"width: 100%;\" controls=\"controls\"><source type=\"audio\/mpeg\" src=\"https:\/\/www.radiopiu.net\/wordpress\/wp-content\/uploads\/2020\/02\/GIANLUIGI.mp3?_=3\" \/><a href=\"https:\/\/www.radiopiu.net\/wordpress\/wp-content\/uploads\/2020\/02\/GIANLUIGI.mp3\">https:\/\/www.radiopiu.net\/wordpress\/wp-content\/uploads\/2020\/02\/GIANLUIGI.mp3<\/a><\/audio>\n<p>&nbsp;<\/p>\n<p>&nbsp;<\/p>\n<hr \/>\n<p class=\"p1\"><span class=\"s1\">\u00a0<\/span><\/p>\n<blockquote>\n<h3 class=\"p1\">LUXOTTICA: IL CORONAVIRUS NON INCIDERA&#8217; SUL PREMIO RISULTATO<\/h3>\n<\/blockquote>\n<p class=\"p1\"><span class=\"s1\"><strong><a class=\"dt-pswp-item\" href=\"https:\/\/www.radiopiu.net\/wordpress\/wp-content\/uploads\/2019\/10\/MAGLIA-LUXOTTICA.jpeg\" data-dt-img-description=\"\" data-large_image_width=\"1024\" data-large_image_height=\"1024\"><img loading=\"lazy\" decoding=\"async\" class=\"size-medium wp-image-103580 alignleft\" src=\"https:\/\/www.radiopiu.net\/wordpress\/wp-content\/uploads\/2019\/10\/MAGLIA-LUXOTTICA-300x300.jpeg\" alt=\"\" width=\"300\" height=\"300\" srcset=\"https:\/\/www.radiopiu.net\/wordpress\/wp-content\/uploads\/2019\/10\/MAGLIA-LUXOTTICA-300x300.jpeg 300w, https:\/\/www.radiopiu.net\/wordpress\/wp-content\/uploads\/2019\/10\/MAGLIA-LUXOTTICA-150x150.jpeg 150w, https:\/\/www.radiopiu.net\/wordpress\/wp-content\/uploads\/2019\/10\/MAGLIA-LUXOTTICA-768x768.jpeg 768w, https:\/\/www.radiopiu.net\/wordpress\/wp-content\/uploads\/2019\/10\/MAGLIA-LUXOTTICA.jpeg 1024w\" sizes=\"auto, (max-width: 300px) 100vw, 300px\" \/><\/a>AGORDO<\/strong> Luxottica e la RSU si sono incontrate per discutere sul premio risultato e sul momento di allerta attuale riguardo il Coronavirus. Il tema principale riguardava il premio risultato e le assenze che potrebbero incidere sulla cifra finale del premio. Come ben sanno gli operai degli stabilimenti Luxottica, ogni anno nel mese di luglio viene erogato un premio di risultato che, in base ai giorni di malattia effettuati, pu\u00f2 cambiare di anno in anno. Le parti si sono incontrate per fare in modo di trovare un accordo in questo difficile momento e per non penalizzare i lavoratori che rimarranno a casa con i sintomi del quadro clinico dell\u2019attuale infezione COVID-19. Solo coloro che dal 28 febbraio al 15 marzo presenteranno un certificato di malattia che dichiara un\u2019assenza di malattia per problemi alle vie respiratorie, le giornate a casa non saranno conteggiate per ridurre il premio risultato. Naturalmente il lavoratore dovr\u00e0 presentare domanda presso il medico coordinatore dell\u2019azienda che valuter\u00e0 caso per caso, domanda di scompiuto che dovr\u00e0 essere fatta nelle modalit\u00e0 e nelle tempistiche adatte.<\/span><\/p>\n<p><strong>NICOLA BRANCHER FEMCA CISL<\/strong><\/p>\n<audio class=\"wp-audio-shortcode\" id=\"audio-119560-4\" preload=\"none\" style=\"width: 100%;\" controls=\"controls\"><source type=\"audio\/mpeg\" src=\"https:\/\/www.radiopiu.net\/wordpress\/wp-content\/uploads\/2020\/02\/NICOLA-BRANCHER-CORONAVIRUS-LUXOTTICA.mp3?_=4\" \/><a href=\"https:\/\/www.radiopiu.net\/wordpress\/wp-content\/uploads\/2020\/02\/NICOLA-BRANCHER-CORONAVIRUS-LUXOTTICA.mp3\">https:\/\/www.radiopiu.net\/wordpress\/wp-content\/uploads\/2020\/02\/NICOLA-BRANCHER-CORONAVIRUS-LUXOTTICA.mp3<\/a><\/audio>\n<p>&nbsp;<\/p>\n<p>&nbsp;<\/p>\n<hr \/>\n<p>&nbsp;<\/p>\n<blockquote>\n<h3>CORONAVIRUS, CONSIDERAZIONI DI EMILIO BEZ\u00a0 (Coordinatore Uiltec-Uil Luxottica Agordo)<\/h3>\n<\/blockquote>\n<p><strong><a class=\"dt-pswp-item\" href=\"https:\/\/www.radiopiu.net\/wordpress\/wp-content\/uploads\/2018\/09\/BEZ-UIL.jpg\" data-dt-img-description=\"\" data-large_image_width=\"168\" data-large_image_height=\"300\"><img loading=\"lazy\" decoding=\"async\" class=\"size-medium wp-image-60016 alignleft\" src=\"https:\/\/www.radiopiu.net\/wordpress\/wp-content\/uploads\/2018\/09\/BEZ-UIL-168x300.jpg\" alt=\"\" width=\"168\" height=\"300\" \/><\/a>AGORDO Nei giorni del virus anche Luxottica \u00e8 scesa in campo con azioni di prevenzione<\/strong>, le persone hanno apprezzato che Luxottica\u00a0 sia andata oltre le prescrizioni e le novit\u00e0 hanno avuto un certo impatto sulla vita quotidiana in fabbrica. Molte delle iniziative hanno ricevuto da subito un consenso generale come il potenziamento delle operazioni di sanificazione, a partire dai bagni fino agli autobus utilizzati per il trasporto dei lavoratori; l&#8217;uso dei dispenser di gel igienizzante per le mani \u00e8 in breve tempo diventato un must, visto che per molte persone \u00e8 ormai un gesto automatico utilizzarlo dopo essersi lavati le mani. La mensa aziendale inoltre, pur partendo gi\u00e0 da precisi standard di igiene, \u00e8 stata oggetto di numerose azioni quali operazioni di sanificazione aumentate, installazione anche qui dei dispenser di igienizzante, utilizzo di guanti e mascherine da parte degli addetti al self-service e altro ancora.<br \/>\nLa recente decisione di utilizzare posate e bicchieri monouso in plastica ha per\u00f2 creato immediate discussioni\u00a0 pur avendo questi apprezzato che l&#8217;Azienda voglia fare tutto il possibile per proteggere la salute dei dipendenti. <em>&#8220;Le contrariet\u00e0 diffuse sull&#8217;adozione di posate in plastica &#8211; ricorda Emilio Bez-\u00a0 al di l\u00e0 di una certa fragilit\u00e0 nell&#8217;uso, sono dovute ad un tema ambientale, in quanto l&#8217;attuale normativa non ne prevede il riciclo bens\u00ec lo smaltimento come rifiuto indifferenziato. Va per\u00f2 sottolineato che molti colleghi stanno anche proponendo soluzioni alternative meno impattanti di vario tipo. Alcuni punterebbero all&#8217;utilizzo di prodotti realizzati con materiali compostabili, altri han gi\u00e0 annunciato che si porteranno da casa le proprie posate mentre del bicchiere faranno tranquillamente a meno, visto che per bere dalle bottigliette d&#8217;acqua non \u00e8 certo indispensabile, altri ancora ritengono che per l&#8217;igiene sia sufficiente imbustare le normali posate in dotazione alla mensa, essendo lavate ad alta temperatura in lavastoviglie al pari dei piatti tuttora in uso. Alcuni hanno per\u00f2 suggerito una cosa ancora pi\u00f9 semplice e ad impatto zero: ricevere le posate direttamente dagli addetti del self-service come avviene per i piatti, garantendo quindi pari igiene&#8221;.<\/em><br \/>\nTutta questo &#8220;dibattito&#8221; in corso\u00a0sulle posate di plastica potrebbe sembrare\u00a0qualcosa di\u00a0marginale ma si pu\u00f2 leggere anche come un segnale positivo: dopo diversi\u00a0(e lunghi) giorni nei quali in pratica non si parlava di altro che del coronavirus,\u00a0cosa peraltro inevitabile vista la tempesta\u00a0mediatica in tutta Italia riguardante il Covid-19,\u00a0far\u00e0 piacere a molti colleghi\u00a0ricominciare a\u00a0discutere anche di altri argomenti.<\/p>\n<p>&nbsp;<\/p>\n<hr \/>\n<blockquote>\n<h3><\/h3>\n<h3>NUOVA VITA PER IL CENTRO VISITATORI DI VALLE IMPERINA di GIANNI SANTOMASO<\/h3>\n<\/blockquote>\n<blockquote>\n<h3><\/h3>\n<\/blockquote>\n<p><strong>RIVAMONTE<\/strong> Con 530 mila euro sar\u00e0 sistemato il centro visitatori del Parco peraltro chiuso dai giorni di Vaia 2018 quando il vento ha distrutto parte della copertura. Il bando statale permetter\u00e0 di ripristinare uno degli edifici pi\u00f9 importanti di un sito da tempo in abbandono. Sar\u00e0 restituita la dignit\u00e0 al centro nella porta del Parco Nazionale delle Dolomiti Bellunesi<\/p>\n<p>di GIANNI SANTOMASO<\/p>\n<audio class=\"wp-audio-shortcode\" id=\"audio-119560-5\" preload=\"none\" style=\"width: 100%;\" controls=\"controls\"><source type=\"audio\/mpeg\" src=\"https:\/\/www.radiopiu.net\/wordpress\/wp-content\/uploads\/2020\/02\/centro-visitatori-parco.mp3?_=5\" \/><a href=\"https:\/\/www.radiopiu.net\/wordpress\/wp-content\/uploads\/2020\/02\/centro-visitatori-parco.mp3\">https:\/\/www.radiopiu.net\/wordpress\/wp-content\/uploads\/2020\/02\/centro-visitatori-parco.mp3<\/a><\/audio>\n<p>&nbsp;<\/p>\n<blockquote>\n<h2>ARCHIVIO RADIO PIU, NOTIZIARIO DEL 12 APRILE 2019<\/h2>\n<\/blockquote>\n<p><strong>UN ALTRO ABBANDONO PER VALLE IMPERINA SOMMERSA DAGLI ALBERI SCHIANTATI?<\/strong><\/p>\n<p><strong><a class=\"dt-pswp-item\" href=\"http:\/\/www.radiopiu.net\/wordpress\/wp-content\/uploads\/2019\/04\/WhatsApp-Image-2019-04-11-at-18.11.09-1.jpeg\" data-dt-img-description=\"\" data-large_image_width=\"1599\" data-large_image_height=\"1200\"><img loading=\"lazy\" decoding=\"async\" class=\" wp-image-82376 alignleft\" src=\"http:\/\/www.radiopiu.net\/wordpress\/wp-content\/uploads\/2019\/04\/WhatsApp-Image-2019-04-11-at-18.11.09-1-300x225.jpeg\" alt=\"\" width=\"217\" height=\"163\" srcset=\"https:\/\/www.radiopiu.net\/wordpress\/wp-content\/uploads\/2019\/04\/WhatsApp-Image-2019-04-11-at-18.11.09-1-300x225.jpeg 300w, https:\/\/www.radiopiu.net\/wordpress\/wp-content\/uploads\/2019\/04\/WhatsApp-Image-2019-04-11-at-18.11.09-1-768x576.jpeg 768w, https:\/\/www.radiopiu.net\/wordpress\/wp-content\/uploads\/2019\/04\/WhatsApp-Image-2019-04-11-at-18.11.09-1-1024x768.jpeg 1024w, https:\/\/www.radiopiu.net\/wordpress\/wp-content\/uploads\/2019\/04\/WhatsApp-Image-2019-04-11-at-18.11.09-1.jpeg 1599w\" sizes=\"auto, (max-width: 217px) 100vw, 217px\" \/><\/a>RIVAMONTE<\/strong> Sono stati spesi centinaia di milioni del vecchio conio per recuperare le miniere di Valle Imperina, allora c&#8217;erano i soldi dell&#8217;Europa che piovevano sull&#8217;Italia e sull&#8217;Agordino. Da Venezia Floriano Pra, dal palazzo della Comunit\u00e0 Montana Rizieri Ongaro si sono impegnati per dare nuova vita al sito minerario di Valle Imperina recuperando gli edifici ormai allo sfascio totale. I risultati si erano visti, poi con il tempo abbiamo di nuovo visto il sito lasciato al suo destino, non c&#8217;\u00e8 stata quella crescita auspicata. Ma questo non \u00e8 un buon motivo per mancare di rispetto a chi ci ha creduto nell&#8217;operazione ed ha investito soldi pubblici. Eppure \u00e8 successo, lo stabile del centro visitatori del parco (ex centrale) da 6 mesi \u00e8 abbandonato al suo destino, l&#8217;uragano Vaia ha strappato parte del tetto. Nessuno si \u00e8 preso la briga di mettere un telo, chiss\u00e0 quanta acqua sar\u00e0 entrata all&#8217;interno di quel bell&#8217;edificio.<br \/>\n<strong><span style=\"color: #0000ff;\">IL VIDEO<\/span><\/strong><\/p>\n<div id=\"fb-root\"><\/div>\n<p><script async=\"1\" defer=\"1\" crossorigin=\"anonymous\" src=\"https:\/\/connect.facebook.net\/it_IT\/sdk.js#xfbml=1&amp;version=v6.0\"><\/script><\/p>\n<div class=\"fb-video\" data-href=\"https:\/\/www.facebook.com\/mirko.mezzacasa\/videos\/10219440596712437\/\" data-width=\"1200\">\n<blockquote cite=\"https:\/\/www.facebook.com\/mirko.mezzacasa\/videos\/10219440596712437\/\" class=\"fb-xfbml-parse-ignore\"><p><a href=\"https:\/\/www.facebook.com\/mirko.mezzacasa\/videos\/10219440596712437\/\"><\/a><\/p>\n<p>Valle imperina danni mai riparati<\/p>\n<p>Pubblicato da <a href=\"https:\/\/www.facebook.com\/mirko.mezzacasa\">Mirko Mezzacasa<\/a> su Gioved\u00ec 11 aprile 2019<\/p><\/blockquote>\n<\/div>\n<p>&nbsp;<\/p>\n<p>&nbsp;<\/p>\n<hr \/>\n<p>&nbsp;<\/p>\n<p>&nbsp;<\/p>\n<blockquote>\n<h3><\/h3>\n<h3>POST VAIA A CENCENIGHE, DA 400 MILA EURO<\/h3>\n<\/blockquote>\n<p><strong>CENCENIGHE<\/strong> Dalla pagina facebook della Protezione Civile del Veneto leggiamo: sottofondazione delle arginature in cemento armato in destra e in sinistra idrografica del torrente a valle del ponte del Ghirlo. Intervento curato dal <a class=\"_58cn\" href=\"https:\/\/www.facebook.com\/hashtag\/geniocivile?source=feed_text&amp;epa=HASHTAG&amp;__xts__%5B0%5D=68.ARAQMgnZxn-YTUvPMnrhZrUq6mCVFKUPRjQ8v7WW5jwqALNEMsui8ZjwwRQPK2sa5qafbfInS4Ouq2IuLwCsciyx4dN0QUIPfsFg0fKO1DLjKkF7TGfLZ_kOsRoZBQMZkMAtBCHkQ-kigAM44q2ZYnKSdfOq_S7MpjPyg0bgQ5Mzo8KUAJil6du43IX3lzsCgXjm5b51bpPn9ydfZIt2kRMwX6L_mhml5qA2XYaiyrC6eDpY4-ZcmI3maEVbNCBDba-dWbhPxmyKQi29-mDHpc3e0n9TT9emu5_B3i0WR6xeOjatdonoLSIwZAoaKU7u8BIp7zialfpxlULanUdbYvc&amp;__tn__=%2ANK-R\" data-ft=\"{&quot;type&quot;:104,&quot;tn&quot;:&quot;*N&quot;}\"><span class=\"_5afx\"><span class=\"_58cm\">GenioCivile<\/span><\/span><\/a> di Belluno con un investimento di 400mila euro.<\/p>\n<p>&nbsp;<\/p>\n<p><a class=\"dt-pswp-item\" href=\"https:\/\/www.radiopiu.net\/wordpress\/wp-content\/uploads\/2020\/02\/87995313_200608441295007_5055176116549976064_n.png\" data-dt-img-description=\"\" data-large_image_width=\"504\" data-large_image_height=\"378\"><img loading=\"lazy\" decoding=\"async\" class=\"alignnone size-medium wp-image-119555\" src=\"https:\/\/www.radiopiu.net\/wordpress\/wp-content\/uploads\/2020\/02\/87995313_200608441295007_5055176116549976064_n-300x225.png\" alt=\"\" width=\"300\" height=\"225\" srcset=\"https:\/\/www.radiopiu.net\/wordpress\/wp-content\/uploads\/2020\/02\/87995313_200608441295007_5055176116549976064_n-300x225.png 300w, https:\/\/www.radiopiu.net\/wordpress\/wp-content\/uploads\/2020\/02\/87995313_200608441295007_5055176116549976064_n.png 504w\" sizes=\"auto, (max-width: 300px) 100vw, 300px\" \/><\/a><a class=\"dt-pswp-item\" href=\"https:\/\/www.radiopiu.net\/wordpress\/wp-content\/uploads\/2020\/02\/87640155_200608941294957_7635158534555959296_n.png\" data-dt-img-description=\"\" data-large_image_width=\"329\" data-large_image_height=\"439\"><img loading=\"lazy\" decoding=\"async\" class=\"alignnone wp-image-119556\" src=\"https:\/\/www.radiopiu.net\/wordpress\/wp-content\/uploads\/2020\/02\/87640155_200608941294957_7635158534555959296_n-225x300.png\" alt=\"\" width=\"169\" height=\"225\" srcset=\"https:\/\/www.radiopiu.net\/wordpress\/wp-content\/uploads\/2020\/02\/87640155_200608941294957_7635158534555959296_n-225x300.png 225w, https:\/\/www.radiopiu.net\/wordpress\/wp-content\/uploads\/2020\/02\/87640155_200608941294957_7635158534555959296_n.png 329w\" sizes=\"auto, (max-width: 169px) 100vw, 169px\" \/><\/a><a class=\"dt-pswp-item\" href=\"https:\/\/www.radiopiu.net\/wordpress\/wp-content\/uploads\/2020\/02\/87600295_200609117961606_5847249604411654144_n.png\" data-dt-img-description=\"\" data-large_image_width=\"554\" data-large_image_height=\"416\"><img loading=\"lazy\" decoding=\"async\" class=\"alignnone size-medium wp-image-119557\" src=\"https:\/\/www.radiopiu.net\/wordpress\/wp-content\/uploads\/2020\/02\/87600295_200609117961606_5847249604411654144_n-300x225.png\" alt=\"\" width=\"300\" height=\"225\" srcset=\"https:\/\/www.radiopiu.net\/wordpress\/wp-content\/uploads\/2020\/02\/87600295_200609117961606_5847249604411654144_n-300x225.png 300w, https:\/\/www.radiopiu.net\/wordpress\/wp-content\/uploads\/2020\/02\/87600295_200609117961606_5847249604411654144_n.png 554w\" sizes=\"auto, (max-width: 300px) 100vw, 300px\" \/><\/a><a class=\"dt-pswp-item\" href=\"https:\/\/www.radiopiu.net\/wordpress\/wp-content\/uploads\/2020\/02\/87611259_200608681294983_9098323333887295488_n.png\" data-dt-img-description=\"\" data-large_image_width=\"504\" data-large_image_height=\"378\"><img loading=\"lazy\" decoding=\"async\" class=\"alignnone size-medium wp-image-119558\" src=\"https:\/\/www.radiopiu.net\/wordpress\/wp-content\/uploads\/2020\/02\/87611259_200608681294983_9098323333887295488_n-300x225.png\" alt=\"\" width=\"300\" height=\"225\" srcset=\"https:\/\/www.radiopiu.net\/wordpress\/wp-content\/uploads\/2020\/02\/87611259_200608681294983_9098323333887295488_n-300x225.png 300w, https:\/\/www.radiopiu.net\/wordpress\/wp-content\/uploads\/2020\/02\/87611259_200608681294983_9098323333887295488_n.png 504w\" sizes=\"auto, (max-width: 300px) 100vw, 300px\" \/><\/a><\/p>\n<p>&nbsp;<\/p>\n<p>&nbsp;<\/p>\n<hr \/>\n<p>&nbsp;<\/p>\n<blockquote>\n<h3><\/h3>\n<h3>LAVORI A MUGNAI, VIA AL SECONDO STRALCIO<\/h3>\n<\/blockquote>\n<p><strong><a class=\"dt-pswp-item\" href=\"https:\/\/www.radiopiu.net\/wordpress\/wp-content\/uploads\/2020\/02\/8cfbd22c-b1b4-4da2-9b83-cb1a9d621aaa.jpg\" data-dt-img-description=\"\" data-large_image_width=\"900\" data-large_image_height=\"1600\"><img loading=\"lazy\" decoding=\"async\" class=\"size-medium wp-image-119566 alignleft\" src=\"https:\/\/www.radiopiu.net\/wordpress\/wp-content\/uploads\/2020\/02\/8cfbd22c-b1b4-4da2-9b83-cb1a9d621aaa-169x300.jpg\" alt=\"\" width=\"169\" height=\"300\" srcset=\"https:\/\/www.radiopiu.net\/wordpress\/wp-content\/uploads\/2020\/02\/8cfbd22c-b1b4-4da2-9b83-cb1a9d621aaa-169x300.jpg 169w, https:\/\/www.radiopiu.net\/wordpress\/wp-content\/uploads\/2020\/02\/8cfbd22c-b1b4-4da2-9b83-cb1a9d621aaa-576x1024.jpg 576w, https:\/\/www.radiopiu.net\/wordpress\/wp-content\/uploads\/2020\/02\/8cfbd22c-b1b4-4da2-9b83-cb1a9d621aaa-768x1365.jpg 768w, https:\/\/www.radiopiu.net\/wordpress\/wp-content\/uploads\/2020\/02\/8cfbd22c-b1b4-4da2-9b83-cb1a9d621aaa-864x1536.jpg 864w, https:\/\/www.radiopiu.net\/wordpress\/wp-content\/uploads\/2020\/02\/8cfbd22c-b1b4-4da2-9b83-cb1a9d621aaa.jpg 900w\" sizes=\"auto, (max-width: 169px) 100vw, 169px\" \/><\/a>FELTRE<\/strong> Dare continuit\u00e0 e completamento a quanto realizzato negli scorsi mesi nella frazione di Mugnai in termini di lotta al rischio idraulico e messa in sicurezza della zona, in particolare, a sud dell&#8217;abitato principale del paese.\u00a0 Con questo obiettivo, la giunta comunale ha dato il via libera, nella sua ultima seduta, allo studio di fattibilit\u00e0 redatto dal Servizio Lavori Pubblici del Comune di Feltre che prevede il completamento del canale di scolo nel tratto compreso tra Via Scuole e Via della Grande. L&#8217;intervento andr\u00e0 in questo modo ad implementare l&#8217;importante realizzazione del bacino di laminazione delle acque, che ha gi\u00e0 manifestato tutta la sua utilit\u00e0 nel corso degli ultimi eventi atmosferici di particolare rilevanza, come quello verificatosi nello scorso mese di novembre.\u00a0 L&#8217;importo complessivo del progetto ammonta a 185 mila euro, di cui 130 mila per lavori in appalto e i restanti 55 mila per spese tecniche, IVA ed espropri. A tale riguardo l&#8217;Amministrazione inoltrer\u00e0 richiesta all\u2019unione Montana Feltrina al fine di poter utilizzare per l&#8217;intervento la somma di 145 mila euro derivanti dai Canoni Idrici e assegnati al Comune di Feltre.<\/p>\n<p><strong>L&#8217;ASSESSORE ADIS ZATTA<\/strong><\/p>\n<audio class=\"wp-audio-shortcode\" id=\"audio-119560-6\" preload=\"none\" style=\"width: 100%;\" controls=\"controls\"><source type=\"audio\/mpeg\" src=\"https:\/\/www.radiopiu.net\/wordpress\/wp-content\/uploads\/2020\/02\/ZATTA-NUGNAI.mp3?_=6\" \/><a href=\"https:\/\/www.radiopiu.net\/wordpress\/wp-content\/uploads\/2020\/02\/ZATTA-NUGNAI.mp3\">https:\/\/www.radiopiu.net\/wordpress\/wp-content\/uploads\/2020\/02\/ZATTA-NUGNAI.mp3<\/a><\/audio>\n<p>&nbsp;<\/p>\n<p>&nbsp;<\/p>\n<hr \/>\n<p>&nbsp;<\/p>\n<blockquote>\n<h3>CIPOLOTTI L&#8217;UOMO DEL SUEM VA IN PENSIONE, SUBENTRA CHEMELLO<\/h3>\n<\/blockquote>\n<p><strong>BELLUNO<\/strong> Giovanni Cipolotti, direttore del SUEM 118 e del Dipartimento di area critica di Belluno, col il 1\u00b0 marzo 2020 andr\u00e0 in pensione. Nelle more dell\u2019espletamento del concorso di direttore di UOC Suem 118 \u00e8 stato nominato facente funzioni il direttore del Pronto Soccorso di Pieve di Cadore Enzo Chemello. La sede dell\u2019U.O.C. Centrale Operativa SUEM 118 \u00e8 presso l\u2019Ospedale di Pieve di Cadore e gestisce anche il Servizio di Elisoccorso.\u00a0 La Centrale Operativa SUEM 118 gestisce circa 55.000 <span style=\"font-family: Arial, serif;\">chiamate all\u2019anno, con 18.500 interventi di soccorso su base provinciale e 650 missioni di elisoccorso.<\/span><\/p>\n<p><a class=\"dt-pswp-item\" href=\"https:\/\/www.radiopiu.net\/wordpress\/wp-content\/uploads\/2020\/02\/chemello-scaled.jpg\" data-dt-img-description=\"\" data-large_image_width=\"2560\" data-large_image_height=\"1920\"><img loading=\"lazy\" decoding=\"async\" class=\"alignnone size-medium wp-image-119625\" src=\"https:\/\/www.radiopiu.net\/wordpress\/wp-content\/uploads\/2020\/02\/chemello-300x225.jpg\" alt=\"\" width=\"300\" height=\"225\" srcset=\"https:\/\/www.radiopiu.net\/wordpress\/wp-content\/uploads\/2020\/02\/chemello-300x225.jpg 300w, https:\/\/www.radiopiu.net\/wordpress\/wp-content\/uploads\/2020\/02\/chemello-1024x768.jpg 1024w, https:\/\/www.radiopiu.net\/wordpress\/wp-content\/uploads\/2020\/02\/chemello-768x576.jpg 768w, https:\/\/www.radiopiu.net\/wordpress\/wp-content\/uploads\/2020\/02\/chemello-1536x1152.jpg 1536w, https:\/\/www.radiopiu.net\/wordpress\/wp-content\/uploads\/2020\/02\/chemello-2048x1536.jpg 2048w\" sizes=\"auto, (max-width: 300px) 100vw, 300px\" \/><\/a><a class=\"dt-pswp-item\" href=\"https:\/\/www.radiopiu.net\/wordpress\/wp-content\/uploads\/2020\/02\/Cipolotti.jpg\" data-dt-img-description=\"\" data-large_image_width=\"1080\" data-large_image_height=\"1091\"><img loading=\"lazy\" decoding=\"async\" class=\"alignnone wp-image-119624\" src=\"https:\/\/www.radiopiu.net\/wordpress\/wp-content\/uploads\/2020\/02\/Cipolotti-297x300.jpg\" alt=\"\" width=\"219\" height=\"221\" srcset=\"https:\/\/www.radiopiu.net\/wordpress\/wp-content\/uploads\/2020\/02\/Cipolotti-297x300.jpg 297w, https:\/\/www.radiopiu.net\/wordpress\/wp-content\/uploads\/2020\/02\/Cipolotti-1014x1024.jpg 1014w, https:\/\/www.radiopiu.net\/wordpress\/wp-content\/uploads\/2020\/02\/Cipolotti-150x150.jpg 150w, https:\/\/www.radiopiu.net\/wordpress\/wp-content\/uploads\/2020\/02\/Cipolotti-768x776.jpg 768w, https:\/\/www.radiopiu.net\/wordpress\/wp-content\/uploads\/2020\/02\/Cipolotti.jpg 1080w\" sizes=\"auto, (max-width: 219px) 100vw, 219px\" \/><\/a><\/p>\n<p>&nbsp;<\/p>\n<p>&nbsp;<\/p>\n<hr \/>\n<blockquote>\n<h3><\/h3>\n<h3><\/h3>\n<h3>NUOVA SEDE PER IL COMMISSARIATO DI CORTINA. LA SODDISFAZIONE DEL SAP<\/h3>\n<\/blockquote>\n<p><strong><a class=\"dt-pswp-item\" href=\"https:\/\/www.radiopiu.net\/wordpress\/wp-content\/uploads\/2020\/02\/polizia-1.jpg\" data-dt-img-description=\"\" data-large_image_width=\"637\" data-large_image_height=\"960\"><img loading=\"lazy\" decoding=\"async\" class=\"size-medium wp-image-119561 alignleft\" src=\"https:\/\/www.radiopiu.net\/wordpress\/wp-content\/uploads\/2020\/02\/polizia-1-199x300.jpg\" alt=\"\" width=\"199\" height=\"300\" srcset=\"https:\/\/www.radiopiu.net\/wordpress\/wp-content\/uploads\/2020\/02\/polizia-1-199x300.jpg 199w, https:\/\/www.radiopiu.net\/wordpress\/wp-content\/uploads\/2020\/02\/polizia-1.jpg 637w\" sizes=\"auto, (max-width: 199px) 100vw, 199px\" \/><\/a>BELLUNO <em>&#8220;<\/em><\/strong><em><span style=\"font-family: Book Antiqua, serif;\"><span style=\"font-size: small;\">Il 24 giugno scorso, accogliendo con immensa gioia l\u2019annuncio che sarebbe stata <\/span><\/span><\/em><span style=\"color: #000000;\"><span style=\"font-family: Book Antiqua, serif;\"><span style=\"font-size: small;\"><em>&#8220;Milano Cortina&#8221; la sede delle olimpiadi invernali del 2026, avevamo auspicato a gran voce che Cortina, per l\u2019occasione, potesse finalmente avere un nuovo Commissariato. Tale auspicio pare oggi tradursi in una prossima realt\u00e0 e non possiamo che essere soddisfatti&#8221;<\/em> Lo dichiara con entusiasmo\u00a0 la Segreteria Provinciale del Sap (Sindacato Autonomo di Polizia) di Belluno dopo l\u2019annuncio di ieri del Sindaco Ghedina relativamente alla riqualificazione dell\u2019area dell\u2019ex stazione, dove viene appunto prevista la realizzazione della nuova sede della Polizia di Cortina. Un nuovo edificio al cui interno troveranno spazio uffici e alloggi. <em>Negli ultimi quattro anni &#8211; afferma il Sap &#8211; abbiamo denunciato pubblicamente, a pi\u00f9 riprese, le precarie condizioni nelle quali operano i poliziotti a Cortina, in una struttura, quella di Largo delle Poste, assolutamente inadeguata al servizio di Polizia e con alloggi a San Vito di Cadore, fortemente limitativi per il raggiungimento immediato della sede lavorativa in caso di eventi calamitosi. Oggi, finalmente, la svolta. L\u2019auspicio ora &#8211; conclude il Sap bellunese &#8211; non pu\u00f2 che essere quello relativo a tempi di esecuzione medio-brevi, anche in relazione ai prossimi eventi di caratura internazionale che interesseranno la perla delle Dolomiti. A riguardo, il connubio di interessi, pubblici e privati, fa ben sperare&#8221;<\/em><\/span><\/span><\/span><\/p>\n<p>&nbsp;<\/p>\n<p>&nbsp;<\/p>\n<blockquote>\n<hr \/>\n<h3><\/h3>\n<h3><\/h3>\n<h3>PER LA VIABILITA&#8217; 69 MILIONI PER LE STRADE PROVINCIALE DEL VENETO<\/h3>\n<\/blockquote>\n<p><strong><a class=\"dt-pswp-item\" href=\"https:\/\/www.radiopiu.net\/wordpress\/wp-content\/uploads\/2019\/11\/1895-2019-movimento-franoso-in-Val-Fiorentina_3.jpg\" data-dt-img-description=\"\" data-large_image_width=\"1024\" data-large_image_height=\"768\"><img loading=\"lazy\" decoding=\"async\" class=\" wp-image-106842 alignleft\" src=\"https:\/\/www.radiopiu.net\/wordpress\/wp-content\/uploads\/2019\/11\/1895-2019-movimento-franoso-in-Val-Fiorentina_3-300x225.jpg\" alt=\"\" width=\"235\" height=\"176\" srcset=\"https:\/\/www.radiopiu.net\/wordpress\/wp-content\/uploads\/2019\/11\/1895-2019-movimento-franoso-in-Val-Fiorentina_3-300x225.jpg 300w, https:\/\/www.radiopiu.net\/wordpress\/wp-content\/uploads\/2019\/11\/1895-2019-movimento-franoso-in-Val-Fiorentina_3-768x576.jpg 768w, https:\/\/www.radiopiu.net\/wordpress\/wp-content\/uploads\/2019\/11\/1895-2019-movimento-franoso-in-Val-Fiorentina_3.jpg 1024w\" sizes=\"auto, (max-width: 235px) 100vw, 235px\" \/><\/a>ROMA<\/strong>\u00a0 \u201cCi sono 69 milioni di euro per l\u2019attivit\u00e0 straordinaria sulle strade provinciali del Veneto. La cifra \u00e8 stata stanziata dal Ministero delle Infrastrutture e rappresenta un\u2019importante risorsa che consentir\u00e0 l\u2019avvio di azioni urgenti nel territorio e di programmare quelle pi\u00f9 rilevanti nei prossimi anni\u201d. Lo dichiara Federico D\u2019Inc\u00e0, Ministro per i rapporti con il Parlamento, in riferimento all\u2019importante stanziamento da parte del Mit per l\u2019attivit\u00e0 straordinaria sulle strade provinciali di tutta Italia. \u201cOggi \u2013 prosegue D\u2019Inc\u00e0 \u2013 sono stati assegnati, su scala nazionale, ulteriori 995 milioni di euro al Fondo manutenzione strade: come ha sottolineato il viceministro ai trasporti Giancarlo Cancelleri, tra i parametri presi in considerazione nella ripartizione delle cifre stanziate ci sono la consistenza della rete viaria, il tasso di incidentalit\u00e0 e la vulnerabilit\u00e0 rispetto a fenomeni di dissesto idrogeologico. Le risorse saranno articolate in quattro anni e consentiranno agli enti locali anche di programmare interventi per il futuro\u201d. \u201cSi tratta di un\u2019azione fondamentale per rendere le strade del territorio sicure e moderne: con la ripartizione per Province e Citt\u00e0 metropolitane, si vorr\u00e0 ridurre il tasso di incidentalit\u00e0 e rispondere alle esigenze dei cittadini \u2013 conclude il Ministro D\u2019Inc\u00e0\u201d.<\/p>\n<p>&nbsp;<\/p>\n<blockquote>\n<h3>TABELLA CON LE RIPARTIZIONE, PER LA PROVINCIA DI BELLUNO: 0,59% 352 MILA EURO NEL 2020, 645 MILA NELL&#8217;ANNO SUCCESSIVO<\/h3>\n<p>.Alla Provincia di Belluno arriveranno complessivamente 5.840.628 euro, divisi in cinque annualit\u00e0. Nella prima, 2020, sono stati stanziati 352.198 euro, l&#8217;anno prossimo saranno 645.697 euro, nel 2022-2023-2024 arriveranno 1.614.244 per ogni anno<\/p><\/blockquote>\n<div class=\"su-document su-u-responsive-media-no\"><iframe loading=\"lazy\" src=\"\/\/docs.google.com\/viewer?embedded=true&url=https:\/\/www.radiopiu.net\/wordpress\/wp-content\/uploads\/2020\/02\/20200228_Finanziamenti-Province-995_FORMATTATO-PER-DG.pdf-1.pdf\" width=\"600\" height=\"800\" class=\"su-document\" title=\"cc\"><\/iframe><\/div>\n<p>&nbsp;<\/p>\n<p>&nbsp;<\/p>\n<hr \/>\n<p>&nbsp;<\/p>\n<h3><\/h3>\n<blockquote>\n<h3><em>DECRETO MIT VIABILIT\u00c0 PROVINCIALE, IL PRESIDENTE DELLA PROVINCIA: \u00abUN\u2019OTTIMA NOTIZIA CHE CERTIFICA IL CAMBIO DI VISIONE RISPETTO AGLI ENTI DI AREA VASTA\u00bb<\/em><\/h3>\n<\/blockquote>\n<p><strong>DALLA RASSEGNA STAMPA DELLE 8 IL PRESIDENTE ROBERTO PADRIN<\/strong><\/p>\n<audio class=\"wp-audio-shortcode\" id=\"audio-119560-7\" preload=\"none\" style=\"width: 100%;\" controls=\"controls\"><source type=\"audio\/mpeg\" src=\"https:\/\/www.radiopiu.net\/wordpress\/wp-content\/uploads\/2020\/02\/PADRIN-3.mp3?_=7\" \/><a href=\"https:\/\/www.radiopiu.net\/wordpress\/wp-content\/uploads\/2020\/02\/PADRIN-3.mp3\">https:\/\/www.radiopiu.net\/wordpress\/wp-content\/uploads\/2020\/02\/PADRIN-3.mp3<\/a><\/audio>\n<p>&nbsp;<\/p>\n<p><strong>BELLUNO<\/strong> \u00abApprendiamo con grande piacere del decreto del ministero delle infrastrutture e dei trasporti che assegna al Veneto 69 milioni di euro per la manutenzione straordinaria delle strade provinciali. \u00c8 un segnale importante di attenzione verso una delle funzioni fondamentali rimaste in capo alle Province\u00bb. \u00c8 quanto afferma il presidente della Provincia di Belluno, in merito alle novit\u00e0 pervenute dal Mit, con l\u2019incremento da \u201cmilleproroghe\u201d delle risorse destinate alla viabilit\u00e0 provinciale.<em> \u00abQueste risorse sono fondamentali. Lo abbiamo capito benissimo negli ultimi anni, in cui la viabilit\u00e0 \u00e8 sempre stata un tema caldo. Un paio di anni fa, abbiamo anche rischiato di perdere un servizio di qualit\u00e0, quale \u00e8 quello offerto da Veneto Strade, a causa della scarsit\u00e0 di risorse con cui abbiamo dovuto fare i conti dopo i tagli statali. Ricordo che fino al 2010 per la manutenzione delle strade lo Stato ci girava 15 milioni di euro, passati a zero nel giro di qualche anno. Le strade, per\u00f2, sono sempre rimaste le stesse, un servizio indispensabile per il nostro territorio e uno strumento fondamentale per le nostre comunit\u00e0 e le aziende\u00bb. Oltre alle risorse che arriveranno dal Mit, il presidente rileva un altro aspetto positivo: \u00abIl cambio di passo rispetto alla visione sulle Province. Siamo passati dalla volont\u00e0 di eliminare tutto, e di prendere per fame gli enti di area vasta, alla presa di coscienza che le Province servono per mandare avanti alcuni servizi indispensabili, come quello della manutenzione stradale. Credo sia una svolta epocale che alla vigilia di eventi importantissimi quali Mondiali e Olimpiadi non potr\u00e0 che ridare dignit\u00e0 e operativit\u00e0 piena al nostro ente\u00bb.<\/em><\/p>\n<p>&nbsp;<\/p>\n<p>&nbsp;<\/p>\n<hr \/>\n<p>&nbsp;<\/p>\n<p>&nbsp;<\/p>\n<blockquote>\n<h3><a class=\"dt-pswp-item\" href=\"https:\/\/www.radiopiu.net\/wordpress\/wp-content\/uploads\/2020\/02\/download-29.jpg\" data-dt-img-description=\"\" data-large_image_width=\"205\" data-large_image_height=\"246\"><img loading=\"lazy\" decoding=\"async\" class=\"wp-image-119642 alignleft\" src=\"https:\/\/www.radiopiu.net\/wordpress\/wp-content\/uploads\/2020\/02\/download-29.jpg\" alt=\"\" width=\"125\" height=\"150\" \/><\/a><\/h3>\n<h3><\/h3>\n<h3>PAT A BELLUNO, IERI LA\u00a0 PRESENTAZIONE<\/h3>\n<\/blockquote>\n<p><strong>BELLUNO<\/strong><\/p>\n<p><strong>AI MICROFONI DI RADIO PIU&#8217; L&#8217;ASSESSORE ALL&#8217;URBANISTICA FRANCO FRISON<\/strong><\/p>\n<audio class=\"wp-audio-shortcode\" id=\"audio-119560-8\" preload=\"none\" style=\"width: 100%;\" controls=\"controls\"><source type=\"audio\/mpeg\" src=\"https:\/\/www.radiopiu.net\/wordpress\/wp-content\/uploads\/2020\/02\/frison.mp3?_=8\" \/><a href=\"https:\/\/www.radiopiu.net\/wordpress\/wp-content\/uploads\/2020\/02\/frison.mp3\">https:\/\/www.radiopiu.net\/wordpress\/wp-content\/uploads\/2020\/02\/frison.mp3<\/a><\/audio>\n<p>&nbsp;<\/p>\n<p>&nbsp;<\/p>\n<p>&nbsp;<\/p>\n<hr \/>\n<p>&nbsp;<\/p>\n<blockquote>\n<h3>LUNEDI CONSIGLIO DELL&#8217;UNIONE MONTANA<\/h3>\n<\/blockquote>\n<p><strong><a class=\"dt-pswp-item\" href=\"https:\/\/www.radiopiu.net\/wordpress\/wp-content\/uploads\/2018\/12\/WhatsApp-Image-2018-12-05-at-04.50.34.jpeg\" data-dt-img-description=\"\" data-large_image_width=\"1599\" data-large_image_height=\"1200\"><img loading=\"lazy\" decoding=\"async\" class=\"wp-image-68346 alignleft\" src=\"https:\/\/www.radiopiu.net\/wordpress\/wp-content\/uploads\/2018\/12\/WhatsApp-Image-2018-12-05-at-04.50.34-300x225.jpeg\" alt=\"\" width=\"129\" height=\"97\" srcset=\"https:\/\/www.radiopiu.net\/wordpress\/wp-content\/uploads\/2018\/12\/WhatsApp-Image-2018-12-05-at-04.50.34-300x225.jpeg 300w, https:\/\/www.radiopiu.net\/wordpress\/wp-content\/uploads\/2018\/12\/WhatsApp-Image-2018-12-05-at-04.50.34-768x576.jpeg 768w, https:\/\/www.radiopiu.net\/wordpress\/wp-content\/uploads\/2018\/12\/WhatsApp-Image-2018-12-05-at-04.50.34-1024x768.jpeg 1024w, https:\/\/www.radiopiu.net\/wordpress\/wp-content\/uploads\/2018\/12\/WhatsApp-Image-2018-12-05-at-04.50.34.jpeg 1599w\" sizes=\"auto, (max-width: 129px) 100vw, 129px\" \/><\/a>AGORDO<\/strong> Lunedi alle 20 consiglio dell&#8217;Unione Montana in sala Don Tamis. All&#8217;ordine del giorno: approvazione convenzione con la Provincia per gli interventi di difesa idrogeologica; approvazione documento unico di programmazione; approvazione del bilancio di previsione;\u00a0 approvazione della convenzione per la centrale unica di commettenza e per le funzioni RUP; aggiornamento elenco strade silvo pastorali.<\/p>\n<p>&nbsp;<\/p>\n<p>&nbsp;<\/p>\n<hr \/>\n<p>&nbsp;<\/p>\n<blockquote><p><em>LA CANZONE DEDICATA A CORRADO BEN, LUKY SPORT, IERI L&#8217;ANTEPRIMA ALLA RADIO, NOTE DI RICORDI CON I COMPLIMENTI A RENATO ED ANDREA E IL GRAZIE PER AVER RICORDATO UN &#8220;PERSONAGGIO&#8221; IMPORTANTE DELLA VALLATA AGORDINA\u00a0<\/em><\/p>\n<p><strong>La canzone \u00e8 stata scritta nel 2011, Luky la conosceva, infatti, la sera che gliela suonarono, lui si commosse e disse con enfasi &#8220;Voi, borse, me cap\u00ec tut&#8221;&#8230; Poi gli regalarono un CD con il pezzo inciso e tutto si chiuse l\u00e0, perch\u00e9 voleva solo essere un dono a lui.<\/strong><\/p><\/blockquote>\n<blockquote class=\"wp-embedded-content\" data-secret=\"mB6d5a4ePq\"><p><a href=\"https:\/\/www.radiopiu.net\/wordpress\/luki-spot-la-canzone-di-renato-e-andrea-dedicata-a-corrado-ben-luky-sport\/\">&#8220;Luki Spot&#8221;, la canzone di Renato e Andrea dedicata a Corrado Ben, luky sport<\/a><\/p><\/blockquote>\n<p><iframe loading=\"lazy\" title=\"&#8220;&#8220;Luki Spot&#8221;, la canzone di Renato e Andrea dedicata a Corrado Ben, luky sport&#8221; &#8212; Radio Pi\u00f9\" class=\"wp-embedded-content\" sandbox=\"allow-scripts\" security=\"restricted\" style=\"position: absolute; clip: rect(1px, 1px, 1px, 1px);\" src=\"https:\/\/www.radiopiu.net\/wordpress\/luki-spot-la-canzone-di-renato-e-andrea-dedicata-a-corrado-ben-luky-sport\/embed\/#?secret=mB6d5a4ePq\" data-secret=\"mB6d5a4ePq\" width=\"600\" height=\"338\" frameborder=\"0\" marginwidth=\"0\" marginheight=\"0\" scrolling=\"no\"><\/iframe><\/p>\n<p>&nbsp;<\/p>\n<p>&nbsp;<\/p>\n<hr \/>\n<blockquote>\n<h3><\/h3>\n<h3><\/h3>\n<hr \/>\n<\/blockquote>\n<h3><\/h3>\n<p>&nbsp;<\/p>\n<blockquote class=\"wp-embedded-content\" data-secret=\"ioAylofZcK\"><p><a href=\"https:\/\/www.radiopiu.net\/wordpress\/perche-domani-e-il-29-febbraio\/\">PERCHE&#8217; OGGI  E&#8217; IL 29 FEBBRAIO ?<\/a><\/p><\/blockquote>\n<p><iframe loading=\"lazy\" title=\"&#8220;PERCHE&#8217; OGGI  E&#8217; IL 29 FEBBRAIO ?&#8221; &#8212; Radio Pi\u00f9\" class=\"wp-embedded-content\" sandbox=\"allow-scripts\" security=\"restricted\" style=\"position: absolute; clip: rect(1px, 1px, 1px, 1px);\" src=\"https:\/\/www.radiopiu.net\/wordpress\/perche-domani-e-il-29-febbraio\/embed\/#?secret=ioAylofZcK\" data-secret=\"ioAylofZcK\" width=\"600\" height=\"338\" frameborder=\"0\" marginwidth=\"0\" marginheight=\"0\" scrolling=\"no\"><\/iframe><\/p>\n<blockquote>\n<h3><\/h3>\n<\/blockquote>\n<h3><\/h3>\n<hr \/>\n<blockquote>\n<h3>ALLA RADIO, UNDICESIMA PUNTATA CON FRANCESCO ZILLIO, EPCENTER<\/h3>\n<\/blockquote>\n<p><iframe loading=\"lazy\" title=\"EPCENTER UNDICESIMA PUNTATA\" width=\"1200\" height=\"675\" src=\"https:\/\/www.youtube.com\/embed\/1y0J2Kob5Ng?feature=oembed\" frameborder=\"0\" allow=\"accelerometer; autoplay; encrypted-media; gyroscope; picture-in-picture\" allowfullscreen><\/iframe><\/p>\n<h2>LA COLLEZIONE COMPLETA<\/h2>\n<blockquote class=\"wp-embedded-content\" data-secret=\"ymFvu7N1sI\"><p><a href=\"https:\/\/www.radiopiu.net\/wordpress\/ep-center-video-gallery\/\">EP CENTER video gallery<\/a><\/p><\/blockquote>\n<p><iframe loading=\"lazy\" title=\"&#8220;EP CENTER video gallery&#8221; &#8212; Radio Pi\u00f9\" class=\"wp-embedded-content\" sandbox=\"allow-scripts\" security=\"restricted\" style=\"position: absolute; clip: rect(1px, 1px, 1px, 1px);\" src=\"https:\/\/www.radiopiu.net\/wordpress\/ep-center-video-gallery\/embed\/#?secret=ymFvu7N1sI\" data-secret=\"ymFvu7N1sI\" width=\"600\" height=\"338\" frameborder=\"0\" marginwidth=\"0\" marginheight=\"0\" scrolling=\"no\"><\/iframe><\/p>\n<p>&nbsp;<\/p>\n<hr \/>\n<p>&nbsp;<\/p>\n<p>&nbsp;<\/p>\n<blockquote class=\"wp-embedded-content\" data-secret=\"RZKWG0YX2O\"><p><a href=\"https:\/\/www.radiopiu.net\/wordpress\/119644-2\/\">NICOLO\u2019 TAGLIAPIETRA E\u2019 L\u2019ARCHITETTO AUTORE DEL MODELLO DI PORTA DOJONA<\/a><\/p><\/blockquote>\n<p><iframe loading=\"lazy\" title=\"&#8220;NICOLO\u2019 TAGLIAPIETRA E\u2019 L\u2019ARCHITETTO AUTORE DEL MODELLO DI PORTA DOJONA&#8221; &#8212; Radio Pi\u00f9\" class=\"wp-embedded-content\" sandbox=\"allow-scripts\" security=\"restricted\" style=\"position: absolute; clip: rect(1px, 1px, 1px, 1px);\" src=\"https:\/\/www.radiopiu.net\/wordpress\/119644-2\/embed\/#?secret=RZKWG0YX2O\" data-secret=\"RZKWG0YX2O\" width=\"600\" height=\"338\" frameborder=\"0\" marginwidth=\"0\" marginheight=\"0\" scrolling=\"no\"><\/iframe><\/p>\n<p>&nbsp;<\/p>\n<p>&nbsp;<\/p>\n<p>&nbsp;<\/p>\n<blockquote><p><strong><a class=\"dt-pswp-item\" href=\"https:\/\/www.radiopiu.net\/wordpress\/wp-content\/uploads\/2018\/09\/appuntamenti.jpeg\" data-dt-img-description=\"\" data-large_image_width=\"800\" data-large_image_height=\"100\"><img loading=\"lazy\" decoding=\"async\" class=\"alignnone wp-image-61958 size-full\" src=\"https:\/\/www.radiopiu.net\/wordpress\/wp-content\/uploads\/2018\/09\/appuntamenti.jpeg\" alt=\"\" width=\"800\" height=\"100\" srcset=\"https:\/\/www.radiopiu.net\/wordpress\/wp-content\/uploads\/2018\/09\/appuntamenti.jpeg 800w, https:\/\/www.radiopiu.net\/wordpress\/wp-content\/uploads\/2018\/09\/appuntamenti-300x38.jpeg 300w, https:\/\/www.radiopiu.net\/wordpress\/wp-content\/uploads\/2018\/09\/appuntamenti-768x96.jpeg 768w\" sizes=\"auto, (max-width: 800px) 100vw, 800px\" \/><\/a><\/strong><\/p><\/blockquote>\n<p>&nbsp;<\/p>\n<p><strong>VENETO<\/strong> \u2013 Fino al 1\/03\/2020 (prorogabile) divieto di ogni forma di eventi, manifestazioni e riunioni anche se svolti in luoghi pubblici aperti al pubblico; quindi NO a gare di nessun tipo. Possono rimanere aperti gli impianti sportivi (centri sportivi, palestre pubbliche e private, piscine pubbliche e private, campi da gioco ecc.) e in generale tutte le strutture quando le attivit\u00e0 non prevedano concentrazione di persone.<\/p>\n<p><strong>AGORDO<\/strong> Rinviata l&#8217;assemblea dei soci de Gamp<\/p>\n<p><strong>SEDICO<\/strong> Rinviata la pedonata benefica Quattro Pas tra Peron e Mas<\/p>\n<p><strong>ALLEGHE\u00a0<\/strong>lo stadio rimarr\u00e0 chiuso fino al primo marzo. Il pattinaggio al pubblico e l\u2019attivit\u00e0 sportiva sono sospesi fino a nuova comunicazione<\/p>\n<p><strong>COLLE SANTA\u00a0 LUCIA <\/strong>Annullata la Ciasparun in programma oggi\u00a0 a Colle Santa Lucia<\/p>\n<p><strong>BELLUNO<\/strong> La Sezione Alpini di Belluno comunica che la convocazione dell\u2019Assemblea dei Delegati, gi\u00e0 fissata per domenica 1\u00b0 marzo 2020 \u00e8 stata sospesa e rinviata a data da destinarsi<\/p>\n<p>&nbsp;<\/p>\n<p>&nbsp;<\/p>\n<p><a class=\"dt-pswp-item pspw-wrap-ready\" href=\"https:\/\/www.radiopiu.net\/wordpress\/wp-content\/uploads\/2018\/09\/viabilita.jpeg\" data-dt-img-description=\"\" data-large_image_width=\"800\" data-large_image_height=\"100\"><img loading=\"lazy\" decoding=\"async\" class=\"wp-image-61954 size-full aligncenter\" src=\"https:\/\/www.radiopiu.net\/wordpress\/wp-content\/uploads\/2018\/09\/viabilita.jpeg\" sizes=\"auto, (max-width: 800px) 100vw, 800px\" srcset=\"https:\/\/www.radiopiu.net\/wordpress\/wp-content\/uploads\/2018\/09\/viabilita.jpeg 800w, https:\/\/www.radiopiu.net\/wordpress\/wp-content\/uploads\/2018\/09\/viabilita-300x38.jpeg 300w, https:\/\/www.radiopiu.net\/wordpress\/wp-content\/uploads\/2018\/09\/viabilita-768x96.jpeg 768w\" alt=\"\" width=\"800\" height=\"100\" \/><\/a><\/p>\n<p>&nbsp;<\/p>\n<p><strong>FELTRE COMUNALE DI VIA PARADISO<\/strong>\u00a0Nel periodo compreso fra luned\u00ec 2 Marzo e marted\u00ec 31 Marzo 2020 (incluso festivi) in via Paradiso (tratto fronte il civico n\u00b0 14). Per lavori di: &#8220;Manutenzione all&#8217;edificio sito in via Paradiso n\u00b0 14\u201d &#8211; l\u2019istituzione, dei seguenti obblighi, divieti e limitazioni: Divieto di transito per tutti i veicoli e motocicli ; Divieto di sosta con rimozione<\/p>\n<p><strong>48 delle DOLOMITI localita&#8217; LIVINE&#8217;\u00a0<\/strong> dal 2 al 13 marzo senso unico per lavori di esboschi anche festivi e prefestiv<\/p>\n<p><strong>SP 251 VAL DI ZOLDO E VAL CELLINA<\/strong> Dal 2 al 13 marzo sabato e domenica esclusi, senso unico alternato da impianto semaforico per lavori di ripristino reti di protezione sui versanti.<\/p>\n<p><strong>GR 50 BIS, SCALE DI PRIMOLANO<\/strong> Fino al\u00a0 7 MARZO (FESTIVI E PREFESTIVI ESCLUSI) SENSO UNICO ALTERNATO PER POSA CAVIDOTTO<\/p>\n<div class=\"im_history_message_wrap\">\n<div class=\"im_message_outer_wrap hasselect\" data-msg-id=\"2959\">\n<div class=\"im_message_wrap clearfix\">\n<div class=\"im_content_message_wrap im_message_out\">\n<p><strong>SR 203 AGORDINA LOCALITA&#8217; FORAN<\/strong> COMUNE DI LIVINALLONGO, DAL 2 MARZO E FINO AL 2 APRILE (SABATO E DOMENICA ESCLUSI) SENSO UNICO ALTERNATO PER LAVORI DI ESBOSCO<\/p>\n<p>&nbsp;<\/p>\n<\/div>\n<p>&nbsp;<\/p>\n<\/div>\n<hr \/>\n<\/div>\n<\/div>\n<p>&nbsp;<\/p>\n<h2><span style=\"color: #ff0000;\">IERI ALLA RADIO<\/span><\/h2>\n<h3><strong>IN VIVO VERSO DI BRUNELLA MORO<\/strong><\/h3>\n<blockquote class=\"wp-embedded-content\" data-secret=\"Ypm2fZFD7p\"><p><a href=\"https:\/\/www.radiopiu.net\/wordpress\/rinascere-di-sara-casal\/\">RINASCERE di SARA CASAL<\/a><\/p><\/blockquote>\n<p><iframe loading=\"lazy\" title=\"&#8220;RINASCERE di SARA CASAL&#8221; &#8212; Radio Pi\u00f9\" class=\"wp-embedded-content\" sandbox=\"allow-scripts\" security=\"restricted\" style=\"position: absolute; clip: rect(1px, 1px, 1px, 1px);\" src=\"https:\/\/www.radiopiu.net\/wordpress\/rinascere-di-sara-casal\/embed\/#?secret=Ypm2fZFD7p\" data-secret=\"Ypm2fZFD7p\" width=\"600\" height=\"338\" frameborder=\"0\" marginwidth=\"0\" marginheight=\"0\" scrolling=\"no\"><\/iframe><\/p>\n<blockquote>\n<h3>COLLEZIONE COMPLETA<\/h3>\n<\/blockquote>\n<blockquote class=\"wp-embedded-content\" data-secret=\"kIdRISglKw\"><p><a href=\"https:\/\/www.radiopiu.net\/wordpress\/in-vivo-verso\/\">In Vivo Verso<\/a><\/p><\/blockquote>\n<p><iframe loading=\"lazy\" title=\"&#8220;In Vivo Verso&#8221; &#8212; Radio Pi\u00f9\" class=\"wp-embedded-content\" sandbox=\"allow-scripts\" security=\"restricted\" style=\"position: absolute; clip: rect(1px, 1px, 1px, 1px);\" src=\"https:\/\/www.radiopiu.net\/wordpress\/in-vivo-verso\/embed\/#?secret=kIdRISglKw\" data-secret=\"kIdRISglKw\" width=\"600\" height=\"338\" frameborder=\"0\" marginwidth=\"0\" marginheight=\"0\" scrolling=\"no\"><\/iframe><\/p>\n<hr \/>\n<p>&nbsp;<\/p>\n<p>&nbsp;<\/p>\n<h2><span style=\"color: #ff0000;\">IERI ALLA RADIO<\/span><\/h2>\n<h3>DUE MINUTI UN LIBRO<\/h3>\n<blockquote class=\"wp-embedded-content\" data-secret=\"MLkkKGL0Vj\"><p><a href=\"https:\/\/www.radiopiu.net\/wordpress\/il-paese-mormora\/\">IL PAESE MORMORA<\/a><\/p><\/blockquote>\n<p><iframe loading=\"lazy\" title=\"&#8220;IL PAESE MORMORA&#8221; &#8212; Radio Pi\u00f9\" class=\"wp-embedded-content\" sandbox=\"allow-scripts\" security=\"restricted\" style=\"position: absolute; clip: rect(1px, 1px, 1px, 1px);\" src=\"https:\/\/www.radiopiu.net\/wordpress\/il-paese-mormora\/embed\/#?secret=MLkkKGL0Vj\" data-secret=\"MLkkKGL0Vj\" width=\"600\" height=\"338\" frameborder=\"0\" marginwidth=\"0\" marginheight=\"0\" scrolling=\"no\"><\/iframe><\/p>\n<h2>COLLEZIONE COMPLETA<\/h2>\n<p>&nbsp;<\/p>\n<blockquote class=\"wp-embedded-content\" data-secret=\"rKLpFdmF1c\"><p><a href=\"https:\/\/www.radiopiu.net\/wordpress\/due-minuti-un-libro\/\">Due minuti un libro<\/a><\/p><\/blockquote>\n<p><iframe loading=\"lazy\" title=\"&#8220;Due minuti un libro&#8221; &#8212; Radio Pi\u00f9\" class=\"wp-embedded-content\" sandbox=\"allow-scripts\" security=\"restricted\" style=\"position: absolute; clip: rect(1px, 1px, 1px, 1px);\" src=\"https:\/\/www.radiopiu.net\/wordpress\/due-minuti-un-libro\/embed\/#?secret=rKLpFdmF1c\" data-secret=\"rKLpFdmF1c\" width=\"600\" height=\"338\" frameborder=\"0\" marginwidth=\"0\" marginheight=\"0\" scrolling=\"no\"><\/iframe><\/p>\n<p>&nbsp;<\/p>\n<p>&nbsp;<\/p>\n<p><a class=\"dt-pswp-item\" href=\"https:\/\/www.radiopiu.net\/wordpress\/wp-content\/uploads\/2018\/09\/sport.jpg\" data-dt-img-description=\"\" data-large_image_width=\"800\" data-large_image_height=\"100\"><img loading=\"lazy\" decoding=\"async\" class=\"aligncenter wp-image-60761 size-full\" src=\"https:\/\/www.radiopiu.net\/wordpress\/wp-content\/uploads\/2018\/09\/sport.jpg\" alt=\"\" width=\"800\" height=\"100\" srcset=\"https:\/\/www.radiopiu.net\/wordpress\/wp-content\/uploads\/2018\/09\/sport.jpg 800w, https:\/\/www.radiopiu.net\/wordpress\/wp-content\/uploads\/2018\/09\/sport-300x38.jpg 300w, https:\/\/www.radiopiu.net\/wordpress\/wp-content\/uploads\/2018\/09\/sport-768x96.jpg 768w\" sizes=\"auto, (max-width: 800px) 100vw, 800px\" \/><\/a><\/p>\n<p>&nbsp;<\/p>\n<p>&nbsp;<\/p>\n<blockquote>\n<h3 class=\"p1\"><span class=\"s1\">UN FINE SETTIMANA SENZA SPORT<\/span><\/h3>\n<\/blockquote>\n<p class=\"p1\"><span class=\"s1\"><b><a class=\"dt-pswp-item\" href=\"https:\/\/www.radiopiu.net\/wordpress\/wp-content\/uploads\/2020\/02\/VOLLEY-CALCIO-HOCKEY-03-2020.jpg\" data-dt-img-description=\"\" data-large_image_width=\"2048\" data-large_image_height=\"2048\"><img loading=\"lazy\" decoding=\"async\" class=\"size-medium wp-image-118466 alignleft\" src=\"https:\/\/www.radiopiu.net\/wordpress\/wp-content\/uploads\/2020\/02\/VOLLEY-CALCIO-HOCKEY-03-2020-300x300.jpg\" alt=\"\" width=\"300\" height=\"300\" srcset=\"https:\/\/www.radiopiu.net\/wordpress\/wp-content\/uploads\/2020\/02\/VOLLEY-CALCIO-HOCKEY-03-2020-300x300.jpg 300w, https:\/\/www.radiopiu.net\/wordpress\/wp-content\/uploads\/2020\/02\/VOLLEY-CALCIO-HOCKEY-03-2020-1024x1024.jpg 1024w, https:\/\/www.radiopiu.net\/wordpress\/wp-content\/uploads\/2020\/02\/VOLLEY-CALCIO-HOCKEY-03-2020-150x150.jpg 150w, https:\/\/www.radiopiu.net\/wordpress\/wp-content\/uploads\/2020\/02\/VOLLEY-CALCIO-HOCKEY-03-2020-768x768.jpg 768w, https:\/\/www.radiopiu.net\/wordpress\/wp-content\/uploads\/2020\/02\/VOLLEY-CALCIO-HOCKEY-03-2020-1536x1536.jpg 1536w, https:\/\/www.radiopiu.net\/wordpress\/wp-content\/uploads\/2020\/02\/VOLLEY-CALCIO-HOCKEY-03-2020.jpg 2048w\" sizes=\"auto, (max-width: 300px) 100vw, 300px\" \/><\/a>RADIO PIU\u2019<\/b> Lo stato di attenzione sul Coronavirus ha portato il Ministro della Salute, dopo il consiglio dei ministri urgente di sabato scorso, a fermare ogni attivit\u00e0 sportiva in cui ci sia la presenza di pubblico. Sar\u00e0 un fine settimana senza sport quello che andremo a trascorrere nei prossimi giorni in provincia di Belluno. A livello regionale e provinciale le federazioni hanno seguito alla lettera le disposizioni date quindi nessuna squadra di nessun sport potr\u00e0 continuare i campionati. ma andiamo ad elencare quali sono gli appuntamenti saltati questo fine settimana. Per quanto riguarda il calcio era la domenica in cui l\u2019Agordina doveva riprendere il campionato di Terza Categoria. La squadra di Marco Lorenzi era chiamata alla trasferta in terra feltrina per il big match della prima giornata del girone di ritorno. Agordini primi in classifica che dovevano difendere la posizione da una Feltrese che, in seconda posizione, dista a un solo punto di distanza. Sar\u00e0 la seconda domenica consecutiva senza partite per il Fiori Barp Mas che in Prima Categoria sta disputando una stagione con i fiocchi. Due dunque le partite da recuperare per la squadra di De Battista, contro la Plavis Pizzoco e la Cisonese. Fermi naturalmente anche i campionati provinciali e regionali FIGC giovanili dove l\u2019Agordina iniziava il girone di ritorno. Fermi anche i campionati CSI dove il Le Ville doveva iniziare il girone di ritorno dopo aver vinto il recupero con la Farrentina ed aver conquistato il primo posto in classifica del campionato Open A1. Il Volley Club Agordino anche questa settimana si trova a fare i conti con i rinvii. La prima squadra, prima in classifica nel campionato di Terza Divisione, dovr\u00e0 recuperare 2 sfide e lo stesso discorso sar\u00e0 per le giovani under 13. L\u2019unico caso in cui si sono gi\u00e0 prese delle decisioni \u00e8 il campionato IHL<span class=\"Apple-converted-space\">\u00a0 <\/span>di hockey dove le squadre partecipanti hanno deciso di posticipare i quarti di finale giocando al meglio delle 5 gare e non delle 7. Il tutto inizier\u00e0 marted\u00ec prossimo e l\u2019Alleghe si trover\u00e0 di fronte la corazzata Merano. Campionati giovanili di hockey che invece sono stati sospesi e l\u2019attivit\u00e0 riprender\u00e0 la prossima settimana, decreto legge permettendo. Tra gli eventi rimandati del fine settimana anche la giornata conclusiva del Torneo Agordino di hockey che doveva essere ospitata all\u2019Alvise De Toni di Alleghe, finalissima che si recuperer\u00e0 pi\u00f9 avanti.<\/span><\/p>\n<h3><\/h3>\n<blockquote>\n<h3 class=\"p1\"><span class=\"s1\">I PLAYOFF DELLA IHL INIZIERANNO IL 3 MARZO<\/span><\/h3>\n<\/blockquote>\n<p class=\"p1\"><span class=\"s1\"><b>ALLEGHE<\/b>\u00a0<\/span><span class=\"s1\"><strong>Gara 1 \u2013\u00a0<\/strong>Marted\u00ec 3 marzo 2020 \u2013 Formula Best-of-five\u00a0 <\/span><span class=\"s1\">HC Merano (1\u00b0) \u2013 Alleghe Hockey (8\u00b0),\u00a0 HC Brixen\/Bressanone (4\u00b0) \u2013 ValpEagle (5\u00b0),\u00a0 <\/span><span class=\"s1\">HC Varese (2\u00b0) \u2013 SV Kaltern\/ Caldaro (7\u00b0).\u00a0 Hockey Pergine Sapiens (3\u00b0) \u2013 HC Eppan\/Appiano (6\u00b0) <\/span><span class=\"s1\">Altre date dei quarti di finale playoff della IHL <strong>Gara 2:<\/strong> 5 marzo <strong>Gara 3<\/strong>: 7 marzo Eventuale <strong>Gara 4<\/strong>: 10 marzo Eventuale <strong>Gara 5<\/strong>: 12 marzo<\/span><\/p>\n<p>&nbsp;<\/p>\n<p>&nbsp;<\/p>\n<p><b><a class=\"dt-pswp-item\" href=\"https:\/\/www.radiopiu.net\/wordpress\/wp-content\/uploads\/2018\/09\/WhatsApp-Image-2018-09-20-at-16.04.06.jpeg\" data-dt-img-description=\"\" data-large_image_width=\"800\" data-large_image_height=\"100\"><img loading=\"lazy\" decoding=\"async\" class=\"aligncenter wp-image-61378 size-full\" src=\"https:\/\/www.radiopiu.net\/wordpress\/wp-content\/uploads\/2018\/09\/WhatsApp-Image-2018-09-20-at-16.04.06.jpeg\" alt=\"\" width=\"800\" height=\"100\" srcset=\"https:\/\/www.radiopiu.net\/wordpress\/wp-content\/uploads\/2018\/09\/WhatsApp-Image-2018-09-20-at-16.04.06.jpeg 800w, https:\/\/www.radiopiu.net\/wordpress\/wp-content\/uploads\/2018\/09\/WhatsApp-Image-2018-09-20-at-16.04.06-300x38.jpeg 300w, https:\/\/www.radiopiu.net\/wordpress\/wp-content\/uploads\/2018\/09\/WhatsApp-Image-2018-09-20-at-16.04.06-768x96.jpeg 768w\" sizes=\"auto, (max-width: 800px) 100vw, 800px\" \/><\/a><\/b><\/p>\n<p>&nbsp;<\/p>\n<p><b>Sabato 29<\/b> <b>Tempo atteso: <\/b>Non esclusi brevi tratti soleggiati al primo mattino, poi il cielo si coprir\u00e0 del tutto per estese nubi stratiformi alte e medio-alte. Al pomeriggio ulteriore intensificazione della copertura nuvolosa, con probabile lieve peggioramento a partire dalle Prealpi occidentali nel tardo pomeriggio, in estensione alle Dolomiti in tarda serata. Clima meno freddo in quota, pi\u00f9 fresco ed umido nelle valli.<br \/>\n<b>Precipitazioni: <\/b>Fino al tardo pomeriggio generalmente assenti (0\/10%). Tra il tardo pomeriggio e la sera primi debolissimi fenomeni a partire dalle Prealpi occidentali, in estensione al bellunese in tarda serata (50\/60%), con nevischio oltre i 900\/1000 m sulle Dolomiti e 1000\/1100 m sulle Prealpi.<br \/>\n<b>Temperature: <\/b>Minime in generale aumento, eccetto locali diminuzioni nelle valli interessate dal Foehn ieri mattina. Massime in aumento in quota e in calo nelle valli, con punte di 7\/9\u00b0C nei fondovalle prealpini e di 3\/5\u00b0C a 1000\/1200 m. Sulle Prealpi a 1500 m min -2\u00b0C e max 0\u00b0C, a 2000 m min -4\u00b0C e max -2\u00b0C; sulle Dolomiti a 2000 m min -5\u00b0C e max -3\u00b0C, a 3000 m min -9\u00b0C e max -6\u00b0C.<br \/>\n<b>Venti: <\/b>Nelle valli perlopi\u00f9 deboli di direzione variabile. In quota moderati da ovest al mattino, in graduale rinforzo fino a moderati\/tesi da sud-ovest al pomeriggio, a 10-25 km\/h a 2000 m, 25-35 km\/h a 3000 m.<\/p>\n<hr \/>\n<p><b>Domenica 1<\/b> <b>Tempo atteso: <\/b>Lieve maltempo tra la notte e la mattinata, con cielo coperto e fenomeni per lo pi\u00f9 deboli. Al pomeriggio nuvolosit\u00e0 un po&#8217; meno intensa e tendenza alla variabilit\u00e0, con possibilit\u00e0 di qualche breve schiarita. Clima fresco ed uggioso con debole escursione termica tra il giorno e la notte.<br \/>\n<b>Precipitazioni: <\/b>Nella notte ed al mattino probabilit\u00e0 alta (80\/90%) per fenomeni di debole intensit\u00e0, a tratti diffusi. La neve cadr\u00e0 sopra gli 800\/1000 m sulle Dolomiti e 1100\/1200 m sulle Prealpi. Al pomeriggio i fenomeni saranno spesso assenti o limiteranno a qualche goccia e qualche fiocco sopra i 1300\/1400 m (20\/30%). Gli apporti saranno di 2\/5 mm sulle Dolomiti settentrionali a 5\/10 mm sulle Prealpi e alcuni settori delle Dolomiti meridionali, localmente fino a 15 mm sui settori prealpini solitamente pi\u00f9 esposti a sud, con altrettanti cm di neve tra i 1200 e 1500 m.<br \/>\n<b>Temperature: <\/b>Minime in aumento nelle valli e pressoch\u00e9 stazionarie in quota; massime in lieve aumento a tutte le quote rispetto a sabato. Sulle Prealpi a 1500 m min -1\u00b0C e max 2\u00b0C, a 2000 m min -3\u00b0C e max -1\u00b0C; sulle Dolomiti a 2000 m min -5\u00b0C e max -1\u00b0C, a 3000 m min -8\u00b0C e max -6\u00b0C.<br \/>\n<b>Venti: <\/b>Nelle valli perlopi\u00f9 deboli di direzione variabile. In quota moderati da sud-ovest, anche tesi sulle cime pi\u00f9 alte fino al primo pomeriggio, poi in temporanea attenuazione, a 10-20 km\/h a 2000 m, 20-40 km\/h a 3000 m.<\/p>\n<hr \/>\n<p><b>Lunedi 2<\/b>Al primo mattino cielo gi\u00e0 coperto e prime deboli precipitazioni sulla fascia prealpina. Nel corso della mattinata il tempo peggiorer\u00e0 con estensione dei fenomeni. Al pomeriggio tempo perturbato ovunque con intensificazione dei fenomeni che risulteranno di moderata intensit\u00e0. La neve cadr\u00e0 sopra gli 800\/1000 m sulle Dolomiti e i 1000\/1200 m sulle Prealpi. Temperature senza notevoli variazioni, eccetto calo delle massime nelle valli. Venti in quota perlopi\u00f9 moderati da sud-ovest al mattino e da sud-est al pomeriggio\/sera, nelle valli deboli di direzione variabile.<\/p>\n<hr \/>\n<p><b>Martedi 3<\/b>Diffuso maltempo tra notte e mattinata, con cielo coperto e precipitazioni diffuse, la neve si abbasser\u00e0 fino sui 700\/800 m sulle Dolomiti e 900\/1000 m sulle Prealpi. Attenuazione dei fenomeni tra il tardo pomeriggio e la sera. Temperature in contenuta diminuzione, specie in quota. Venti in rotazione da sud-est a nord-est in quota, con rinforzo pomeridiano e serale. Previsore: R.L.Th.<\/p>\n","protected":false},"excerpt":{"rendered":"<p>&nbsp; PER RICEVERE QUESTO NOTIZIARIO DIRETTAMENTE SUL TUO CELLULARE ISCRIVITI AL CANALE TELEGRAM &#8220;RADIO PIU\u00a0 INFORMAZIONE&#8221;\u00a0 &nbsp; &nbsp; &nbsp; Per lavori alla rete idrica comunale, martedi dalle\u00a0 8:30 alle\u00a0 12 potrebbe mancare l&#8217;acqua a FALCADE, nella LOCALITA&#8217; DI CAVIOLA.\u00a0 &nbsp; DOPO 4 GIORNI, da ieri pomeriggio, problemi telefonici risolti ad Arabba, disservizi importanti per valligiani&hellip;<\/p>\n","protected":false},"author":1,"featured_media":119683,"comment_status":"closed","ping_status":"closed","sticky":false,"template":"","format":"standard","meta":{"_monsterinsights_skip_tracking":false,"_monsterinsights_sitenote_active":false,"_monsterinsights_sitenote_note":"","_monsterinsights_sitenote_category":0,"footnotes":""},"categories":[86,49],"tags":[],"class_list":["post-119560","post","type-post","status-publish","format-standard","has-post-thumbnail","hentry","category-gr","category-news-18","category-86","category-49","description-off"],"img_url":"https:\/\/www.radiopiu.net\/wordpress\/wp-content\/uploads\/2020\/02\/BF8B0B00-524E-49D3-B850-E401EC0E4752.jpeg","_links":{"self":[{"href":"https:\/\/www.radiopiu.net\/wordpress\/wp-json\/wp\/v2\/posts\/119560","targetHints":{"allow":["GET"]}}],"collection":[{"href":"https:\/\/www.radiopiu.net\/wordpress\/wp-json\/wp\/v2\/posts"}],"about":[{"href":"https:\/\/www.radiopiu.net\/wordpress\/wp-json\/wp\/v2\/types\/post"}],"author":[{"embeddable":true,"href":"https:\/\/www.radiopiu.net\/wordpress\/wp-json\/wp\/v2\/users\/1"}],"replies":[{"embeddable":true,"href":"https:\/\/www.radiopiu.net\/wordpress\/wp-json\/wp\/v2\/comments?post=119560"}],"version-history":[{"count":0,"href":"https:\/\/www.radiopiu.net\/wordpress\/wp-json\/wp\/v2\/posts\/119560\/revisions"}],"wp:featuredmedia":[{"embeddable":true,"href":"https:\/\/www.radiopiu.net\/wordpress\/wp-json\/wp\/v2\/media\/119683"}],"wp:attachment":[{"href":"https:\/\/www.radiopiu.net\/wordpress\/wp-json\/wp\/v2\/media?parent=119560"}],"wp:term":[{"taxonomy":"category","embeddable":true,"href":"https:\/\/www.radiopiu.net\/wordpress\/wp-json\/wp\/v2\/categories?post=119560"},{"taxonomy":"post_tag","embeddable":true,"href":"https:\/\/www.radiopiu.net\/wordpress\/wp-json\/wp\/v2\/tags?post=119560"}],"curies":[{"name":"wp","href":"https:\/\/api.w.org\/{rel}","templated":true}]}}