{"id":119564,"date":"2020-02-28T14:25:45","date_gmt":"2020-02-28T13:25:45","guid":{"rendered":"https:\/\/www.radiopiu.net\/wordpress\/?p=119564"},"modified":"2020-02-29T06:37:53","modified_gmt":"2020-02-29T05:37:53","slug":"lavori-a-mugnai-via-al-secondo-stralcio","status":"publish","type":"post","link":"https:\/\/www.radiopiu.net\/wordpress\/lavori-a-mugnai-via-al-secondo-stralcio\/","title":{"rendered":"LAVORI A MUGNAI, VIA AL SECONDO STRALCIO"},"content":{"rendered":"<p>&nbsp;<\/p>\n<p><strong> <a class=\"dt-pswp-item\" href=\"https:\/\/www.radiopiu.net\/wordpress\/wp-content\/uploads\/2020\/02\/8cfbd22c-b1b4-4da2-9b83-cb1a9d621aaa.jpg\" data-dt-img-description=\"\" data-large_image_width=\"900\" data-large_image_height=\"1600\"><img loading=\"lazy\" decoding=\"async\" class=\"size-medium wp-image-119566 alignleft\" src=\"https:\/\/www.radiopiu.net\/wordpress\/wp-content\/uploads\/2020\/02\/8cfbd22c-b1b4-4da2-9b83-cb1a9d621aaa-169x300.jpg\" alt=\"\" width=\"169\" height=\"300\" srcset=\"https:\/\/www.radiopiu.net\/wordpress\/wp-content\/uploads\/2020\/02\/8cfbd22c-b1b4-4da2-9b83-cb1a9d621aaa-169x300.jpg 169w, https:\/\/www.radiopiu.net\/wordpress\/wp-content\/uploads\/2020\/02\/8cfbd22c-b1b4-4da2-9b83-cb1a9d621aaa-576x1024.jpg 576w, https:\/\/www.radiopiu.net\/wordpress\/wp-content\/uploads\/2020\/02\/8cfbd22c-b1b4-4da2-9b83-cb1a9d621aaa-768x1365.jpg 768w, https:\/\/www.radiopiu.net\/wordpress\/wp-content\/uploads\/2020\/02\/8cfbd22c-b1b4-4da2-9b83-cb1a9d621aaa-864x1536.jpg 864w, https:\/\/www.radiopiu.net\/wordpress\/wp-content\/uploads\/2020\/02\/8cfbd22c-b1b4-4da2-9b83-cb1a9d621aaa.jpg 900w\" sizes=\"auto, (max-width: 169px) 100vw, 169px\" \/><\/a>FELTRE<\/strong> Dare continuit\u00e0 e completamento a quanto realizzato negli scorsi mesi nella frazione di Mugnai in termini di lotta al rischio idraulico e messa in sicurezza della zona, in particolare, a sud dell&#8217;abitato principale del paese.\u00a0 Con questo obiettivo, la giunta comunale ha dato il via libera, nella sua ultima seduta, allo studio di fattibilit\u00e0 redatto dal Servizio Lavori Pubblici del Comune di Feltre che prevede il completamento del canale di scolo nel tratto compreso tra Via Scuole e Via della Grande. L&#8217;intervento andr\u00e0 in questo modo ad implementare l&#8217;importante realizzazione del bacino di laminazione delle acque, che ha gi\u00e0 manifestato tutta la sua utilit\u00e0 nel corso degli ultimi eventi atmosferici di particolare rilevanza, come quello verificatosi nello scorso mese di novembre.\u00a0 L&#8217;importo complessivo del progetto ammonta a 185 mila euro, di cui 130 mila per lavori in appalto e i restanti 55 mila per spese tecniche, IVA ed espropri. A tale riguardo l&#8217;Amministrazione inoltrer\u00e0 richiesta all\u2019unione Montana Feltrina al fine di poter utilizzare per l&#8217;intervento la somma di 145 mila euro derivanti dai Canoni Idrici e assegnati al Comune di Feltre.<\/p>\n<p>&nbsp;<\/p>\n<p><strong>L&#8217;ASSESSORE ADIS ZATTA<\/strong><\/p>\n<audio class=\"wp-audio-shortcode\" id=\"audio-119564-1\" preload=\"none\" style=\"width: 100%;\" controls=\"controls\"><source type=\"audio\/mpeg\" src=\"https:\/\/www.radiopiu.net\/wordpress\/wp-content\/uploads\/2020\/02\/ZATTA-NUGNAI.mp3?_=1\" \/><a href=\"https:\/\/www.radiopiu.net\/wordpress\/wp-content\/uploads\/2020\/02\/ZATTA-NUGNAI.mp3\">https:\/\/www.radiopiu.net\/wordpress\/wp-content\/uploads\/2020\/02\/ZATTA-NUGNAI.mp3<\/a><\/audio>\n<p>&nbsp;<\/p>\n","protected":false},"excerpt":{"rendered":"<p>&nbsp; FELTRE Dare continuit\u00e0 e completamento a quanto realizzato negli scorsi mesi nella frazione di Mugnai in termini di lotta al rischio idraulico e messa in sicurezza della zona, in particolare, a sud dell&#8217;abitato principale del paese.\u00a0 Con questo obiettivo, la giunta comunale ha dato il via libera, nella sua ultima seduta, allo studio di&hellip;<\/p>\n","protected":false},"author":1,"featured_media":119567,"comment_status":"closed","ping_status":"closed","sticky":false,"template":"","format":"standard","meta":{"_monsterinsights_skip_tracking":false,"_monsterinsights_sitenote_active":false,"_monsterinsights_sitenote_note":"","_monsterinsights_sitenote_category":0,"footnotes":""},"categories":[51,49],"tags":[],"class_list":["post-119564","post","type-post","status-publish","format-standard","has-post-thumbnail","hentry","category-evidenza-top","category-news-18","category-51","category-49","description-off"],"img_url":"https:\/\/www.radiopiu.net\/wordpress\/wp-content\/uploads\/2020\/02\/55881dc2-0604-4132-9f95-14796fd93c6d.jpg","_links":{"self":[{"href":"https:\/\/www.radiopiu.net\/wordpress\/wp-json\/wp\/v2\/posts\/119564","targetHints":{"allow":["GET"]}}],"collection":[{"href":"https:\/\/www.radiopiu.net\/wordpress\/wp-json\/wp\/v2\/posts"}],"about":[{"href":"https:\/\/www.radiopiu.net\/wordpress\/wp-json\/wp\/v2\/types\/post"}],"author":[{"embeddable":true,"href":"https:\/\/www.radiopiu.net\/wordpress\/wp-json\/wp\/v2\/users\/1"}],"replies":[{"embeddable":true,"href":"https:\/\/www.radiopiu.net\/wordpress\/wp-json\/wp\/v2\/comments?post=119564"}],"version-history":[{"count":0,"href":"https:\/\/www.radiopiu.net\/wordpress\/wp-json\/wp\/v2\/posts\/119564\/revisions"}],"wp:featuredmedia":[{"embeddable":true,"href":"https:\/\/www.radiopiu.net\/wordpress\/wp-json\/wp\/v2\/media\/119567"}],"wp:attachment":[{"href":"https:\/\/www.radiopiu.net\/wordpress\/wp-json\/wp\/v2\/media?parent=119564"}],"wp:term":[{"taxonomy":"category","embeddable":true,"href":"https:\/\/www.radiopiu.net\/wordpress\/wp-json\/wp\/v2\/categories?post=119564"},{"taxonomy":"post_tag","embeddable":true,"href":"https:\/\/www.radiopiu.net\/wordpress\/wp-json\/wp\/v2\/tags?post=119564"}],"curies":[{"name":"wp","href":"https:\/\/api.w.org\/{rel}","templated":true}]}}