{"id":119629,"date":"2020-02-29T00:10:46","date_gmt":"2020-02-28T23:10:46","guid":{"rendered":"https:\/\/www.radiopiu.net\/wordpress\/?p=119629"},"modified":"2020-02-28T19:51:16","modified_gmt":"2020-02-28T18:51:16","slug":"luxottica-il-coronavirus-non-incidera-sul-premio-risultato","status":"publish","type":"post","link":"https:\/\/www.radiopiu.net\/wordpress\/luxottica-il-coronavirus-non-incidera-sul-premio-risultato\/","title":{"rendered":"LUXOTTICA: IL CORONAVIRUS NON INCIDERA&#8217; SUL PREMIO RISULTATO"},"content":{"rendered":"<p class=\"p1\"><span class=\"s1\"><strong><a class=\"dt-pswp-item\" href=\"https:\/\/www.radiopiu.net\/wordpress\/wp-content\/uploads\/2019\/10\/MAGLIA-LUXOTTICA.jpeg\" data-dt-img-description=\"\" data-large_image_width=\"1024\" data-large_image_height=\"1024\"><img loading=\"lazy\" decoding=\"async\" class=\"size-medium wp-image-103580 alignleft\" src=\"https:\/\/www.radiopiu.net\/wordpress\/wp-content\/uploads\/2019\/10\/MAGLIA-LUXOTTICA-300x300.jpeg\" alt=\"\" width=\"300\" height=\"300\" srcset=\"https:\/\/www.radiopiu.net\/wordpress\/wp-content\/uploads\/2019\/10\/MAGLIA-LUXOTTICA-300x300.jpeg 300w, https:\/\/www.radiopiu.net\/wordpress\/wp-content\/uploads\/2019\/10\/MAGLIA-LUXOTTICA-150x150.jpeg 150w, https:\/\/www.radiopiu.net\/wordpress\/wp-content\/uploads\/2019\/10\/MAGLIA-LUXOTTICA-768x768.jpeg 768w, https:\/\/www.radiopiu.net\/wordpress\/wp-content\/uploads\/2019\/10\/MAGLIA-LUXOTTICA.jpeg 1024w\" sizes=\"auto, (max-width: 300px) 100vw, 300px\" \/><\/a>AGORDO<\/strong> Luxottica e la RSU si sono incontrate per discutere sul premio risultato e sul momento di allerta attuale riguardo il Coronavirus. Il tema principale riguardava il premio risultato e le assenze che potrebbero incidere sulla cifra finale del premio. Come ben sanno gli operai degli stabilimenti Luxottica, ogni anno nel mese di luglio viene erogato un premio di risultato che, in base ai giorni di malattia effettuati, pu\u00f2 cambiare di anno in anno. Le parti si sono incontrate per fare in modo di trovare un accordo in questo difficile momento e per non penalizzare i lavoratori che rimarranno a casa con i sintomi del quadro clinico dell\u2019attuale infezione COVID-19. Solo coloro che dal 28 febbraio al 15 marzo presenteranno un certificato di malattia che dichiara un\u2019assenza di malattia per problemi alle vie respiratorie, le giornate a casa non saranno conteggiate per ridurre il premio risultato. Naturalmente il lavoratore dovr\u00e0 presentare domanda presso il medico coordinatore dell\u2019azienda che valuter\u00e0 caso per caso, domanda di scompiuto che dovr\u00e0 essere fatta nelle modalit\u00e0 e nelle tempistiche adatte.<\/span><\/p>\n<p><strong>NICOLA BRANCHER FEMCA CISL<\/strong><\/p>\n<audio class=\"wp-audio-shortcode\" id=\"audio-119629-1\" preload=\"none\" style=\"width: 100%;\" controls=\"controls\"><source type=\"audio\/mpeg\" src=\"https:\/\/www.radiopiu.net\/wordpress\/wp-content\/uploads\/2020\/02\/NICOLA-BRANCHER-CORONAVIRUS-LUXOTTICA.mp3?_=1\" \/><a href=\"https:\/\/www.radiopiu.net\/wordpress\/wp-content\/uploads\/2020\/02\/NICOLA-BRANCHER-CORONAVIRUS-LUXOTTICA.mp3\">https:\/\/www.radiopiu.net\/wordpress\/wp-content\/uploads\/2020\/02\/NICOLA-BRANCHER-CORONAVIRUS-LUXOTTICA.mp3<\/a><\/audio>\n","protected":false},"excerpt":{"rendered":"<p>AGORDO Luxottica e la RSU si sono incontrate per discutere sul premio risultato e sul momento di allerta attuale riguardo il Coronavirus. Il tema principale riguardava il premio risultato e le assenze che potrebbero incidere sulla cifra finale del premio. Come ben sanno gli operai degli stabilimenti Luxottica, ogni anno nel mese di luglio viene&hellip;<\/p>\n","protected":false},"author":4,"featured_media":103580,"comment_status":"closed","ping_status":"closed","sticky":false,"template":"","format":"standard","meta":{"_monsterinsights_skip_tracking":false,"_monsterinsights_sitenote_active":false,"_monsterinsights_sitenote_note":"","_monsterinsights_sitenote_category":0,"footnotes":""},"categories":[51,49],"tags":[],"class_list":["post-119629","post","type-post","status-publish","format-standard","has-post-thumbnail","hentry","category-evidenza-top","category-news-18","category-51","category-49","description-off"],"img_url":"https:\/\/www.radiopiu.net\/wordpress\/wp-content\/uploads\/2019\/10\/MAGLIA-LUXOTTICA.jpeg","_links":{"self":[{"href":"https:\/\/www.radiopiu.net\/wordpress\/wp-json\/wp\/v2\/posts\/119629","targetHints":{"allow":["GET"]}}],"collection":[{"href":"https:\/\/www.radiopiu.net\/wordpress\/wp-json\/wp\/v2\/posts"}],"about":[{"href":"https:\/\/www.radiopiu.net\/wordpress\/wp-json\/wp\/v2\/types\/post"}],"author":[{"embeddable":true,"href":"https:\/\/www.radiopiu.net\/wordpress\/wp-json\/wp\/v2\/users\/4"}],"replies":[{"embeddable":true,"href":"https:\/\/www.radiopiu.net\/wordpress\/wp-json\/wp\/v2\/comments?post=119629"}],"version-history":[{"count":0,"href":"https:\/\/www.radiopiu.net\/wordpress\/wp-json\/wp\/v2\/posts\/119629\/revisions"}],"wp:featuredmedia":[{"embeddable":true,"href":"https:\/\/www.radiopiu.net\/wordpress\/wp-json\/wp\/v2\/media\/103580"}],"wp:attachment":[{"href":"https:\/\/www.radiopiu.net\/wordpress\/wp-json\/wp\/v2\/media?parent=119629"}],"wp:term":[{"taxonomy":"category","embeddable":true,"href":"https:\/\/www.radiopiu.net\/wordpress\/wp-json\/wp\/v2\/categories?post=119629"},{"taxonomy":"post_tag","embeddable":true,"href":"https:\/\/www.radiopiu.net\/wordpress\/wp-json\/wp\/v2\/tags?post=119629"}],"curies":[{"name":"wp","href":"https:\/\/api.w.org\/{rel}","templated":true}]}}