{"id":119689,"date":"2020-02-28T23:59:27","date_gmt":"2020-02-28T22:59:27","guid":{"rendered":"https:\/\/www.radiopiu.net\/wordpress\/?p=119689"},"modified":"2020-02-29T06:49:15","modified_gmt":"2020-02-29T05:49:15","slug":"nuova-vita-per-il-centro-visitatori-di-valle-imperina-di-gianni-santomaso","status":"publish","type":"post","link":"https:\/\/www.radiopiu.net\/wordpress\/nuova-vita-per-il-centro-visitatori-di-valle-imperina-di-gianni-santomaso\/","title":{"rendered":"NUOVA VITA PER IL CENTRO VISITATORI DI VALLE IMPERINA di GIANNI SANTOMASO"},"content":{"rendered":"<p>&nbsp;<\/p>\n<blockquote>\n<h3><\/h3>\n<\/blockquote>\n<p><strong>RIVAMONTE<\/strong> Con 530 mila euro sar\u00e0 sistemato il centro visittori del Parco peraltro chiuso dai giorni di Vaia 2018 quando il vento ha distrutto parte della copertura. Il bando statale permetter\u00e0 di ripristinare uno degli edifici pi\u00f9 importanti di un sito da tempo in abbandono. Sar\u00e0 restituita la dignit\u00e0 al centro nella porta del Parco Nazionale delle Dolomiti Bellunesi<\/p>\n<p>di GIANNI SANTOMASO<\/p>\n<audio class=\"wp-audio-shortcode\" id=\"audio-119689-1\" preload=\"none\" style=\"width: 100%;\" controls=\"controls\"><source type=\"audio\/mpeg\" src=\"https:\/\/www.radiopiu.net\/wordpress\/wp-content\/uploads\/2020\/02\/centro-visitatori-parco.mp3?_=1\" \/><a href=\"https:\/\/www.radiopiu.net\/wordpress\/wp-content\/uploads\/2020\/02\/centro-visitatori-parco.mp3\">https:\/\/www.radiopiu.net\/wordpress\/wp-content\/uploads\/2020\/02\/centro-visitatori-parco.mp3<\/a><\/audio>\n<p>&nbsp;<\/p>\n<blockquote>\n<h2>ARCHIVIO RADIO PIU, NOTIZIARIO DEL 12 APRILE 2019<\/h2>\n<\/blockquote>\n<p><strong>UN ALTRO ABBANDONO PER VALLE IMPERINA SOMMERSA DAGLI ALBERI SCHIANTATI?<\/strong><\/p>\n<p><strong><a class=\"dt-pswp-item\" href=\"http:\/\/www.radiopiu.net\/wordpress\/wp-content\/uploads\/2019\/04\/WhatsApp-Image-2019-04-11-at-18.11.09-1.jpeg\" data-dt-img-description=\"\" data-large_image_width=\"1599\" data-large_image_height=\"1200\"><img loading=\"lazy\" decoding=\"async\" class=\" wp-image-82376 alignleft\" src=\"http:\/\/www.radiopiu.net\/wordpress\/wp-content\/uploads\/2019\/04\/WhatsApp-Image-2019-04-11-at-18.11.09-1-300x225.jpeg\" alt=\"\" width=\"217\" height=\"163\" srcset=\"https:\/\/www.radiopiu.net\/wordpress\/wp-content\/uploads\/2019\/04\/WhatsApp-Image-2019-04-11-at-18.11.09-1-300x225.jpeg 300w, https:\/\/www.radiopiu.net\/wordpress\/wp-content\/uploads\/2019\/04\/WhatsApp-Image-2019-04-11-at-18.11.09-1-768x576.jpeg 768w, https:\/\/www.radiopiu.net\/wordpress\/wp-content\/uploads\/2019\/04\/WhatsApp-Image-2019-04-11-at-18.11.09-1-1024x768.jpeg 1024w, https:\/\/www.radiopiu.net\/wordpress\/wp-content\/uploads\/2019\/04\/WhatsApp-Image-2019-04-11-at-18.11.09-1.jpeg 1599w\" sizes=\"auto, (max-width: 217px) 100vw, 217px\" \/><\/a>RIVAMONTE<\/strong> Sono stati spesi centinaia di milioni del vecchio conio per recuperare le miniere di Valle Imperina, allora c&#8217;erano i soldi dell&#8217;Europa che piovevano sull&#8217;Italia e sull&#8217;Agordino. Da Venezia Floriano Pra, dal palazzo della Comunit\u00e0 Montana Rizieri Ongaro si sono impegnati per dare nuova vita al sito minerario di Valle Imperina recuperando gli edifici ormai allo sfascio totale. I risultati si erano visti, poi con il tempo abbiamo di nuovo visto il sito lasciato al suo destino, non c&#8217;\u00e8 stata quella crescita auspicata. Ma questo non \u00e8 un buon motivo per mancare di rispetto a chi ci ha creduto nell&#8217;operazione ed ha investito soldi pubblici. Eppure \u00e8 successo, lo stabile del centro visitatori del parco (ex centrale) da 6 mesi \u00e8 abbandonato al suo destino, l&#8217;uragano Vaia ha strappato parte del tetto. Nessuno si \u00e8 preso la briga di mettere un telo, chiss\u00e0 quanta acqua sar\u00e0 entrata all&#8217;interno di quel bell&#8217;edificio.<br \/>\n<strong><span style=\"color: #0000ff;\">IL VIDEO<\/span><\/strong><\/p>\n<div id=\"fb-root\"><\/div>\n<p><script async=\"1\" defer=\"1\" crossorigin=\"anonymous\" src=\"https:\/\/connect.facebook.net\/it_IT\/sdk.js#xfbml=1&amp;version=v6.0\"><\/script><\/p>\n<div class=\"fb-video\" data-href=\"https:\/\/www.facebook.com\/mirko.mezzacasa\/videos\/10219440596712437\/\" data-width=\"1200\">\n<blockquote cite=\"https:\/\/www.facebook.com\/mirko.mezzacasa\/videos\/10219440596712437\/\" class=\"fb-xfbml-parse-ignore\"><p><a href=\"https:\/\/www.facebook.com\/mirko.mezzacasa\/videos\/10219440596712437\/\"><\/a><\/p>\n<p>Valle imperina danni mai riparati<\/p>\n<p>Pubblicato da <a href=\"https:\/\/www.facebook.com\/mirko.mezzacasa\">Mirko Mezzacasa<\/a> su Gioved\u00ec 11 aprile 2019<\/p><\/blockquote>\n<\/div>\n<p>&nbsp;<\/p>\n<p>&nbsp;<\/p>\n<hr \/>\n<p>&nbsp;<\/p>\n<p>&nbsp;<\/p>\n","protected":false},"excerpt":{"rendered":"<p>&nbsp; RIVAMONTE Con 530 mila euro sar\u00e0 sistemato il centro visittori del Parco peraltro chiuso dai giorni di Vaia 2018 quando il vento ha distrutto parte della copertura. Il bando statale permetter\u00e0 di ripristinare uno degli edifici pi\u00f9 importanti di un sito da tempo in abbandono. Sar\u00e0 restituita la dignit\u00e0 al centro nella porta del&hellip;<\/p>\n","protected":false},"author":1,"featured_media":119703,"comment_status":"closed","ping_status":"closed","sticky":false,"template":"","format":"standard","meta":{"_monsterinsights_skip_tracking":false,"_monsterinsights_sitenote_active":false,"_monsterinsights_sitenote_note":"","_monsterinsights_sitenote_category":0,"footnotes":""},"categories":[51,49],"tags":[],"class_list":["post-119689","post","type-post","status-publish","format-standard","has-post-thumbnail","hentry","category-evidenza-top","category-news-18","category-51","category-49","description-off"],"img_url":"https:\/\/www.radiopiu.net\/wordpress\/wp-content\/uploads\/2020\/02\/WhatsApp-Image-2019-04-11-at-18.11.09-1-1.jpeg","_links":{"self":[{"href":"https:\/\/www.radiopiu.net\/wordpress\/wp-json\/wp\/v2\/posts\/119689","targetHints":{"allow":["GET"]}}],"collection":[{"href":"https:\/\/www.radiopiu.net\/wordpress\/wp-json\/wp\/v2\/posts"}],"about":[{"href":"https:\/\/www.radiopiu.net\/wordpress\/wp-json\/wp\/v2\/types\/post"}],"author":[{"embeddable":true,"href":"https:\/\/www.radiopiu.net\/wordpress\/wp-json\/wp\/v2\/users\/1"}],"replies":[{"embeddable":true,"href":"https:\/\/www.radiopiu.net\/wordpress\/wp-json\/wp\/v2\/comments?post=119689"}],"version-history":[{"count":0,"href":"https:\/\/www.radiopiu.net\/wordpress\/wp-json\/wp\/v2\/posts\/119689\/revisions"}],"wp:featuredmedia":[{"embeddable":true,"href":"https:\/\/www.radiopiu.net\/wordpress\/wp-json\/wp\/v2\/media\/119703"}],"wp:attachment":[{"href":"https:\/\/www.radiopiu.net\/wordpress\/wp-json\/wp\/v2\/media?parent=119689"}],"wp:term":[{"taxonomy":"category","embeddable":true,"href":"https:\/\/www.radiopiu.net\/wordpress\/wp-json\/wp\/v2\/categories?post=119689"},{"taxonomy":"post_tag","embeddable":true,"href":"https:\/\/www.radiopiu.net\/wordpress\/wp-json\/wp\/v2\/tags?post=119689"}],"curies":[{"name":"wp","href":"https:\/\/api.w.org\/{rel}","templated":true}]}}