{"id":119699,"date":"2020-02-29T00:01:45","date_gmt":"2020-02-28T23:01:45","guid":{"rendered":"https:\/\/www.radiopiu.net\/wordpress\/?p=119699"},"modified":"2020-02-29T06:50:33","modified_gmt":"2020-02-29T05:50:33","slug":"terzo-lutto-ad-alleghe-in-48-ore-e-mancata-sara-da-pian","status":"publish","type":"post","link":"https:\/\/www.radiopiu.net\/wordpress\/terzo-lutto-ad-alleghe-in-48-ore-e-mancata-sara-da-pian\/","title":{"rendered":"TERZO LUTTO AD ALLEGHE IN 48 ORE, E&#8217; MANCATA SARA DA PIAN. GIOVEDI AL DE TONI L&#8217;ALLEGHE RICORDA RENATO E CLAUDIO"},"content":{"rendered":"<h3><a class=\"dt-pswp-item\" href=\"https:\/\/www.radiopiu.net\/wordpress\/wp-content\/uploads\/2020\/02\/9b8fccbd-e7a9-490f-9816-13aa3ac95dfa.jpg\" data-dt-img-description=\"\" data-large_image_width=\"720\" data-large_image_height=\"1440\"><img loading=\"lazy\" decoding=\"async\" class=\"alignnone size-medium wp-image-119706\" src=\"https:\/\/www.radiopiu.net\/wordpress\/wp-content\/uploads\/2020\/02\/9b8fccbd-e7a9-490f-9816-13aa3ac95dfa-150x300.jpg\" alt=\"\" width=\"150\" height=\"300\" srcset=\"https:\/\/www.radiopiu.net\/wordpress\/wp-content\/uploads\/2020\/02\/9b8fccbd-e7a9-490f-9816-13aa3ac95dfa-150x300.jpg 150w, https:\/\/www.radiopiu.net\/wordpress\/wp-content\/uploads\/2020\/02\/9b8fccbd-e7a9-490f-9816-13aa3ac95dfa-512x1024.jpg 512w, https:\/\/www.radiopiu.net\/wordpress\/wp-content\/uploads\/2020\/02\/9b8fccbd-e7a9-490f-9816-13aa3ac95dfa.jpg 720w\" sizes=\"auto, (max-width: 150px) 100vw, 150px\" \/><\/a>ALLEGHE Un&#8217;altra notizia luttuosa dal paese rivierasco, ieri \u00e8 mancata Sara Da Pian 86 anni, volto noto di Piazza Kennedy. Con il marito D&#8217;Imperio (scomparso in un drammatico incidente automobilistico sopra Caprile) ha gestito per molti anni fino al 2003, la pasticceria in centro al paese. Lascia i figli, le sorelle i nipoti. I funerali lunedi alle 14.30 a seconda delle disposizioni vigenti i funerali si svolgeranno in forma pubblica o privata.<\/h3>\n<p>&nbsp;<\/p>\n<p>&nbsp;<\/p>\n<blockquote>\n<h3>DOLORE AD ALLEGHE PER LA SCOMPARSA DI CLAUDIO FRANCESCHINI<\/h3>\n<p>PROBABILMENTE MARTEDI I FUNERALI MA LE MODALITA&#8217; NON SONO NOTE IN CONSIDERAZIONE DELLE ORDINANZE SUL CORONAVIRUS, IL RICORDO GIOVEDI NEL CORSO DELLA PRIMA PARTITA CASALINGA DEI PLAYOFF DELL&#8217;ALLEGHE CON IL MERANO, CON CLAUDIO ANCHE IL RICORDO DELL&#8217;AMATO PRESIDENTE RENATO ROSSI I CUI FUNERALI SI TERRANNO IN CANADA. MARTEDI INVECE L&#8217;ALLEGHE GIOCHERA&#8217; IN ALTO ADIGE (GARA1) CON IL LUTTO AL BRACCIO.<\/p><\/blockquote>\n<p><strong><a class=\"dt-pswp-item\" href=\"https:\/\/www.radiopiu.net\/wordpress\/wp-content\/uploads\/2020\/02\/claudio-franceschini-alpino.jpg\" data-dt-img-description=\"OLYMPUS DIGITAL CAMERA\" data-large_image_width=\"1280\" data-large_image_height=\"960\"><img loading=\"lazy\" decoding=\"async\" class=\"wp-image-119550 alignleft\" src=\"https:\/\/www.radiopiu.net\/wordpress\/wp-content\/uploads\/2020\/02\/claudio-franceschini-alpino-300x225.jpg\" alt=\"\" width=\"207\" height=\"155\" srcset=\"https:\/\/www.radiopiu.net\/wordpress\/wp-content\/uploads\/2020\/02\/claudio-franceschini-alpino-300x225.jpg 300w, https:\/\/www.radiopiu.net\/wordpress\/wp-content\/uploads\/2020\/02\/claudio-franceschini-alpino-1024x768.jpg 1024w, https:\/\/www.radiopiu.net\/wordpress\/wp-content\/uploads\/2020\/02\/claudio-franceschini-alpino-768x576.jpg 768w, https:\/\/www.radiopiu.net\/wordpress\/wp-content\/uploads\/2020\/02\/claudio-franceschini-alpino.jpg 1280w\" sizes=\"auto, (max-width: 207px) 100vw, 207px\" \/><\/a><\/strong><\/p>\n<p>&nbsp;<\/p>\n<p><strong>ALLEGHE<\/strong> La tristezza ad Alleghe \u00e8 palpabile, la morte di Claudio Franceschini \u00e8 stato un altro brutto colpo per tutta la comunit\u00e0, tanto era amato l&#8217;ex sindaco, l&#8217;ex vice presidente dell&#8217;Alleghe, l&#8217;amico degli alpini perch\u00e9 era immancabile la sua presenza a Masare\u00e8 in occasione del giro del lago di Alleghe, era uno di loro come ricorda anche il sindaco\u00a0 Danilo De Toni<\/p>\n<p>&nbsp;<\/p>\n<audio class=\"wp-audio-shortcode\" id=\"audio-119699-1\" preload=\"none\" style=\"width: 100%;\" controls=\"controls\"><source type=\"audio\/mpeg\" src=\"https:\/\/www.radiopiu.net\/wordpress\/wp-content\/uploads\/2020\/02\/DANILO-MORTI-2.mp3?_=1\" \/><a href=\"https:\/\/www.radiopiu.net\/wordpress\/wp-content\/uploads\/2020\/02\/DANILO-MORTI-2.mp3\">https:\/\/www.radiopiu.net\/wordpress\/wp-content\/uploads\/2020\/02\/DANILO-MORTI-2.mp3<\/a><\/audio>\n<p><strong>IL RICORDO DI GIANNI SANTOMASO, DAL CORRIERE DELLE ALPI<\/strong><\/p>\n<audio class=\"wp-audio-shortcode\" id=\"audio-119699-2\" preload=\"none\" style=\"width: 100%;\" controls=\"controls\"><source type=\"audio\/mpeg\" src=\"https:\/\/www.radiopiu.net\/wordpress\/wp-content\/uploads\/2020\/02\/france.mp3?_=2\" \/><a href=\"https:\/\/www.radiopiu.net\/wordpress\/wp-content\/uploads\/2020\/02\/france.mp3\">https:\/\/www.radiopiu.net\/wordpress\/wp-content\/uploads\/2020\/02\/france.mp3<\/a><\/audio>\n<p><a class=\"dt-pswp-item\" href=\"https:\/\/www.radiopiu.net\/wordpress\/wp-content\/uploads\/2020\/02\/SINDACO-ALLEGHE-CLAUDIO-FRANCESCHINI.jpg\" data-dt-img-description=\"\" data-large_image_width=\"387\" data-large_image_height=\"373\"><img loading=\"lazy\" decoding=\"async\" class=\"alignnone wp-image-119552\" src=\"https:\/\/www.radiopiu.net\/wordpress\/wp-content\/uploads\/2020\/02\/SINDACO-ALLEGHE-CLAUDIO-FRANCESCHINI-300x289.jpg\" alt=\"\" width=\"200\" height=\"193\" srcset=\"https:\/\/www.radiopiu.net\/wordpress\/wp-content\/uploads\/2020\/02\/SINDACO-ALLEGHE-CLAUDIO-FRANCESCHINI-300x289.jpg 300w, https:\/\/www.radiopiu.net\/wordpress\/wp-content\/uploads\/2020\/02\/SINDACO-ALLEGHE-CLAUDIO-FRANCESCHINI.jpg 387w\" sizes=\"auto, (max-width: 200px) 100vw, 200px\" \/><\/a><a class=\"dt-pswp-item\" href=\"https:\/\/www.radiopiu.net\/wordpress\/wp-content\/uploads\/2020\/02\/claudio-franceschini.jpg\" data-dt-img-description=\"\" data-large_image_width=\"708\" data-large_image_height=\"1161\"><img loading=\"lazy\" decoding=\"async\" class=\"alignnone wp-image-119551\" src=\"https:\/\/www.radiopiu.net\/wordpress\/wp-content\/uploads\/2020\/02\/claudio-franceschini-183x300.jpg\" alt=\"\" width=\"116\" height=\"190\" srcset=\"https:\/\/www.radiopiu.net\/wordpress\/wp-content\/uploads\/2020\/02\/claudio-franceschini-183x300.jpg 183w, https:\/\/www.radiopiu.net\/wordpress\/wp-content\/uploads\/2020\/02\/claudio-franceschini-624x1024.jpg 624w, https:\/\/www.radiopiu.net\/wordpress\/wp-content\/uploads\/2020\/02\/claudio-franceschini.jpg 708w\" sizes=\"auto, (max-width: 116px) 100vw, 116px\" \/><\/a><\/p>\n<p>&nbsp;<\/p>\n<p>&nbsp;<\/p>\n","protected":false},"excerpt":{"rendered":"<p>ALLEGHE Un&#8217;altra notizia luttuosa dal paese rivierasco, ieri \u00e8 mancata Sara Da Pian 86 anni, volto noto di Piazza Kennedy. Con il marito D&#8217;Imperio (scomparso in un drammatico incidente automobilistico sopra Caprile) ha gestito per molti anni fino al 2003, la pasticceria in centro al paese. Lascia i figli, le sorelle i nipoti. I funerali&hellip;<\/p>\n","protected":false},"author":1,"featured_media":119706,"comment_status":"closed","ping_status":"closed","sticky":false,"template":"","format":"standard","meta":{"_monsterinsights_skip_tracking":false,"_monsterinsights_sitenote_active":false,"_monsterinsights_sitenote_note":"","_monsterinsights_sitenote_category":0,"footnotes":""},"categories":[51,49],"tags":[],"class_list":["post-119699","post","type-post","status-publish","format-standard","has-post-thumbnail","hentry","category-evidenza-top","category-news-18","category-51","category-49","description-off"],"img_url":"https:\/\/www.radiopiu.net\/wordpress\/wp-content\/uploads\/2020\/02\/9b8fccbd-e7a9-490f-9816-13aa3ac95dfa.jpg","_links":{"self":[{"href":"https:\/\/www.radiopiu.net\/wordpress\/wp-json\/wp\/v2\/posts\/119699","targetHints":{"allow":["GET"]}}],"collection":[{"href":"https:\/\/www.radiopiu.net\/wordpress\/wp-json\/wp\/v2\/posts"}],"about":[{"href":"https:\/\/www.radiopiu.net\/wordpress\/wp-json\/wp\/v2\/types\/post"}],"author":[{"embeddable":true,"href":"https:\/\/www.radiopiu.net\/wordpress\/wp-json\/wp\/v2\/users\/1"}],"replies":[{"embeddable":true,"href":"https:\/\/www.radiopiu.net\/wordpress\/wp-json\/wp\/v2\/comments?post=119699"}],"version-history":[{"count":0,"href":"https:\/\/www.radiopiu.net\/wordpress\/wp-json\/wp\/v2\/posts\/119699\/revisions"}],"wp:featuredmedia":[{"embeddable":true,"href":"https:\/\/www.radiopiu.net\/wordpress\/wp-json\/wp\/v2\/media\/119706"}],"wp:attachment":[{"href":"https:\/\/www.radiopiu.net\/wordpress\/wp-json\/wp\/v2\/media?parent=119699"}],"wp:term":[{"taxonomy":"category","embeddable":true,"href":"https:\/\/www.radiopiu.net\/wordpress\/wp-json\/wp\/v2\/categories?post=119699"},{"taxonomy":"post_tag","embeddable":true,"href":"https:\/\/www.radiopiu.net\/wordpress\/wp-json\/wp\/v2\/tags?post=119699"}],"curies":[{"name":"wp","href":"https:\/\/api.w.org\/{rel}","templated":true}]}}