{"id":119756,"date":"2020-03-01T08:00:34","date_gmt":"2020-03-01T07:00:34","guid":{"rendered":"https:\/\/www.radiopiu.net\/wordpress\/?p=119756"},"modified":"2020-03-01T15:26:43","modified_gmt":"2020-03-01T14:26:43","slug":"scuole-chiuse-fino-a-l8-marzo-nel-veneto","status":"publish","type":"post","link":"https:\/\/www.radiopiu.net\/wordpress\/scuole-chiuse-fino-a-l8-marzo-nel-veneto\/","title":{"rendered":"SCUOLE CHIUSE FINO A L\u20198 MARZO NEL VENETO"},"content":{"rendered":"<p class=\"p1\"><span class=\"s1\"><strong>ROMA<\/strong>\u00a0 Ancora una settimana a casa per gli studenti del Veneto. Su indicazione degli esperti dell\u2019Istituto Superiore di Sanit\u00e0, il governo ha deciso di chiudere tutti gli istituti scolastici ancora per una settimana. Il Governatore del Veneto Luca Zaia si auspicava di poter riaprire le scuole gi\u00e0 a partire da luned\u00ec prossimo ma non \u00e8 cos\u00ec. Decisione che \u00e8 stata presa dal premier Giuseppe Conte dopo il vertice a Roma sull\u2019emergenza Coronavirus. Dunque gli alunni torneranno in classe il 9 marzo dopo ben 15 giorni di stop forzato. <\/span><\/p>\n","protected":false},"excerpt":{"rendered":"<p>ROMA\u00a0 Ancora una settimana a casa per gli studenti del Veneto. Su indicazione degli esperti dell\u2019Istituto Superiore di Sanit\u00e0, il governo ha deciso di chiudere tutti gli istituti scolastici ancora per una settimana. Il Governatore del Veneto Luca Zaia si auspicava di poter riaprire le scuole gi\u00e0 a partire da luned\u00ec prossimo ma non \u00e8&hellip;<\/p>\n","protected":false},"author":4,"featured_media":119741,"comment_status":"closed","ping_status":"closed","sticky":false,"template":"","format":"standard","meta":{"_monsterinsights_skip_tracking":false,"_monsterinsights_sitenote_active":false,"_monsterinsights_sitenote_note":"","_monsterinsights_sitenote_category":0,"footnotes":""},"categories":[104,49],"tags":[],"class_list":["post-119756","post","type-post","status-publish","format-standard","has-post-thumbnail","hentry","category-evidenza_3","category-news-18","category-104","category-49","description-off"],"img_url":"https:\/\/www.radiopiu.net\/wordpress\/wp-content\/uploads\/2020\/02\/virus-4835301_640.jpg","_links":{"self":[{"href":"https:\/\/www.radiopiu.net\/wordpress\/wp-json\/wp\/v2\/posts\/119756","targetHints":{"allow":["GET"]}}],"collection":[{"href":"https:\/\/www.radiopiu.net\/wordpress\/wp-json\/wp\/v2\/posts"}],"about":[{"href":"https:\/\/www.radiopiu.net\/wordpress\/wp-json\/wp\/v2\/types\/post"}],"author":[{"embeddable":true,"href":"https:\/\/www.radiopiu.net\/wordpress\/wp-json\/wp\/v2\/users\/4"}],"replies":[{"embeddable":true,"href":"https:\/\/www.radiopiu.net\/wordpress\/wp-json\/wp\/v2\/comments?post=119756"}],"version-history":[{"count":0,"href":"https:\/\/www.radiopiu.net\/wordpress\/wp-json\/wp\/v2\/posts\/119756\/revisions"}],"wp:featuredmedia":[{"embeddable":true,"href":"https:\/\/www.radiopiu.net\/wordpress\/wp-json\/wp\/v2\/media\/119741"}],"wp:attachment":[{"href":"https:\/\/www.radiopiu.net\/wordpress\/wp-json\/wp\/v2\/media?parent=119756"}],"wp:term":[{"taxonomy":"category","embeddable":true,"href":"https:\/\/www.radiopiu.net\/wordpress\/wp-json\/wp\/v2\/categories?post=119756"},{"taxonomy":"post_tag","embeddable":true,"href":"https:\/\/www.radiopiu.net\/wordpress\/wp-json\/wp\/v2\/tags?post=119756"}],"curies":[{"name":"wp","href":"https:\/\/api.w.org\/{rel}","templated":true}]}}