{"id":119779,"date":"2020-03-01T07:30:54","date_gmt":"2020-03-01T06:30:54","guid":{"rendered":"https:\/\/www.radiopiu.net\/wordpress\/?p=119779"},"modified":"2020-03-01T09:04:32","modified_gmt":"2020-03-01T08:04:32","slug":"il-sindaco-paolo-perenzin-solidale-con-i-proprietari-del-bar-vecchio-e-nuovo-bruciato-venerdi","status":"publish","type":"post","link":"https:\/\/www.radiopiu.net\/wordpress\/il-sindaco-paolo-perenzin-solidale-con-i-proprietari-del-bar-vecchio-e-nuovo-bruciato-venerdi\/","title":{"rendered":"IL SINDACO PAOLO PERENZIN SOLIDALE CON I PROPRIETARI DEL BAR VECCHIO E NUOVO BRUCIATO VENERDI"},"content":{"rendered":"<p>&nbsp;<\/p>\n<p><strong>FELTRE<\/strong> Il sindaco Paolo Perenzin interviene dopo l&#8217;incendio dell&#8217;altro giorno che ha portata all&#8217;evacuazione dell&#8217;abitazione di via Fusinato, comprese le due attivit\u00e0 commerciali di Bar e Parrucchiera.<\/p>\n<p><span style=\"color: #ff0000;\">foto, NICO.<\/span><\/p>\n<blockquote>\n<h2>\u201cEsprimo a Tatiana, ai suoi familiari e al suo staff, la vicinanza e la solidariet\u00e0 mia personale, dell\u2019Amminiistrazione e di tutta la cittadinanza. La famiglia Barcherini si \u00e8 fatta apprezzare da molti anni (come non ricordare il compianto pap\u00e0 Giuliano) per la sua empatia, la disponibilit\u00e0 e la dinamicit\u00e0 imprenditoriale, non solo nella frazione di Foen, ma in tutta la citt\u00e0. Sono certo che lo spirito che anima Tatiana e le sue collaboratrici sapr\u00e0 risollevarle, dopo un comprensibile momento di sconforto, pi\u00f9 forti e propositive di prima. L\u2019augurio di tutti \u00e8 che il \u201cVecchio e Nuovo\u201d, come l\u2019altra attivit\u00e0 commerciale ospitata nello stabile colpito dall\u2019incendio di ieri, possano riaprire i battenti quanto prima!\u201d.<\/h2>\n<p><a class=\"dt-pswp-item\" href=\"https:\/\/www.radiopiu.net\/wordpress\/wp-content\/uploads\/2020\/03\/WhatsApp-Image-2020-02-29-at-18.50.18.jpeg\" data-dt-img-description=\"\" data-large_image_width=\"1600\" data-large_image_height=\"900\"><img loading=\"lazy\" decoding=\"async\" class=\"alignnone wp-image-119780 size-large\" src=\"https:\/\/www.radiopiu.net\/wordpress\/wp-content\/uploads\/2020\/03\/WhatsApp-Image-2020-02-29-at-18.50.18-1024x576.jpeg\" alt=\"\" width=\"1024\" height=\"576\" srcset=\"https:\/\/www.radiopiu.net\/wordpress\/wp-content\/uploads\/2020\/03\/WhatsApp-Image-2020-02-29-at-18.50.18-1024x576.jpeg 1024w, https:\/\/www.radiopiu.net\/wordpress\/wp-content\/uploads\/2020\/03\/WhatsApp-Image-2020-02-29-at-18.50.18-300x169.jpeg 300w, https:\/\/www.radiopiu.net\/wordpress\/wp-content\/uploads\/2020\/03\/WhatsApp-Image-2020-02-29-at-18.50.18-768x432.jpeg 768w, https:\/\/www.radiopiu.net\/wordpress\/wp-content\/uploads\/2020\/03\/WhatsApp-Image-2020-02-29-at-18.50.18-1536x864.jpeg 1536w, https:\/\/www.radiopiu.net\/wordpress\/wp-content\/uploads\/2020\/03\/WhatsApp-Image-2020-02-29-at-18.50.18.jpeg 1600w\" sizes=\"auto, (max-width: 1024px) 100vw, 1024px\" \/><\/a><\/p><\/blockquote>\n","protected":false},"excerpt":{"rendered":"<p>&nbsp; FELTRE Il sindaco Paolo Perenzin interviene dopo l&#8217;incendio dell&#8217;altro giorno che ha portata all&#8217;evacuazione dell&#8217;abitazione di via Fusinato, comprese le due attivit\u00e0 commerciali di Bar e Parrucchiera. foto, NICO. \u201cEsprimo a Tatiana, ai suoi familiari e al suo staff, la vicinanza e la solidariet\u00e0 mia personale, dell\u2019Amminiistrazione e di tutta la cittadinanza. La famiglia&hellip;<\/p>\n","protected":false},"author":1,"featured_media":119780,"comment_status":"closed","ping_status":"closed","sticky":false,"template":"","format":"standard","meta":{"_monsterinsights_skip_tracking":false,"_monsterinsights_sitenote_active":false,"_monsterinsights_sitenote_note":"","_monsterinsights_sitenote_category":0,"footnotes":""},"categories":[51,49],"tags":[],"class_list":["post-119779","post","type-post","status-publish","format-standard","has-post-thumbnail","hentry","category-evidenza-top","category-news-18","category-51","category-49","description-off"],"img_url":"https:\/\/www.radiopiu.net\/wordpress\/wp-content\/uploads\/2020\/03\/WhatsApp-Image-2020-02-29-at-18.50.18.jpeg","_links":{"self":[{"href":"https:\/\/www.radiopiu.net\/wordpress\/wp-json\/wp\/v2\/posts\/119779","targetHints":{"allow":["GET"]}}],"collection":[{"href":"https:\/\/www.radiopiu.net\/wordpress\/wp-json\/wp\/v2\/posts"}],"about":[{"href":"https:\/\/www.radiopiu.net\/wordpress\/wp-json\/wp\/v2\/types\/post"}],"author":[{"embeddable":true,"href":"https:\/\/www.radiopiu.net\/wordpress\/wp-json\/wp\/v2\/users\/1"}],"replies":[{"embeddable":true,"href":"https:\/\/www.radiopiu.net\/wordpress\/wp-json\/wp\/v2\/comments?post=119779"}],"version-history":[{"count":0,"href":"https:\/\/www.radiopiu.net\/wordpress\/wp-json\/wp\/v2\/posts\/119779\/revisions"}],"wp:featuredmedia":[{"embeddable":true,"href":"https:\/\/www.radiopiu.net\/wordpress\/wp-json\/wp\/v2\/media\/119780"}],"wp:attachment":[{"href":"https:\/\/www.radiopiu.net\/wordpress\/wp-json\/wp\/v2\/media?parent=119779"}],"wp:term":[{"taxonomy":"category","embeddable":true,"href":"https:\/\/www.radiopiu.net\/wordpress\/wp-json\/wp\/v2\/categories?post=119779"},{"taxonomy":"post_tag","embeddable":true,"href":"https:\/\/www.radiopiu.net\/wordpress\/wp-json\/wp\/v2\/tags?post=119779"}],"curies":[{"name":"wp","href":"https:\/\/api.w.org\/{rel}","templated":true}]}}