{"id":119802,"date":"2020-03-02T05:51:41","date_gmt":"2020-03-02T04:51:41","guid":{"rendered":"https:\/\/www.radiopiu.net\/wordpress\/?p=119802"},"modified":"2020-03-02T09:30:23","modified_gmt":"2020-03-02T08:30:23","slug":"giornale-radio-piu-02-marzo-2020-direttore-mirko-mezzacasa","status":"publish","type":"post","link":"https:\/\/www.radiopiu.net\/wordpress\/giornale-radio-piu-02-marzo-2020-direttore-mirko-mezzacasa\/","title":{"rendered":"GIORNALE RADIO PIU 02 MARZO 2020 direttore Mirko Mezzacasa"},"content":{"rendered":"<p>&nbsp;<\/p>\n<h3><strong><a class=\"dt-pswp-item\" href=\"https:\/\/www.radiopiu.net\/wordpress\/wp-content\/uploads\/2020\/02\/telegram-q-ok.jpg\" data-dt-img-description=\"\" data-large_image_width=\"800\" data-large_image_height=\"800\"><img loading=\"lazy\" decoding=\"async\" class=\"wp-image-117176 alignleft\" src=\"https:\/\/www.radiopiu.net\/wordpress\/wp-content\/uploads\/2020\/02\/telegram-q-ok-300x300.jpg\" alt=\"\" width=\"103\" height=\"103\" srcset=\"https:\/\/www.radiopiu.net\/wordpress\/wp-content\/uploads\/2020\/02\/telegram-q-ok-300x300.jpg 300w, https:\/\/www.radiopiu.net\/wordpress\/wp-content\/uploads\/2020\/02\/telegram-q-ok-150x150.jpg 150w, https:\/\/www.radiopiu.net\/wordpress\/wp-content\/uploads\/2020\/02\/telegram-q-ok-768x768.jpg 768w, https:\/\/www.radiopiu.net\/wordpress\/wp-content\/uploads\/2020\/02\/telegram-q-ok.jpg 800w\" sizes=\"auto, (max-width: 103px) 100vw, 103px\" \/><\/a><\/strong><\/h3>\n<h3><strong>PER RICEVERE QUESTO NOTIZIARIO DIRETTAMENTE SUL TUO CELLULARE ISCRIVITI AL CANALE <span style=\"color: #0000ff;\">TELEGRAM<\/span><\/strong><\/h3>\n<p><strong>&#8220;<span style=\"color: #ff0000;\">RADIO PIU\u00a0 INFORMAZIONE<span style=\"color: #000000;\">&#8221;\u00a0<\/span><\/span><\/strong><\/p>\n<p>&nbsp;<\/p>\n<p>&nbsp;<\/p>\n<hr \/>\n<blockquote><p><strong>Per lavori alla rete idrica comunale, DOMANI dalle\u00a0 8:30 alle\u00a0 12 potrebbe mancare l&#8217;acqua a FALCADE, nella LOCALITA&#8217; DI CAVIOLA.\u00a0<\/strong><\/p>\n<p>&nbsp;<\/p><\/blockquote>\n<hr \/>\n<h3><\/h3>\n<blockquote>\n<h1>CORONAVIRUS, LA GRANDE PAURA ANCHE NELL&#8217;AGORDINO DA LA VALLE A CENCENIGHE<\/h1>\n<\/blockquote>\n<p><strong>RADIOPIU&#8217;<\/strong> E sono tre le vittime del virus nella nostra Regione, ieri \u00e8 mancato un pensionato nel reparto di terapia intensiva dell&#8217;ospedale di Padova. Da nove giorni era ricoverato in gravi condizioni ed era risultato positivo al coronavirus. Aveva 67 anni, di Oriago Venezia. In Veneto i casi sono oggi 265, 69 in pi\u00f9 di sabato e la zona pi\u00f9 colpita \u00e8 quella del trevigiano. Quattro i bellunesi contagiati, si attendono le conferme dell&#8217;Istituto Sanitario, nessuno di loro \u00e8 malato e sono tuttI a casa compreso l&#8217;agordino di La Valle che sar\u00e0 ricordato come il primo paziente positivo asintomatico, risultato positivo al test venerdi, test che ieri \u00e8 stato ripetuto. Positivo al coronavirus un turista ceco che era stato in vacanza ad Auronzo di Cadore. Sessantasette (dodici in pi\u00f9 rispetto a sabato) le persone in isolamento domiciliare fiduciario e sorveglianza attiva. La provincia di Belluno non \u00e8 immune aL contagio ora \u00e8 chiaro. Sono 57, alle 14 di ieri, i tamponi effettuati dall&#8217;Usl Dolomiti per la ricerca di Covid-19, di questi 51 sono risultati negativi. Si tratta di persone che si sono rivolte all&#8217;Usl Dolomiti perch\u00e9 sospettavano di aver contratto il virus. Intanto si inizia a familiarizzare con la parola &#8220;droplet&#8221; ovvero per evitare il contagio \u00e8 necessaria una distanza \u201cdi sicurezza\u201d di almeno un metro da un all&#8217;atra persona, al supermercato, al cinema, sugli impianti di risalita (con la formazione di lunghe code) e questo ha permesso misure pi\u00f9 contenute nel decreto varato ieri sera. Sport a porte chiuse per tutta la settimana, le competizioni degli spot invernali sono state annullate. Messe a porte chiuse ieri il vescovo la benedizione all&#8217;ora di pranzo l&#8217;ha data dallo schermo televisivo. (MM)<\/p>\n<p>&nbsp;<\/p>\n<hr \/>\n<p>&nbsp;<\/p>\n<blockquote>\n<h3>Situazione in Ulss Dolomiti alle 14.00 del 1 marzo 2020<\/h3>\n<\/blockquote>\n<p><span style=\"color: #ff0000;\"><strong>4 TAMPONI CON ESITO POSITIVO (3 PIU&#8217; DI IERI) SONO PERO&#8217; DA CONFERMARE ALL&#8217;ISS<\/strong><\/span><\/p>\n<p>Il direttore generale della Ulss1 Adriano Rasi Caldogno pubblica sulla pagina facebook gli ultimi dati. Dodici casi in pi\u00f9 del precedente rilevamento ai &#8220;domiciliari&#8221;. Nessun ricovero. Quattro in attesa di esito<\/p>\n<p>, sono tre in pi\u00f9 rispetto all&#8217;altro ieri.\u00a0 Tamponi con esito negativo 51<span style=\"color: #ff0000;\">, NESSUNO POSITIVO FINO A NUOVE CONFERME DELL&#8217;ISS<\/span><\/p>\n<p><a class=\"dt-pswp-item\" href=\"https:\/\/www.radiopiu.net\/wordpress\/wp-content\/uploads\/2020\/03\/88184836_881745185618737_4625110222178877440_o.jpg\" data-dt-img-description=\"\" data-large_image_width=\"973\" data-large_image_height=\"1334\"><img loading=\"lazy\" decoding=\"async\" class=\"alignnone wp-image-119830 \" src=\"https:\/\/www.radiopiu.net\/wordpress\/wp-content\/uploads\/2020\/03\/88184836_881745185618737_4625110222178877440_o-747x1024.jpg\" alt=\"\" width=\"443\" height=\"607\" srcset=\"https:\/\/www.radiopiu.net\/wordpress\/wp-content\/uploads\/2020\/03\/88184836_881745185618737_4625110222178877440_o-747x1024.jpg 747w, https:\/\/www.radiopiu.net\/wordpress\/wp-content\/uploads\/2020\/03\/88184836_881745185618737_4625110222178877440_o-219x300.jpg 219w, https:\/\/www.radiopiu.net\/wordpress\/wp-content\/uploads\/2020\/03\/88184836_881745185618737_4625110222178877440_o-768x1053.jpg 768w, https:\/\/www.radiopiu.net\/wordpress\/wp-content\/uploads\/2020\/03\/88184836_881745185618737_4625110222178877440_o.jpg 973w\" sizes=\"auto, (max-width: 443px) 100vw, 443px\" \/><\/a><\/p>\n<p><span class=\"text_exposed_show\">I casi sono positivi SOLO DOPO la validazione dell&#8217;Istituto Superiore di Sanit\u00e0 (al momento non arrivata per i casi dell&#8217;Ulss Dolomiti) <\/span>\u00e9 compito del Dipartimento di Prevenzione ricostruire i &#8220;contatti stretti&#8221; (secondo definizione Ministeriale) e valutare le misure di prevenzione secondo procedure ben definite L&#8217;isolamento domiciliare fiduciario \u00e8 disposto e monitorato dal Dipartimento di Prevenzione I sindaci direttamente interessati da casi nel loro territorio vengono informati direttamente e tempestivamente dal Dipartimento di Prevenzione come da procedura<\/p>\n<p>&nbsp;<\/p>\n<p><strong>\u00a0CORONAVIRUS, AVVISO ALL&#8217;UTENZA DALLA ULSS1<\/strong><\/p>\n<p><strong>BELLUNO<\/strong> L\u2019Ulss Dolomiti ha attivato un numero aziendale dedicato per informazioni sul Coronavirus: 0437\/514343 attivo tutti i giorni dalle 9.00 alle 13.00 e dalle 14.00 alle 18.00 La linea dedicata si affianca a: numero verde regionale 800462340 istituito per informazioni sui comportamenti da tenere da parte delle persone che temono di essere entrate in contatto con virus.\u00a0 numero nazionale 1500. Luxottica ieri ha incontrato i sindacati e sul piatto ha messo una novit\u00e0 importante: coloro che si sono ammalati nei giorni dell&#8217;emergenza (malattie riconducibili a influenza) non avranno sorprese e ripercussioni sul premio di risultato. Sempre i sindacati hanno incontrato ieri il Prefetto di Belluno mentre la FP Cgil ha chiesto un incontro urgente al direttore dell&#8217;azienda Ulss1.<\/p>\n<p>&nbsp;<\/p>\n<p>&nbsp;<\/p>\n<p>&nbsp;<\/p>\n<hr \/>\n<blockquote>\n<h2><\/h2>\n<h2>IERI SERA ALLE 20.30 DALLA PRESIDENTE DEL CONSIGLIO DEI MINISTRI<\/h2>\n<\/blockquote>\n<p>&nbsp;<\/p>\n<blockquote class=\"wp-embedded-content\" data-secret=\"4VuscS9W47\"><p><a href=\"https:\/\/www.radiopiu.net\/wordpress\/ecco-il-nuovo-decreto\/\">ECCO IL NUOVO DECRETO<\/a><\/p><\/blockquote>\n<p><iframe loading=\"lazy\" title=\"&#8220;ECCO IL NUOVO DECRETO&#8221; &#8212; Radio Pi\u00f9\" class=\"wp-embedded-content\" sandbox=\"allow-scripts\" security=\"restricted\" style=\"position: absolute; clip: rect(1px, 1px, 1px, 1px);\" src=\"https:\/\/www.radiopiu.net\/wordpress\/ecco-il-nuovo-decreto\/embed\/#?secret=4VuscS9W47\" data-secret=\"4VuscS9W47\" width=\"600\" height=\"338\" frameborder=\"0\" marginwidth=\"0\" marginheight=\"0\" scrolling=\"no\"><\/iframe><\/p>\n<p>&nbsp;<\/p>\n<hr \/>\n<blockquote>\n<h2><\/h2>\n<h2><\/h2>\n<h2><span style=\"color: #0000ff;\">QUESTURA DI BELLUNO<\/span><\/h2>\n<p><a class=\"dt-pswp-item\" href=\"https:\/\/www.radiopiu.net\/wordpress\/wp-content\/uploads\/2020\/03\/85118902_2028253853987045_1195958812079554560_n.jpg\" data-dt-img-description=\"\" data-large_image_width=\"598\" data-large_image_height=\"403\"><img loading=\"lazy\" decoding=\"async\" class=\" wp-image-119811 alignleft\" src=\"https:\/\/www.radiopiu.net\/wordpress\/wp-content\/uploads\/2020\/03\/85118902_2028253853987045_1195958812079554560_n-300x202.jpg\" alt=\"\" width=\"278\" height=\"187\" srcset=\"https:\/\/www.radiopiu.net\/wordpress\/wp-content\/uploads\/2020\/03\/85118902_2028253853987045_1195958812079554560_n-300x202.jpg 300w, https:\/\/www.radiopiu.net\/wordpress\/wp-content\/uploads\/2020\/03\/85118902_2028253853987045_1195958812079554560_n.jpg 598w\" sizes=\"auto, (max-width: 278px) 100vw, 278px\" \/><\/a>Condividiamo questo post sulle notizie false che circolano sulla diffusione del corona virus, segnalando alla Polizia Postale le cd. fake news. Raccomandiamo, soprattutto alle persone anziane, di non aprire a chi suona alla vostra porta con il pretesto di effettuare controlli sanitari a domicilio. Non esitate a chiamarci al numero di emergenza 113,segnalando l&#8217;accaduto.<\/p><\/blockquote>\n<p>&nbsp;<\/p>\n<p>&nbsp;<\/p>\n<hr \/>\n<blockquote>\n<h3><\/h3>\n<h3><a class=\"dt-pswp-item\" href=\"https:\/\/www.radiopiu.net\/wordpress\/wp-content\/uploads\/2020\/02\/ADRIANO-RASI-CALDOGNO.jpg\" data-dt-img-description=\"\" data-large_image_width=\"193\" data-large_image_height=\"251\"><img loading=\"lazy\" decoding=\"async\" class=\"wp-image-119760 alignleft\" src=\"https:\/\/www.radiopiu.net\/wordpress\/wp-content\/uploads\/2020\/02\/ADRIANO-RASI-CALDOGNO.jpg\" alt=\"\" width=\"83\" height=\"108\" \/><\/a><\/h3>\n<h3><\/h3>\n<h3><\/h3>\n<h3>IL DIRETTORE GENERALE DELLA ULSS1 ADRIANO RASI CALDOGNO AI MICROFONI DI MORENO GIOLI<\/h3>\n<\/blockquote>\n<audio class=\"wp-audio-shortcode\" id=\"audio-119802-1\" preload=\"none\" style=\"width: 100%;\" controls=\"controls\"><source type=\"audio\/mpeg\" src=\"https:\/\/www.radiopiu.net\/wordpress\/wp-content\/uploads\/2020\/02\/gioli-rasi-caldogno-CORONAVIRUS.mp3?_=1\" \/><a href=\"https:\/\/www.radiopiu.net\/wordpress\/wp-content\/uploads\/2020\/02\/gioli-rasi-caldogno-CORONAVIRUS.mp3\">https:\/\/www.radiopiu.net\/wordpress\/wp-content\/uploads\/2020\/02\/gioli-rasi-caldogno-CORONAVIRUS.mp3<\/a><\/audio>\n<p>&nbsp;<\/p>\n<p>&nbsp;<\/p>\n<hr \/>\n<p>&nbsp;<\/p>\n<p>&nbsp;<\/p>\n<blockquote>\n<h3>OPERAIO LUXOTTICA IN QUARANTENA, PRECAUZIONI A CENCENIGHE E AGORDO<\/h3>\n<\/blockquote>\n<blockquote>\n<h2>DA LUXOTTICA ESTREMA PRUDENZA E TUTELA DELLA SALUTE DEI LAVORATORI<\/h2>\n<\/blockquote>\n<p><strong><img loading=\"lazy\" decoding=\"async\" class=\"alignleft\" src=\"https:\/\/www.radiopiu.net\/wordpress\/wp-content\/uploads\/2018\/02\/LUX-CENCENGIHE.jpg\" width=\"241\" height=\"113\" \/>CENCENIGHE <\/strong>\u00a0Un dipendente della\u00a0 Luxottica di Cencenighe\u00a0 \u00a0si \u00e8 messo in auto quarantena, non ha sintomi ma temendo di essere venuto in contatto con persone con sospetto coronavirus ha scelto di rimanere tra le mura di casa evitando soprattutto di raggiungere il\u00a0 posto di lavoro. Lo ha comunicato all&#8217;azienda che immediatamente ha preso ulteriori misure preventive come sta facendo da giorni, si pensi ai continui messaggi ai dipendenti, piuttosto che alla plastica in mensa, oppure ai distributori di disinfettante,\u00a0 non ultimo lo smart working gi\u00e0 messo in atto negli uffici di Milano.\u00a0 Come dire che oggi la fabbrica \u00e8 pi\u00f9 sicura di un bar piuttosto che di un altro ritrovo di persone. Il dipendente di Luxottica\u00a0 con relativo certificato medico,\u00a0 mettendosi in auto quarantena lo ha\u00a0 anche\u00a0 comunicato immediatamente agli uffici personale di\u00a0 Luxottica ed\u00a0 \u00e8\u00a0 uno dei famosi 55 segnalati dalla Ulss1 nella conferenza stampa di ieri. L&#8217;azienda per estrema prudenza ha invitato le persone che lavorano con questo dipendente a rimanere a casa, ma solo per misure precauzionali. Inoltre Luxottica\u00a0 sta valutando il pi\u00f9 possibile di attivare lo smart working ovvero dove possibile il lavoro da casa.\u00a0 Provvedimento che interessa anche Luxottica ad Agordo poich\u00e9 il dipendente in auto quartantena frequenta sia lo stabilimenti di Cencenighe che del capoluogo. Nessun caso \u00e8 oggi conclamato, ci sono solo queste misure di massima prudenza e l&#8217;invito a mantenere la calma. In giornata non mancheranno ulteriori informazioni e suggerimenti dagli uffici personale di Luxottica.<\/p>\n<p>&nbsp;<\/p>\n<blockquote>\n<h3>LUXOTTICA INVITA A MISURE DI AUTOCONTROLLO SANITARIO<\/h3>\n<\/blockquote>\n<p><strong><a class=\"dt-pswp-item\" href=\"https:\/\/www.radiopiu.net\/wordpress\/wp-content\/uploads\/2020\/01\/LAVORI-INSEGNA-LUXOTTICA-scaled.jpg\" data-dt-img-description=\"\" data-large_image_width=\"2560\" data-large_image_height=\"1920\"><img loading=\"lazy\" decoding=\"async\" class=\" wp-image-113443 alignleft\" src=\"https:\/\/www.radiopiu.net\/wordpress\/wp-content\/uploads\/2020\/01\/LAVORI-INSEGNA-LUXOTTICA-300x225.jpg\" alt=\"\" width=\"241\" height=\"181\" srcset=\"https:\/\/www.radiopiu.net\/wordpress\/wp-content\/uploads\/2020\/01\/LAVORI-INSEGNA-LUXOTTICA-300x225.jpg 300w, https:\/\/www.radiopiu.net\/wordpress\/wp-content\/uploads\/2020\/01\/LAVORI-INSEGNA-LUXOTTICA-1024x768.jpg 1024w, https:\/\/www.radiopiu.net\/wordpress\/wp-content\/uploads\/2020\/01\/LAVORI-INSEGNA-LUXOTTICA-768x576.jpg 768w, https:\/\/www.radiopiu.net\/wordpress\/wp-content\/uploads\/2020\/01\/LAVORI-INSEGNA-LUXOTTICA-1536x1152.jpg 1536w, https:\/\/www.radiopiu.net\/wordpress\/wp-content\/uploads\/2020\/01\/LAVORI-INSEGNA-LUXOTTICA-2048x1536.jpg 2048w\" sizes=\"auto, (max-width: 241px) 100vw, 241px\" \/><\/a>MILANO<\/strong> La prevenzione pi\u00f9 efficace parte dai comportamenti dei singoli, anche al di fuori del luogo di lavoro e la situazione contingente richiede collaborazione e senso di responsabilit\u00e0 nei confronti di se stessi, della propria famiglia e dei propri colleghi.\u00a0 \u00a0Per questo motivo ricordiamo che la misurazione della temperatura corporea \u00e8 uno degli indici fondamentali per individuare prontamente l\u2019insorgere di eventuali sintomi influenzali. Ti chiediamo quindi di collaborare alla protezione della salute di tutti, assicurandoti di controllare, ogni giorno, la temperatura corporea prima di recarti al lavoro. In caso di febbre o sintomi influenzali anche lievi come mal di gola, tosse e raffreddore, ti invitiamo a rimanere a casa, informando prontamente l\u2019Ufficio Risorse Umane e il tuo responsabile e contattando il tuo medico di base per ogni chiarimento e indicazione sui comportamenti da tenere.\u00a0 In tutte le sedi di lavoro, a titolo precauzionale e per offrire un servizio di maggior tutela a tutti i dipendenti, Luxottica ha rafforzato il servizio interno di infermeria e supporto medico, che \u00e8 sempre a tua disposizione anche per la misurazione della temperatura corporea.\u00a0 Dal 28 febbraio al 15 marzo 2020, le eventuali assenze per malattia, debitamente certificata, che interessa le vie respiratorie con sintomatologia assimilabile al quadro clinico del Covid-19 (c.d. coronavirus), non andranno ad impattare il premio di risultato (PDR) in quanto a tale proposito \u00e8 stato siglato un apposito accordo con le Parti Sociali. A scopo preventivo e in linea con le disposizioni ministeriali, consigliamo di: evitare luoghi affollati e assembramenti, e di stare troppo vicini a persone con sintomi influenzali come tosse e raffreddore; segnalare all\u2019Ufficio Risorse Umane di riferimento e al proprio responsabile eventuali contatti con persone provenienti dalle zone a rischio e\/o con soggetti positivi al Covid-19; continuare a seguire il decalogo di buoni comportamenti precedentemente comunicati e sempre disponibili su OneLuxottica. Nei prossimi giorni, sempre in via precauzionale, l\u2019accesso a mense o aree break in special modo nei siti produttivi e logistici potrebbe\u00a0subire qualche variazione per ridurre il rischio di affollamento.<\/p>\n<p>&nbsp;<\/p>\n<p>&nbsp;<\/p>\n<p>&nbsp;<\/p>\n<hr \/>\n<p>&nbsp;<\/p>\n<p>&nbsp;<\/p>\n<blockquote>\n<h3>PUNTO STAMPA DEL PRESIDENTE DELLA REGIONE LUCA ZAIA, IERI DOMENICA 01 MARZO ALLE 13.30<\/h3>\n<\/blockquote>\n<p><strong>MARGHERA (VENEZIA)<\/strong> Il governatore del Veneto Luca Zaia ha incontrato la stampa nella sede della Protezione Civile a Marghera per fare il punto sul DPCM (Decreto del Presidente del Consiglio dei Ministri).. Si parla di droplet, ossia distanza di sicurezza tra persone di almeno un metro.<\/p>\n<p><strong>IL VIDEO DALLA PAGINA FACEBOOK DI LUCA ZAIA<\/strong><\/p>\n<div id=\"fb-root\"><\/div>\n<p><script async=\"1\" defer=\"1\" crossorigin=\"anonymous\" src=\"https:\/\/connect.facebook.net\/it_IT\/sdk.js#xfbml=1&amp;version=v6.0\"><\/script><\/p>\n<div class=\"fb-video\" data-href=\"https:\/\/www.facebook.com\/zaiaufficiale\/videos\/217552832719283\" data-width=\"1200\">\n<blockquote cite=\"https:\/\/www.facebook.com\/zaiaufficiale\/videos\/217552832719283\/\" class=\"fb-xfbml-parse-ignore\"><p><a href=\"https:\/\/www.facebook.com\/zaiaufficiale\/videos\/217552832719283\/\">#CORONAVIRUS, ZAIA: GLI ULTIMI AGGIORNAMENTI<\/a><\/p>\n<p>\u203c\ufe0f #CORONAVIRUS \/ TUTTI GLI AGGIORNAMENTI ALLE 13:30 DI OGGI, 1 MARZO. Abbiamo inviato la nostra bozza di osservazioni al Governo. Adesso attendiamo la risposta. \u203c\ufe0f<\/p>\n<p>Pubblicato da <a href=\"https:\/\/www.facebook.com\/zaiaufficiale\/\">Luca Zaia<\/a> su Domenica 1 marzo 2020<\/p><\/blockquote>\n<\/div>\n<p>&nbsp;<\/p>\n<p>&nbsp;<\/p>\n<p>&nbsp;<\/p>\n<hr \/>\n<blockquote>\n<h3><\/h3>\n<h3>SCUOLE CHIUSE FINO A L\u20198 MARZO NEL VENETO<\/h3>\n<\/blockquote>\n<p><span class=\"s1\"><strong><a class=\"dt-pswp-item\" href=\"https:\/\/www.radiopiu.net\/wordpress\/wp-content\/uploads\/2020\/02\/Didattica-online-2.jpeg\" data-dt-img-description=\"\" data-large_image_width=\"1600\" data-large_image_height=\"1200\"><img loading=\"lazy\" decoding=\"async\" class=\"wp-image-119241 alignleft\" src=\"https:\/\/www.radiopiu.net\/wordpress\/wp-content\/uploads\/2020\/02\/Didattica-online-2-300x225.jpeg\" alt=\"\" width=\"181\" height=\"136\" srcset=\"https:\/\/www.radiopiu.net\/wordpress\/wp-content\/uploads\/2020\/02\/Didattica-online-2-300x225.jpeg 300w, https:\/\/www.radiopiu.net\/wordpress\/wp-content\/uploads\/2020\/02\/Didattica-online-2-1024x768.jpeg 1024w, https:\/\/www.radiopiu.net\/wordpress\/wp-content\/uploads\/2020\/02\/Didattica-online-2-768x576.jpeg 768w, https:\/\/www.radiopiu.net\/wordpress\/wp-content\/uploads\/2020\/02\/Didattica-online-2-1536x1152.jpeg 1536w, https:\/\/www.radiopiu.net\/wordpress\/wp-content\/uploads\/2020\/02\/Didattica-online-2.jpeg 1600w\" sizes=\"auto, (max-width: 181px) 100vw, 181px\" \/><\/a>ROMA<\/strong>\u00a0 Ancora una settimana a casa per gli studenti del Veneto. Su indicazione degli esperti dell\u2019Istituto Superiore di Sanit\u00e0, il governo ha deciso di chiudere tutti gli istituti scolastici ancora per una settimana. Il Governatore del Veneto Luca Zaia si auspicava di poter riaprire le scuole gi\u00e0 a partire da luned\u00ec prossimo ma non \u00e8 cos\u00ec. Decisione che \u00e8 stata presa dal premier Giuseppe Conte dopo il vertice a Roma sull\u2019emergenza Coronavirus. Dunque gli alunni torneranno in classe il 9 marzo dopo ben 15 giorni di stop forzato.<\/span><\/p>\n<p>&nbsp;<\/p>\n<p>&nbsp;<\/p>\n<p>&nbsp;<\/p>\n<p>&nbsp;<\/p>\n<p>&nbsp;<\/p>\n<hr \/>\n<p>&nbsp;<\/p>\n<blockquote>\n<h2>CORONAVIRUS \/ INFORMAZIONI IMPORTANTI<\/h2>\n<\/blockquote>\n<p>https:\/\/www.facebook.com\/zaiaufficiale\/videos\/579775005909494\/<\/p>\n<p>&nbsp;<\/p>\n<p>&nbsp;<\/p>\n<hr \/>\n<p>&nbsp;<\/p>\n<blockquote>\n<h3>SEMPRE GRAVI LE CONDIZIONI DI MAURO RUDATIS PRECIPITATO DAL PENDIO<\/h3>\n<\/blockquote>\n<p><strong>CENCENIGHE<\/strong> \u00a0Sempre grave all&#8217;ospedale di Treviso l&#8217;uomo di Cencenighe\u00a0 ricoverato in prognosi riservata al Ca&#8217; Foncello. Le condizioni del 52enne rimangono molto preoccupanti, dopo la caduta di sabato a Soia di Canale d&#8217;Agordo. Come ha riferito il sindaco Flavio Colcergnan al Corriere delle Alpi non \u00e8 un luogo, nel quale si va abitualmente a fare una passeggiata, perch\u00e9 non c&#8217;\u00e8 un sentiero e la pista ciclabile corre a una certa distanza.\u00a0 Quando sono arrivati i soccorritori della Croce Verde, \u00e8 stato necessario intubarlo, perch\u00e9 aveva difficolt\u00e0 respiratorie e i sanitari dell&#8217;eliambulanza partita da Pieve di Cadore hanno subito deciso per il trasporto a Treviso, senza passare per il San Martino di Belluno.<\/p>\n<p>&nbsp;<\/p>\n<hr \/>\n<p>&nbsp;<\/p>\n<p>&nbsp;<\/p>\n<blockquote>\n<h3>CADONO NEL BIGONTINA DOPO LA CENA<\/h3>\n<\/blockquote>\n<p><strong>CORTINA\u00a0<\/strong> L&#8217;auto perde aderenza e finisce nel ruscello. A bordo quattro ragazzi friulani. Danni all&#8217;auto, ma fortunatamente tutti ne sono usciti illesi.\u00a0 La Golf\u00a0 si \u00e8 capottata, ma non \u00e8 stato necessario l&#8217;intervento dei sanitari mentre sono intervenuti i vigili del fuoco. I giovani erano stati a una cena in compagnia e hanno fatto tardi. Quando sono rientrati stava nevicando e mentre viaggiavano in discesa in localit\u00e0 Pecol\u00a0 il conducente ha perso il controllo dell&#8217;auto.<\/p>\n<p>&nbsp;<\/p>\n<hr \/>\n<p>&nbsp;<\/p>\n<blockquote>\n<h3>NESSUN FERITO NELL&#8217;INCIDENTE DI IERI SERA A PONTE NELLE ALPI<\/h3>\n<\/blockquote>\n<p><strong>PONTE NELLE ALP<\/strong>I Incidente \u00a0tra un furgone e un&#8217;auto, all&#8217;altezza di Cadola ieri sera alle 20, Una Opel Corsa,\u00a0 per cause al vaglio della polizia stradale di Belluno \u00e8 entrata in collisione con un furgone. Non si sono registrati feriti, soltanto\u00a0 danni ai mezzi. Disagi alla viabilit\u00e0 per il senso unico alternato con i veicoli nel mezzo della carreggiata.<\/p>\n<p>&nbsp;<\/p>\n<hr \/>\n<p>&nbsp;<\/p>\n<p><span class=\"s1\"><b>METEO. STATO DI ATTENZIONE PER MALTEMPO IN VENETO TRA OGGI\u00a0 E DOMANI. PRE-ALLARME NELLE ZONE DEL PIAVE PEDEMONTANO<\/b><\/span><\/p>\n<p><strong><a class=\"dt-pswp-item\" href=\"https:\/\/www.radiopiu.net\/wordpress\/wp-content\/uploads\/2018\/08\/instabilita.jpg\" data-dt-img-description=\"\" data-large_image_width=\"1280\" data-large_image_height=\"768\"><img loading=\"lazy\" decoding=\"async\" class=\" wp-image-57488 alignleft\" src=\"https:\/\/www.radiopiu.net\/wordpress\/wp-content\/uploads\/2018\/08\/instabilita-300x180.jpg\" alt=\"\" width=\"145\" height=\"87\" srcset=\"https:\/\/www.radiopiu.net\/wordpress\/wp-content\/uploads\/2018\/08\/instabilita-300x180.jpg 300w, https:\/\/www.radiopiu.net\/wordpress\/wp-content\/uploads\/2018\/08\/instabilita-768x461.jpg 768w, https:\/\/www.radiopiu.net\/wordpress\/wp-content\/uploads\/2018\/08\/instabilita-1024x614.jpg 1024w, https:\/\/www.radiopiu.net\/wordpress\/wp-content\/uploads\/2018\/08\/instabilita.jpg 1280w\" sizes=\"auto, (max-width: 145px) 100vw, 145px\" \/><\/a>VENEZIA<\/strong> <span class=\"s1\">Il Centro funzionale decentrato della Protezione Civile del Veneto, in considerazione delle previsioni meteo, ha emesso un avviso di criticit\u00e0 idrogeologica ed idraulica per il maltempo che interesser\u00e0 nelle prossime ore le zone centro settentrionali, in particolare zone montane e pedemontane e soprattutto Prealpi centro orientali. <\/span><span class=\"s1\">Tra le ore centrali di oggi\u00a0 e quelle centrali di domani sono in arrivo precipitazioni estese e persistenti sulle zone centro-settentrionali, a tratti anche intense; quantitativi in genere abbondanti sulle zone montane e pedemontane, localmente molto abbondanti sulle Prealpi centro-orientali. Probabili nevicate anche consistenti sulle Dolomiti sopra i 1000 m. Rinforzo dei venti di scirocco sui rilievi, su costa\/pianura limitrofa e sulla pianura sud orientale, da nordest sulla pianura interna. <\/span><span class=\"s1\">Il possibile verificarsi di rovesci o temporali potrebbe creare disagi al sistema fognario e lungo la rete idrografica minore. Si segnala la possibilit\u00e0 d&#8217;innesco di fenomeni franosi superficiali sui versanti e la possibilit\u00e0 di innesco di colate rapide specie nelle zone di allertamento di Vene-H (bacino Idrografico Piave Pedemontano) e Vene-B (bacino Idrografico Alto Brenta-Bacchiglione-Alpone).\u00a0<\/span><\/p>\n<p>&nbsp;<\/p>\n<p>&nbsp;<\/p>\n<hr \/>\n<p>&nbsp;<\/p>\n<h3>NOVITA&#8217; DA SELLE DI GOSALDO? MACCHE&#8217;&#8230; SEMPRE ISOLAMENTO COMPLETO<\/h3>\n<p>GOSALDO<\/p>\n<p>DI GIANNI SANTOMASO<\/p>\n<audio class=\"wp-audio-shortcode\" id=\"audio-119802-2\" preload=\"none\" style=\"width: 100%;\" controls=\"controls\"><source type=\"audio\/mpeg\" src=\"https:\/\/www.radiopiu.net\/wordpress\/wp-content\/uploads\/2020\/03\/selle-isolati.mp3?_=2\" \/><a href=\"https:\/\/www.radiopiu.net\/wordpress\/wp-content\/uploads\/2020\/03\/selle-isolati.mp3\">https:\/\/www.radiopiu.net\/wordpress\/wp-content\/uploads\/2020\/03\/selle-isolati.mp3<\/a><\/audio>\n<p>&nbsp;<\/p>\n<h2><span style=\"color: #ff0000;\">ARCHIVIO RADIO PIU. NOVEMBRE 2019<\/span><\/h2>\n<blockquote class=\"wp-embedded-content\" data-secret=\"io5iHc0X4T\"><p><a href=\"https:\/\/www.radiopiu.net\/wordpress\/selle-irraggiungibile-per-qualsiasi-mezzo-il-sindaco-dalle-feste\/\">SELLE IRRAGGIUNGIBILE PER QUALSIASI MEZZO, IL SINDACO DALLE FESTE<\/a><\/p><\/blockquote>\n<p><iframe loading=\"lazy\" title=\"&#8220;SELLE IRRAGGIUNGIBILE PER QUALSIASI MEZZO, IL SINDACO DALLE FESTE&#8221; &#8212; Radio Pi\u00f9\" class=\"wp-embedded-content\" sandbox=\"allow-scripts\" security=\"restricted\" style=\"position: absolute; clip: rect(1px, 1px, 1px, 1px);\" src=\"https:\/\/www.radiopiu.net\/wordpress\/selle-irraggiungibile-per-qualsiasi-mezzo-il-sindaco-dalle-feste\/embed\/#?secret=io5iHc0X4T\" data-secret=\"io5iHc0X4T\" width=\"600\" height=\"338\" frameborder=\"0\" marginwidth=\"0\" marginheight=\"0\" scrolling=\"no\"><\/iframe><\/p>\n<p>&nbsp;<\/p>\n<p>&nbsp;<\/p>\n<p>&nbsp;<\/p>\n<p>&nbsp;<\/p>\n<hr \/>\n<h3><\/h3>\n<h2>NEVE ABBONDANTE ANCHE SUL NEVEGAL E SOLDI IN ARRIVO MA LA STAGIONE E&#8217; ANDATA<\/h2>\n<p><strong><a class=\"dt-pswp-item\" href=\"https:\/\/www.radiopiu.net\/wordpress\/wp-content\/uploads\/2019\/10\/paesaggio-innevato-dellalpe_del_nevegal.jpg\" data-dt-img-description=\"\" data-large_image_width=\"1024\" data-large_image_height=\"400\"><img loading=\"lazy\" decoding=\"async\" class=\"size-medium wp-image-104502 alignleft\" src=\"https:\/\/www.radiopiu.net\/wordpress\/wp-content\/uploads\/2019\/10\/paesaggio-innevato-dellalpe_del_nevegal-300x117.jpg\" alt=\"\" width=\"300\" height=\"117\" srcset=\"https:\/\/www.radiopiu.net\/wordpress\/wp-content\/uploads\/2019\/10\/paesaggio-innevato-dellalpe_del_nevegal-300x117.jpg 300w, https:\/\/www.radiopiu.net\/wordpress\/wp-content\/uploads\/2019\/10\/paesaggio-innevato-dellalpe_del_nevegal-768x300.jpg 768w, https:\/\/www.radiopiu.net\/wordpress\/wp-content\/uploads\/2019\/10\/paesaggio-innevato-dellalpe_del_nevegal.jpg 1024w\" sizes=\"auto, (max-width: 300px) 100vw, 300px\" \/><\/a>DI DAMIANO TORMEN<\/strong><\/p>\n<audio class=\"wp-audio-shortcode\" id=\"audio-119802-3\" preload=\"none\" style=\"width: 100%;\" controls=\"controls\"><source type=\"audio\/mpeg\" src=\"https:\/\/www.radiopiu.net\/wordpress\/wp-content\/uploads\/2020\/03\/damiano-nee.mp3?_=3\" \/><a href=\"https:\/\/www.radiopiu.net\/wordpress\/wp-content\/uploads\/2020\/03\/damiano-nee.mp3\">https:\/\/www.radiopiu.net\/wordpress\/wp-content\/uploads\/2020\/03\/damiano-nee.mp3<\/a><\/audio>\n<p>&nbsp;<\/p>\n<hr \/>\n<p>&nbsp;<\/p>\n<p>&nbsp;<\/p>\n<blockquote>\n<h3>IL SINDACO PAOLO PERENZIN SOLIDALE CON I PROPRIETARI DEL BAR VECCHIO E NUOVO BRUCIATO VENERDI<\/h3>\n<\/blockquote>\n<p><strong>FELTRE<\/strong> Il sindaco Paolo Perenzin interviene dopo l&#8217;incendio dell&#8217;altro giorno che ha portato all&#8217;evacuazione dell&#8217;abitazione di via Fusinato, comprese le due attivit\u00e0 commerciali di Bar e Parrucchiera.<\/p>\n<p><span style=\"color: #ff0000;\">foto, NICO.<\/span><\/p>\n<blockquote>\n<h3>\u201cEsprimo a Tatiana, ai suoi familiari e al suo staff, la vicinanza e la solidariet\u00e0 mia personale, dell\u2019Amminiistrazione e di tutta la cittadinanza. La famiglia Barcherini si \u00e8 fatta apprezzare da molti anni (come non ricordare il compianto pap\u00e0 Giuliano) per la sua empatia, la disponibilit\u00e0 e la dinamicit\u00e0 imprenditoriale, non solo nella frazione di Foen, ma in tutta la citt\u00e0. Sono certo che lo spirito che anima Tatiana e le sue collaboratrici sapr\u00e0 risollevarle, dopo un comprensibile momento di sconforto, pi\u00f9 forti e propositive di prima. L\u2019augurio di tutti \u00e8 che il \u201cVecchio e Nuovo\u201d, come l\u2019altra attivit\u00e0 commerciale ospitata nello stabile colpito dall\u2019incendio di ieri, possano riaprire i battenti quanto prima!\u201d.<\/h3>\n<p><a class=\"dt-pswp-item\" href=\"https:\/\/www.radiopiu.net\/wordpress\/wp-content\/uploads\/2020\/03\/WhatsApp-Image-2020-02-29-at-18.50.18.jpeg\" data-dt-img-description=\"\" data-large_image_width=\"1600\" data-large_image_height=\"900\"><img loading=\"lazy\" decoding=\"async\" class=\"alignnone wp-image-119780 size-large\" src=\"https:\/\/www.radiopiu.net\/wordpress\/wp-content\/uploads\/2020\/03\/WhatsApp-Image-2020-02-29-at-18.50.18-1024x576.jpeg\" alt=\"\" width=\"1024\" height=\"576\" srcset=\"https:\/\/www.radiopiu.net\/wordpress\/wp-content\/uploads\/2020\/03\/WhatsApp-Image-2020-02-29-at-18.50.18-1024x576.jpeg 1024w, https:\/\/www.radiopiu.net\/wordpress\/wp-content\/uploads\/2020\/03\/WhatsApp-Image-2020-02-29-at-18.50.18-300x169.jpeg 300w, https:\/\/www.radiopiu.net\/wordpress\/wp-content\/uploads\/2020\/03\/WhatsApp-Image-2020-02-29-at-18.50.18-768x432.jpeg 768w, https:\/\/www.radiopiu.net\/wordpress\/wp-content\/uploads\/2020\/03\/WhatsApp-Image-2020-02-29-at-18.50.18-1536x864.jpeg 1536w, https:\/\/www.radiopiu.net\/wordpress\/wp-content\/uploads\/2020\/03\/WhatsApp-Image-2020-02-29-at-18.50.18.jpeg 1600w\" sizes=\"auto, (max-width: 1024px) 100vw, 1024px\" \/><\/a><\/p><\/blockquote>\n<p>&nbsp;<\/p>\n<p>&nbsp;<\/p>\n<hr \/>\n<p>&nbsp;<\/p>\n<blockquote>\n<h3>A BELLUNO INSTALLATI 60 DISPENSER CON DISINFETTANTI PER LE MANI<\/h3>\n<\/blockquote>\n<p class=\"p1\"><span class=\"s1\"><a class=\"dt-pswp-item\" href=\"https:\/\/www.radiopiu.net\/wordpress\/wp-content\/uploads\/2020\/02\/Dispenser-scale-mobili-1.jpg\" data-dt-img-description=\"\" data-large_image_width=\"1200\" data-large_image_height=\"1599\"><img loading=\"lazy\" decoding=\"async\" class=\"size-medium wp-image-119745 alignleft\" src=\"https:\/\/www.radiopiu.net\/wordpress\/wp-content\/uploads\/2020\/02\/Dispenser-scale-mobili-1-225x300.jpg\" alt=\"\" width=\"225\" height=\"300\" srcset=\"https:\/\/www.radiopiu.net\/wordpress\/wp-content\/uploads\/2020\/02\/Dispenser-scale-mobili-1-225x300.jpg 225w, https:\/\/www.radiopiu.net\/wordpress\/wp-content\/uploads\/2020\/02\/Dispenser-scale-mobili-1-768x1023.jpg 768w, https:\/\/www.radiopiu.net\/wordpress\/wp-content\/uploads\/2020\/02\/Dispenser-scale-mobili-1-1153x1536.jpg 1153w, https:\/\/www.radiopiu.net\/wordpress\/wp-content\/uploads\/2020\/02\/Dispenser-scale-mobili-1.jpg 1200w\" sizes=\"auto, (max-width: 225px) 100vw, 225px\" \/><\/a><strong>BELLUNO<\/strong> \u00c8 iniziata questa mattina l&#8217;installazione, da parte degli uomini della Protezione Civile Comunale, dei primi 60 dispenser contenenti gel disinfettante posizionati all&#8217;interno degli uffici pubblici comunali e nei luoghi di frequente passaggio.<a class=\"dt-pswp-item\" href=\"https:\/\/www.radiopiu.net\/wordpress\/wp-content\/uploads\/2020\/02\/Dispenser-scale-mobili-2.jpg\" data-dt-img-description=\"\" data-large_image_width=\"1200\" data-large_image_height=\"855\"><img loading=\"lazy\" decoding=\"async\" class=\"size-medium wp-image-119744 alignright\" src=\"https:\/\/www.radiopiu.net\/wordpress\/wp-content\/uploads\/2020\/02\/Dispenser-scale-mobili-2-300x214.jpg\" alt=\"\" width=\"300\" height=\"214\" srcset=\"https:\/\/www.radiopiu.net\/wordpress\/wp-content\/uploads\/2020\/02\/Dispenser-scale-mobili-2-300x214.jpg 300w, https:\/\/www.radiopiu.net\/wordpress\/wp-content\/uploads\/2020\/02\/Dispenser-scale-mobili-2-1024x730.jpg 1024w, https:\/\/www.radiopiu.net\/wordpress\/wp-content\/uploads\/2020\/02\/Dispenser-scale-mobili-2-768x547.jpg 768w, https:\/\/www.radiopiu.net\/wordpress\/wp-content\/uploads\/2020\/02\/Dispenser-scale-mobili-2.jpg 1200w\" sizes=\"auto, (max-width: 300px) 100vw, 300px\" \/><\/a><\/span><\/p>\n<p class=\"p1\"><span class=\"s1\">Il primo luogo di intervento \u00e8 stata la scala mobile di Lambioi, con quattro dispenser installati a inizio e fine rampe e nei due pianerottoli intermedi, per poi passare all&#8217;ecosportello Bellunum in Via Feltre, alla piscina e allo Spes Arena; oggi e luned\u00ec si proseguir\u00e0 poi con il posizionamento nei restanti impianti sportivi, nei luoghi della cultura, negli uffici comunali aperti al pubblico e anche nei backoffice comunali. <\/span><span class=\"s1\">Tutti i dispenser sono accompagnati da un cartello in cinque lingue (italiano, inglese, tedesco, spagnolo e francese) che invita i cittadini ad utilizzare il gel disinfettante. <\/span><span class=\"s1\">Va ricordato inoltre che il corrimano delle scale mobili viene sanificato quotidianamente con alcol e\/o detergenti espressamente consigliati per contrastare il Coronavirus.<\/span><\/p>\n<p>&nbsp;<\/p>\n<div id=\"fb-root\"><\/div>\n<p><script async=\"1\" defer=\"1\" crossorigin=\"anonymous\" src=\"https:\/\/connect.facebook.net\/it_IT\/sdk.js#xfbml=1&amp;version=v6.0\"><\/script><\/p>\n<div class=\"fb-video\" data-href=\"https:\/\/www.facebook.com\/massarosindaco\/videos\/2763553530400070\/\" data-width=\"1200\">\n<blockquote cite=\"https:\/\/www.facebook.com\/massarosindaco\/videos\/2763553530400070\/\" class=\"fb-xfbml-parse-ignore\"><p><a href=\"https:\/\/www.facebook.com\/massarosindaco\/videos\/2763553530400070\/\">Coronavirus &#8211; Aggiornamento 17.45 del 29\/02\/2020<\/a><\/p>\n<p>ATTENZIONE!Questo post NON \u00e8 aggiornato. Puoi trovare  l&#039;ultimo aggiornamento qui:https:\/\/m.facebook.com\/story.php?story_fbid=3064233863621453&amp;id=352604201451113+++ Coronavirus: prime nuove disposizioni ++++++ Lezioni scolastiche sospese fino all&#039;otto marzo +++Sabato 29\/02\/2020 &#8211; ore 17:45Buonasera a tutti,per tutto il giorno mi hanno contattato centinaia di persone: presidi, insegnanti e mamme preoccupate perch\u00e9 non avevano informazioni sulla riapertura o meno delle scuole, ma anche operatori del teatro e della cultura che non sanno cosa devono o possono fare.Come sapete, io cerco di non commentare indiscrezioni o ipotesi, ma cerco di dare soltanto le notizie certe: avendo un ruolo di protezione civile, lascio i commenti ad altri e cerco di dare indicazioni puntuali alla popolazione.LA GIORNATA DI OGGIDa stamattina fino a poco fa si \u00e8 svolta una lunga videoconferenza del Governo con i Presidenti delle Regioni ed altri rappresentanti degli enti territoriali e del mondo scientifico. Sono arrivati ad alcune conclusioni che saranno riversate in un documento (ordinanza o DPCM) di cui ancora non abbiamo il testo e che dovrebbe arrivarci questa sera oppure domani mattina.Tuttavia, abbiamo alcune notizie adesso UFFICIALI che possiamo darvi:1) le attivit\u00e0 didattiche delle scuole saranno SOSPESE fino al 8 marzo. Ci\u00f2 significa che il PERSONALE delle scuole andr\u00e0 al lavoro regolarmente luned\u00ec, ma le lezioni non si terranno, per cui bambini e ragazzi staranno a casa;2) allo stato attuale, nel Bellunese sono stati effettuati 50 tamponi che sono risultati tutti negativi. Solo in un caso \u00e8 stata riscontrata una positivit\u00e0 che per\u00f2 \u00e8 attualmente ancora in attesa di conferma da parte dell&#039;istituto Superiore di Sanit\u00e0. D&#039;altronde sembrava un po&#039; strano che solo il Bellunese fosse totalmente indenne!3) il Comune di Belluno questa mattina ha iniziato il posizionamento dei primi 60 dispenser di soluzione idroalcolica per disinfettarsi le mani.Per ora sono stati posizionati nei seguenti luoghi:- alla Spes Arena;- Ecosportello;- piscina;- mensa dei poveri;- scale mobili (il cui corrimano vi ricordo che viene gi\u00e0 disinfettato pi\u00f9 volte al giorno).Nei prossimi giorni continueremo il posizionamento dei dispenser anche presso tutti gli uffici pubblici del Comune di Belluno, nei luoghi della Cultura e dello sport e presso vari altri luoghi di potenziale affollamento.Mi permetto di ricordare che questa misura non ci \u00e8 stata Imposta, ma \u00e8 una scelta del nostro Comune, che intende innalzare lo standard igienico-sanitario dei luoghi della nostra Comunit\u00e0. D&#039;altronde, se vogliamo rassicurare i nostri turisti e i nostri visitatori, dobbiamo anche dimostrare che noi qui siamo attenti e severi.DUE APPELLIMi permetto di rivolgere due appelli:- a tutte le famiglie, affinch\u00e9 stringano i denti. So bene quante difficolt\u00e0 organizzative si attraversino quando le scuole sono chiuse. Ma non possiamo fare diversamente ed \u00e8 bene che andiamo avanti cos\u00ec;- a tutti i datori di lavoro, affinch\u00e9 siano collaborativi e comprensivi nei confronti dei propri lavoratori che in questo periodo avranno difficolt\u00e0 di gestione familiare non certo a loro ascrivibili.RACCOMANDAZIONIVi ricordo di:- attenervi scrupolosamente alle misure igienico-sanitarie che ci sono state consigliate (le ritrovate qui sotto);- distinguere sempre tra le informazioni ufficiali (da attingere sempre ed esclusivamente presso fonti ufficiali) e informazioni non ufficiali.AGGIORNAMENTI:Effettuer\u00f2 il prossimo aggiornamento appena disporr\u00f2 della nuove disposizioni, presumibilmente stasera o domani mattina.Buona serata, Jacopo Massaro++++++++++++++++++++++++COSA FARE:Oggi sono un grande rischio la DISINFORMAZIONE e i comportamenti STUPIDI o superficiali: se siete spaventati o avete a cuore la vostra salute, allora:1) tenetevi informati ESCLUSIVAMENTE attraverso i canali ufficiali (Ministero della Salute, Regione Veneto, Comune di Belluno, questa pagina, etc.).2) non alimentate panico o confusione, ma fate quello che vi viene richiesto o consigliato. In particolare, non condividete informazioni che non arrivano dai canali ufficiali e evitate di diffondere le vostre interpretazioni o opinioni, che talora potrebbero erroneamente essere scambiate per informazioni ufficiali creando confusione.3) attenetevi scrupolosamente ai consigli contenuti:- in questo opuscolo del Ministero della salute: http:\/\/bit.ly\/2T61g6b- al video della Regione Veneto: http:\/\/bit.ly\/2T9OnZ14) adottate comportamenti di buon senso:- copritevi la bocca e il naso se starnutite o tossite (meglio se vi coprite con l&#039;incavo del gomito);- lavatevi spesso e bene le mani;- non sputate per terra (tra l&#039;altro, che schifo!!);- non lasciate in giro i vostri fazzoletti, ma buttateli correttamente nella spazzatura.- non recatevi in ospedale per trovare amici e parenti se non strettamente necessario, ed evitate il Pronto Soccorso per sintomi non gravi e gestibili diversamente;- se avete sintomi di malattia respiratoria restate a casa e contattate il vostro Medico, che valuter\u00e0 il da farsi;- evitate di stare a contatto con sintomi respiratori acuti;- non prendete MAI antivirali ed antibiotici a meno che non ve lo prescriva il medico (rischiate di fare peggio!);- pulite le superfici con prodotti a base di alcol o cloro;Insomma, fate le normali cose di buon senso e che andrebbero fatte in un paese civile.5) se siete stati in Cina o a contatto con qualcuno contagiato e avete sintomi respiratori o febbre, contattate telefonicamente il numero verde del Ministero della Salute: 1500. Anche la Regione Veneto ha attivato un numero verde per assistere e informare i cittadini: 800 &#8211; 462340+++++++++++RICORDIAMOCI CHE:a) i prodotti &quot;Made in China&quot; e i pacchi ricevuti dalla Cina NON sono pericolosi;b) gli animali da compagnia NON diffondono il coronavirus;c) le mascherine &quot;chirurgiche&quot; (quelle con la velina che si mette davanti alla bocca e al naso che si vede in ospedale o dal dentista) servono a chi \u00e8 gi\u00e0 contagiato per non contagiare gli altri, ma NON proteggono le persone sane dalla infezione! Per evitarla, occorrono maschere diverse e pi\u00f9 specifiche (quelle con le bocchette a lato) che gli operatori sanitari usano in determinate situazioni. Dunque, seguiamo anche qui le indicazioni del Ministero, che \u00e8 meglio.QUALCHE CONSIDERAZIONE:Vedo tanta paura per questa influenza &quot;cinese&quot;. Facciamo bene ad adottare attenzione e precauzioni, ma dovremmo ricordarci che ogni anno muoiono migliaia di persone (soprattutto anziani, persone in precario stato di salute, etc.), anche in Italia, per la normale influenza stagionale.Dovremmo preoccuparci anche di quella, per esempio vaccinandoci (io l&#039;ho fatto).Ah, e magari, gi\u00e0 che ci siamo, se ci teniamo alla salute smettiamo anche di fumare (non c&#039;entra molto col coronavirus, ma miglioreremmo molto il nostro stato di salute).<\/p>\n<p>Pubblicato da <a href=\"https:\/\/www.facebook.com\/massarosindaco\/\">Jacopo Massaro Sindaco di Belluno<\/a> su Sabato 29 febbraio 2020<\/p><\/blockquote>\n<\/div>\n<p>&nbsp;<\/p>\n<p>&nbsp;<\/p>\n<hr \/>\n<blockquote>\n<h3><\/h3>\n<h3><\/h3>\n<h3>CONTINUA LA SOSPENSIONE DELL\u2019UNIVERSITA\u2019 ADULTI\/ANZIANI DI BELLUNO<\/h3>\n<\/blockquote>\n<p><span class=\"s1\"><b>BELLUNO<\/b> Rimangono sospese tutte le attivit\u00e0 dell\u2019Universit\u00e0 Adulti\/Anziani di Belluno. Ad annunciarlo il Presidente Don Attilio Menia Cadore che dopo essersi confrontato con gli organi competenti ha inviato alle 13 sezioni provinciali il seguente comunicato. <\/span><span class=\"s1\"><i><a class=\"dt-pswp-item\" href=\"https:\/\/www.radiopiu.net\/wordpress\/wp-content\/uploads\/2020\/02\/Don-Attilio-Menia-Cadore.jpg\" data-dt-img-description=\"\" data-large_image_width=\"1002\" data-large_image_height=\"576\"><img loading=\"lazy\" decoding=\"async\" class=\" wp-image-119765 alignleft\" src=\"https:\/\/www.radiopiu.net\/wordpress\/wp-content\/uploads\/2020\/02\/Don-Attilio-Menia-Cadore-300x172.jpg\" alt=\"\" width=\"134\" height=\"77\" srcset=\"https:\/\/www.radiopiu.net\/wordpress\/wp-content\/uploads\/2020\/02\/Don-Attilio-Menia-Cadore-300x172.jpg 300w, https:\/\/www.radiopiu.net\/wordpress\/wp-content\/uploads\/2020\/02\/Don-Attilio-Menia-Cadore-768x441.jpg 768w, https:\/\/www.radiopiu.net\/wordpress\/wp-content\/uploads\/2020\/02\/Don-Attilio-Menia-Cadore.jpg 1002w\" sizes=\"auto, (max-width: 134px) 100vw, 134px\" \/><\/a>&#8220;Dopo aver ricevuto richieste da diversi Coordinatori, ho interrogato dapprima alcuni medici e poi gli addetti in modo specifico al presidio della Ulss 1 di Belluno per quanto riguarda il pericolo di contagio del coronavirus. <\/i><\/span><i>Tutti, in modo deciso la Ulss, mi hanno raccomandato vivamente di mantenere la sospensione delle attivit\u00e0 della UAA: lezioni, visite guidate, seminari, laboratori&#8230; perch\u00e8 i nostri studenti sono soggetti deboli, particolarmente a rischio di contagio. <\/i><span class=\"s1\"><i>Pertanto noi non riprenderemo l&#8217;attivit\u00e0 fino a nuove disposizioni telefoniche e tramite e-mail della Presidenza della Universit\u00e0 degli Adulti\/Anziani di Belluno, che avr\u00e0 cura di mantenere il consulto del presidio sanitario provinciale competente&#8221;.<\/i><\/span><\/p>\n<p>&nbsp;<\/p>\n<p>&nbsp;<\/p>\n<hr \/>\n<p>&nbsp;<\/p>\n<blockquote>\n<h2><span style=\"color: #ff0000;\">ALLA RADIO\u00a0<\/span><\/h2>\n<h3><a class=\"dt-pswp-item\" href=\"https:\/\/www.radiopiu.net\/wordpress\/wp-content\/uploads\/2019\/11\/favretti.jpeg\" data-dt-img-description=\"\" data-large_image_width=\"1599\" data-large_image_height=\"799\"><img loading=\"lazy\" decoding=\"async\" class=\"size-medium wp-image-104885 alignleft\" src=\"https:\/\/www.radiopiu.net\/wordpress\/wp-content\/uploads\/2019\/11\/favretti-300x150.jpeg\" alt=\"\" width=\"300\" height=\"150\" srcset=\"https:\/\/www.radiopiu.net\/wordpress\/wp-content\/uploads\/2019\/11\/favretti-300x150.jpeg 300w, https:\/\/www.radiopiu.net\/wordpress\/wp-content\/uploads\/2019\/11\/favretti-768x384.jpeg 768w, https:\/\/www.radiopiu.net\/wordpress\/wp-content\/uploads\/2019\/11\/favretti-1024x512.jpeg 1024w, https:\/\/www.radiopiu.net\/wordpress\/wp-content\/uploads\/2019\/11\/favretti.jpeg 1599w\" sizes=\"auto, (max-width: 300px) 100vw, 300px\" \/><\/a><\/h3>\n<h3>DALLA RASSEGNA STAMPA DA L&#8217;AMICO DEL POPOLO, DI GIANNI SANTOMASO. OSPITE L&#8217;ASSESSORE AI LAVORI PUBBLICI GIULIO FAVRETTI<\/h3>\n<\/blockquote>\n<p>&nbsp;<\/p>\n<p><strong>AGORDO<\/strong><\/p>\n<audio class=\"wp-audio-shortcode\" id=\"audio-119802-4\" preload=\"none\" style=\"width: 100%;\" controls=\"controls\"><source type=\"audio\/mpeg\" src=\"https:\/\/www.radiopiu.net\/wordpress\/wp-content\/uploads\/2020\/01\/RASSEGNA-GIANNI-5.mp3?_=4\" \/><a href=\"https:\/\/www.radiopiu.net\/wordpress\/wp-content\/uploads\/2020\/01\/RASSEGNA-GIANNI-5.mp3\">https:\/\/www.radiopiu.net\/wordpress\/wp-content\/uploads\/2020\/01\/RASSEGNA-GIANNI-5.mp3<\/a><\/audio>\n<p>&nbsp;<\/p>\n<p>&nbsp;<\/p>\n<hr \/>\n<p>&nbsp;<\/p>\n<h2><span style=\"color: #ff0000;\">CGIA MESTRE 1<\/span><\/h2>\n<blockquote class=\"wp-embedded-content\" data-secret=\"AMjf1dP777\"><p><a href=\"https:\/\/www.radiopiu.net\/wordpress\/coronavirus-36-miliardi-sono-insufficienti-lombardia-e-veneto-non-sono-il-lazzaretto-deuropa\/\">CORONAVIRUS: 3,6 MILIARDI SONO INSUFFICIENTI. LOMBARDIA E VENETO NON SONO IL LAZZARETTO D\u2019EUROPA<\/a><\/p><\/blockquote>\n<p><iframe loading=\"lazy\" title=\"&#8220;CORONAVIRUS: 3,6 MILIARDI SONO INSUFFICIENTI. LOMBARDIA E VENETO NON SONO IL LAZZARETTO D\u2019EUROPA&#8221; &#8212; Radio Pi\u00f9\" class=\"wp-embedded-content\" sandbox=\"allow-scripts\" security=\"restricted\" style=\"position: absolute; clip: rect(1px, 1px, 1px, 1px);\" src=\"https:\/\/www.radiopiu.net\/wordpress\/coronavirus-36-miliardi-sono-insufficienti-lombardia-e-veneto-non-sono-il-lazzaretto-deuropa\/embed\/#?secret=AMjf1dP777\" data-secret=\"AMjf1dP777\" width=\"600\" height=\"338\" frameborder=\"0\" marginwidth=\"0\" marginheight=\"0\" scrolling=\"no\"><\/iframe><\/p>\n<p>&nbsp;<\/p>\n<h2><span style=\"color: #ff0000;\">CGIA MESTRE 2<\/span><\/h2>\n<blockquote class=\"wp-embedded-content\" data-secret=\"7j5r4pqhrS\"><p><a href=\"https:\/\/www.radiopiu.net\/wordpress\/coronavirus-meta-delleconomia-nazionale-e-del-gettito-fiscale-e-prodotta-al-nord\/\">CORONAVIRUS: META\u2019 DELL\u2019ECONOMIA NAZIONALE E DEL GETTITO FISCALE E\u2019 PRODOTTA AL NORD<\/a><\/p><\/blockquote>\n<p><iframe loading=\"lazy\" title=\"&#8220;CORONAVIRUS: META\u2019 DELL\u2019ECONOMIA NAZIONALE E DEL GETTITO FISCALE E\u2019 PRODOTTA AL NORD&#8221; &#8212; Radio Pi\u00f9\" class=\"wp-embedded-content\" sandbox=\"allow-scripts\" security=\"restricted\" style=\"position: absolute; clip: rect(1px, 1px, 1px, 1px);\" src=\"https:\/\/www.radiopiu.net\/wordpress\/coronavirus-meta-delleconomia-nazionale-e-del-gettito-fiscale-e-prodotta-al-nord\/embed\/#?secret=7j5r4pqhrS\" data-secret=\"7j5r4pqhrS\" width=\"600\" height=\"338\" frameborder=\"0\" marginwidth=\"0\" marginheight=\"0\" scrolling=\"no\"><\/iframe><\/p>\n<p>&nbsp;<\/p>\n<p>&nbsp;<\/p>\n<hr \/>\n<p>&nbsp;<\/p>\n<blockquote>\n<h3>QUESTA SERA\u00a0 CONSIGLIO DELL&#8217;UNIONE MONTANA<\/h3>\n<\/blockquote>\n<p><strong><a class=\"dt-pswp-item\" href=\"https:\/\/www.radiopiu.net\/wordpress\/wp-content\/uploads\/2018\/12\/WhatsApp-Image-2018-12-05-at-04.50.34.jpeg\" data-dt-img-description=\"\" data-large_image_width=\"1599\" data-large_image_height=\"1200\"><img loading=\"lazy\" decoding=\"async\" class=\"wp-image-68346 alignleft\" src=\"https:\/\/www.radiopiu.net\/wordpress\/wp-content\/uploads\/2018\/12\/WhatsApp-Image-2018-12-05-at-04.50.34-300x225.jpeg\" alt=\"\" width=\"129\" height=\"97\" srcset=\"https:\/\/www.radiopiu.net\/wordpress\/wp-content\/uploads\/2018\/12\/WhatsApp-Image-2018-12-05-at-04.50.34-300x225.jpeg 300w, https:\/\/www.radiopiu.net\/wordpress\/wp-content\/uploads\/2018\/12\/WhatsApp-Image-2018-12-05-at-04.50.34-768x576.jpeg 768w, https:\/\/www.radiopiu.net\/wordpress\/wp-content\/uploads\/2018\/12\/WhatsApp-Image-2018-12-05-at-04.50.34-1024x768.jpeg 1024w, https:\/\/www.radiopiu.net\/wordpress\/wp-content\/uploads\/2018\/12\/WhatsApp-Image-2018-12-05-at-04.50.34.jpeg 1599w\" sizes=\"auto, (max-width: 129px) 100vw, 129px\" \/><\/a>AGORDO<\/strong> Questa sera alle 20 consiglio dell&#8217;Unione Montana in sala Don Tamis. All&#8217;ordine del giorno: approvazione convenzione con la Provincia per gli interventi di difesa idrogeologica; approvazione documento unico di programmazione; approvazione del bilancio di previsione;\u00a0 approvazione della convenzione per la centrale unica di commettenza e per le funzioni RUP; aggiornamento elenco strade silvo pastorali.<\/p>\n<p>&nbsp;<\/p>\n<p>&nbsp;<\/p>\n<hr \/>\n<h1><\/h1>\n<h1><\/h1>\n<h1>MANCA POCO&#8230;<\/h1>\n<p><a class=\"dt-pswp-item\" href=\"https:\/\/www.radiopiu.net\/wordpress\/wp-content\/uploads\/2020\/02\/f69fd3cb-d00a-4259-840c-948270058d40.jpg\" data-dt-img-description=\"\" data-large_image_width=\"681\" data-large_image_height=\"980\"><img loading=\"lazy\" decoding=\"async\" class=\"alignnone size-medium wp-image-119724\" src=\"https:\/\/www.radiopiu.net\/wordpress\/wp-content\/uploads\/2020\/02\/f69fd3cb-d00a-4259-840c-948270058d40-208x300.jpg\" alt=\"\" width=\"208\" height=\"300\" srcset=\"https:\/\/www.radiopiu.net\/wordpress\/wp-content\/uploads\/2020\/02\/f69fd3cb-d00a-4259-840c-948270058d40-208x300.jpg 208w, https:\/\/www.radiopiu.net\/wordpress\/wp-content\/uploads\/2020\/02\/f69fd3cb-d00a-4259-840c-948270058d40.jpg 681w\" sizes=\"auto, (max-width: 208px) 100vw, 208px\" \/><\/a><\/p>\n<p>&nbsp;<\/p>\n<p>&nbsp;<\/p>\n<hr \/>\n<p>&nbsp;<\/p>\n<blockquote>\n<h3>BRUSA LA VECIA, INIZIA IL CONTO ALLA ROVESCIA MENTRE IL &#8220;GIGANTE&#8221; OSSERVA<\/h3>\n<\/blockquote>\n<p>&nbsp;<\/p>\n<p><strong>BORGO VALBELLUNA<\/strong> Da sabato 14 marzo a sabato 21 festa di met\u00e0 quaresima, concorso a carattere pirotecnico fra le contrade del Comune ispirato al tema tradizionale del Brusa la Vecia. Sabato 14 dalle 9.30 alle 17 mostra mercato dell&#8217;antiquariato e cose vecchie &#8220;La roba de na olta&#8221;. 18.15 in piazza a Trichiana &#8220;La vecia che camina de not&#8221; e serata con Human Jukebox. Sabato 21 alle 20.15 rogo dele vece con la sfida tra frazioni: Carfagnoi, Morgan, S. Antonio (I Tortalati) e Trichiana. Serata con Dj Bonvi.<\/p>\n<p>&nbsp;<\/p>\n<p><a class=\"dt-pswp-item\" href=\"https:\/\/www.radiopiu.net\/wordpress\/wp-content\/uploads\/2020\/03\/6354316f-66f1-4c7d-8fa9-16d85631ce0d.jpg\" data-dt-img-description=\"\" data-large_image_width=\"738\" data-large_image_height=\"1599\"><img loading=\"lazy\" decoding=\"async\" class=\"alignnone size-medium wp-image-119868\" src=\"https:\/\/www.radiopiu.net\/wordpress\/wp-content\/uploads\/2020\/03\/6354316f-66f1-4c7d-8fa9-16d85631ce0d-138x300.jpg\" alt=\"\" width=\"138\" height=\"300\" srcset=\"https:\/\/www.radiopiu.net\/wordpress\/wp-content\/uploads\/2020\/03\/6354316f-66f1-4c7d-8fa9-16d85631ce0d-138x300.jpg 138w, https:\/\/www.radiopiu.net\/wordpress\/wp-content\/uploads\/2020\/03\/6354316f-66f1-4c7d-8fa9-16d85631ce0d-473x1024.jpg 473w, https:\/\/www.radiopiu.net\/wordpress\/wp-content\/uploads\/2020\/03\/6354316f-66f1-4c7d-8fa9-16d85631ce0d-709x1536.jpg 709w, https:\/\/www.radiopiu.net\/wordpress\/wp-content\/uploads\/2020\/03\/6354316f-66f1-4c7d-8fa9-16d85631ce0d.jpg 738w\" sizes=\"auto, (max-width: 138px) 100vw, 138px\" \/><\/a><a class=\"dt-pswp-item\" href=\"https:\/\/www.radiopiu.net\/wordpress\/wp-content\/uploads\/2020\/03\/88cf3d0f-85cb-4c15-b279-404a2d6f6d75.jpg\" data-dt-img-description=\"\" data-large_image_width=\"900\" data-large_image_height=\"1600\"><img loading=\"lazy\" decoding=\"async\" class=\"alignnone size-medium wp-image-119869\" src=\"https:\/\/www.radiopiu.net\/wordpress\/wp-content\/uploads\/2020\/03\/88cf3d0f-85cb-4c15-b279-404a2d6f6d75-169x300.jpg\" alt=\"\" width=\"169\" height=\"300\" srcset=\"https:\/\/www.radiopiu.net\/wordpress\/wp-content\/uploads\/2020\/03\/88cf3d0f-85cb-4c15-b279-404a2d6f6d75-169x300.jpg 169w, https:\/\/www.radiopiu.net\/wordpress\/wp-content\/uploads\/2020\/03\/88cf3d0f-85cb-4c15-b279-404a2d6f6d75-576x1024.jpg 576w, https:\/\/www.radiopiu.net\/wordpress\/wp-content\/uploads\/2020\/03\/88cf3d0f-85cb-4c15-b279-404a2d6f6d75-768x1365.jpg 768w, https:\/\/www.radiopiu.net\/wordpress\/wp-content\/uploads\/2020\/03\/88cf3d0f-85cb-4c15-b279-404a2d6f6d75-864x1536.jpg 864w, https:\/\/www.radiopiu.net\/wordpress\/wp-content\/uploads\/2020\/03\/88cf3d0f-85cb-4c15-b279-404a2d6f6d75.jpg 900w\" sizes=\"auto, (max-width: 169px) 100vw, 169px\" \/><\/a><\/p>\n<p>&nbsp;<\/p>\n<p>Intanto Il gigante delle Dolomiti \u00e8\u00a0 a Trichiana. Collocato vicino alle casette del brul\u00e8 in piazza dei Martiri a Belluno durante lo scorso periodo natalizio, l&#8217;imponente opera in legno di Mauro Lampo Olivotto, \u00e8 stata spostata venerd\u00ec al centro di piazza Merlin, pronta ad osservare i passanti dall&#8217;alto dei suoi quattro metri e ottanta centimetri d&#8217;altezza<\/p>\n<p>&nbsp;<\/p>\n<hr \/>\n<p>&nbsp;<\/p>\n<p>&nbsp;<\/p>\n<p><strong>BELLUNO<\/strong> Corso di canto Gregoriano organizzato dall&#8217;Asac in collaborazione con La diocesi di Bellno-Feltre. Il corso, tenuto dal M\u00b0 Sandro Bergamo, si svolger\u00e0 in tre fine settimana del 2020: 21\/22 marzo &#8211; 16\/17 maggio &#8211; 21\/22 novembre (sabato e domenica pomeriggio, dalle ore 15.00 alle ore 18.00) presso il seminario di Belluno (via San Pietro, 19). Al termine di ogni fine settimana ci sar\u00e0 l\u2019esecuzione in liturgia della messa vespertina della domenica, alle ore 18.30 in cattedrale di Belluno. Iscrizioni entro il 16 marzo 2020.\u00a0 Per informazioni 340.5628418<\/p>\n<p>&nbsp;<\/p>\n<p>&nbsp;<\/p>\n<p>&nbsp;<\/p>\n<hr \/>\n<p>&nbsp;<\/p>\n<h2>I RACCONTI DI PAOLO SOPPELSA, DODICESIMA PUNTATA<\/h2>\n<blockquote>\n<h3><strong>LA CASA DEI SILENZI<\/strong><\/h3>\n<\/blockquote>\n<p><strong>AUDIO\u00a0<\/strong><\/p>\n<p>&nbsp;<\/p>\n<audio class=\"wp-audio-shortcode\" id=\"audio-119802-5\" preload=\"none\" style=\"width: 100%;\" controls=\"controls\"><source type=\"audio\/mpeg\" src=\"https:\/\/www.radiopiu.net\/wordpress\/wp-content\/uploads\/2020\/03\/PAOLO-12.mp3?_=5\" \/><a href=\"https:\/\/www.radiopiu.net\/wordpress\/wp-content\/uploads\/2020\/03\/PAOLO-12.mp3\">https:\/\/www.radiopiu.net\/wordpress\/wp-content\/uploads\/2020\/03\/PAOLO-12.mp3<\/a><\/audio>\n<p>&nbsp;<\/p>\n<p><a class=\"dt-pswp-item\" href=\"https:\/\/www.radiopiu.net\/wordpress\/wp-content\/uploads\/2020\/03\/WhatsApp-Image-2020-03-01-at-18.03.54.jpeg\" data-dt-img-description=\"\" data-large_image_width=\"1080\" data-large_image_height=\"1440\"><img loading=\"lazy\" decoding=\"async\" class=\"size-medium wp-image-119846 alignleft\" src=\"https:\/\/www.radiopiu.net\/wordpress\/wp-content\/uploads\/2020\/03\/WhatsApp-Image-2020-03-01-at-18.03.54-225x300.jpeg\" alt=\"\" width=\"225\" height=\"300\" srcset=\"https:\/\/www.radiopiu.net\/wordpress\/wp-content\/uploads\/2020\/03\/WhatsApp-Image-2020-03-01-at-18.03.54-225x300.jpeg 225w, https:\/\/www.radiopiu.net\/wordpress\/wp-content\/uploads\/2020\/03\/WhatsApp-Image-2020-03-01-at-18.03.54-768x1024.jpeg 768w, https:\/\/www.radiopiu.net\/wordpress\/wp-content\/uploads\/2020\/03\/WhatsApp-Image-2020-03-01-at-18.03.54.jpeg 1080w\" sizes=\"auto, (max-width: 225px) 100vw, 225px\" \/><\/a><\/p>\n<p>Al km 21.070 la casa cantoniera taceva. Chiusa come sempre in un silenzio di pietra. Nulla trapelava da quei muri colorati di rosso. Il tempo in questo luogo si \u00e8 fermato al 1995. Lo testimoniano i segnali stradali un po&#8217; arrugginiti ed i cippi che recano la vecchia dicitura S.S. 203 Agordina. L&#8217;enigmatica cantoniera &#8220;dei Castei&#8221; \u00e8 la solitaria guardiana di questa strada affascinante e severa. L&#8217;ho scrutata a lungo e, come tante altre volte, nulla voleva raccontarmi. Poi mi sono seduto sugli scalini davanti alla porta d&#8217;ingresso. Ho chiuso gli occhi ed ho ascoltato il sibilare del vento e lo scorrere del Cordevole. Finalmente, dopo qualche minuto, la casa dei lunghi silenzi ha aperto una crepa nel suo ostinato tacere. E sono arrivati i ricordi di quegli inverni che erano davvero inverni. Narrava di quelle persone che la abitavano, schive e avezze alla solitudine di questi luoghi difficili. Delle loro vite &#8220;on the road&#8221;. Del loro essere un tutt&#8217;uno con la strada. &#8220;Le ricordi anche tu quelle sere d&#8217;inverno. Quando le luci fioche delle finestre ed il lampeggiante giallo dell&#8217;unimog parevano quasi un faro che indicava la via in quelle serate &#8220;de nef a straze&#8221;. Con i pali rossi e blu ai bordi della carreggiata che spuntavano appena dai cumuli di neve ghiacciata. Ed il Cordevole cantava una musica sommessa intervallata dal ringhio sordo delle &#8220;levine&#8221;.&#8221; Certo che mi ricordo. Mi affascinava questa strada che d&#8217;inverno esigeva grande rispetto. Come mi affascina ancora oggi, con la stessa intensit\u00e0 di allora. Ora il vento soffia forte, muove gli alberi e fa scricchiolare le costole. E&#8217; ora di ritornare alla civilt\u00e0. Ciao vecchia cantoniera. Ti lascio ai tuoi misteriosi silenzi. Torner\u00f2 presto. Come sempre.<\/p>\n<p>&nbsp;<\/p>\n<h1>RACCOLTA COMPLETA<\/h1>\n<blockquote class=\"wp-embedded-content\" data-secret=\"ogaGeWQY5B\"><p><a href=\"https:\/\/www.radiopiu.net\/wordpress\/i-racconti-di-paolo-soppelsa\/\">I racconti di Paolo Soppelsa<\/a><\/p><\/blockquote>\n<p><iframe loading=\"lazy\" title=\"&#8220;I racconti di Paolo Soppelsa&#8221; &#8212; Radio Pi\u00f9\" class=\"wp-embedded-content\" sandbox=\"allow-scripts\" security=\"restricted\" style=\"position: absolute; clip: rect(1px, 1px, 1px, 1px);\" src=\"https:\/\/www.radiopiu.net\/wordpress\/i-racconti-di-paolo-soppelsa\/embed\/#?secret=ogaGeWQY5B\" data-secret=\"ogaGeWQY5B\" width=\"600\" height=\"338\" frameborder=\"0\" marginwidth=\"0\" marginheight=\"0\" scrolling=\"no\"><\/iframe><\/p>\n<p>&nbsp;<\/p>\n<p>&nbsp;<\/p>\n<hr \/>\n<p>&nbsp;<\/p>\n<p>&nbsp;<\/p>\n<blockquote>\n<h2>F. FRESCURA, SCULTORE-INTAGLIATORE MANCATO A BELLUNO NOVANT\u2019ANNI FA di RENATO BONA<\/h2>\n<\/blockquote>\n<p><strong>BELLUNO\u00a0<\/strong> Suo fra l\u2019altro un progetto di terrazza-belvedere sul Piave con monumento ai Caduti, da realizzare nell\u2019attuale Piazza Castello L\u2019apprezzato estro editoriale (e non solo) di Bepi Pellegrinon di Falcade, della Nuovi Sentieri editori, ha portato nel 1978 alla stampa (in offset) per i tipi della bellunese tipografia Piave (fotografie d\u2019epoca di Angelo Simoni, coordinamento ed elaborazione grafica di Eronda) di un libro di Rina Frescura che sotto il titolo \u201cFrancesco Frescura scultore-intagliatore 1841-1930\u201d illustra la figura e l\u2019opera di suo padre a ricordo del quale &#8211; oltre alla dedica: \u201cHo il tuo sangue nelle vene e ti porto nel mio cuore\u201d &#8211; ha pure realizzato una miniatura su avorio che lo raffigura nella copertina. Francesco Frescura (al quale il Comune di Belluno ha intitolato una via: la terza diramazione della via Luigi Alpago Novello, verso il fiume Piave) era nato proprio a Belluno (nella casa di via Loreto, demolita nel 1956, nella quale ebbero i natali altri due autentici personaggi della cultura bellunese: il pittore Ippolito Caffi ed il pedagogista Aristide Gabelli) il 1. maggio 1841 e a Belluno \u00e8 deceduto novant\u2019anni fa, il 23 settembre 1930. Dopo aver frequentato l\u2019accademia di Belle arti modenese e lo studio degli scultori Costoli e Dupr\u00e8 a Firenze, fu volontario garibaldino e combatt\u00e8 a Bezzecca nel 1866. Lavor\u00f2 quindi per un paio d\u2019anni nella bottega veneziana di Besarel e prosegu\u00ec l\u2019attivit\u00e0 nel laboratorio che apr\u00ec a Belluno dove fu anche insegnante apprezzato di disegno e plastica nella Scuola di arti e mestieri, oltre che componente impegnato della Commissione d\u2019ornato e consigliere comunale (nel 1890, ai tempi del sindaco de Bertoldi). Per quanto riguarda la sua produzione artistica si ricorda che oltre agli intagli decorativi su mobili, alle cornici ricche di putti, ghirlande, stemmi, ai rilievi ornamentali, floreali o con figure, e ai suoi famosi stampi per il burro, fu autore apprezzato di numerosi ritratti in bassorilievo come quello di don Antonio Della Lucia in Agordo, e i busti del vescovo Bolognesi nel Duomo di Belluno, dello storico Francesco Pellegrini nel Museo civico bellunese, del deputato Luigi Rizzardi nel cimitero di Auronzo di Cadore, di una statua di Sant\u2019Antonio (cappella privata) e dell\u2019altra statua, quella di san Brunone per il Convento di Vedana. Frescura partecip\u00f2 a numerose esposizioni, meritandosi riconoscimenti e svariati premi. Nel libro della figlia, il giusto spazio \u00e8 stato riservato alla vicenda legata, era il 1924, all\u2019erezione di un monumento ai Caduti della Grande Guerra, perch\u00e9 Frescura si inser\u00ec nella vivace polemica tra il Comitato guidato dal dott. Zacchi e l\u2019opposizione guidata dall\u2019avvocato Agostino D\u2019Inc\u00e0 e da Vittorio D\u2019Inc\u00e0 Levis, cui non andava proprio il progetto, gi\u00e0 accettato dal Comitato, con il quale lo scultore Urbano Nono prevedeva la collocazione di una statua nella Piazza Campitello (ora dei Martiri \u2013 ndr.). Giacomo Frescura, ricorda Rina, lanci\u00f2 l\u2019idea di collocare la statua su una terrazza sul Piave, con allargamento della Piazza Cavallotti, ora Piazza Castello. Predispose un bozzetto e lo illustr\u00f2 a Nono il quale, dopo un sopralluogo con lui ammise la validit\u00e0 del progetto \u201cper l\u2019allargamento della piazza e per la terrazza-belvedere con vista di tutta la vallata del Piave dal Ponte della Vittoria al Tomatico\u2026\u201d. Dopo anni di discussioni e polemiche, con Frescura che sosteneva la sua proposta con articoli su Il Gazzettino, si giunse ad una soluzione \u201cterza\u201d: \u201cCon la somma raccolta vennero deposte le salme dei Caduti nel sacrario della chiesa dei cappuccini a Mussoi, con l\u2019approvazione della cittadinanza che finalmente vedeva la risoluzione dell\u2019annoso problema e che partecip\u00f2 con commozione al pietoso trasporto\u2026\u201d. Conclude, l\u2019autrice: \u201cMio padre si adatt\u00f2 volentieri alla nuova sistemazione trovandola giusta, contento di aver espresso l\u2019idea della terrazza nella speranza che potesse venir raccolta in futuro\u201d.<\/p>\n\n\t\t\t<style type='text\/css'>\n\t\t\t\t#gallery-1 {\n\t\t\t\t\tmargin: auto;\n\t\t\t\t}\n\t\t\t\t#gallery-1 .gallery-item {\n\t\t\t\t\tfloat: left;\n\t\t\t\t\tmargin-top: 10px;\n\t\t\t\t\ttext-align: center;\n\t\t\t\t\twidth: 33%;\n\t\t\t\t}\n\t\t\t\t#gallery-1 img {\n\t\t\t\t\tborder: 2px solid #cfcfcf;\n\t\t\t\t}\n\t\t\t\t#gallery-1 .gallery-caption {\n\t\t\t\t\tmargin-left: 0;\n\t\t\t\t}\n\t\t\t\t\/* see gallery_shortcode() in wp-includes\/media.php *\/\n\t\t\t<\/style>\n\t\t<div id='gallery-1' class='dt-gallery-container gallery galleryid-119802 gallery-columns-3 gallery-size-thumbnail'><dl class='gallery-item'>\n\t\t\t\t<dt class='gallery-icon portrait'>\n\t\t\t\t\t<a class=\"rollover\" href='https:\/\/www.radiopiu.net\/wordpress\/giornale-radio-piu-02-marzo-2020-direttore-mirko-mezzacasa\/88100996_183797659703304_5309055640621023232_n\/'><img loading=\"lazy\" decoding=\"async\" width=\"150\" height=\"150\" src=\"https:\/\/www.radiopiu.net\/wordpress\/wp-content\/uploads\/2020\/03\/88100996_183797659703304_5309055640621023232_n-150x150.jpg\" class=\"attachment-thumbnail size-thumbnail\" alt=\"\" \/><\/a>\n\t\t\t\t<\/dt><\/dl><dl class='gallery-item'>\n\t\t\t\t<dt class='gallery-icon portrait'>\n\t\t\t\t\t<a class=\"rollover\" href='https:\/\/www.radiopiu.net\/wordpress\/giornale-radio-piu-02-marzo-2020-direttore-mirko-mezzacasa\/88241851_1533328466822424_94748486083280896_n\/'><img loading=\"lazy\" decoding=\"async\" width=\"150\" height=\"150\" src=\"https:\/\/www.radiopiu.net\/wordpress\/wp-content\/uploads\/2020\/03\/88241851_1533328466822424_94748486083280896_n-150x150.jpg\" class=\"attachment-thumbnail size-thumbnail\" alt=\"\" \/><\/a>\n\t\t\t\t<\/dt><\/dl><dl class='gallery-item'>\n\t\t\t\t<dt class='gallery-icon landscape'>\n\t\t\t\t\t<a class=\"rollover\" href='https:\/\/www.radiopiu.net\/wordpress\/giornale-radio-piu-02-marzo-2020-direttore-mirko-mezzacasa\/88205469_597067024206970_2651631826942033920_n\/'><img loading=\"lazy\" decoding=\"async\" width=\"150\" height=\"150\" src=\"https:\/\/www.radiopiu.net\/wordpress\/wp-content\/uploads\/2020\/03\/88205469_597067024206970_2651631826942033920_n-150x150.jpg\" class=\"attachment-thumbnail size-thumbnail\" alt=\"\" \/><\/a>\n\t\t\t\t<\/dt><\/dl><br style=\"clear: both\" \/><dl class='gallery-item'>\n\t\t\t\t<dt class='gallery-icon portrait'>\n\t\t\t\t\t<a class=\"rollover\" href='https:\/\/www.radiopiu.net\/wordpress\/giornale-radio-piu-02-marzo-2020-direttore-mirko-mezzacasa\/88082421_1061929267492818_1254451185704763392_n\/'><img loading=\"lazy\" decoding=\"async\" width=\"150\" height=\"150\" src=\"https:\/\/www.radiopiu.net\/wordpress\/wp-content\/uploads\/2020\/03\/88082421_1061929267492818_1254451185704763392_n-150x150.jpg\" class=\"attachment-thumbnail size-thumbnail\" alt=\"\" \/><\/a>\n\t\t\t\t<\/dt><\/dl><dl class='gallery-item'>\n\t\t\t\t<dt class='gallery-icon portrait'>\n\t\t\t\t\t<a class=\"rollover\" href='https:\/\/www.radiopiu.net\/wordpress\/giornale-radio-piu-02-marzo-2020-direttore-mirko-mezzacasa\/88175437_2588906818052595_5167190272378929152_n\/'><img loading=\"lazy\" decoding=\"async\" width=\"150\" height=\"150\" src=\"https:\/\/www.radiopiu.net\/wordpress\/wp-content\/uploads\/2020\/03\/88175437_2588906818052595_5167190272378929152_n-150x150.jpg\" class=\"attachment-thumbnail size-thumbnail\" alt=\"\" \/><\/a>\n\t\t\t\t<\/dt><\/dl><dl class='gallery-item'>\n\t\t\t\t<dt class='gallery-icon landscape'>\n\t\t\t\t\t<a class=\"rollover\" href='https:\/\/www.radiopiu.net\/wordpress\/giornale-radio-piu-02-marzo-2020-direttore-mirko-mezzacasa\/88331279_472510686964772_7289665309361831936_n\/'><img loading=\"lazy\" decoding=\"async\" width=\"150\" height=\"150\" src=\"https:\/\/www.radiopiu.net\/wordpress\/wp-content\/uploads\/2020\/03\/88331279_472510686964772_7289665309361831936_n-150x150.jpg\" class=\"attachment-thumbnail size-thumbnail\" alt=\"\" \/><\/a>\n\t\t\t\t<\/dt><\/dl><br style=\"clear: both\" \/><dl class='gallery-item'>\n\t\t\t\t<dt class='gallery-icon portrait'>\n\t\t\t\t\t<a class=\"rollover\" href='https:\/\/www.radiopiu.net\/wordpress\/giornale-radio-piu-02-marzo-2020-direttore-mirko-mezzacasa\/88257438_195113238500803_5738203812150116352_n\/'><img loading=\"lazy\" decoding=\"async\" width=\"150\" height=\"150\" src=\"https:\/\/www.radiopiu.net\/wordpress\/wp-content\/uploads\/2020\/03\/88257438_195113238500803_5738203812150116352_n-150x150.jpg\" class=\"attachment-thumbnail size-thumbnail\" alt=\"\" \/><\/a>\n\t\t\t\t<\/dt><\/dl><dl class='gallery-item'>\n\t\t\t\t<dt class='gallery-icon landscape'>\n\t\t\t\t\t<a class=\"rollover\" href='https:\/\/www.radiopiu.net\/wordpress\/giornale-radio-piu-02-marzo-2020-direttore-mirko-mezzacasa\/88183202_794294537738037_6420308072601747456_n\/'><img loading=\"lazy\" decoding=\"async\" width=\"150\" height=\"150\" src=\"https:\/\/www.radiopiu.net\/wordpress\/wp-content\/uploads\/2020\/03\/88183202_794294537738037_6420308072601747456_n-150x150.jpg\" class=\"attachment-thumbnail size-thumbnail\" alt=\"\" \/><\/a>\n\t\t\t\t<\/dt><\/dl><dl class='gallery-item'>\n\t\t\t\t<dt class='gallery-icon portrait'>\n\t\t\t\t\t<a class=\"rollover\" href='https:\/\/www.radiopiu.net\/wordpress\/giornale-radio-piu-02-marzo-2020-direttore-mirko-mezzacasa\/87983760_627769318043961_3769541247778160640_n\/'><img loading=\"lazy\" decoding=\"async\" width=\"150\" height=\"150\" src=\"https:\/\/www.radiopiu.net\/wordpress\/wp-content\/uploads\/2020\/03\/87983760_627769318043961_3769541247778160640_n-150x150.jpg\" class=\"attachment-thumbnail size-thumbnail\" alt=\"\" \/><\/a>\n\t\t\t\t<\/dt><\/dl><br style=\"clear: both\" \/><dl class='gallery-item'>\n\t\t\t\t<dt class='gallery-icon portrait'>\n\t\t\t\t\t<a class=\"rollover\" href='https:\/\/www.radiopiu.net\/wordpress\/giornale-radio-piu-02-marzo-2020-direttore-mirko-mezzacasa\/88175528_222538255464646_5845577053952278528_n\/'><img loading=\"lazy\" decoding=\"async\" width=\"150\" height=\"150\" src=\"https:\/\/www.radiopiu.net\/wordpress\/wp-content\/uploads\/2020\/03\/88175528_222538255464646_5845577053952278528_n-150x150.jpg\" class=\"attachment-thumbnail size-thumbnail\" alt=\"\" \/><\/a>\n\t\t\t\t<\/dt><\/dl><dl class='gallery-item'>\n\t\t\t\t<dt class='gallery-icon portrait'>\n\t\t\t\t\t<a class=\"rollover\" href='https:\/\/www.radiopiu.net\/wordpress\/giornale-radio-piu-02-marzo-2020-direttore-mirko-mezzacasa\/88369619_914066392384949_7689140715778998272_n\/'><img loading=\"lazy\" decoding=\"async\" width=\"150\" height=\"150\" src=\"https:\/\/www.radiopiu.net\/wordpress\/wp-content\/uploads\/2020\/03\/88369619_914066392384949_7689140715778998272_n-150x150.jpg\" class=\"attachment-thumbnail size-thumbnail\" alt=\"\" \/><\/a>\n\t\t\t\t<\/dt><\/dl><dl class='gallery-item'>\n\t\t\t\t<dt class='gallery-icon portrait'>\n\t\t\t\t\t<a class=\"rollover\" href='https:\/\/www.radiopiu.net\/wordpress\/giornale-radio-piu-02-marzo-2020-direttore-mirko-mezzacasa\/88321190_893379357787149_1611541655821746176_n\/'><img loading=\"lazy\" decoding=\"async\" width=\"150\" height=\"150\" src=\"https:\/\/www.radiopiu.net\/wordpress\/wp-content\/uploads\/2020\/03\/88321190_893379357787149_1611541655821746176_n-150x150.jpg\" class=\"attachment-thumbnail size-thumbnail\" alt=\"\" \/><\/a>\n\t\t\t\t<\/dt><\/dl><br style=\"clear: both\" \/>\n\t\t\t<\/div>\n\n<p>&nbsp;<\/p>\n<p>NELLE FOTO (Renato Bona e riproduzioni dal libro di Rina Frescura): la copertina del libro; Francesco Frescura; la casa natale di via Loreto (la stessa di Ippolito Caffi ed Aristide Gabelli); tomba di famiglia nel cimitero bellunese ; la tabella dell\u2019intitolazione e la via che gli ha dedicato Belluno; il bozzetto del progetto per la terrazza-belvedere dove collocare un monumento ai Caduti; campioni di terracotta ricavati dagli stampi per il burro; san Brunone che prega nel deserto, nella Certosa di Vedana; il busto di don Antonio Della Lucia; quello dello storico Francesco Pellegrini; il monumento al deputato Luigi Rizzardi nel cimitero di Auronzo di Cadore<\/p>\n<p>&nbsp;<\/p>\n<p>&nbsp;<\/p>\n<hr \/>\n<p>&nbsp;<\/p>\n<p>&nbsp;<\/p>\n<p>&nbsp;<\/p>\n<blockquote class=\"wp-embedded-content\" data-secret=\"sqUKQ4LAWh\"><p><a href=\"https:\/\/www.radiopiu.net\/wordpress\/sis\/\">SESTA  PUNTATA, SIMONE GARAVANA, DUE ANNI  PER SCOPRIRE IL MONDO<\/a><\/p><\/blockquote>\n<p><iframe loading=\"lazy\" title=\"&#8220;SESTA  PUNTATA, SIMONE GARAVANA, DUE ANNI  PER SCOPRIRE IL MONDO&#8221; &#8212; Radio Pi\u00f9\" class=\"wp-embedded-content\" sandbox=\"allow-scripts\" security=\"restricted\" style=\"position: absolute; clip: rect(1px, 1px, 1px, 1px);\" src=\"https:\/\/www.radiopiu.net\/wordpress\/sis\/embed\/#?secret=sqUKQ4LAWh\" data-secret=\"sqUKQ4LAWh\" width=\"600\" height=\"338\" frameborder=\"0\" marginwidth=\"0\" marginheight=\"0\" scrolling=\"no\"><\/iframe><\/p>\n<p>&nbsp;<\/p>\n<p>&nbsp;<\/p>\n<h2><span style=\"color: #ff0000;\">CURIOSI.RUS 1<\/span><\/h2>\n<p>A Proposito della polemica sui cinesi che &#8220;mangano i topi vivi&#8221; come detto da Zaia abbiamo ritrovato questo post dello stesso governatore del 2018, allora erano i bellunesi che mangiavano i topi, ma evidentemente morti<\/p>\n<p><a class=\"dt-pswp-item\" href=\"https:\/\/www.radiopiu.net\/wordpress\/wp-content\/uploads\/2020\/03\/e9d29db7-2284-4891-bcda-c13fa6f3dd9c-1.jpg\" data-dt-img-description=\"\" data-large_image_width=\"752\" data-large_image_height=\"1351\"><img loading=\"lazy\" decoding=\"async\" class=\"alignnone wp-image-119821 size-large\" src=\"https:\/\/www.radiopiu.net\/wordpress\/wp-content\/uploads\/2020\/03\/e9d29db7-2284-4891-bcda-c13fa6f3dd9c-1-570x1024.jpg\" alt=\"\" width=\"570\" height=\"1024\" srcset=\"https:\/\/www.radiopiu.net\/wordpress\/wp-content\/uploads\/2020\/03\/e9d29db7-2284-4891-bcda-c13fa6f3dd9c-1-570x1024.jpg 570w, https:\/\/www.radiopiu.net\/wordpress\/wp-content\/uploads\/2020\/03\/e9d29db7-2284-4891-bcda-c13fa6f3dd9c-1-167x300.jpg 167w, https:\/\/www.radiopiu.net\/wordpress\/wp-content\/uploads\/2020\/03\/e9d29db7-2284-4891-bcda-c13fa6f3dd9c-1.jpg 752w\" sizes=\"auto, (max-width: 570px) 100vw, 570px\" \/><\/a><\/p>\n<p>&nbsp;<\/p>\n<p>&nbsp;<\/p>\n<hr \/>\n<p>&nbsp;<\/p>\n<h2><span style=\"color: #ff0000;\">CURIOSI.RUS 2<\/span><\/h2>\n<h2>IERI A CANALE D&#8217;AGORDO IN BIRRERIA<\/h2>\n<p><a class=\"dt-pswp-item\" href=\"https:\/\/www.radiopiu.net\/wordpress\/wp-content\/uploads\/2020\/03\/476f5531-2c4a-4036-a0bc-df305ed4f0ca.jpg\" data-dt-img-description=\"\" data-large_image_width=\"1600\" data-large_image_height=\"1200\"><img loading=\"lazy\" decoding=\"async\" class=\"alignnone wp-image-119823 size-large\" src=\"https:\/\/www.radiopiu.net\/wordpress\/wp-content\/uploads\/2020\/03\/476f5531-2c4a-4036-a0bc-df305ed4f0ca-1024x768.jpg\" alt=\"\" width=\"1024\" height=\"768\" srcset=\"https:\/\/www.radiopiu.net\/wordpress\/wp-content\/uploads\/2020\/03\/476f5531-2c4a-4036-a0bc-df305ed4f0ca-1024x768.jpg 1024w, https:\/\/www.radiopiu.net\/wordpress\/wp-content\/uploads\/2020\/03\/476f5531-2c4a-4036-a0bc-df305ed4f0ca-300x225.jpg 300w, https:\/\/www.radiopiu.net\/wordpress\/wp-content\/uploads\/2020\/03\/476f5531-2c4a-4036-a0bc-df305ed4f0ca-768x576.jpg 768w, https:\/\/www.radiopiu.net\/wordpress\/wp-content\/uploads\/2020\/03\/476f5531-2c4a-4036-a0bc-df305ed4f0ca-1536x1152.jpg 1536w, https:\/\/www.radiopiu.net\/wordpress\/wp-content\/uploads\/2020\/03\/476f5531-2c4a-4036-a0bc-df305ed4f0ca.jpg 1600w\" sizes=\"auto, (max-width: 1024px) 100vw, 1024px\" \/><\/a><\/p>\n<p>&nbsp;<\/p>\n<p>&nbsp;<\/p>\n<p>&nbsp;<\/p>\n<hr \/>\n<p>&nbsp;<\/p>\n<h3><\/h3>\n<p>&nbsp;<\/p>\n<p>&nbsp;<\/p>\n<p><a class=\"dt-pswp-item pspw-wrap-ready\" href=\"https:\/\/www.radiopiu.net\/wordpress\/wp-content\/uploads\/2018\/09\/viabilita.jpeg\" data-dt-img-description=\"\" data-large_image_width=\"800\" data-large_image_height=\"100\"><img loading=\"lazy\" decoding=\"async\" class=\"wp-image-61954 size-full aligncenter\" src=\"https:\/\/www.radiopiu.net\/wordpress\/wp-content\/uploads\/2018\/09\/viabilita.jpeg\" sizes=\"auto, (max-width: 800px) 100vw, 800px\" srcset=\"https:\/\/www.radiopiu.net\/wordpress\/wp-content\/uploads\/2018\/09\/viabilita.jpeg 800w, https:\/\/www.radiopiu.net\/wordpress\/wp-content\/uploads\/2018\/09\/viabilita-300x38.jpeg 300w, https:\/\/www.radiopiu.net\/wordpress\/wp-content\/uploads\/2018\/09\/viabilita-768x96.jpeg 768w\" alt=\"\" width=\"800\" height=\"100\" \/><\/a><\/p>\n<p>&nbsp;<\/p>\n<p><strong>FELTRE COMUNALE DI VIA PARADISO<\/strong> Fino al\u00a0 31 Marzo 2020 (incluso festivi) in via Paradiso (tratto fronte il civico n\u00b0 14). Per lavori di: &#8220;Manutenzione all&#8217;edificio sito in via Paradiso n\u00b0 14\u201d &#8211; l\u2019istituzione, dei seguenti obblighi, divieti e limitazioni: Divieto di transito per tutti i veicoli e motocicli ; Divieto di sosta con rimozione<\/p>\n<p><strong>48 delle DOLOMITI localita&#8217; LIVINE&#8217;\u00a0<\/strong>\u00a0 Fino al 13 marzo senso unico per lavori di esboschi anche festivi e prefestiv<\/p>\n<p><strong>SP 251 VAL DI ZOLDO E VAL CELLINA<\/strong> Fino\u00a0 al 13 marzo sabato e domenica esclusi, senso unico alternato da impianto semaforico per lavori di ripristino reti di protezione sui versanti.<\/p>\n<p><strong>GR 50 BIS, SCALE DI PRIMOLANO<\/strong> Fino al\u00a0 7 MARZO (FESTIVI E PREFESTIVI ESCLUSI) SENSO UNICO ALTERNATO PER POSA CAVIDOTTO<\/p>\n<div class=\"im_history_message_wrap\">\n<div class=\"im_message_outer_wrap hasselect\" data-msg-id=\"2959\">\n<div class=\"im_message_wrap clearfix\">\n<div class=\"im_content_message_wrap im_message_out\">\n<p><strong>SR 203 AGORDINA LOCALITA&#8217; FORAN<\/strong> COMUNE DI LIVINALLONGO,FINO AL 2 APRILE (SABATO E DOMENICA ESCLUSI) SENSO UNICO ALTERNATO PER LAVORI DI ESBOSCO<\/p>\n<\/div>\n<\/div>\n<\/div>\n<\/div>\n<p>&nbsp;<\/p>\n<p>&nbsp;<\/p>\n<hr \/>\n<p>&nbsp;<\/p>\n<h2><span style=\"color: #ff0000;\">ALLA RADIO<\/span><\/h2>\n<h3><strong>IN VIVO VERSO DI BRUNELLA MORO<\/strong><\/h3>\n<blockquote>\n<h3>COLLEZIONE COMPLETA<\/h3>\n<\/blockquote>\n<blockquote class=\"wp-embedded-content\" data-secret=\"Hy24MbDJX7\"><p><a href=\"https:\/\/www.radiopiu.net\/wordpress\/in-vivo-verso\/\">In Vivo Verso<\/a><\/p><\/blockquote>\n<p><iframe loading=\"lazy\" title=\"&#8220;In Vivo Verso&#8221; &#8212; Radio Pi\u00f9\" class=\"wp-embedded-content\" sandbox=\"allow-scripts\" security=\"restricted\" style=\"position: absolute; clip: rect(1px, 1px, 1px, 1px);\" src=\"https:\/\/www.radiopiu.net\/wordpress\/in-vivo-verso\/embed\/#?secret=Hy24MbDJX7\" data-secret=\"Hy24MbDJX7\" width=\"600\" height=\"338\" frameborder=\"0\" marginwidth=\"0\" marginheight=\"0\" scrolling=\"no\"><\/iframe><\/p>\n<p>&nbsp;<\/p>\n<hr \/>\n<p>&nbsp;<\/p>\n<p>&nbsp;<\/p>\n<h3>DUE MINUTI UN LIBRO<\/h3>\n<h2>COLLEZIONE COMPLETA<\/h2>\n<p>&nbsp;<\/p>\n<blockquote class=\"wp-embedded-content\" data-secret=\"cD3qK5iGcA\"><p><a href=\"https:\/\/www.radiopiu.net\/wordpress\/due-minuti-un-libro\/\">Due minuti un libro<\/a><\/p><\/blockquote>\n<p><iframe loading=\"lazy\" title=\"&#8220;Due minuti un libro&#8221; &#8212; Radio Pi\u00f9\" class=\"wp-embedded-content\" sandbox=\"allow-scripts\" security=\"restricted\" style=\"position: absolute; clip: rect(1px, 1px, 1px, 1px);\" src=\"https:\/\/www.radiopiu.net\/wordpress\/due-minuti-un-libro\/embed\/#?secret=cD3qK5iGcA\" data-secret=\"cD3qK5iGcA\" width=\"600\" height=\"338\" frameborder=\"0\" marginwidth=\"0\" marginheight=\"0\" scrolling=\"no\"><\/iframe><\/p>\n<p>&nbsp;<\/p>\n<p>&nbsp;<\/p>\n<p>&nbsp;<\/p>\n<p>&nbsp;<\/p>\n<p><a class=\"dt-pswp-item\" href=\"https:\/\/www.radiopiu.net\/wordpress\/wp-content\/uploads\/2018\/09\/sport.jpg\" data-dt-img-description=\"\" data-large_image_width=\"800\" data-large_image_height=\"100\"><img loading=\"lazy\" decoding=\"async\" class=\"aligncenter wp-image-60761 size-full\" src=\"https:\/\/www.radiopiu.net\/wordpress\/wp-content\/uploads\/2018\/09\/sport.jpg\" alt=\"\" width=\"800\" height=\"100\" srcset=\"https:\/\/www.radiopiu.net\/wordpress\/wp-content\/uploads\/2018\/09\/sport.jpg 800w, https:\/\/www.radiopiu.net\/wordpress\/wp-content\/uploads\/2018\/09\/sport-300x38.jpg 300w, https:\/\/www.radiopiu.net\/wordpress\/wp-content\/uploads\/2018\/09\/sport-768x96.jpg 768w\" sizes=\"auto, (max-width: 800px) 100vw, 800px\" \/><\/a><\/p>\n<blockquote>\n<h3><\/h3>\n<\/blockquote>\n<h3><\/h3>\n<blockquote>\n<h3>DOMANI AL VIA I QUARTI DI FINALE DELLA IHL<\/h3>\n<\/blockquote>\n<p class=\"p1\"><span class=\"s1\"><strong><a class=\"dt-pswp-item\" href=\"https:\/\/www.radiopiu.net\/wordpress\/wp-content\/uploads\/2019\/08\/logo-alleghe-hockey.png\" data-dt-img-description=\"\" data-large_image_width=\"547\" data-large_image_height=\"512\"><img loading=\"lazy\" decoding=\"async\" class=\"size-medium wp-image-95699 alignleft\" src=\"https:\/\/www.radiopiu.net\/wordpress\/wp-content\/uploads\/2019\/08\/logo-alleghe-hockey-300x281.png\" alt=\"\" width=\"300\" height=\"281\" srcset=\"https:\/\/www.radiopiu.net\/wordpress\/wp-content\/uploads\/2019\/08\/logo-alleghe-hockey-300x281.png 300w, https:\/\/www.radiopiu.net\/wordpress\/wp-content\/uploads\/2019\/08\/logo-alleghe-hockey.png 547w\" sizes=\"auto, (max-width: 300px) 100vw, 300px\" \/><\/a>ALLEGHE<\/strong> Da domani l\u2019Alleghe Hockey sar\u00e0 impegnato con i quarti di finale della IHL. Le civette si trovano di fronte il Merano, la bestia nera del campionato e squadra che punta al titolo. Gara 1 si giocher\u00e0 alla MeranArena dove si giocher\u00e0 regolarmente. Nel DPCM di ieri si parla chiaro e nel Veneto non si possono fare eventi sportivi con la presenza di pubblico. Ma non solo, anche ai tifosi delle squadre che provengono da Veneto, Lombardia ed Emilia Romagna non \u00e8 consentito assistere a partite in trasferta che si giochino in altre regioni. Quindi i tifosi alleghesi dovranno rimanere a casa e ascoltare le gesta dei propri beniamini alla radio. Gli alleghesi saranno costretti a giocare senza tifoseria al fianco visto che anche le partite sul territorio del Veneto saranno a porte chiuse. <\/span><\/p>\n<p class=\"p1\"><strong><span class=\"s1\">PATRICK DE SILVESTRO DELL\u2019ALLEGHE HOCKEY<\/span><\/strong><\/p>\n<audio class=\"wp-audio-shortcode\" id=\"audio-119802-6\" preload=\"none\" style=\"width: 100%;\" controls=\"controls\"><source type=\"audio\/mpeg\" src=\"https:\/\/www.radiopiu.net\/wordpress\/wp-content\/uploads\/2020\/03\/PATRICK-DE-SILVESTRO-PRE-QUARTI-FINALE-IHL.mp3?_=6\" \/><a href=\"https:\/\/www.radiopiu.net\/wordpress\/wp-content\/uploads\/2020\/03\/PATRICK-DE-SILVESTRO-PRE-QUARTI-FINALE-IHL.mp3\">https:\/\/www.radiopiu.net\/wordpress\/wp-content\/uploads\/2020\/03\/PATRICK-DE-SILVESTRO-PRE-QUARTI-FINALE-IHL.mp3<\/a><\/audio>\n<p>&nbsp;<\/p>\n<p>&nbsp;<\/p>\n<hr \/>\n<blockquote>\n<h3><\/h3>\n<h3>ANNULLATI I CAMPIONATI ITALIANI DI SCI ALPINO PARALIMPICO 7-8 MARZO<\/h3>\n<\/blockquote>\n<p>A seguito del Decreto Legge disposto dal Presidente del Consiglio dei Ministri il 1 marzo 2020 che prevede la proroga delle misure urgenti di contenimento del contagio da Covid -19 nelle Regioni di Lombardia, Veneto ed Emilia Romagna con relativa sospensione di manifestazioni ed eventi fino alla nuova data 8 marzo, la Federazione italiana sport invernali paralimpici (FISIP), in accordo con lo Sci Club Drusci\u00e9, \u00e8 costretta ad annullare i Campionati Italiani di Sci Alpino, previsti per il 7 e 8 marzo a Cortina d\u2019Ampezzo. La Federazione e lo Sci Club Drusci\u00e9 si impegnano fin d\u2019ora a riprogrammare le gare entro la fine del 2020, per poter assegnare, come ogni anno, i titoli di campione Nazionale di Sci Alpino.<\/p>\n<p>&nbsp;<\/p>\n<p>&nbsp;<\/p>\n<p><b><a class=\"dt-pswp-item\" href=\"https:\/\/www.radiopiu.net\/wordpress\/wp-content\/uploads\/2018\/09\/WhatsApp-Image-2018-09-20-at-16.04.06.jpeg\" data-dt-img-description=\"\" data-large_image_width=\"800\" data-large_image_height=\"100\"><img loading=\"lazy\" decoding=\"async\" class=\"aligncenter wp-image-61378 size-full\" src=\"https:\/\/www.radiopiu.net\/wordpress\/wp-content\/uploads\/2018\/09\/WhatsApp-Image-2018-09-20-at-16.04.06.jpeg\" alt=\"\" width=\"800\" height=\"100\" srcset=\"https:\/\/www.radiopiu.net\/wordpress\/wp-content\/uploads\/2018\/09\/WhatsApp-Image-2018-09-20-at-16.04.06.jpeg 800w, https:\/\/www.radiopiu.net\/wordpress\/wp-content\/uploads\/2018\/09\/WhatsApp-Image-2018-09-20-at-16.04.06-300x38.jpeg 300w, https:\/\/www.radiopiu.net\/wordpress\/wp-content\/uploads\/2018\/09\/WhatsApp-Image-2018-09-20-at-16.04.06-768x96.jpeg 768w\" sizes=\"auto, (max-width: 800px) 100vw, 800px\" \/><\/a><\/b><\/p>\n<p><center><\/center><center><b>Lunedi 2<\/b><\/center><b>Tempo atteso: <\/b>Al mattino cielo coperto e possibili primi deboli fenomeni sulle Prealpi. Entro mezzogiorno estensione dei fenomeni da ovest verso est. Al pomeriggio\/sera tempo perturbato, anche fortemente perturbato su alcuni settori prealpini. Clima freddo e ventoso in quota.<br \/>\n<b>Precipitazioni: <\/b>Nella notte perlopi\u00f9 assenti (0\/20%); al mattino primi deboli rovesci su Prealpi occidentali (30\/50%), in estensione al resto del territorio entro il primo pomeriggio. Al pomeriggio e in serata precipitazioni diffuse (100%), moderate su Dolomiti, anche forti su Prealpi. Quota neve a 1100\/1300 m su Prealpi, in possibile lieve calo nella notte, inizialmente a 900\/1200 m su Dolomiti, ma in calo col passare delle ore nelle valli per effetto dell&#8217;intensit\u00e0, anche fino sui 700\/800 m.<br \/>\n<b>Temperature: <\/b>Senza variazioni significative. Su Prealpi a 1500 m min -1\u00b0C max 1\u00b0C, a 2000 m min -3\u00b0C max -1\u00b0C. Su Dolomiti a 2000 m min -5\u00b0C max -2\u00b0C, a 3000 m min -10\u00b0C max -8\u00b0C.<br \/>\n<b>Venti: <\/b>Nelle valli perlopi\u00f9 deboli meridionali. In quota in rinforzo da moderati a tesi\/forti da sud-ovest, in rotazione a sud-est al pomeriggio\/sera, a 15-35 km\/h a 2000 m, 30-65 km\/h a 3000 m.<\/p>\n<hr \/>\n<p><center><b>Martedi 3<\/b><\/center><b>Tempo atteso: <\/b>Fino al mattino tempo perturbato con fenomeni diffusi. Al pomeriggio\/sera cielo sempre molto nuvoloso, con attenuazione dei fenomeni, che tenderanno a concentrarsi sui settori prealpini, anche per ingresso di correnti favoniche nelle valli dolomitiche. Clima freddo di stampo invernale.<br \/>\n<b>Precipitazioni: <\/b>Fino a met\u00e0 mattina diffuse, spesso moderate (90%), in attenuazione entro il primo pomeriggio; al pomeriggio\/sera possibili rovesci sparsi (60\/70%), pi\u00f9 significativi in quota e sui settori prealpini, meno nelle valli. Quota neve a 1200\/1400 m su Prealpi nella notte, in calo a 900\/1000 m, 800\/1000 m su Dolomiti, anche fino sui 600 m in qualche valle in caso di moderata intensit\u00e0 e persistenza dei fenomeni. Tra luned\u00ec e marted\u00ec possibili 40\/60 mm su Dolomiti centro-settentrionali, 60\/80 mm su quelle meridionali e su molti settori prealpini, dove i massimi localmente potranno superare i 100\/120 mm. Oltre i 1500\/1700 m potranno cadere 40\/70 cm di neve fresca, fino a 80\/90 cm sui settori prealpini pi\u00f9 esposti a sud-est.<br \/>\n<b>Temperature: <\/b>Senza notevoli variazioni nelle valli, salvo qualche aumento nei valori massimi per Foehn. In lieve calo in quota, con minime alla sera. Su Prealpi a 1500 m min -2\u00b0C max 0\u00b0C, a 2000 m min -5\u00b0C max -2\u00b0C. Su Dolomiti a 2000 m min -6\u00b0C max -2\u00b0C, a 3000 m min -11\u00b0C max -8\u00b0C.<br \/>\n<b>Venti: <\/b>Nelle valli deboli, con possibili rinforzi di Foehn. In quota moderati da nord-est, a 10-20 km\/h a 2000 m, 25-40 km\/h a 3000 m.<\/p>\n<hr \/>\n<p><center><b>Mercoledi 4<\/b><\/center>Fino al mattino tempo instabile, con cielo nuvoloso e possibili rovesci, locali su Dolomiti, anche assenti sui settori settentrionali, mentre su Prealpi saranno pi\u00f9 diffusi, specie ad ovest. La neve potr\u00e0 cadere fino sui 600\/700 m, specie in caso di rovesci moderati durante la notte. Al pomeriggio cessazione dei fenomeni e comparsa di schiarite. Venti moderati nord-orientali, con qualche residuo rinforzo di Foehn.<\/p>\n<hr \/>\n<p><center><b>Giovedi 5<\/b><\/center>Tempo abbastanza soleggiato, con ampie schiarite e modesti addensamenti locali, in un clima freddo al mattino, con diffuse gelate, mitigato di giorno dal soleggiamento. Venti deboli nord-orientali. Previsore: G.M.<\/p>\n","protected":false},"excerpt":{"rendered":"<p>&nbsp; PER RICEVERE QUESTO NOTIZIARIO DIRETTAMENTE SUL TUO CELLULARE ISCRIVITI AL CANALE TELEGRAM &#8220;RADIO PIU\u00a0 INFORMAZIONE&#8221;\u00a0 &nbsp; &nbsp; Per lavori alla rete idrica comunale, DOMANI dalle\u00a0 8:30 alle\u00a0 12 potrebbe mancare l&#8217;acqua a FALCADE, nella LOCALITA&#8217; DI CAVIOLA.\u00a0 &nbsp; CORONAVIRUS, LA GRANDE PAURA ANCHE NELL&#8217;AGORDINO DA LA VALLE A CENCENIGHE RADIOPIU&#8217; E sono tre le&hellip;<\/p>\n","protected":false},"author":1,"featured_media":119745,"comment_status":"closed","ping_status":"closed","sticky":false,"template":"","format":"standard","meta":{"_monsterinsights_skip_tracking":false,"_monsterinsights_sitenote_active":false,"_monsterinsights_sitenote_note":"","_monsterinsights_sitenote_category":0,"footnotes":""},"categories":[1,86,49],"tags":[],"class_list":["post-119802","post","type-post","status-publish","format-standard","has-post-thumbnail","hentry","category-senza-categoria","category-gr","category-news-18","category-1","category-86","category-49","description-off"],"img_url":"https:\/\/www.radiopiu.net\/wordpress\/wp-content\/uploads\/2020\/02\/Dispenser-scale-mobili-1.jpg","_links":{"self":[{"href":"https:\/\/www.radiopiu.net\/wordpress\/wp-json\/wp\/v2\/posts\/119802","targetHints":{"allow":["GET"]}}],"collection":[{"href":"https:\/\/www.radiopiu.net\/wordpress\/wp-json\/wp\/v2\/posts"}],"about":[{"href":"https:\/\/www.radiopiu.net\/wordpress\/wp-json\/wp\/v2\/types\/post"}],"author":[{"embeddable":true,"href":"https:\/\/www.radiopiu.net\/wordpress\/wp-json\/wp\/v2\/users\/1"}],"replies":[{"embeddable":true,"href":"https:\/\/www.radiopiu.net\/wordpress\/wp-json\/wp\/v2\/comments?post=119802"}],"version-history":[{"count":0,"href":"https:\/\/www.radiopiu.net\/wordpress\/wp-json\/wp\/v2\/posts\/119802\/revisions"}],"wp:featuredmedia":[{"embeddable":true,"href":"https:\/\/www.radiopiu.net\/wordpress\/wp-json\/wp\/v2\/media\/119745"}],"wp:attachment":[{"href":"https:\/\/www.radiopiu.net\/wordpress\/wp-json\/wp\/v2\/media?parent=119802"}],"wp:term":[{"taxonomy":"category","embeddable":true,"href":"https:\/\/www.radiopiu.net\/wordpress\/wp-json\/wp\/v2\/categories?post=119802"},{"taxonomy":"post_tag","embeddable":true,"href":"https:\/\/www.radiopiu.net\/wordpress\/wp-json\/wp\/v2\/tags?post=119802"}],"curies":[{"name":"wp","href":"https:\/\/api.w.org\/{rel}","templated":true}]}}