{"id":119951,"date":"2020-03-03T05:29:44","date_gmt":"2020-03-03T04:29:44","guid":{"rendered":"https:\/\/www.radiopiu.net\/wordpress\/?p=119951"},"modified":"2020-03-03T05:38:41","modified_gmt":"2020-03-03T04:38:41","slug":"coronavirus-vertice-in-prefettura","status":"publish","type":"post","link":"https:\/\/www.radiopiu.net\/wordpress\/coronavirus-vertice-in-prefettura\/","title":{"rendered":"CORONAVIRUS, VERTICE IN PREFETTURA"},"content":{"rendered":"<blockquote>\n<h3>IL PRESIDENTE DELLA PROVINCIA: \u00abFACCIO APPELLO AL SENSO CIVICO\u00bb<\/h3>\n<\/blockquote>\n<p><strong>BELLUNO<\/strong> \u00abIn questo momento dobbiamo fare appello al senso civico e fare in modo che tutti si attengano alle disposizioni contenute nel Dpcm, per evitare il contagio. Questa sar\u00e0 la settimana pi\u00f9 difficile, ma se ci diamo tutti una mano, possiamo uscirne senza problemi\u00bb. \u00c8 questo il messaggio del presidente della Provincia di Belluno, all\u2019uscita dalla Prefettura, dove questa mattina si \u00e8 tenuto un vertice con Ulss, forze di polizia, sindaci di Belluno e Feltre, e diocesi, per fare il punto sulla gestione dell\u2019emergenza coronavirus.<br \/>\n\u00ab\u00c8 stato analizzato il testo dell\u2019ultimo Dpcm, che contiene misure ancora pi\u00f9 restrittive e proprio per questo difficili da controllare &#8211; afferma il presidente della Provincia -. Fino all\u20188 marzo non saranno possibili tutti quegli eventi che presuppongono l\u2019assembramento di persone, comprese fiere e sagre. La distanza di un metro tra le persone \u00e8 ritenuta una precauzione sufficiente a evitare il contagio, ma sar\u00e0 complicato farla rispettare nei supermercati e nei negozi. \u00c8 per questo che dobbiamo fare appello al senso civico delle persone. La situazione \u00e8 in evoluzione e per i prossimi giorni dobbiamo attenerci a quanto prescritto, con un po\u2019 di pazienza e senza farci prendere dall\u2019ansia. Rimangono sempre valide le indicazioni di massima, di evitare affollamenti, di lavarsi spesso e bene le mani, e di chiamare il Dipartimento di Prevenzione in caso di sintomi. Un ringraziamento particolare in questo momento va a tutti i volontari che si stanno adoperando per la gestione di questa emergenza sanitaria. Esprimo vicinanza a coloro che hanno un\u2019attivit\u00e0 economica, che sicuramente subiranno danni economici, strutture ricettive in primis. Ma se tutti collaboreremo, la situazione rientrer\u00e0 presto alla normalit\u00e0\u00bb.<br \/>\nLa Prefettura ha convocato un nuovo aggiornamento per il pomeriggio, alle 17.<\/p>\n","protected":false},"excerpt":{"rendered":"<p>IL PRESIDENTE DELLA PROVINCIA: \u00abFACCIO APPELLO AL SENSO CIVICO\u00bb BELLUNO \u00abIn questo momento dobbiamo fare appello al senso civico e fare in modo che tutti si attengano alle disposizioni contenute nel Dpcm, per evitare il contagio. Questa sar\u00e0 la settimana pi\u00f9 difficile, ma se ci diamo tutti una mano, possiamo uscirne senza problemi\u00bb. \u00c8 questo&hellip;<\/p>\n","protected":false},"author":1,"featured_media":0,"comment_status":"closed","ping_status":"closed","sticky":false,"template":"","format":"standard","meta":{"_monsterinsights_skip_tracking":false,"_monsterinsights_sitenote_active":false,"_monsterinsights_sitenote_note":"","_monsterinsights_sitenote_category":0,"footnotes":""},"categories":[51,49],"tags":[],"class_list":["post-119951","post","type-post","status-publish","format-standard","hentry","category-evidenza-top","category-news-18","category-51","category-49","description-off"],"img_url":false,"_links":{"self":[{"href":"https:\/\/www.radiopiu.net\/wordpress\/wp-json\/wp\/v2\/posts\/119951","targetHints":{"allow":["GET"]}}],"collection":[{"href":"https:\/\/www.radiopiu.net\/wordpress\/wp-json\/wp\/v2\/posts"}],"about":[{"href":"https:\/\/www.radiopiu.net\/wordpress\/wp-json\/wp\/v2\/types\/post"}],"author":[{"embeddable":true,"href":"https:\/\/www.radiopiu.net\/wordpress\/wp-json\/wp\/v2\/users\/1"}],"replies":[{"embeddable":true,"href":"https:\/\/www.radiopiu.net\/wordpress\/wp-json\/wp\/v2\/comments?post=119951"}],"version-history":[{"count":0,"href":"https:\/\/www.radiopiu.net\/wordpress\/wp-json\/wp\/v2\/posts\/119951\/revisions"}],"wp:attachment":[{"href":"https:\/\/www.radiopiu.net\/wordpress\/wp-json\/wp\/v2\/media?parent=119951"}],"wp:term":[{"taxonomy":"category","embeddable":true,"href":"https:\/\/www.radiopiu.net\/wordpress\/wp-json\/wp\/v2\/categories?post=119951"},{"taxonomy":"post_tag","embeddable":true,"href":"https:\/\/www.radiopiu.net\/wordpress\/wp-json\/wp\/v2\/tags?post=119951"}],"curies":[{"name":"wp","href":"https:\/\/api.w.org\/{rel}","templated":true}]}}