{"id":119991,"date":"2020-03-02T16:45:08","date_gmt":"2020-03-02T15:45:08","guid":{"rendered":"https:\/\/www.radiopiu.net\/wordpress\/?p=119991"},"modified":"2020-03-02T16:45:08","modified_gmt":"2020-03-02T15:45:08","slug":"amicizia-di-marino-perera","status":"publish","type":"post","link":"https:\/\/www.radiopiu.net\/wordpress\/amicizia-di-marino-perera\/","title":{"rendered":"AMICIZIA di MARINO PERERA"},"content":{"rendered":"<audio class=\"wp-audio-shortcode\" id=\"audio-119991-1\" preload=\"none\" style=\"width: 100%;\" controls=\"controls\"><source type=\"audio\/mpeg\" src=\"https:\/\/www.radiopiu.net\/wordpress\/wp-content\/uploads\/2020\/03\/01-AMICIZIA-DI-MARINO-PERERA.mp3?_=1\" \/><a href=\"https:\/\/www.radiopiu.net\/wordpress\/wp-content\/uploads\/2020\/03\/01-AMICIZIA-DI-MARINO-PERERA.mp3\">https:\/\/www.radiopiu.net\/wordpress\/wp-content\/uploads\/2020\/03\/01-AMICIZIA-DI-MARINO-PERERA.mp3<\/a><\/audio>\n<p><span style=\"font-size: x-large;\"><u><b>AMICIZIA<\/b><\/u><\/span><\/p>\n<p><span style=\"font-size: large;\">Seradi entro d<\/span><span style=\"font-family: Times New Roman, serif;\"><span style=\"font-size: large;\">\u00f3<\/span><\/span><span style=\"font-size: large;\"> sac a p<\/span><span style=\"font-family: Times New Roman, serif;\"><span style=\"font-size: large;\">\u00e9<\/span><\/span><span style=\"font-size: large;\">l<\/span><\/p>\n<p><span style=\"font-size: large;\">spet<\/span><span style=\"font-family: Times New Roman, serif;\"><span style=\"font-size: large;\">\u00f3<\/span><\/span><span style=\"font-size: large;\">n che l vent al passe,<\/span><\/p>\n<p><span style=\"font-size: large;\">an vent fr<\/span><span style=\"font-family: Times New Roman, serif;\"><span style=\"font-size: large;\">\u00e9<\/span><\/span><span style=\"font-size: large;\">t che l vien d<\/span><span style=\"font-family: Times New Roman, serif;\"><span style=\"font-size: large;\">\u00f3<\/span><\/span><span style=\"font-size: large;\"> da le crode,<\/span><\/p>\n<p><span style=\"font-size: large;\">par taiarne i d<\/span><span style=\"font-family: Times New Roman, serif;\"><span style=\"font-size: large;\">\u00e9<\/span><\/span><span style=\"font-size: large;\">t ormai viola. <\/span><\/p>\n<p><span style=\"font-size: large;\">ti e mi, d<\/span><span style=\"font-family: Times New Roman, serif;\"><span style=\"font-size: large;\">\u00f3<\/span><\/span><span style=\"font-size: large;\"> amizi inamoradi de s<\/span><span style=\"font-family: Times New Roman, serif;\"><span style=\"font-size: large;\">\u00f3<\/span><\/span><span style=\"font-size: large;\">l,<\/span><\/p>\n<p><span style=\"font-size: large;\">de montagna, de silenzio, <\/span><\/p>\n<p><span style=\"font-size: large;\">de tante scarpinade tra i b<\/span><span style=\"font-family: Times New Roman, serif;\"><span style=\"font-size: large;\">\u00f3<\/span><\/span><span style=\"font-size: large;\">sc<\/span><\/p>\n<p><span style=\"font-size: large;\">ancora insieme par na lontana amicizia, <\/span><\/p>\n<p><span style=\"font-size: large;\">ad<\/span><span style=\"font-family: Times New Roman, serif;\"><span style=\"font-size: large;\">\u00e9<\/span><\/span><span style=\"font-size: large;\">s che la bufera fis-cia da far paura<\/span><\/p>\n<p><span style=\"font-size: large;\">a i c\u00f2rf e ai falchi<\/span><\/p>\n<p><span style=\"font-size: large;\">bev<\/span><span style=\"font-family: Times New Roman, serif;\"><span style=\"font-size: large;\">\u00f3<\/span><\/span><span style=\"font-size: large;\">n an cuch<\/span><span style=\"font-family: Times New Roman, serif;\"><span style=\"font-size: large;\">\u00e9<\/span><\/span><span style=\"font-size: large;\">t de sgnapa<\/span><\/p>\n<p><span style=\"font-size: large;\">e se parl<\/span><span style=\"font-family: Times New Roman, serif;\"><span style=\"font-size: large;\">\u00f3<\/span><\/span><span style=\"font-size: large;\">n, par farse cor\u00e0io,<\/span><\/p>\n<p><span style=\"font-size: large;\">de b\u00f2n temp, de speranze.<\/span><\/p>\n<p><span style=\"font-size: large;\">Amicizia, parola v\u00e8cia come la t\u00e8ra,<\/span><\/p>\n<p><span style=\"font-size: large;\">forte, come na man<\/span><\/p>\n<p><span style=\"font-size: large;\">che se tende sora n strapionbo,<\/span><\/p>\n<p><span style=\"font-size: large;\">tenera, come na car<\/span><span style=\"font-family: Times New Roman, serif;\"><span style=\"font-size: large;\">\u00e9<\/span><\/span><span style=\"font-size: large;\">za de to mare lontana, <\/span><\/p>\n<p><span style=\"font-size: large;\">sicura, come la v<\/span><span style=\"font-family: Times New Roman, serif;\"><span style=\"font-size: large;\">\u00f3<\/span><\/span><span style=\"font-size: large;\">ze de to pare entro l c<\/span><span style=\"font-family: Times New Roman, serif;\"><span style=\"font-size: large;\">\u00f3<\/span><\/span><span style=\"font-size: large;\">r.<\/span><\/p>\n<p><span style=\"font-size: large;\">Ti amigo sc<\/span><span style=\"font-family: Times New Roman, serif;\"><span style=\"font-size: large;\">\u00f3<\/span><\/span><span style=\"font-size: large;\">lta, dopo l vent<\/span><\/p>\n<p><span style=\"font-size: large;\">la c\u00f2rda sar\u00e0 ancora pi salda,<\/span><\/p>\n<p><span style=\"font-size: large;\">i mart<\/span><span style=\"font-family: Times New Roman, serif;\"><span style=\"font-size: large;\">\u00e9<\/span><\/span><span style=\"font-size: large;\">i i bater\u00e0 su i ci\u00f2di come na canzon<\/span><\/p>\n<p><span style=\"font-size: large;\">par portarne in zima, la su verso l sol.<\/span><\/p>\n","protected":false},"excerpt":{"rendered":"<p>AMICIZIA Seradi entro d\u00f3 sac a p\u00e9l spet\u00f3n che l vent al passe, an vent fr\u00e9t che l vien d\u00f3 da le crode, par taiarne i d\u00e9t ormai viola. ti e mi, d\u00f3 amizi inamoradi de s\u00f3l, de montagna, de silenzio, de tante scarpinade tra i b\u00f3sc ancora insieme par na lontana amicizia, ad\u00e9s che&hellip;<\/p>\n","protected":false},"author":1,"featured_media":119999,"comment_status":"closed","ping_status":"closed","sticky":false,"template":"","format":"standard","meta":{"_monsterinsights_skip_tracking":false,"_monsterinsights_sitenote_active":false,"_monsterinsights_sitenote_note":"","_monsterinsights_sitenote_category":0,"footnotes":""},"categories":[22,49],"tags":[],"class_list":["post-119991","post","type-post","status-publish","format-standard","has-post-thumbnail","hentry","category-invivoverso","category-news-18","category-22","category-49","description-off"],"img_url":"https:\/\/www.radiopiu.net\/wordpress\/wp-content\/uploads\/2020\/03\/marino-perera-foto.jpg","_links":{"self":[{"href":"https:\/\/www.radiopiu.net\/wordpress\/wp-json\/wp\/v2\/posts\/119991","targetHints":{"allow":["GET"]}}],"collection":[{"href":"https:\/\/www.radiopiu.net\/wordpress\/wp-json\/wp\/v2\/posts"}],"about":[{"href":"https:\/\/www.radiopiu.net\/wordpress\/wp-json\/wp\/v2\/types\/post"}],"author":[{"embeddable":true,"href":"https:\/\/www.radiopiu.net\/wordpress\/wp-json\/wp\/v2\/users\/1"}],"replies":[{"embeddable":true,"href":"https:\/\/www.radiopiu.net\/wordpress\/wp-json\/wp\/v2\/comments?post=119991"}],"version-history":[{"count":0,"href":"https:\/\/www.radiopiu.net\/wordpress\/wp-json\/wp\/v2\/posts\/119991\/revisions"}],"wp:featuredmedia":[{"embeddable":true,"href":"https:\/\/www.radiopiu.net\/wordpress\/wp-json\/wp\/v2\/media\/119999"}],"wp:attachment":[{"href":"https:\/\/www.radiopiu.net\/wordpress\/wp-json\/wp\/v2\/media?parent=119991"}],"wp:term":[{"taxonomy":"category","embeddable":true,"href":"https:\/\/www.radiopiu.net\/wordpress\/wp-json\/wp\/v2\/categories?post=119991"},{"taxonomy":"post_tag","embeddable":true,"href":"https:\/\/www.radiopiu.net\/wordpress\/wp-json\/wp\/v2\/tags?post=119991"}],"curies":[{"name":"wp","href":"https:\/\/api.w.org\/{rel}","templated":true}]}}