{"id":120006,"date":"2020-03-02T23:58:54","date_gmt":"2020-03-02T22:58:54","guid":{"rendered":"https:\/\/www.radiopiu.net\/wordpress\/?p=120006"},"modified":"2020-03-02T17:00:59","modified_gmt":"2020-03-02T16:00:59","slug":"il-4-marzo-del-1973-il-sacrificio-del-parroco-s-costa-di-reane-di-renato-bona","status":"publish","type":"post","link":"https:\/\/www.radiopiu.net\/wordpress\/il-4-marzo-del-1973-il-sacrificio-del-parroco-s-costa-di-reane-di-renato-bona\/","title":{"rendered":"Il 4 MARZO DEL 1973 IL SACRIFICIO DEL PARROCO S. COSTA DI REANE di RENATO BONA"},"content":{"rendered":"<p><span class=\"_5yl5\"><strong>BELLUNO<\/strong> Annualmente, il suo sacrificio &#8211; quello di don Sebastiano Costa &#8211; viene ricordato con una semplice cerimonia religiosa e la deposizione di omaggi floreali sulla tomba che lo accoglie nel camposanto auronzano di Villagrande. Nel sito amicodelpopolo.it che riportava la notizia della cerimonia commemorativa del 2019, si pu\u00f2 leggere questo commento di un trevigiano: \u201cQuesti avvenimenti sono veramente da ricordare e tenere nel cuore soprattutto chi come questo parroco ha donato la propria vita per gli altri come da decenni lo stanno facendo gli straordinari uomini del soccorso alpino dove anche loro a volte sono andati incontro alla perdita di uomini coraggiosi nel fare il proprio dovere. Evviva il soccorso alpino bellunese\u201d. Del Soccorso alpino, il primo parroco della neonata parrocchia \u201cRegina Pacis\u201d era stato capo della stazione di Auronzo oltre ad essere stato vice presidente del Cai locale. E si capisce dunque perch\u00e9 il suo ricordo e la riconoscenza siano ben presenti in particolare fra gli appassionati della montagna, auronzani e agordini, ma non solo. L\u2019esemplare figura di Sebastiano Costa, che era nato in quel di Falcade il 23 agosto 1927, l\u2019ultima volta \u00e8 stata ricordata il 23 agosto scorso, anniversario della nascita, con una cerimonia cui avevano partecipato il sindaco di Auronzo di Cadore, Tatiana Pais Becher (ha esaltato l\u2019attualit\u00e0 dell\u2019esempio di don Sebastiano), il parroco don Renzo Roncada che aveva impartito la benedizione alla tomba, il presidente della locale sezione del club alpino italiano, Stefano Mussi, quello del soccorso alpino, Giuseppe Zandegiacono Sampogna (ha rievocato oltre al tragico evento che cost\u00f2 la vita al sacerdote &#8211; rovinato in un precipizio mentre era impegnato sul Col Giralba nel salvataggio di alcuni ragazzi di una colonia di Forl\u00ec, in difficolt\u00e0 tra le rocce in occasione di una escursione &#8211; anche la sua grande e costante disponibilit\u00e0 con il prossimo. Da ultimo un parente, Gianni Strim aveva esposto con ricordi personali vari aspetti della personalit\u00e0 e della grande generosit\u00e0 di Costa. Del quale il pubblicista Roberto Bona ricordava con un servizio dell\u201911 settembre 2007 per il Corriere delle Alpi che \u201cAlla fine degli anni Quaranta, quando era ancora seminarista, \u2018dopo la turbolenza della guerra\u2019 e con una decina di altri giovani guidati da un sacerdote decise di portare una croce sulla Gusela del Vescov\u00e0, nel gruppo della Schiara. La croce voleva essere un segno di pace e di ringraziamento per la fine degli orrori. Costa, che era gi\u00e0 un buon alpinista e aveva arrampicato anche con l&#8217;esperto Nereo Cusinato, riusc\u00ec con questi a portare sulla sommit\u00e0 dei cento metri della Gusela la croce metallica alta tre metri, ma sulla via del ritorno rischi\u00f2 di volare nel vuoto&#8230; Ordinato sacerdote negli anni Cinquanta, don Sebastiano prese servizio a Reane, facendosi subito ben volere dai parrocchiani che ne apprezzavano le doti di umanit\u00e0, generosit\u00e0, disponibilit\u00e0 verso gli anziani e gli ammalati. Fu soprattutto un maestro di vita per i giovani, sia quelli della sua parrocchia sia quelli delle scuole dove insegnava. Non aveva dimenticato la passione per la montagna e si era iscritto al Cai di Auronzo, di cui divenne anche vice presidente e nel cui ambito cre\u00f2 la sezione di Soccorso alpino\u201d. Concludiamo ricordando che alla mesta cerimonia dello scorso anno erano intervenuti anche numerosi volontari del Soccorso alpino della Valle del Biois, terra natale di don Sebastiano che aveva portato in dono un lavoro del conterraneo Augusto Murer dedicato al sacerdote mentre i loro colleghi auronzani avevano fatto dono ai parenti della sua domanda, datata 25 luglio 1965, di iscrizione al Soccorso alpino. <\/span><\/p>\n\n\t\t\t<style type='text\/css'>\n\t\t\t\t#gallery-1 {\n\t\t\t\t\tmargin: auto;\n\t\t\t\t}\n\t\t\t\t#gallery-1 .gallery-item {\n\t\t\t\t\tfloat: left;\n\t\t\t\t\tmargin-top: 10px;\n\t\t\t\t\ttext-align: center;\n\t\t\t\t\twidth: 33%;\n\t\t\t\t}\n\t\t\t\t#gallery-1 img {\n\t\t\t\t\tborder: 2px solid #cfcfcf;\n\t\t\t\t}\n\t\t\t\t#gallery-1 .gallery-caption {\n\t\t\t\t\tmargin-left: 0;\n\t\t\t\t}\n\t\t\t\t\/* see gallery_shortcode() in wp-includes\/media.php *\/\n\t\t\t<\/style>\n\t\t<div id='gallery-1' class='dt-gallery-container gallery galleryid-120006 gallery-columns-3 gallery-size-thumbnail'><dl class='gallery-item'>\n\t\t\t\t<dt class='gallery-icon portrait'>\n\t\t\t\t\t<a class=\"rollover\" href='https:\/\/www.radiopiu.net\/wordpress\/il-4-marzo-del-1973-il-sacrificio-del-parroco-s-costa-di-reane-di-renato-bona\/89108956_2951576291530148_1513635900624470016_n\/'><img loading=\"lazy\" decoding=\"async\" width=\"150\" height=\"150\" src=\"https:\/\/www.radiopiu.net\/wordpress\/wp-content\/uploads\/2020\/03\/89108956_2951576291530148_1513635900624470016_n-150x150.jpg\" class=\"attachment-thumbnail size-thumbnail\" alt=\"\" \/><\/a>\n\t\t\t\t<\/dt><\/dl><dl class='gallery-item'>\n\t\t\t\t<dt class='gallery-icon landscape'>\n\t\t\t\t\t<a class=\"rollover\" href='https:\/\/www.radiopiu.net\/wordpress\/il-4-marzo-del-1973-il-sacrificio-del-parroco-s-costa-di-reane-di-renato-bona\/88048079_585556452034119_4672232606190796800_n\/'><img loading=\"lazy\" decoding=\"async\" width=\"150\" height=\"150\" src=\"https:\/\/www.radiopiu.net\/wordpress\/wp-content\/uploads\/2020\/03\/88048079_585556452034119_4672232606190796800_n-150x150.jpg\" class=\"attachment-thumbnail size-thumbnail\" alt=\"\" \/><\/a>\n\t\t\t\t<\/dt><\/dl><dl class='gallery-item'>\n\t\t\t\t<dt class='gallery-icon landscape'>\n\t\t\t\t\t<a class=\"rollover\" href='https:\/\/www.radiopiu.net\/wordpress\/il-4-marzo-del-1973-il-sacrificio-del-parroco-s-costa-di-reane-di-renato-bona\/88347002_768167773706458_4935799252904312832_n\/'><img loading=\"lazy\" decoding=\"async\" width=\"150\" height=\"150\" src=\"https:\/\/www.radiopiu.net\/wordpress\/wp-content\/uploads\/2020\/03\/88347002_768167773706458_4935799252904312832_n-150x150.jpg\" class=\"attachment-thumbnail size-thumbnail\" alt=\"\" \/><\/a>\n\t\t\t\t<\/dt><\/dl><br style=\"clear: both\" \/><dl class='gallery-item'>\n\t\t\t\t<dt class='gallery-icon landscape'>\n\t\t\t\t\t<a class=\"rollover\" href='https:\/\/www.radiopiu.net\/wordpress\/il-4-marzo-del-1973-il-sacrificio-del-parroco-s-costa-di-reane-di-renato-bona\/88012350_530280134285032_8121150362024411136_n\/'><img loading=\"lazy\" decoding=\"async\" width=\"150\" height=\"150\" src=\"https:\/\/www.radiopiu.net\/wordpress\/wp-content\/uploads\/2020\/03\/88012350_530280134285032_8121150362024411136_n-150x150.png\" class=\"attachment-thumbnail size-thumbnail\" alt=\"\" \/><\/a>\n\t\t\t\t<\/dt><\/dl><dl class='gallery-item'>\n\t\t\t\t<dt class='gallery-icon landscape'>\n\t\t\t\t\t<a class=\"rollover\" href='https:\/\/www.radiopiu.net\/wordpress\/il-4-marzo-del-1973-il-sacrificio-del-parroco-s-costa-di-reane-di-renato-bona\/89065255_195383231677796_6964456742260310016_n\/'><img loading=\"lazy\" decoding=\"async\" width=\"150\" height=\"150\" src=\"https:\/\/www.radiopiu.net\/wordpress\/wp-content\/uploads\/2020\/03\/89065255_195383231677796_6964456742260310016_n-150x150.png\" class=\"attachment-thumbnail size-thumbnail\" alt=\"\" \/><\/a>\n\t\t\t\t<\/dt><\/dl>\n\t\t\t\t<br style='clear: both' \/>\n\t\t\t<\/div>\n\n<p><span class=\"_5yl5\">NELLE FOTO (Echi di Agordo, Amico del Popolo e sito caiauronzo): immagini di don Sebastiano Costa; scorcio di Col Giralba; la benedizione della sua tomba ad Auronzo; un momento della cerimonia dello scorso anno con il sindaco Tatiana Pais Becher.<\/span><\/p>\n","protected":false},"excerpt":{"rendered":"<p>BELLUNO Annualmente, il suo sacrificio &#8211; quello di don Sebastiano Costa &#8211; viene ricordato con una semplice cerimonia religiosa e la deposizione di omaggi floreali sulla tomba che lo accoglie nel camposanto auronzano di Villagrande. Nel sito amicodelpopolo.it che riportava la notizia della cerimonia commemorativa del 2019, si pu\u00f2 leggere questo commento di un trevigiano:&hellip;<\/p>\n","protected":false},"author":1,"featured_media":120007,"comment_status":"closed","ping_status":"closed","sticky":false,"template":"","format":"standard","meta":{"_monsterinsights_skip_tracking":false,"_monsterinsights_sitenote_active":false,"_monsterinsights_sitenote_note":"","_monsterinsights_sitenote_category":0,"footnotes":""},"categories":[49],"tags":[],"class_list":["post-120006","post","type-post","status-publish","format-standard","has-post-thumbnail","hentry","category-news-18","category-49","description-off"],"img_url":"https:\/\/www.radiopiu.net\/wordpress\/wp-content\/uploads\/2020\/03\/88048079_585556452034119_4672232606190796800_n.jpg","_links":{"self":[{"href":"https:\/\/www.radiopiu.net\/wordpress\/wp-json\/wp\/v2\/posts\/120006","targetHints":{"allow":["GET"]}}],"collection":[{"href":"https:\/\/www.radiopiu.net\/wordpress\/wp-json\/wp\/v2\/posts"}],"about":[{"href":"https:\/\/www.radiopiu.net\/wordpress\/wp-json\/wp\/v2\/types\/post"}],"author":[{"embeddable":true,"href":"https:\/\/www.radiopiu.net\/wordpress\/wp-json\/wp\/v2\/users\/1"}],"replies":[{"embeddable":true,"href":"https:\/\/www.radiopiu.net\/wordpress\/wp-json\/wp\/v2\/comments?post=120006"}],"version-history":[{"count":0,"href":"https:\/\/www.radiopiu.net\/wordpress\/wp-json\/wp\/v2\/posts\/120006\/revisions"}],"wp:featuredmedia":[{"embeddable":true,"href":"https:\/\/www.radiopiu.net\/wordpress\/wp-json\/wp\/v2\/media\/120007"}],"wp:attachment":[{"href":"https:\/\/www.radiopiu.net\/wordpress\/wp-json\/wp\/v2\/media?parent=120006"}],"wp:term":[{"taxonomy":"category","embeddable":true,"href":"https:\/\/www.radiopiu.net\/wordpress\/wp-json\/wp\/v2\/categories?post=120006"},{"taxonomy":"post_tag","embeddable":true,"href":"https:\/\/www.radiopiu.net\/wordpress\/wp-json\/wp\/v2\/tags?post=120006"}],"curies":[{"name":"wp","href":"https:\/\/api.w.org\/{rel}","templated":true}]}}