{"id":120025,"date":"2020-03-03T05:32:22","date_gmt":"2020-03-03T04:32:22","guid":{"rendered":"https:\/\/www.radiopiu.net\/wordpress\/?p=120025"},"modified":"2020-03-03T05:37:35","modified_gmt":"2020-03-03T04:37:35","slug":"oggi-iniziano-i-quarti-di-finale-della-ihl","status":"publish","type":"post","link":"https:\/\/www.radiopiu.net\/wordpress\/oggi-iniziano-i-quarti-di-finale-della-ihl\/","title":{"rendered":"OGGI INIZIANO I QUARTI DI FINALE DELLA IHL"},"content":{"rendered":"<p class=\"p1\"><span class=\"s1\"><b><a class=\"dt-pswp-item\" href=\"https:\/\/www.radiopiu.net\/wordpress\/wp-content\/uploads\/2019\/08\/logo-alleghe-hockey.png\" data-dt-img-description=\"\" data-large_image_width=\"547\" data-large_image_height=\"512\"><img loading=\"lazy\" decoding=\"async\" class=\"size-medium wp-image-95699 alignleft\" src=\"https:\/\/www.radiopiu.net\/wordpress\/wp-content\/uploads\/2019\/08\/logo-alleghe-hockey-300x281.png\" alt=\"\" width=\"300\" height=\"281\" srcset=\"https:\/\/www.radiopiu.net\/wordpress\/wp-content\/uploads\/2019\/08\/logo-alleghe-hockey-300x281.png 300w, https:\/\/www.radiopiu.net\/wordpress\/wp-content\/uploads\/2019\/08\/logo-alleghe-hockey.png 547w\" sizes=\"auto, (max-width: 300px) 100vw, 300px\" \/><\/a>ALLEGHE<\/b> Al via questa sera i quarti di finale della IHL. Dopo 10 giorni di stop forzato a causa del Coronavirus, l\u2019Alleghe Hockey affronta questa sera la prima partita della fase finale. Di fronte il Merano, squadra che ha concluso al primo posto le prime due fasi della stagione. Le aquile altoatesine sono candidate al titolo 2020 e fin\u2019ora non hanno sbagliato un colpo contro le civette. Sar\u00e0 la quarta volta consecutiva che i biancorossi si troveranno di fronte il Merano nei quarti di finale della IHL. Nelle tre stagioni precedenti non \u00e8 andata bene per gli agordini che nei playoff hanno subito 9 sconfitte su 10 partite giocate. Non sar\u00e0 sicuramente una passeggiata per la squadra di Matikainen chiamata ad un\u2019impresa in un momento molto difficile dopo i due lutti che hanno colpito la societ\u00e0 alleghese, prima il presidente Renato Rossi poi l\u2019ex vicepresidente Claudio Franceschini, due figure che hanno dato molto all\u2019Alleghe Hockey. Intanto gioved\u00ec sera si giocher\u00e0 gara 2 al De Toni di Alleghe ma la sfida sar\u00e0 a porte chiuse. Potranno entrare allo stadio solo gli addetti ai lavori mentre i tifosi dovranno rimanere a casa con un orecchio alla radio per seguire le gesta delle civette. Da ricordare che anche questa sera \u00e8 vietata la trasferta ai tifosi agordini dopo il DPCM uscito domenica sera che vieta ogni trasferta alle tifoserie che arrivano dalle regioni Veneto, Lombardia ed Emilia Romagna. Radio Pi\u00f9 sar\u00e0 in prima linea per informare gli ascoltatori sulle partite dei quarti di finale seguendo le gare delle civette con \u201cHockey Al Punto Giusto\u201d. Il primo appuntamento stasera alle 20:30.<\/span><\/p>\n","protected":false},"excerpt":{"rendered":"<p>ALLEGHE Al via questa sera i quarti di finale della IHL. Dopo 10 giorni di stop forzato a causa del Coronavirus, l\u2019Alleghe Hockey affronta questa sera la prima partita della fase finale. Di fronte il Merano, squadra che ha concluso al primo posto le prime due fasi della stagione. Le aquile altoatesine sono candidate al&hellip;<\/p>\n","protected":false},"author":4,"featured_media":95699,"comment_status":"closed","ping_status":"closed","sticky":false,"template":"","format":"standard","meta":{"_monsterinsights_skip_tracking":false,"_monsterinsights_sitenote_active":false,"_monsterinsights_sitenote_note":"","_monsterinsights_sitenote_category":0,"footnotes":""},"categories":[49,72],"tags":[],"class_list":["post-120025","post","type-post","status-publish","format-standard","has-post-thumbnail","hentry","category-news-18","category-sport","category-49","category-72","description-off"],"img_url":"https:\/\/www.radiopiu.net\/wordpress\/wp-content\/uploads\/2019\/08\/logo-alleghe-hockey.png","_links":{"self":[{"href":"https:\/\/www.radiopiu.net\/wordpress\/wp-json\/wp\/v2\/posts\/120025","targetHints":{"allow":["GET"]}}],"collection":[{"href":"https:\/\/www.radiopiu.net\/wordpress\/wp-json\/wp\/v2\/posts"}],"about":[{"href":"https:\/\/www.radiopiu.net\/wordpress\/wp-json\/wp\/v2\/types\/post"}],"author":[{"embeddable":true,"href":"https:\/\/www.radiopiu.net\/wordpress\/wp-json\/wp\/v2\/users\/4"}],"replies":[{"embeddable":true,"href":"https:\/\/www.radiopiu.net\/wordpress\/wp-json\/wp\/v2\/comments?post=120025"}],"version-history":[{"count":0,"href":"https:\/\/www.radiopiu.net\/wordpress\/wp-json\/wp\/v2\/posts\/120025\/revisions"}],"wp:featuredmedia":[{"embeddable":true,"href":"https:\/\/www.radiopiu.net\/wordpress\/wp-json\/wp\/v2\/media\/95699"}],"wp:attachment":[{"href":"https:\/\/www.radiopiu.net\/wordpress\/wp-json\/wp\/v2\/media?parent=120025"}],"wp:term":[{"taxonomy":"category","embeddable":true,"href":"https:\/\/www.radiopiu.net\/wordpress\/wp-json\/wp\/v2\/categories?post=120025"},{"taxonomy":"post_tag","embeddable":true,"href":"https:\/\/www.radiopiu.net\/wordpress\/wp-json\/wp\/v2\/tags?post=120025"}],"curies":[{"name":"wp","href":"https:\/\/api.w.org\/{rel}","templated":true}]}}