{"id":120041,"date":"2020-03-03T08:34:51","date_gmt":"2020-03-03T07:34:51","guid":{"rendered":"https:\/\/www.radiopiu.net\/wordpress\/?p=120041"},"modified":"2020-03-03T10:28:27","modified_gmt":"2020-03-03T09:28:27","slug":"coronavirus-e-luxottica-prevenzione-e-attenzione","status":"publish","type":"post","link":"https:\/\/www.radiopiu.net\/wordpress\/coronavirus-e-luxottica-prevenzione-e-attenzione\/","title":{"rendered":"CORONAVIRUS E LUXOTTICA, PREVENZIONE E ATTENZIONE"},"content":{"rendered":"<blockquote>\n<h3>Apripista lo stabilimento di Cencenighe<\/h3>\n<p><span style=\"color: #ff0000;\"><strong>con il contributo di Claudio Pra, Rsu Cisl Cencenighe\u00a0<\/strong><\/span><\/p><\/blockquote>\n<p><strong><span style=\"color: #ff0000;\"><a class=\"dt-pswp-item\" style=\"color: #ff0000;\" href=\"https:\/\/www.radiopiu.net\/wordpress\/wp-content\/uploads\/2018\/02\/LUX-CENCENGIHE.jpg\" data-dt-img-description=\"\" data-large_image_width=\"640\" data-large_image_height=\"300\"><img loading=\"lazy\" decoding=\"async\" class=\" wp-image-43253 alignleft\" src=\"https:\/\/www.radiopiu.net\/wordpress\/wp-content\/uploads\/2018\/02\/LUX-CENCENGIHE-300x141.jpg\" alt=\"\" width=\"331\" height=\"156\" srcset=\"https:\/\/www.radiopiu.net\/wordpress\/wp-content\/uploads\/2018\/02\/LUX-CENCENGIHE-300x141.jpg 300w, https:\/\/www.radiopiu.net\/wordpress\/wp-content\/uploads\/2018\/02\/LUX-CENCENGIHE.jpg 640w\" sizes=\"auto, (max-width: 331px) 100vw, 331px\" \/><\/a><\/span>CENCENIGHE\u00a0<\/strong> In Luxottica, nell\u2019ambito della prevenzione per l\u2019emergenza Coronavirus, sar\u00e0 attuato un piano teso a limitare il pi\u00f9 possibile il contatto tra persone in un ambiente affollato quale quello della fabbrica. Una importante forma di prevenzione per salvaguardare la salute dei lavoratori e nel contempo le attivit\u00e0 produttive, pur se negli stabilimenti Luxottica Italia non ci sono attualmente dei casi di positivit\u00e0 al Coronavirus ma solo un limitatissimo numero di lavoratori messi in \u201cquarantena preventiva\u201d a scopo precauzionale. Il primo stabilimento a mettere in atto il piano \u00e8 quello di Cencenighe, che si presta per la sua peculiarit\u00e0 a fare da apripista. Ieri i lavoratori hanno partecipato a un momento informativo in cui congiuntamente Azienda e Sindacato li hanno messi al corrente delle iniziative di prevenzione concordate, che non solo recepiscono le direttive del Ministero della Salute ma vanno oltre, incrementando le tutele. Sostanzialmente lo stabilimento verr\u00e0 diviso in blocchi indipendenti per evitare ammassamenti, con la revisione di modalit\u00e0, orari di lavoro, orari mensa e orari pause. L\u2019impatto dei cambi di orario sar\u00e0 pressoch\u00e9 nullo sulla gran parte dei lavoratori a turno, per cui sostanzialmente non cambier\u00e0 nulla, mentre potr\u00e0 creare qualche disagio, si spera per un periodo limitato, ai lavoratori a giornata e parte dei lavoratori part-time a cui sar\u00e0 provvisoriamente assegnato un nuovo orario cercando di venire incontro per quanto possibile ad esigenze personali. Gli spogliatoi verranno inoltre chiusi, sempre per evitare assembramenti, ed ogni blocco avr\u00e0 entrate ed uscite dallo stabilimento differenziate. Inoltre la disposizione di tavoli e sedie nel locale mensa sar\u00e0 rivista. Per quanto riguarda il trasporto, verranno utilizzate due distinte corriere per raggiungere la sede di Cencenighe e quella di Agordo. Tutto ci\u00f2, si ribadisce, \u00e8 teso ad una efficace prevenzione che per\u00f2 passa anche per un corretto comportamento al di fuori dell\u2019ambito lavorativo, cosa di cui deve ovviamente farsi carico il singolo lavoratore. Sono state anche spiegate alcune regole di buon senso, tra cui non sottovalutare leggeri sintomi influenzali o da raffreddamento per i quali \u00e8 meglio consultare il medico. A questo proposito la non incidenza delle giornate di malattia sul premio legato alla presenza \u00e8 un\u2019altra iniziativa che va incontro all\u2019attuale emergenza. Sostanzialmente dall\u2019incontro \u00e8 uscito un messaggio positivo e la consapevolezza che, lungi dal voler creare disagi alle persone, tutte le iniziative messe in atto servono, come gi\u00e0 ricordato, alla loro tutela e a quella dell\u2019attivit\u00e0 produttiva, sperando che al pi\u00f9 presto si possa tornare alla normalit\u00e0.<\/p>\n<p>&nbsp;<\/p>\n","protected":false},"excerpt":{"rendered":"<p>Apripista lo stabilimento di Cencenighe con il contributo di Claudio Pra, Rsu Cisl Cencenighe\u00a0 CENCENIGHE\u00a0 In Luxottica, nell\u2019ambito della prevenzione per l\u2019emergenza Coronavirus, sar\u00e0 attuato un piano teso a limitare il pi\u00f9 possibile il contatto tra persone in un ambiente affollato quale quello della fabbrica. Una importante forma di prevenzione per salvaguardare la salute dei&hellip;<\/p>\n","protected":false},"author":1,"featured_media":0,"comment_status":"closed","ping_status":"closed","sticky":false,"template":"","format":"standard","meta":{"_monsterinsights_skip_tracking":false,"_monsterinsights_sitenote_active":false,"_monsterinsights_sitenote_note":"","_monsterinsights_sitenote_category":0,"footnotes":""},"categories":[104,49],"tags":[],"class_list":["post-120041","post","type-post","status-publish","format-standard","hentry","category-evidenza_3","category-news-18","category-104","category-49","description-off"],"img_url":false,"_links":{"self":[{"href":"https:\/\/www.radiopiu.net\/wordpress\/wp-json\/wp\/v2\/posts\/120041","targetHints":{"allow":["GET"]}}],"collection":[{"href":"https:\/\/www.radiopiu.net\/wordpress\/wp-json\/wp\/v2\/posts"}],"about":[{"href":"https:\/\/www.radiopiu.net\/wordpress\/wp-json\/wp\/v2\/types\/post"}],"author":[{"embeddable":true,"href":"https:\/\/www.radiopiu.net\/wordpress\/wp-json\/wp\/v2\/users\/1"}],"replies":[{"embeddable":true,"href":"https:\/\/www.radiopiu.net\/wordpress\/wp-json\/wp\/v2\/comments?post=120041"}],"version-history":[{"count":0,"href":"https:\/\/www.radiopiu.net\/wordpress\/wp-json\/wp\/v2\/posts\/120041\/revisions"}],"wp:attachment":[{"href":"https:\/\/www.radiopiu.net\/wordpress\/wp-json\/wp\/v2\/media?parent=120041"}],"wp:term":[{"taxonomy":"category","embeddable":true,"href":"https:\/\/www.radiopiu.net\/wordpress\/wp-json\/wp\/v2\/categories?post=120041"},{"taxonomy":"post_tag","embeddable":true,"href":"https:\/\/www.radiopiu.net\/wordpress\/wp-json\/wp\/v2\/tags?post=120041"}],"curies":[{"name":"wp","href":"https:\/\/api.w.org\/{rel}","templated":true}]}}