{"id":120101,"date":"2020-03-03T17:06:52","date_gmt":"2020-03-03T16:06:52","guid":{"rendered":"https:\/\/www.radiopiu.net\/wordpress\/?p=120101"},"modified":"2020-03-04T08:51:57","modified_gmt":"2020-03-04T07:51:57","slug":"120101-2","status":"publish","type":"post","link":"https:\/\/www.radiopiu.net\/wordpress\/120101-2\/","title":{"rendered":"GIORNALE RADIOPIU 04 MARZO 2020 direttore Mirko Mezzacasa"},"content":{"rendered":"<h3><strong><a class=\"dt-pswp-item\" href=\"https:\/\/www.radiopiu.net\/wordpress\/wp-content\/uploads\/2020\/03\/telegram-1500-0rizz.png\" data-dt-img-description=\"\" data-large_image_width=\"600\" data-large_image_height=\"200\"><img loading=\"lazy\" decoding=\"async\" class=\" wp-image-120165 alignleft\" src=\"https:\/\/www.radiopiu.net\/wordpress\/wp-content\/uploads\/2020\/03\/telegram-1500-0rizz-300x100.png\" alt=\"\" width=\"255\" height=\"85\" srcset=\"https:\/\/www.radiopiu.net\/wordpress\/wp-content\/uploads\/2020\/03\/telegram-1500-0rizz-300x100.png 300w, https:\/\/www.radiopiu.net\/wordpress\/wp-content\/uploads\/2020\/03\/telegram-1500-0rizz.png 600w\" sizes=\"auto, (max-width: 255px) 100vw, 255px\" \/><\/a>PER RICEVERE QUESTO NOTIZIARIO DIRETTAMENTE SUL TUO CELLULARE ISCRIVITI AL CANALE <span style=\"color: #0000ff;\">TELEGRAM<\/span><\/strong><\/h3>\n<p><strong>&#8220;<span style=\"color: #ff0000;\">RADIO PIU\u00a0 INFORMAZIONE<span style=\"color: #000000;\">&#8221;\u00a0<\/span><\/span><\/strong><\/p>\n<blockquote><p>&nbsp;<\/p><\/blockquote>\n<div style=\"width: 640px;\" class=\"wp-video\"><video class=\"wp-video-shortcode\" id=\"video-120101-1\" width=\"640\" height=\"480\" preload=\"metadata\" controls=\"controls\"><source type=\"video\/mp4\" src=\"https:\/\/www.radiopiu.net\/wordpress\/wp-content\/uploads\/2020\/03\/WhatsApp-Video-2020-03-02-at-17.22.00.mp4?_=1\" \/><a href=\"https:\/\/www.radiopiu.net\/wordpress\/wp-content\/uploads\/2020\/03\/WhatsApp-Video-2020-03-02-at-17.22.00.mp4\">https:\/\/www.radiopiu.net\/wordpress\/wp-content\/uploads\/2020\/03\/WhatsApp-Video-2020-03-02-at-17.22.00.mp4<\/a><\/video><\/div>\n<p>&nbsp;<\/p>\n<p>&nbsp;<\/p>\n<p>&nbsp;<\/p>\n<hr \/>\n<hr \/>\n<hr \/>\n<h2>LUTTO A RADIO PIU<\/h2>\n<p><strong>AGORDO<\/strong> E&#8217; mancato ieri sera a 86 anni il pap\u00e0 del nostro Gianfranco &#8220;Skossa&#8221; Tom\u00e8. Mario detto &#8220;Mamo&#8221; viveva ad Agordo nella sua casa vicino all&#8217;ospedale. Prima della meritata pensione ha trascorso una vita tra inchiostro e stampe in una tipografia di Belluno. Oltre al figlio lascia la sorella e gli amati nipoti. Giovedi (in mattinata o nel pomeriggio) la tumulazione nel cimitero di Agordo. Al nostro &#8220;Skossa&#8221;, alla moglie Elena e al figlio Francesco giunga il nostro messaggio di cordoglio.<\/p>\n<p>&nbsp;<\/p>\n<hr \/>\n<hr \/>\n<blockquote>\n<hr \/>\n<\/blockquote>\n<h3><\/h3>\n<blockquote>\n<h2><\/h2>\n<h2 style=\"text-align: center;\"><a class=\"dt-pswp-item\" href=\"https:\/\/www.radiopiu.net\/wordpress\/wp-content\/uploads\/2020\/03\/earthquake-3167693_960_720.jpg\" data-dt-img-description=\"\" data-large_image_width=\"960\" data-large_image_height=\"654\"><img loading=\"lazy\" decoding=\"async\" class=\"size-medium wp-image-120214 alignleft\" src=\"https:\/\/www.radiopiu.net\/wordpress\/wp-content\/uploads\/2020\/03\/earthquake-3167693_960_720-300x204.jpg\" alt=\"\" width=\"300\" height=\"204\" srcset=\"https:\/\/www.radiopiu.net\/wordpress\/wp-content\/uploads\/2020\/03\/earthquake-3167693_960_720-300x204.jpg 300w, https:\/\/www.radiopiu.net\/wordpress\/wp-content\/uploads\/2020\/03\/earthquake-3167693_960_720-768x523.jpg 768w, https:\/\/www.radiopiu.net\/wordpress\/wp-content\/uploads\/2020\/03\/earthquake-3167693_960_720.jpg 960w\" sizes=\"auto, (max-width: 300px) 100vw, 300px\" \/><\/a>UN&#8217; ALTRA SCOSSA DI TERREMOTO\u00a0 A PEDAVENA<\/h2>\n<p>&nbsp;<\/p>\n<p>&nbsp;<\/p>\n<p>&nbsp;<\/p>\n<p><strong>DI DAMIANO TORMEN<\/strong><\/p><\/blockquote>\n<audio class=\"wp-audio-shortcode\" id=\"audio-120101-1\" preload=\"none\" style=\"width: 100%;\" controls=\"controls\"><source type=\"audio\/mpeg\" src=\"https:\/\/www.radiopiu.net\/wordpress\/wp-content\/uploads\/2020\/03\/damiano-terremoto.mp3?_=1\" \/><a href=\"https:\/\/www.radiopiu.net\/wordpress\/wp-content\/uploads\/2020\/03\/damiano-terremoto.mp3\">https:\/\/www.radiopiu.net\/wordpress\/wp-content\/uploads\/2020\/03\/damiano-terremoto.mp3<\/a><\/audio>\n<h3><\/h3>\n<p>&nbsp;<\/p>\n<p>&nbsp;<\/p>\n<hr \/>\n<h3><\/h3>\n<blockquote>\n<h3>LA FOTO DEL GIORNO DI MARCO GAZ<\/h3>\n<\/blockquote>\n<p><strong>IERI SERA IL FRAMONT DA TAIBON<\/strong><\/p>\n<p><a class=\"dt-pswp-item\" href=\"https:\/\/www.radiopiu.net\/wordpress\/wp-content\/uploads\/2020\/03\/2ed6820f-40fc-4206-9b26-b4e27fda4692.jpg\" data-dt-img-description=\"\" data-large_image_width=\"1600\" data-large_image_height=\"1200\"><img loading=\"lazy\" decoding=\"async\" class=\"alignnone wp-image-120216 size-large\" src=\"https:\/\/www.radiopiu.net\/wordpress\/wp-content\/uploads\/2020\/03\/2ed6820f-40fc-4206-9b26-b4e27fda4692-1024x768.jpg\" alt=\"\" width=\"1024\" height=\"768\" srcset=\"https:\/\/www.radiopiu.net\/wordpress\/wp-content\/uploads\/2020\/03\/2ed6820f-40fc-4206-9b26-b4e27fda4692-1024x768.jpg 1024w, https:\/\/www.radiopiu.net\/wordpress\/wp-content\/uploads\/2020\/03\/2ed6820f-40fc-4206-9b26-b4e27fda4692-300x225.jpg 300w, https:\/\/www.radiopiu.net\/wordpress\/wp-content\/uploads\/2020\/03\/2ed6820f-40fc-4206-9b26-b4e27fda4692-768x576.jpg 768w, https:\/\/www.radiopiu.net\/wordpress\/wp-content\/uploads\/2020\/03\/2ed6820f-40fc-4206-9b26-b4e27fda4692-1536x1152.jpg 1536w, https:\/\/www.radiopiu.net\/wordpress\/wp-content\/uploads\/2020\/03\/2ed6820f-40fc-4206-9b26-b4e27fda4692.jpg 1600w\" sizes=\"auto, (max-width: 1024px) 100vw, 1024px\" \/><\/a><\/p>\n<p>&nbsp;<\/p>\n<p>&nbsp;<\/p>\n<p>&nbsp;<\/p>\n<hr \/>\n<blockquote>\n<h1 class=\"entry-title\">PROBLEMI DI RISCALDAMENTO. LEANDRO GRONES LANCIA IN RESTA<\/h1>\n<\/blockquote>\n<hr \/>\n<p><img decoding=\"async\" class=\"alignleft\" src=\"https:\/\/www.radiopiu.net\/wordpress\/wp-content\/uploads\/2015\/12\/LIVINALLONGO.jpg\" \/>DALLA RASSEGNA STAMPA DELLE OTTO LO SFOGO DEL SINDACO DI LIVINALLONGO DEL COL DI LANA PER IL RISCALDAMENTO ALLE SCUOLE DI BRENTA<\/p>\n<audio class=\"wp-audio-shortcode\" id=\"audio-120101-2\" preload=\"none\" style=\"width: 100%;\" controls=\"controls\"><source type=\"audio\/mpeg\" src=\"https:\/\/www.radiopiu.net\/wordpress\/wp-content\/uploads\/2020\/03\/LEANDRO.mp3?_=2\" \/><a href=\"https:\/\/www.radiopiu.net\/wordpress\/wp-content\/uploads\/2020\/03\/LEANDRO.mp3\">https:\/\/www.radiopiu.net\/wordpress\/wp-content\/uploads\/2020\/03\/LEANDRO.mp3<\/a><\/audio>\n<p>&nbsp;<\/p>\n<p>&nbsp;<\/p>\n<p>&nbsp;<\/p>\n<blockquote>\n<h3>CORONAVIRUS, PRIMO RICOVERO A BELLUNO, IL COMUNICATO DI IERI ALLE 14<\/h3>\n<\/blockquote>\n<p><strong><em><a class=\"dt-pswp-item\" href=\"https:\/\/www.radiopiu.net\/wordpress\/wp-content\/uploads\/2020\/03\/88273045_883301632129759_8812766862640152576_n.png\" data-dt-img-description=\"\" data-large_image_width=\"657\" data-large_image_height=\"925\"><img loading=\"lazy\" decoding=\"async\" class=\" wp-image-120113 alignleft\" src=\"https:\/\/www.radiopiu.net\/wordpress\/wp-content\/uploads\/2020\/03\/88273045_883301632129759_8812766862640152576_n-213x300.png\" alt=\"\" width=\"189\" height=\"266\" srcset=\"https:\/\/www.radiopiu.net\/wordpress\/wp-content\/uploads\/2020\/03\/88273045_883301632129759_8812766862640152576_n-213x300.png 213w, https:\/\/www.radiopiu.net\/wordpress\/wp-content\/uploads\/2020\/03\/88273045_883301632129759_8812766862640152576_n.png 657w\" sizes=\"auto, (max-width: 189px) 100vw, 189px\" \/><\/a>BELLUNO<\/em> <\/strong>E&#8217; di\u00a0 ieri alle 14 l&#8217;atteso bollettino di sorveglianza sanitaria COVID 19 dell&#8217;azienda Ulss1 Belluno Dolomiti. Sono 61 i pazienti in isolamento fiduciario a domicilio con sorveglianza attiva, 2 meno di ieri. C&#8217;\u00e8 il primo ricovero per sintomatologia sospetta da Coronavirus. Con riferimento ai tamponi eseguiti:\u00a0 5 in attesa di esito tutti delle ultime 24 ore uno in pi\u00f9 di ieri perch\u00e9 rifatto. Sono 54 i tamponi che hanno dato esito negativo, uno pi\u00f9 di ieri, cambia quindi il dato importante,\u00a0 5 tamponi infatti hanno dato esito positivo (uno pi\u00f9 di ieri poich\u00e9 un tampone \u00e8 stato ripetuto a distanza su un caso gi\u00e0 positivo) ma ancora nessuna conferma dall&#8217;Istituto Superiore di Sanit\u00e0.<\/p>\n<p>&nbsp;<\/p>\n<p>&nbsp;<\/p>\n<p>&nbsp;<\/p>\n<p>&nbsp;<\/p>\n<hr \/>\n<p>&nbsp;<\/p>\n<blockquote>\n<h3>CORONAVIRUS, FA PAURA ANCHE LA STRETTA DI MANO<\/h3>\n<\/blockquote>\n<p>L&#8217;emergenza Coronavirus non da tregua, ieri le vittime in Veneto\u00a0 sono salite a sette, pi\u00f9 quattro nelle ultime 24 ore. Sale a 331 il numero dei contagiati, 81 i ricoverati compreso il caso bellunese che per\u00f2 non \u00e8 in terapia intensiva Dal comitato scientifico la proposta preoccupante: un mese di stop per tutti gli eventi siano essi culturali, ludici o sportivi. Il vinitaly \u00e8 stato posticipato a giugno, lo ha deciso Veronafiere. Zaia al contrario \u00e8 fiducioso che le finali di Coppa del Mondo a Cortina si faranno, con il pubblico o a parte chiuse,\u00a0 ma c&#8217;\u00e8 la spada di Damocle che si chiama blocco dei voli. La Fis ha comunque chiarito che di posticipi non ne vuole nemmeno sentire parlare. Cresce la preoccupazione tra chi opera nel turismo e in molti pensano di chiudere le strutture in anticipo sui tempi previsti. L&#8217;epicentro del contagio a Treviso nel reparto Geriatria dove sono deceduti un 83enne di Roncade e un 97enne di Treviso in un reparto dove gi\u00e0 si contano 93 infetti. L&#8217;ospedale San Martino si organizza con una sala parto per donne contagiate e i sindacati della sanit\u00e0 chiedo di nuovo a gran voce di incontrare il direttore generale dell&#8217;Ulss1, lo chiedono da giorni. L&#8217;economia trema e anche le cooperative sociali in difficolt\u00e0 chiedono gli ammortizzatori sociali. Con l&#8217;attuale situazione sanitaria a rischio \u00e8 anche il Referendum di fine marzo che con l&#8217;aggravarsi del contagio sta passando decisamente in secondo piano. Si pensa ad un posticipo e la decisione sar\u00e0 presa nei prossimi giorni, sul piatto il taglio dei parlamentari.<\/p>\n<p>&nbsp;<\/p>\n<p>&nbsp;<\/p>\n<hr \/>\n<h3><\/h3>\n<blockquote>\n<h3><strong>A FARI SPENTI IN PIENA NOTTE, VENTIQUATTRENNE ALLA GUIDA SOTTO L\u2019EFFETTO DI ALCOOL, CON VALORI MASSIMI<\/strong><\/h3>\n<\/blockquote>\n<p><strong><a class=\"dt-pswp-item\" href=\"https:\/\/www.radiopiu.net\/wordpress\/wp-content\/uploads\/2018\/04\/Polizia-726x400.jpg\" data-dt-img-description=\"\" data-large_image_width=\"726\" data-large_image_height=\"400\"><img loading=\"lazy\" decoding=\"async\" class=\" wp-image-47103 alignleft\" src=\"https:\/\/www.radiopiu.net\/wordpress\/wp-content\/uploads\/2018\/04\/Polizia-726x400-300x165.jpg\" alt=\"\" width=\"271\" height=\"149\" srcset=\"https:\/\/www.radiopiu.net\/wordpress\/wp-content\/uploads\/2018\/04\/Polizia-726x400-300x165.jpg 300w, https:\/\/www.radiopiu.net\/wordpress\/wp-content\/uploads\/2018\/04\/Polizia-726x400.jpg 726w\" sizes=\"auto, (max-width: 271px) 100vw, 271px\" \/><\/a>BELLUNO<\/strong> Non e&#8217; il refrain della canzone di Lucio Battisti o meglio lo \u00e8 pure ma non nel caso della\u00a0 giovane che nella notte del 25 febbraio alle\u00a0 2 \u00e8 stata pizzicata dalla volante di turno della Questura, mentre transitava in via Matteotti, senza l\u2019utilizzo dei sistemi di illuminazione (nemmeno i fari di posizione) e con un andamento poco regolare. Gli agenti procedevano al controllo dell\u2019auto, una Smart, nella piazza Vittorio Emanuele II, dopo aver attirato l\u2019attenzione della conducente con i sistemi di emergenza. Alla guida risultava una donna di anni 24, dall\u2019alito vinoso particolarmente forte. In considerazione delle sue condizioni fisiche, i pattuglianti effettuavano un primo controllo, utilizzando il \u201cprecursore\u201d, che dava esito positivo e per tale ragione la conducente della Smart veniva sottoposta all\u2019accertamento, finalizzato alla verifica dello stato dovuto all\u2019assunzione di sostanze alcoliche, mediante alcoltest, previo accompagnamento, presso la caserma \u201cRaniero\u201d. Il responso dava un valore di tasso alcolemico superiore a 1,5 g\/l. La conducente della Smart \u00e8 stata\u00a0 deferita, all\u2019Autorit\u00e0 Giudiziaria,\u00a0 e ora rischia la sanzione penale dell\u2019ammenda da\u00a0 1.500 a\u00a0 6.000 euro\u00a0 e l\u2019arresto da 6 mesi ad un anno, maggiorate di un terzo trattandosi di fascia notturna (22:00 \u2013 07:00).\u00a0 Per la patente\u00a0 e\u00a0 veicolo sequestro amministrativo. Trattandosi del primo caso la responsabile potr\u00e0 eventualmente richiedere la sostituzione della pena pecuniaria o detentiva con i lavori di pubblica utilit\u00e0. Per il mancato utilizzo dei fari verbale\u00a0 da 29,4 euro\u00a0 e con un punto di decurtazione dalla patente.\u00a0 La ragazza riferiva di essere solitamente distratta e solo al termine dell\u2019attivit\u00e0 ammetteva di aver bevuto svariate birre in un locale. (mm)<\/p>\n<p>&nbsp;<\/p>\n<p>&nbsp;<\/p>\n<hr \/>\n<p>&nbsp;<\/p>\n<blockquote>\n<h2>MALTEMPO, GIORNATA DIFFICILE SULLE STRADE TANTI GLI INTERVENTI DEI VIGILI DEL FUOCO<\/h2>\n<\/blockquote>\n<p>&nbsp;<\/p>\n<p><a class=\"dt-pswp-item\" href=\"https:\/\/www.radiopiu.net\/wordpress\/wp-content\/uploads\/2020\/03\/b6021d75-c0be-47cb-b221-5cb5c2ec0f99.jpg\" data-dt-img-description=\"\" data-large_image_width=\"1200\" data-large_image_height=\"1600\"><img loading=\"lazy\" decoding=\"async\" class=\"size-medium wp-image-120217 alignleft\" src=\"https:\/\/www.radiopiu.net\/wordpress\/wp-content\/uploads\/2020\/03\/b6021d75-c0be-47cb-b221-5cb5c2ec0f99-225x300.jpg\" alt=\"\" width=\"225\" height=\"300\" srcset=\"https:\/\/www.radiopiu.net\/wordpress\/wp-content\/uploads\/2020\/03\/b6021d75-c0be-47cb-b221-5cb5c2ec0f99-225x300.jpg 225w, https:\/\/www.radiopiu.net\/wordpress\/wp-content\/uploads\/2020\/03\/b6021d75-c0be-47cb-b221-5cb5c2ec0f99-768x1024.jpg 768w, https:\/\/www.radiopiu.net\/wordpress\/wp-content\/uploads\/2020\/03\/b6021d75-c0be-47cb-b221-5cb5c2ec0f99-1152x1536.jpg 1152w, https:\/\/www.radiopiu.net\/wordpress\/wp-content\/uploads\/2020\/03\/b6021d75-c0be-47cb-b221-5cb5c2ec0f99.jpg 1200w\" sizes=\"auto, (max-width: 225px) 100vw, 225px\" \/><\/a>Altra giornata difficile quella di ieri con Passi Chiusi (Pordoi, Falzarego e aperti nel tardo pomeriggio, rimangono chiusi Fedaia, Duran, Giau, Misurina, 619 di VIgo, provinciale 5 di Lamosano e Cadorna). Soprattutto ma non \u00e8 una novit\u00e0 Alemagna in tilt\u00a0 con\u00a0 Tir e auto in panne che hanno costretto i vigili del fuoco a lavorare per tutta la serata di luned\u00ec e la mattinata di ieri. Un autocarro si \u00e8 bloccato in Corso Italia a Cortina, un altro in una strada laterale vicino alla Cooperativa. Alberi caduti a Borca, Valle di Cadore, Cortina e in Val di Zoldo . A Gosaldo un palo del telefono \u00e8 caduto su un tetto: i vigili del fuoco di Agordo hanno messo in sicurezza la zona.Complessivamente sono stati circa una decina gli interventi dei vigili del fuoco, tutti concentrati nella parte alta della provincia.Veneto strade ricorda agli automobilisti di prestare attenzione al volante, a causa della possibile presenza di neve ventata. Sopra i 1.500 metri di quota \u00e8 consigliabile avere le catene a bordo.<\/p>\n<blockquote>\n<h3><a class=\"dt-pswp-item\" href=\"https:\/\/www.radiopiu.net\/wordpress\/wp-content\/uploads\/2020\/03\/3f847e37-a65f-4093-88ab-e026f205bf54.jpg\" data-dt-img-description=\"\" data-large_image_width=\"966\" data-large_image_height=\"1288\"><img loading=\"lazy\" decoding=\"async\" class=\"wp-image-120093 alignleft\" src=\"https:\/\/www.radiopiu.net\/wordpress\/wp-content\/uploads\/2020\/03\/3f847e37-a65f-4093-88ab-e026f205bf54-768x1024.jpg\" alt=\"\" width=\"119\" height=\"159\" srcset=\"https:\/\/www.radiopiu.net\/wordpress\/wp-content\/uploads\/2020\/03\/3f847e37-a65f-4093-88ab-e026f205bf54-768x1024.jpg 768w, https:\/\/www.radiopiu.net\/wordpress\/wp-content\/uploads\/2020\/03\/3f847e37-a65f-4093-88ab-e026f205bf54-225x300.jpg 225w, https:\/\/www.radiopiu.net\/wordpress\/wp-content\/uploads\/2020\/03\/3f847e37-a65f-4093-88ab-e026f205bf54.jpg 966w\" sizes=\"auto, (max-width: 119px) 100vw, 119px\" \/><\/a>DA IERI CHIUSA VIA MIARI A BELLUNO, ANCHE AI PEDONI<\/h3>\n<\/blockquote>\n<p><strong>BELLUNO<\/strong> Scivolamento di materiale in Via Miari e strada chiusa da ieri anche ai pedoni. le piogge hanno rimesso in moto la frana storica di via Miari. Ieri mattina una colata di acqua e fango ha superato le reti di protezione, invadendo la carreggiata e costringendo all&#8217;\u2019ordinanza per la chiusura. Non si potr\u00e0 transitare, nel tratto compreso tra il civico 21 e il Ponte Dolomiti, fino a quando non saranno eliminate le cause di pericolo, ovvero fino a quando non si avr\u00e0 la certezza che non si muover\u00e0 altro materiale lungo il versante. Non si sa ancora quanto tempo ci vorr\u00e0 per riaprire la carreggiata al transito<\/p>\n<p>&nbsp;<\/p>\n<p>&nbsp;<\/p>\n<p>&nbsp;<\/p>\n<hr \/>\n<p>&nbsp;<\/p>\n<p>&nbsp;<\/p>\n<blockquote class=\"wp-embedded-content\" data-secret=\"D3RLvnNrUu\"><p><a href=\"https:\/\/www.radiopiu.net\/wordpress\/ospedale-schiavonia-riapre-il-7-marzo-in-un-blocco-completamente-isolato-50-letti-dedicati\/\">OSPEDALE SCHIAVONIA RIAPRE IL 7 MARZO. IN UN BLOCCO COMPLETAMENTE ISOLATO 50 LETTI DEDICATI<\/a><\/p><\/blockquote>\n<p><iframe loading=\"lazy\" title=\"&#8220;OSPEDALE SCHIAVONIA RIAPRE IL 7 MARZO. IN UN BLOCCO COMPLETAMENTE ISOLATO 50 LETTI DEDICATI&#8221; &#8212; Radio Pi\u00f9\" class=\"wp-embedded-content\" sandbox=\"allow-scripts\" security=\"restricted\" style=\"position: absolute; clip: rect(1px, 1px, 1px, 1px);\" src=\"https:\/\/www.radiopiu.net\/wordpress\/ospedale-schiavonia-riapre-il-7-marzo-in-un-blocco-completamente-isolato-50-letti-dedicati\/embed\/#?secret=D3RLvnNrUu\" data-secret=\"D3RLvnNrUu\" width=\"600\" height=\"338\" frameborder=\"0\" marginwidth=\"0\" marginheight=\"0\" scrolling=\"no\"><\/iframe><\/p>\n<p>&nbsp;<\/p>\n<p>&nbsp;<\/p>\n<hr \/>\n<p>&nbsp;<\/p>\n<blockquote>\n<h3>CORONAVIRUS: ASSESSORE AGRICOLTURA, \u201cIL VIRUS NON SI TRASMETTE CON GLI ALIMENTI<\/h3>\n<\/blockquote>\n<p><a class=\"dt-pswp-item\" href=\"https:\/\/www.radiopiu.net\/wordpress\/wp-content\/uploads\/2020\/03\/334-2020-foto-sala-tavolo-verde-scaled.jpg\" data-dt-img-description=\"\" data-large_image_width=\"2560\" data-large_image_height=\"1920\"><img loading=\"lazy\" decoding=\"async\" class=\" wp-image-120102 alignleft\" src=\"https:\/\/www.radiopiu.net\/wordpress\/wp-content\/uploads\/2020\/03\/334-2020-foto-sala-tavolo-verde-300x225.jpg\" alt=\"\" width=\"197\" height=\"148\" srcset=\"https:\/\/www.radiopiu.net\/wordpress\/wp-content\/uploads\/2020\/03\/334-2020-foto-sala-tavolo-verde-300x225.jpg 300w, https:\/\/www.radiopiu.net\/wordpress\/wp-content\/uploads\/2020\/03\/334-2020-foto-sala-tavolo-verde-1024x768.jpg 1024w, https:\/\/www.radiopiu.net\/wordpress\/wp-content\/uploads\/2020\/03\/334-2020-foto-sala-tavolo-verde-768x576.jpg 768w, https:\/\/www.radiopiu.net\/wordpress\/wp-content\/uploads\/2020\/03\/334-2020-foto-sala-tavolo-verde-1536x1152.jpg 1536w, https:\/\/www.radiopiu.net\/wordpress\/wp-content\/uploads\/2020\/03\/334-2020-foto-sala-tavolo-verde-2048x1536.jpg 2048w\" sizes=\"auto, (max-width: 197px) 100vw, 197px\" \/><\/a> \u2018Liberare\u2019 le merci e i prodotti agricoli dalla paura \u2018surreale\u2019 del coronavirus rilanciando la sicurezza e la qualit\u00e0 dell\u2019intera filiera agroalimentare del \u2018made in Veneto\u2019 e reperire manodopera stagionale per non fermare le attivit\u00e0 sui campi e la raccolta di asparagi, fragole, ortaggi di serra, ciliegie: sono queste le prime richieste del Tavolo Verde della Regione Veneto, convocato oggi dall\u2019assessore all\u2019agricoltura, per formulare al presidente del Veneto e al Governo la graduatoria degli interventi normativi ed economici che possano aiutare il settore agroalimentare a fronteggiare la crisi generata dall\u2019emergenza Covid-19. Al tavolo hanno preso parte i presidenti regionali di Coldiretti, Confagricoltura, Cia, Agriveneto, Confcooperative, Legacoop, insieme ai referenti padovani delle associazioni agricole, per un focus specifico anche sull\u2019area di Vo\u2019 e dei Colli Euganei.<\/p>\n<p>&nbsp;<\/p>\n<p>&nbsp;<\/p>\n<hr \/>\n<p>&nbsp;<\/p>\n<blockquote>\n<h3>LE ORGANIZZAZIONI SINDACALI CHIEDONO AL DIRETTORE ADRIANO RASI CALDOGNO UN INCONTRO URGENTE<\/h3>\n<p><strong>BELLUNO<\/strong> Le organizzazioni sindacali FP CGIL e NURSING UP (sindacato degli infermieri) ribadiscono la necessit\u00e0 di un incontro urgente in materia di Coranavirus, prima che finisca l&#8217;emergenza ovviamente. L&#8217;invito \u00e8 stato esteso ai direttori del settore sanitario, amministrativo e servizi sociali nonch\u00e9 la direttore del Dipartimento di Prevenzione dell&#8217;Ulss1 Dolomiti.<\/p>\n<blockquote><p><em><a class=\"dt-pswp-item\" href=\"https:\/\/www.radiopiu.net\/wordpress\/wp-content\/uploads\/2020\/02\/download-24.jpg\" data-dt-img-description=\"\" data-large_image_width=\"200\" data-large_image_height=\"200\"><img loading=\"lazy\" decoding=\"async\" class=\" wp-image-119604 alignright\" src=\"https:\/\/www.radiopiu.net\/wordpress\/wp-content\/uploads\/2020\/02\/download-24.jpg\" alt=\"\" width=\"126\" height=\"126\" srcset=\"https:\/\/www.radiopiu.net\/wordpress\/wp-content\/uploads\/2020\/02\/download-24.jpg 200w, https:\/\/www.radiopiu.net\/wordpress\/wp-content\/uploads\/2020\/02\/download-24-150x150.jpg 150w\" sizes=\"auto, (max-width: 126px) 100vw, 126px\" \/><\/a>&#8220;Alla luce del procrastinarsi dell\u2019emergenza epidemiologica da Coronavirus &#8211; ribadisce per la Fp Cgil il segretario Gianluigi Della Giacoma &#8211;\u00a0 le due organizazioni sindacali chiedono, come gi\u00e0 per altro fatto per le vie brevi l\u2019apertura di un tavolo di monitoraggio e condivisione delle criticit\u00e0 e degli interventi da intraprendere nei confronti dei dipendenti della ULSS dolomiti. A riguardo siamo a segnalare alcune richieste che sono pervenute alle scriventi in merito a: <\/em><em>maggior chiarezza su utilizzo di DPI a copertura dell\u2019intero personale;\u00a0 predisposizione di Vademecun chiari per tutti i lavoratori coinvolti; soluzioni per i lavoratori che dovessero risultare positivi ai test di ricerca del virus che dovessero richiedere di non effettuare la quarantena in casa; assunzione e assegnazione di ulteriore personale; attivazione degli istituti contrattuali (reperibilit\u00e0) per quei lavoratori dei settori tecnico e amministrativo coinvolti nella gestione dell\u2019emergenza&#8221;.<\/em><\/p><\/blockquote>\n<\/blockquote>\n<p>&nbsp;<\/p>\n<p>&nbsp;<\/p>\n<hr \/>\n<p>&nbsp;<\/p>\n<blockquote>\n<h3>AL SAN MARTINO SALA TRAVAGLIO PARTO IDONEA ALLE DONNE CON SOSPETTO CORONAVIRUS<\/h3>\n<\/blockquote>\n<p><a class=\"dt-pswp-item\" href=\"https:\/\/www.radiopiu.net\/wordpress\/wp-content\/uploads\/2020\/03\/ASDASD.jpg\" data-dt-img-description=\"\" data-large_image_width=\"390\" data-large_image_height=\"280\"><img loading=\"lazy\" decoding=\"async\" class=\" wp-image-120153 alignleft\" src=\"https:\/\/www.radiopiu.net\/wordpress\/wp-content\/uploads\/2020\/03\/ASDASD-300x215.jpg\" alt=\"\" width=\"180\" height=\"129\" srcset=\"https:\/\/www.radiopiu.net\/wordpress\/wp-content\/uploads\/2020\/03\/ASDASD-300x215.jpg 300w, https:\/\/www.radiopiu.net\/wordpress\/wp-content\/uploads\/2020\/03\/ASDASD.jpg 390w\" sizes=\"auto, (max-width: 180px) 100vw, 180px\" \/><\/a><strong>BELLUNO<\/strong>\u00a0 Sono tante le iniziative messe in campo dall\u2019azienda sanitaria in queste settimane per far fronte all\u2019emergenza in atto. Una tra queste \u00e8 l\u2019identificazione da parte dell\u2019 Ostetricia e Ginecologia dell\u2019ospedale San Martino di Belluno, diretta dal dr. Fabio Tandurella &#8211; coordinatrice ostetrica Michela Casagrande &#8211; di una sala travaglio parto idonea all&#8217;assistenza nel periodo del travaglio parto e dopo parto per le donne con sospetto o diagnosi di infezione da Covid-19. La sala parto risponde ai requisiti sia strutturali sia di equipaggiamento richiesti dall&#8217;Istruzione Operativa aziendale recentemente adottata, garantendo un percorso specificatamente previsto per la massima sicurezza della paziente, del neonato, degli operatori coinvolti e delle altre degenti in reparto. Si raccomanda a tutte le donne in gravidanza a qualsiasi epoca di mettere in atto le comuni azioni di prevenzione primaria che prevedono l&#8217;igiene frequente ed accurata delle mani e l&#8217;attenzione ad evitare il contatto con soggetti malati o sospetti. Si invitano le pazienti gravide che presentino sintomatologia, quali febbre o disturbi respiratori, a non presentarsi presso i punti nascita ma a contattare i riferimenti indicati dall&#8217;ULSS.<\/p>\n<p>&nbsp;<\/p>\n<hr \/>\n<p>&nbsp;<\/p>\n<p>&nbsp;<\/p>\n<blockquote>\n<h3><em>ULSS1 AVVISO ALL\u2019UTENZA<\/em><\/h3>\n<\/blockquote>\n<p><strong>BELLUNO<\/strong>. L\u2019Ulss 1 Dolomiti sospende fino all\u20198 marzo 2020 tutti gli incontri aperti al pubblico e tutte le attivit\u00e0 formative (ad esclusione dei medici in formazione specialistica e dei corsi di formazione specifica in medicina generale nonch\u00e9 delle attivit\u00e0 dei tirocinanti delle professioni sanitarie) in applicazione del DPCM del 1\u00b0 marzo 2020.<\/p>\n<p>&nbsp;<\/p>\n<p>&nbsp;<\/p>\n<hr \/>\n<h3><\/h3>\n<blockquote>\n<h3>CORONAVIRUS. OGGI ALLE\u00a0 16 IL PRESIDENTE DELLA REGIONE IN VIDEOCONFERENZA CON PALAZZO CHIGI<\/h3>\n<\/blockquote>\n<p><strong>VENEZIA<\/strong> Oggi alle 16, collegato in videoconferenza con Palazzo Chigi dalla sede della Protezione Civile del Veneto di via Paolucci, 34 a Marghera, il Governatore della Regione del Veneto parteciper\u00e0 al tavolo convocato dal Presidente del Consiglio per discutere le misure urgenti che il Governo Italiano intende adottare per il sostegno ai comparti economici del Veneto colpiti dalle conseguenze dell\u2019epidemia da Coronavirus.<\/p>\n<p>&nbsp;<\/p>\n<p>&nbsp;<\/p>\n<hr \/>\n<p>&nbsp;<\/p>\n<p>&nbsp;<\/p>\n<p>&nbsp;<\/p>\n<blockquote>\n<h2><a class=\"dt-pswp-item\" href=\"https:\/\/www.radiopiu.net\/wordpress\/wp-content\/uploads\/2020\/03\/WhatsApp-Image-2020-03-03-at-19.57.34.jpeg\" data-dt-img-description=\"\" data-large_image_width=\"1440\" data-large_image_height=\"720\"><img loading=\"lazy\" decoding=\"async\" class=\"size-medium wp-image-120184 alignright\" src=\"https:\/\/www.radiopiu.net\/wordpress\/wp-content\/uploads\/2020\/03\/WhatsApp-Image-2020-03-03-at-19.57.34-300x150.jpeg\" alt=\"\" width=\"300\" height=\"150\" srcset=\"https:\/\/www.radiopiu.net\/wordpress\/wp-content\/uploads\/2020\/03\/WhatsApp-Image-2020-03-03-at-19.57.34-300x150.jpeg 300w, https:\/\/www.radiopiu.net\/wordpress\/wp-content\/uploads\/2020\/03\/WhatsApp-Image-2020-03-03-at-19.57.34-1024x512.jpeg 1024w, https:\/\/www.radiopiu.net\/wordpress\/wp-content\/uploads\/2020\/03\/WhatsApp-Image-2020-03-03-at-19.57.34-768x384.jpeg 768w, https:\/\/www.radiopiu.net\/wordpress\/wp-content\/uploads\/2020\/03\/WhatsApp-Image-2020-03-03-at-19.57.34.jpeg 1440w\" sizes=\"auto, (max-width: 300px) 100vw, 300px\" \/><\/a>OLTRE 2 MILIONI IL BILANCIO DELL&#8217;UNIONE MONTANA, LA MINORANZA SI ASTIENE. PROGETTO PRINCIPALE LA CICLABILE VALBELLUNA-AGORDINO E LA PALESTRA DI NARAE<\/h2>\n<\/blockquote>\n<p><strong>AGORDO<\/strong><\/p>\n<p><strong>GIANNI SANTOMASO<\/strong><\/p>\n<audio class=\"wp-audio-shortcode\" id=\"audio-120101-3\" preload=\"none\" style=\"width: 100%;\" controls=\"controls\"><source type=\"audio\/mpeg\" src=\"https:\/\/www.radiopiu.net\/wordpress\/wp-content\/uploads\/2020\/03\/GIANNI-BILANCIOO.mp3?_=3\" \/><a href=\"https:\/\/www.radiopiu.net\/wordpress\/wp-content\/uploads\/2020\/03\/GIANNI-BILANCIOO.mp3\">https:\/\/www.radiopiu.net\/wordpress\/wp-content\/uploads\/2020\/03\/GIANNI-BILANCIOO.mp3<\/a><\/audio>\n<p>&nbsp;<\/p>\n<p>&nbsp;<\/p>\n<hr \/>\n<h2><\/h2>\n<blockquote>\n<h2>LA RISPOSTA DEL MINISTRO D&#8217;INCA&#8217; ALLE CONTESTAZIONI DI GIANPAOLO BOTTACIN<\/h2>\n<h3><b>Stra<\/b><b>de provinciali, D\u2019Inc\u00e0: \u201cLe risorse del Mit sono un incremento: il Governo ha aggiunto fondi per la sicurezza dei cittadini\u201d.<\/b><\/h3>\n<\/blockquote>\n<p><strong><img loading=\"lazy\" decoding=\"async\" class=\"alignleft\" src=\"https:\/\/www.radiopiu.net\/wordpress\/wp-content\/uploads\/2016\/03\/Federico-DInc%C3%A0-e1466659213762.jpg\" width=\"308\" height=\"231\" \/>ROMA<\/strong> \u201cIn merito allo stanziamento di 69 milioni di euro per gli interventi di manutenzione straordinaria delle strade provinciali messi a disposizione dal Ministero dei trasporti e delle infrastrutture al Veneto e, nello specifico, ai 5,9 milioni destinati alla provincia di Belluno, \u00e8 opportuno precisare che la somma complessiva va ad aggiungersi alle risorse gi\u00e0 stanziate nella legge di Bilancio del 2018. Il Governo, quindi, ha ritenuto opportuno aumentare le somme gi\u00e0 messe a disposizione due anni fa, investendo ulteriormente sul territorio\u201d.\u00a0 Lo afferma Federico D\u2019Inc\u00e0, ministro per i Rapporti con il Parlamento, in merito allo stanziamento del Mit per la viabilit\u00e0 veneta e rispondendo all\u2019assessore Bottacin che contestava i criteri utilizzati per la ripartizione.\u00a0 \u201cNello specifico \u2013 spiega D\u2019Inc\u00e0 -, i criteri assegnati sono stati concordati in Conferenza Stato-Citt\u00e0 e autonomie locali e riguardano la consistenza della rete viaria, il tasso di incidentalit\u00e0, la vulnerabilit\u00e0 rispetto a fenomeni di dissesto idrogeologico. Per il primo criterio, gi\u00e0 nel decreto del 2018 erano stati definiti degli specifici parametri con un coefficiente pi\u00f9 elevato per tre province montane nazionali, tra cui Belluno, rispetto alle altre. In ogni caso, in merito alle risorse previste negli anni dal 2025 al 2034, eventuali nuovi criteri di ripartizione saranno stabiliti nei successivi decreti. Sotto il profilo economico, invece, con il nuovo incremento previsto dal decreto del 27 febbraio 2020, la provincia di Belluno otterr\u00e0, fino al 2024, complessivamente 16 milioni di euro\u201d. D\u2019Inc\u00e0 ricorda come \u201cla volont\u00e0 sia quella di aumentare le risorse per la sicurezza stradale e non di ridurle: cos\u00ec \u00e8 avvenuto con questo ulteriore stanziamento e con una ripartizione per Province e Citt\u00e0 metropolitane, che, lo ripeto, \u00e8 stata concordata in Conferenza Stato-Citt\u00e0 e autonomie locali. In questo modo si potr\u00e0 intervenire per lavori importanti, utili a ridurre il tasso di incidentalit\u00e0 e rispondere alle esigenze dei cittadini\u201d.<\/p>\n<h3>IERI\u00a0 NEL NOTIZIARIO DI RADIO PIU<\/h3>\n<blockquote>\n<h3>6 MILIONI DI EURO PER LE STRADE DI MONTAGNA? SOLO BRICIOLE<\/h3>\n<\/blockquote>\n<p><strong><a class=\"dt-pswp-item\" href=\"https:\/\/www.radiopiu.net\/wordpress\/wp-content\/uploads\/2020\/03\/48361469_10155985644317544_159694185509683200_o.jpg\" data-dt-img-description=\"\" data-large_image_width=\"177\" data-large_image_height=\"176\"><img loading=\"lazy\" decoding=\"async\" class=\" wp-image-119960 alignleft\" src=\"https:\/\/www.radiopiu.net\/wordpress\/wp-content\/uploads\/2020\/03\/48361469_10155985644317544_159694185509683200_o.jpg\" alt=\"\" width=\"118\" height=\"117\" srcset=\"https:\/\/www.radiopiu.net\/wordpress\/wp-content\/uploads\/2020\/03\/48361469_10155985644317544_159694185509683200_o.jpg 177w, https:\/\/www.radiopiu.net\/wordpress\/wp-content\/uploads\/2020\/03\/48361469_10155985644317544_159694185509683200_o-150x150.jpg 150w\" sizes=\"auto, (max-width: 118px) 100vw, 118px\" \/><\/a>BELLUNO &#8220;Specificit\u00e0 solo a parole, a Roma fanno ci\u00f2 che vogliono&#8221; dice l&#8217;assessore regionale Gianpaolo Bottacin in riferimento alla recente notizia in merito al denaro stanziato per la viabilit\u00e0 della montagna. Uno stanziamento da 60 milioni di euro &#8220;Per la provincia di Belluno solo briciole&#8221; insiste Bottacin<\/strong><\/p>\n<p>AUDIO<\/p>\n<audio class=\"wp-audio-shortcode\" id=\"audio-120101-4\" preload=\"none\" style=\"width: 100%;\" controls=\"controls\"><source type=\"audio\/mpeg\" src=\"https:\/\/www.radiopiu.net\/wordpress\/wp-content\/uploads\/2020\/03\/bottacin.mp3?_=4\" \/><a href=\"https:\/\/www.radiopiu.net\/wordpress\/wp-content\/uploads\/2020\/03\/bottacin.mp3\">https:\/\/www.radiopiu.net\/wordpress\/wp-content\/uploads\/2020\/03\/bottacin.mp3<\/a><\/audio>\n<p>&nbsp;<\/p>\n<p>&nbsp;<\/p>\n<hr \/>\n<p>&nbsp;<\/p>\n<p>&nbsp;<\/p>\n<p>&nbsp;<\/p>\n<blockquote>\n<h3><em>ASCA CERCA PERSONALE INFERMIERISTICO\u00a0<\/em><\/h3>\n<\/blockquote>\n<p><strong>AGORDO <\/strong>\u00a0Azienda Speciale Consortile Agordina <em>ha indetto una nuova selezione pubblica finalizzata alla formulazione di una graduatoria di idoneit\u00e0 utile all\u2019inserimento a tempo indeterminato e determinato a tempo pieno presso la RSA di Agordo di INFERMIERE<strong>. <\/strong><\/em><em>Le modalit\u00e0 di presentazione della domanda si trovano sulla home page del sito aziendale\u00a0<a href=\"http:\/\/www.servizisocialiasca.it\/\">www.servizisocialiasca.it<\/a><\/em><em>. <\/em><em>Il termine ultimo per la presentazione delle candidature \u00e8 fissato entro e non oltre le ore 12.00 <\/em><em>del giorno 27 marzo 2020.<\/em><\/p>\n<p>&nbsp;<\/p>\n<p>&nbsp;<\/p>\n<p>&nbsp;<\/p>\n<hr \/>\n<p>&nbsp;<\/p>\n<p>&nbsp;<\/p>\n<blockquote>\n<h3>CONCORSO PER L&#8217;ASSUNZIONE\u00a0 DI DUE ISTRUTTORI AMMINISTRATIVI<\/h3>\n<\/blockquote>\n<p><strong>FELTRE<\/strong> E&#8217; indetto un concorso pubblico per soli esami per l&#8217;assunzione a tempo indeterminato e pieno di due Istruttori Amministrativi Categoria: uno presso il Comune di Fonzaso e uno presso il comune di Lamon. Le domande di partecipazione dovranno pervenire all&#8217;ufficio protocollo dell&#8217;Unione Montana Feltrina entro le \u00a012 del 2 aprile.<\/p>\n<p>&nbsp;<\/p>\n<p>&nbsp;<\/p>\n<hr \/>\n<p>&nbsp;<\/p>\n<p>&nbsp;<\/p>\n<blockquote>\n<h3>PROGETTO FELTRINO COMUNITA&#8217; EDUCANTE &#8211; DISAGI DSA E BES NELL&#8217;ETA&#8217; EVOLUTIVA: AL VIA LE ISCRIZIONI AL CORSO<\/h3>\n<\/blockquote>\n<p><strong>FELTRE<\/strong>\u00a0 E&#8217; partito il conto alla rovescia per l&#8217;avvio della formazione &#8220;Disagi DSA e BES nell&#8217;et\u00e0 evolutiva&#8221;, progetto realizzato dal Comune di Feltre con il contributo di Fondazione Cariverona e il sostegno dei Comuni di Borgo Valbelluna, Arsi\u00e8, Cesiomaggiore, Fonzaso, Lamon, Pedavena, Santa Giustina, Unione Setteville. Il primo appuntamento, il 27 e 28 marzo si rivolge a medici e insegnanti. Tutto esaurito per i docenti, per i quali da ieri \u00e8 attiva la lista d&#8217;attesa. Rimangono invece pochi posti disponibili per pediatri, medici di medicina generale, neuropsichiatri infantili psicologi, educatori professionali. Dato l&#8217;alto numero di richieste pervenute si \u00e8 deciso nelle scorse ore di attivare un link per le iscrizioni anche al corso di maggio, rivolto a genitori e adulti di riferimento. I posti disponibili sono 100, prenotabili da domani mattina alle ore 9.00 sul sito eventbrite.itPer informazioni e specifiche: Ufficio Cultura, Politiche Giovanili, Istruzione, Servizi all&#8217;Infanzia formazione@comune.feltre.bl.it<\/p>\n<p>&nbsp;<\/p>\n<p>&nbsp;<\/p>\n<hr \/>\n<p>&nbsp;<\/p>\n<p>&nbsp;<\/p>\n<blockquote>\n<h3>METEO. DOPO LE ABBONDANTI NEVICATE, FASE DI ATTENZIONE PER RISCHIO VALANGHE SULLE ZONE MONTANE DEL VENETO<\/h3>\n<\/blockquote>\n<p><strong>VENEZIA<\/strong> Il Centro funzionale decentrato della Protezione Civile del Veneto ha emesso un avviso di criticit\u00e0, dichiarando la fase operativa di attenzione per il rischio valanghe nelle zone montane per il territorio antropizzato di tutte le zone montane del Veneto,\u00a0 fino alla mezzanotte di oggi. Sulla montagna veneta si sono verificate, infatti, abbondanti nevicate con quantitativi medi, fra i 1600\/2000 m, di 40\/70 cm ma localmente, in alta quota in Agordino, Alpago e Piccole Dolomiti, si stimano apporti con punte fino a 75\/80 cm. Gi\u00e0 dalla scorsa notte si \u00e8 registrata una discreta attivit\u00e0 valanghiva spontanea con singole valanghe che localmente hanno raggiunto il fondovalle. Anche se il manto nevoso \u00e8 in fase di assestamento, il pericolo di valanghe \u00e8 in generale marcato\/3 sulle Prealpi Veronesi e Forte\/4 sul resto del territorio. La criticit\u00e0 valanghe \u00e8 arancione sulla zona delle Dolomiti e gialla sulle Prealpi. Domani con il ritorno del bel tempo, specie lungo i pendii ripidi al sole, saranno possibili distacchi spontanei di neve umida. Sui ripidi pendii con fondo erboso, saranno da aspettarsi distacchi da slittamento. Nelle situazioni pi\u00f9 esposte, le valanghe potranno ancora interessare vie di comunicazione in quota e aree sciistiche attrezzate. Il pericolo di valanghe sar\u00e0 Marcato\/3 su tutto il territorio e saranno ancora possibili distacchi anche di grandi dimensioni. Gioved\u00ec peggioramento del tempo. Nelle prossime ore la criticit\u00e0 valanghe sar\u00e0 in diminuzione fino a divenire gialla nelle aree di Dolomiti e Prealpi.<\/p>\n<p>&nbsp;<\/p>\n<hr \/>\n<p>&nbsp;<\/p>\n<p>&nbsp;<\/p>\n<blockquote>\n<h3>ABBANDONO E CONFERIMENTO SCORRETTO DEI RIFIUTI, LE SANZIONI DA INIZIO ANNO<\/h3>\n<\/blockquote>\n<p style=\"text-align: left;\"><strong><a class=\"dt-pswp-item\" href=\"https:\/\/www.radiopiu.net\/wordpress\/wp-content\/uploads\/2019\/12\/Adis-Zatta-2.jpg\" data-dt-img-description=\"\" data-large_image_width=\"1080\" data-large_image_height=\"1736\"><img loading=\"lazy\" decoding=\"async\" class=\"wp-image-110451 alignleft\" src=\"https:\/\/www.radiopiu.net\/wordpress\/wp-content\/uploads\/2019\/12\/Adis-Zatta-2-187x300.jpg\" alt=\"\" width=\"78\" height=\"125\" srcset=\"https:\/\/www.radiopiu.net\/wordpress\/wp-content\/uploads\/2019\/12\/Adis-Zatta-2-187x300.jpg 187w, https:\/\/www.radiopiu.net\/wordpress\/wp-content\/uploads\/2019\/12\/Adis-Zatta-2-637x1024.jpg 637w, https:\/\/www.radiopiu.net\/wordpress\/wp-content\/uploads\/2019\/12\/Adis-Zatta-2-768x1234.jpg 768w, https:\/\/www.radiopiu.net\/wordpress\/wp-content\/uploads\/2019\/12\/Adis-Zatta-2-956x1536.jpg 956w, https:\/\/www.radiopiu.net\/wordpress\/wp-content\/uploads\/2019\/12\/Adis-Zatta-2.jpg 1080w\" sizes=\"auto, (max-width: 78px) 100vw, 78px\" \/><\/a><\/strong><\/p>\n<p>&nbsp;<\/p>\n<p style=\"text-align: left;\"><strong>FELTRE<\/strong> L&#8217;assessore Adis\u00a0 Zatta interviene in merito alle sanzioni da inizio anno per comportamenti scorretti nel conferimento dei rifiuti presso le isole ecologiche.<\/p>\n<audio class=\"wp-audio-shortcode\" id=\"audio-120101-5\" preload=\"none\" style=\"width: 100%;\" controls=\"controls\"><source type=\"audio\/mpeg\" src=\"https:\/\/www.radiopiu.net\/wordpress\/wp-content\/uploads\/2020\/03\/int-Zatta-su-verbali-rifiuti.mp3?_=5\" \/><a href=\"https:\/\/www.radiopiu.net\/wordpress\/wp-content\/uploads\/2020\/03\/int-Zatta-su-verbali-rifiuti.mp3\">https:\/\/www.radiopiu.net\/wordpress\/wp-content\/uploads\/2020\/03\/int-Zatta-su-verbali-rifiuti.mp3<\/a><\/audio>\n<p>&nbsp;<\/p>\n<p>&nbsp;<\/p>\n<hr \/>\n<p>&nbsp;<\/p>\n<blockquote>\n<h3>VERTICE A VENEZIA PER IL NEVEGAL, ECCO LE POSSIBILI SOLUZIONI<\/h3>\n<\/blockquote>\n<blockquote><p><em>\u00abQuesto \u00e8 un primo importante passo in avanti per il Nevegal: &#8211; ha sottolineato il Consigliere Regionale Franco Gidoni &#8211; \u00e8 necessario per dare certezze agli investitori, ma soprattutto per disegnare un futuro di progressivo rilancio della stazione\u00bb.<\/em><\/p>\n<p><strong><a class=\"dt-pswp-item\" href=\"https:\/\/www.radiopiu.net\/wordpress\/wp-content\/uploads\/2019\/10\/paesaggio-innevato-dellalpe_del_nevegal.jpg\" data-dt-img-description=\"\" data-large_image_width=\"1024\" data-large_image_height=\"400\"><img loading=\"lazy\" decoding=\"async\" class=\" wp-image-104502 alignleft\" src=\"https:\/\/www.radiopiu.net\/wordpress\/wp-content\/uploads\/2019\/10\/paesaggio-innevato-dellalpe_del_nevegal-300x117.jpg\" alt=\"\" width=\"274\" height=\"107\" srcset=\"https:\/\/www.radiopiu.net\/wordpress\/wp-content\/uploads\/2019\/10\/paesaggio-innevato-dellalpe_del_nevegal-300x117.jpg 300w, https:\/\/www.radiopiu.net\/wordpress\/wp-content\/uploads\/2019\/10\/paesaggio-innevato-dellalpe_del_nevegal-768x300.jpg 768w, https:\/\/www.radiopiu.net\/wordpress\/wp-content\/uploads\/2019\/10\/paesaggio-innevato-dellalpe_del_nevegal.jpg 1024w\" sizes=\"auto, (max-width: 274px) 100vw, 274px\" \/><\/a><\/strong><\/p><\/blockquote>\n<p><strong>VENEZIA<\/strong> Si \u00e8 tenuta\u00a0 a Venezia una riunione importante per il futuro del Nevegal, che ha visto attorno al tavolo il Sindaco di Belluno Jacopo Massaro, l&#8217;assessore regionale al turismo Federoco Caner, il consigliere regionale Franco Gidoni e i vertici della societ\u00e0 Alpe del Nevegal. Al centro della discussione ovviamente le questioni dei finanziamenti e degli impianti, tra loro fortemente collegati. Alpe del Nevegal determinante in tutta l&#8217;operazione:\u00a0 <em>\u00a0\u00abIn coerenza con quanto abbiamo sempre detto, siamo disponibili a cedere gli impianti al Comune; non ci sar\u00e0 alcuna questione economica fatti salvi gli aspetti meramente fiscali, e siamo disponibili fin da subito alla cessione degli impianti\u00bb, <\/em>commentano il presidente Maurizio Curti e l&#8217;amministratore delegato Piero Casagrande.Della partita far\u00e0 parte anche la Provincia di Belluno, come annunciato dal suo Presidente:<em> \u00abCi saremo anche noi e faremo la nostra parte. Mi confronter\u00f2 presto con il nuovo consiglio provinciale per studiare le prossime mosse che potremo mettere in campo\u00bb.\u00a0<\/em><\/p>\n<p><strong>IL SINDACO DI BELLUNO JACOPO MASSARO\u00a0<\/strong><\/p>\n<audio class=\"wp-audio-shortcode\" id=\"audio-120101-6\" preload=\"none\" style=\"width: 100%;\" controls=\"controls\"><source type=\"audio\/mpeg\" src=\"https:\/\/www.radiopiu.net\/wordpress\/wp-content\/uploads\/2020\/03\/MASSARO.mp3?_=6\" \/><a href=\"https:\/\/www.radiopiu.net\/wordpress\/wp-content\/uploads\/2020\/03\/MASSARO.mp3\">https:\/\/www.radiopiu.net\/wordpress\/wp-content\/uploads\/2020\/03\/MASSARO.mp3<\/a><\/audio>\n<p>&nbsp;<\/p>\n<p>&nbsp;<\/p>\n<hr \/>\n<p>&nbsp;<\/p>\n<p>&nbsp;<\/p>\n<blockquote>\n<h3>PIANO MARKETING PRONTO IL BANDO, CI SARA&#8217; IL BIS DEL FINE SETTIMANA DA &#8220;RICARICA&#8221; SECONDO IL FORMAT VINCENTE 2019<\/h3>\n<\/blockquote>\n<p><strong>ROCCA PIETORE\u00a0<\/strong><\/p>\n<h3>DI GIANNI SANTOMASO<\/h3>\n<audio class=\"wp-audio-shortcode\" id=\"audio-120101-7\" preload=\"none\" style=\"width: 100%;\" controls=\"controls\"><source type=\"audio\/mpeg\" src=\"https:\/\/www.radiopiu.net\/wordpress\/wp-content\/uploads\/2020\/03\/gianni-rocca.mp3?_=7\" \/><a href=\"https:\/\/www.radiopiu.net\/wordpress\/wp-content\/uploads\/2020\/03\/gianni-rocca.mp3\">https:\/\/www.radiopiu.net\/wordpress\/wp-content\/uploads\/2020\/03\/gianni-rocca.mp3<\/a><\/audio>\n<p>&nbsp;<\/p>\n<blockquote>\n<h2>ARCHIVIO RADIO PIU 6 SETTEMBRE 2019<\/h2>\n<\/blockquote>\n<blockquote class=\"wp-embedded-content\" data-secret=\"YzjBxSeu1y\"><p><a href=\"https:\/\/www.radiopiu.net\/wordpress\/ecco-chi-ha-vinto-la-vacanza-detox-10-partecipanti-per-1-obiettivo-rigenerarsi-in-natura-senza-smartphone\/\">ECCO CHI HA VINTO LA VACANZA DETOX 10 PARTECIPANTI PER 1 OBIETTIVO RIGENERARSI IN NATURA SENZA SMARTPHONE<\/a><\/p><\/blockquote>\n<p><iframe loading=\"lazy\" title=\"&#8220;ECCO CHI HA VINTO LA VACANZA DETOX 10 PARTECIPANTI PER 1 OBIETTIVO RIGENERARSI IN NATURA SENZA SMARTPHONE&#8221; &#8212; Radio Pi\u00f9\" class=\"wp-embedded-content\" sandbox=\"allow-scripts\" security=\"restricted\" style=\"position: absolute; clip: rect(1px, 1px, 1px, 1px);\" src=\"https:\/\/www.radiopiu.net\/wordpress\/ecco-chi-ha-vinto-la-vacanza-detox-10-partecipanti-per-1-obiettivo-rigenerarsi-in-natura-senza-smartphone\/embed\/#?secret=YzjBxSeu1y\" data-secret=\"YzjBxSeu1y\" width=\"600\" height=\"338\" frameborder=\"0\" marginwidth=\"0\" marginheight=\"0\" scrolling=\"no\"><\/iframe><\/p>\n<p>&nbsp;<\/p>\n<p>&nbsp;<\/p>\n<hr \/>\n<p>&nbsp;<\/p>\n<p>&nbsp;<\/p>\n<p>&nbsp;<\/p>\n<blockquote>\n<h2>UNIONE MONTANA: CENTRALE UNICA DI COMMITTENZA<\/h2>\n<\/blockquote>\n<p><strong>DI GIANNI SANTOMASO<\/strong><\/p>\n<audio class=\"wp-audio-shortcode\" id=\"audio-120101-8\" preload=\"none\" style=\"width: 100%;\" controls=\"controls\"><source type=\"audio\/mpeg\" src=\"https:\/\/www.radiopiu.net\/wordpress\/wp-content\/uploads\/2020\/03\/CENTRALE-COMMITTENZA.mp3?_=8\" \/><a href=\"https:\/\/www.radiopiu.net\/wordpress\/wp-content\/uploads\/2020\/03\/CENTRALE-COMMITTENZA.mp3\">https:\/\/www.radiopiu.net\/wordpress\/wp-content\/uploads\/2020\/03\/CENTRALE-COMMITTENZA.mp3<\/a><\/audio>\n<p>&nbsp;<\/p>\n<h2>REGISTRAZIONE DIBATTITO<\/h2>\n<h2>AUDIO<\/h2>\n<audio class=\"wp-audio-shortcode\" id=\"audio-120101-9\" preload=\"none\" style=\"width: 100%;\" controls=\"controls\"><source type=\"audio\/mpeg\" src=\"https:\/\/www.radiopiu.net\/wordpress\/wp-content\/uploads\/2020\/03\/CENTRALE-COMMITTENZA.mp3?_=9\" \/><a href=\"https:\/\/www.radiopiu.net\/wordpress\/wp-content\/uploads\/2020\/03\/CENTRALE-COMMITTENZA.mp3\">https:\/\/www.radiopiu.net\/wordpress\/wp-content\/uploads\/2020\/03\/CENTRALE-COMMITTENZA.mp3<\/a><\/audio>\n<h2>VIDEO DAL MINUTO 9&#8242;<\/h2>\n<p>&nbsp;<\/p>\n<div id=\"fb-root\"><\/div>\n<p><script async=\"1\" defer=\"1\" crossorigin=\"anonymous\" src=\"https:\/\/connect.facebook.net\/it_IT\/sdk.js#xfbml=1&amp;version=v6.0\"><\/script><\/p>\n<div class=\"fb-video\" data-href=\"https:\/\/www.facebook.com\/mirko.mezzacasa\/videos\/10222395153454509\/\" data-width=\"1200\">\n<blockquote cite=\"https:\/\/www.facebook.com\/mirko.mezzacasa\/videos\/10222395153454509\/\" class=\"fb-xfbml-parse-ignore\"><p><a href=\"https:\/\/www.facebook.com\/mirko.mezzacasa\/videos\/10222395153454509\/\"><\/a><\/p>\n<p>Pubblicato da <a href=\"https:\/\/www.facebook.com\/mirko.mezzacasa\">Mirko Mezzacasa<\/a> su Luned\u00ec 2 marzo 2020<\/p><\/blockquote>\n<\/div>\n<p>&nbsp;<\/p>\n<p>&nbsp;<\/p>\n<p>&nbsp;<\/p>\n<hr \/>\n<blockquote>\n<h3><\/h3>\n<h1><em>Cerchio di Suono &#8211; lo Yoga a favore degli animali!<\/em><\/h1>\n<\/blockquote>\n<p>&nbsp;<\/p>\n<p><strong><a class=\"dt-pswp-item\" href=\"https:\/\/www.radiopiu.net\/wordpress\/wp-content\/uploads\/2020\/03\/locanda-pauli-marzo-animali-light.jpg\" data-dt-img-description=\"\" data-large_image_width=\"848\" data-large_image_height=\"1200\"><img loading=\"lazy\" decoding=\"async\" class=\"size-medium wp-image-120167 alignleft\" src=\"https:\/\/www.radiopiu.net\/wordpress\/wp-content\/uploads\/2020\/03\/locanda-pauli-marzo-animali-light-212x300.jpg\" alt=\"\" width=\"212\" height=\"300\" srcset=\"https:\/\/www.radiopiu.net\/wordpress\/wp-content\/uploads\/2020\/03\/locanda-pauli-marzo-animali-light-212x300.jpg 212w, https:\/\/www.radiopiu.net\/wordpress\/wp-content\/uploads\/2020\/03\/locanda-pauli-marzo-animali-light-724x1024.jpg 724w, https:\/\/www.radiopiu.net\/wordpress\/wp-content\/uploads\/2020\/03\/locanda-pauli-marzo-animali-light-768x1087.jpg 768w, https:\/\/www.radiopiu.net\/wordpress\/wp-content\/uploads\/2020\/03\/locanda-pauli-marzo-animali-light.jpg 848w\" sizes=\"auto, (max-width: 212px) 100vw, 212px\" \/><\/a><\/strong><\/p>\n<p>&nbsp;<\/p>\n<p><strong>AGORDO <\/strong>Inflow Yoga presenta un bell\u2019evento a favore degli animali: il titolo \u00e8 Cerchio di suono &#8211; aspettando l&#8217;equinozio di primavera a cura di\u00a0 Maria Paula Medina. L&#8217;incontro si terr\u00e0 il 20 Marzo a Taibon agordino presso la palestra delle scuole elementari, dalle ore 20 alle 22.30 Ci si incontra intorno a un cerchio a ricordare, cantare e ringraziare per l\u2019avvento della primavera. Il momento adeguato per seminare nuovi pensieri e intenzioni per la stagione che ha inizio. Condividendo insieme intorno a un fuoco. Potete PORTARE semi, chicchi di cereali o legumi, semi di fiori e piante che vogliamo seminare questa primavera. Gli strumenti musicali sono benvenuti. Il ricavato della partecipazione sar\u00e0 devoluto per la cura degli animali in difficolt\u00e0, che anche sul nostro territorio sono sempre pi\u00f9 numerosi. info e iscrizioni: Tel. 333.721.4132 info_flowyoga@yahoo.com<\/p>\n<p>&nbsp;<\/p>\n<p>&nbsp;<\/p>\n<p>&nbsp;<\/p>\n<hr \/>\n<blockquote>\n<h3><\/h3>\n<h3>LANDRE SCUR VAL CELLINA<\/h3>\n<p><strong>Escursionismo con racchette da neve<\/strong><\/p>\n<p><span style=\"color: #ff0000;\">IL MESSAGGIO DALLA SEZIONE AGORDINA Armando Tama Da Roit\u00a0<\/span><\/p>\n<p><em>AGORDO Domenica escursione con il Cai di Agordo.\u00a0 Dopo un lungo periodo siccitoso nel quale gli spessori di neve si sono pian piano ridotti, un po&#8217; per i forti venti e un po&#8217; per le numerose inversioni termiche, finalmente l&#8217;inverno si \u00e8 rifatto vivo scaricando ancora qualche centimetro di soffice neve contribuendo, speriamo, alla pulizia dell&#8217;aria carica di polveri, allergeni e virus. Ci sar\u00e0 da divertirsi calpestando finalmente un po&#8217; di neve fresca, domenica 8 marzo in Val Cellina! Per la prossima escursione ci trasferiamo nel vicino Friuli Venezia Giulia e risalendo il corso del Torrente Cellina, ci addentreremo in una delle valli pi\u00f9 suggestive della Regione. Qui la lettura del territorio ci far\u00e0 scoprire una ricca pagina di storia scritta dalla natura e dall&#8217;uomo, tra antiche casere, impronte di dinosauri e grotte carsiche. <\/em><em>Escursione classificata EAI facile.<\/em><\/p>\n<h3><\/h3>\n<h3><\/h3>\n<\/blockquote>\n<hr \/>\n<blockquote>\n<h3><\/h3>\n<h3>ANNULLATA LA PEDONATA IL VENTO TRA I CAPELLI<\/h3>\n<\/blockquote>\n<p><strong>BELLUNO<\/strong> La pedonata \u201cIl vento tra i capelli\u201d, programmata per domenica 8 marzo in Piazza dei Martiri a Belluno, \u00e8 stata annullata per ottemperare alle disposizioni dell\u2019ordinanza ministeriale e regionale nell\u2019ambito delle misure contenitive dell\u2019emergenza epidemiologica da Covid-19. La pedonata non competitiva, organizzata dal Comitato \u201cPrevenzione salute donna\u201d ogni anno, dal 2006, ha lo scopo di acquistare con il ricavato attrezzature medico-sanitarie da donare all\u2019Ulss 1 Dolomiti a servizio dei cittadini. Con le quattordici precedenti edizioni, sono state donate attrezzature per un totale di 353.905 euro. Il Comitato \u00e8 al lavoro per valutare la possibilit\u00e0 di concordare una nuova data. Intanto, prosegue comunque la vendita delle magliette legate alla manifestazione, recanti il logo \u201cIl vento tra i capelli\u201d. Le persone interessate possono rivolgersi all\u2019associazione Ados, all\u2019ingresso del parcheggio ospedaliero del \u201cSan Martino\u201d di Belluno, dal luned\u00ec al gioved\u00ec dalle 9 alle 11.<\/p>\n<p>&nbsp;<\/p>\n<p>&nbsp;<\/p>\n<hr \/>\n<p>&nbsp;<\/p>\n<p>&nbsp;<\/p>\n<blockquote>\n<h3>RINVIATO IL CONCORSO ARTIGIANALE AL PROSECCO SUPERIORE<\/h3>\n<\/blockquote>\n<p><strong>LONGARONE<\/strong> Rinviato a data da destinarsi l&#8217;ottavo concorso Prosecco Superiore Docg. La conferma arrivata ieri da Longarone Fiere.<\/p>\n<p>&nbsp;<\/p>\n<p>&nbsp;<\/p>\n<hr \/>\n<p>&nbsp;<\/p>\n<p>&nbsp;<\/p>\n<blockquote>\n<h2>L&#8217;OPINIONE<\/h2>\n<\/blockquote>\n<h3>di FRANCO PIACENTINI, FELTRE<\/h3>\n<p><strong>\u201cEmergenza anziani soli\u201d<\/strong><\/p>\n<p><strong>FELTRE<\/strong> In questi giorni di emergenza sanitaria causata da Coronavirus, sui mass media viene focalizzata (anche) l\u2019emergenza sociale degli anziani soli, con particolare attenzione, evidenziata dalle organizzazioni sindacali SPI FNP UILP, alle persone over 80 anni di et\u00e0. Analizzando le particolari condizioni degli anziani soli, non \u00e8 eccessivo il sostantivo \u201cemergenza\u201d. Non essendo persone invisibili, i loro diritti: di reddito, di servizi sociosanitari e di prestazioni assistenziali, devono trovare spazio nell\u2019ambito della riforma previdenziale intergenerazionale e all&#8217;interno del welfare generativo universale. Governo, CGIL CISL UIL, Rappresentanze Imprenditoriali, utilizzando lo strumento della concertazione, sull\u2019esperienza degli accordi interconfederali, sono sollecitate a programmare esigibili interventi finanziari a sostegno della qualit\u00e0 della vita degli anziani soli, riprendendo le riflessioni e indicazioni, se pur datate, comunque di grandissima attualit\u00e0, di mons. Giovanni Nervo, primo Presidente della CARITAS. Nel 1993 in un seminario svoltosi a Malosco (TN), promosso dalla Fondazione \u201cE. Zancan\u201d, mons. G. Nervo nel rilevare il non invidiabile rapporto pensionati\/lavoratori, in quanto l\u2019Italia, gi\u00e0 in quel periodo, era il Paese con pi\u00f9 persone pensionate di quanti erano i produttori di reddito e prendendo atto che nell\u2019ultimo secolo, nei Paesi occidentali, era triplicata la durata della vita media e ridotte pi\u00f9 di un terzo le nascite, con straordinaria intuizione, sull\u2019invecchiamento attivo, cos\u00ec richiamava l\u2019attenzione delle istituzioni: \u201cL\u2019anziano autosufficiente non \u00e8 un problema; i problemi sono nella societ\u00e0 che non sa riconoscergli uno status e un ruolo, non sa fornirgli le condizioni per vivere dignitosamente nella societ\u00e0. L\u2019anziano autosufficiente non ha bisogno di assistenza, di case di riposo ecc\u2026., ha bisogno di una pensione adeguata, di un appartamento non lontano dai suoi familiari e amici; in citt\u00e0 ha bisogno di poter camminare senza barriere architettoniche (\u2026) Se un anziano sceglie di entrare in casa di riposo ha diritto di farlo, ma dev\u2019essere una sua libera scelta, non quella della disperazione, in quanto una volta non autosufficiente nessuno pi\u00f9 lo accetta, e spesso sul territorio i servizi per non autosufficienti non ci sono\u201d. Ritornando alla solitudine, ricordo che quotidianamente \u00e8 attiva la rete del Volontariato. Migliaia di donne e uomini, disinteressatamente, si prodigano nell\u2019aiuto alle persone fragili. Senza questo aiuto di \u201cassistenza volontaristica\u201d, moltissimi di pi\u00f9 sarebbero gli anziani in solitudine e in depressione psicofisica.<\/p>\n<p>&nbsp;<\/p>\n<p>&nbsp;<\/p>\n<hr \/>\n<p>&nbsp;<\/p>\n<p>&nbsp;<\/p>\n<blockquote>\n<h2>ALLA RADIO, IERI LA PUNTATA DI LEGGERMENTE BELLUNESI DI LUISA ALCHINI DEDICATA A MANOLO<\/h2>\n<\/blockquote>\n<audio class=\"wp-audio-shortcode\" id=\"audio-120101-10\" preload=\"none\" style=\"width: 100%;\" controls=\"controls\"><source type=\"audio\/mpeg\" src=\"https:\/\/www.radiopiu.net\/wordpress\/wp-content\/uploads\/2020\/03\/LEGGERMENTE-03-marzo-2020.mp3?_=10\" \/><a href=\"https:\/\/www.radiopiu.net\/wordpress\/wp-content\/uploads\/2020\/03\/LEGGERMENTE-03-marzo-2020.mp3\">https:\/\/www.radiopiu.net\/wordpress\/wp-content\/uploads\/2020\/03\/LEGGERMENTE-03-marzo-2020.mp3<\/a><\/audio>\n<h2>COLLEZIONE COMPLETA<\/h2>\n<blockquote class=\"wp-embedded-content\" data-secret=\"3zAGkLAkI4\"><p><a href=\"https:\/\/www.radiopiu.net\/wordpress\/leggermente-20\/\">LEGGERmente&#8230;Bellunesi<\/a><\/p><\/blockquote>\n<p><iframe loading=\"lazy\" title=\"&#8220;LEGGERmente&#8230;Bellunesi&#8221; &#8212; Radio Pi\u00f9\" class=\"wp-embedded-content\" sandbox=\"allow-scripts\" security=\"restricted\" style=\"position: absolute; clip: rect(1px, 1px, 1px, 1px);\" src=\"https:\/\/www.radiopiu.net\/wordpress\/leggermente-20\/embed\/#?secret=3zAGkLAkI4\" data-secret=\"3zAGkLAkI4\" width=\"600\" height=\"338\" frameborder=\"0\" marginwidth=\"0\" marginheight=\"0\" scrolling=\"no\"><\/iframe><\/p>\n<p>&nbsp;<\/p>\n<hr \/>\n<h2><\/h2>\n<p>&nbsp;<\/p>\n<blockquote class=\"wp-embedded-content\" data-secret=\"WIhp5MhkS6\"><p><a href=\"https:\/\/www.radiopiu.net\/wordpress\/153-anni-fa-come-ieri-garibaldi-a-belluno-e-feltre-per-comizi-di-renato-bona\/\">153 ANNI FA COME IERI, GARIBALDI A BELLUNO (E FELTRE) PER COMIZI di RENATO BONA<\/a><\/p><\/blockquote>\n<p><iframe loading=\"lazy\" title=\"&#8220;153 ANNI FA COME IERI, GARIBALDI A BELLUNO (E FELTRE) PER COMIZI di RENATO BONA&#8221; &#8212; Radio Pi\u00f9\" class=\"wp-embedded-content\" sandbox=\"allow-scripts\" security=\"restricted\" style=\"position: absolute; clip: rect(1px, 1px, 1px, 1px);\" src=\"https:\/\/www.radiopiu.net\/wordpress\/153-anni-fa-come-ieri-garibaldi-a-belluno-e-feltre-per-comizi-di-renato-bona\/embed\/#?secret=WIhp5MhkS6\" data-secret=\"WIhp5MhkS6\" width=\"600\" height=\"338\" frameborder=\"0\" marginwidth=\"0\" marginheight=\"0\" scrolling=\"no\"><\/iframe><\/p>\n<h2><\/h2>\n<hr \/>\n<h2><\/h2>\n<h2><span style=\"color: #ff0000;\">ALLA RADIO<\/span><\/h2>\n<h3><strong>IN VIVO VERSO DI BRUNELLA MORO<\/strong><\/h3>\n<blockquote class=\"wp-embedded-content\" data-secret=\"jvYaTEnCDH\"><p><a href=\"https:\/\/www.radiopiu.net\/wordpress\/spiagge-di-rose-di-luca-magro\/\">SPIAGGE DI ROSE di LUCA MAGRO<\/a><\/p><\/blockquote>\n<p><iframe loading=\"lazy\" title=\"&#8220;SPIAGGE DI ROSE di LUCA MAGRO&#8221; &#8212; Radio Pi\u00f9\" class=\"wp-embedded-content\" sandbox=\"allow-scripts\" security=\"restricted\" style=\"position: absolute; clip: rect(1px, 1px, 1px, 1px);\" src=\"https:\/\/www.radiopiu.net\/wordpress\/spiagge-di-rose-di-luca-magro\/embed\/#?secret=jvYaTEnCDH\" data-secret=\"jvYaTEnCDH\" width=\"600\" height=\"338\" frameborder=\"0\" marginwidth=\"0\" marginheight=\"0\" scrolling=\"no\"><\/iframe><\/p>\n<blockquote>\n<h3>COLLEZIONE COMPLETA<\/h3>\n<\/blockquote>\n<blockquote class=\"wp-embedded-content\" data-secret=\"FBA5QTAhkP\"><p><a href=\"https:\/\/www.radiopiu.net\/wordpress\/in-vivo-verso\/\">In Vivo Verso<\/a><\/p><\/blockquote>\n<p><iframe loading=\"lazy\" title=\"&#8220;In Vivo Verso&#8221; &#8212; Radio Pi\u00f9\" class=\"wp-embedded-content\" sandbox=\"allow-scripts\" security=\"restricted\" style=\"position: absolute; clip: rect(1px, 1px, 1px, 1px);\" src=\"https:\/\/www.radiopiu.net\/wordpress\/in-vivo-verso\/embed\/#?secret=FBA5QTAhkP\" data-secret=\"FBA5QTAhkP\" width=\"600\" height=\"338\" frameborder=\"0\" marginwidth=\"0\" marginheight=\"0\" scrolling=\"no\"><\/iframe><\/p>\n<p>&nbsp;<\/p>\n<hr \/>\n<p>&nbsp;<\/p>\n<h2><span style=\"color: #ff0000;\">ALLA RADIO<\/span><\/h2>\n<h3><strong>DUE MINUTI UN LIBRO\u00a0<\/strong><\/h3>\n<blockquote class=\"wp-embedded-content\" data-secret=\"QSsxoiN8RY\"><p><a href=\"https:\/\/www.radiopiu.net\/wordpress\/il-gatto-che-aggiustava-i-cuori-2\/\">IL GATTO CHE AGGIUSTAVA I CUORI<\/a><\/p><\/blockquote>\n<p><iframe loading=\"lazy\" title=\"&#8220;IL GATTO CHE AGGIUSTAVA I CUORI&#8221; &#8212; Radio Pi\u00f9\" class=\"wp-embedded-content\" sandbox=\"allow-scripts\" security=\"restricted\" style=\"position: absolute; clip: rect(1px, 1px, 1px, 1px);\" src=\"https:\/\/www.radiopiu.net\/wordpress\/il-gatto-che-aggiustava-i-cuori-2\/embed\/#?secret=QSsxoiN8RY\" data-secret=\"QSsxoiN8RY\" width=\"600\" height=\"338\" frameborder=\"0\" marginwidth=\"0\" marginheight=\"0\" scrolling=\"no\"><\/iframe><\/p>\n<h2>COLLEZIONE COMPLETA<\/h2>\n<blockquote class=\"wp-embedded-content\" data-secret=\"mmJf8efDLy\"><p><a href=\"https:\/\/www.radiopiu.net\/wordpress\/due-minuti-un-libro\/\">Due minuti un libro<\/a><\/p><\/blockquote>\n<p><iframe loading=\"lazy\" title=\"&#8220;Due minuti un libro&#8221; &#8212; Radio Pi\u00f9\" class=\"wp-embedded-content\" sandbox=\"allow-scripts\" security=\"restricted\" style=\"position: absolute; clip: rect(1px, 1px, 1px, 1px);\" src=\"https:\/\/www.radiopiu.net\/wordpress\/due-minuti-un-libro\/embed\/#?secret=mmJf8efDLy\" data-secret=\"mmJf8efDLy\" width=\"600\" height=\"338\" frameborder=\"0\" marginwidth=\"0\" marginheight=\"0\" scrolling=\"no\"><\/iframe><\/p>\n<p>&nbsp;<\/p>\n<p>&nbsp;<\/p>\n<p>&nbsp;<\/p>\n<p>&nbsp;<\/p>\n<p>&nbsp;<\/p>\n<p>&nbsp;<\/p>\n<p><a class=\"dt-pswp-item pspw-wrap-ready\" href=\"https:\/\/www.radiopiu.net\/wordpress\/wp-content\/uploads\/2018\/09\/viabilita.jpeg\" data-dt-img-description=\"\" data-large_image_width=\"800\" data-large_image_height=\"100\"><img loading=\"lazy\" decoding=\"async\" class=\"wp-image-61954 size-full aligncenter\" src=\"https:\/\/www.radiopiu.net\/wordpress\/wp-content\/uploads\/2018\/09\/viabilita.jpeg\" sizes=\"auto, (max-width: 800px) 100vw, 800px\" srcset=\"https:\/\/www.radiopiu.net\/wordpress\/wp-content\/uploads\/2018\/09\/viabilita.jpeg 800w, https:\/\/www.radiopiu.net\/wordpress\/wp-content\/uploads\/2018\/09\/viabilita-300x38.jpeg 300w, https:\/\/www.radiopiu.net\/wordpress\/wp-content\/uploads\/2018\/09\/viabilita-768x96.jpeg 768w\" alt=\"\" width=\"800\" height=\"100\" \/><\/a><\/p>\n<p>&nbsp;<\/p>\n<p><strong>FELTRE COMUNALE DI VIA PARADISO<\/strong> Fino al\u00a0 31 Marzo 2020 (incluso festivi) in via Paradiso (tratto fronte il civico n\u00b0 14). Per lavori di: &#8220;Manutenzione all&#8217;edificio sito in via Paradiso n\u00b0 14\u201d &#8211; l\u2019istituzione, dei seguenti obblighi, divieti e limitazioni: Divieto di transito per tutti i veicoli e motocicli ; Divieto di sosta con rimozione<\/p>\n<p><strong>48 delle DOLOMITI localita&#8217; LIVINE&#8217;\u00a0<\/strong>\u00a0 Fino al 13 marzo senso unico per lavori di esboschi anche festivi e prefestiv<\/p>\n<p><strong>SP 251 VAL DI ZOLDO E VAL CELLINA<\/strong> Fino\u00a0 al 13 marzo sabato e domenica esclusi, senso unico alternato da impianto semaforico per lavori di ripristino reti di protezione sui versanti.<\/p>\n<p><strong>GR 50 BIS, SCALE DI PRIMOLANO<\/strong> Fino al\u00a0 7 MARZO (FESTIVI E PREFESTIVI ESCLUSI) SENSO UNICO ALTERNATO PER POSA CAVIDOTTOhttps:\/\/www.radiopiu.net\/wordpress\/amicizia-di-marino-perera\/<\/p>\n<div class=\"im_history_message_wrap\">\n<div class=\"im_message_outer_wrap hasselect\" data-msg-id=\"2959\">\n<div class=\"im_message_wrap clearfix\">\n<div class=\"im_content_message_wrap im_message_out\">\n<p><strong>SR 203 AGORDINA LOCALITA&#8217; FORAN<\/strong> COMUNE DI LIVINALLONGO,FINO AL 2 APRILE (SABATO E DOMENICA ESCLUSI) SENSO UNICO ALTERNATO PER LAVORI DI ESBOSCO<\/p>\n<\/div>\n<\/div>\n<\/div>\n<\/div>\n<p>&nbsp;<\/p>\n<p>&nbsp;<\/p>\n<p>&nbsp;<\/p>\n<p>&nbsp;<\/p>\n<p><a class=\"dt-pswp-item\" href=\"https:\/\/www.radiopiu.net\/wordpress\/wp-content\/uploads\/2018\/09\/sport.jpg\" data-dt-img-description=\"\" data-large_image_width=\"800\" data-large_image_height=\"100\"><img loading=\"lazy\" decoding=\"async\" class=\"aligncenter wp-image-60761 size-full\" src=\"https:\/\/www.radiopiu.net\/wordpress\/wp-content\/uploads\/2018\/09\/sport.jpg\" alt=\"\" width=\"800\" height=\"100\" srcset=\"https:\/\/www.radiopiu.net\/wordpress\/wp-content\/uploads\/2018\/09\/sport.jpg 800w, https:\/\/www.radiopiu.net\/wordpress\/wp-content\/uploads\/2018\/09\/sport-300x38.jpg 300w, https:\/\/www.radiopiu.net\/wordpress\/wp-content\/uploads\/2018\/09\/sport-768x96.jpg 768w\" sizes=\"auto, (max-width: 800px) 100vw, 800px\" \/><\/a><\/p>\n<h3><\/h3>\n<h3><\/h3>\n<blockquote>\n<h3>IL MERANO VINCE GARA 1 DEI QUARTI DI FINALE CON L&#8217;ALLEGHE<\/h3>\n<\/blockquote>\n<p><a class=\"dt-pswp-item\" href=\"https:\/\/www.radiopiu.net\/wordpress\/wp-content\/uploads\/2019\/08\/logo-alleghe-hockey.png\" data-dt-img-description=\"\" data-large_image_width=\"547\" data-large_image_height=\"512\"><img loading=\"lazy\" decoding=\"async\" class=\"size-medium wp-image-95699 alignleft\" src=\"https:\/\/www.radiopiu.net\/wordpress\/wp-content\/uploads\/2019\/08\/logo-alleghe-hockey-300x281.png\" alt=\"\" width=\"300\" height=\"281\" srcset=\"https:\/\/www.radiopiu.net\/wordpress\/wp-content\/uploads\/2019\/08\/logo-alleghe-hockey-300x281.png 300w, https:\/\/www.radiopiu.net\/wordpress\/wp-content\/uploads\/2019\/08\/logo-alleghe-hockey.png 547w\" sizes=\"auto, (max-width: 300px) 100vw, 300px\" \/><\/a>MERANO &#8211; ALLEGHE 5-1<\/p>\n<p>PARZIALI: 1-1, 2-0, 2-0<\/p>\n<p>GOL: pt. 13\u201930\u201d Thaler, 16\u201909\u201d Giolai. st. 6\u201911\u201d Ansoldi, 14\u201941\u201d Lo Presti. tt. 17\u201954\u201d Ansoldi, 18\u201935\u201d Faggioni<\/p>\n<p><strong>MERANO<\/strong> Il Merano mette il sigillo a gara 1 dei quarti di finale della IHL. L\u2019Alleghe Hockey esce sconfitto dopo una gara giocata a testa alta con gli uomini di Matikainen in partita per 50\u2019. La squadra agordina fa ben sperare in vista della gara interna che verr\u00e0 giocata domani al De Toni a porte chiuse. Non sar\u00e0 una serie facile quella iniziata ieri sera con gli altoatesini che hanno avuto tante possibilit\u00e0 per andare a segno ma Scola ha fatto la differenza.<\/p>\n<p>Si inizia con un minuto di raccoglimento per ricordare Renato Rossi e Claudio Franceschini, rispettivamente presidente ed ex vicepresidente dell\u2019Alleghe Hockey che nello scorso fine settimana hanno lasciato un vuoto nella societ\u00e0 alleghese. Primi minuti di studio ma con le squadre che giocano fin da subito a ritmi alti. Huovinen prova ad impensierire il portiere avversario ma la sua conclusione viene respinta. Il Merano risponde alla prima superiorit\u00e0 numerica ma la difesa agordina non si fa sorprendere. Padroni di casa agguerriti che le provano tutte ma Scola \u00e8 in serata. L\u2019Alleghe non sfrutta una penalit\u00e0 a favore e con l\u2019uomo in meno i meranesi trovano il vantaggio con Thaler. Le civette tirano fuori le unghie e pareggiano i conti poco dopo con Giolai che dalla distanza trafigge Tragust. Il Merano entra in campo pi\u00f9 convinto nella seconda frazione. Tante le conclusioni degli altoatesini ma la difesa agordina fa la differenza. Scola si difende al meglio ma dopo un assedio avversario subisce la rete da Ansoldi. La partita si innervosisce e a pagarne le spese sono i biancorossi che poco dopo subiscono la terza marcatura della serata da Lo Presti. A fine secondo tempo la squadra di Matikainen prova a reagire senza accorciare le distanze. Il terzo drittel inizia con una superiorit\u00e0 agordina che per\u00f2 non viene sfruttata a dovere. Nel finale di gara il Merano cala il poker con la rete di Ansoldi e subito dopo il quinto gol di Faggioni.<\/p>\n<p>&nbsp;<\/p>\n<hr \/>\n<p>&nbsp;<\/p>\n<p>&nbsp;<\/p>\n<blockquote>\n<h3>HOCKEY GHIACCIO, FUORI CLAYTON BEDDOES ITALIA AFFIDATA ANCHE A GIORGIO DE BETTIN<\/h3>\n<\/blockquote>\n<p><strong>MILANO<\/strong> La Federazione italiana sport del ghiaccio ha accettato le dimissioni di Clayton Beddoes dall\u2019incarico di head-coach della nazionale di hockey su ghiaccio. La FISG \u00e8 gi\u00e0 alla ricerca di un sostituto del 49enne tecnico canadese per il ruolo di head-coach per i Mondiali Top Division in programma a Zurigo nel mese di maggio e per il torneo di qualificazione olimpica di fine agosto a Riga, in Lettonia. Nel frattempo l\u2019Italia sar\u00e0 affidata ai due assistenti: il 49enne finlandese Riku-Petteri Lehtonen e il 47enne bellunese Giorgio De Bettin. Al loro fianco confermato anche il video-coach Diego Scandella, italo-canadese di 55 anni che rimane dunque nel coaching-staff azzurro. La nazionale si raduner\u00e0 il 13 aprile a Bolzano per il via al training-camp di preparazione verso il Mondiale di Zurigo.<\/p>\n<p><a class=\"dt-pswp-item\" href=\"https:\/\/www.radiopiu.net\/wordpress\/wp-content\/uploads\/2020\/03\/087976c3-649a-42cd-934f-2df28ccf43c9.jpg\" data-dt-img-description=\"\" data-large_image_width=\"1200\" data-large_image_height=\"642\"><img loading=\"lazy\" decoding=\"async\" class=\"alignnone wp-image-120150 size-full\" src=\"https:\/\/www.radiopiu.net\/wordpress\/wp-content\/uploads\/2020\/03\/087976c3-649a-42cd-934f-2df28ccf43c9.jpg\" alt=\"\" width=\"1200\" height=\"642\" srcset=\"https:\/\/www.radiopiu.net\/wordpress\/wp-content\/uploads\/2020\/03\/087976c3-649a-42cd-934f-2df28ccf43c9.jpg 1200w, https:\/\/www.radiopiu.net\/wordpress\/wp-content\/uploads\/2020\/03\/087976c3-649a-42cd-934f-2df28ccf43c9-300x161.jpg 300w, https:\/\/www.radiopiu.net\/wordpress\/wp-content\/uploads\/2020\/03\/087976c3-649a-42cd-934f-2df28ccf43c9-1024x548.jpg 1024w, https:\/\/www.radiopiu.net\/wordpress\/wp-content\/uploads\/2020\/03\/087976c3-649a-42cd-934f-2df28ccf43c9-768x411.jpg 768w\" sizes=\"auto, (max-width: 1200px) 100vw, 1200px\" \/><\/a><\/p>\n<p>&nbsp;<\/p>\n<p>&nbsp;<\/p>\n<p>&nbsp;<\/p>\n<p>&nbsp;<\/p>\n<p><b><a class=\"dt-pswp-item\" href=\"https:\/\/www.radiopiu.net\/wordpress\/wp-content\/uploads\/2018\/09\/WhatsApp-Image-2018-09-20-at-16.04.06.jpeg\" data-dt-img-description=\"\" data-large_image_width=\"800\" data-large_image_height=\"100\"><img loading=\"lazy\" decoding=\"async\" class=\"aligncenter wp-image-61378 size-full\" src=\"https:\/\/www.radiopiu.net\/wordpress\/wp-content\/uploads\/2018\/09\/WhatsApp-Image-2018-09-20-at-16.04.06.jpeg\" alt=\"\" width=\"800\" height=\"100\" srcset=\"https:\/\/www.radiopiu.net\/wordpress\/wp-content\/uploads\/2018\/09\/WhatsApp-Image-2018-09-20-at-16.04.06.jpeg 800w, https:\/\/www.radiopiu.net\/wordpress\/wp-content\/uploads\/2018\/09\/WhatsApp-Image-2018-09-20-at-16.04.06-300x38.jpeg 300w, https:\/\/www.radiopiu.net\/wordpress\/wp-content\/uploads\/2018\/09\/WhatsApp-Image-2018-09-20-at-16.04.06-768x96.jpeg 768w\" sizes=\"auto, (max-width: 800px) 100vw, 800px\" \/><\/a><\/b><\/p>\n<p><center><b>Mercoledi 4<\/b><\/center><b>Tempo atteso: <\/b>Dopo la residua nuvolosit\u00e0 notturna, in rapido diradamento a partire da ovest dopo il sorgere del sole, il tempo migliorer\u00e0 nettamente, dando luogo a una splendida giornata con sole, aria tersa ed ottima visibilit\u00e0. Clima invernale in quota e ancora fresco nei fondovalle, nonostante il buon soleggiamento.<br \/>\n<b>Precipitazioni: <\/b>Residui fenomeni notturni con un po&#8217; di neve oltre i 700\/1000 m tra Prealpi e Dolomiti (10\/20%). In giornata precipitazioni assenti (0%).<br \/>\n<b>Temperature: <\/b>In quota in generale lieve diminuzione, nelle valli minime pressoch\u00e9 stazionarie e massime in leggera ripresa. Su Prealpi a 1500 m min -4\u00b0C max -1\u00b0C, a 2000 m min -7\u00b0C max -3\u00b0C. Su Dolomiti a 2000 m min -8\u00b0C max -4\u00b0C, a 3000 m min -14\u00b0C max -12\u00b0C.<br \/>\n<b>Venti: <\/b>Nelle valli deboli di direzione variabile, con qualche rinforzo per brezze notturne nei consueti posti prealpini. In quota perlopi\u00f9 deboli da nord, a tratti moderati, a 5-10 km\/h a 2000 m, 10-15 km\/h a 3000 m.<\/p>\n<hr \/>\n<p><center><b>Giovedi 5<\/b><\/center><b>Tempo atteso: <\/b>Brevi schiarite all&#8217;alba sulle Dolomiti, altrove gi\u00e0 molto nuvoloso. In seguito aumento della copertura nuvolosa ovunque entro met\u00e0 mattinata e, dalle ore centrali in poi, il tempo peggiorer\u00e0 con prime deboli precipitazioni ad iniziare dalle Prealpi occidentali, in successiva estensione al resto della montagna veneta. Clima freddo ed uggioso con debole escursione termica a tutte le quote.<br \/>\n<b>Precipitazioni: <\/b>Nella notte fino al primo mattino assenti (0%). In seguito probabilit\u00e0 in aumento per primi deboli fenomeni a partire dalle Prealpi occidentali, in estensione al resto della montagna veneta nel corso del pomeriggio (90%), intensificandosi alla sera. Limite neve tra i 600\/800 m sulle Dolomiti e 800\/900 m sulle Prealpi.<br \/>\n<b>Temperature: <\/b>Minime senza notevoli variazioni, eccetto lieve rialzo sulle vette pi\u00f9 alte; massime in calo sotto i 2500 m, mentre saliranno sulle vette pi\u00f9 alte per avvezione d&#8217;aria meno fredda da sud-ovest. Su Prealpi a 1500 m min -4\u00b0C max -3\u00b0C, a 2000 m min -6\u00b0C max -4\u00b0C. Su Dolomiti a 2000 m min -7\u00b0C max -5\u00b0C, a 3000 m min -11\u00b0C max -8\u00b0C.<br \/>\n<b>Venti: <\/b>Nelle valli deboli di direzione variabile, con qualche rinforzo notturno nei consueti settori prealpini, specie a ridosso della pedemontana. In quota perlopi\u00f9 moderati da sud-ovest al mattino, sempre da sud-ovest in intensificazione fino a tesi oltre i 2200\/2400 m. Forti alla sera sulle cime pi\u00f9 alte, a 5-25 km\/h a 2000 m, 20-50 km\/h a 3000 m.<\/p>\n<hr \/>\n<p><center><b>Venerdi 6<\/b><\/center>Tempo perturbato con cielo coperto e precipitazioni diffuse di debole intensit\u00e0, a tratti moderate. Il limte della neve si rialzer\u00e0 dai 1100\/1200 m inziali fino sui 1400\/1500 m. Temperature in aumento. Venti in quota moderati\/tesi da sud-ovest al mattino, in rotazione da nord-ovest, scemando sensibilmente al pomeriggio. Eventuali condizioni di Foehn nelle valli a fine episodio.<\/p>\n<hr \/>\n<p><center><b>Sabato 7<\/b><\/center>Residua nuvolosit\u00e0 notturna, in rapido diradamento a partire da ovest, lasciando spazio a un netto miglioramento del tempo con sole e cielo perlopi\u00f9 sereno, specie sulle Dolomiti. Clima notturno pi\u00f9 freddo, mentre il sole consentir\u00e0 un rialzo delle massime nei settori pi\u00f9 assolati. Venti deboli\/moderati da nord nord-est in quota, deboli di direzione variabile nelle valli. Previsore: R.L.Th.<\/p>\n","protected":false},"excerpt":{"rendered":"<p>PER RICEVERE QUESTO NOTIZIARIO DIRETTAMENTE SUL TUO CELLULARE ISCRIVITI AL CANALE TELEGRAM &#8220;RADIO PIU\u00a0 INFORMAZIONE&#8221;\u00a0 &nbsp; &nbsp; &nbsp; &nbsp; LUTTO A RADIO PIU AGORDO E&#8217; mancato ieri sera a 86 anni il pap\u00e0 del nostro Gianfranco &#8220;Skossa&#8221; Tom\u00e8. Mario detto &#8220;Mamo&#8221; viveva ad Agordo nella sua casa vicino all&#8217;ospedale. Prima della meritata pensione ha trascorso&hellip;<\/p>\n","protected":false},"author":1,"featured_media":120218,"comment_status":"closed","ping_status":"closed","sticky":false,"template":"","format":"standard","meta":{"_monsterinsights_skip_tracking":false,"_monsterinsights_sitenote_active":false,"_monsterinsights_sitenote_note":"","_monsterinsights_sitenote_category":0,"footnotes":""},"categories":[1,86],"tags":[],"class_list":["post-120101","post","type-post","status-publish","format-standard","has-post-thumbnail","hentry","category-senza-categoria","category-gr","category-1","category-86","description-off"],"img_url":"https:\/\/www.radiopiu.net\/wordpress\/wp-content\/uploads\/2020\/03\/c0476470-2227-439c-a5cb-4ad0af111598.jpg","_links":{"self":[{"href":"https:\/\/www.radiopiu.net\/wordpress\/wp-json\/wp\/v2\/posts\/120101","targetHints":{"allow":["GET"]}}],"collection":[{"href":"https:\/\/www.radiopiu.net\/wordpress\/wp-json\/wp\/v2\/posts"}],"about":[{"href":"https:\/\/www.radiopiu.net\/wordpress\/wp-json\/wp\/v2\/types\/post"}],"author":[{"embeddable":true,"href":"https:\/\/www.radiopiu.net\/wordpress\/wp-json\/wp\/v2\/users\/1"}],"replies":[{"embeddable":true,"href":"https:\/\/www.radiopiu.net\/wordpress\/wp-json\/wp\/v2\/comments?post=120101"}],"version-history":[{"count":0,"href":"https:\/\/www.radiopiu.net\/wordpress\/wp-json\/wp\/v2\/posts\/120101\/revisions"}],"wp:featuredmedia":[{"embeddable":true,"href":"https:\/\/www.radiopiu.net\/wordpress\/wp-json\/wp\/v2\/media\/120218"}],"wp:attachment":[{"href":"https:\/\/www.radiopiu.net\/wordpress\/wp-json\/wp\/v2\/media?parent=120101"}],"wp:term":[{"taxonomy":"category","embeddable":true,"href":"https:\/\/www.radiopiu.net\/wordpress\/wp-json\/wp\/v2\/categories?post=120101"},{"taxonomy":"post_tag","embeddable":true,"href":"https:\/\/www.radiopiu.net\/wordpress\/wp-json\/wp\/v2\/tags?post=120101"}],"curies":[{"name":"wp","href":"https:\/\/api.w.org\/{rel}","templated":true}]}}