{"id":120112,"date":"2020-03-04T04:19:25","date_gmt":"2020-03-04T03:19:25","guid":{"rendered":"https:\/\/www.radiopiu.net\/wordpress\/?p=120112"},"modified":"2020-03-04T05:46:47","modified_gmt":"2020-03-04T04:46:47","slug":"coronavirus","status":"publish","type":"post","link":"https:\/\/www.radiopiu.net\/wordpress\/coronavirus\/","title":{"rendered":"CORONAVIRUS, PRIMO RICOVERO PER SINTOMI, 4 I CONTAGIATI"},"content":{"rendered":"<p><strong>BELLUNO <\/strong>E&#8217; di Oggi alle 14 l&#8217;atteso bollettino di sorveglianza sanitaria COVID 19 dell&#8217;azienda Ulss1 Belluno Dolomiti. Sono 61 i pazienti in isolamento fiduciario a domicilio con sorveglianza attiva, 2 meno di ieri. C&#8217;\u00e8 il primo ricovero per sintomatologia sospetta da Coronavirus. Con riferimento ai tamponi eseguiti:\u00a0 5 in attesa di esito tutti delle ultime 24 ore uno in pi\u00f9 di ieri perch\u00e9 rifatto. Sono 54 i tamponi che hanno dato esito negativo, uno pi\u00f9 di ieri, cambia quindi il dato importante,\u00a0 5 tamponi infatti hanno dato esito positivo (uno pi\u00f9 di ieri poich\u00e9 un tampone \u00e8 stato ripetuto a distanza su un caso gi\u00e0 positivo) ma ancora nessuna conferma dall&#8217;Istituto Superiore di Sanit\u00e0.<\/p>\n<p>&nbsp;<\/p>\n<p>&nbsp;<\/p>\n<p><a class=\"dt-pswp-item\" href=\"https:\/\/www.radiopiu.net\/wordpress\/wp-content\/uploads\/2020\/03\/88273045_883301632129759_8812766862640152576_n.png\" data-dt-img-description=\"\" data-large_image_width=\"657\" data-large_image_height=\"925\"><img loading=\"lazy\" decoding=\"async\" class=\"alignnone wp-image-120113 size-full\" src=\"https:\/\/www.radiopiu.net\/wordpress\/wp-content\/uploads\/2020\/03\/88273045_883301632129759_8812766862640152576_n.png\" alt=\"\" width=\"657\" height=\"925\" srcset=\"https:\/\/www.radiopiu.net\/wordpress\/wp-content\/uploads\/2020\/03\/88273045_883301632129759_8812766862640152576_n.png 657w, https:\/\/www.radiopiu.net\/wordpress\/wp-content\/uploads\/2020\/03\/88273045_883301632129759_8812766862640152576_n-213x300.png 213w\" sizes=\"auto, (max-width: 657px) 100vw, 657px\" \/><\/a><\/p>\n","protected":false},"excerpt":{"rendered":"<p>BELLUNO E&#8217; di Oggi alle 14 l&#8217;atteso bollettino di sorveglianza sanitaria COVID 19 dell&#8217;azienda Ulss1 Belluno Dolomiti. Sono 61 i pazienti in isolamento fiduciario a domicilio con sorveglianza attiva, 2 meno di ieri. C&#8217;\u00e8 il primo ricovero per sintomatologia sospetta da Coronavirus. Con riferimento ai tamponi eseguiti:\u00a0 5 in attesa di esito tutti delle ultime&hellip;<\/p>\n","protected":false},"author":1,"featured_media":120113,"comment_status":"closed","ping_status":"closed","sticky":false,"template":"","format":"standard","meta":{"_monsterinsights_skip_tracking":false,"_monsterinsights_sitenote_active":false,"_monsterinsights_sitenote_note":"","_monsterinsights_sitenote_category":0,"footnotes":""},"categories":[51,49],"tags":[],"class_list":["post-120112","post","type-post","status-publish","format-standard","has-post-thumbnail","hentry","category-evidenza-top","category-news-18","category-51","category-49","description-off"],"img_url":"https:\/\/www.radiopiu.net\/wordpress\/wp-content\/uploads\/2020\/03\/88273045_883301632129759_8812766862640152576_n.png","_links":{"self":[{"href":"https:\/\/www.radiopiu.net\/wordpress\/wp-json\/wp\/v2\/posts\/120112","targetHints":{"allow":["GET"]}}],"collection":[{"href":"https:\/\/www.radiopiu.net\/wordpress\/wp-json\/wp\/v2\/posts"}],"about":[{"href":"https:\/\/www.radiopiu.net\/wordpress\/wp-json\/wp\/v2\/types\/post"}],"author":[{"embeddable":true,"href":"https:\/\/www.radiopiu.net\/wordpress\/wp-json\/wp\/v2\/users\/1"}],"replies":[{"embeddable":true,"href":"https:\/\/www.radiopiu.net\/wordpress\/wp-json\/wp\/v2\/comments?post=120112"}],"version-history":[{"count":0,"href":"https:\/\/www.radiopiu.net\/wordpress\/wp-json\/wp\/v2\/posts\/120112\/revisions"}],"wp:featuredmedia":[{"embeddable":true,"href":"https:\/\/www.radiopiu.net\/wordpress\/wp-json\/wp\/v2\/media\/120113"}],"wp:attachment":[{"href":"https:\/\/www.radiopiu.net\/wordpress\/wp-json\/wp\/v2\/media?parent=120112"}],"wp:term":[{"taxonomy":"category","embeddable":true,"href":"https:\/\/www.radiopiu.net\/wordpress\/wp-json\/wp\/v2\/categories?post=120112"},{"taxonomy":"post_tag","embeddable":true,"href":"https:\/\/www.radiopiu.net\/wordpress\/wp-json\/wp\/v2\/tags?post=120112"}],"curies":[{"name":"wp","href":"https:\/\/api.w.org\/{rel}","templated":true}]}}