{"id":120160,"date":"2020-03-03T23:59:44","date_gmt":"2020-03-03T22:59:44","guid":{"rendered":"https:\/\/www.radiopiu.net\/wordpress\/?p=120160"},"modified":"2020-03-03T18:26:57","modified_gmt":"2020-03-03T17:26:57","slug":"153-anni-fa-come-ieri-garibaldi-a-belluno-e-feltre-per-comizi-di-renato-bona","status":"publish","type":"post","link":"https:\/\/www.radiopiu.net\/wordpress\/153-anni-fa-come-ieri-garibaldi-a-belluno-e-feltre-per-comizi-di-renato-bona\/","title":{"rendered":"153 ANNI FA COME IERI, GARIBALDI A BELLUNO (E FELTRE) PER COMIZI di RENATO BONA"},"content":{"rendered":"<p><span class=\"_5yl5\"><strong>BELLUNO\u00a0<\/strong> Centocinquantatre anni fa, il 3 marzo del 1867, era di domenica, giunse a Belluno (lo ricorda il pregevole libro \u201cBelluno\u201d dello scomparso Piero Rossi, stampato dalla tipografia Piave nel dicembre 1977 per conto di Tarantola libraio editore) il generale Giuseppe Garibaldi. Ecco cosa scriveva Rossi: \u201cIl famoso condottiero, il cui mito era assai vivo, anche presso le classi popolari moderate, giunse a Belluno nel 1867, in occasione della campagna per le elezioni politiche (venne eletto deputato a Mantova). Per comprendere l\u2019esasperata nota anticlericale, non dimentichiamo che siamo a tre anni dall\u2019emanazione del \u2018sillabo\u2019 di Pio IX (in cui si fulmina l\u2019anatema contro chi affermi che \u2018il romano Pontefice pu\u00f2 e deve riconciliarsi e venire a composizione col progresso, col liberalismo e con la moderna civilt\u00e0\u201d) ed alla vigilia della sfortunata spedizione di Mentana, stroncata dal solito intervento straniero\u201d. Pubblicava quindi, Rossi, con la Tipografia Deliberali Belluno, un manifesto contenente \u201cParole dette dal generale Garibaldi ai bellunesi il giorno della sua venuta a Belluno, 3 marzo1867\u201d. Eccole: \u201cAvevo desiderio di vedervi e di porgervi un saluto. Sono veramente contento oggi di aver soddisfatto quel desiderio, di salutare questa forte popolazione delle Alpi. Voi siete certamente un baluardo dell\u2019Italia, i suoi guardiani: voglio dire guardiani delle Alpi ossia guardiani delle porte d\u2019Italia. L\u2019Italia conta su di voi. Sa essa di contare su forti figli e valorosi ed addestrati alle armi. I giovani che non lo sono ancora si addestrino; ben sapete quanto \u00e8 necessario per un popolo indipendente essere addestrati alle armi. Io sono oggi veramente fortunato di trovarmi fra voi! Quando vi dico forti figli delle Alpi, ve lo dico con un tantino d\u2019orgoglio, perch\u00e9 sono figlio delle Alpi anch\u2019io (vivi applausi). Veggo tra voi tanti valorosi volontari e certo sarete un d\u00ec tanti quanti il paese ne avr\u00e0 bisogno (s\u00ec, s\u00ec prolungati). Al fianco del nostro prode esercito faremo valere i diritti del nostro paese. Oggi finalmente siete raccolti nella grande famiglia da cui foste da tento tempo indebitamente staccati voi che ne siete la parte s\u00ec degna. (una voce: \u00e8 Roma?). Roma! S\u00ec andremo a Roma! Roma \u00e8 roba nostra (vive acclamazioni. Un\u2019altra voce: Ma i preti?). Dei preti ne discorreremo poi. Vi ripeto Roma \u00e8 roba nostra. Con uomini come voi la roba nostra ce la faremo restituire dai ladri che ce l\u2019hanno tenuta da tanto tempo (applausi). Circa i preti poi vi dovrete regolare mandando dei buoni deputati al parlamento i quali lasciando da parte gli interessi individuali propugnino interamente quelli nazionali. (una voce: ma i paolotti?), I paolotti? Il diavolo se li porter\u00e0 via (ilarit\u00e0). Dir\u00f2 a quei Signori che vogliono dare degli inutili milioni ai Monsignori e Cardinali che quei milioni li destinino alla povera gente che ha bisogno di pane. Chi vuole Monsignori e Cardinali che se li pigli, noi gli saremo molto grati. I milioni dell\u2019Italia fanno bisogno agli interessi del paese e non si devono dare a quella gente oziosa. Adunque al parlamento nazionale mandate uomini che vogliano gli interessi nostri e della nazione nostra. Con quelli si scioglieranno tutte le questioni dalle quali dipendono le sorti e l\u2019avvenire della nazione. Ve lo ripeto, sono fortunato di trovarmi con voi, e vi saluto\u201d. Va ricordato inoltre che l\u2019indomani dell\u2019incontro con i simpatizzanti bellunesi, Garibaldi si trasfer\u00ec a Feltre per un partecipato comizio in favore del candidato Filippo De Boni che peraltro non risult\u00f2 eletto. A corredo di questi scritti, Piero Rossi affiancava una fotografia dell\u2019\u201ceroe dei due mondi\u201dcon questa dicitura che comprendeva un fatto curioso: \u201cPiazza Vittorio Emanuele. Il Garibaldi dell\u2019insegna della farmacia Perale. Nei momenti pi\u00f9 tetri dell\u2019occupazione nazista, una notte mano ignota tracci\u00f2, sotto, la patetica invocazione: \u2018Bepi salta fora!\u2019, a riprova del significato che la leggenda del popolare Eroe ancora aveva tra gli umili e gli oppressi\u201d. Dal canto nostro riportiamo, in chiusura, il testo scritto nella lapide di Palazzo de Bertoldi, nella piazza del Duomo, che ricorda la visita fatta da Garibaldi a Belluno: \u201cGiuseppe Garibaldi\/ festeggiato dai bellunesi il d\u00ec 3 marzo 1867\/ nel sindaco Jacopo de Bertoldi\/ la citt\u00e0 onorando\/ questa casa ospit\u00f2\u201d. Non dimentichiamo, infine, che, poco lontano, su Palazzo Piloni, dal 1960, con una lapide \u201cLa Provincia di Belluno fra i mille di Giuseppe Garibaldi che il 5 maggio 1860, fidenti incontro alla vittoria salparono da Quarto ricorda con orgoglio e amore Castellaz Antonio da Gosaldo, Corona Marchi Marco da Forno di Zoldo, Curtolo Giovanni da Feltre, De Bon Giacomo da Feltre, De Col Giuseppe Francesco da Feltre, Miotti Giacomo da Feltre, Piva Luigi Isidoro da Gosaldo, Pezz\u00e8 Giovanni Battista da Alleghe, nel primo centenario dell\u2019impresa gloriosa a tener vivo nelle generazioni col ricordo di epiche gesta il culto della libert\u00e0\u201d. <\/span><\/p>\n\n\t\t\t<style type='text\/css'>\n\t\t\t\t#gallery-1 {\n\t\t\t\t\tmargin: auto;\n\t\t\t\t}\n\t\t\t\t#gallery-1 .gallery-item {\n\t\t\t\t\tfloat: left;\n\t\t\t\t\tmargin-top: 10px;\n\t\t\t\t\ttext-align: center;\n\t\t\t\t\twidth: 33%;\n\t\t\t\t}\n\t\t\t\t#gallery-1 img {\n\t\t\t\t\tborder: 2px solid #cfcfcf;\n\t\t\t\t}\n\t\t\t\t#gallery-1 .gallery-caption {\n\t\t\t\t\tmargin-left: 0;\n\t\t\t\t}\n\t\t\t\t\/* see gallery_shortcode() in wp-includes\/media.php *\/\n\t\t\t<\/style>\n\t\t<div id='gallery-1' class='dt-gallery-container gallery galleryid-120160 gallery-columns-3 gallery-size-thumbnail'><dl class='gallery-item'>\n\t\t\t\t<dt class='gallery-icon landscape'>\n\t\t\t\t\t<a class=\"rollover\" href='https:\/\/www.radiopiu.net\/wordpress\/120101-2\/88143745_208253597043878_5089618468613914624_n\/'><img loading=\"lazy\" decoding=\"async\" width=\"150\" height=\"150\" src=\"https:\/\/www.radiopiu.net\/wordpress\/wp-content\/uploads\/2020\/03\/88143745_208253597043878_5089618468613914624_n-150x150.jpg\" class=\"attachment-thumbnail size-thumbnail\" alt=\"\" \/><\/a>\n\t\t\t\t<\/dt><\/dl><dl class='gallery-item'>\n\t\t\t\t<dt class='gallery-icon portrait'>\n\t\t\t\t\t<a class=\"rollover\" href='https:\/\/www.radiopiu.net\/wordpress\/120101-2\/89122272_183853633052407_6078476251192885248_n\/'><img loading=\"lazy\" decoding=\"async\" width=\"150\" height=\"150\" src=\"https:\/\/www.radiopiu.net\/wordpress\/wp-content\/uploads\/2020\/03\/89122272_183853633052407_6078476251192885248_n-150x150.jpg\" class=\"attachment-thumbnail size-thumbnail\" alt=\"\" srcset=\"https:\/\/www.radiopiu.net\/wordpress\/wp-content\/uploads\/2020\/03\/89122272_183853633052407_6078476251192885248_n-150x150.jpg 150w, https:\/\/www.radiopiu.net\/wordpress\/wp-content\/uploads\/2020\/03\/89122272_183853633052407_6078476251192885248_n-298x300.jpg 298w, https:\/\/www.radiopiu.net\/wordpress\/wp-content\/uploads\/2020\/03\/89122272_183853633052407_6078476251192885248_n-768x774.jpg 768w, https:\/\/www.radiopiu.net\/wordpress\/wp-content\/uploads\/2020\/03\/89122272_183853633052407_6078476251192885248_n.jpg 952w\" sizes=\"auto, (max-width: 150px) 100vw, 150px\" \/><\/a>\n\t\t\t\t<\/dt><\/dl><dl class='gallery-item'>\n\t\t\t\t<dt class='gallery-icon landscape'>\n\t\t\t\t\t<a class=\"rollover\" href='https:\/\/www.radiopiu.net\/wordpress\/120101-2\/88153845_196980041529244_5843726421263908864_n\/'><img loading=\"lazy\" decoding=\"async\" width=\"150\" height=\"150\" src=\"https:\/\/www.radiopiu.net\/wordpress\/wp-content\/uploads\/2020\/03\/88153845_196980041529244_5843726421263908864_n-150x150.jpg\" class=\"attachment-thumbnail size-thumbnail\" alt=\"\" \/><\/a>\n\t\t\t\t<\/dt><\/dl><br style=\"clear: both\" \/><dl class='gallery-item'>\n\t\t\t\t<dt class='gallery-icon portrait'>\n\t\t\t\t\t<a class=\"rollover\" href='https:\/\/www.radiopiu.net\/wordpress\/120101-2\/89349945_643684809754974_1947626926952677376_n\/'><img loading=\"lazy\" decoding=\"async\" width=\"150\" height=\"150\" src=\"https:\/\/www.radiopiu.net\/wordpress\/wp-content\/uploads\/2020\/03\/89349945_643684809754974_1947626926952677376_n-150x150.jpg\" class=\"attachment-thumbnail size-thumbnail\" alt=\"\" \/><\/a>\n\t\t\t\t<\/dt><\/dl><dl class='gallery-item'>\n\t\t\t\t<dt class='gallery-icon landscape'>\n\t\t\t\t\t<a class=\"rollover\" href='https:\/\/www.radiopiu.net\/wordpress\/120101-2\/87474839_2797845020295443_6266883865034358784_n\/'><img loading=\"lazy\" decoding=\"async\" width=\"150\" height=\"150\" src=\"https:\/\/www.radiopiu.net\/wordpress\/wp-content\/uploads\/2020\/03\/87474839_2797845020295443_6266883865034358784_n-150x150.jpg\" class=\"attachment-thumbnail size-thumbnail\" alt=\"\" \/><\/a>\n\t\t\t\t<\/dt><\/dl><dl class='gallery-item'>\n\t\t\t\t<dt class='gallery-icon portrait'>\n\t\t\t\t\t<a class=\"rollover\" href='https:\/\/www.radiopiu.net\/wordpress\/120101-2\/88169057_196538281660936_8435353350307840000_n\/'><img loading=\"lazy\" decoding=\"async\" width=\"150\" height=\"150\" src=\"https:\/\/www.radiopiu.net\/wordpress\/wp-content\/uploads\/2020\/03\/88169057_196538281660936_8435353350307840000_n-150x150.jpg\" class=\"attachment-thumbnail size-thumbnail\" alt=\"\" \/><\/a>\n\t\t\t\t<\/dt><\/dl><br style=\"clear: both\" \/>\n\t\t\t<\/div>\n\n<p><span class=\"_5yl5\">NELLE FOTO (sito liberliber.it e Renato Bona): Garibaldi a Mentana dal libro \u201cMemorie\u201d di Ernesto Nathan; dipinto murale dell\u2019\u201deroe dei due mondi\u201d; l\u2019edificio della famiglia Perale con il volto di Giuseppe Garibaldi; Casa de Bertoldi in Piazza Duomo dove il nostro fu ospitato; la lapide che ricorda la storica visita; quella che a Palazzo Piloni rende omaggio ai \u201cgaribaldini\u201d bellunesi nel centenario della partenza dei Mille da Quarto.<\/span><\/p>\n","protected":false},"excerpt":{"rendered":"<p>BELLUNO\u00a0 Centocinquantatre anni fa, il 3 marzo del 1867, era di domenica, giunse a Belluno (lo ricorda il pregevole libro \u201cBelluno\u201d dello scomparso Piero Rossi, stampato dalla tipografia Piave nel dicembre 1977 per conto di Tarantola libraio editore) il generale Giuseppe Garibaldi. Ecco cosa scriveva Rossi: \u201cIl famoso condottiero, il cui mito era assai vivo,&hellip;<\/p>\n","protected":false},"author":1,"featured_media":120159,"comment_status":"closed","ping_status":"closed","sticky":false,"template":"","format":"standard","meta":{"_monsterinsights_skip_tracking":false,"_monsterinsights_sitenote_active":false,"_monsterinsights_sitenote_note":"","_monsterinsights_sitenote_category":0,"footnotes":""},"categories":[1],"tags":[],"class_list":["post-120160","post","type-post","status-publish","format-standard","has-post-thumbnail","hentry","category-senza-categoria","category-1","description-off"],"img_url":"https:\/\/www.radiopiu.net\/wordpress\/wp-content\/uploads\/2020\/03\/88153845_196980041529244_5843726421263908864_n.jpg","_links":{"self":[{"href":"https:\/\/www.radiopiu.net\/wordpress\/wp-json\/wp\/v2\/posts\/120160","targetHints":{"allow":["GET"]}}],"collection":[{"href":"https:\/\/www.radiopiu.net\/wordpress\/wp-json\/wp\/v2\/posts"}],"about":[{"href":"https:\/\/www.radiopiu.net\/wordpress\/wp-json\/wp\/v2\/types\/post"}],"author":[{"embeddable":true,"href":"https:\/\/www.radiopiu.net\/wordpress\/wp-json\/wp\/v2\/users\/1"}],"replies":[{"embeddable":true,"href":"https:\/\/www.radiopiu.net\/wordpress\/wp-json\/wp\/v2\/comments?post=120160"}],"version-history":[{"count":0,"href":"https:\/\/www.radiopiu.net\/wordpress\/wp-json\/wp\/v2\/posts\/120160\/revisions"}],"wp:featuredmedia":[{"embeddable":true,"href":"https:\/\/www.radiopiu.net\/wordpress\/wp-json\/wp\/v2\/media\/120159"}],"wp:attachment":[{"href":"https:\/\/www.radiopiu.net\/wordpress\/wp-json\/wp\/v2\/media?parent=120160"}],"wp:term":[{"taxonomy":"category","embeddable":true,"href":"https:\/\/www.radiopiu.net\/wordpress\/wp-json\/wp\/v2\/categories?post=120160"},{"taxonomy":"post_tag","embeddable":true,"href":"https:\/\/www.radiopiu.net\/wordpress\/wp-json\/wp\/v2\/tags?post=120160"}],"curies":[{"name":"wp","href":"https:\/\/api.w.org\/{rel}","templated":true}]}}