{"id":120169,"date":"2020-03-03T19:00:46","date_gmt":"2020-03-03T18:00:46","guid":{"rendered":"https:\/\/www.radiopiu.net\/wordpress\/?p=120169"},"modified":"2020-03-03T19:00:46","modified_gmt":"2020-03-03T18:00:46","slug":"ospedale-schiavonia-riapre-il-7-marzo-in-un-blocco-completamente-isolato-50-letti-dedicati","status":"publish","type":"post","link":"https:\/\/www.radiopiu.net\/wordpress\/ospedale-schiavonia-riapre-il-7-marzo-in-un-blocco-completamente-isolato-50-letti-dedicati\/","title":{"rendered":"OSPEDALE SCHIAVONIA RIAPRE IL 7 MARZO. IN UN BLOCCO COMPLETAMENTE ISOLATO 50 LETTI DEDICATI"},"content":{"rendered":"<p class=\"western\">\n<p class=\"western\"><strong><a class=\"dt-pswp-item\" href=\"https:\/\/www.radiopiu.net\/wordpress\/wp-content\/uploads\/2020\/03\/340-2020-Conf.-Sindaci-Ulss-6-Euganea-1.jpg\" data-dt-img-description=\"\" data-large_image_width=\"1032\" data-large_image_height=\"774\"><img loading=\"lazy\" decoding=\"async\" class=\"size-medium wp-image-120170 alignleft\" src=\"https:\/\/www.radiopiu.net\/wordpress\/wp-content\/uploads\/2020\/03\/340-2020-Conf.-Sindaci-Ulss-6-Euganea-1-300x225.jpg\" alt=\"\" width=\"300\" height=\"225\" srcset=\"https:\/\/www.radiopiu.net\/wordpress\/wp-content\/uploads\/2020\/03\/340-2020-Conf.-Sindaci-Ulss-6-Euganea-1-300x225.jpg 300w, https:\/\/www.radiopiu.net\/wordpress\/wp-content\/uploads\/2020\/03\/340-2020-Conf.-Sindaci-Ulss-6-Euganea-1-1024x768.jpg 1024w, https:\/\/www.radiopiu.net\/wordpress\/wp-content\/uploads\/2020\/03\/340-2020-Conf.-Sindaci-Ulss-6-Euganea-1-768x576.jpg 768w, https:\/\/www.radiopiu.net\/wordpress\/wp-content\/uploads\/2020\/03\/340-2020-Conf.-Sindaci-Ulss-6-Euganea-1.jpg 1032w\" sizes=\"auto, (max-width: 300px) 100vw, 300px\" \/><\/a>VENEZIA<\/strong>\u00a0 L\u2019Ospedale di Schiavonia, in provincia di Padova, chiuso all\u2019inizio dell\u2019emergenza coronavirus e progressivamente svuotato dei pazienti che vi si trovavano, riaprir\u00e0 i battenti a breve. La data pi\u00f9 probabile \u00e8 quella del 7 marzo. Lo ha annunciato questa sera l\u2019Assessore alla Sanit\u00e0 della Regione Veneto incontrando, a Padova, la Conferenza dei Sindaci dell\u2019Ulss 6 Euganea. \u201cL\u2019attivit\u00e0 \u2013 ha detto l\u2019Assessore \u2013 si riavvier\u00e0 progressivamente, fino a ritornare ai livelli operativi usali, con tutti i suoi servizi\u201d.\u201cA questi, nell\u2019ambito delle azioni che stiamo individuando con il Presidente della Regione per ampliare i posti letto per i casi di coronavirus in tutta la regione \u2013 ha detto ancora \u2013 si aggiunger\u00e0 un servizio prezioso e di vera e propria eccellenza per tutto il sistema sanitario nella lotta e cura al coronavirus\u201d.Si tratterebbe, come ha anticipato l\u2019Assessore, di adibire l&#8217;area della week day surgery a degenza per i pazienti affetti da Covid &#8211; 19 per un totale di 50 posti letto, che rimarr\u00e0 operativa per il periodo necessario a superare le problematiche legate al coronavirus.\u201cCi auguriamo tutti \u2013 ha detto l\u2019Assessore \u2013 che il tempo sia il pi\u00f9 breve possibile ma, ora come ora, non sarebbe serio fare previsioni. N\u00e9 si pu\u00f2 essere certi che questi letti, qui come in altri ospedali, serviranno davvero. Auspichiamo di no, ma \u00e8 un dovere verso tutta la popolazione veneta prepararsi adeguatamente anche allo scenario pi\u00f9 negativo\u201d.L\u2019area in questione \u00e8 collocata al primo piano del blocco C3 e pu\u00f2 essere raggiunta dall&#8217;esterno con accessi dedicati e completamente avulsi dal resto dell\u2019ospedale, cos\u00ec come in totale isolamento funzioner\u00e0 l\u2019intera struttura dedicata. Tale blocco \u00e8 dotato inoltre di impiantistica che funzionalmente pu\u00f2 essere separata dalle altre aree, rendendolo di fatto un tutt\u2019uno a s\u00e9 stante.\u201cNessun cittadino e nessun operatore sanitario, tranne quelli dedicati e i malati che verranno eventualmente ricoverati \u2013 ha concluso l\u2019Assessore \u2013 avr\u00e0 il bench\u00e8 minimo contatto con quest\u2019area di un ospedale che, quindi, riprender\u00e0 la sua attivit\u00e0 in totale sicurezza per operatori e utenti\u201d.<\/p>\n","protected":false},"excerpt":{"rendered":"<p>VENEZIA\u00a0 L\u2019Ospedale di Schiavonia, in provincia di Padova, chiuso all\u2019inizio dell\u2019emergenza coronavirus e progressivamente svuotato dei pazienti che vi si trovavano, riaprir\u00e0 i battenti a breve. La data pi\u00f9 probabile \u00e8 quella del 7 marzo. Lo ha annunciato questa sera l\u2019Assessore alla Sanit\u00e0 della Regione Veneto incontrando, a Padova, la Conferenza dei Sindaci dell\u2019Ulss 6&hellip;<\/p>\n","protected":false},"author":1,"featured_media":120171,"comment_status":"closed","ping_status":"closed","sticky":false,"template":"","format":"standard","meta":{"_monsterinsights_skip_tracking":false,"_monsterinsights_sitenote_active":false,"_monsterinsights_sitenote_note":"","_monsterinsights_sitenote_category":0,"footnotes":""},"categories":[51,49],"tags":[],"class_list":["post-120169","post","type-post","status-publish","format-standard","has-post-thumbnail","hentry","category-evidenza-top","category-news-18","category-51","category-49","description-off"],"img_url":"https:\/\/www.radiopiu.net\/wordpress\/wp-content\/uploads\/2020\/03\/340-2020-Conf.-Sindaci-Ulss-6-Euganea-2.jpg","_links":{"self":[{"href":"https:\/\/www.radiopiu.net\/wordpress\/wp-json\/wp\/v2\/posts\/120169","targetHints":{"allow":["GET"]}}],"collection":[{"href":"https:\/\/www.radiopiu.net\/wordpress\/wp-json\/wp\/v2\/posts"}],"about":[{"href":"https:\/\/www.radiopiu.net\/wordpress\/wp-json\/wp\/v2\/types\/post"}],"author":[{"embeddable":true,"href":"https:\/\/www.radiopiu.net\/wordpress\/wp-json\/wp\/v2\/users\/1"}],"replies":[{"embeddable":true,"href":"https:\/\/www.radiopiu.net\/wordpress\/wp-json\/wp\/v2\/comments?post=120169"}],"version-history":[{"count":0,"href":"https:\/\/www.radiopiu.net\/wordpress\/wp-json\/wp\/v2\/posts\/120169\/revisions"}],"wp:featuredmedia":[{"embeddable":true,"href":"https:\/\/www.radiopiu.net\/wordpress\/wp-json\/wp\/v2\/media\/120171"}],"wp:attachment":[{"href":"https:\/\/www.radiopiu.net\/wordpress\/wp-json\/wp\/v2\/media?parent=120169"}],"wp:term":[{"taxonomy":"category","embeddable":true,"href":"https:\/\/www.radiopiu.net\/wordpress\/wp-json\/wp\/v2\/categories?post=120169"},{"taxonomy":"post_tag","embeddable":true,"href":"https:\/\/www.radiopiu.net\/wordpress\/wp-json\/wp\/v2\/tags?post=120169"}],"curies":[{"name":"wp","href":"https:\/\/api.w.org\/{rel}","templated":true}]}}