{"id":120173,"date":"2020-03-03T19:24:19","date_gmt":"2020-03-03T18:24:19","guid":{"rendered":"https:\/\/www.radiopiu.net\/wordpress\/?p=120173"},"modified":"2020-03-03T19:24:19","modified_gmt":"2020-03-03T18:24:19","slug":"la-risposta-del-ministro-dinca-alle-contestazioni-di-gianpaolo-bottacin","status":"publish","type":"post","link":"https:\/\/www.radiopiu.net\/wordpress\/la-risposta-del-ministro-dinca-alle-contestazioni-di-gianpaolo-bottacin\/","title":{"rendered":"LA RISPOSTA DEL MINISTRO D&#8217;INCA&#8217; ALLE CONTESTAZIONI DI GIANPAOLO BOTTACIN"},"content":{"rendered":"<blockquote>\n<h3><b>Strade provinciali, D\u2019Inc\u00e0: \u201cLe risorse del Mit sono un incremento: il Governo ha aggiunto fondi per la sicurezza dei cittadini\u201d.<\/b><\/h3>\n<\/blockquote>\n<p><strong><img loading=\"lazy\" decoding=\"async\" class=\"alignleft\" src=\"https:\/\/www.radiopiu.net\/wordpress\/wp-content\/uploads\/2016\/03\/Federico-DInc%C3%A0-e1466659213762.jpg\" width=\"308\" height=\"231\" \/>ROMA<\/strong> \u201cIn merito allo stanziamento di 69 milioni di euro per gli interventi di manutenzione straordinaria delle strade provinciali messi a disposizione dal Ministero dei trasporti e delle infrastrutture al Veneto e, nello specifico, ai 5,9 milioni destinati alla provincia di Belluno, \u00e8 opportuno precisare che la somma complessiva va ad aggiungersi alle risorse gi\u00e0 stanziate nella legge di Bilancio del 2018. Il Governo, quindi, ha ritenuto opportuno aumentare le somme gi\u00e0 messe a disposizione due anni fa, investendo ulteriormente sul territorio\u201d.\u00a0 Lo afferma Federico D\u2019Inc\u00e0, ministro per i Rapporti con il Parlamento, in merito allo stanziamento del Mit per la viabilit\u00e0 veneta e rispondendo all\u2019assessore Bottacin che contestava i criteri utilizzati per la ripartizione.\u00a0 \u201cNello specifico \u2013 spiega D\u2019Inc\u00e0 -, i criteri assegnati sono stati concordati in Conferenza Stato-Citt\u00e0 e autonomie locali e riguardano la consistenza della rete viaria, il tasso di incidentalit\u00e0, la vulnerabilit\u00e0 rispetto a fenomeni di dissesto idrogeologico. Per il primo criterio, gi\u00e0 nel decreto del 2018 erano stati definiti degli specifici parametri con un coefficiente pi\u00f9 elevato per tre province montane nazionali, tra cui Belluno, rispetto alle altre. In ogni caso, in merito alle risorse previste negli anni dal 2025 al 2034, eventuali nuovi criteri di ripartizione saranno stabiliti nei successivi decreti. Sotto il profilo economico, invece, con il nuovo incremento previsto dal decreto del 27 febbraio 2020, la provincia di Belluno otterr\u00e0, fino al 2024, complessivamente 16 milioni di euro\u201d. D\u2019Inc\u00e0 ricorda come \u201cla volont\u00e0 sia quella di aumentare le risorse per la sicurezza stradale e non di ridurle: cos\u00ec \u00e8 avvenuto con questo ulteriore stanziamento e con una ripartizione per Province e Citt\u00e0 metropolitane, che, lo ripeto, \u00e8 stata concordata in Conferenza Stato-Citt\u00e0 e autonomie locali. In questo modo si potr\u00e0 intervenire per lavori importanti, utili a ridurre il tasso di incidentalit\u00e0 e rispondere alle esigenze dei cittadini\u201d.<\/p>\n<h3>OGGI NEL NOTIZIARIO DI RADIO PIU<\/h3>\n<blockquote>\n<h3>6 MILIONI DI EURO PER LE STRADE DI MONTAGNA? SOLO BRICIOLE<\/h3>\n<\/blockquote>\n<p><strong><a class=\"dt-pswp-item\" href=\"https:\/\/www.radiopiu.net\/wordpress\/wp-content\/uploads\/2020\/03\/48361469_10155985644317544_159694185509683200_o.jpg\" data-dt-img-description=\"\" data-large_image_width=\"177\" data-large_image_height=\"176\"><img loading=\"lazy\" decoding=\"async\" class=\" wp-image-119960 alignleft\" src=\"https:\/\/www.radiopiu.net\/wordpress\/wp-content\/uploads\/2020\/03\/48361469_10155985644317544_159694185509683200_o.jpg\" alt=\"\" width=\"118\" height=\"117\" srcset=\"https:\/\/www.radiopiu.net\/wordpress\/wp-content\/uploads\/2020\/03\/48361469_10155985644317544_159694185509683200_o.jpg 177w, https:\/\/www.radiopiu.net\/wordpress\/wp-content\/uploads\/2020\/03\/48361469_10155985644317544_159694185509683200_o-150x150.jpg 150w\" sizes=\"auto, (max-width: 118px) 100vw, 118px\" \/><\/a>BELLUNO &#8220;Specificit\u00e0 solo a parole, a Roma fanno ci\u00f2 che vogliono&#8221; dice l&#8217;assessore regionale Gianpaolo Bottacin in riferimento alla recente notizia in merito al denaro stanziato per la viabilit\u00e0 della montagna. Uno stanziamento da 60 milioni di euro &#8220;Per la provincia di Belluno solo briciole&#8221; insiste Bottacin<\/strong><\/p>\n<p>AUDIO<\/p>\n<audio class=\"wp-audio-shortcode\" id=\"audio-120173-1\" preload=\"none\" style=\"width: 100%;\" controls=\"controls\"><source type=\"audio\/mpeg\" src=\"https:\/\/www.radiopiu.net\/wordpress\/wp-content\/uploads\/2020\/03\/bottacin.mp3?_=1\" \/><a href=\"https:\/\/www.radiopiu.net\/wordpress\/wp-content\/uploads\/2020\/03\/bottacin.mp3\">https:\/\/www.radiopiu.net\/wordpress\/wp-content\/uploads\/2020\/03\/bottacin.mp3<\/a><\/audio>\n<p>&nbsp;<\/p>\n<p>&nbsp;<\/p>\n","protected":false},"excerpt":{"rendered":"<p>Strade provinciali, D\u2019Inc\u00e0: \u201cLe risorse del Mit sono un incremento: il Governo ha aggiunto fondi per la sicurezza dei cittadini\u201d. ROMA \u201cIn merito allo stanziamento di 69 milioni di euro per gli interventi di manutenzione straordinaria delle strade provinciali messi a disposizione dal Ministero dei trasporti e delle infrastrutture al Veneto e, nello specifico, ai&hellip;<\/p>\n","protected":false},"author":1,"featured_media":0,"comment_status":"closed","ping_status":"closed","sticky":false,"template":"","format":"standard","meta":{"_monsterinsights_skip_tracking":false,"_monsterinsights_sitenote_active":false,"_monsterinsights_sitenote_note":"","_monsterinsights_sitenote_category":0,"footnotes":""},"categories":[49],"tags":[],"class_list":["post-120173","post","type-post","status-publish","format-standard","hentry","category-news-18","category-49","description-off"],"img_url":false,"_links":{"self":[{"href":"https:\/\/www.radiopiu.net\/wordpress\/wp-json\/wp\/v2\/posts\/120173","targetHints":{"allow":["GET"]}}],"collection":[{"href":"https:\/\/www.radiopiu.net\/wordpress\/wp-json\/wp\/v2\/posts"}],"about":[{"href":"https:\/\/www.radiopiu.net\/wordpress\/wp-json\/wp\/v2\/types\/post"}],"author":[{"embeddable":true,"href":"https:\/\/www.radiopiu.net\/wordpress\/wp-json\/wp\/v2\/users\/1"}],"replies":[{"embeddable":true,"href":"https:\/\/www.radiopiu.net\/wordpress\/wp-json\/wp\/v2\/comments?post=120173"}],"version-history":[{"count":0,"href":"https:\/\/www.radiopiu.net\/wordpress\/wp-json\/wp\/v2\/posts\/120173\/revisions"}],"wp:attachment":[{"href":"https:\/\/www.radiopiu.net\/wordpress\/wp-json\/wp\/v2\/media?parent=120173"}],"wp:term":[{"taxonomy":"category","embeddable":true,"href":"https:\/\/www.radiopiu.net\/wordpress\/wp-json\/wp\/v2\/categories?post=120173"},{"taxonomy":"post_tag","embeddable":true,"href":"https:\/\/www.radiopiu.net\/wordpress\/wp-json\/wp\/v2\/tags?post=120173"}],"curies":[{"name":"wp","href":"https:\/\/api.w.org\/{rel}","templated":true}]}}