{"id":120243,"date":"2020-03-04T11:10:10","date_gmt":"2020-03-04T10:10:10","guid":{"rendered":"https:\/\/www.radiopiu.net\/wordpress\/?p=120243"},"modified":"2020-03-13T13:26:02","modified_gmt":"2020-03-13T12:26:02","slug":"luxottica-e","status":"publish","type":"post","link":"https:\/\/www.radiopiu.net\/wordpress\/luxottica-e\/","title":{"rendered":"LUXOTTICA &#8211;  CORONAVIRUS, GLI UFFICI PERSONALE HANNO PARLATO AI LAVORATORI"},"content":{"rendered":"<p>&nbsp;<\/p>\n<blockquote>\n<h3><\/h3>\n<\/blockquote>\n<p><strong><a class=\"dt-pswp-item\" href=\"https:\/\/www.radiopiu.net\/wordpress\/wp-content\/uploads\/2020\/01\/NUOVA-INSEGNA-LUXOTTICA-scaled.jpg\" data-dt-img-description=\"\" data-large_image_width=\"2560\" data-large_image_height=\"1920\"><img loading=\"lazy\" decoding=\"async\" class=\"wp-image-113444 alignleft\" src=\"https:\/\/www.radiopiu.net\/wordpress\/wp-content\/uploads\/2020\/01\/NUOVA-INSEGNA-LUXOTTICA-300x225.jpg\" alt=\"\" width=\"143\" height=\"107\" srcset=\"https:\/\/www.radiopiu.net\/wordpress\/wp-content\/uploads\/2020\/01\/NUOVA-INSEGNA-LUXOTTICA-300x225.jpg 300w, https:\/\/www.radiopiu.net\/wordpress\/wp-content\/uploads\/2020\/01\/NUOVA-INSEGNA-LUXOTTICA-1024x768.jpg 1024w, https:\/\/www.radiopiu.net\/wordpress\/wp-content\/uploads\/2020\/01\/NUOVA-INSEGNA-LUXOTTICA-768x576.jpg 768w, https:\/\/www.radiopiu.net\/wordpress\/wp-content\/uploads\/2020\/01\/NUOVA-INSEGNA-LUXOTTICA-1536x1152.jpg 1536w, https:\/\/www.radiopiu.net\/wordpress\/wp-content\/uploads\/2020\/01\/NUOVA-INSEGNA-LUXOTTICA-2048x1536.jpg 2048w\" sizes=\"auto, (max-width: 143px) 100vw, 143px\" \/><\/a>AGORDO<\/strong> Riunione stamane in localit\u00e0 Valcozzena ad Agordo, come due giorni fa a Cencenighe.\u00a0 Ha parlato l\u2019ufficio personale rassicurando le maestranze che non ci sono casi nello stabilimento di Agordo. Luxottica sta seguendo alla lettera le disposizioni del governo in quanto a sicurezza e igiene. A partire da oggi novit\u00e0 in mensa. L\u2019azienda ha suddiviso gli spazi in settori per i vari reparti. Previsti gli scaglionamenti per evitare contatti tra le varie aree. Ci sar\u00e0 un orario unico per la mensa per ogni reparto. Da oggi chiuse le aree break comuni, cio\u00e8 quelle situate negli atri fuori dal reparto. Il caff\u00e8 si beve solo ed esclusivamente alle macchinette della propria area lavorativa. Turnisti e lavoratori a giornata mangeranno assieme. Turnisti 30 minuti di pausa e giornalieri 1 ora<\/p>\n<p>&nbsp;<\/p>\n","protected":false},"excerpt":{"rendered":"<p>&nbsp; AGORDO Riunione stamane in localit\u00e0 Valcozzena ad Agordo, come due giorni fa a Cencenighe.\u00a0 Ha parlato l\u2019ufficio personale rassicurando le maestranze che non ci sono casi nello stabilimento di Agordo. Luxottica sta seguendo alla lettera le disposizioni del governo in quanto a sicurezza e igiene. A partire da oggi novit\u00e0 in mensa. L\u2019azienda ha&hellip;<\/p>\n","protected":false},"author":1,"featured_media":113443,"comment_status":"closed","ping_status":"closed","sticky":false,"template":"","format":"standard","meta":{"_monsterinsights_skip_tracking":false,"_monsterinsights_sitenote_active":false,"_monsterinsights_sitenote_note":"","_monsterinsights_sitenote_category":0,"footnotes":""},"categories":[51,104,49],"tags":[],"class_list":["post-120243","post","type-post","status-publish","format-standard","has-post-thumbnail","hentry","category-evidenza-top","category-evidenza_3","category-news-18","category-51","category-104","category-49","description-off"],"img_url":"https:\/\/www.radiopiu.net\/wordpress\/wp-content\/uploads\/2020\/01\/LAVORI-INSEGNA-LUXOTTICA-scaled.jpg","_links":{"self":[{"href":"https:\/\/www.radiopiu.net\/wordpress\/wp-json\/wp\/v2\/posts\/120243","targetHints":{"allow":["GET"]}}],"collection":[{"href":"https:\/\/www.radiopiu.net\/wordpress\/wp-json\/wp\/v2\/posts"}],"about":[{"href":"https:\/\/www.radiopiu.net\/wordpress\/wp-json\/wp\/v2\/types\/post"}],"author":[{"embeddable":true,"href":"https:\/\/www.radiopiu.net\/wordpress\/wp-json\/wp\/v2\/users\/1"}],"replies":[{"embeddable":true,"href":"https:\/\/www.radiopiu.net\/wordpress\/wp-json\/wp\/v2\/comments?post=120243"}],"version-history":[{"count":0,"href":"https:\/\/www.radiopiu.net\/wordpress\/wp-json\/wp\/v2\/posts\/120243\/revisions"}],"wp:featuredmedia":[{"embeddable":true,"href":"https:\/\/www.radiopiu.net\/wordpress\/wp-json\/wp\/v2\/media\/113443"}],"wp:attachment":[{"href":"https:\/\/www.radiopiu.net\/wordpress\/wp-json\/wp\/v2\/media?parent=120243"}],"wp:term":[{"taxonomy":"category","embeddable":true,"href":"https:\/\/www.radiopiu.net\/wordpress\/wp-json\/wp\/v2\/categories?post=120243"},{"taxonomy":"post_tag","embeddable":true,"href":"https:\/\/www.radiopiu.net\/wordpress\/wp-json\/wp\/v2\/tags?post=120243"}],"curies":[{"name":"wp","href":"https:\/\/api.w.org\/{rel}","templated":true}]}}